{"id":18541,"date":"2023-01-19T10:16:51","date_gmt":"2023-01-19T09:16:51","guid":{"rendered":"https:\/\/www.organisator.ch\/?p=18541"},"modified":"2023-01-19T10:16:51","modified_gmt":"2023-01-19T09:16:51","slug":"normalisierung-des-arbeitsmarkts-schonfrist-fuer-ue50-vorbei","status":"publish","type":"post","link":"https:\/\/www.organisator.ch\/en\/human-resources\/2023-01-19\/normalisierung-des-arbeitsmarkts-schonfrist-fuer-ue50-vorbei\/","title":{"rendered":"Normalization of the labor market - grace period for over 50s over?"},"content":{"rendered":"<figure id=\"attachment_18542\" aria-describedby=\"caption-attachment-18542\" style=\"width: 680px\" class=\"wp-caption alignnone\"><img loading=\"lazy\" decoding=\"async\" class=\"size-full wp-image-18542\" src=\"https:\/\/www.organisator.ch\/wp-content\/uploads\/2023\/01\/Normalisierung-des-Arbeitsmarkts-Schonfrist-fuer-Ue50-vorbei-1_Organisator.jpg\" alt=\"\" width=\"680\" height=\"454\" srcset=\"https:\/\/www.organisator.ch\/wp-content\/uploads\/2023\/01\/Normalisierung-des-Arbeitsmarkts-Schonfrist-fuer-Ue50-vorbei-1_Organisator.jpg 680w, https:\/\/www.organisator.ch\/wp-content\/uploads\/2023\/01\/Normalisierung-des-Arbeitsmarkts-Schonfrist-fuer-Ue50-vorbei-1_Organisator-18x12.jpg 18w, https:\/\/www.organisator.ch\/wp-content\/uploads\/2023\/01\/Normalisierung-des-Arbeitsmarkts-Schonfrist-fuer-Ue50-vorbei-1_Organisator-375x250.jpg 375w, https:\/\/www.organisator.ch\/wp-content\/uploads\/2023\/01\/Normalisierung-des-Arbeitsmarkts-Schonfrist-fuer-Ue50-vorbei-1_Organisator-524x350.jpg 524w\" sizes=\"auto, (max-width: 680px) 100vw, 680px\" \/><figcaption id=\"caption-attachment-18542\" class=\"wp-caption-text\">The labor market seems to be normalizing - over-50s no longer enjoy moral protection during waves of layoffs. (Image: lisafx \/ Depositphotos.com)<\/figcaption><\/figure>\n<p>Von Rundstedt's Labor Market Barometer 2023 covers the whole of Switzerland and is based on information from 1,866 employees affected by a dismissal and from 192 companies from various sectors that had to make redundancies in Switzerland in 2022. It thus provides a representative picture of the Swiss labor market as a whole in 2022, from which a number of interesting findings can be derived.<\/p>\n<h3>Economic and labor market slowdown imminent<\/h3>\n<p>\"Since mid-2022, more layoffs have been announced again and first downsizing projects and restructurings have been announced. There will be more layoffs again in the near future,\" says Pascal Scheiwiller, CEO of Von Rundstedt. After significantly fewer layoffs were announced in 2021 and the first half of 2022, an increase in layoffs has been noticeable again since mid-2022. Given the large number of vacancies, this is not as significant. On the other hand, there is again more fluctuation and the conditions on the labor market seem to be slowly returning to normal, according to the outplacement specialist. Reference is also made to the observation that at the end of 2022, more downsizing and restructuring projects had again been announced. In total, 76% of the terminations in 2022 would have taken place against the background of a downsizing or restructuring measure. This compares with only 67% in the previous year. This indicates that companies are again making more structural adjustments and are not only looking for new staff, but are also releasing staff and adjusting the organization at the same time. This does not yet point to a recession, but to a kind of normalization of the labor market.<\/p>\n<figure id=\"attachment_18543\" aria-describedby=\"caption-attachment-18543\" style=\"width: 680px\" class=\"wp-caption alignnone\"><img loading=\"lazy\" decoding=\"async\" class=\"size-full wp-image-18543\" src=\"https:\/\/www.organisator.ch\/wp-content\/uploads\/2023\/01\/Normalisierung-des-Arbeitsmarkts-Schonfrist-fuer-Ue50-vorbei-2_Organisator.jpg\" alt=\"\" width=\"680\" height=\"290\" srcset=\"https:\/\/www.organisator.ch\/wp-content\/uploads\/2023\/01\/Normalisierung-des-Arbeitsmarkts-Schonfrist-fuer-Ue50-vorbei-2_Organisator.jpg 680w, https:\/\/www.organisator.ch\/wp-content\/uploads\/2023\/01\/Normalisierung-des-Arbeitsmarkts-Schonfrist-fuer-Ue50-vorbei-2_Organisator-18x8.jpg 18w, https:\/\/www.organisator.ch\/wp-content\/uploads\/2023\/01\/Normalisierung-des-Arbeitsmarkts-Schonfrist-fuer-Ue50-vorbei-2_Organisator-375x160.jpg 375w\" sizes=\"auto, (max-width: 680px) 100vw, 680px\" \/><figcaption id=\"caption-attachment-18543\" class=\"wp-caption-text\">Information on the terminating companies. (Graphic: Von Rundstedt)<\/figcaption><\/figure>\n<h3>No more moral protection for \u00dc50<\/h3>\n<p>It seems that before the current labor market situation, the \"grace period\" for older employees has expired. Pascal Schweiller: \"Currently, the dismissal rate for the over-50s is significantly higher than for the other age groups. The many vacancies apparently legitimize companies to increasingly dismiss older employees without activating special protective measures.\" The figures prove: in 2022, 39% of the terminations affected the \u00dc50 age group. This rate is significantly higher than the previous year (31%) and the \u00dc50 employment rate of 32%. In recent years, it has mostly been close to the employment rate (30-32%). So in 2022, relatively speaking, many more \u00dc50 have been laid off. Apparently, the good market environment for job seekers and the many vacancies mean that employers are no longer very worried about those affected, nor are they afraid of negative press and reputational damage in the event of \u00dc50 terminations.<\/p>\n<h3>More difficult profiles also find a new job more quickly again<\/h3>\n<p>But still, the situation for job seekers cannot be described as dramatic. \"The duration of the job search has decreased once again. Especially for people over 50 and for difficult profiles, the search duration has significantly shortened,\" says Pascal Scheiwiller. The average job search duration across all categories was 5.2 months in 2022, down from 5.3 months in 2021. However, the situation has improved significantly, especially in the over-50 category. Within two years, it has fallen from 8.3 months (2020) to 6.9 months (2021) and now 6.1 months (2022) - a positive development. In general, the range between supposedly easy and difficult profiles has become smaller. In 2020, the average search duration for difficult profiles was still 11.8 months. In 2021, the search duration of this category has already been reduced to 9.2 months and in 2022 to 7.3 months. Thus, according to von Rundstedt, all categories are currently benefiting from the shortage of skilled workers and are finding a new job much faster.<\/p>\n<h3>Good opportunities with publicly advertised positions<\/h3>\n<p>In recent years, the hidden job market and personal networks have long been the secret recipe for success in getting the really exciting jobs. This has become somewhat relative over the past year, according to another of Von Rundstedt's findings. In 2022, only 27% of job seekers found their jobs through the personal network (2021: 37%). Most new jobs in 2022 were found through public job postings (48%). This success rate is significantly higher than the previous year (34%). This is due to the fact that more and more jobs are also advertised publicly. The selection of advertised jobs is currently very large. Recruiters and headhunters are becoming relatively less important. They can look back on two good business years due to the recruitment wave of the last two years. Nevertheless, their relative importance is declining. In 2022, only 3% of job seekers found their new job through a recruiter. This is a large decrease compared to previous years (2021: 9%).<\/p>\n<h3>Continued high industry mobility<\/h3>\n<p>Another finding is that although many companies still stick to industry experience in recruiting, the willingness to hire candidates from outside the industry has increased sharply over the past two years. In 2022, 48% of job seekers were able to make a successful industry switch. This is a testament to the increasing flexibility of employers and once again highlights the pressures of the skills shortage. Much less mobility is observed in the function of a job seeker. In 2022, only 24% of candidates were able to change function. Especially with regard to the Digital Transformation and the upcoming structural changes, a higher functional mobility would be desirable. If at all possible, companies only hire candidates who already have experience in the same function.<\/p>\n<h3>Salary development stable and positive<\/h3>\n<p>\"Thanks to the shortage of skilled workers and inflation, salaries are tending to rise. Nevertheless, the development seems quite stable compared to other countries,\" says Pascal Scheiwiller about the development of wages. In 2022, 40% of job seekers would have been able to achieve a higher salary in their new position after being laid off, the analysis of the data shows. Only 21% had to accept a lower salary. Indexed, this results in an average salary increase of 2% in this category. Thus, the development is in line with inflation and can be considered stable. It should be noted that companies are happy to wave good salaries in the case of critical profiles and direct poaching. The salary development for this category is 13%. This confirms the thesis that the shortage of skilled workers in specific areas is clearly boosting salary development.<\/p>\n<p><em>Source: <a href=\"http:\/\/www.rundstedt.ch\">Von Rundstedt<\/a><\/em><\/p>","protected":false},"excerpt":{"rendered":"<p>Der Arbeitsmarkt-Barometer 2023 von Von Rundstedt bezieht sich auf die gesamte Schweiz und basiert auf den Informationen von 1\u2019866 von einer K\u00fcndigung betroffenen Mitarbeitern und von 192 Unternehmen aus verschiedenen Branchen, welche 2022 in der Schweiz K\u00fcndigungen aussprechen mussten. Er ergibt somit ein repr\u00e4sentatives Abbild des gesamtschweizerischen Arbeitsmarktes 2022. Daraus ableiten lassen sich einige interessante [&hellip;]<\/p>\n","protected":false},"author":4,"featured_media":18542,"comment_status":"closed","ping_status":"closed","sticky":false,"template":"","format":"standard","meta":{"_acf_changed":false,"_yoast_wpseo_focuskw":"Normalisierung","_yoast_wpseo_metadesc":"Das Outplacement-Unternehmen von Rundstedt hat Arbeitsmarktdaten von 2022 ausgewertet: Eine Normalisierung des Arbeitsmarkts ist in Sicht.","articlekey":"","footnotes":""},"categories":[579],"tags":[47,310,3591],"class_list":["post-18541","post","type-post","status-publish","format-standard","has-post-thumbnail","hentry","category-human-resources","tag-arbeitsmarkt","tag-konjunktur","tag-ue50"],"acf":[],"yoast_head":"<!-- This site is optimized with the Yoast SEO plugin v27.4 - https:\/\/yoast.com\/product\/yoast-seo-wordpress\/ -->\n<title>Normalisierung des Arbeitsmarkts - Schonfrist f\u00fcr \u00dc50 vorbei? - Organisator<\/title>\n<meta name=\"description\" content=\"Das Outplacement-Unternehmen von Rundstedt hat Arbeitsmarktdaten von 2022 ausgewertet: Eine Normalisierung des Arbeitsmarkts ist in Sicht.\" \/>\n<meta name=\"robots\" content=\"index, follow, max-snippet:-1, max-image-preview:large, max-video-preview:-1\" \/>\n<link rel=\"canonical\" href=\"https:\/\/www.organisator.ch\/en\/human-resources\/2023-01-19\/normalisierung-des-arbeitsmarkts-schonfrist-fuer-ue50-vorbei\/\" \/>\n<meta property=\"og:locale\" content=\"en_US\" \/>\n<meta property=\"og:type\" content=\"article\" \/>\n<meta property=\"og:title\" content=\"Normalisierung des Arbeitsmarkts - Schonfrist f\u00fcr \u00dc50 vorbei?\" \/>\n<meta property=\"og:description\" content=\"Das Outplacement-Unternehmen von Rundstedt hat Arbeitsmarktdaten von 2022 ausgewertet: Eine Normalisierung des Arbeitsmarkts ist in Sicht.\" \/>\n<meta property=\"og:url\" content=\"https:\/\/www.organisator.ch\/en\/human-resources\/2023-01-19\/normalisierung-des-arbeitsmarkts-schonfrist-fuer-ue50-vorbei\/\" \/>\n<meta property=\"og:site_name\" content=\"Organisator\" \/>\n<meta property=\"article:publisher\" content=\"https:\/\/www.facebook.com\/OrganisatorFachmagazin\" \/>\n<meta property=\"article:published_time\" content=\"2023-01-19T09:16:51+00:00\" \/>\n<meta property=\"og:image\" content=\"https:\/\/www.organisator.ch\/wp-content\/uploads\/2023\/01\/Normalisierung-des-Arbeitsmarkts-Schonfrist-fuer-Ue50-vorbei-1_Organisator.jpg\" \/>\n\t<meta property=\"og:image:width\" content=\"680\" \/>\n\t<meta property=\"og:image:height\" content=\"454\" \/>\n\t<meta property=\"og:image:type\" content=\"image\/jpeg\" \/>\n<meta name=\"author\" content=\"thomas.berner\" \/>\n<meta name=\"twitter:card\" content=\"summary_large_image\" \/>\n<meta name=\"twitter:title\" content=\"#Normalisierung des #Arbeitsmarkts - Schonfrist f\u00fcr #\u00dc50 vorbei?\" \/>\n<meta name=\"twitter:description\" content=\"Das #Outplacement-Unternehmen von Rundstedt hat #Arbeitsmarktdaten von 2022 ausgewertet: Eine #Normalisierung des Arbeitsmarkts ist in Sicht.\" \/>\n<meta name=\"twitter:image\" content=\"https:\/\/www.organisator.ch\/wp-content\/uploads\/2023\/01\/Normalisierung-des-Arbeitsmarkts-Schonfrist-fuer-Ue50-vorbei-1_Organisator.jpg\" \/>\n<script type=\"application\/ld+json\" class=\"yoast-schema-graph\">{\"@context\":\"https:\\\/\\\/schema.org\",\"@graph\":[{\"@type\":\"Article\",\"@id\":\"https:\\\/\\\/www.organisator.ch\\\/human-resources\\\/2023-01-19\\\/normalisierung-des-arbeitsmarkts-schonfrist-fuer-ue50-vorbei\\\/#article\",\"isPartOf\":{\"@id\":\"https:\\\/\\\/www.organisator.ch\\\/human-resources\\\/2023-01-19\\\/normalisierung-des-arbeitsmarkts-schonfrist-fuer-ue50-vorbei\\\/\"},\"author\":{\"name\":\"thomas.berner\",\"@id\":\"https:\\\/\\\/www.organisator.ch\\\/#\\\/schema\\\/person\\\/6f650f90b2842cd4c0cc334b4e36f67e\"},\"headline\":\"Normalisierung des Arbeitsmarkts &#8211; Schonfrist f\u00fcr \u00dc50 vorbei?\",\"datePublished\":\"2023-01-19T09:16:51+00:00\",\"mainEntityOfPage\":{\"@id\":\"https:\\\/\\\/www.organisator.ch\\\/human-resources\\\/2023-01-19\\\/normalisierung-des-arbeitsmarkts-schonfrist-fuer-ue50-vorbei\\\/\"},\"wordCount\":994,\"publisher\":{\"@id\":\"https:\\\/\\\/www.organisator.ch\\\/#organization\"},\"image\":{\"@id\":\"https:\\\/\\\/www.organisator.ch\\\/human-resources\\\/2023-01-19\\\/normalisierung-des-arbeitsmarkts-schonfrist-fuer-ue50-vorbei\\\/#primaryimage\"},\"thumbnailUrl\":\"https:\\\/\\\/www.organisator.ch\\\/wp-content\\\/uploads\\\/2023\\\/01\\\/Normalisierung-des-Arbeitsmarkts-Schonfrist-fuer-Ue50-vorbei-1_Organisator.jpg\",\"keywords\":[\"Arbeitsmarkt\",\"Konjunktur\",\"\u00dc50\"],\"articleSection\":[\"HUMAN RESOURCES\"],\"inLanguage\":\"en-US\"},{\"@type\":\"WebPage\",\"@id\":\"https:\\\/\\\/www.organisator.ch\\\/human-resources\\\/2023-01-19\\\/normalisierung-des-arbeitsmarkts-schonfrist-fuer-ue50-vorbei\\\/\",\"url\":\"https:\\\/\\\/www.organisator.ch\\\/human-resources\\\/2023-01-19\\\/normalisierung-des-arbeitsmarkts-schonfrist-fuer-ue50-vorbei\\\/\",\"name\":\"Normalisierung des Arbeitsmarkts - Schonfrist f\u00fcr \u00dc50 vorbei? - Organisator\",\"isPartOf\":{\"@id\":\"https:\\\/\\\/www.organisator.ch\\\/#website\"},\"primaryImageOfPage\":{\"@id\":\"https:\\\/\\\/www.organisator.ch\\\/human-resources\\\/2023-01-19\\\/normalisierung-des-arbeitsmarkts-schonfrist-fuer-ue50-vorbei\\\/#primaryimage\"},\"image\":{\"@id\":\"https:\\\/\\\/www.organisator.ch\\\/human-resources\\\/2023-01-19\\\/normalisierung-des-arbeitsmarkts-schonfrist-fuer-ue50-vorbei\\\/#primaryimage\"},\"thumbnailUrl\":\"https:\\\/\\\/www.organisator.ch\\\/wp-content\\\/uploads\\\/2023\\\/01\\\/Normalisierung-des-Arbeitsmarkts-Schonfrist-fuer-Ue50-vorbei-1_Organisator.jpg\",\"datePublished\":\"2023-01-19T09:16:51+00:00\",\"description\":\"Das Outplacement-Unternehmen von Rundstedt hat Arbeitsmarktdaten von 2022 ausgewertet: Eine Normalisierung des Arbeitsmarkts ist in Sicht.\",\"breadcrumb\":{\"@id\":\"https:\\\/\\\/www.organisator.ch\\\/human-resources\\\/2023-01-19\\\/normalisierung-des-arbeitsmarkts-schonfrist-fuer-ue50-vorbei\\\/#breadcrumb\"},\"inLanguage\":\"en-US\",\"potentialAction\":[{\"@type\":\"ReadAction\",\"target\":[\"https:\\\/\\\/www.organisator.ch\\\/human-resources\\\/2023-01-19\\\/normalisierung-des-arbeitsmarkts-schonfrist-fuer-ue50-vorbei\\\/\"]}]},{\"@type\":\"ImageObject\",\"inLanguage\":\"en-US\",\"@id\":\"https:\\\/\\\/www.organisator.ch\\\/human-resources\\\/2023-01-19\\\/normalisierung-des-arbeitsmarkts-schonfrist-fuer-ue50-vorbei\\\/#primaryimage\",\"url\":\"https:\\\/\\\/www.organisator.ch\\\/wp-content\\\/uploads\\\/2023\\\/01\\\/Normalisierung-des-Arbeitsmarkts-Schonfrist-fuer-Ue50-vorbei-1_Organisator.jpg\",\"contentUrl\":\"https:\\\/\\\/www.organisator.ch\\\/wp-content\\\/uploads\\\/2023\\\/01\\\/Normalisierung-des-Arbeitsmarkts-Schonfrist-fuer-Ue50-vorbei-1_Organisator.jpg\",\"width\":680,\"height\":454,\"caption\":\"Der Arbeitsmarkt scheint sich zu normalisieren - \u00fcber 50-J\u00e4hrige m\u00fcssen wohl wieder mit l\u00e4ngeren Arbeitssuchen rechnen. (Bild: lisafx \\\/ Depositphotos.com)\"},{\"@type\":\"BreadcrumbList\",\"@id\":\"https:\\\/\\\/www.organisator.ch\\\/human-resources\\\/2023-01-19\\\/normalisierung-des-arbeitsmarkts-schonfrist-fuer-ue50-vorbei\\\/#breadcrumb\",\"itemListElement\":[{\"@type\":\"ListItem\",\"position\":1,\"name\":\"Home\",\"item\":\"https:\\\/\\\/www.organisator.ch\\\/\"},{\"@type\":\"ListItem\",\"position\":2,\"name\":\"Normalisierung des Arbeitsmarkts &#8211; Schonfrist f\u00fcr \u00dc50 vorbei?\"}]},{\"@type\":\"WebSite\",\"@id\":\"https:\\\/\\\/www.organisator.ch\\\/#website\",\"url\":\"https:\\\/\\\/www.organisator.ch\\\/\",\"name\":\"Organisator\",\"description\":\"Kompetent. Praxisnah. Der ORGANISATOR bereitet in 10 Ausgaben pro Jahr die wesentlichen Themen f\u00fcr F\u00fchrungskr\u00e4fte von KMU auf.\",\"publisher\":{\"@id\":\"https:\\\/\\\/www.organisator.ch\\\/#organization\"},\"potentialAction\":[{\"@type\":\"SearchAction\",\"target\":{\"@type\":\"EntryPoint\",\"urlTemplate\":\"https:\\\/\\\/www.organisator.ch\\\/?s={search_term_string}\"},\"query-input\":{\"@type\":\"PropertyValueSpecification\",\"valueRequired\":true,\"valueName\":\"search_term_string\"}}],\"inLanguage\":\"en-US\"},{\"@type\":\"Organization\",\"@id\":\"https:\\\/\\\/www.organisator.ch\\\/#organization\",\"name\":\"Organisator\",\"url\":\"https:\\\/\\\/www.organisator.ch\\\/\",\"logo\":{\"@type\":\"ImageObject\",\"inLanguage\":\"en-US\",\"@id\":\"https:\\\/\\\/www.organisator.ch\\\/#\\\/schema\\\/logo\\\/image\\\/\",\"url\":\"https:\\\/\\\/www.organisator.ch\\\/wp-content\\\/uploads\\\/2022\\\/01\\\/Logo_Organisator_Website.png\",\"contentUrl\":\"https:\\\/\\\/www.organisator.ch\\\/wp-content\\\/uploads\\\/2022\\\/01\\\/Logo_Organisator_Website.png\",\"width\":800,\"height\":77,\"caption\":\"Organisator\"},\"image\":{\"@id\":\"https:\\\/\\\/www.organisator.ch\\\/#\\\/schema\\\/logo\\\/image\\\/\"},\"sameAs\":[\"https:\\\/\\\/www.facebook.com\\\/OrganisatorFachmagazin\",\"https:\\\/\\\/www.linkedin.com\\\/showcase\\\/organisator-das-magazin-fr-kmu\",\"https:\\\/\\\/www.xing.com\\\/news\\\/pages\\\/organisator-ch-695\",\"https:\\\/\\\/www.youtube.com\\\/channel\\\/UCGP2Sq0iWaZwT3BdIAQFYpw\"]},{\"@type\":\"Person\",\"@id\":\"https:\\\/\\\/www.organisator.ch\\\/#\\\/schema\\\/person\\\/6f650f90b2842cd4c0cc334b4e36f67e\",\"name\":\"thomas.berner\",\"image\":{\"@type\":\"ImageObject\",\"inLanguage\":\"en-US\",\"@id\":\"https:\\\/\\\/secure.gravatar.com\\\/avatar\\\/ac5001d2a36cb6c6cd3e50789007ffca834b477b74a2144564522e944eabff61?s=96&d=mm&r=g\",\"url\":\"https:\\\/\\\/secure.gravatar.com\\\/avatar\\\/ac5001d2a36cb6c6cd3e50789007ffca834b477b74a2144564522e944eabff61?s=96&d=mm&r=g\",\"contentUrl\":\"https:\\\/\\\/secure.gravatar.com\\\/avatar\\\/ac5001d2a36cb6c6cd3e50789007ffca834b477b74a2144564522e944eabff61?s=96&d=mm&r=g\",\"caption\":\"thomas.berner\"},\"url\":\"https:\\\/\\\/www.organisator.ch\\\/en\\\/author\\\/thomas-berner\\\/\"}]}<\/script>\n<!-- \/ Yoast SEO plugin. -->","yoast_head_json":{"title":"Normalization of the labor market - grace period for \u00dc50 over? - Organizer","description":"The outplacement company von Rundstedt has evaluated labor market data from 2022: A normalization of the labor market is in sight.","robots":{"index":"index","follow":"follow","max-snippet":"max-snippet:-1","max-image-preview":"max-image-preview:large","max-video-preview":"max-video-preview:-1"},"canonical":"https:\/\/www.organisator.ch\/en\/human-resources\/2023-01-19\/normalisierung-des-arbeitsmarkts-schonfrist-fuer-ue50-vorbei\/","og_locale":"en_US","og_type":"article","og_title":"Normalisierung des Arbeitsmarkts - Schonfrist f\u00fcr \u00dc50 vorbei?","og_description":"Das Outplacement-Unternehmen von Rundstedt hat Arbeitsmarktdaten von 2022 ausgewertet: Eine Normalisierung des Arbeitsmarkts ist in Sicht.","og_url":"https:\/\/www.organisator.ch\/en\/human-resources\/2023-01-19\/normalisierung-des-arbeitsmarkts-schonfrist-fuer-ue50-vorbei\/","og_site_name":"Organisator","article_publisher":"https:\/\/www.facebook.com\/OrganisatorFachmagazin","article_published_time":"2023-01-19T09:16:51+00:00","og_image":[{"width":680,"height":454,"url":"https:\/\/www.organisator.ch\/wp-content\/uploads\/2023\/01\/Normalisierung-des-Arbeitsmarkts-Schonfrist-fuer-Ue50-vorbei-1_Organisator.jpg","type":"image\/jpeg"}],"author":"thomas.berner","twitter_card":"summary_large_image","twitter_title":"#Normalisierung des #Arbeitsmarkts - Schonfrist f\u00fcr #\u00dc50 vorbei?","twitter_description":"Das #Outplacement-Unternehmen von Rundstedt hat #Arbeitsmarktdaten von 2022 ausgewertet: Eine #Normalisierung des Arbeitsmarkts ist in Sicht.","twitter_image":"https:\/\/www.organisator.ch\/wp-content\/uploads\/2023\/01\/Normalisierung-des-Arbeitsmarkts-Schonfrist-fuer-Ue50-vorbei-1_Organisator.jpg","schema":{"@context":"https:\/\/schema.org","@graph":[{"@type":"Article","@id":"https:\/\/www.organisator.ch\/human-resources\/2023-01-19\/normalisierung-des-arbeitsmarkts-schonfrist-fuer-ue50-vorbei\/#article","isPartOf":{"@id":"https:\/\/www.organisator.ch\/human-resources\/2023-01-19\/normalisierung-des-arbeitsmarkts-schonfrist-fuer-ue50-vorbei\/"},"author":{"name":"thomas.berner","@id":"https:\/\/www.organisator.ch\/#\/schema\/person\/6f650f90b2842cd4c0cc334b4e36f67e"},"headline":"Normalisierung des Arbeitsmarkts &#8211; Schonfrist f\u00fcr \u00dc50 vorbei?","datePublished":"2023-01-19T09:16:51+00:00","mainEntityOfPage":{"@id":"https:\/\/www.organisator.ch\/human-resources\/2023-01-19\/normalisierung-des-arbeitsmarkts-schonfrist-fuer-ue50-vorbei\/"},"wordCount":994,"publisher":{"@id":"https:\/\/www.organisator.ch\/#organization"},"image":{"@id":"https:\/\/www.organisator.ch\/human-resources\/2023-01-19\/normalisierung-des-arbeitsmarkts-schonfrist-fuer-ue50-vorbei\/#primaryimage"},"thumbnailUrl":"https:\/\/www.organisator.ch\/wp-content\/uploads\/2023\/01\/Normalisierung-des-Arbeitsmarkts-Schonfrist-fuer-Ue50-vorbei-1_Organisator.jpg","keywords":["Arbeitsmarkt","Konjunktur","\u00dc50"],"articleSection":["HUMAN RESOURCES"],"inLanguage":"en-US"},{"@type":"WebPage","@id":"https:\/\/www.organisator.ch\/human-resources\/2023-01-19\/normalisierung-des-arbeitsmarkts-schonfrist-fuer-ue50-vorbei\/","url":"https:\/\/www.organisator.ch\/human-resources\/2023-01-19\/normalisierung-des-arbeitsmarkts-schonfrist-fuer-ue50-vorbei\/","name":"Normalization of the labor market - grace period for \u00dc50 over? - Organizer","isPartOf":{"@id":"https:\/\/www.organisator.ch\/#website"},"primaryImageOfPage":{"@id":"https:\/\/www.organisator.ch\/human-resources\/2023-01-19\/normalisierung-des-arbeitsmarkts-schonfrist-fuer-ue50-vorbei\/#primaryimage"},"image":{"@id":"https:\/\/www.organisator.ch\/human-resources\/2023-01-19\/normalisierung-des-arbeitsmarkts-schonfrist-fuer-ue50-vorbei\/#primaryimage"},"thumbnailUrl":"https:\/\/www.organisator.ch\/wp-content\/uploads\/2023\/01\/Normalisierung-des-Arbeitsmarkts-Schonfrist-fuer-Ue50-vorbei-1_Organisator.jpg","datePublished":"2023-01-19T09:16:51+00:00","description":"The outplacement company von Rundstedt has evaluated labor market data from 2022: A normalization of the labor market is in sight.","breadcrumb":{"@id":"https:\/\/www.organisator.ch\/human-resources\/2023-01-19\/normalisierung-des-arbeitsmarkts-schonfrist-fuer-ue50-vorbei\/#breadcrumb"},"inLanguage":"en-US","potentialAction":[{"@type":"ReadAction","target":["https:\/\/www.organisator.ch\/human-resources\/2023-01-19\/normalisierung-des-arbeitsmarkts-schonfrist-fuer-ue50-vorbei\/"]}]},{"@type":"ImageObject","inLanguage":"en-US","@id":"https:\/\/www.organisator.ch\/human-resources\/2023-01-19\/normalisierung-des-arbeitsmarkts-schonfrist-fuer-ue50-vorbei\/#primaryimage","url":"https:\/\/www.organisator.ch\/wp-content\/uploads\/2023\/01\/Normalisierung-des-Arbeitsmarkts-Schonfrist-fuer-Ue50-vorbei-1_Organisator.jpg","contentUrl":"https:\/\/www.organisator.ch\/wp-content\/uploads\/2023\/01\/Normalisierung-des-Arbeitsmarkts-Schonfrist-fuer-Ue50-vorbei-1_Organisator.jpg","width":680,"height":454,"caption":"Der Arbeitsmarkt scheint sich zu normalisieren - \u00fcber 50-J\u00e4hrige m\u00fcssen wohl wieder mit l\u00e4ngeren Arbeitssuchen rechnen. (Bild: lisafx \/ Depositphotos.com)"},{"@type":"BreadcrumbList","@id":"https:\/\/www.organisator.ch\/human-resources\/2023-01-19\/normalisierung-des-arbeitsmarkts-schonfrist-fuer-ue50-vorbei\/#breadcrumb","itemListElement":[{"@type":"ListItem","position":1,"name":"Home","item":"https:\/\/www.organisator.ch\/"},{"@type":"ListItem","position":2,"name":"Normalisierung des Arbeitsmarkts &#8211; Schonfrist f\u00fcr \u00dc50 vorbei?"}]},{"@type":"WebSite","@id":"https:\/\/www.organisator.ch\/#website","url":"https:\/\/www.organisator.ch\/","name":"Organizer","description":"Competent. Practical. In 10 issues per year, ORGANISATOR presents the essential topics for managers of SMEs.","publisher":{"@id":"https:\/\/www.organisator.ch\/#organization"},"potentialAction":[{"@type":"SearchAction","target":{"@type":"EntryPoint","urlTemplate":"https:\/\/www.organisator.ch\/?s={search_term_string}"},"query-input":{"@type":"PropertyValueSpecification","valueRequired":true,"valueName":"search_term_string"}}],"inLanguage":"en-US"},{"@type":"Organization","@id":"https:\/\/www.organisator.ch\/#organization","name":"Organizer","url":"https:\/\/www.organisator.ch\/","logo":{"@type":"ImageObject","inLanguage":"en-US","@id":"https:\/\/www.organisator.ch\/#\/schema\/logo\/image\/","url":"https:\/\/www.organisator.ch\/wp-content\/uploads\/2022\/01\/Logo_Organisator_Website.png","contentUrl":"https:\/\/www.organisator.ch\/wp-content\/uploads\/2022\/01\/Logo_Organisator_Website.png","width":800,"height":77,"caption":"Organisator"},"image":{"@id":"https:\/\/www.organisator.ch\/#\/schema\/logo\/image\/"},"sameAs":["https:\/\/www.facebook.com\/OrganisatorFachmagazin","https:\/\/www.linkedin.com\/showcase\/organisator-das-magazin-fr-kmu","https:\/\/www.xing.com\/news\/pages\/organisator-ch-695","https:\/\/www.youtube.com\/channel\/UCGP2Sq0iWaZwT3BdIAQFYpw"]},{"@type":"Person","@id":"https:\/\/www.organisator.ch\/#\/schema\/person\/6f650f90b2842cd4c0cc334b4e36f67e","name":"thomas.berner","image":{"@type":"ImageObject","inLanguage":"en-US","@id":"https:\/\/secure.gravatar.com\/avatar\/ac5001d2a36cb6c6cd3e50789007ffca834b477b74a2144564522e944eabff61?s=96&d=mm&r=g","url":"https:\/\/secure.gravatar.com\/avatar\/ac5001d2a36cb6c6cd3e50789007ffca834b477b74a2144564522e944eabff61?s=96&d=mm&r=g","contentUrl":"https:\/\/secure.gravatar.com\/avatar\/ac5001d2a36cb6c6cd3e50789007ffca834b477b74a2144564522e944eabff61?s=96&d=mm&r=g","caption":"thomas.berner"},"url":"https:\/\/www.organisator.ch\/en\/author\/thomas-berner\/"}]}},"_links":{"self":[{"href":"https:\/\/www.organisator.ch\/en\/wp-json\/wp\/v2\/posts\/18541","targetHints":{"allow":["GET"]}}],"collection":[{"href":"https:\/\/www.organisator.ch\/en\/wp-json\/wp\/v2\/posts"}],"about":[{"href":"https:\/\/www.organisator.ch\/en\/wp-json\/wp\/v2\/types\/post"}],"author":[{"embeddable":true,"href":"https:\/\/www.organisator.ch\/en\/wp-json\/wp\/v2\/users\/4"}],"replies":[{"embeddable":true,"href":"https:\/\/www.organisator.ch\/en\/wp-json\/wp\/v2\/comments?post=18541"}],"version-history":[{"count":1,"href":"https:\/\/www.organisator.ch\/en\/wp-json\/wp\/v2\/posts\/18541\/revisions"}],"predecessor-version":[{"id":18544,"href":"https:\/\/www.organisator.ch\/en\/wp-json\/wp\/v2\/posts\/18541\/revisions\/18544"}],"wp:featuredmedia":[{"embeddable":true,"href":"https:\/\/www.organisator.ch\/en\/wp-json\/wp\/v2\/media\/18542"}],"wp:attachment":[{"href":"https:\/\/www.organisator.ch\/en\/wp-json\/wp\/v2\/media?parent=18541"}],"wp:term":[{"taxonomy":"category","embeddable":true,"href":"https:\/\/www.organisator.ch\/en\/wp-json\/wp\/v2\/categories?post=18541"},{"taxonomy":"post_tag","embeddable":true,"href":"https:\/\/www.organisator.ch\/en\/wp-json\/wp\/v2\/tags?post=18541"}],"curies":[{"name":"wp","href":"https:\/\/api.w.org\/{rel}","templated":true}]}}