{"id":18558,"date":"2023-01-23T08:31:28","date_gmt":"2023-01-23T07:31:28","guid":{"rendered":"https:\/\/www.organisator.ch\/?p=18558"},"modified":"2023-01-31T15:03:09","modified_gmt":"2023-01-31T14:03:09","slug":"resilienz-als-teil-der-neuen-normalitaet","status":"publish","type":"post","link":"https:\/\/www.organisator.ch\/en\/management\/2023-01-23\/resilienz-als-teil-der-neuen-normalitaet\/","title":{"rendered":"Resilience as part of the new normal"},"content":{"rendered":"<figure id=\"attachment_18559\" aria-describedby=\"caption-attachment-18559\" style=\"width: 680px\" class=\"wp-caption alignnone\"><img loading=\"lazy\" decoding=\"async\" class=\"size-full wp-image-18559\" src=\"https:\/\/www.organisator.ch\/wp-content\/uploads\/2023\/01\/Resilienz-als-Teil-der-neuen-Normalitaet-1_Organisator.jpg\" alt=\"\" width=\"680\" height=\"454\" srcset=\"https:\/\/www.organisator.ch\/wp-content\/uploads\/2023\/01\/Resilienz-als-Teil-der-neuen-Normalitaet-1_Organisator.jpg 680w, https:\/\/www.organisator.ch\/wp-content\/uploads\/2023\/01\/Resilienz-als-Teil-der-neuen-Normalitaet-1_Organisator-18x12.jpg 18w, https:\/\/www.organisator.ch\/wp-content\/uploads\/2023\/01\/Resilienz-als-Teil-der-neuen-Normalitaet-1_Organisator-375x250.jpg 375w, https:\/\/www.organisator.ch\/wp-content\/uploads\/2023\/01\/Resilienz-als-Teil-der-neuen-Normalitaet-1_Organisator-524x350.jpg 524w\" sizes=\"auto, (max-width: 680px) 100vw, 680px\" \/><figcaption id=\"caption-attachment-18559\" class=\"wp-caption-text\">Former Federal Councilor Kaspar Villiger: Many problems of democracies are homemade. (Image: zVg \/ Wifo)<\/figcaption><\/figure>\n<p>In the wake of crises, the economy, society and politics are at the beginning of a new normal. This was also the focus of this year's Rheintal Economic Forum. With former Federal Councillor Kaspar Villiger, Sulzer Chairman of the Board Suzanne Thoma, Corps Commander Hans-Peter Walser and Johannes Gutmann, owner of Sonnentor Kr\u00e4uterhandels GmbH, the conference was again extremely prominent. The speakers provided the numerous audience members with a lot of food for thought. The surprise musical guest was Alexander Frei from Balgach, known by his stage name Crimer.<\/p>\n<h3>Democracies with homegrown problems<\/h3>\n<p>At almost 82 years of age, 20 years after stepping down from the Federal Council, Kaspar Villiger is still a wise observer of politics and a sought-after advisor. He proved this in an eloquent manner at the Rheintal Economic Forum. He reminded the audience that liberal democracy is not an innate form of government, but requires constant care because of its vulnerability. Many of today's problems in democracies are homemade, he said, especially because the popular rather than the necessary is often pursued. According to Villiger, \"even the best democracy needs a living civil society that defends it tooth and nail and actively lives its values. It is particularly important to remain resilient by democracies doing their homework, defending themselves militarily, standing together and finding ways to coexist with autocracies.<\/p>\n<h3>War and peace<\/h3>\n<p>Corps Commander Hans-Peter Walser, head of training for the Swiss Armed Forces, outlined the new security landscape in the wake of Russia's war of aggression on Ukraine. Today, he said, no clear line can be drawn between war and peace. Cyberattacks by an aggressor are as much a part of it as targeting the weakest and economic targets. Walser cited the example of China, which deliberately creates dependencies in the West with its economic holdings. If there is a military attack, it takes place on several levels, including cyberspace, outer space and information space. But wars would still be decided militarily on the ground. From the point of view of young Swiss people, Walser's obvious conclusion is that it is still worthwhile to do military service and to continue their education there.<\/p>\n<figure id=\"attachment_18561\" aria-describedby=\"caption-attachment-18561\" style=\"width: 680px\" class=\"wp-caption alignnone\"><img loading=\"lazy\" decoding=\"async\" class=\"size-full wp-image-18561\" src=\"https:\/\/www.organisator.ch\/wp-content\/uploads\/2023\/01\/Resilienz-als-Teil-der-neuen-Normalitaet-3_Organisator.jpg\" alt=\"\" width=\"680\" height=\"454\" srcset=\"https:\/\/www.organisator.ch\/wp-content\/uploads\/2023\/01\/Resilienz-als-Teil-der-neuen-Normalitaet-3_Organisator.jpg 680w, https:\/\/www.organisator.ch\/wp-content\/uploads\/2023\/01\/Resilienz-als-Teil-der-neuen-Normalitaet-3_Organisator-18x12.jpg 18w, https:\/\/www.organisator.ch\/wp-content\/uploads\/2023\/01\/Resilienz-als-Teil-der-neuen-Normalitaet-3_Organisator-375x250.jpg 375w, https:\/\/www.organisator.ch\/wp-content\/uploads\/2023\/01\/Resilienz-als-Teil-der-neuen-Normalitaet-3_Organisator-524x350.jpg 524w\" sizes=\"auto, (max-width: 680px) 100vw, 680px\" \/><figcaption id=\"caption-attachment-18561\" class=\"wp-caption-text\">Johannes Gutmann: Advocate of the common good economy as a success factor for coping with the new normal. (Image: zVg \/ Wifo)<\/figcaption><\/figure>\n<h3>A praise for sobriety<\/h3>\n<p>Suzanne Thoma, Chairman of the Board of Directors and CEO of Sulzer, spoke about the challenges facing the economy and corporate management. She also emphasized the importance of resilient development. She sees the Swiss economy under more pressure on a global level \"than we would like,\" especially due to Switzerland's strong export orientation. Deglobalization will make things more uncomfortable in the coming years, she said. There is only one solution left for companies: \"We have to come back to a certain sobriety.\"<\/p>\n<h3>Economy of the common good as a recipe for success in the new normality<\/h3>\n<p>Sunshine into the Aegeten sports hall was brought by Johannes Gutmann, owner of Sonnentor Kr\u00e4uterhandels GmbH from Austria. In 1988, he pioneered a small organic farm in the Waldviertel region on the Czech border, together with three farmers. This has grown into a company with 500 employees today and 900 products from around the world. Gutmann told the story of his company as a story of farmers who wanted to become free. He cited a number of success factors that can probably also make life easier in the new normal: Empathy, with an eye on the common good, appreciation combined with value creation, maximizing meaning instead of maximizing profit. And above all, \"I wanted balance and a good life.\"<\/p>\n<h3>Prize of the Rheintaler Economy<\/h3>\n<p>Traditionally, the prize of the Rheintaler Wirtschaft is also awarded on the occasion of the Rheintaler Wirtschaftsforum. This year, Sterngarage in Heerbrugg wins this award. From the hands of jury president Klaus Brammertz, the couple Klara and Bruno Bischofberger, the patrons of the family business, were able to receive the prize sculpture. The garage with its 70 employees is distinguished by innovations and exemplary employee management, according to the tribute.<\/p>\n<figure id=\"attachment_18560\" aria-describedby=\"caption-attachment-18560\" style=\"width: 680px\" class=\"wp-caption alignnone\"><img loading=\"lazy\" decoding=\"async\" class=\"size-full wp-image-18560\" src=\"https:\/\/www.organisator.ch\/wp-content\/uploads\/2023\/01\/Resilienz-als-Teil-der-neuen-Normalitaet-2_Organisator.jpg\" alt=\"\" width=\"680\" height=\"454\" srcset=\"https:\/\/www.organisator.ch\/wp-content\/uploads\/2023\/01\/Resilienz-als-Teil-der-neuen-Normalitaet-2_Organisator.jpg 680w, https:\/\/www.organisator.ch\/wp-content\/uploads\/2023\/01\/Resilienz-als-Teil-der-neuen-Normalitaet-2_Organisator-18x12.jpg 18w, https:\/\/www.organisator.ch\/wp-content\/uploads\/2023\/01\/Resilienz-als-Teil-der-neuen-Normalitaet-2_Organisator-375x250.jpg 375w, https:\/\/www.organisator.ch\/wp-content\/uploads\/2023\/01\/Resilienz-als-Teil-der-neuen-Normalitaet-2_Organisator-524x350.jpg 524w\" sizes=\"auto, (max-width: 680px) 100vw, 680px\" \/><figcaption id=\"caption-attachment-18560\" class=\"wp-caption-text\">Klara and Bruno Bischofberger with the trophy of the Rhine Valley Economy Award. (Image: zVg \/ Wifo)<\/figcaption><\/figure>\n<p>The next Rhine Valley Economic Forum will take place on January 26, 2024.<\/p>\n<p><em>More information: <a href=\"http:\/\/www.wifo.ch\">www.wifo.ch<\/a><\/em><\/p>","protected":false},"excerpt":{"rendered":"<p>Im Gefolge von Krisen stehen Wirtschaft, Gesellschaft und Politik am Beginn einer neuen Normalit\u00e4t. Dies stand auch am diesj\u00e4hrigen Rheintaler Wirtschaftsforum im Zentrum. Mit dem ehemaligen Bundesrat Kaspar Villiger, der Sulzer-Verwaltungsratspr\u00e4sidentin Suzanne Thoma, Korpskommandant Hans-Peter Walser und Johannes Gutmann, dem Eigent\u00fcmer der Sonnentor Kr\u00e4uterhandels GmbH, war die Tagung wieder \u00e4usserst prominent besetzt. Die Referentinnen und [&hellip;]<\/p>\n","protected":false},"author":4,"featured_media":18559,"comment_status":"closed","ping_status":"closed","sticky":false,"template":"","format":"standard","meta":{"_acf_changed":false,"_yoast_wpseo_focuskw":"Normalit\u00e4t","_yoast_wpseo_metadesc":"Die neue Normalit\u00e4t lasse sich mit Widerstandskraft und Anpassungsf\u00e4higkeit bew\u00e4ltigen, so der Tenor am 28. Rheintaler Wirtschaftsforum.","articlekey":"","footnotes":""},"categories":[28],"tags":[193,335,531],"class_list":["post-18558","post","type-post","status-publish","format-standard","has-post-thumbnail","hentry","category-management","tag-fachkongressfachmesse","tag-management-und-unternehmensfuehrung","tag-wirtschaftspolitik"],"acf":[],"yoast_head":"<!-- This site is optimized with the Yoast SEO plugin v27.5 - https:\/\/yoast.com\/product\/yoast-seo-wordpress\/ -->\n<title>Resilienz als Teil der neuen Normalit\u00e4t - Organisator<\/title>\n<meta name=\"description\" content=\"Die neue Normalit\u00e4t lasse sich mit Widerstandskraft und Anpassungsf\u00e4higkeit bew\u00e4ltigen, so der Tenor am 28. Rheintaler Wirtschaftsforum.\" \/>\n<meta name=\"robots\" content=\"index, follow, max-snippet:-1, max-image-preview:large, max-video-preview:-1\" \/>\n<link rel=\"canonical\" href=\"https:\/\/www.organisator.ch\/en\/management\/2023-01-23\/resilienz-als-teil-der-neuen-normalitaet\/\" \/>\n<meta property=\"og:locale\" content=\"en_US\" \/>\n<meta property=\"og:type\" content=\"article\" \/>\n<meta property=\"og:title\" content=\"Resilienz als Teil der neuen Normalit\u00e4t\" \/>\n<meta property=\"og:description\" content=\"Die neue Normalit\u00e4t lasse sich mit Widerstandskraft und Anpassungsf\u00e4higkeit bew\u00e4ltigen, so der Tenor am 28. Rheintaler Wirtschaftsforum.\" \/>\n<meta property=\"og:url\" content=\"https:\/\/www.organisator.ch\/en\/management\/2023-01-23\/resilienz-als-teil-der-neuen-normalitaet\/\" \/>\n<meta property=\"og:site_name\" content=\"Organisator\" \/>\n<meta property=\"article:publisher\" content=\"https:\/\/www.facebook.com\/OrganisatorFachmagazin\" \/>\n<meta property=\"article:published_time\" content=\"2023-01-23T07:31:28+00:00\" \/>\n<meta property=\"article:modified_time\" content=\"2023-01-31T14:03:09+00:00\" \/>\n<meta property=\"og:image\" content=\"https:\/\/www.organisator.ch\/wp-content\/uploads\/2023\/01\/Resilienz-als-Teil-der-neuen-Normalitaet-1_Organisator.jpg\" \/>\n\t<meta property=\"og:image:width\" content=\"680\" \/>\n\t<meta property=\"og:image:height\" content=\"454\" \/>\n\t<meta property=\"og:image:type\" content=\"image\/jpeg\" \/>\n<meta name=\"author\" content=\"thomas.berner\" \/>\n<meta name=\"twitter:card\" content=\"summary_large_image\" \/>\n<meta name=\"twitter:title\" content=\"#Resilienz als Teil der neuen #Normalit\u00e4t\" \/>\n<meta name=\"twitter:description\" content=\"Die neue #Normalit\u00e4t lasse sich mit #Widerstandskraft und #Anpassungsf\u00e4higkeit bew\u00e4ltigen, so der Tenor am 28. Rheintaler Wirtschaftsforum.\" \/>\n<meta name=\"twitter:image\" content=\"https:\/\/www.organisator.ch\/wp-content\/uploads\/2023\/01\/Resilienz-als-Teil-der-neuen-Normalitaet-1_Organisator.jpg\" \/>\n<script type=\"application\/ld+json\" class=\"yoast-schema-graph\">{\"@context\":\"https:\\\/\\\/schema.org\",\"@graph\":[{\"@type\":\"Article\",\"@id\":\"https:\\\/\\\/www.organisator.ch\\\/management\\\/2023-01-23\\\/resilienz-als-teil-der-neuen-normalitaet\\\/#article\",\"isPartOf\":{\"@id\":\"https:\\\/\\\/www.organisator.ch\\\/management\\\/2023-01-23\\\/resilienz-als-teil-der-neuen-normalitaet\\\/\"},\"author\":{\"name\":\"thomas.berner\",\"@id\":\"https:\\\/\\\/www.organisator.ch\\\/#\\\/schema\\\/person\\\/6f650f90b2842cd4c0cc334b4e36f67e\"},\"headline\":\"Resilienz als Teil der neuen Normalit\u00e4t\",\"datePublished\":\"2023-01-23T07:31:28+00:00\",\"dateModified\":\"2023-01-31T14:03:09+00:00\",\"mainEntityOfPage\":{\"@id\":\"https:\\\/\\\/www.organisator.ch\\\/management\\\/2023-01-23\\\/resilienz-als-teil-der-neuen-normalitaet\\\/\"},\"wordCount\":716,\"publisher\":{\"@id\":\"https:\\\/\\\/www.organisator.ch\\\/#organization\"},\"image\":{\"@id\":\"https:\\\/\\\/www.organisator.ch\\\/management\\\/2023-01-23\\\/resilienz-als-teil-der-neuen-normalitaet\\\/#primaryimage\"},\"thumbnailUrl\":\"https:\\\/\\\/www.organisator.ch\\\/wp-content\\\/uploads\\\/2023\\\/01\\\/Resilienz-als-Teil-der-neuen-Normalitaet-1_Organisator.jpg\",\"keywords\":[\"Fachkongress\\\/Fachmesse\",\"Management und Unternehmensf\u00fchrung\",\"Wirtschaftspolitik\"],\"articleSection\":[\"MANAGEMENT\"],\"inLanguage\":\"en-US\"},{\"@type\":\"WebPage\",\"@id\":\"https:\\\/\\\/www.organisator.ch\\\/management\\\/2023-01-23\\\/resilienz-als-teil-der-neuen-normalitaet\\\/\",\"url\":\"https:\\\/\\\/www.organisator.ch\\\/management\\\/2023-01-23\\\/resilienz-als-teil-der-neuen-normalitaet\\\/\",\"name\":\"Resilienz als Teil der neuen Normalit\u00e4t - Organisator\",\"isPartOf\":{\"@id\":\"https:\\\/\\\/www.organisator.ch\\\/#website\"},\"primaryImageOfPage\":{\"@id\":\"https:\\\/\\\/www.organisator.ch\\\/management\\\/2023-01-23\\\/resilienz-als-teil-der-neuen-normalitaet\\\/#primaryimage\"},\"image\":{\"@id\":\"https:\\\/\\\/www.organisator.ch\\\/management\\\/2023-01-23\\\/resilienz-als-teil-der-neuen-normalitaet\\\/#primaryimage\"},\"thumbnailUrl\":\"https:\\\/\\\/www.organisator.ch\\\/wp-content\\\/uploads\\\/2023\\\/01\\\/Resilienz-als-Teil-der-neuen-Normalitaet-1_Organisator.jpg\",\"datePublished\":\"2023-01-23T07:31:28+00:00\",\"dateModified\":\"2023-01-31T14:03:09+00:00\",\"description\":\"Die neue Normalit\u00e4t lasse sich mit Widerstandskraft und Anpassungsf\u00e4higkeit bew\u00e4ltigen, so der Tenor am 28. Rheintaler Wirtschaftsforum.\",\"breadcrumb\":{\"@id\":\"https:\\\/\\\/www.organisator.ch\\\/management\\\/2023-01-23\\\/resilienz-als-teil-der-neuen-normalitaet\\\/#breadcrumb\"},\"inLanguage\":\"en-US\",\"potentialAction\":[{\"@type\":\"ReadAction\",\"target\":[\"https:\\\/\\\/www.organisator.ch\\\/management\\\/2023-01-23\\\/resilienz-als-teil-der-neuen-normalitaet\\\/\"]}]},{\"@type\":\"ImageObject\",\"inLanguage\":\"en-US\",\"@id\":\"https:\\\/\\\/www.organisator.ch\\\/management\\\/2023-01-23\\\/resilienz-als-teil-der-neuen-normalitaet\\\/#primaryimage\",\"url\":\"https:\\\/\\\/www.organisator.ch\\\/wp-content\\\/uploads\\\/2023\\\/01\\\/Resilienz-als-Teil-der-neuen-Normalitaet-1_Organisator.jpg\",\"contentUrl\":\"https:\\\/\\\/www.organisator.ch\\\/wp-content\\\/uploads\\\/2023\\\/01\\\/Resilienz-als-Teil-der-neuen-Normalitaet-1_Organisator.jpg\",\"width\":680,\"height\":454,\"caption\":\"Alt-Bundesrat Kaspar Villiger: Viele Probleme der Demokratien seien hausgemacht. (Bild: zVg \\\/ Wifo)\"},{\"@type\":\"BreadcrumbList\",\"@id\":\"https:\\\/\\\/www.organisator.ch\\\/management\\\/2023-01-23\\\/resilienz-als-teil-der-neuen-normalitaet\\\/#breadcrumb\",\"itemListElement\":[{\"@type\":\"ListItem\",\"position\":1,\"name\":\"Home\",\"item\":\"https:\\\/\\\/www.organisator.ch\\\/\"},{\"@type\":\"ListItem\",\"position\":2,\"name\":\"Resilienz als Teil der neuen Normalit\u00e4t\"}]},{\"@type\":\"WebSite\",\"@id\":\"https:\\\/\\\/www.organisator.ch\\\/#website\",\"url\":\"https:\\\/\\\/www.organisator.ch\\\/\",\"name\":\"Organisator\",\"description\":\"Kompetent. Praxisnah. Der ORGANISATOR bereitet in 10 Ausgaben pro Jahr die wesentlichen Themen f\u00fcr F\u00fchrungskr\u00e4fte von KMU auf.\",\"publisher\":{\"@id\":\"https:\\\/\\\/www.organisator.ch\\\/#organization\"},\"potentialAction\":[{\"@type\":\"SearchAction\",\"target\":{\"@type\":\"EntryPoint\",\"urlTemplate\":\"https:\\\/\\\/www.organisator.ch\\\/?s={search_term_string}\"},\"query-input\":{\"@type\":\"PropertyValueSpecification\",\"valueRequired\":true,\"valueName\":\"search_term_string\"}}],\"inLanguage\":\"en-US\"},{\"@type\":\"Organization\",\"@id\":\"https:\\\/\\\/www.organisator.ch\\\/#organization\",\"name\":\"Organisator\",\"url\":\"https:\\\/\\\/www.organisator.ch\\\/\",\"logo\":{\"@type\":\"ImageObject\",\"inLanguage\":\"en-US\",\"@id\":\"https:\\\/\\\/www.organisator.ch\\\/#\\\/schema\\\/logo\\\/image\\\/\",\"url\":\"https:\\\/\\\/www.organisator.ch\\\/wp-content\\\/uploads\\\/2022\\\/01\\\/Logo_Organisator_Website.png\",\"contentUrl\":\"https:\\\/\\\/www.organisator.ch\\\/wp-content\\\/uploads\\\/2022\\\/01\\\/Logo_Organisator_Website.png\",\"width\":800,\"height\":77,\"caption\":\"Organisator\"},\"image\":{\"@id\":\"https:\\\/\\\/www.organisator.ch\\\/#\\\/schema\\\/logo\\\/image\\\/\"},\"sameAs\":[\"https:\\\/\\\/www.facebook.com\\\/OrganisatorFachmagazin\",\"https:\\\/\\\/www.linkedin.com\\\/showcase\\\/organisator-das-magazin-fr-kmu\",\"https:\\\/\\\/www.xing.com\\\/news\\\/pages\\\/organisator-ch-695\",\"https:\\\/\\\/www.youtube.com\\\/channel\\\/UCGP2Sq0iWaZwT3BdIAQFYpw\"]},{\"@type\":\"Person\",\"@id\":\"https:\\\/\\\/www.organisator.ch\\\/#\\\/schema\\\/person\\\/6f650f90b2842cd4c0cc334b4e36f67e\",\"name\":\"thomas.berner\",\"image\":{\"@type\":\"ImageObject\",\"inLanguage\":\"en-US\",\"@id\":\"https:\\\/\\\/secure.gravatar.com\\\/avatar\\\/ac5001d2a36cb6c6cd3e50789007ffca834b477b74a2144564522e944eabff61?s=96&d=mm&r=g\",\"url\":\"https:\\\/\\\/secure.gravatar.com\\\/avatar\\\/ac5001d2a36cb6c6cd3e50789007ffca834b477b74a2144564522e944eabff61?s=96&d=mm&r=g\",\"contentUrl\":\"https:\\\/\\\/secure.gravatar.com\\\/avatar\\\/ac5001d2a36cb6c6cd3e50789007ffca834b477b74a2144564522e944eabff61?s=96&d=mm&r=g\",\"caption\":\"thomas.berner\"},\"url\":\"https:\\\/\\\/www.organisator.ch\\\/en\\\/author\\\/thomas-berner\\\/\"}]}<\/script>\n<!-- \/ Yoast SEO plugin. -->","yoast_head_json":{"title":"Resilience as part of the new normal - Organizer","description":"The tenor of the 28th Rhine Valley Economic Forum was that the new normal can be mastered with resilience and adaptability.","robots":{"index":"index","follow":"follow","max-snippet":"max-snippet:-1","max-image-preview":"max-image-preview:large","max-video-preview":"max-video-preview:-1"},"canonical":"https:\/\/www.organisator.ch\/en\/management\/2023-01-23\/resilienz-als-teil-der-neuen-normalitaet\/","og_locale":"en_US","og_type":"article","og_title":"Resilienz als Teil der neuen Normalit\u00e4t","og_description":"Die neue Normalit\u00e4t lasse sich mit Widerstandskraft und Anpassungsf\u00e4higkeit bew\u00e4ltigen, so der Tenor am 28. Rheintaler Wirtschaftsforum.","og_url":"https:\/\/www.organisator.ch\/en\/management\/2023-01-23\/resilienz-als-teil-der-neuen-normalitaet\/","og_site_name":"Organisator","article_publisher":"https:\/\/www.facebook.com\/OrganisatorFachmagazin","article_published_time":"2023-01-23T07:31:28+00:00","article_modified_time":"2023-01-31T14:03:09+00:00","og_image":[{"width":680,"height":454,"url":"https:\/\/www.organisator.ch\/wp-content\/uploads\/2023\/01\/Resilienz-als-Teil-der-neuen-Normalitaet-1_Organisator.jpg","type":"image\/jpeg"}],"author":"thomas.berner","twitter_card":"summary_large_image","twitter_title":"#Resilienz als Teil der neuen #Normalit\u00e4t","twitter_description":"Die neue #Normalit\u00e4t lasse sich mit #Widerstandskraft und #Anpassungsf\u00e4higkeit bew\u00e4ltigen, so der Tenor am 28. Rheintaler Wirtschaftsforum.","twitter_image":"https:\/\/www.organisator.ch\/wp-content\/uploads\/2023\/01\/Resilienz-als-Teil-der-neuen-Normalitaet-1_Organisator.jpg","schema":{"@context":"https:\/\/schema.org","@graph":[{"@type":"Article","@id":"https:\/\/www.organisator.ch\/management\/2023-01-23\/resilienz-als-teil-der-neuen-normalitaet\/#article","isPartOf":{"@id":"https:\/\/www.organisator.ch\/management\/2023-01-23\/resilienz-als-teil-der-neuen-normalitaet\/"},"author":{"name":"thomas.berner","@id":"https:\/\/www.organisator.ch\/#\/schema\/person\/6f650f90b2842cd4c0cc334b4e36f67e"},"headline":"Resilienz als Teil der neuen Normalit\u00e4t","datePublished":"2023-01-23T07:31:28+00:00","dateModified":"2023-01-31T14:03:09+00:00","mainEntityOfPage":{"@id":"https:\/\/www.organisator.ch\/management\/2023-01-23\/resilienz-als-teil-der-neuen-normalitaet\/"},"wordCount":716,"publisher":{"@id":"https:\/\/www.organisator.ch\/#organization"},"image":{"@id":"https:\/\/www.organisator.ch\/management\/2023-01-23\/resilienz-als-teil-der-neuen-normalitaet\/#primaryimage"},"thumbnailUrl":"https:\/\/www.organisator.ch\/wp-content\/uploads\/2023\/01\/Resilienz-als-Teil-der-neuen-Normalitaet-1_Organisator.jpg","keywords":["Fachkongress\/Fachmesse","Management und Unternehmensf\u00fchrung","Wirtschaftspolitik"],"articleSection":["MANAGEMENT"],"inLanguage":"en-US"},{"@type":"WebPage","@id":"https:\/\/www.organisator.ch\/management\/2023-01-23\/resilienz-als-teil-der-neuen-normalitaet\/","url":"https:\/\/www.organisator.ch\/management\/2023-01-23\/resilienz-als-teil-der-neuen-normalitaet\/","name":"Resilience as part of the new normal - Organizer","isPartOf":{"@id":"https:\/\/www.organisator.ch\/#website"},"primaryImageOfPage":{"@id":"https:\/\/www.organisator.ch\/management\/2023-01-23\/resilienz-als-teil-der-neuen-normalitaet\/#primaryimage"},"image":{"@id":"https:\/\/www.organisator.ch\/management\/2023-01-23\/resilienz-als-teil-der-neuen-normalitaet\/#primaryimage"},"thumbnailUrl":"https:\/\/www.organisator.ch\/wp-content\/uploads\/2023\/01\/Resilienz-als-Teil-der-neuen-Normalitaet-1_Organisator.jpg","datePublished":"2023-01-23T07:31:28+00:00","dateModified":"2023-01-31T14:03:09+00:00","description":"The tenor of the 28th Rhine Valley Economic Forum was that the new normal can be mastered with resilience and adaptability.","breadcrumb":{"@id":"https:\/\/www.organisator.ch\/management\/2023-01-23\/resilienz-als-teil-der-neuen-normalitaet\/#breadcrumb"},"inLanguage":"en-US","potentialAction":[{"@type":"ReadAction","target":["https:\/\/www.organisator.ch\/management\/2023-01-23\/resilienz-als-teil-der-neuen-normalitaet\/"]}]},{"@type":"ImageObject","inLanguage":"en-US","@id":"https:\/\/www.organisator.ch\/management\/2023-01-23\/resilienz-als-teil-der-neuen-normalitaet\/#primaryimage","url":"https:\/\/www.organisator.ch\/wp-content\/uploads\/2023\/01\/Resilienz-als-Teil-der-neuen-Normalitaet-1_Organisator.jpg","contentUrl":"https:\/\/www.organisator.ch\/wp-content\/uploads\/2023\/01\/Resilienz-als-Teil-der-neuen-Normalitaet-1_Organisator.jpg","width":680,"height":454,"caption":"Alt-Bundesrat Kaspar Villiger: Viele Probleme der Demokratien seien hausgemacht. (Bild: zVg \/ Wifo)"},{"@type":"BreadcrumbList","@id":"https:\/\/www.organisator.ch\/management\/2023-01-23\/resilienz-als-teil-der-neuen-normalitaet\/#breadcrumb","itemListElement":[{"@type":"ListItem","position":1,"name":"Home","item":"https:\/\/www.organisator.ch\/"},{"@type":"ListItem","position":2,"name":"Resilienz als Teil der neuen Normalit\u00e4t"}]},{"@type":"WebSite","@id":"https:\/\/www.organisator.ch\/#website","url":"https:\/\/www.organisator.ch\/","name":"Organizer","description":"Competent. Practical. In 10 issues per year, ORGANISATOR presents the essential topics for managers of SMEs.","publisher":{"@id":"https:\/\/www.organisator.ch\/#organization"},"potentialAction":[{"@type":"SearchAction","target":{"@type":"EntryPoint","urlTemplate":"https:\/\/www.organisator.ch\/?s={search_term_string}"},"query-input":{"@type":"PropertyValueSpecification","valueRequired":true,"valueName":"search_term_string"}}],"inLanguage":"en-US"},{"@type":"Organization","@id":"https:\/\/www.organisator.ch\/#organization","name":"Organizer","url":"https:\/\/www.organisator.ch\/","logo":{"@type":"ImageObject","inLanguage":"en-US","@id":"https:\/\/www.organisator.ch\/#\/schema\/logo\/image\/","url":"https:\/\/www.organisator.ch\/wp-content\/uploads\/2022\/01\/Logo_Organisator_Website.png","contentUrl":"https:\/\/www.organisator.ch\/wp-content\/uploads\/2022\/01\/Logo_Organisator_Website.png","width":800,"height":77,"caption":"Organisator"},"image":{"@id":"https:\/\/www.organisator.ch\/#\/schema\/logo\/image\/"},"sameAs":["https:\/\/www.facebook.com\/OrganisatorFachmagazin","https:\/\/www.linkedin.com\/showcase\/organisator-das-magazin-fr-kmu","https:\/\/www.xing.com\/news\/pages\/organisator-ch-695","https:\/\/www.youtube.com\/channel\/UCGP2Sq0iWaZwT3BdIAQFYpw"]},{"@type":"Person","@id":"https:\/\/www.organisator.ch\/#\/schema\/person\/6f650f90b2842cd4c0cc334b4e36f67e","name":"thomas.berner","image":{"@type":"ImageObject","inLanguage":"en-US","@id":"https:\/\/secure.gravatar.com\/avatar\/ac5001d2a36cb6c6cd3e50789007ffca834b477b74a2144564522e944eabff61?s=96&d=mm&r=g","url":"https:\/\/secure.gravatar.com\/avatar\/ac5001d2a36cb6c6cd3e50789007ffca834b477b74a2144564522e944eabff61?s=96&d=mm&r=g","contentUrl":"https:\/\/secure.gravatar.com\/avatar\/ac5001d2a36cb6c6cd3e50789007ffca834b477b74a2144564522e944eabff61?s=96&d=mm&r=g","caption":"thomas.berner"},"url":"https:\/\/www.organisator.ch\/en\/author\/thomas-berner\/"}]}},"_links":{"self":[{"href":"https:\/\/www.organisator.ch\/en\/wp-json\/wp\/v2\/posts\/18558","targetHints":{"allow":["GET"]}}],"collection":[{"href":"https:\/\/www.organisator.ch\/en\/wp-json\/wp\/v2\/posts"}],"about":[{"href":"https:\/\/www.organisator.ch\/en\/wp-json\/wp\/v2\/types\/post"}],"author":[{"embeddable":true,"href":"https:\/\/www.organisator.ch\/en\/wp-json\/wp\/v2\/users\/4"}],"replies":[{"embeddable":true,"href":"https:\/\/www.organisator.ch\/en\/wp-json\/wp\/v2\/comments?post=18558"}],"version-history":[{"count":1,"href":"https:\/\/www.organisator.ch\/en\/wp-json\/wp\/v2\/posts\/18558\/revisions"}],"predecessor-version":[{"id":18562,"href":"https:\/\/www.organisator.ch\/en\/wp-json\/wp\/v2\/posts\/18558\/revisions\/18562"}],"wp:featuredmedia":[{"embeddable":true,"href":"https:\/\/www.organisator.ch\/en\/wp-json\/wp\/v2\/media\/18559"}],"wp:attachment":[{"href":"https:\/\/www.organisator.ch\/en\/wp-json\/wp\/v2\/media?parent=18558"}],"wp:term":[{"taxonomy":"category","embeddable":true,"href":"https:\/\/www.organisator.ch\/en\/wp-json\/wp\/v2\/categories?post=18558"},{"taxonomy":"post_tag","embeddable":true,"href":"https:\/\/www.organisator.ch\/en\/wp-json\/wp\/v2\/tags?post=18558"}],"curies":[{"name":"wp","href":"https:\/\/api.w.org\/{rel}","templated":true}]}}