{"id":1857,"date":"2017-05-03T15:12:00","date_gmt":"2017-05-03T13:12:00","guid":{"rendered":"https:\/\/www.organisator.ch\/?p=1857"},"modified":"2017-05-03T15:12:00","modified_gmt":"2017-05-03T13:12:00","slug":"schweizer-loehne-weiterhin-auf-platz-1-in-europa","status":"publish","type":"post","link":"https:\/\/www.organisator.ch\/en\/management\/2017-05-03\/schweizer-loehne-weiterhin-auf-platz-1-in-europa\/","title":{"rendered":"Swiss wages remain in first place in Europe"},"content":{"rendered":"<figure id=\"attachment_1858\" aria-describedby=\"caption-attachment-1858\" style=\"width: 640px\" class=\"wp-caption alignnone\"><img loading=\"lazy\" decoding=\"async\" class=\"size-full wp-image-1858\" src=\"https:\/\/www.organisator.ch\/wp-content\/uploads\/2017\/05\/Schweizer-Loehne-weiterhin-auf-Platz-1-in-Europa-org-organisator-.jpg\" alt=\"\" width=\"640\" height=\"424\" srcset=\"https:\/\/www.organisator.ch\/wp-content\/uploads\/2017\/05\/Schweizer-Loehne-weiterhin-auf-Platz-1-in-Europa-org-organisator-.jpg 640w, https:\/\/www.organisator.ch\/wp-content\/uploads\/2017\/05\/Schweizer-Loehne-weiterhin-auf-Platz-1-in-Europa-org-organisator--16x12.jpg 16w, https:\/\/www.organisator.ch\/wp-content\/uploads\/2017\/05\/Schweizer-Loehne-weiterhin-auf-Platz-1-in-Europa-org-organisator--264x175.jpg 264w, https:\/\/www.organisator.ch\/wp-content\/uploads\/2017\/05\/Schweizer-Loehne-weiterhin-auf-Platz-1-in-Europa-org-organisator--528x350.jpg 528w, https:\/\/www.organisator.ch\/wp-content\/uploads\/2017\/05\/Schweizer-Loehne-weiterhin-auf-Platz-1-in-Europa-org-organisator--300x199.jpg 300w\" sizes=\"auto, (max-width: 640px) 100vw, 640px\" \/><figcaption id=\"caption-attachment-1858\" class=\"wp-caption-text\">Top salaries also predominate in middle management in Switzerland. (Image: Depositphotos)<\/figcaption><\/figure>\n<p>&nbsp;<\/p>\n<p>Swiss wages are at the top, as shown by the \"<em>Global 50 Remuneration Planning Report\"<\/em> by Willis Towers Watson\". A middle manager in Switzerland earns a median salary of CHF 164,097 per year, while this figure is CHF 89,540 for an entry-level employee. This makes Switzerland the country with the highest salaries within the ranking determined by Willis Towers Watson.<\/p>\n<p>Employees in Switzerland receive a median salary that is around 50% higher than that of the second-placed countries in the respective category: In terms of managerial salaries, Luxembourg ranks second with a value equivalent to CHF 110,388; in terms of salaries for entry-level employees, Denmark is the second-placed country with CHF 59,569<em>.<\/em><\/p>\n<p><strong>Smaller differences when cost of living is taken into account<\/strong><\/p>\n<p>Even if these figures are considered on the basis of purchasing power parity, for which taxes and cost of living are taken into account, middle managers in Switzerland can maintain their top position in Europe with an adjusted annual salary of CHF 97,207. According to this calculation basis, Luxembourg is in second place, followed by Germany in third place, with Ireland and the UK in the subsequent ranks.<\/p>\n<p>The picture is similar for those entering the workforce: here too, the Swiss continue to occupy the top spot with CHF 58,666, ahead of Denmark and Germany, with Belgium and Ireland following in 4th and 5th place.<\/p>\n<p>The conclusion of these calculations: Even though wages are markedly lower overall after taking into account taxes and the cost of living, employees in Switzerland have the greatest purchasing power in all of Europe.<\/p>\n<p>The full version of the most recent edition of the report (2016) is <a href=\"https:\/\/www.wtwdataservices.com\/twds\/public\/ProductCatalog\/product.jsp?versionId=A56309501.\">here<\/a> available.<\/p>","protected":false},"excerpt":{"rendered":"<p>&nbsp; Schweizer L\u00f6hne stehen an der Spitze, dies zeigt der &#8222;Global 50 Remuneration Planning Report&#8220; von Willis Towers Watson&#8220;. Ein Manager der mittleren F\u00fchrungsebene in der Schweiz bezieht ein Mediansal\u00e4r von CHF\u00a0164&#8217;097 im Jahr, w\u00e4hrend dieser Wert bei einem Berufseinsteiger bei CHF\u00a089&#8217;540 liegt. Damit ist die Schweiz das Land mit den h\u00f6chsten L\u00f6hnen innerhalb der [&hellip;]<\/p>\n","protected":false},"author":5,"featured_media":1858,"comment_status":"open","ping_status":"open","sticky":false,"template":"","format":"standard","meta":{"_acf_changed":false,"_yoast_wpseo_focuskw":"Schweizer L\u00f6hne","_yoast_wpseo_metadesc":"Sowohl Berufseinsteiger wie Manager erhalten in der Schweiz hohe L\u00f6hne, zeigt der \"Global 50 Remuneration Planning Report 2016\" von Willis Towers Watson.","articlekey":"","footnotes":""},"categories":[28],"tags":[329,338,412,459],"class_list":["post-1857","post","type-post","status-publish","format-standard","has-post-thumbnail","hentry","category-management","tag-loehne","tag-manager","tag-report","tag-studie"],"acf":[],"yoast_head":"<!-- This site is optimized with the Yoast SEO plugin v27.4 - https:\/\/yoast.com\/product\/yoast-seo-wordpress\/ -->\n<title>Schweizer L\u00f6hne weiterhin auf Platz 1 in Europa - Organisator<\/title>\n<meta name=\"description\" content=\"Sowohl Berufseinsteiger wie Manager erhalten in der Schweiz hohe L\u00f6hne, zeigt der &quot;Global 50 Remuneration Planning Report 2016&quot; von Willis Towers Watson.\" \/>\n<meta name=\"robots\" content=\"index, follow, max-snippet:-1, max-image-preview:large, max-video-preview:-1\" \/>\n<link rel=\"canonical\" href=\"https:\/\/www.organisator.ch\/en\/management\/2017-05-03\/schweizer-loehne-weiterhin-auf-platz-1-in-europa\/\" \/>\n<meta property=\"og:locale\" content=\"en_US\" \/>\n<meta property=\"og:type\" content=\"article\" \/>\n<meta property=\"og:title\" content=\"Schweizer L\u00f6hne weiterhin auf Platz 1 in Europa - Organisator\" \/>\n<meta property=\"og:description\" content=\"Sowohl Berufseinsteiger wie Manager erhalten in der Schweiz hohe L\u00f6hne, zeigt der &quot;Global 50 Remuneration Planning Report 2016&quot; von Willis Towers Watson.\" \/>\n<meta property=\"og:url\" content=\"https:\/\/www.organisator.ch\/en\/management\/2017-05-03\/schweizer-loehne-weiterhin-auf-platz-1-in-europa\/\" \/>\n<meta property=\"og:site_name\" content=\"Organisator\" \/>\n<meta property=\"article:publisher\" content=\"https:\/\/www.facebook.com\/OrganisatorFachmagazin\" \/>\n<meta property=\"article:published_time\" content=\"2017-05-03T13:12:00+00:00\" \/>\n<meta property=\"og:image\" content=\"https:\/\/www.organisator.ch\/wp-content\/uploads\/2017\/05\/Schweizer-Loehne-weiterhin-auf-Platz-1-in-Europa-org-organisator-.jpg\" \/>\n\t<meta property=\"og:image:width\" content=\"640\" \/>\n\t<meta property=\"og:image:height\" content=\"424\" \/>\n\t<meta property=\"og:image:type\" content=\"image\/jpeg\" \/>\n<meta name=\"author\" content=\"michael.merz\" \/>\n<meta name=\"twitter:card\" content=\"summary_large_image\" \/>\n<script type=\"application\/ld+json\" class=\"yoast-schema-graph\">{\"@context\":\"https:\\\/\\\/schema.org\",\"@graph\":[{\"@type\":\"Article\",\"@id\":\"https:\\\/\\\/www.organisator.ch\\\/management\\\/2017-05-03\\\/schweizer-loehne-weiterhin-auf-platz-1-in-europa\\\/#article\",\"isPartOf\":{\"@id\":\"https:\\\/\\\/www.organisator.ch\\\/management\\\/2017-05-03\\\/schweizer-loehne-weiterhin-auf-platz-1-in-europa\\\/\"},\"author\":{\"name\":\"michael.merz\",\"@id\":\"https:\\\/\\\/www.organisator.ch\\\/#\\\/schema\\\/person\\\/134708ca9321c57b0362cceb7948ffbd\"},\"headline\":\"Schweizer L\u00f6hne weiterhin auf Platz 1 in Europa\",\"datePublished\":\"2017-05-03T13:12:00+00:00\",\"mainEntityOfPage\":{\"@id\":\"https:\\\/\\\/www.organisator.ch\\\/management\\\/2017-05-03\\\/schweizer-loehne-weiterhin-auf-platz-1-in-europa\\\/\"},\"wordCount\":296,\"commentCount\":0,\"publisher\":{\"@id\":\"https:\\\/\\\/www.organisator.ch\\\/#organization\"},\"image\":{\"@id\":\"https:\\\/\\\/www.organisator.ch\\\/management\\\/2017-05-03\\\/schweizer-loehne-weiterhin-auf-platz-1-in-europa\\\/#primaryimage\"},\"thumbnailUrl\":\"https:\\\/\\\/www.organisator.ch\\\/wp-content\\\/uploads\\\/2017\\\/05\\\/Schweizer-Loehne-weiterhin-auf-Platz-1-in-Europa-org-organisator-.jpg\",\"keywords\":[\"L\u00f6hne\",\"Manager\",\"Report\",\"Studie\"],\"articleSection\":[\"MANAGEMENT\"],\"inLanguage\":\"en-US\"},{\"@type\":\"WebPage\",\"@id\":\"https:\\\/\\\/www.organisator.ch\\\/management\\\/2017-05-03\\\/schweizer-loehne-weiterhin-auf-platz-1-in-europa\\\/\",\"url\":\"https:\\\/\\\/www.organisator.ch\\\/management\\\/2017-05-03\\\/schweizer-loehne-weiterhin-auf-platz-1-in-europa\\\/\",\"name\":\"Schweizer L\u00f6hne weiterhin auf Platz 1 in Europa - Organisator\",\"isPartOf\":{\"@id\":\"https:\\\/\\\/www.organisator.ch\\\/#website\"},\"primaryImageOfPage\":{\"@id\":\"https:\\\/\\\/www.organisator.ch\\\/management\\\/2017-05-03\\\/schweizer-loehne-weiterhin-auf-platz-1-in-europa\\\/#primaryimage\"},\"image\":{\"@id\":\"https:\\\/\\\/www.organisator.ch\\\/management\\\/2017-05-03\\\/schweizer-loehne-weiterhin-auf-platz-1-in-europa\\\/#primaryimage\"},\"thumbnailUrl\":\"https:\\\/\\\/www.organisator.ch\\\/wp-content\\\/uploads\\\/2017\\\/05\\\/Schweizer-Loehne-weiterhin-auf-Platz-1-in-Europa-org-organisator-.jpg\",\"datePublished\":\"2017-05-03T13:12:00+00:00\",\"description\":\"Sowohl Berufseinsteiger wie Manager erhalten in der Schweiz hohe L\u00f6hne, zeigt der \\\"Global 50 Remuneration Planning Report 2016\\\" von Willis Towers Watson.\",\"breadcrumb\":{\"@id\":\"https:\\\/\\\/www.organisator.ch\\\/management\\\/2017-05-03\\\/schweizer-loehne-weiterhin-auf-platz-1-in-europa\\\/#breadcrumb\"},\"inLanguage\":\"en-US\",\"potentialAction\":[{\"@type\":\"ReadAction\",\"target\":[\"https:\\\/\\\/www.organisator.ch\\\/management\\\/2017-05-03\\\/schweizer-loehne-weiterhin-auf-platz-1-in-europa\\\/\"]}]},{\"@type\":\"ImageObject\",\"inLanguage\":\"en-US\",\"@id\":\"https:\\\/\\\/www.organisator.ch\\\/management\\\/2017-05-03\\\/schweizer-loehne-weiterhin-auf-platz-1-in-europa\\\/#primaryimage\",\"url\":\"https:\\\/\\\/www.organisator.ch\\\/wp-content\\\/uploads\\\/2017\\\/05\\\/Schweizer-Loehne-weiterhin-auf-Platz-1-in-Europa-org-organisator-.jpg\",\"contentUrl\":\"https:\\\/\\\/www.organisator.ch\\\/wp-content\\\/uploads\\\/2017\\\/05\\\/Schweizer-Loehne-weiterhin-auf-Platz-1-in-Europa-org-organisator-.jpg\",\"width\":640,\"height\":424,\"caption\":\"Auch im mittleren Management \u00fcberwiegen die Spitzenl\u00f6hne in der Schweiz. (Bild: Depositphotos)\"},{\"@type\":\"BreadcrumbList\",\"@id\":\"https:\\\/\\\/www.organisator.ch\\\/management\\\/2017-05-03\\\/schweizer-loehne-weiterhin-auf-platz-1-in-europa\\\/#breadcrumb\",\"itemListElement\":[{\"@type\":\"ListItem\",\"position\":1,\"name\":\"Home\",\"item\":\"https:\\\/\\\/www.organisator.ch\\\/\"},{\"@type\":\"ListItem\",\"position\":2,\"name\":\"Schweizer L\u00f6hne weiterhin auf Platz 1 in Europa\"}]},{\"@type\":\"WebSite\",\"@id\":\"https:\\\/\\\/www.organisator.ch\\\/#website\",\"url\":\"https:\\\/\\\/www.organisator.ch\\\/\",\"name\":\"Organisator\",\"description\":\"Kompetent. Praxisnah. Der ORGANISATOR bereitet in 10 Ausgaben pro Jahr die wesentlichen Themen f\u00fcr F\u00fchrungskr\u00e4fte von KMU auf.\",\"publisher\":{\"@id\":\"https:\\\/\\\/www.organisator.ch\\\/#organization\"},\"potentialAction\":[{\"@type\":\"SearchAction\",\"target\":{\"@type\":\"EntryPoint\",\"urlTemplate\":\"https:\\\/\\\/www.organisator.ch\\\/?s={search_term_string}\"},\"query-input\":{\"@type\":\"PropertyValueSpecification\",\"valueRequired\":true,\"valueName\":\"search_term_string\"}}],\"inLanguage\":\"en-US\"},{\"@type\":\"Organization\",\"@id\":\"https:\\\/\\\/www.organisator.ch\\\/#organization\",\"name\":\"Organisator\",\"url\":\"https:\\\/\\\/www.organisator.ch\\\/\",\"logo\":{\"@type\":\"ImageObject\",\"inLanguage\":\"en-US\",\"@id\":\"https:\\\/\\\/www.organisator.ch\\\/#\\\/schema\\\/logo\\\/image\\\/\",\"url\":\"https:\\\/\\\/www.organisator.ch\\\/wp-content\\\/uploads\\\/2022\\\/01\\\/Logo_Organisator_Website.png\",\"contentUrl\":\"https:\\\/\\\/www.organisator.ch\\\/wp-content\\\/uploads\\\/2022\\\/01\\\/Logo_Organisator_Website.png\",\"width\":800,\"height\":77,\"caption\":\"Organisator\"},\"image\":{\"@id\":\"https:\\\/\\\/www.organisator.ch\\\/#\\\/schema\\\/logo\\\/image\\\/\"},\"sameAs\":[\"https:\\\/\\\/www.facebook.com\\\/OrganisatorFachmagazin\",\"https:\\\/\\\/www.linkedin.com\\\/showcase\\\/organisator-das-magazin-fr-kmu\",\"https:\\\/\\\/www.xing.com\\\/news\\\/pages\\\/organisator-ch-695\",\"https:\\\/\\\/www.youtube.com\\\/channel\\\/UCGP2Sq0iWaZwT3BdIAQFYpw\"]},{\"@type\":\"Person\",\"@id\":\"https:\\\/\\\/www.organisator.ch\\\/#\\\/schema\\\/person\\\/134708ca9321c57b0362cceb7948ffbd\",\"name\":\"michael.merz\",\"image\":{\"@type\":\"ImageObject\",\"inLanguage\":\"en-US\",\"@id\":\"https:\\\/\\\/secure.gravatar.com\\\/avatar\\\/?s=96&d=mm&r=g\",\"url\":\"https:\\\/\\\/secure.gravatar.com\\\/avatar\\\/?s=96&d=mm&r=g\",\"contentUrl\":\"https:\\\/\\\/secure.gravatar.com\\\/avatar\\\/?s=96&d=mm&r=g\",\"caption\":\"michael.merz\"},\"url\":\"https:\\\/\\\/www.organisator.ch\\\/en\\\/author\\\/michael-merz\\\/\"}]}<\/script>\n<!-- \/ Yoast SEO plugin. -->","yoast_head_json":{"title":"Swiss wages remain in first place in Europe - Organizer","description":"Both entry-level employees and managers receive high salaries in Switzerland, shows the \"Global 50 Remuneration Planning Report 2016\" by Willis Towers Watson.","robots":{"index":"index","follow":"follow","max-snippet":"max-snippet:-1","max-image-preview":"max-image-preview:large","max-video-preview":"max-video-preview:-1"},"canonical":"https:\/\/www.organisator.ch\/en\/management\/2017-05-03\/schweizer-loehne-weiterhin-auf-platz-1-in-europa\/","og_locale":"en_US","og_type":"article","og_title":"Schweizer L\u00f6hne weiterhin auf Platz 1 in Europa - Organisator","og_description":"Sowohl Berufseinsteiger wie Manager erhalten in der Schweiz hohe L\u00f6hne, zeigt der \"Global 50 Remuneration Planning Report 2016\" von Willis Towers Watson.","og_url":"https:\/\/www.organisator.ch\/en\/management\/2017-05-03\/schweizer-loehne-weiterhin-auf-platz-1-in-europa\/","og_site_name":"Organisator","article_publisher":"https:\/\/www.facebook.com\/OrganisatorFachmagazin","article_published_time":"2017-05-03T13:12:00+00:00","og_image":[{"width":640,"height":424,"url":"https:\/\/www.organisator.ch\/wp-content\/uploads\/2017\/05\/Schweizer-Loehne-weiterhin-auf-Platz-1-in-Europa-org-organisator-.jpg","type":"image\/jpeg"}],"author":"michael.merz","twitter_card":"summary_large_image","schema":{"@context":"https:\/\/schema.org","@graph":[{"@type":"Article","@id":"https:\/\/www.organisator.ch\/management\/2017-05-03\/schweizer-loehne-weiterhin-auf-platz-1-in-europa\/#article","isPartOf":{"@id":"https:\/\/www.organisator.ch\/management\/2017-05-03\/schweizer-loehne-weiterhin-auf-platz-1-in-europa\/"},"author":{"name":"michael.merz","@id":"https:\/\/www.organisator.ch\/#\/schema\/person\/134708ca9321c57b0362cceb7948ffbd"},"headline":"Schweizer L\u00f6hne weiterhin auf Platz 1 in Europa","datePublished":"2017-05-03T13:12:00+00:00","mainEntityOfPage":{"@id":"https:\/\/www.organisator.ch\/management\/2017-05-03\/schweizer-loehne-weiterhin-auf-platz-1-in-europa\/"},"wordCount":296,"commentCount":0,"publisher":{"@id":"https:\/\/www.organisator.ch\/#organization"},"image":{"@id":"https:\/\/www.organisator.ch\/management\/2017-05-03\/schweizer-loehne-weiterhin-auf-platz-1-in-europa\/#primaryimage"},"thumbnailUrl":"https:\/\/www.organisator.ch\/wp-content\/uploads\/2017\/05\/Schweizer-Loehne-weiterhin-auf-Platz-1-in-Europa-org-organisator-.jpg","keywords":["L\u00f6hne","Manager","Report","Studie"],"articleSection":["MANAGEMENT"],"inLanguage":"en-US"},{"@type":"WebPage","@id":"https:\/\/www.organisator.ch\/management\/2017-05-03\/schweizer-loehne-weiterhin-auf-platz-1-in-europa\/","url":"https:\/\/www.organisator.ch\/management\/2017-05-03\/schweizer-loehne-weiterhin-auf-platz-1-in-europa\/","name":"Swiss wages remain in first place in Europe - Organizer","isPartOf":{"@id":"https:\/\/www.organisator.ch\/#website"},"primaryImageOfPage":{"@id":"https:\/\/www.organisator.ch\/management\/2017-05-03\/schweizer-loehne-weiterhin-auf-platz-1-in-europa\/#primaryimage"},"image":{"@id":"https:\/\/www.organisator.ch\/management\/2017-05-03\/schweizer-loehne-weiterhin-auf-platz-1-in-europa\/#primaryimage"},"thumbnailUrl":"https:\/\/www.organisator.ch\/wp-content\/uploads\/2017\/05\/Schweizer-Loehne-weiterhin-auf-Platz-1-in-Europa-org-organisator-.jpg","datePublished":"2017-05-03T13:12:00+00:00","description":"Both entry-level employees and managers receive high salaries in Switzerland, shows the \"Global 50 Remuneration Planning Report 2016\" by Willis Towers Watson.","breadcrumb":{"@id":"https:\/\/www.organisator.ch\/management\/2017-05-03\/schweizer-loehne-weiterhin-auf-platz-1-in-europa\/#breadcrumb"},"inLanguage":"en-US","potentialAction":[{"@type":"ReadAction","target":["https:\/\/www.organisator.ch\/management\/2017-05-03\/schweizer-loehne-weiterhin-auf-platz-1-in-europa\/"]}]},{"@type":"ImageObject","inLanguage":"en-US","@id":"https:\/\/www.organisator.ch\/management\/2017-05-03\/schweizer-loehne-weiterhin-auf-platz-1-in-europa\/#primaryimage","url":"https:\/\/www.organisator.ch\/wp-content\/uploads\/2017\/05\/Schweizer-Loehne-weiterhin-auf-Platz-1-in-Europa-org-organisator-.jpg","contentUrl":"https:\/\/www.organisator.ch\/wp-content\/uploads\/2017\/05\/Schweizer-Loehne-weiterhin-auf-Platz-1-in-Europa-org-organisator-.jpg","width":640,"height":424,"caption":"Auch im mittleren Management \u00fcberwiegen die Spitzenl\u00f6hne in der Schweiz. (Bild: Depositphotos)"},{"@type":"BreadcrumbList","@id":"https:\/\/www.organisator.ch\/management\/2017-05-03\/schweizer-loehne-weiterhin-auf-platz-1-in-europa\/#breadcrumb","itemListElement":[{"@type":"ListItem","position":1,"name":"Home","item":"https:\/\/www.organisator.ch\/"},{"@type":"ListItem","position":2,"name":"Schweizer L\u00f6hne weiterhin auf Platz 1 in Europa"}]},{"@type":"WebSite","@id":"https:\/\/www.organisator.ch\/#website","url":"https:\/\/www.organisator.ch\/","name":"Organizer","description":"Competent. Practical. In 10 issues per year, ORGANISATOR presents the essential topics for managers of SMEs.","publisher":{"@id":"https:\/\/www.organisator.ch\/#organization"},"potentialAction":[{"@type":"SearchAction","target":{"@type":"EntryPoint","urlTemplate":"https:\/\/www.organisator.ch\/?s={search_term_string}"},"query-input":{"@type":"PropertyValueSpecification","valueRequired":true,"valueName":"search_term_string"}}],"inLanguage":"en-US"},{"@type":"Organization","@id":"https:\/\/www.organisator.ch\/#organization","name":"Organizer","url":"https:\/\/www.organisator.ch\/","logo":{"@type":"ImageObject","inLanguage":"en-US","@id":"https:\/\/www.organisator.ch\/#\/schema\/logo\/image\/","url":"https:\/\/www.organisator.ch\/wp-content\/uploads\/2022\/01\/Logo_Organisator_Website.png","contentUrl":"https:\/\/www.organisator.ch\/wp-content\/uploads\/2022\/01\/Logo_Organisator_Website.png","width":800,"height":77,"caption":"Organisator"},"image":{"@id":"https:\/\/www.organisator.ch\/#\/schema\/logo\/image\/"},"sameAs":["https:\/\/www.facebook.com\/OrganisatorFachmagazin","https:\/\/www.linkedin.com\/showcase\/organisator-das-magazin-fr-kmu","https:\/\/www.xing.com\/news\/pages\/organisator-ch-695","https:\/\/www.youtube.com\/channel\/UCGP2Sq0iWaZwT3BdIAQFYpw"]},{"@type":"Person","@id":"https:\/\/www.organisator.ch\/#\/schema\/person\/134708ca9321c57b0362cceb7948ffbd","name":"michael.merz","image":{"@type":"ImageObject","inLanguage":"en-US","@id":"https:\/\/secure.gravatar.com\/avatar\/?s=96&d=mm&r=g","url":"https:\/\/secure.gravatar.com\/avatar\/?s=96&d=mm&r=g","contentUrl":"https:\/\/secure.gravatar.com\/avatar\/?s=96&d=mm&r=g","caption":"michael.merz"},"url":"https:\/\/www.organisator.ch\/en\/author\/michael-merz\/"}]}},"_links":{"self":[{"href":"https:\/\/www.organisator.ch\/en\/wp-json\/wp\/v2\/posts\/1857","targetHints":{"allow":["GET"]}}],"collection":[{"href":"https:\/\/www.organisator.ch\/en\/wp-json\/wp\/v2\/posts"}],"about":[{"href":"https:\/\/www.organisator.ch\/en\/wp-json\/wp\/v2\/types\/post"}],"author":[{"embeddable":true,"href":"https:\/\/www.organisator.ch\/en\/wp-json\/wp\/v2\/users\/5"}],"replies":[{"embeddable":true,"href":"https:\/\/www.organisator.ch\/en\/wp-json\/wp\/v2\/comments?post=1857"}],"version-history":[{"count":0,"href":"https:\/\/www.organisator.ch\/en\/wp-json\/wp\/v2\/posts\/1857\/revisions"}],"wp:featuredmedia":[{"embeddable":true,"href":"https:\/\/www.organisator.ch\/en\/wp-json\/wp\/v2\/media\/1858"}],"wp:attachment":[{"href":"https:\/\/www.organisator.ch\/en\/wp-json\/wp\/v2\/media?parent=1857"}],"wp:term":[{"taxonomy":"category","embeddable":true,"href":"https:\/\/www.organisator.ch\/en\/wp-json\/wp\/v2\/categories?post=1857"},{"taxonomy":"post_tag","embeddable":true,"href":"https:\/\/www.organisator.ch\/en\/wp-json\/wp\/v2\/tags?post=1857"}],"curies":[{"name":"wp","href":"https:\/\/api.w.org\/{rel}","templated":true}]}}