{"id":18571,"date":"2023-01-24T08:12:55","date_gmt":"2023-01-24T07:12:55","guid":{"rendered":"https:\/\/www.organisator.ch\/?p=18571"},"modified":"2023-01-24T08:12:55","modified_gmt":"2023-01-24T07:12:55","slug":"livia-moretti-wird-neue-ceo-der-bank-cic","status":"publish","type":"post","link":"https:\/\/www.organisator.ch\/en\/management\/2023-01-24\/livia-moretti-wird-neue-ceo-der-bank-cic\/","title":{"rendered":"Livia Moretti becomes new CEO of Bank CIC"},"content":{"rendered":"<figure id=\"attachment_18572\" aria-describedby=\"caption-attachment-18572\" style=\"width: 680px\" class=\"wp-caption alignnone\"><img loading=\"lazy\" decoding=\"async\" class=\"size-full wp-image-18572\" src=\"https:\/\/www.organisator.ch\/wp-content\/uploads\/2023\/01\/Livia-Moretti-wird-neue-CEO-der-Bank-CIC_Organisator.jpg\" alt=\"\" width=\"680\" height=\"463\" srcset=\"https:\/\/www.organisator.ch\/wp-content\/uploads\/2023\/01\/Livia-Moretti-wird-neue-CEO-der-Bank-CIC_Organisator.jpg 680w, https:\/\/www.organisator.ch\/wp-content\/uploads\/2023\/01\/Livia-Moretti-wird-neue-CEO-der-Bank-CIC_Organisator-18x12.jpg 18w, https:\/\/www.organisator.ch\/wp-content\/uploads\/2023\/01\/Livia-Moretti-wird-neue-CEO-der-Bank-CIC_Organisator-375x255.jpg 375w, https:\/\/www.organisator.ch\/wp-content\/uploads\/2023\/01\/Livia-Moretti-wird-neue-CEO-der-Bank-CIC_Organisator-514x350.jpg 514w\" sizes=\"auto, (max-width: 680px) 100vw, 680px\" \/><figcaption id=\"caption-attachment-18572\" class=\"wp-caption-text\">Livia Moretti is the new CEO of Bank CIC (Switzerland) in Basel as of February 1, 2023. (Image: zVg \/ Bank CIC)<\/figcaption><\/figure>\n<p>Since December 23, 2022, Bank CIC (Switzerland) has been managed on an interim basis by David Fusi. Now Livia Moretti becomes the new CEO. She has a solid and extensive international management, banking and financial expertise. For the last ten years, she was a member of the Executive Board of the European Central Bank, where she acquired extensive knowledge of international banking strategy, practice and regulation. In this capacity, she managed multicultural teams spread across several countries. Livia Moretti is a Luxembourg national and started her banking career with a private banking group in Luxembourg, where she worked for eight years in various functions. In addition to English, she is fluent in French, German and Italian. She holds a Master's degree in \"Economy of Financial Institutions and Markets\" from the Universit\u00e0 Commerciale Luigi Bocconi in Milan. She lives with her family in Basel. Livia Moretti will step down as CEO on February 1, 2023, at which time David Fusi will return to his client service responsibilities at Bank CIC (Switzerland) Ltd.<\/p>\n<p>\"The best way to predict the future is to shape it yourself,\" says Livia Moretti of her new role. \"I am convinced that through the commitment and professionalism of our teams, we will achieve our ambitious goals.\" \u00c9ric Charpentier, Chairman of the Board of Directors of Bank CIC (Switzerland) Ltd, emphasizes, \"With her many years of experience in the international financial sector, Ms. Livia Moretti is the ideal person to take on the responsible role of CEO. On behalf of the entire Board of Directors of Bank CIC, I wish her every success and pleasure in her new position.\"<\/p>\n<p>Bank CIC (Switzerland) was founded in 1871 by Basel entrepreneurs to meet the financial needs of businesses. It currently employs 430 people at ten locations in Switzerland. Today, the bank is a subsidiary of the French Cr\u00e9dit Mutuel Group.<\/p>\n<p><em>Source: <a href=\"http:\/\/www.cic.ch\">Bank CIC (Switzerland)<\/a><\/em><\/p>","protected":false},"excerpt":{"rendered":"<p>Seit 23. Dezember 2022 wurde die Bank CIC (Schweiz) interimistisch durch David Fusi geleitet. Nun wird Livia Moretti neue CEO. Sie verf\u00fcgt \u00fcber eine solide und umfassende internationale Management-, Bank- und Finanzkompetenz. In den letzten zehn Jahren war sie Mitglied der Direktion der Europ\u00e4ischen Zentralbank, wo sie sich umfangreiche Kenntnisse \u00fcber die Strategie, Praxis und [&hellip;]<\/p>\n","protected":false},"author":4,"featured_media":18572,"comment_status":"closed","ping_status":"closed","sticky":false,"template":"","format":"standard","meta":{"_acf_changed":false,"_yoast_wpseo_focuskw":"Livia Moretti","_yoast_wpseo_metadesc":"Der Verwaltungsrat der Bank CIC (Schweiz) AG hat Livia Moretti zur CEO ernannt. Sie wird ihre Arbeit am 1. Februar 2023 aufnehmen.","articlekey":"","footnotes":""},"categories":[28],"tags":[69,335,381],"class_list":["post-18571","post","type-post","status-publish","format-standard","has-post-thumbnail","hentry","category-management","tag-banken","tag-management-und-unternehmensfuehrung","tag-personalia"],"acf":[],"yoast_head":"<!-- This site is optimized with the Yoast SEO plugin v27.4 - https:\/\/yoast.com\/product\/yoast-seo-wordpress\/ -->\n<title>Livia Moretti wird neue CEO der Bank CIC - Organisator<\/title>\n<meta name=\"description\" content=\"Der Verwaltungsrat der Bank CIC (Schweiz) AG hat Livia Moretti zur CEO ernannt. Sie wird ihre Arbeit am 1. Februar 2023 aufnehmen.\" \/>\n<meta name=\"robots\" content=\"index, follow, max-snippet:-1, max-image-preview:large, max-video-preview:-1\" \/>\n<link rel=\"canonical\" href=\"https:\/\/www.organisator.ch\/en\/management\/2023-01-24\/livia-moretti-wird-neue-ceo-der-bank-cic\/\" \/>\n<meta property=\"og:locale\" content=\"en_US\" \/>\n<meta property=\"og:type\" content=\"article\" \/>\n<meta property=\"og:title\" content=\"Livia Moretti wird neue CEO der Bank CIC\" \/>\n<meta property=\"og:description\" content=\"Der Verwaltungsrat der Bank CIC (Schweiz) AG hat Livia Moretti zur CEO ernannt. Sie wird ihre Arbeit am 1. Februar 2023 aufnehmen.\" \/>\n<meta property=\"og:url\" content=\"https:\/\/www.organisator.ch\/en\/management\/2023-01-24\/livia-moretti-wird-neue-ceo-der-bank-cic\/\" \/>\n<meta property=\"og:site_name\" content=\"Organisator\" \/>\n<meta property=\"article:publisher\" content=\"https:\/\/www.facebook.com\/OrganisatorFachmagazin\" \/>\n<meta property=\"article:published_time\" content=\"2023-01-24T07:12:55+00:00\" \/>\n<meta property=\"og:image\" content=\"https:\/\/www.organisator.ch\/wp-content\/uploads\/2023\/01\/Livia-Moretti-wird-neue-CEO-der-Bank-CIC_Organisator.jpg\" \/>\n\t<meta property=\"og:image:width\" content=\"680\" \/>\n\t<meta property=\"og:image:height\" content=\"463\" \/>\n\t<meta property=\"og:image:type\" content=\"image\/jpeg\" \/>\n<meta name=\"author\" content=\"thomas.berner\" \/>\n<meta name=\"twitter:card\" content=\"summary_large_image\" \/>\n<meta name=\"twitter:title\" content=\"Livia #Moretti wird neue #CEO der Bank #CIC\" \/>\n<meta name=\"twitter:description\" content=\"Der #Verwaltungsrat der Bank #CIC (Schweiz) AG hat Livia #Moretti zur CEO ernannt. Sie wird ihre Arbeit am 1. Februar 2023 aufnehmen.\" \/>\n<meta name=\"twitter:image\" content=\"https:\/\/www.organisator.ch\/wp-content\/uploads\/2023\/01\/Livia-Moretti-wird-neue-CEO-der-Bank-CIC_Organisator.jpg\" \/>\n<script type=\"application\/ld+json\" class=\"yoast-schema-graph\">{\"@context\":\"https:\\\/\\\/schema.org\",\"@graph\":[{\"@type\":\"Article\",\"@id\":\"https:\\\/\\\/www.organisator.ch\\\/management\\\/2023-01-24\\\/livia-moretti-wird-neue-ceo-der-bank-cic\\\/#article\",\"isPartOf\":{\"@id\":\"https:\\\/\\\/www.organisator.ch\\\/management\\\/2023-01-24\\\/livia-moretti-wird-neue-ceo-der-bank-cic\\\/\"},\"author\":{\"name\":\"thomas.berner\",\"@id\":\"https:\\\/\\\/www.organisator.ch\\\/#\\\/schema\\\/person\\\/6f650f90b2842cd4c0cc334b4e36f67e\"},\"headline\":\"Livia Moretti wird neue CEO der Bank CIC\",\"datePublished\":\"2023-01-24T07:12:55+00:00\",\"mainEntityOfPage\":{\"@id\":\"https:\\\/\\\/www.organisator.ch\\\/management\\\/2023-01-24\\\/livia-moretti-wird-neue-ceo-der-bank-cic\\\/\"},\"wordCount\":331,\"publisher\":{\"@id\":\"https:\\\/\\\/www.organisator.ch\\\/#organization\"},\"image\":{\"@id\":\"https:\\\/\\\/www.organisator.ch\\\/management\\\/2023-01-24\\\/livia-moretti-wird-neue-ceo-der-bank-cic\\\/#primaryimage\"},\"thumbnailUrl\":\"https:\\\/\\\/www.organisator.ch\\\/wp-content\\\/uploads\\\/2023\\\/01\\\/Livia-Moretti-wird-neue-CEO-der-Bank-CIC_Organisator.jpg\",\"keywords\":[\"Banken\",\"Management und Unternehmensf\u00fchrung\",\"Personalia\"],\"articleSection\":[\"MANAGEMENT\"],\"inLanguage\":\"en-US\"},{\"@type\":\"WebPage\",\"@id\":\"https:\\\/\\\/www.organisator.ch\\\/management\\\/2023-01-24\\\/livia-moretti-wird-neue-ceo-der-bank-cic\\\/\",\"url\":\"https:\\\/\\\/www.organisator.ch\\\/management\\\/2023-01-24\\\/livia-moretti-wird-neue-ceo-der-bank-cic\\\/\",\"name\":\"Livia Moretti wird neue CEO der Bank CIC - Organisator\",\"isPartOf\":{\"@id\":\"https:\\\/\\\/www.organisator.ch\\\/#website\"},\"primaryImageOfPage\":{\"@id\":\"https:\\\/\\\/www.organisator.ch\\\/management\\\/2023-01-24\\\/livia-moretti-wird-neue-ceo-der-bank-cic\\\/#primaryimage\"},\"image\":{\"@id\":\"https:\\\/\\\/www.organisator.ch\\\/management\\\/2023-01-24\\\/livia-moretti-wird-neue-ceo-der-bank-cic\\\/#primaryimage\"},\"thumbnailUrl\":\"https:\\\/\\\/www.organisator.ch\\\/wp-content\\\/uploads\\\/2023\\\/01\\\/Livia-Moretti-wird-neue-CEO-der-Bank-CIC_Organisator.jpg\",\"datePublished\":\"2023-01-24T07:12:55+00:00\",\"description\":\"Der Verwaltungsrat der Bank CIC (Schweiz) AG hat Livia Moretti zur CEO ernannt. Sie wird ihre Arbeit am 1. Februar 2023 aufnehmen.\",\"breadcrumb\":{\"@id\":\"https:\\\/\\\/www.organisator.ch\\\/management\\\/2023-01-24\\\/livia-moretti-wird-neue-ceo-der-bank-cic\\\/#breadcrumb\"},\"inLanguage\":\"en-US\",\"potentialAction\":[{\"@type\":\"ReadAction\",\"target\":[\"https:\\\/\\\/www.organisator.ch\\\/management\\\/2023-01-24\\\/livia-moretti-wird-neue-ceo-der-bank-cic\\\/\"]}]},{\"@type\":\"ImageObject\",\"inLanguage\":\"en-US\",\"@id\":\"https:\\\/\\\/www.organisator.ch\\\/management\\\/2023-01-24\\\/livia-moretti-wird-neue-ceo-der-bank-cic\\\/#primaryimage\",\"url\":\"https:\\\/\\\/www.organisator.ch\\\/wp-content\\\/uploads\\\/2023\\\/01\\\/Livia-Moretti-wird-neue-CEO-der-Bank-CIC_Organisator.jpg\",\"contentUrl\":\"https:\\\/\\\/www.organisator.ch\\\/wp-content\\\/uploads\\\/2023\\\/01\\\/Livia-Moretti-wird-neue-CEO-der-Bank-CIC_Organisator.jpg\",\"width\":680,\"height\":463,\"caption\":\"Livia Moretti ist ab 1. Februar 2023 neue CEO der Bank CIC (Schweiz) in Basel. (Bild: zVg \\\/ Bank CIC)\"},{\"@type\":\"BreadcrumbList\",\"@id\":\"https:\\\/\\\/www.organisator.ch\\\/management\\\/2023-01-24\\\/livia-moretti-wird-neue-ceo-der-bank-cic\\\/#breadcrumb\",\"itemListElement\":[{\"@type\":\"ListItem\",\"position\":1,\"name\":\"Home\",\"item\":\"https:\\\/\\\/www.organisator.ch\\\/\"},{\"@type\":\"ListItem\",\"position\":2,\"name\":\"Livia Moretti wird neue CEO der Bank CIC\"}]},{\"@type\":\"WebSite\",\"@id\":\"https:\\\/\\\/www.organisator.ch\\\/#website\",\"url\":\"https:\\\/\\\/www.organisator.ch\\\/\",\"name\":\"Organisator\",\"description\":\"Kompetent. Praxisnah. Der ORGANISATOR bereitet in 10 Ausgaben pro Jahr die wesentlichen Themen f\u00fcr F\u00fchrungskr\u00e4fte von KMU auf.\",\"publisher\":{\"@id\":\"https:\\\/\\\/www.organisator.ch\\\/#organization\"},\"potentialAction\":[{\"@type\":\"SearchAction\",\"target\":{\"@type\":\"EntryPoint\",\"urlTemplate\":\"https:\\\/\\\/www.organisator.ch\\\/?s={search_term_string}\"},\"query-input\":{\"@type\":\"PropertyValueSpecification\",\"valueRequired\":true,\"valueName\":\"search_term_string\"}}],\"inLanguage\":\"en-US\"},{\"@type\":\"Organization\",\"@id\":\"https:\\\/\\\/www.organisator.ch\\\/#organization\",\"name\":\"Organisator\",\"url\":\"https:\\\/\\\/www.organisator.ch\\\/\",\"logo\":{\"@type\":\"ImageObject\",\"inLanguage\":\"en-US\",\"@id\":\"https:\\\/\\\/www.organisator.ch\\\/#\\\/schema\\\/logo\\\/image\\\/\",\"url\":\"https:\\\/\\\/www.organisator.ch\\\/wp-content\\\/uploads\\\/2022\\\/01\\\/Logo_Organisator_Website.png\",\"contentUrl\":\"https:\\\/\\\/www.organisator.ch\\\/wp-content\\\/uploads\\\/2022\\\/01\\\/Logo_Organisator_Website.png\",\"width\":800,\"height\":77,\"caption\":\"Organisator\"},\"image\":{\"@id\":\"https:\\\/\\\/www.organisator.ch\\\/#\\\/schema\\\/logo\\\/image\\\/\"},\"sameAs\":[\"https:\\\/\\\/www.facebook.com\\\/OrganisatorFachmagazin\",\"https:\\\/\\\/www.linkedin.com\\\/showcase\\\/organisator-das-magazin-fr-kmu\",\"https:\\\/\\\/www.xing.com\\\/news\\\/pages\\\/organisator-ch-695\",\"https:\\\/\\\/www.youtube.com\\\/channel\\\/UCGP2Sq0iWaZwT3BdIAQFYpw\"]},{\"@type\":\"Person\",\"@id\":\"https:\\\/\\\/www.organisator.ch\\\/#\\\/schema\\\/person\\\/6f650f90b2842cd4c0cc334b4e36f67e\",\"name\":\"thomas.berner\",\"image\":{\"@type\":\"ImageObject\",\"inLanguage\":\"en-US\",\"@id\":\"https:\\\/\\\/secure.gravatar.com\\\/avatar\\\/ac5001d2a36cb6c6cd3e50789007ffca834b477b74a2144564522e944eabff61?s=96&d=mm&r=g\",\"url\":\"https:\\\/\\\/secure.gravatar.com\\\/avatar\\\/ac5001d2a36cb6c6cd3e50789007ffca834b477b74a2144564522e944eabff61?s=96&d=mm&r=g\",\"contentUrl\":\"https:\\\/\\\/secure.gravatar.com\\\/avatar\\\/ac5001d2a36cb6c6cd3e50789007ffca834b477b74a2144564522e944eabff61?s=96&d=mm&r=g\",\"caption\":\"thomas.berner\"},\"url\":\"https:\\\/\\\/www.organisator.ch\\\/en\\\/author\\\/thomas-berner\\\/\"}]}<\/script>\n<!-- \/ Yoast SEO plugin. -->","yoast_head_json":{"title":"Livia Moretti becomes new CEO of Bank CIC - Organizer","description":"The Board of Directors of Bank CIC (Switzerland) Ltd. has appointed Livia Moretti as CEO. She will take up her duties on February 1, 2023.","robots":{"index":"index","follow":"follow","max-snippet":"max-snippet:-1","max-image-preview":"max-image-preview:large","max-video-preview":"max-video-preview:-1"},"canonical":"https:\/\/www.organisator.ch\/en\/management\/2023-01-24\/livia-moretti-wird-neue-ceo-der-bank-cic\/","og_locale":"en_US","og_type":"article","og_title":"Livia Moretti wird neue CEO der Bank CIC","og_description":"Der Verwaltungsrat der Bank CIC (Schweiz) AG hat Livia Moretti zur CEO ernannt. Sie wird ihre Arbeit am 1. Februar 2023 aufnehmen.","og_url":"https:\/\/www.organisator.ch\/en\/management\/2023-01-24\/livia-moretti-wird-neue-ceo-der-bank-cic\/","og_site_name":"Organisator","article_publisher":"https:\/\/www.facebook.com\/OrganisatorFachmagazin","article_published_time":"2023-01-24T07:12:55+00:00","og_image":[{"width":680,"height":463,"url":"https:\/\/www.organisator.ch\/wp-content\/uploads\/2023\/01\/Livia-Moretti-wird-neue-CEO-der-Bank-CIC_Organisator.jpg","type":"image\/jpeg"}],"author":"thomas.berner","twitter_card":"summary_large_image","twitter_title":"Livia #Moretti wird neue #CEO der Bank #CIC","twitter_description":"Der #Verwaltungsrat der Bank #CIC (Schweiz) AG hat Livia #Moretti zur CEO ernannt. Sie wird ihre Arbeit am 1. Februar 2023 aufnehmen.","twitter_image":"https:\/\/www.organisator.ch\/wp-content\/uploads\/2023\/01\/Livia-Moretti-wird-neue-CEO-der-Bank-CIC_Organisator.jpg","schema":{"@context":"https:\/\/schema.org","@graph":[{"@type":"Article","@id":"https:\/\/www.organisator.ch\/management\/2023-01-24\/livia-moretti-wird-neue-ceo-der-bank-cic\/#article","isPartOf":{"@id":"https:\/\/www.organisator.ch\/management\/2023-01-24\/livia-moretti-wird-neue-ceo-der-bank-cic\/"},"author":{"name":"thomas.berner","@id":"https:\/\/www.organisator.ch\/#\/schema\/person\/6f650f90b2842cd4c0cc334b4e36f67e"},"headline":"Livia Moretti wird neue CEO der Bank CIC","datePublished":"2023-01-24T07:12:55+00:00","mainEntityOfPage":{"@id":"https:\/\/www.organisator.ch\/management\/2023-01-24\/livia-moretti-wird-neue-ceo-der-bank-cic\/"},"wordCount":331,"publisher":{"@id":"https:\/\/www.organisator.ch\/#organization"},"image":{"@id":"https:\/\/www.organisator.ch\/management\/2023-01-24\/livia-moretti-wird-neue-ceo-der-bank-cic\/#primaryimage"},"thumbnailUrl":"https:\/\/www.organisator.ch\/wp-content\/uploads\/2023\/01\/Livia-Moretti-wird-neue-CEO-der-Bank-CIC_Organisator.jpg","keywords":["Banken","Management und Unternehmensf\u00fchrung","Personalia"],"articleSection":["MANAGEMENT"],"inLanguage":"en-US"},{"@type":"WebPage","@id":"https:\/\/www.organisator.ch\/management\/2023-01-24\/livia-moretti-wird-neue-ceo-der-bank-cic\/","url":"https:\/\/www.organisator.ch\/management\/2023-01-24\/livia-moretti-wird-neue-ceo-der-bank-cic\/","name":"Livia Moretti becomes new CEO of Bank CIC - Organizer","isPartOf":{"@id":"https:\/\/www.organisator.ch\/#website"},"primaryImageOfPage":{"@id":"https:\/\/www.organisator.ch\/management\/2023-01-24\/livia-moretti-wird-neue-ceo-der-bank-cic\/#primaryimage"},"image":{"@id":"https:\/\/www.organisator.ch\/management\/2023-01-24\/livia-moretti-wird-neue-ceo-der-bank-cic\/#primaryimage"},"thumbnailUrl":"https:\/\/www.organisator.ch\/wp-content\/uploads\/2023\/01\/Livia-Moretti-wird-neue-CEO-der-Bank-CIC_Organisator.jpg","datePublished":"2023-01-24T07:12:55+00:00","description":"The Board of Directors of Bank CIC (Switzerland) Ltd. has appointed Livia Moretti as CEO. She will take up her duties on February 1, 2023.","breadcrumb":{"@id":"https:\/\/www.organisator.ch\/management\/2023-01-24\/livia-moretti-wird-neue-ceo-der-bank-cic\/#breadcrumb"},"inLanguage":"en-US","potentialAction":[{"@type":"ReadAction","target":["https:\/\/www.organisator.ch\/management\/2023-01-24\/livia-moretti-wird-neue-ceo-der-bank-cic\/"]}]},{"@type":"ImageObject","inLanguage":"en-US","@id":"https:\/\/www.organisator.ch\/management\/2023-01-24\/livia-moretti-wird-neue-ceo-der-bank-cic\/#primaryimage","url":"https:\/\/www.organisator.ch\/wp-content\/uploads\/2023\/01\/Livia-Moretti-wird-neue-CEO-der-Bank-CIC_Organisator.jpg","contentUrl":"https:\/\/www.organisator.ch\/wp-content\/uploads\/2023\/01\/Livia-Moretti-wird-neue-CEO-der-Bank-CIC_Organisator.jpg","width":680,"height":463,"caption":"Livia Moretti ist ab 1. Februar 2023 neue CEO der Bank CIC (Schweiz) in Basel. (Bild: zVg \/ Bank CIC)"},{"@type":"BreadcrumbList","@id":"https:\/\/www.organisator.ch\/management\/2023-01-24\/livia-moretti-wird-neue-ceo-der-bank-cic\/#breadcrumb","itemListElement":[{"@type":"ListItem","position":1,"name":"Home","item":"https:\/\/www.organisator.ch\/"},{"@type":"ListItem","position":2,"name":"Livia Moretti wird neue CEO der Bank CIC"}]},{"@type":"WebSite","@id":"https:\/\/www.organisator.ch\/#website","url":"https:\/\/www.organisator.ch\/","name":"Organizer","description":"Competent. Practical. In 10 issues per year, ORGANISATOR presents the essential topics for managers of SMEs.","publisher":{"@id":"https:\/\/www.organisator.ch\/#organization"},"potentialAction":[{"@type":"SearchAction","target":{"@type":"EntryPoint","urlTemplate":"https:\/\/www.organisator.ch\/?s={search_term_string}"},"query-input":{"@type":"PropertyValueSpecification","valueRequired":true,"valueName":"search_term_string"}}],"inLanguage":"en-US"},{"@type":"Organization","@id":"https:\/\/www.organisator.ch\/#organization","name":"Organizer","url":"https:\/\/www.organisator.ch\/","logo":{"@type":"ImageObject","inLanguage":"en-US","@id":"https:\/\/www.organisator.ch\/#\/schema\/logo\/image\/","url":"https:\/\/www.organisator.ch\/wp-content\/uploads\/2022\/01\/Logo_Organisator_Website.png","contentUrl":"https:\/\/www.organisator.ch\/wp-content\/uploads\/2022\/01\/Logo_Organisator_Website.png","width":800,"height":77,"caption":"Organisator"},"image":{"@id":"https:\/\/www.organisator.ch\/#\/schema\/logo\/image\/"},"sameAs":["https:\/\/www.facebook.com\/OrganisatorFachmagazin","https:\/\/www.linkedin.com\/showcase\/organisator-das-magazin-fr-kmu","https:\/\/www.xing.com\/news\/pages\/organisator-ch-695","https:\/\/www.youtube.com\/channel\/UCGP2Sq0iWaZwT3BdIAQFYpw"]},{"@type":"Person","@id":"https:\/\/www.organisator.ch\/#\/schema\/person\/6f650f90b2842cd4c0cc334b4e36f67e","name":"thomas.berner","image":{"@type":"ImageObject","inLanguage":"en-US","@id":"https:\/\/secure.gravatar.com\/avatar\/ac5001d2a36cb6c6cd3e50789007ffca834b477b74a2144564522e944eabff61?s=96&d=mm&r=g","url":"https:\/\/secure.gravatar.com\/avatar\/ac5001d2a36cb6c6cd3e50789007ffca834b477b74a2144564522e944eabff61?s=96&d=mm&r=g","contentUrl":"https:\/\/secure.gravatar.com\/avatar\/ac5001d2a36cb6c6cd3e50789007ffca834b477b74a2144564522e944eabff61?s=96&d=mm&r=g","caption":"thomas.berner"},"url":"https:\/\/www.organisator.ch\/en\/author\/thomas-berner\/"}]}},"_links":{"self":[{"href":"https:\/\/www.organisator.ch\/en\/wp-json\/wp\/v2\/posts\/18571","targetHints":{"allow":["GET"]}}],"collection":[{"href":"https:\/\/www.organisator.ch\/en\/wp-json\/wp\/v2\/posts"}],"about":[{"href":"https:\/\/www.organisator.ch\/en\/wp-json\/wp\/v2\/types\/post"}],"author":[{"embeddable":true,"href":"https:\/\/www.organisator.ch\/en\/wp-json\/wp\/v2\/users\/4"}],"replies":[{"embeddable":true,"href":"https:\/\/www.organisator.ch\/en\/wp-json\/wp\/v2\/comments?post=18571"}],"version-history":[{"count":1,"href":"https:\/\/www.organisator.ch\/en\/wp-json\/wp\/v2\/posts\/18571\/revisions"}],"predecessor-version":[{"id":18573,"href":"https:\/\/www.organisator.ch\/en\/wp-json\/wp\/v2\/posts\/18571\/revisions\/18573"}],"wp:featuredmedia":[{"embeddable":true,"href":"https:\/\/www.organisator.ch\/en\/wp-json\/wp\/v2\/media\/18572"}],"wp:attachment":[{"href":"https:\/\/www.organisator.ch\/en\/wp-json\/wp\/v2\/media?parent=18571"}],"wp:term":[{"taxonomy":"category","embeddable":true,"href":"https:\/\/www.organisator.ch\/en\/wp-json\/wp\/v2\/categories?post=18571"},{"taxonomy":"post_tag","embeddable":true,"href":"https:\/\/www.organisator.ch\/en\/wp-json\/wp\/v2\/tags?post=18571"}],"curies":[{"name":"wp","href":"https:\/\/api.w.org\/{rel}","templated":true}]}}