{"id":18576,"date":"2023-01-24T11:10:52","date_gmt":"2023-01-24T10:10:52","guid":{"rendered":"https:\/\/www.organisator.ch\/?p=18576"},"modified":"2023-01-24T11:10:52","modified_gmt":"2023-01-24T10:10:52","slug":"sav-beschaeftigungsbarometer-geht-von-bleibendem-fachkraeftemangel-aus","status":"publish","type":"post","link":"https:\/\/www.organisator.ch\/en\/human-resources\/2023-01-24\/sav-beschaeftigungsbarometer-geht-von-bleibendem-fachkraeftemangel-aus\/","title":{"rendered":"SAV employment barometer predicts persistent shortage of skilled workers"},"content":{"rendered":"<figure id=\"attachment_18577\" aria-describedby=\"caption-attachment-18577\" style=\"width: 680px\" class=\"wp-caption alignnone\"><img loading=\"lazy\" decoding=\"async\" class=\"size-full wp-image-18577\" src=\"https:\/\/www.organisator.ch\/wp-content\/uploads\/2023\/01\/SAV-Beschaeftigungsbarometer-geht-von-bleibendem-Fachkraeftemangel-aus_Organisator.jpg\" alt=\"\" width=\"680\" height=\"411\" srcset=\"https:\/\/www.organisator.ch\/wp-content\/uploads\/2023\/01\/SAV-Beschaeftigungsbarometer-geht-von-bleibendem-Fachkraeftemangel-aus_Organisator.jpg 680w, https:\/\/www.organisator.ch\/wp-content\/uploads\/2023\/01\/SAV-Beschaeftigungsbarometer-geht-von-bleibendem-Fachkraeftemangel-aus_Organisator-18x12.jpg 18w, https:\/\/www.organisator.ch\/wp-content\/uploads\/2023\/01\/SAV-Beschaeftigungsbarometer-geht-von-bleibendem-Fachkraeftemangel-aus_Organisator-375x227.jpg 375w, https:\/\/www.organisator.ch\/wp-content\/uploads\/2023\/01\/SAV-Beschaeftigungsbarometer-geht-von-bleibendem-Fachkraeftemangel-aus_Organisator-579x350.jpg 579w\" sizes=\"auto, (max-width: 680px) 100vw, 680px\" \/><figcaption id=\"caption-attachment-18577\" class=\"wp-caption-text\">Soon a Switzerland of 10 million? Scenarios that assume constant or even rising migration are too optimistic, says a demography expert. Despite immigration, the number of people in the workforce will decline.  (Image: efes \/ Pixabay.com)<\/figcaption><\/figure>\n<p>On January 24, 2023, the Swiss Employers' Association presented the current SAV Employment Barometer. This is based on current economic data from the KOF economic research institute, BAK Basel and Seco. Accordingly, the initial situation is as follows: With a value of 92.2 points in December, the KOF economic barometer is still well below the longer-term average. At the end of 2022, it rose again by three points for the first time in several months. The domestic economy continues to have a stabilizing effect on the economy, in particular due to continued robust private consumption. The situation is more difficult in parts of the export-oriented industry, where economic difficulties are being felt in the sales markets. The global energy crisis, weakening domestic demand as a result of declining purchasing power and continuing supply bottlenecks are still causing problems for companies in these countries. At the same time, the catch-up effects resulting from the Corona pandemic are gradually leveling off. In the MEM industries in particular, lower exports to important sales countries are having a negative impact, and high energy prices are causing problems for energy-intensive companies in particular. According to the KOF economic forecast, Switzerland's gross domestic product (GDP) will still grow by 0.7 percent in the current year despite the global economic slowdown - in contrast to other European countries, whose economies will actually shrink.<\/p>\n<h3>SAV employment barometer shows chronic shortage of skilled workers in certain sectors<\/h3>\n<p>Analysis of the KOF survey, which provides an important basis for the SAV Employment Barometer, shows that the majority of companies surveyed still assess both the business situation and employment positively, albeit somewhat less euphorically than in the second half of 2022. With regard to employment in particular, companies in many sectors indicate that they expect to expand their workforce in the future. This is particularly true of the service sector. However, according to the SAV Employment Barometer, assessments of employment trends in the MEM industries show that the proportion of companies expecting to expand their workforce decreased in the last two quarters of 2022. Nevertheless, the challenge of finding suitable staff remains: A logjam of job openings has built up in the post-Corona pandemic period, and demographic trends and the exit of the baby boomer generation from the labor market are contributing to the labor shortage. The major shortage of skilled workers in the IT sector is almost described as \"chronic\". According to the KOF survey, around one in two companies say that the lack of suitable staff is having a negative impact on their earnings situation.<\/p>\n<h3>Better exploitation of domestic labor potential<\/h3>\n<p>Even if there are signs of a cooling of the economy and this leads to a normalization of the labor market, the problem of the lack of skilled workers is not off the table. To alleviate the situation, priority must be given to better exploiting the labor potential available at home, but labor market-oriented immigration remains indispensable on a subsidiary basis, even though our neighboring countries are also suffering from an increasing shortage of skilled workers. Hendrik Budliger, founder and head of the Demographics Competence Center, has conducted an in-depth study of population trends in Switzerland and the most important immigration countries. He concludes that the scenarios assuming constant or even increasing migration are too optimistic. According to his calculations, the number of employed persons in Switzerland will decline from 2025 onward, despite immigration. Employers see this as all the more confirmation of their efforts to strengthen the domestic workforce potential. According to Roland A. M\u00fcller, Director of the Swiss Employers' Association (SAV), a comprehensive package of measures is needed. For example, he calls for an increase in working hours and work volume. On average, the working population is working almost 14 days less than 10 years ago, M\u00fcller said. \"To counter the shortage of skilled workers, we need to increase the volume of work instead of thinking about further reductions. Especially mini-staff positions below 40 percent need to be addressed.\" Second, he said, work must become more rewarding again, including through tax incentives. The \"marriage penalty\", i.e. the unequal tax treatment of married couples compared to individuals, should be abolished and individual taxation introduced, continued Roland A. M\u00fcller. And thirdly, M\u00fcller calls for investment in childcare so that it is also easier for mothers or fathers to increase their workloads if they so wish.<\/p>\n<p><em>Source: <a href=\"https:\/\/www.arbeitgeber.ch\/\">Swiss Employers' Association\u00a0<\/a><\/em><\/p>","protected":false},"excerpt":{"rendered":"<p>Am 24. Januar 2023 pr\u00e4sentierte der Schweizerische Arbeitgeberverband das aktuelle SAV-Besch\u00e4ftigungsbarometer. Dieses basiert auf aktuellen Konjunkturdaten der Konjunkturforschungsstelle KOF, BAK Basel und dem Seco. Die Ausgangslage zeigt sich demnach wie folgt: So bewegt sich das KOF-Konjunkturbarometer mit einem Wert von 92,2 Punkten im Dezember nach wie vor deutlich unter dem l\u00e4ngerfristigen Mittelwert. Ende 2022 legte [&hellip;]<\/p>\n","protected":false},"author":4,"featured_media":18577,"comment_status":"closed","ping_status":"closed","sticky":false,"template":"","format":"standard","meta":{"_acf_changed":false,"_yoast_wpseo_focuskw":"SAV-Besch\u00e4ftigungsbarometer","_yoast_wpseo_metadesc":"SAV-Besch\u00e4ftigungsbarometer: Der Arbeitsmarkt ist robust; viele Unternehmen bekunden M\u00fche, ihre Vakanzen mit dem n\u00f6tigen Personal zu besetzen","articlekey":"","footnotes":""},"categories":[579],"tags":[47,503,531],"class_list":["post-18576","post","type-post","status-publish","format-standard","has-post-thumbnail","hentry","category-human-resources","tag-arbeitsmarkt","tag-verbaende","tag-wirtschaftspolitik"],"acf":[],"yoast_head":"<!-- This site is optimized with the Yoast SEO plugin v27.4 - https:\/\/yoast.com\/product\/yoast-seo-wordpress\/ -->\n<title>SAV-Besch\u00e4ftigungsbarometer geht von bleibendem Fachkr\u00e4ftemangel aus - Organisator<\/title>\n<meta name=\"description\" content=\"SAV-Besch\u00e4ftigungsbarometer: Der Arbeitsmarkt ist robust; viele Unternehmen bekunden M\u00fche, ihre Vakanzen mit dem n\u00f6tigen Personal zu besetzen\" \/>\n<meta name=\"robots\" content=\"index, follow, max-snippet:-1, max-image-preview:large, max-video-preview:-1\" \/>\n<link rel=\"canonical\" href=\"https:\/\/www.organisator.ch\/en\/human-resources\/2023-01-24\/sav-beschaeftigungsbarometer-geht-von-bleibendem-fachkraeftemangel-aus\/\" \/>\n<meta property=\"og:locale\" content=\"en_US\" \/>\n<meta property=\"og:type\" content=\"article\" \/>\n<meta property=\"og:title\" content=\"SAV-Besch\u00e4ftigungsbarometer geht von bleibendem Fachkr\u00e4ftemangel aus\" \/>\n<meta property=\"og:description\" content=\"SAV-Besch\u00e4ftigungsbarometer: Der Arbeitsmarkt ist robust; viele Unternehmen bekunden M\u00fche, ihre Vakanzen mit dem n\u00f6tigen Personal zu besetzen\" \/>\n<meta property=\"og:url\" content=\"https:\/\/www.organisator.ch\/en\/human-resources\/2023-01-24\/sav-beschaeftigungsbarometer-geht-von-bleibendem-fachkraeftemangel-aus\/\" \/>\n<meta property=\"og:site_name\" content=\"Organisator\" \/>\n<meta property=\"article:publisher\" content=\"https:\/\/www.facebook.com\/OrganisatorFachmagazin\" \/>\n<meta property=\"article:published_time\" content=\"2023-01-24T10:10:52+00:00\" \/>\n<meta property=\"og:image\" content=\"https:\/\/www.organisator.ch\/wp-content\/uploads\/2023\/01\/SAV-Beschaeftigungsbarometer-geht-von-bleibendem-Fachkraeftemangel-aus_Organisator.jpg\" \/>\n\t<meta property=\"og:image:width\" content=\"680\" \/>\n\t<meta property=\"og:image:height\" content=\"411\" \/>\n\t<meta property=\"og:image:type\" content=\"image\/jpeg\" \/>\n<meta name=\"author\" content=\"thomas.berner\" \/>\n<meta name=\"twitter:card\" content=\"summary_large_image\" \/>\n<meta name=\"twitter:title\" content=\"#SAV-Besch\u00e4ftigungsbarometer geht von bleibendem #Fachkr\u00e4ftemangel aus\" \/>\n<meta name=\"twitter:description\" content=\"#SAV-Besch\u00e4ftigungsbarometer: Der #Arbeitsmarkt ist robust; viele Unternehmen bekunden M\u00fche, ihre Vakanzen mit dem n\u00f6tigen Personal zu besetzen\" \/>\n<meta name=\"twitter:image\" content=\"https:\/\/www.organisator.ch\/wp-content\/uploads\/2023\/01\/SAV-Beschaeftigungsbarometer-geht-von-bleibendem-Fachkraeftemangel-aus_Organisator.jpg\" \/>\n<script type=\"application\/ld+json\" class=\"yoast-schema-graph\">{\"@context\":\"https:\\\/\\\/schema.org\",\"@graph\":[{\"@type\":\"Article\",\"@id\":\"https:\\\/\\\/www.organisator.ch\\\/human-resources\\\/2023-01-24\\\/sav-beschaeftigungsbarometer-geht-von-bleibendem-fachkraeftemangel-aus\\\/#article\",\"isPartOf\":{\"@id\":\"https:\\\/\\\/www.organisator.ch\\\/human-resources\\\/2023-01-24\\\/sav-beschaeftigungsbarometer-geht-von-bleibendem-fachkraeftemangel-aus\\\/\"},\"author\":{\"name\":\"thomas.berner\",\"@id\":\"https:\\\/\\\/www.organisator.ch\\\/#\\\/schema\\\/person\\\/6f650f90b2842cd4c0cc334b4e36f67e\"},\"headline\":\"SAV-Besch\u00e4ftigungsbarometer geht von bleibendem Fachkr\u00e4ftemangel aus\",\"datePublished\":\"2023-01-24T10:10:52+00:00\",\"mainEntityOfPage\":{\"@id\":\"https:\\\/\\\/www.organisator.ch\\\/human-resources\\\/2023-01-24\\\/sav-beschaeftigungsbarometer-geht-von-bleibendem-fachkraeftemangel-aus\\\/\"},\"wordCount\":756,\"publisher\":{\"@id\":\"https:\\\/\\\/www.organisator.ch\\\/#organization\"},\"image\":{\"@id\":\"https:\\\/\\\/www.organisator.ch\\\/human-resources\\\/2023-01-24\\\/sav-beschaeftigungsbarometer-geht-von-bleibendem-fachkraeftemangel-aus\\\/#primaryimage\"},\"thumbnailUrl\":\"https:\\\/\\\/www.organisator.ch\\\/wp-content\\\/uploads\\\/2023\\\/01\\\/SAV-Beschaeftigungsbarometer-geht-von-bleibendem-Fachkraeftemangel-aus_Organisator.jpg\",\"keywords\":[\"Arbeitsmarkt\",\"Verb\u00e4nde\",\"Wirtschaftspolitik\"],\"articleSection\":[\"HUMAN RESOURCES\"],\"inLanguage\":\"en-US\"},{\"@type\":\"WebPage\",\"@id\":\"https:\\\/\\\/www.organisator.ch\\\/human-resources\\\/2023-01-24\\\/sav-beschaeftigungsbarometer-geht-von-bleibendem-fachkraeftemangel-aus\\\/\",\"url\":\"https:\\\/\\\/www.organisator.ch\\\/human-resources\\\/2023-01-24\\\/sav-beschaeftigungsbarometer-geht-von-bleibendem-fachkraeftemangel-aus\\\/\",\"name\":\"SAV-Besch\u00e4ftigungsbarometer geht von bleibendem Fachkr\u00e4ftemangel aus - Organisator\",\"isPartOf\":{\"@id\":\"https:\\\/\\\/www.organisator.ch\\\/#website\"},\"primaryImageOfPage\":{\"@id\":\"https:\\\/\\\/www.organisator.ch\\\/human-resources\\\/2023-01-24\\\/sav-beschaeftigungsbarometer-geht-von-bleibendem-fachkraeftemangel-aus\\\/#primaryimage\"},\"image\":{\"@id\":\"https:\\\/\\\/www.organisator.ch\\\/human-resources\\\/2023-01-24\\\/sav-beschaeftigungsbarometer-geht-von-bleibendem-fachkraeftemangel-aus\\\/#primaryimage\"},\"thumbnailUrl\":\"https:\\\/\\\/www.organisator.ch\\\/wp-content\\\/uploads\\\/2023\\\/01\\\/SAV-Beschaeftigungsbarometer-geht-von-bleibendem-Fachkraeftemangel-aus_Organisator.jpg\",\"datePublished\":\"2023-01-24T10:10:52+00:00\",\"description\":\"SAV-Besch\u00e4ftigungsbarometer: Der Arbeitsmarkt ist robust; viele Unternehmen bekunden M\u00fche, ihre Vakanzen mit dem n\u00f6tigen Personal zu besetzen\",\"breadcrumb\":{\"@id\":\"https:\\\/\\\/www.organisator.ch\\\/human-resources\\\/2023-01-24\\\/sav-beschaeftigungsbarometer-geht-von-bleibendem-fachkraeftemangel-aus\\\/#breadcrumb\"},\"inLanguage\":\"en-US\",\"potentialAction\":[{\"@type\":\"ReadAction\",\"target\":[\"https:\\\/\\\/www.organisator.ch\\\/human-resources\\\/2023-01-24\\\/sav-beschaeftigungsbarometer-geht-von-bleibendem-fachkraeftemangel-aus\\\/\"]}]},{\"@type\":\"ImageObject\",\"inLanguage\":\"en-US\",\"@id\":\"https:\\\/\\\/www.organisator.ch\\\/human-resources\\\/2023-01-24\\\/sav-beschaeftigungsbarometer-geht-von-bleibendem-fachkraeftemangel-aus\\\/#primaryimage\",\"url\":\"https:\\\/\\\/www.organisator.ch\\\/wp-content\\\/uploads\\\/2023\\\/01\\\/SAV-Beschaeftigungsbarometer-geht-von-bleibendem-Fachkraeftemangel-aus_Organisator.jpg\",\"contentUrl\":\"https:\\\/\\\/www.organisator.ch\\\/wp-content\\\/uploads\\\/2023\\\/01\\\/SAV-Beschaeftigungsbarometer-geht-von-bleibendem-Fachkraeftemangel-aus_Organisator.jpg\",\"width\":680,\"height\":411,\"caption\":\"Viele Leute, aber auch viel Arbeit: Auch eine 10-Millionen-Schweiz wird am Fachkr\u00e4ftemangel so schnell nichts \u00e4ndern. (Bild: efes \\\/ Pixabay.com)\"},{\"@type\":\"BreadcrumbList\",\"@id\":\"https:\\\/\\\/www.organisator.ch\\\/human-resources\\\/2023-01-24\\\/sav-beschaeftigungsbarometer-geht-von-bleibendem-fachkraeftemangel-aus\\\/#breadcrumb\",\"itemListElement\":[{\"@type\":\"ListItem\",\"position\":1,\"name\":\"Home\",\"item\":\"https:\\\/\\\/www.organisator.ch\\\/\"},{\"@type\":\"ListItem\",\"position\":2,\"name\":\"SAV-Besch\u00e4ftigungsbarometer geht von bleibendem Fachkr\u00e4ftemangel aus\"}]},{\"@type\":\"WebSite\",\"@id\":\"https:\\\/\\\/www.organisator.ch\\\/#website\",\"url\":\"https:\\\/\\\/www.organisator.ch\\\/\",\"name\":\"Organisator\",\"description\":\"Kompetent. Praxisnah. Der ORGANISATOR bereitet in 10 Ausgaben pro Jahr die wesentlichen Themen f\u00fcr F\u00fchrungskr\u00e4fte von KMU auf.\",\"publisher\":{\"@id\":\"https:\\\/\\\/www.organisator.ch\\\/#organization\"},\"potentialAction\":[{\"@type\":\"SearchAction\",\"target\":{\"@type\":\"EntryPoint\",\"urlTemplate\":\"https:\\\/\\\/www.organisator.ch\\\/?s={search_term_string}\"},\"query-input\":{\"@type\":\"PropertyValueSpecification\",\"valueRequired\":true,\"valueName\":\"search_term_string\"}}],\"inLanguage\":\"en-US\"},{\"@type\":\"Organization\",\"@id\":\"https:\\\/\\\/www.organisator.ch\\\/#organization\",\"name\":\"Organisator\",\"url\":\"https:\\\/\\\/www.organisator.ch\\\/\",\"logo\":{\"@type\":\"ImageObject\",\"inLanguage\":\"en-US\",\"@id\":\"https:\\\/\\\/www.organisator.ch\\\/#\\\/schema\\\/logo\\\/image\\\/\",\"url\":\"https:\\\/\\\/www.organisator.ch\\\/wp-content\\\/uploads\\\/2022\\\/01\\\/Logo_Organisator_Website.png\",\"contentUrl\":\"https:\\\/\\\/www.organisator.ch\\\/wp-content\\\/uploads\\\/2022\\\/01\\\/Logo_Organisator_Website.png\",\"width\":800,\"height\":77,\"caption\":\"Organisator\"},\"image\":{\"@id\":\"https:\\\/\\\/www.organisator.ch\\\/#\\\/schema\\\/logo\\\/image\\\/\"},\"sameAs\":[\"https:\\\/\\\/www.facebook.com\\\/OrganisatorFachmagazin\",\"https:\\\/\\\/www.linkedin.com\\\/showcase\\\/organisator-das-magazin-fr-kmu\",\"https:\\\/\\\/www.xing.com\\\/news\\\/pages\\\/organisator-ch-695\",\"https:\\\/\\\/www.youtube.com\\\/channel\\\/UCGP2Sq0iWaZwT3BdIAQFYpw\"]},{\"@type\":\"Person\",\"@id\":\"https:\\\/\\\/www.organisator.ch\\\/#\\\/schema\\\/person\\\/6f650f90b2842cd4c0cc334b4e36f67e\",\"name\":\"thomas.berner\",\"image\":{\"@type\":\"ImageObject\",\"inLanguage\":\"en-US\",\"@id\":\"https:\\\/\\\/secure.gravatar.com\\\/avatar\\\/ac5001d2a36cb6c6cd3e50789007ffca834b477b74a2144564522e944eabff61?s=96&d=mm&r=g\",\"url\":\"https:\\\/\\\/secure.gravatar.com\\\/avatar\\\/ac5001d2a36cb6c6cd3e50789007ffca834b477b74a2144564522e944eabff61?s=96&d=mm&r=g\",\"contentUrl\":\"https:\\\/\\\/secure.gravatar.com\\\/avatar\\\/ac5001d2a36cb6c6cd3e50789007ffca834b477b74a2144564522e944eabff61?s=96&d=mm&r=g\",\"caption\":\"thomas.berner\"},\"url\":\"https:\\\/\\\/www.organisator.ch\\\/en\\\/author\\\/thomas-berner\\\/\"}]}<\/script>\n<!-- \/ Yoast SEO plugin. -->","yoast_head_json":{"title":"SAV employment barometer assumes permanent shortage of skilled workers - Organizer","description":"SAV Employment Barometer: The labor market is robust; many companies are struggling to fill their vacancies with the necessary personnel","robots":{"index":"index","follow":"follow","max-snippet":"max-snippet:-1","max-image-preview":"max-image-preview:large","max-video-preview":"max-video-preview:-1"},"canonical":"https:\/\/www.organisator.ch\/en\/human-resources\/2023-01-24\/sav-beschaeftigungsbarometer-geht-von-bleibendem-fachkraeftemangel-aus\/","og_locale":"en_US","og_type":"article","og_title":"SAV-Besch\u00e4ftigungsbarometer geht von bleibendem Fachkr\u00e4ftemangel aus","og_description":"SAV-Besch\u00e4ftigungsbarometer: Der Arbeitsmarkt ist robust; viele Unternehmen bekunden M\u00fche, ihre Vakanzen mit dem n\u00f6tigen Personal zu besetzen","og_url":"https:\/\/www.organisator.ch\/en\/human-resources\/2023-01-24\/sav-beschaeftigungsbarometer-geht-von-bleibendem-fachkraeftemangel-aus\/","og_site_name":"Organisator","article_publisher":"https:\/\/www.facebook.com\/OrganisatorFachmagazin","article_published_time":"2023-01-24T10:10:52+00:00","og_image":[{"width":680,"height":411,"url":"https:\/\/www.organisator.ch\/wp-content\/uploads\/2023\/01\/SAV-Beschaeftigungsbarometer-geht-von-bleibendem-Fachkraeftemangel-aus_Organisator.jpg","type":"image\/jpeg"}],"author":"thomas.berner","twitter_card":"summary_large_image","twitter_title":"#SAV-Besch\u00e4ftigungsbarometer geht von bleibendem #Fachkr\u00e4ftemangel aus","twitter_description":"#SAV-Besch\u00e4ftigungsbarometer: Der #Arbeitsmarkt ist robust; viele Unternehmen bekunden M\u00fche, ihre Vakanzen mit dem n\u00f6tigen Personal zu besetzen","twitter_image":"https:\/\/www.organisator.ch\/wp-content\/uploads\/2023\/01\/SAV-Beschaeftigungsbarometer-geht-von-bleibendem-Fachkraeftemangel-aus_Organisator.jpg","schema":{"@context":"https:\/\/schema.org","@graph":[{"@type":"Article","@id":"https:\/\/www.organisator.ch\/human-resources\/2023-01-24\/sav-beschaeftigungsbarometer-geht-von-bleibendem-fachkraeftemangel-aus\/#article","isPartOf":{"@id":"https:\/\/www.organisator.ch\/human-resources\/2023-01-24\/sav-beschaeftigungsbarometer-geht-von-bleibendem-fachkraeftemangel-aus\/"},"author":{"name":"thomas.berner","@id":"https:\/\/www.organisator.ch\/#\/schema\/person\/6f650f90b2842cd4c0cc334b4e36f67e"},"headline":"SAV-Besch\u00e4ftigungsbarometer geht von bleibendem Fachkr\u00e4ftemangel aus","datePublished":"2023-01-24T10:10:52+00:00","mainEntityOfPage":{"@id":"https:\/\/www.organisator.ch\/human-resources\/2023-01-24\/sav-beschaeftigungsbarometer-geht-von-bleibendem-fachkraeftemangel-aus\/"},"wordCount":756,"publisher":{"@id":"https:\/\/www.organisator.ch\/#organization"},"image":{"@id":"https:\/\/www.organisator.ch\/human-resources\/2023-01-24\/sav-beschaeftigungsbarometer-geht-von-bleibendem-fachkraeftemangel-aus\/#primaryimage"},"thumbnailUrl":"https:\/\/www.organisator.ch\/wp-content\/uploads\/2023\/01\/SAV-Beschaeftigungsbarometer-geht-von-bleibendem-Fachkraeftemangel-aus_Organisator.jpg","keywords":["Arbeitsmarkt","Verb\u00e4nde","Wirtschaftspolitik"],"articleSection":["HUMAN RESOURCES"],"inLanguage":"en-US"},{"@type":"WebPage","@id":"https:\/\/www.organisator.ch\/human-resources\/2023-01-24\/sav-beschaeftigungsbarometer-geht-von-bleibendem-fachkraeftemangel-aus\/","url":"https:\/\/www.organisator.ch\/human-resources\/2023-01-24\/sav-beschaeftigungsbarometer-geht-von-bleibendem-fachkraeftemangel-aus\/","name":"SAV employment barometer assumes permanent shortage of skilled workers - Organizer","isPartOf":{"@id":"https:\/\/www.organisator.ch\/#website"},"primaryImageOfPage":{"@id":"https:\/\/www.organisator.ch\/human-resources\/2023-01-24\/sav-beschaeftigungsbarometer-geht-von-bleibendem-fachkraeftemangel-aus\/#primaryimage"},"image":{"@id":"https:\/\/www.organisator.ch\/human-resources\/2023-01-24\/sav-beschaeftigungsbarometer-geht-von-bleibendem-fachkraeftemangel-aus\/#primaryimage"},"thumbnailUrl":"https:\/\/www.organisator.ch\/wp-content\/uploads\/2023\/01\/SAV-Beschaeftigungsbarometer-geht-von-bleibendem-Fachkraeftemangel-aus_Organisator.jpg","datePublished":"2023-01-24T10:10:52+00:00","description":"SAV Employment Barometer: The labor market is robust; many companies are struggling to fill their vacancies with the necessary personnel","breadcrumb":{"@id":"https:\/\/www.organisator.ch\/human-resources\/2023-01-24\/sav-beschaeftigungsbarometer-geht-von-bleibendem-fachkraeftemangel-aus\/#breadcrumb"},"inLanguage":"en-US","potentialAction":[{"@type":"ReadAction","target":["https:\/\/www.organisator.ch\/human-resources\/2023-01-24\/sav-beschaeftigungsbarometer-geht-von-bleibendem-fachkraeftemangel-aus\/"]}]},{"@type":"ImageObject","inLanguage":"en-US","@id":"https:\/\/www.organisator.ch\/human-resources\/2023-01-24\/sav-beschaeftigungsbarometer-geht-von-bleibendem-fachkraeftemangel-aus\/#primaryimage","url":"https:\/\/www.organisator.ch\/wp-content\/uploads\/2023\/01\/SAV-Beschaeftigungsbarometer-geht-von-bleibendem-Fachkraeftemangel-aus_Organisator.jpg","contentUrl":"https:\/\/www.organisator.ch\/wp-content\/uploads\/2023\/01\/SAV-Beschaeftigungsbarometer-geht-von-bleibendem-Fachkraeftemangel-aus_Organisator.jpg","width":680,"height":411,"caption":"Viele Leute, aber auch viel Arbeit: Auch eine 10-Millionen-Schweiz wird am Fachkr\u00e4ftemangel so schnell nichts \u00e4ndern. (Bild: efes \/ Pixabay.com)"},{"@type":"BreadcrumbList","@id":"https:\/\/www.organisator.ch\/human-resources\/2023-01-24\/sav-beschaeftigungsbarometer-geht-von-bleibendem-fachkraeftemangel-aus\/#breadcrumb","itemListElement":[{"@type":"ListItem","position":1,"name":"Home","item":"https:\/\/www.organisator.ch\/"},{"@type":"ListItem","position":2,"name":"SAV-Besch\u00e4ftigungsbarometer geht von bleibendem Fachkr\u00e4ftemangel aus"}]},{"@type":"WebSite","@id":"https:\/\/www.organisator.ch\/#website","url":"https:\/\/www.organisator.ch\/","name":"Organizer","description":"Competent. Practical. In 10 issues per year, ORGANISATOR presents the essential topics for managers of SMEs.","publisher":{"@id":"https:\/\/www.organisator.ch\/#organization"},"potentialAction":[{"@type":"SearchAction","target":{"@type":"EntryPoint","urlTemplate":"https:\/\/www.organisator.ch\/?s={search_term_string}"},"query-input":{"@type":"PropertyValueSpecification","valueRequired":true,"valueName":"search_term_string"}}],"inLanguage":"en-US"},{"@type":"Organization","@id":"https:\/\/www.organisator.ch\/#organization","name":"Organizer","url":"https:\/\/www.organisator.ch\/","logo":{"@type":"ImageObject","inLanguage":"en-US","@id":"https:\/\/www.organisator.ch\/#\/schema\/logo\/image\/","url":"https:\/\/www.organisator.ch\/wp-content\/uploads\/2022\/01\/Logo_Organisator_Website.png","contentUrl":"https:\/\/www.organisator.ch\/wp-content\/uploads\/2022\/01\/Logo_Organisator_Website.png","width":800,"height":77,"caption":"Organisator"},"image":{"@id":"https:\/\/www.organisator.ch\/#\/schema\/logo\/image\/"},"sameAs":["https:\/\/www.facebook.com\/OrganisatorFachmagazin","https:\/\/www.linkedin.com\/showcase\/organisator-das-magazin-fr-kmu","https:\/\/www.xing.com\/news\/pages\/organisator-ch-695","https:\/\/www.youtube.com\/channel\/UCGP2Sq0iWaZwT3BdIAQFYpw"]},{"@type":"Person","@id":"https:\/\/www.organisator.ch\/#\/schema\/person\/6f650f90b2842cd4c0cc334b4e36f67e","name":"thomas.berner","image":{"@type":"ImageObject","inLanguage":"en-US","@id":"https:\/\/secure.gravatar.com\/avatar\/ac5001d2a36cb6c6cd3e50789007ffca834b477b74a2144564522e944eabff61?s=96&d=mm&r=g","url":"https:\/\/secure.gravatar.com\/avatar\/ac5001d2a36cb6c6cd3e50789007ffca834b477b74a2144564522e944eabff61?s=96&d=mm&r=g","contentUrl":"https:\/\/secure.gravatar.com\/avatar\/ac5001d2a36cb6c6cd3e50789007ffca834b477b74a2144564522e944eabff61?s=96&d=mm&r=g","caption":"thomas.berner"},"url":"https:\/\/www.organisator.ch\/en\/author\/thomas-berner\/"}]}},"_links":{"self":[{"href":"https:\/\/www.organisator.ch\/en\/wp-json\/wp\/v2\/posts\/18576","targetHints":{"allow":["GET"]}}],"collection":[{"href":"https:\/\/www.organisator.ch\/en\/wp-json\/wp\/v2\/posts"}],"about":[{"href":"https:\/\/www.organisator.ch\/en\/wp-json\/wp\/v2\/types\/post"}],"author":[{"embeddable":true,"href":"https:\/\/www.organisator.ch\/en\/wp-json\/wp\/v2\/users\/4"}],"replies":[{"embeddable":true,"href":"https:\/\/www.organisator.ch\/en\/wp-json\/wp\/v2\/comments?post=18576"}],"version-history":[{"count":1,"href":"https:\/\/www.organisator.ch\/en\/wp-json\/wp\/v2\/posts\/18576\/revisions"}],"predecessor-version":[{"id":18578,"href":"https:\/\/www.organisator.ch\/en\/wp-json\/wp\/v2\/posts\/18576\/revisions\/18578"}],"wp:featuredmedia":[{"embeddable":true,"href":"https:\/\/www.organisator.ch\/en\/wp-json\/wp\/v2\/media\/18577"}],"wp:attachment":[{"href":"https:\/\/www.organisator.ch\/en\/wp-json\/wp\/v2\/media?parent=18576"}],"wp:term":[{"taxonomy":"category","embeddable":true,"href":"https:\/\/www.organisator.ch\/en\/wp-json\/wp\/v2\/categories?post=18576"},{"taxonomy":"post_tag","embeddable":true,"href":"https:\/\/www.organisator.ch\/en\/wp-json\/wp\/v2\/tags?post=18576"}],"curies":[{"name":"wp","href":"https:\/\/api.w.org\/{rel}","templated":true}]}}