{"id":18604,"date":"2023-01-26T06:35:17","date_gmt":"2023-01-26T05:35:17","guid":{"rendered":"https:\/\/www.organisator.ch\/?p=18604"},"modified":"2023-01-27T08:14:10","modified_gmt":"2023-01-27T07:14:10","slug":"gebaeudepark-schluessel-zur-energiewende","status":"publish","type":"post","link":"https:\/\/www.organisator.ch\/en\/sustainability\/2023-01-26\/gebaeudepark-schluessel-zur-energiewende\/","title":{"rendered":"Building stock: key to the energy turnaround"},"content":{"rendered":"<figure id=\"attachment_18607\" class=\"wp-caption alignnone\" style=\"width: 680px;\" aria-describedby=\"caption-attachment-18607\"><img class=\"size-medium wp-image-18607\" src=\"https:\/\/www.organisator.ch\/wp-content\/uploads\/2023\/01\/Gebaeudepark-Schluessel-zur-Energiewende_Organisator-680x497.jpg\" sizes=\"(max-width: 680px) 100vw, 680px\" srcset=\"https:\/\/www.organisator.ch\/wp-content\/uploads\/2023\/01\/Gebaeudepark-Schluessel-zur-Energiewende_Organisator-680x497.jpg 680w, https:\/\/www.organisator.ch\/wp-content\/uploads\/2023\/01\/Gebaeudepark-Schluessel-zur-Energiewende_Organisator-1024x748.jpg 1024w, https:\/\/www.organisator.ch\/wp-content\/uploads\/2023\/01\/Gebaeudepark-Schluessel-zur-Energiewende_Organisator-768x561.jpg 768w, https:\/\/www.organisator.ch\/wp-content\/uploads\/2023\/01\/Gebaeudepark-Schluessel-zur-Energiewende_Organisator-1536x1122.jpg 1536w, https:\/\/www.organisator.ch\/wp-content\/uploads\/2023\/01\/Gebaeudepark-Schluessel-zur-Energiewende_Organisator-16x12.jpg 16w, https:\/\/www.organisator.ch\/wp-content\/uploads\/2023\/01\/Gebaeudepark-Schluessel-zur-Energiewende_Organisator-375x274.jpg 375w, https:\/\/www.organisator.ch\/wp-content\/uploads\/2023\/01\/Gebaeudepark-Schluessel-zur-Energiewende_Organisator-479x350.jpg 479w, https:\/\/www.organisator.ch\/wp-content\/uploads\/2023\/01\/Gebaeudepark-Schluessel-zur-Energiewende_Organisator-1000x730.jpg 1000w, https:\/\/www.organisator.ch\/wp-content\/uploads\/2023\/01\/Gebaeudepark-Schluessel-zur-Energiewende_Organisator-scaled.jpg 1400w\" alt=\"\" width=\"680\" height=\"497\" \/><figcaption id=\"caption-attachment-18607\" class=\"wp-caption-text\">Swiss buildings consume 100 TWh of energy annually. (Image: Julian Hochgesang \/ Unsplash.com)<\/figcaption><\/figure>\r\nThe building stock is a central key to realizing the energy transition. With the publication \"Plusenergie &amp; Klimaneutral: Politische Massnahmen f\u00fcr den nachhaltigen Betrieb des Schweizer Geb\u00e4udeparks\" (Energy Plus &amp; Climate Neutral: Political Measures for the Sustainable Operation of the Swiss Building Stock), the Buildings Division of the umbrella organization aeesuisse shows how the energy consumption of buildings can be halved, CO2 emissions in the building sector can be reduced to zero, and buildings can make an important contribution to Switzerland's energy supply.\r\n\r\nIn the area of energy efficiency, older buildings in particular have impressive potential that can be tapped with a combination of different measures. Federal calculations show that the energy consumption of the Swiss building stock can be halved from 100 TWh to around 50 TWh per year. Furthermore, the building stock is currently still responsible for around a quarter of annual greenhouse gas emissions. By completely decarbonizing the heat supply with climate-neutral heating networks, heat pumps, biomass furnaces and solar energy, the CO2 emissions of buildings can be reduced to zero by 2050. Furthermore, the brochure of the Buildings Expert Group shows how up to 70 TWh of solar energy can be generated annually with the building stock in Switzerland.\r\n\r\nTo realize the enormous potential of the building stock, building owners and the economy are needed on the one hand. On the other hand, politics is also required. \"The building stock is a central key to realizing the energy transition. With our newly constituted Buildings Expert Group and the currently launched brochure, we are making a contribution to ensuring that the important and considerable potential in the building sector is addressed - also politically,\" says Stefan Batzli, Managing Director of aeesuisse. aeesuisse is the umbrella organization of the renewable energy and energy efficiency industry. It represents the interests of 35 industry associations and thus of around 35,000 companies in Switzerland. In its interests, aeesuisse is committed to progressive and sustainable energy and climate policy vis-\u00e0-vis the administration, politics and society.\r\n\r\n<em>Source: <a href=\"https:\/\/aeesuisse.ch\/de\/\">aeesuisse<\/a><\/em>\r\n\r\nThe post <a href=\"https:\/\/www.organisator.ch\/de\/sustainability\/2023-01-26\/gebaeudepark-schluessel-zur-energiewende\/\" rel=\"nofollow\">Building stock: key to the energy turnaround<\/a> appeared first on <a href=\"https:\/\/www.organisator.ch\/de\" rel=\"nofollow\">Organizer<\/a>.","protected":false},"excerpt":{"rendered":"<p>Der Geb\u00e4udepark ist ein zentraler Schl\u00fcssel zur Realisierung der Energiewende. Mit der Publikation \u00abPlusenergie &amp; Klimaneutral: Politische Massnahmen f\u00fcr den nachhaltigen Betrieb des Schweizer Geba\u0308udeparks\u00bb zeigt die Fachgruppe Geb\u00e4ude des Dachverbands aeesuisse auf, wie der Energieverbrauch der Geb\u00e4ude halbiert, die CO2-Emissionen im Geb\u00e4udebereich auf null gesenkt werden und die Geb\u00e4ude einen wichtigen Beitrag zur Energieversorgung [\u2026]<\/p>\n<p>The post <a rel=\"nofollow\" href=\"https:\/\/www.organisator.ch\/de\/sustainability\/2023-01-26\/gebaeudepark-schluessel-zur-energiewende\/\">Geb\u00e4udepark: Schl\u00fcssel zur Energiewende<\/a> appeared first on <a rel=\"nofollow\" href=\"https:\/\/www.organisator.ch\/de\">Organisator<\/a>.<\/p>\n","protected":false},"author":4,"featured_media":18607,"comment_status":"closed","ping_status":"closed","sticky":false,"template":"","format":"standard","meta":{"_acf_changed":false,"_yoast_wpseo_focuskw":"Geb\u00e4udepark","_yoast_wpseo_metadesc":"Der Schweizer Geb\u00e4udepark verbraucht j\u00e4hrlich rund 100 TWh Energie. Mit energieeffizienten L\u00f6sungen k\u00f6nnte der Verbrauch halbiert werden.","articlekey":"","footnotes":""},"categories":[580],"tags":[584,263,358,503],"class_list":["post-18604","post","type-post","status-publish","format-standard","has-post-thumbnail","hentry","category-sustainability","tag-energie","tag-immobilien","tag-nachhaltige-wirtschaft","tag-verbaende"],"acf":[],"yoast_head":"<!-- This site is optimized with the Yoast SEO plugin v27.4 - https:\/\/yoast.com\/product\/yoast-seo-wordpress\/ -->\n<title>Geb\u00e4udepark: Schl\u00fcssel zur Energiewende - Organisator<\/title>\n<meta name=\"description\" content=\"Der Schweizer Geb\u00e4udepark verbraucht j\u00e4hrlich rund 100 TWh Energie. Mit energieeffizienten L\u00f6sungen k\u00f6nnte der Verbrauch halbiert werden.\" \/>\n<meta name=\"robots\" content=\"index, follow, max-snippet:-1, max-image-preview:large, max-video-preview:-1\" \/>\n<link rel=\"canonical\" href=\"https:\/\/www.organisator.ch\/en\/sustainability\/2023-01-26\/gebaeudepark-schluessel-zur-energiewende\/\" \/>\n<meta property=\"og:locale\" content=\"en_US\" \/>\n<meta property=\"og:type\" content=\"article\" \/>\n<meta property=\"og:title\" content=\"Geb\u00e4udepark: Schl\u00fcssel zur Energiewende\" \/>\n<meta property=\"og:description\" content=\"Der Schweizer Geb\u00e4udepark verbraucht j\u00e4hrlich rund 100 TWh Energie. Mit energieeffizienten L\u00f6sungen k\u00f6nnte der Verbrauch halbiert werden.\" \/>\n<meta property=\"og:url\" content=\"https:\/\/www.organisator.ch\/en\/sustainability\/2023-01-26\/gebaeudepark-schluessel-zur-energiewende\/\" \/>\n<meta property=\"og:site_name\" content=\"Organisator\" \/>\n<meta property=\"article:publisher\" content=\"https:\/\/www.facebook.com\/OrganisatorFachmagazin\" \/>\n<meta property=\"article:published_time\" content=\"2023-01-26T05:35:17+00:00\" \/>\n<meta property=\"article:modified_time\" content=\"2023-01-27T07:14:10+00:00\" \/>\n<meta property=\"og:image\" content=\"https:\/\/www.organisator.ch\/wp-content\/uploads\/2023\/01\/Gebaeudepark-Schluessel-zur-Energiewende_Organisator-scaled.jpg\" \/>\n\t<meta property=\"og:image:width\" content=\"1400\" \/>\n\t<meta property=\"og:image:height\" content=\"1022\" \/>\n\t<meta property=\"og:image:type\" content=\"image\/jpeg\" \/>\n<meta name=\"author\" content=\"thomas.berner\" \/>\n<meta name=\"twitter:card\" content=\"summary_large_image\" \/>\n<meta name=\"twitter:title\" content=\"#Geb\u00e4udepark: Schl\u00fcssel zur #Energiewende\" \/>\n<meta name=\"twitter:description\" content=\"Der Schweizer #Geb\u00e4udepark verbraucht j\u00e4hrlich rund 100 TWh Energie. Mit energieeffizienten L\u00f6sungen k\u00f6nnte der Verbrauch halbiert werden.\" \/>\n<meta name=\"twitter:image\" content=\"https:\/\/www.organisator.ch\/wp-content\/uploads\/2023\/01\/Gebaeudepark-Schluessel-zur-Energiewende_Organisator-scaled.jpg\" \/>\n<script type=\"application\/ld+json\" class=\"yoast-schema-graph\">{\"@context\":\"https:\\\/\\\/schema.org\",\"@graph\":[{\"@type\":\"Article\",\"@id\":\"https:\\\/\\\/www.organisator.ch\\\/sustainability\\\/2023-01-26\\\/gebaeudepark-schluessel-zur-energiewende\\\/#article\",\"isPartOf\":{\"@id\":\"https:\\\/\\\/www.organisator.ch\\\/sustainability\\\/2023-01-26\\\/gebaeudepark-schluessel-zur-energiewende\\\/\"},\"author\":{\"name\":\"thomas.berner\",\"@id\":\"https:\\\/\\\/www.organisator.ch\\\/#\\\/schema\\\/person\\\/6f650f90b2842cd4c0cc334b4e36f67e\"},\"headline\":\"Geb\u00e4udepark: Schl\u00fcssel zur Energiewende\",\"datePublished\":\"2023-01-26T05:35:17+00:00\",\"dateModified\":\"2023-01-27T07:14:10+00:00\",\"mainEntityOfPage\":{\"@id\":\"https:\\\/\\\/www.organisator.ch\\\/sustainability\\\/2023-01-26\\\/gebaeudepark-schluessel-zur-energiewende\\\/\"},\"wordCount\":343,\"publisher\":{\"@id\":\"https:\\\/\\\/www.organisator.ch\\\/#organization\"},\"image\":{\"@id\":\"https:\\\/\\\/www.organisator.ch\\\/sustainability\\\/2023-01-26\\\/gebaeudepark-schluessel-zur-energiewende\\\/#primaryimage\"},\"thumbnailUrl\":\"https:\\\/\\\/www.organisator.ch\\\/wp-content\\\/uploads\\\/2023\\\/01\\\/Gebaeudepark-Schluessel-zur-Energiewende_Organisator-scaled.jpg\",\"keywords\":[\"ENERGIE\",\"Immobilien\",\"Nachhaltige Wirtschaft\",\"Verb\u00e4nde\"],\"articleSection\":[\"SUSTAINABILITY\"],\"inLanguage\":\"en-US\"},{\"@type\":\"WebPage\",\"@id\":\"https:\\\/\\\/www.organisator.ch\\\/sustainability\\\/2023-01-26\\\/gebaeudepark-schluessel-zur-energiewende\\\/\",\"url\":\"https:\\\/\\\/www.organisator.ch\\\/sustainability\\\/2023-01-26\\\/gebaeudepark-schluessel-zur-energiewende\\\/\",\"name\":\"Geb\u00e4udepark: Schl\u00fcssel zur Energiewende - Organisator\",\"isPartOf\":{\"@id\":\"https:\\\/\\\/www.organisator.ch\\\/#website\"},\"primaryImageOfPage\":{\"@id\":\"https:\\\/\\\/www.organisator.ch\\\/sustainability\\\/2023-01-26\\\/gebaeudepark-schluessel-zur-energiewende\\\/#primaryimage\"},\"image\":{\"@id\":\"https:\\\/\\\/www.organisator.ch\\\/sustainability\\\/2023-01-26\\\/gebaeudepark-schluessel-zur-energiewende\\\/#primaryimage\"},\"thumbnailUrl\":\"https:\\\/\\\/www.organisator.ch\\\/wp-content\\\/uploads\\\/2023\\\/01\\\/Gebaeudepark-Schluessel-zur-Energiewende_Organisator-scaled.jpg\",\"datePublished\":\"2023-01-26T05:35:17+00:00\",\"dateModified\":\"2023-01-27T07:14:10+00:00\",\"description\":\"Der Schweizer Geb\u00e4udepark verbraucht j\u00e4hrlich rund 100 TWh Energie. Mit energieeffizienten L\u00f6sungen k\u00f6nnte der Verbrauch halbiert werden.\",\"breadcrumb\":{\"@id\":\"https:\\\/\\\/www.organisator.ch\\\/sustainability\\\/2023-01-26\\\/gebaeudepark-schluessel-zur-energiewende\\\/#breadcrumb\"},\"inLanguage\":\"en-US\",\"potentialAction\":[{\"@type\":\"ReadAction\",\"target\":[\"https:\\\/\\\/www.organisator.ch\\\/sustainability\\\/2023-01-26\\\/gebaeudepark-schluessel-zur-energiewende\\\/\"]}]},{\"@type\":\"ImageObject\",\"inLanguage\":\"en-US\",\"@id\":\"https:\\\/\\\/www.organisator.ch\\\/sustainability\\\/2023-01-26\\\/gebaeudepark-schluessel-zur-energiewende\\\/#primaryimage\",\"url\":\"https:\\\/\\\/www.organisator.ch\\\/wp-content\\\/uploads\\\/2023\\\/01\\\/Gebaeudepark-Schluessel-zur-Energiewende_Organisator-scaled.jpg\",\"contentUrl\":\"https:\\\/\\\/www.organisator.ch\\\/wp-content\\\/uploads\\\/2023\\\/01\\\/Gebaeudepark-Schluessel-zur-Energiewende_Organisator-scaled.jpg\",\"width\":1400,\"height\":1022,\"caption\":\"Schweizer Geb\u00e4ude verbrauchen j\u00e4hrlich 100 TWh Energie. (Bild: Julian Hochgesang \\\/ Unsplash.com)\"},{\"@type\":\"BreadcrumbList\",\"@id\":\"https:\\\/\\\/www.organisator.ch\\\/sustainability\\\/2023-01-26\\\/gebaeudepark-schluessel-zur-energiewende\\\/#breadcrumb\",\"itemListElement\":[{\"@type\":\"ListItem\",\"position\":1,\"name\":\"Home\",\"item\":\"https:\\\/\\\/www.organisator.ch\\\/\"},{\"@type\":\"ListItem\",\"position\":2,\"name\":\"Geb\u00e4udepark: Schl\u00fcssel zur Energiewende\"}]},{\"@type\":\"WebSite\",\"@id\":\"https:\\\/\\\/www.organisator.ch\\\/#website\",\"url\":\"https:\\\/\\\/www.organisator.ch\\\/\",\"name\":\"Organisator\",\"description\":\"Kompetent. Praxisnah. Der ORGANISATOR bereitet in 10 Ausgaben pro Jahr die wesentlichen Themen f\u00fcr F\u00fchrungskr\u00e4fte von KMU auf.\",\"publisher\":{\"@id\":\"https:\\\/\\\/www.organisator.ch\\\/#organization\"},\"potentialAction\":[{\"@type\":\"SearchAction\",\"target\":{\"@type\":\"EntryPoint\",\"urlTemplate\":\"https:\\\/\\\/www.organisator.ch\\\/?s={search_term_string}\"},\"query-input\":{\"@type\":\"PropertyValueSpecification\",\"valueRequired\":true,\"valueName\":\"search_term_string\"}}],\"inLanguage\":\"en-US\"},{\"@type\":\"Organization\",\"@id\":\"https:\\\/\\\/www.organisator.ch\\\/#organization\",\"name\":\"Organisator\",\"url\":\"https:\\\/\\\/www.organisator.ch\\\/\",\"logo\":{\"@type\":\"ImageObject\",\"inLanguage\":\"en-US\",\"@id\":\"https:\\\/\\\/www.organisator.ch\\\/#\\\/schema\\\/logo\\\/image\\\/\",\"url\":\"https:\\\/\\\/www.organisator.ch\\\/wp-content\\\/uploads\\\/2022\\\/01\\\/Logo_Organisator_Website.png\",\"contentUrl\":\"https:\\\/\\\/www.organisator.ch\\\/wp-content\\\/uploads\\\/2022\\\/01\\\/Logo_Organisator_Website.png\",\"width\":800,\"height\":77,\"caption\":\"Organisator\"},\"image\":{\"@id\":\"https:\\\/\\\/www.organisator.ch\\\/#\\\/schema\\\/logo\\\/image\\\/\"},\"sameAs\":[\"https:\\\/\\\/www.facebook.com\\\/OrganisatorFachmagazin\",\"https:\\\/\\\/www.linkedin.com\\\/showcase\\\/organisator-das-magazin-fr-kmu\",\"https:\\\/\\\/www.xing.com\\\/news\\\/pages\\\/organisator-ch-695\",\"https:\\\/\\\/www.youtube.com\\\/channel\\\/UCGP2Sq0iWaZwT3BdIAQFYpw\"]},{\"@type\":\"Person\",\"@id\":\"https:\\\/\\\/www.organisator.ch\\\/#\\\/schema\\\/person\\\/6f650f90b2842cd4c0cc334b4e36f67e\",\"name\":\"thomas.berner\",\"image\":{\"@type\":\"ImageObject\",\"inLanguage\":\"en-US\",\"@id\":\"https:\\\/\\\/secure.gravatar.com\\\/avatar\\\/ac5001d2a36cb6c6cd3e50789007ffca834b477b74a2144564522e944eabff61?s=96&d=mm&r=g\",\"url\":\"https:\\\/\\\/secure.gravatar.com\\\/avatar\\\/ac5001d2a36cb6c6cd3e50789007ffca834b477b74a2144564522e944eabff61?s=96&d=mm&r=g\",\"contentUrl\":\"https:\\\/\\\/secure.gravatar.com\\\/avatar\\\/ac5001d2a36cb6c6cd3e50789007ffca834b477b74a2144564522e944eabff61?s=96&d=mm&r=g\",\"caption\":\"thomas.berner\"},\"url\":\"https:\\\/\\\/www.organisator.ch\\\/en\\\/author\\\/thomas-berner\\\/\"}]}<\/script>\n<!-- \/ Yoast SEO plugin. -->","yoast_head_json":{"title":"Building Park: Key to the Energy Transition - Organizer","description":"The Swiss building stock consumes around 100 TWh of energy annually. With energy-efficient solutions, consumption could be halved.","robots":{"index":"index","follow":"follow","max-snippet":"max-snippet:-1","max-image-preview":"max-image-preview:large","max-video-preview":"max-video-preview:-1"},"canonical":"https:\/\/www.organisator.ch\/en\/sustainability\/2023-01-26\/gebaeudepark-schluessel-zur-energiewende\/","og_locale":"en_US","og_type":"article","og_title":"Geb\u00e4udepark: Schl\u00fcssel zur Energiewende","og_description":"Der Schweizer Geb\u00e4udepark verbraucht j\u00e4hrlich rund 100 TWh Energie. Mit energieeffizienten L\u00f6sungen k\u00f6nnte der Verbrauch halbiert werden.","og_url":"https:\/\/www.organisator.ch\/en\/sustainability\/2023-01-26\/gebaeudepark-schluessel-zur-energiewende\/","og_site_name":"Organisator","article_publisher":"https:\/\/www.facebook.com\/OrganisatorFachmagazin","article_published_time":"2023-01-26T05:35:17+00:00","article_modified_time":"2023-01-27T07:14:10+00:00","og_image":[{"width":1400,"height":1022,"url":"https:\/\/www.organisator.ch\/wp-content\/uploads\/2023\/01\/Gebaeudepark-Schluessel-zur-Energiewende_Organisator-scaled.jpg","type":"image\/jpeg"}],"author":"thomas.berner","twitter_card":"summary_large_image","twitter_title":"#Geb\u00e4udepark: Schl\u00fcssel zur #Energiewende","twitter_description":"Der Schweizer #Geb\u00e4udepark verbraucht j\u00e4hrlich rund 100 TWh Energie. Mit energieeffizienten L\u00f6sungen k\u00f6nnte der Verbrauch halbiert werden.","twitter_image":"https:\/\/www.organisator.ch\/wp-content\/uploads\/2023\/01\/Gebaeudepark-Schluessel-zur-Energiewende_Organisator-scaled.jpg","schema":{"@context":"https:\/\/schema.org","@graph":[{"@type":"Article","@id":"https:\/\/www.organisator.ch\/sustainability\/2023-01-26\/gebaeudepark-schluessel-zur-energiewende\/#article","isPartOf":{"@id":"https:\/\/www.organisator.ch\/sustainability\/2023-01-26\/gebaeudepark-schluessel-zur-energiewende\/"},"author":{"name":"thomas.berner","@id":"https:\/\/www.organisator.ch\/#\/schema\/person\/6f650f90b2842cd4c0cc334b4e36f67e"},"headline":"Geb\u00e4udepark: Schl\u00fcssel zur Energiewende","datePublished":"2023-01-26T05:35:17+00:00","dateModified":"2023-01-27T07:14:10+00:00","mainEntityOfPage":{"@id":"https:\/\/www.organisator.ch\/sustainability\/2023-01-26\/gebaeudepark-schluessel-zur-energiewende\/"},"wordCount":343,"publisher":{"@id":"https:\/\/www.organisator.ch\/#organization"},"image":{"@id":"https:\/\/www.organisator.ch\/sustainability\/2023-01-26\/gebaeudepark-schluessel-zur-energiewende\/#primaryimage"},"thumbnailUrl":"https:\/\/www.organisator.ch\/wp-content\/uploads\/2023\/01\/Gebaeudepark-Schluessel-zur-Energiewende_Organisator-scaled.jpg","keywords":["ENERGIE","Immobilien","Nachhaltige Wirtschaft","Verb\u00e4nde"],"articleSection":["SUSTAINABILITY"],"inLanguage":"en-US"},{"@type":"WebPage","@id":"https:\/\/www.organisator.ch\/sustainability\/2023-01-26\/gebaeudepark-schluessel-zur-energiewende\/","url":"https:\/\/www.organisator.ch\/sustainability\/2023-01-26\/gebaeudepark-schluessel-zur-energiewende\/","name":"Building Park: Key to the Energy Transition - Organizer","isPartOf":{"@id":"https:\/\/www.organisator.ch\/#website"},"primaryImageOfPage":{"@id":"https:\/\/www.organisator.ch\/sustainability\/2023-01-26\/gebaeudepark-schluessel-zur-energiewende\/#primaryimage"},"image":{"@id":"https:\/\/www.organisator.ch\/sustainability\/2023-01-26\/gebaeudepark-schluessel-zur-energiewende\/#primaryimage"},"thumbnailUrl":"https:\/\/www.organisator.ch\/wp-content\/uploads\/2023\/01\/Gebaeudepark-Schluessel-zur-Energiewende_Organisator-scaled.jpg","datePublished":"2023-01-26T05:35:17+00:00","dateModified":"2023-01-27T07:14:10+00:00","description":"The Swiss building stock consumes around 100 TWh of energy annually. With energy-efficient solutions, consumption could be halved.","breadcrumb":{"@id":"https:\/\/www.organisator.ch\/sustainability\/2023-01-26\/gebaeudepark-schluessel-zur-energiewende\/#breadcrumb"},"inLanguage":"en-US","potentialAction":[{"@type":"ReadAction","target":["https:\/\/www.organisator.ch\/sustainability\/2023-01-26\/gebaeudepark-schluessel-zur-energiewende\/"]}]},{"@type":"ImageObject","inLanguage":"en-US","@id":"https:\/\/www.organisator.ch\/sustainability\/2023-01-26\/gebaeudepark-schluessel-zur-energiewende\/#primaryimage","url":"https:\/\/www.organisator.ch\/wp-content\/uploads\/2023\/01\/Gebaeudepark-Schluessel-zur-Energiewende_Organisator-scaled.jpg","contentUrl":"https:\/\/www.organisator.ch\/wp-content\/uploads\/2023\/01\/Gebaeudepark-Schluessel-zur-Energiewende_Organisator-scaled.jpg","width":1400,"height":1022,"caption":"Schweizer Geb\u00e4ude verbrauchen j\u00e4hrlich 100 TWh Energie. (Bild: Julian Hochgesang \/ Unsplash.com)"},{"@type":"BreadcrumbList","@id":"https:\/\/www.organisator.ch\/sustainability\/2023-01-26\/gebaeudepark-schluessel-zur-energiewende\/#breadcrumb","itemListElement":[{"@type":"ListItem","position":1,"name":"Home","item":"https:\/\/www.organisator.ch\/"},{"@type":"ListItem","position":2,"name":"Geb\u00e4udepark: Schl\u00fcssel zur Energiewende"}]},{"@type":"WebSite","@id":"https:\/\/www.organisator.ch\/#website","url":"https:\/\/www.organisator.ch\/","name":"Organizer","description":"Competent. Practical. In 10 issues per year, ORGANISATOR presents the essential topics for managers of SMEs.","publisher":{"@id":"https:\/\/www.organisator.ch\/#organization"},"potentialAction":[{"@type":"SearchAction","target":{"@type":"EntryPoint","urlTemplate":"https:\/\/www.organisator.ch\/?s={search_term_string}"},"query-input":{"@type":"PropertyValueSpecification","valueRequired":true,"valueName":"search_term_string"}}],"inLanguage":"en-US"},{"@type":"Organization","@id":"https:\/\/www.organisator.ch\/#organization","name":"Organizer","url":"https:\/\/www.organisator.ch\/","logo":{"@type":"ImageObject","inLanguage":"en-US","@id":"https:\/\/www.organisator.ch\/#\/schema\/logo\/image\/","url":"https:\/\/www.organisator.ch\/wp-content\/uploads\/2022\/01\/Logo_Organisator_Website.png","contentUrl":"https:\/\/www.organisator.ch\/wp-content\/uploads\/2022\/01\/Logo_Organisator_Website.png","width":800,"height":77,"caption":"Organisator"},"image":{"@id":"https:\/\/www.organisator.ch\/#\/schema\/logo\/image\/"},"sameAs":["https:\/\/www.facebook.com\/OrganisatorFachmagazin","https:\/\/www.linkedin.com\/showcase\/organisator-das-magazin-fr-kmu","https:\/\/www.xing.com\/news\/pages\/organisator-ch-695","https:\/\/www.youtube.com\/channel\/UCGP2Sq0iWaZwT3BdIAQFYpw"]},{"@type":"Person","@id":"https:\/\/www.organisator.ch\/#\/schema\/person\/6f650f90b2842cd4c0cc334b4e36f67e","name":"thomas.berner","image":{"@type":"ImageObject","inLanguage":"en-US","@id":"https:\/\/secure.gravatar.com\/avatar\/ac5001d2a36cb6c6cd3e50789007ffca834b477b74a2144564522e944eabff61?s=96&d=mm&r=g","url":"https:\/\/secure.gravatar.com\/avatar\/ac5001d2a36cb6c6cd3e50789007ffca834b477b74a2144564522e944eabff61?s=96&d=mm&r=g","contentUrl":"https:\/\/secure.gravatar.com\/avatar\/ac5001d2a36cb6c6cd3e50789007ffca834b477b74a2144564522e944eabff61?s=96&d=mm&r=g","caption":"thomas.berner"},"url":"https:\/\/www.organisator.ch\/en\/author\/thomas-berner\/"}]}},"_links":{"self":[{"href":"https:\/\/www.organisator.ch\/en\/wp-json\/wp\/v2\/posts\/18604","targetHints":{"allow":["GET"]}}],"collection":[{"href":"https:\/\/www.organisator.ch\/en\/wp-json\/wp\/v2\/posts"}],"about":[{"href":"https:\/\/www.organisator.ch\/en\/wp-json\/wp\/v2\/types\/post"}],"author":[{"embeddable":true,"href":"https:\/\/www.organisator.ch\/en\/wp-json\/wp\/v2\/users\/4"}],"replies":[{"embeddable":true,"href":"https:\/\/www.organisator.ch\/en\/wp-json\/wp\/v2\/comments?post=18604"}],"version-history":[{"count":4,"href":"https:\/\/www.organisator.ch\/en\/wp-json\/wp\/v2\/posts\/18604\/revisions"}],"predecessor-version":[{"id":18633,"href":"https:\/\/www.organisator.ch\/en\/wp-json\/wp\/v2\/posts\/18604\/revisions\/18633"}],"wp:featuredmedia":[{"embeddable":true,"href":"https:\/\/www.organisator.ch\/en\/wp-json\/wp\/v2\/media\/18607"}],"wp:attachment":[{"href":"https:\/\/www.organisator.ch\/en\/wp-json\/wp\/v2\/media?parent=18604"}],"wp:term":[{"taxonomy":"category","embeddable":true,"href":"https:\/\/www.organisator.ch\/en\/wp-json\/wp\/v2\/categories?post=18604"},{"taxonomy":"post_tag","embeddable":true,"href":"https:\/\/www.organisator.ch\/en\/wp-json\/wp\/v2\/tags?post=18604"}],"curies":[{"name":"wp","href":"https:\/\/api.w.org\/{rel}","templated":true}]}}