{"id":1864,"date":"2017-05-04T17:23:23","date_gmt":"2017-05-04T15:23:23","guid":{"rendered":"https:\/\/www.organisator.ch\/?p=1864"},"modified":"2017-05-04T17:23:23","modified_gmt":"2017-05-04T15:23:23","slug":"suissedigital-auf-dem-wachstumspfad","status":"publish","type":"post","link":"https:\/\/www.organisator.ch\/en\/allgemein\/2017-05-04\/suissedigital-auf-dem-wachstumspfad\/","title":{"rendered":"SUISSEDIGITAL on the growth path"},"content":{"rendered":"<figure id=\"attachment_1865\" aria-describedby=\"caption-attachment-1865\" style=\"width: 640px\" class=\"wp-caption alignnone\"><img loading=\"lazy\" decoding=\"async\" class=\"size-full wp-image-1865\" src=\"https:\/\/www.organisator.ch\/wp-content\/uploads\/2017\/05\/SUISSEDIGITAL-auf-dem-Wachstumspfad-org-organisator.jpg\" alt=\"\" width=\"640\" height=\"480\" srcset=\"https:\/\/www.organisator.ch\/wp-content\/uploads\/2017\/05\/SUISSEDIGITAL-auf-dem-Wachstumspfad-org-organisator.jpg 640w, https:\/\/www.organisator.ch\/wp-content\/uploads\/2017\/05\/SUISSEDIGITAL-auf-dem-Wachstumspfad-org-organisator-16x12.jpg 16w, https:\/\/www.organisator.ch\/wp-content\/uploads\/2017\/05\/SUISSEDIGITAL-auf-dem-Wachstumspfad-org-organisator-233x175.jpg 233w, https:\/\/www.organisator.ch\/wp-content\/uploads\/2017\/05\/SUISSEDIGITAL-auf-dem-Wachstumspfad-org-organisator-467x350.jpg 467w, https:\/\/www.organisator.ch\/wp-content\/uploads\/2017\/05\/SUISSEDIGITAL-auf-dem-Wachstumspfad-org-organisator-300x225.jpg 300w\" sizes=\"auto, (max-width: 640px) 100vw, 640px\" \/><figcaption id=\"caption-attachment-1865\" class=\"wp-caption-text\">Digital technologies like Internet TV are changing the way citizens consume media. (Image: depositphotos)<\/figcaption><\/figure>\n<p>&nbsp;<\/p>\n<p>\"I am very pleased that the SUISSEDIGITAL networks have found their way back onto the growth path. This fits in with the mood of optimism in the industry surrounding the upcoming launch of the new channel MySports.\" This is how Simon Osterwalder, Managing Director of the trade association, comments on the latest figures. These show a year-on-year growth of 51,600 subscribers (+1.2%).<\/p>\n<p>Growth was driven by telephony and the Internet. Thus, the SUISSEDIGITAL networks were able to gain 96,000 subscribers in telephony, with 57,100 of these subscribers in mobile telephony and 39,400 in fixed network telephony.<\/p>\n<p><strong>More than every second Internet customer surfs with the TV provider<\/strong><\/p>\n<p>There was also growth in broadband Internet, where the number of subscribers increased by 18,600 to 1,236,000 (+1.5%). This means that more than one in two customers also obtain broadband Internet from their TV provider. \"This is extremely important, as more and more services and offers are Internet-based,\" says Osterwalder. Year-on-year, SUISSEDIGITAL networks show a loss of 63,000 TV subscribers (-2.5%), which is markedly less than in previous periods. Osterwalder: \"It looks quite as if the bottom has been reached for TV. This makes me very optimistic.\"<\/p>\n<p>SUISSEDIGITAL is the trade association of the Swiss communication networks. It is made up of almost 200 companies, both private and public, which supply more than 2.4 million households with radio, TV, HDTV, Internet, telephony and other services.<\/p>\n<p><a href=\"http:\/\/www.suissedigital.ch\">www.suissedigital.ch<\/a><\/p>\n<p>&nbsp;<\/p>","protected":false},"excerpt":{"rendered":"<p>&nbsp; &#8222;Es freut mich sehr, dass die SUISSEDIGITAL-Netze zur\u00fcck auf den Wachstumspfad gefunden haben. Dies passt zur Aufbruchsstimmung der Branche, die rund um die bevorstehende Lancierung des neuen Senders MySports herrscht.&#8220; So kommentiert Simon Osterwalder, Gesch\u00e4ftsf\u00fchrer des Wirtschaftsverbands, die neusten Zahlen. Diese weisen gegen\u00fcber dem Vorjahr ein Wachstum von 51&#8217;600 Abonnenten auf (+1.2%). Getrieben wurde [&hellip;]<\/p>\n","protected":false},"author":5,"featured_media":1865,"comment_status":"open","ping_status":"open","sticky":false,"template":"","format":"standard","meta":{"_acf_changed":false,"_yoast_wpseo_focuskw":"SUISSEDIGITAL","_yoast_wpseo_metadesc":"SUISSEDIGITAL konnte in den letzten 12 Monaten in der Telefonie 96'000 Abonnenten und beim Breitbandinternet 18'600 Abonnenten gewinnen.","articlekey":"","footnotes":""},"categories":[1],"tags":[281,461,477],"class_list":["post-1864","post","type-post","status-publish","format-standard","has-post-thumbnail","hentry","category-allgemein","tag-internet","tag-suissedigital","tag-telefonie"],"acf":[],"yoast_head":"<!-- This site is optimized with the Yoast SEO plugin v27.4 - https:\/\/yoast.com\/product\/yoast-seo-wordpress\/ -->\n<title>SUISSEDIGITAL auf dem Wachstumspfad - Organisator<\/title>\n<meta name=\"description\" content=\"SUISSEDIGITAL konnte in den letzten 12 Monaten in der Telefonie 96&#039;000 Abonnenten und beim Breitbandinternet 18&#039;600 Abonnenten gewinnen.\" \/>\n<meta name=\"robots\" content=\"index, follow, max-snippet:-1, max-image-preview:large, max-video-preview:-1\" \/>\n<link rel=\"canonical\" href=\"https:\/\/www.organisator.ch\/en\/general\/2017-05-04\/suissedigital-auf-dem-wachstumspfad\/\" \/>\n<meta property=\"og:locale\" content=\"en_US\" \/>\n<meta property=\"og:type\" content=\"article\" \/>\n<meta property=\"og:title\" content=\"SUISSEDIGITAL auf dem Wachstumspfad - Organisator\" \/>\n<meta property=\"og:description\" content=\"SUISSEDIGITAL konnte in den letzten 12 Monaten in der Telefonie 96&#039;000 Abonnenten und beim Breitbandinternet 18&#039;600 Abonnenten gewinnen.\" \/>\n<meta property=\"og:url\" content=\"https:\/\/www.organisator.ch\/en\/general\/2017-05-04\/suissedigital-auf-dem-wachstumspfad\/\" \/>\n<meta property=\"og:site_name\" content=\"Organisator\" \/>\n<meta property=\"article:publisher\" content=\"https:\/\/www.facebook.com\/OrganisatorFachmagazin\" \/>\n<meta property=\"article:published_time\" content=\"2017-05-04T15:23:23+00:00\" \/>\n<meta property=\"og:image\" content=\"https:\/\/www.organisator.ch\/wp-content\/uploads\/2017\/05\/SUISSEDIGITAL-auf-dem-Wachstumspfad-org-organisator.jpg\" \/>\n\t<meta property=\"og:image:width\" content=\"640\" \/>\n\t<meta property=\"og:image:height\" content=\"480\" \/>\n\t<meta property=\"og:image:type\" content=\"image\/jpeg\" \/>\n<meta name=\"author\" content=\"michael.merz\" \/>\n<meta name=\"twitter:card\" content=\"summary_large_image\" \/>\n<script type=\"application\/ld+json\" class=\"yoast-schema-graph\">{\"@context\":\"https:\\\/\\\/schema.org\",\"@graph\":[{\"@type\":\"Article\",\"@id\":\"https:\\\/\\\/www.organisator.ch\\\/it\\\/generale\\\/2017-05-04\\\/suissedigital-auf-dem-wachstumspfad\\\/#article\",\"isPartOf\":{\"@id\":\"https:\\\/\\\/www.organisator.ch\\\/it\\\/generale\\\/2017-05-04\\\/suissedigital-auf-dem-wachstumspfad\\\/\"},\"author\":{\"name\":\"michael.merz\",\"@id\":\"https:\\\/\\\/www.organisator.ch\\\/#\\\/schema\\\/person\\\/134708ca9321c57b0362cceb7948ffbd\"},\"headline\":\"SUISSEDIGITAL auf dem Wachstumspfad\",\"datePublished\":\"2017-05-04T15:23:23+00:00\",\"mainEntityOfPage\":{\"@id\":\"https:\\\/\\\/www.organisator.ch\\\/it\\\/generale\\\/2017-05-04\\\/suissedigital-auf-dem-wachstumspfad\\\/\"},\"wordCount\":234,\"commentCount\":0,\"publisher\":{\"@id\":\"https:\\\/\\\/www.organisator.ch\\\/#organization\"},\"image\":{\"@id\":\"https:\\\/\\\/www.organisator.ch\\\/it\\\/generale\\\/2017-05-04\\\/suissedigital-auf-dem-wachstumspfad\\\/#primaryimage\"},\"thumbnailUrl\":\"https:\\\/\\\/www.organisator.ch\\\/wp-content\\\/uploads\\\/2017\\\/05\\\/SUISSEDIGITAL-auf-dem-Wachstumspfad-org-organisator.jpg\",\"keywords\":[\"Internet\",\"SUISSEDIGITAL\",\"Telefonie\"],\"articleSection\":[\"Allgemein\"],\"inLanguage\":\"en-US\"},{\"@type\":\"WebPage\",\"@id\":\"https:\\\/\\\/www.organisator.ch\\\/it\\\/generale\\\/2017-05-04\\\/suissedigital-auf-dem-wachstumspfad\\\/\",\"url\":\"https:\\\/\\\/www.organisator.ch\\\/it\\\/generale\\\/2017-05-04\\\/suissedigital-auf-dem-wachstumspfad\\\/\",\"name\":\"SUISSEDIGITAL auf dem Wachstumspfad - Organisator\",\"isPartOf\":{\"@id\":\"https:\\\/\\\/www.organisator.ch\\\/#website\"},\"primaryImageOfPage\":{\"@id\":\"https:\\\/\\\/www.organisator.ch\\\/it\\\/generale\\\/2017-05-04\\\/suissedigital-auf-dem-wachstumspfad\\\/#primaryimage\"},\"image\":{\"@id\":\"https:\\\/\\\/www.organisator.ch\\\/it\\\/generale\\\/2017-05-04\\\/suissedigital-auf-dem-wachstumspfad\\\/#primaryimage\"},\"thumbnailUrl\":\"https:\\\/\\\/www.organisator.ch\\\/wp-content\\\/uploads\\\/2017\\\/05\\\/SUISSEDIGITAL-auf-dem-Wachstumspfad-org-organisator.jpg\",\"datePublished\":\"2017-05-04T15:23:23+00:00\",\"description\":\"SUISSEDIGITAL konnte in den letzten 12 Monaten in der Telefonie 96'000 Abonnenten und beim Breitbandinternet 18'600 Abonnenten gewinnen.\",\"breadcrumb\":{\"@id\":\"https:\\\/\\\/www.organisator.ch\\\/it\\\/generale\\\/2017-05-04\\\/suissedigital-auf-dem-wachstumspfad\\\/#breadcrumb\"},\"inLanguage\":\"en-US\",\"potentialAction\":[{\"@type\":\"ReadAction\",\"target\":[\"https:\\\/\\\/www.organisator.ch\\\/it\\\/generale\\\/2017-05-04\\\/suissedigital-auf-dem-wachstumspfad\\\/\"]}]},{\"@type\":\"ImageObject\",\"inLanguage\":\"en-US\",\"@id\":\"https:\\\/\\\/www.organisator.ch\\\/it\\\/generale\\\/2017-05-04\\\/suissedigital-auf-dem-wachstumspfad\\\/#primaryimage\",\"url\":\"https:\\\/\\\/www.organisator.ch\\\/wp-content\\\/uploads\\\/2017\\\/05\\\/SUISSEDIGITAL-auf-dem-Wachstumspfad-org-organisator.jpg\",\"contentUrl\":\"https:\\\/\\\/www.organisator.ch\\\/wp-content\\\/uploads\\\/2017\\\/05\\\/SUISSEDIGITAL-auf-dem-Wachstumspfad-org-organisator.jpg\",\"width\":640,\"height\":480,\"caption\":\"Digitale Technologien wie Internet TV ver\u00e4ndern den Medienkonsum der B\u00fcrger und B\u00fcrgerinnen. (Bild: depositphotos)\"},{\"@type\":\"BreadcrumbList\",\"@id\":\"https:\\\/\\\/www.organisator.ch\\\/it\\\/generale\\\/2017-05-04\\\/suissedigital-auf-dem-wachstumspfad\\\/#breadcrumb\",\"itemListElement\":[{\"@type\":\"ListItem\",\"position\":1,\"name\":\"Home\",\"item\":\"https:\\\/\\\/www.organisator.ch\\\/\"},{\"@type\":\"ListItem\",\"position\":2,\"name\":\"SUISSEDIGITAL auf dem Wachstumspfad\"}]},{\"@type\":\"WebSite\",\"@id\":\"https:\\\/\\\/www.organisator.ch\\\/#website\",\"url\":\"https:\\\/\\\/www.organisator.ch\\\/\",\"name\":\"Organisator\",\"description\":\"Kompetent. Praxisnah. Der ORGANISATOR bereitet in 10 Ausgaben pro Jahr die wesentlichen Themen f\u00fcr F\u00fchrungskr\u00e4fte von KMU auf.\",\"publisher\":{\"@id\":\"https:\\\/\\\/www.organisator.ch\\\/#organization\"},\"potentialAction\":[{\"@type\":\"SearchAction\",\"target\":{\"@type\":\"EntryPoint\",\"urlTemplate\":\"https:\\\/\\\/www.organisator.ch\\\/?s={search_term_string}\"},\"query-input\":{\"@type\":\"PropertyValueSpecification\",\"valueRequired\":true,\"valueName\":\"search_term_string\"}}],\"inLanguage\":\"en-US\"},{\"@type\":\"Organization\",\"@id\":\"https:\\\/\\\/www.organisator.ch\\\/#organization\",\"name\":\"Organisator\",\"url\":\"https:\\\/\\\/www.organisator.ch\\\/\",\"logo\":{\"@type\":\"ImageObject\",\"inLanguage\":\"en-US\",\"@id\":\"https:\\\/\\\/www.organisator.ch\\\/#\\\/schema\\\/logo\\\/image\\\/\",\"url\":\"https:\\\/\\\/www.organisator.ch\\\/wp-content\\\/uploads\\\/2022\\\/01\\\/Logo_Organisator_Website.png\",\"contentUrl\":\"https:\\\/\\\/www.organisator.ch\\\/wp-content\\\/uploads\\\/2022\\\/01\\\/Logo_Organisator_Website.png\",\"width\":800,\"height\":77,\"caption\":\"Organisator\"},\"image\":{\"@id\":\"https:\\\/\\\/www.organisator.ch\\\/#\\\/schema\\\/logo\\\/image\\\/\"},\"sameAs\":[\"https:\\\/\\\/www.facebook.com\\\/OrganisatorFachmagazin\",\"https:\\\/\\\/www.linkedin.com\\\/showcase\\\/organisator-das-magazin-fr-kmu\",\"https:\\\/\\\/www.xing.com\\\/news\\\/pages\\\/organisator-ch-695\",\"https:\\\/\\\/www.youtube.com\\\/channel\\\/UCGP2Sq0iWaZwT3BdIAQFYpw\"]},{\"@type\":\"Person\",\"@id\":\"https:\\\/\\\/www.organisator.ch\\\/#\\\/schema\\\/person\\\/134708ca9321c57b0362cceb7948ffbd\",\"name\":\"michael.merz\",\"image\":{\"@type\":\"ImageObject\",\"inLanguage\":\"en-US\",\"@id\":\"https:\\\/\\\/secure.gravatar.com\\\/avatar\\\/?s=96&d=mm&r=g\",\"url\":\"https:\\\/\\\/secure.gravatar.com\\\/avatar\\\/?s=96&d=mm&r=g\",\"contentUrl\":\"https:\\\/\\\/secure.gravatar.com\\\/avatar\\\/?s=96&d=mm&r=g\",\"caption\":\"michael.merz\"},\"url\":\"https:\\\/\\\/www.organisator.ch\\\/en\\\/author\\\/michael-merz\\\/\"}]}<\/script>\n<!-- \/ Yoast SEO plugin. -->","yoast_head_json":{"title":"SUISSEDIGITAL on the path of growth - Organizer","description":"SUISSEDIGITAL was able to gain 96,000 subscribers in telephony and 18,600 subscribers in broadband Internet in the last 12 months.","robots":{"index":"index","follow":"follow","max-snippet":"max-snippet:-1","max-image-preview":"max-image-preview:large","max-video-preview":"max-video-preview:-1"},"canonical":"https:\/\/www.organisator.ch\/en\/general\/2017-05-04\/suissedigital-auf-dem-wachstumspfad\/","og_locale":"en_US","og_type":"article","og_title":"SUISSEDIGITAL auf dem Wachstumspfad - Organisator","og_description":"SUISSEDIGITAL konnte in den letzten 12 Monaten in der Telefonie 96'000 Abonnenten und beim Breitbandinternet 18'600 Abonnenten gewinnen.","og_url":"https:\/\/www.organisator.ch\/en\/general\/2017-05-04\/suissedigital-auf-dem-wachstumspfad\/","og_site_name":"Organisator","article_publisher":"https:\/\/www.facebook.com\/OrganisatorFachmagazin","article_published_time":"2017-05-04T15:23:23+00:00","og_image":[{"width":640,"height":480,"url":"https:\/\/www.organisator.ch\/wp-content\/uploads\/2017\/05\/SUISSEDIGITAL-auf-dem-Wachstumspfad-org-organisator.jpg","type":"image\/jpeg"}],"author":"michael.merz","twitter_card":"summary_large_image","schema":{"@context":"https:\/\/schema.org","@graph":[{"@type":"Article","@id":"https:\/\/www.organisator.ch\/it\/generale\/2017-05-04\/suissedigital-auf-dem-wachstumspfad\/#article","isPartOf":{"@id":"https:\/\/www.organisator.ch\/it\/generale\/2017-05-04\/suissedigital-auf-dem-wachstumspfad\/"},"author":{"name":"michael.merz","@id":"https:\/\/www.organisator.ch\/#\/schema\/person\/134708ca9321c57b0362cceb7948ffbd"},"headline":"SUISSEDIGITAL auf dem Wachstumspfad","datePublished":"2017-05-04T15:23:23+00:00","mainEntityOfPage":{"@id":"https:\/\/www.organisator.ch\/it\/generale\/2017-05-04\/suissedigital-auf-dem-wachstumspfad\/"},"wordCount":234,"commentCount":0,"publisher":{"@id":"https:\/\/www.organisator.ch\/#organization"},"image":{"@id":"https:\/\/www.organisator.ch\/it\/generale\/2017-05-04\/suissedigital-auf-dem-wachstumspfad\/#primaryimage"},"thumbnailUrl":"https:\/\/www.organisator.ch\/wp-content\/uploads\/2017\/05\/SUISSEDIGITAL-auf-dem-Wachstumspfad-org-organisator.jpg","keywords":["Internet","SUISSEDIGITAL","Telefonie"],"articleSection":["Allgemein"],"inLanguage":"en-US"},{"@type":"WebPage","@id":"https:\/\/www.organisator.ch\/it\/generale\/2017-05-04\/suissedigital-auf-dem-wachstumspfad\/","url":"https:\/\/www.organisator.ch\/it\/generale\/2017-05-04\/suissedigital-auf-dem-wachstumspfad\/","name":"SUISSEDIGITAL on the path of growth - Organizer","isPartOf":{"@id":"https:\/\/www.organisator.ch\/#website"},"primaryImageOfPage":{"@id":"https:\/\/www.organisator.ch\/it\/generale\/2017-05-04\/suissedigital-auf-dem-wachstumspfad\/#primaryimage"},"image":{"@id":"https:\/\/www.organisator.ch\/it\/generale\/2017-05-04\/suissedigital-auf-dem-wachstumspfad\/#primaryimage"},"thumbnailUrl":"https:\/\/www.organisator.ch\/wp-content\/uploads\/2017\/05\/SUISSEDIGITAL-auf-dem-Wachstumspfad-org-organisator.jpg","datePublished":"2017-05-04T15:23:23+00:00","description":"SUISSEDIGITAL was able to gain 96,000 subscribers in telephony and 18,600 subscribers in broadband Internet in the last 12 months.","breadcrumb":{"@id":"https:\/\/www.organisator.ch\/it\/generale\/2017-05-04\/suissedigital-auf-dem-wachstumspfad\/#breadcrumb"},"inLanguage":"en-US","potentialAction":[{"@type":"ReadAction","target":["https:\/\/www.organisator.ch\/it\/generale\/2017-05-04\/suissedigital-auf-dem-wachstumspfad\/"]}]},{"@type":"ImageObject","inLanguage":"en-US","@id":"https:\/\/www.organisator.ch\/it\/generale\/2017-05-04\/suissedigital-auf-dem-wachstumspfad\/#primaryimage","url":"https:\/\/www.organisator.ch\/wp-content\/uploads\/2017\/05\/SUISSEDIGITAL-auf-dem-Wachstumspfad-org-organisator.jpg","contentUrl":"https:\/\/www.organisator.ch\/wp-content\/uploads\/2017\/05\/SUISSEDIGITAL-auf-dem-Wachstumspfad-org-organisator.jpg","width":640,"height":480,"caption":"Digitale Technologien wie Internet TV ver\u00e4ndern den Medienkonsum der B\u00fcrger und B\u00fcrgerinnen. (Bild: depositphotos)"},{"@type":"BreadcrumbList","@id":"https:\/\/www.organisator.ch\/it\/generale\/2017-05-04\/suissedigital-auf-dem-wachstumspfad\/#breadcrumb","itemListElement":[{"@type":"ListItem","position":1,"name":"Home","item":"https:\/\/www.organisator.ch\/"},{"@type":"ListItem","position":2,"name":"SUISSEDIGITAL auf dem Wachstumspfad"}]},{"@type":"WebSite","@id":"https:\/\/www.organisator.ch\/#website","url":"https:\/\/www.organisator.ch\/","name":"Organizer","description":"Competent. Practical. In 10 issues per year, ORGANISATOR presents the essential topics for managers of SMEs.","publisher":{"@id":"https:\/\/www.organisator.ch\/#organization"},"potentialAction":[{"@type":"SearchAction","target":{"@type":"EntryPoint","urlTemplate":"https:\/\/www.organisator.ch\/?s={search_term_string}"},"query-input":{"@type":"PropertyValueSpecification","valueRequired":true,"valueName":"search_term_string"}}],"inLanguage":"en-US"},{"@type":"Organization","@id":"https:\/\/www.organisator.ch\/#organization","name":"Organizer","url":"https:\/\/www.organisator.ch\/","logo":{"@type":"ImageObject","inLanguage":"en-US","@id":"https:\/\/www.organisator.ch\/#\/schema\/logo\/image\/","url":"https:\/\/www.organisator.ch\/wp-content\/uploads\/2022\/01\/Logo_Organisator_Website.png","contentUrl":"https:\/\/www.organisator.ch\/wp-content\/uploads\/2022\/01\/Logo_Organisator_Website.png","width":800,"height":77,"caption":"Organisator"},"image":{"@id":"https:\/\/www.organisator.ch\/#\/schema\/logo\/image\/"},"sameAs":["https:\/\/www.facebook.com\/OrganisatorFachmagazin","https:\/\/www.linkedin.com\/showcase\/organisator-das-magazin-fr-kmu","https:\/\/www.xing.com\/news\/pages\/organisator-ch-695","https:\/\/www.youtube.com\/channel\/UCGP2Sq0iWaZwT3BdIAQFYpw"]},{"@type":"Person","@id":"https:\/\/www.organisator.ch\/#\/schema\/person\/134708ca9321c57b0362cceb7948ffbd","name":"michael.merz","image":{"@type":"ImageObject","inLanguage":"en-US","@id":"https:\/\/secure.gravatar.com\/avatar\/?s=96&d=mm&r=g","url":"https:\/\/secure.gravatar.com\/avatar\/?s=96&d=mm&r=g","contentUrl":"https:\/\/secure.gravatar.com\/avatar\/?s=96&d=mm&r=g","caption":"michael.merz"},"url":"https:\/\/www.organisator.ch\/en\/author\/michael-merz\/"}]}},"_links":{"self":[{"href":"https:\/\/www.organisator.ch\/en\/wp-json\/wp\/v2\/posts\/1864","targetHints":{"allow":["GET"]}}],"collection":[{"href":"https:\/\/www.organisator.ch\/en\/wp-json\/wp\/v2\/posts"}],"about":[{"href":"https:\/\/www.organisator.ch\/en\/wp-json\/wp\/v2\/types\/post"}],"author":[{"embeddable":true,"href":"https:\/\/www.organisator.ch\/en\/wp-json\/wp\/v2\/users\/5"}],"replies":[{"embeddable":true,"href":"https:\/\/www.organisator.ch\/en\/wp-json\/wp\/v2\/comments?post=1864"}],"version-history":[{"count":0,"href":"https:\/\/www.organisator.ch\/en\/wp-json\/wp\/v2\/posts\/1864\/revisions"}],"wp:featuredmedia":[{"embeddable":true,"href":"https:\/\/www.organisator.ch\/en\/wp-json\/wp\/v2\/media\/1865"}],"wp:attachment":[{"href":"https:\/\/www.organisator.ch\/en\/wp-json\/wp\/v2\/media?parent=1864"}],"wp:term":[{"taxonomy":"category","embeddable":true,"href":"https:\/\/www.organisator.ch\/en\/wp-json\/wp\/v2\/categories?post=1864"},{"taxonomy":"post_tag","embeddable":true,"href":"https:\/\/www.organisator.ch\/en\/wp-json\/wp\/v2\/tags?post=1864"}],"curies":[{"name":"wp","href":"https:\/\/api.w.org\/{rel}","templated":true}]}}