{"id":18644,"date":"2023-01-27T16:17:24","date_gmt":"2023-01-27T15:17:24","guid":{"rendered":"https:\/\/www.organisator.ch\/?p=18644"},"modified":"2023-01-27T16:17:24","modified_gmt":"2023-01-27T15:17:24","slug":"bewerbungsphase-fuer-new-work-award-2023-gestartet","status":"publish","type":"post","link":"https:\/\/www.organisator.ch\/en\/human-resources\/2023-01-27\/bewerbungsphase-fuer-new-work-award-2023-gestartet\/","title":{"rendered":"Application phase for New Work Award 2023 launched"},"content":{"rendered":"<figure id=\"attachment_18646\" aria-describedby=\"caption-attachment-18646\" style=\"width: 680px\" class=\"wp-caption alignnone\"><img loading=\"lazy\" decoding=\"async\" class=\"size-full wp-image-18646\" src=\"https:\/\/www.organisator.ch\/wp-content\/uploads\/2023\/01\/Bewerbungsphase-fuer-New-Work-Award-2023-gestartet_Organisator.jpg\" alt=\"\" width=\"680\" height=\"467\" srcset=\"https:\/\/www.organisator.ch\/wp-content\/uploads\/2023\/01\/Bewerbungsphase-fuer-New-Work-Award-2023-gestartet_Organisator.jpg 680w, https:\/\/www.organisator.ch\/wp-content\/uploads\/2023\/01\/Bewerbungsphase-fuer-New-Work-Award-2023-gestartet_Organisator-18x12.jpg 18w, https:\/\/www.organisator.ch\/wp-content\/uploads\/2023\/01\/Bewerbungsphase-fuer-New-Work-Award-2023-gestartet_Organisator-375x258.jpg 375w, https:\/\/www.organisator.ch\/wp-content\/uploads\/2023\/01\/Bewerbungsphase-fuer-New-Work-Award-2023-gestartet_Organisator-510x350.jpg 510w\" sizes=\"auto, (max-width: 680px) 100vw, 680px\" \/><figcaption id=\"caption-attachment-18646\" class=\"wp-caption-text\">The application phase for the New Work Award 2023 has started. Participation is open to companies from the entire DACH region. Here are some impressions of the award ceremony at NWX22 in Hamburg. (Image: Thomas Berner)<\/figcaption><\/figure>\n<p>Since 2013, New Work SE, the parent company of the XING job network among others, has been honoring groundbreaking ideas and projects on the future of work with the New Work Award. A top-class jury of leading figures from society, business and research, led by patron Thomas Sattelberger, and a subsequent public online vote decide on the winners. \"It makes us proud that back in 2013, when the term 'New Work' was still in its infancy, we launched an award that we have been able to establish over the past 10 years as one of the most prestigious awards in the New Work scene,\" says Petra von Strombeck, CEO of New Work SE.<\/p>\n<h3><strong>New Work Award 2023: The categories<\/strong><\/h3>\n<p>This year, individuals and companies have a total of three different categories to choose from for award submissions:<\/p>\n<ol>\n<li><strong> New Work - Better Work: <\/strong>Awards are given to individuals or teams in start-ups, companies, organizations or institutions whose activities and actions contribute to a better working world, with the aim of improving the future of work.<\/li>\n<li><strong>New Work - New Business: <\/strong>The award honors companies, organizations and individuals that are not only committed to a new work culture, but also realign their work and contribute to the emergence of new business models. New Work is not an end in itself, but an innovation driver for new business models.<\/li>\n<li><strong>New Work - New Society: <\/strong>Awards are given to companies, organizations and individuals who understand New Work as a vision of new framework conditions and modes of action for work. New social and sociopolitical forms and processes of work become possible through their initiative, collaboration, research and visionary concepts.<\/li>\n<\/ol>\n<h3><strong>Renewal and innovation as drivers<\/strong><\/h3>\n<p>The focus of the New Work Award 2023 is to promote public discourse on new economic models and future societies with the aim of shaping the future of work. \"The future has become the task of the present. Therefore, with NWX23 and this year's tenth New Work Award, we are pursuing the goal of focusing on the power of innovation through new work models,\" says Petra von Strombeck.<\/p>\n<h3><strong>Award ceremony at the New Work Experience on June 14\u00a0<\/strong><\/h3>\n<p>The award ceremony for the New Work Award 2023 will take place on June 14, 2023 in Hamburg at the <a href=\"https:\/\/www.organisator.ch\/de\/human-resources\/2022-11-21\/nwx23-festival-fuer-arbeit-und-zukunft\/\">New Work Experience (NWX)<\/a>the leading event for work and the future in the German-speaking world. Under the motto \"Work Forward,\" this unique festival with conference format will bring together talents, designers and thought leaders. The focus will be on the major challenges facing the economy and society and their impact on the working world of the future. Visitors to NWX23 can look forward to a diverse program consisting of varied master classes, exciting sessions and inspiring workshops by and with renowned speakers.<\/p>\n<p><em>More information about the New Work Award 2023 and application procedures are available here: <a href=\"https:\/\/nwx.new-work.se\/award\">www.nwx.new-work.se\/award<\/a>\u00a0<\/em><\/p>","protected":false},"excerpt":{"rendered":"<p>Seit 2013 k\u00fcrt die New Work SE, unter anderem Muttergesellschaft des Job-Netzwerks XING, mit dem New Work Award wegweisende Ideen und Projekte zur Zukunft der Arbeit. Dabei entscheiden eine hochkar\u00e4tige Jury, mit f\u00fchrenden K\u00f6pfen aus Gesellschaft, Wirtschaft und Forschung, rund um den Schirmherren Thomas Sattelberger sowie ein anschliessendes \u00f6ffentliches Online-Voting \u00fcber die Gewinnerinnen und Gewinner. [&hellip;]<\/p>\n","protected":false},"author":4,"featured_media":18646,"comment_status":"closed","ping_status":"closed","sticky":false,"template":"","format":"standard","meta":{"_acf_changed":false,"_yoast_wpseo_focuskw":"New Work Award 2023","_yoast_wpseo_metadesc":"Mit dem New Work Award 2023 wird zum 10. Mal der Preis f\u00fcr zukunftsweisendes Arbeiten im deutschsprachigen Raum verliehen.","articlekey":"","footnotes":""},"categories":[579],"tags":[66,254,363],"class_list":["post-18644","post","type-post","status-publish","format-standard","has-post-thumbnail","hentry","category-human-resources","tag-awards","tag-hrm","tag-new-work"],"acf":[],"yoast_head":"<!-- This site is optimized with the Yoast SEO plugin v27.5 - https:\/\/yoast.com\/product\/yoast-seo-wordpress\/ -->\n<title>Bewerbungsphase f\u00fcr New Work Award 2023 gestartet - Organisator<\/title>\n<meta name=\"description\" content=\"Mit dem New Work Award 2023 wird zum 10. Mal der Preis f\u00fcr zukunftsweisendes Arbeiten im deutschsprachigen Raum verliehen.\" \/>\n<meta name=\"robots\" content=\"index, follow, max-snippet:-1, max-image-preview:large, max-video-preview:-1\" \/>\n<link rel=\"canonical\" href=\"https:\/\/www.organisator.ch\/en\/human-resources\/2023-01-27\/bewerbungsphase-fuer-new-work-award-2023-gestartet\/\" \/>\n<meta property=\"og:locale\" content=\"en_US\" \/>\n<meta property=\"og:type\" content=\"article\" \/>\n<meta property=\"og:title\" content=\"Bewerbungsphase f\u00fcr New Work Award 2023 gestartet\" \/>\n<meta property=\"og:description\" content=\"Mit dem New Work Award 2023 wird zum 10. Mal der Preis f\u00fcr zukunftsweisendes Arbeiten im deutschsprachigen Raum verliehen.\" \/>\n<meta property=\"og:url\" content=\"https:\/\/www.organisator.ch\/en\/human-resources\/2023-01-27\/bewerbungsphase-fuer-new-work-award-2023-gestartet\/\" \/>\n<meta property=\"og:site_name\" content=\"Organisator\" \/>\n<meta property=\"article:publisher\" content=\"https:\/\/www.facebook.com\/OrganisatorFachmagazin\" \/>\n<meta property=\"article:published_time\" content=\"2023-01-27T15:17:24+00:00\" \/>\n<meta property=\"og:image\" content=\"https:\/\/www.organisator.ch\/wp-content\/uploads\/2023\/01\/Bewerbungsphase-fuer-New-Work-Award-2023-gestartet_Organisator.jpg\" \/>\n\t<meta property=\"og:image:width\" content=\"680\" \/>\n\t<meta property=\"og:image:height\" content=\"467\" \/>\n\t<meta property=\"og:image:type\" content=\"image\/jpeg\" \/>\n<meta name=\"author\" content=\"thomas.berner\" \/>\n<meta name=\"twitter:card\" content=\"summary_large_image\" \/>\n<meta name=\"twitter:title\" content=\"#Bewerbungsphase f\u00fcr New Work Award 2023 gestartet\" \/>\n<meta name=\"twitter:description\" content=\"Mit dem #NewWorkAward 2023 wird zum 10. Mal der Preis f\u00fcr zukunftsweisendes Arbeiten im deutschsprachigen Raum verliehen.\" \/>\n<meta name=\"twitter:image\" content=\"https:\/\/www.organisator.ch\/wp-content\/uploads\/2023\/01\/Bewerbungsphase-fuer-New-Work-Award-2023-gestartet_Organisator.jpg\" \/>\n<script type=\"application\/ld+json\" class=\"yoast-schema-graph\">{\"@context\":\"https:\\\/\\\/schema.org\",\"@graph\":[{\"@type\":\"Article\",\"@id\":\"https:\\\/\\\/www.organisator.ch\\\/human-resources\\\/2023-01-27\\\/bewerbungsphase-fuer-new-work-award-2023-gestartet\\\/#article\",\"isPartOf\":{\"@id\":\"https:\\\/\\\/www.organisator.ch\\\/human-resources\\\/2023-01-27\\\/bewerbungsphase-fuer-new-work-award-2023-gestartet\\\/\"},\"author\":{\"name\":\"thomas.berner\",\"@id\":\"https:\\\/\\\/www.organisator.ch\\\/#\\\/schema\\\/person\\\/6f650f90b2842cd4c0cc334b4e36f67e\"},\"headline\":\"Bewerbungsphase f\u00fcr New Work Award 2023 gestartet\",\"datePublished\":\"2023-01-27T15:17:24+00:00\",\"mainEntityOfPage\":{\"@id\":\"https:\\\/\\\/www.organisator.ch\\\/human-resources\\\/2023-01-27\\\/bewerbungsphase-fuer-new-work-award-2023-gestartet\\\/\"},\"wordCount\":501,\"publisher\":{\"@id\":\"https:\\\/\\\/www.organisator.ch\\\/#organization\"},\"image\":{\"@id\":\"https:\\\/\\\/www.organisator.ch\\\/human-resources\\\/2023-01-27\\\/bewerbungsphase-fuer-new-work-award-2023-gestartet\\\/#primaryimage\"},\"thumbnailUrl\":\"https:\\\/\\\/www.organisator.ch\\\/wp-content\\\/uploads\\\/2023\\\/01\\\/Bewerbungsphase-fuer-New-Work-Award-2023-gestartet_Organisator.jpg\",\"keywords\":[\"Awards\",\"HRM\",\"New Work\"],\"articleSection\":[\"HUMAN RESOURCES\"],\"inLanguage\":\"en-US\"},{\"@type\":\"WebPage\",\"@id\":\"https:\\\/\\\/www.organisator.ch\\\/human-resources\\\/2023-01-27\\\/bewerbungsphase-fuer-new-work-award-2023-gestartet\\\/\",\"url\":\"https:\\\/\\\/www.organisator.ch\\\/human-resources\\\/2023-01-27\\\/bewerbungsphase-fuer-new-work-award-2023-gestartet\\\/\",\"name\":\"Bewerbungsphase f\u00fcr New Work Award 2023 gestartet - Organisator\",\"isPartOf\":{\"@id\":\"https:\\\/\\\/www.organisator.ch\\\/#website\"},\"primaryImageOfPage\":{\"@id\":\"https:\\\/\\\/www.organisator.ch\\\/human-resources\\\/2023-01-27\\\/bewerbungsphase-fuer-new-work-award-2023-gestartet\\\/#primaryimage\"},\"image\":{\"@id\":\"https:\\\/\\\/www.organisator.ch\\\/human-resources\\\/2023-01-27\\\/bewerbungsphase-fuer-new-work-award-2023-gestartet\\\/#primaryimage\"},\"thumbnailUrl\":\"https:\\\/\\\/www.organisator.ch\\\/wp-content\\\/uploads\\\/2023\\\/01\\\/Bewerbungsphase-fuer-New-Work-Award-2023-gestartet_Organisator.jpg\",\"datePublished\":\"2023-01-27T15:17:24+00:00\",\"description\":\"Mit dem New Work Award 2023 wird zum 10. Mal der Preis f\u00fcr zukunftsweisendes Arbeiten im deutschsprachigen Raum verliehen.\",\"breadcrumb\":{\"@id\":\"https:\\\/\\\/www.organisator.ch\\\/human-resources\\\/2023-01-27\\\/bewerbungsphase-fuer-new-work-award-2023-gestartet\\\/#breadcrumb\"},\"inLanguage\":\"en-US\",\"potentialAction\":[{\"@type\":\"ReadAction\",\"target\":[\"https:\\\/\\\/www.organisator.ch\\\/human-resources\\\/2023-01-27\\\/bewerbungsphase-fuer-new-work-award-2023-gestartet\\\/\"]}]},{\"@type\":\"ImageObject\",\"inLanguage\":\"en-US\",\"@id\":\"https:\\\/\\\/www.organisator.ch\\\/human-resources\\\/2023-01-27\\\/bewerbungsphase-fuer-new-work-award-2023-gestartet\\\/#primaryimage\",\"url\":\"https:\\\/\\\/www.organisator.ch\\\/wp-content\\\/uploads\\\/2023\\\/01\\\/Bewerbungsphase-fuer-New-Work-Award-2023-gestartet_Organisator.jpg\",\"contentUrl\":\"https:\\\/\\\/www.organisator.ch\\\/wp-content\\\/uploads\\\/2023\\\/01\\\/Bewerbungsphase-fuer-New-Work-Award-2023-gestartet_Organisator.jpg\",\"width\":680,\"height\":467,\"caption\":\"Die Bewerbungsphase f\u00fcr den New Work Award 2023 ist angelaufen. Zu w\u00fcnschen w\u00e4re auch Hier Impressionen der Preisverleihung anl\u00e4sslich der NWX22 in Hamburg. (Bild: Thomas Berner)\"},{\"@type\":\"BreadcrumbList\",\"@id\":\"https:\\\/\\\/www.organisator.ch\\\/human-resources\\\/2023-01-27\\\/bewerbungsphase-fuer-new-work-award-2023-gestartet\\\/#breadcrumb\",\"itemListElement\":[{\"@type\":\"ListItem\",\"position\":1,\"name\":\"Home\",\"item\":\"https:\\\/\\\/www.organisator.ch\\\/\"},{\"@type\":\"ListItem\",\"position\":2,\"name\":\"Bewerbungsphase f\u00fcr New Work Award 2023 gestartet\"}]},{\"@type\":\"WebSite\",\"@id\":\"https:\\\/\\\/www.organisator.ch\\\/#website\",\"url\":\"https:\\\/\\\/www.organisator.ch\\\/\",\"name\":\"Organisator\",\"description\":\"Kompetent. Praxisnah. Der ORGANISATOR bereitet in 10 Ausgaben pro Jahr die wesentlichen Themen f\u00fcr F\u00fchrungskr\u00e4fte von KMU auf.\",\"publisher\":{\"@id\":\"https:\\\/\\\/www.organisator.ch\\\/#organization\"},\"potentialAction\":[{\"@type\":\"SearchAction\",\"target\":{\"@type\":\"EntryPoint\",\"urlTemplate\":\"https:\\\/\\\/www.organisator.ch\\\/?s={search_term_string}\"},\"query-input\":{\"@type\":\"PropertyValueSpecification\",\"valueRequired\":true,\"valueName\":\"search_term_string\"}}],\"inLanguage\":\"en-US\"},{\"@type\":\"Organization\",\"@id\":\"https:\\\/\\\/www.organisator.ch\\\/#organization\",\"name\":\"Organisator\",\"url\":\"https:\\\/\\\/www.organisator.ch\\\/\",\"logo\":{\"@type\":\"ImageObject\",\"inLanguage\":\"en-US\",\"@id\":\"https:\\\/\\\/www.organisator.ch\\\/#\\\/schema\\\/logo\\\/image\\\/\",\"url\":\"https:\\\/\\\/www.organisator.ch\\\/wp-content\\\/uploads\\\/2022\\\/01\\\/Logo_Organisator_Website.png\",\"contentUrl\":\"https:\\\/\\\/www.organisator.ch\\\/wp-content\\\/uploads\\\/2022\\\/01\\\/Logo_Organisator_Website.png\",\"width\":800,\"height\":77,\"caption\":\"Organisator\"},\"image\":{\"@id\":\"https:\\\/\\\/www.organisator.ch\\\/#\\\/schema\\\/logo\\\/image\\\/\"},\"sameAs\":[\"https:\\\/\\\/www.facebook.com\\\/OrganisatorFachmagazin\",\"https:\\\/\\\/www.linkedin.com\\\/showcase\\\/organisator-das-magazin-fr-kmu\",\"https:\\\/\\\/www.xing.com\\\/news\\\/pages\\\/organisator-ch-695\",\"https:\\\/\\\/www.youtube.com\\\/channel\\\/UCGP2Sq0iWaZwT3BdIAQFYpw\"]},{\"@type\":\"Person\",\"@id\":\"https:\\\/\\\/www.organisator.ch\\\/#\\\/schema\\\/person\\\/6f650f90b2842cd4c0cc334b4e36f67e\",\"name\":\"thomas.berner\",\"image\":{\"@type\":\"ImageObject\",\"inLanguage\":\"en-US\",\"@id\":\"https:\\\/\\\/secure.gravatar.com\\\/avatar\\\/ac5001d2a36cb6c6cd3e50789007ffca834b477b74a2144564522e944eabff61?s=96&d=mm&r=g\",\"url\":\"https:\\\/\\\/secure.gravatar.com\\\/avatar\\\/ac5001d2a36cb6c6cd3e50789007ffca834b477b74a2144564522e944eabff61?s=96&d=mm&r=g\",\"contentUrl\":\"https:\\\/\\\/secure.gravatar.com\\\/avatar\\\/ac5001d2a36cb6c6cd3e50789007ffca834b477b74a2144564522e944eabff61?s=96&d=mm&r=g\",\"caption\":\"thomas.berner\"},\"url\":\"https:\\\/\\\/www.organisator.ch\\\/en\\\/author\\\/thomas-berner\\\/\"}]}<\/script>\n<!-- \/ Yoast SEO plugin. -->","yoast_head_json":{"title":"Application phase for New Work Award 2023 launched - organizer","description":"The New Work Award 2023 is the 10th award for forward-looking work in the German-speaking world.","robots":{"index":"index","follow":"follow","max-snippet":"max-snippet:-1","max-image-preview":"max-image-preview:large","max-video-preview":"max-video-preview:-1"},"canonical":"https:\/\/www.organisator.ch\/en\/human-resources\/2023-01-27\/bewerbungsphase-fuer-new-work-award-2023-gestartet\/","og_locale":"en_US","og_type":"article","og_title":"Bewerbungsphase f\u00fcr New Work Award 2023 gestartet","og_description":"Mit dem New Work Award 2023 wird zum 10. Mal der Preis f\u00fcr zukunftsweisendes Arbeiten im deutschsprachigen Raum verliehen.","og_url":"https:\/\/www.organisator.ch\/en\/human-resources\/2023-01-27\/bewerbungsphase-fuer-new-work-award-2023-gestartet\/","og_site_name":"Organisator","article_publisher":"https:\/\/www.facebook.com\/OrganisatorFachmagazin","article_published_time":"2023-01-27T15:17:24+00:00","og_image":[{"width":680,"height":467,"url":"https:\/\/www.organisator.ch\/wp-content\/uploads\/2023\/01\/Bewerbungsphase-fuer-New-Work-Award-2023-gestartet_Organisator.jpg","type":"image\/jpeg"}],"author":"thomas.berner","twitter_card":"summary_large_image","twitter_title":"#Bewerbungsphase f\u00fcr New Work Award 2023 gestartet","twitter_description":"Mit dem #NewWorkAward 2023 wird zum 10. Mal der Preis f\u00fcr zukunftsweisendes Arbeiten im deutschsprachigen Raum verliehen.","twitter_image":"https:\/\/www.organisator.ch\/wp-content\/uploads\/2023\/01\/Bewerbungsphase-fuer-New-Work-Award-2023-gestartet_Organisator.jpg","schema":{"@context":"https:\/\/schema.org","@graph":[{"@type":"Article","@id":"https:\/\/www.organisator.ch\/human-resources\/2023-01-27\/bewerbungsphase-fuer-new-work-award-2023-gestartet\/#article","isPartOf":{"@id":"https:\/\/www.organisator.ch\/human-resources\/2023-01-27\/bewerbungsphase-fuer-new-work-award-2023-gestartet\/"},"author":{"name":"thomas.berner","@id":"https:\/\/www.organisator.ch\/#\/schema\/person\/6f650f90b2842cd4c0cc334b4e36f67e"},"headline":"Bewerbungsphase f\u00fcr New Work Award 2023 gestartet","datePublished":"2023-01-27T15:17:24+00:00","mainEntityOfPage":{"@id":"https:\/\/www.organisator.ch\/human-resources\/2023-01-27\/bewerbungsphase-fuer-new-work-award-2023-gestartet\/"},"wordCount":501,"publisher":{"@id":"https:\/\/www.organisator.ch\/#organization"},"image":{"@id":"https:\/\/www.organisator.ch\/human-resources\/2023-01-27\/bewerbungsphase-fuer-new-work-award-2023-gestartet\/#primaryimage"},"thumbnailUrl":"https:\/\/www.organisator.ch\/wp-content\/uploads\/2023\/01\/Bewerbungsphase-fuer-New-Work-Award-2023-gestartet_Organisator.jpg","keywords":["Awards","HRM","New Work"],"articleSection":["HUMAN RESOURCES"],"inLanguage":"en-US"},{"@type":"WebPage","@id":"https:\/\/www.organisator.ch\/human-resources\/2023-01-27\/bewerbungsphase-fuer-new-work-award-2023-gestartet\/","url":"https:\/\/www.organisator.ch\/human-resources\/2023-01-27\/bewerbungsphase-fuer-new-work-award-2023-gestartet\/","name":"Application phase for New Work Award 2023 launched - organizer","isPartOf":{"@id":"https:\/\/www.organisator.ch\/#website"},"primaryImageOfPage":{"@id":"https:\/\/www.organisator.ch\/human-resources\/2023-01-27\/bewerbungsphase-fuer-new-work-award-2023-gestartet\/#primaryimage"},"image":{"@id":"https:\/\/www.organisator.ch\/human-resources\/2023-01-27\/bewerbungsphase-fuer-new-work-award-2023-gestartet\/#primaryimage"},"thumbnailUrl":"https:\/\/www.organisator.ch\/wp-content\/uploads\/2023\/01\/Bewerbungsphase-fuer-New-Work-Award-2023-gestartet_Organisator.jpg","datePublished":"2023-01-27T15:17:24+00:00","description":"The New Work Award 2023 is the 10th award for forward-looking work in the German-speaking world.","breadcrumb":{"@id":"https:\/\/www.organisator.ch\/human-resources\/2023-01-27\/bewerbungsphase-fuer-new-work-award-2023-gestartet\/#breadcrumb"},"inLanguage":"en-US","potentialAction":[{"@type":"ReadAction","target":["https:\/\/www.organisator.ch\/human-resources\/2023-01-27\/bewerbungsphase-fuer-new-work-award-2023-gestartet\/"]}]},{"@type":"ImageObject","inLanguage":"en-US","@id":"https:\/\/www.organisator.ch\/human-resources\/2023-01-27\/bewerbungsphase-fuer-new-work-award-2023-gestartet\/#primaryimage","url":"https:\/\/www.organisator.ch\/wp-content\/uploads\/2023\/01\/Bewerbungsphase-fuer-New-Work-Award-2023-gestartet_Organisator.jpg","contentUrl":"https:\/\/www.organisator.ch\/wp-content\/uploads\/2023\/01\/Bewerbungsphase-fuer-New-Work-Award-2023-gestartet_Organisator.jpg","width":680,"height":467,"caption":"Die Bewerbungsphase f\u00fcr den New Work Award 2023 ist angelaufen. Zu w\u00fcnschen w\u00e4re auch Hier Impressionen der Preisverleihung anl\u00e4sslich der NWX22 in Hamburg. (Bild: Thomas Berner)"},{"@type":"BreadcrumbList","@id":"https:\/\/www.organisator.ch\/human-resources\/2023-01-27\/bewerbungsphase-fuer-new-work-award-2023-gestartet\/#breadcrumb","itemListElement":[{"@type":"ListItem","position":1,"name":"Home","item":"https:\/\/www.organisator.ch\/"},{"@type":"ListItem","position":2,"name":"Bewerbungsphase f\u00fcr New Work Award 2023 gestartet"}]},{"@type":"WebSite","@id":"https:\/\/www.organisator.ch\/#website","url":"https:\/\/www.organisator.ch\/","name":"Organizer","description":"Competent. Practical. In 10 issues per year, ORGANISATOR presents the essential topics for managers of SMEs.","publisher":{"@id":"https:\/\/www.organisator.ch\/#organization"},"potentialAction":[{"@type":"SearchAction","target":{"@type":"EntryPoint","urlTemplate":"https:\/\/www.organisator.ch\/?s={search_term_string}"},"query-input":{"@type":"PropertyValueSpecification","valueRequired":true,"valueName":"search_term_string"}}],"inLanguage":"en-US"},{"@type":"Organization","@id":"https:\/\/www.organisator.ch\/#organization","name":"Organizer","url":"https:\/\/www.organisator.ch\/","logo":{"@type":"ImageObject","inLanguage":"en-US","@id":"https:\/\/www.organisator.ch\/#\/schema\/logo\/image\/","url":"https:\/\/www.organisator.ch\/wp-content\/uploads\/2022\/01\/Logo_Organisator_Website.png","contentUrl":"https:\/\/www.organisator.ch\/wp-content\/uploads\/2022\/01\/Logo_Organisator_Website.png","width":800,"height":77,"caption":"Organisator"},"image":{"@id":"https:\/\/www.organisator.ch\/#\/schema\/logo\/image\/"},"sameAs":["https:\/\/www.facebook.com\/OrganisatorFachmagazin","https:\/\/www.linkedin.com\/showcase\/organisator-das-magazin-fr-kmu","https:\/\/www.xing.com\/news\/pages\/organisator-ch-695","https:\/\/www.youtube.com\/channel\/UCGP2Sq0iWaZwT3BdIAQFYpw"]},{"@type":"Person","@id":"https:\/\/www.organisator.ch\/#\/schema\/person\/6f650f90b2842cd4c0cc334b4e36f67e","name":"thomas.berner","image":{"@type":"ImageObject","inLanguage":"en-US","@id":"https:\/\/secure.gravatar.com\/avatar\/ac5001d2a36cb6c6cd3e50789007ffca834b477b74a2144564522e944eabff61?s=96&d=mm&r=g","url":"https:\/\/secure.gravatar.com\/avatar\/ac5001d2a36cb6c6cd3e50789007ffca834b477b74a2144564522e944eabff61?s=96&d=mm&r=g","contentUrl":"https:\/\/secure.gravatar.com\/avatar\/ac5001d2a36cb6c6cd3e50789007ffca834b477b74a2144564522e944eabff61?s=96&d=mm&r=g","caption":"thomas.berner"},"url":"https:\/\/www.organisator.ch\/en\/author\/thomas-berner\/"}]}},"_links":{"self":[{"href":"https:\/\/www.organisator.ch\/en\/wp-json\/wp\/v2\/posts\/18644","targetHints":{"allow":["GET"]}}],"collection":[{"href":"https:\/\/www.organisator.ch\/en\/wp-json\/wp\/v2\/posts"}],"about":[{"href":"https:\/\/www.organisator.ch\/en\/wp-json\/wp\/v2\/types\/post"}],"author":[{"embeddable":true,"href":"https:\/\/www.organisator.ch\/en\/wp-json\/wp\/v2\/users\/4"}],"replies":[{"embeddable":true,"href":"https:\/\/www.organisator.ch\/en\/wp-json\/wp\/v2\/comments?post=18644"}],"version-history":[{"count":1,"href":"https:\/\/www.organisator.ch\/en\/wp-json\/wp\/v2\/posts\/18644\/revisions"}],"predecessor-version":[{"id":18647,"href":"https:\/\/www.organisator.ch\/en\/wp-json\/wp\/v2\/posts\/18644\/revisions\/18647"}],"wp:featuredmedia":[{"embeddable":true,"href":"https:\/\/www.organisator.ch\/en\/wp-json\/wp\/v2\/media\/18646"}],"wp:attachment":[{"href":"https:\/\/www.organisator.ch\/en\/wp-json\/wp\/v2\/media?parent=18644"}],"wp:term":[{"taxonomy":"category","embeddable":true,"href":"https:\/\/www.organisator.ch\/en\/wp-json\/wp\/v2\/categories?post=18644"},{"taxonomy":"post_tag","embeddable":true,"href":"https:\/\/www.organisator.ch\/en\/wp-json\/wp\/v2\/tags?post=18644"}],"curies":[{"name":"wp","href":"https:\/\/api.w.org\/{rel}","templated":true}]}}