{"id":18685,"date":"2023-02-01T07:59:36","date_gmt":"2023-02-01T06:59:36","guid":{"rendered":"https:\/\/www.m-q.ch\/?p=17520"},"modified":"2024-11-19T06:29:23","modified_gmt":"2024-11-19T05:29:23","slug":"office-dienstleister-graphax-nun-offiziell-als-klimaneutral-zertifiziert","status":"publish","type":"post","link":"https:\/\/www.organisator.ch\/en\/operational-excellence\/2023-02-01\/office-dienstleister-graphax-nun-offiziell-als-klimaneutral-zertifiziert\/","title":{"rendered":"Office service provider Graphax now officially certified as climate-neutral"},"content":{"rendered":"<figure id=\"attachment_17521\" class=\"wp-caption alignnone\" style=\"width: 680px\" aria-describedby=\"caption-attachment-17521\"><img class=\"alignnone wp-image-17521 size-full\" src=\"https:\/\/www.m-q.ch\/wp-content\/uploads\/2023\/02\/Office-Dienstleister-Graphax-nun-offiziell-als-klimaneutral-zertifiziert_MQ.jpg\" alt=\"Graphax\" width=\"680\" height=\"389\" \/>\r\n<figcaption id=\"caption-attachment-17521\" class=\"wp-caption-text\">Graphax is now climate neutral as a company and has determined its own carbon footprint. (Symbol image; Source: Depositphotos.com)<\/figcaption>\r\n<\/figure>\r\n<p>Graphax AG, headquartered in Dietikon near Zurich and with eight branches in German- and French-speaking Switzerland, employs around 190 people. Thanks to its broad range of services, the company is one of Switzerland's leading providers of innovative technologies in the areas of information management, printer park management and complete solutions for digital and paper-based document workflow in the B2B environment. In addition to the continuous further development of state-of-the-art office solutions and the implementation of numerous complex process automations for various customers, Graphax AG has always been aware of the responsibility that companies in general have for the sustainable treatment of nature, according to the statement. For this reason, the company has calculated its own carbon footprint. The so-called Corporate Carbon Footprint (CCF) was determined together with ClimatePartner, a leading solution provider in climate protection for companies.<\/p>\r\n<h3>What exactly is the CCF?<\/h3>\r\n<p>The CCF is the sum of the CO2 emissions caused by the company within the defined system boundaries in a specified period. The calculation was based on the guidelines of the Greenhouse Gas Protocol Corporate Accounting and Reporting Standard (GHG Protocol). The CO2 footprint calculated in this way includes direct emissions caused within the company (electricity and heat generation, vehicle fleet, fugitive gases) and indirect emissions caused by purchased energy, business travel, and employee commuting. The calculation does not include other indirect emissions that occur outside the company during the production of raw materials and intermediate products, external logistics, and the use and disposal of products or other processes.<\/p>\r\n<h3>Constant control is important<\/h3>\r\n<p>In subsequent years, the report can be used to check whether the targets set have been achieved, in which areas progress has been made, and where emissions should be reduced even more. After all, only those who know the exact figures can make an effective contribution. For example, in 2021, business activities caused emissions of 1,820.1 t CO2. To put this in perspective: The emissions correspond to the CO2 footprint of 300 Swiss people. One person in Switzerland causes an average of 6.06 t CO2 per year. In addition to the head office in Dietikon, the branches in Lausanne, Satigny, Martigny, La Chaux-de-Fonds, Lucerne, Gossau, Muttenz, Ostermundigen and the warehouse in Pratteln were also included in the calculation.<\/p>\r\n<h3>Graphax has been climate-neutral since 2023<\/h3>\r\n<p>Being a climate-neutral company means that you have recorded your own greenhouse gas emissions, are continuously reducing them, and have offset the remaining emissions through climate protection projects. This is confirmed by the \"climate neutral\" label from ClimatePartner. It is<br \/>\r\nindependently and the IT system for CO2 offsetting is audited by T\u00dcV Austria. As mentioned above, other indirect emissions are not covered by climate neutrality. CO2 offsetting is carried out entirely via a climate protection project that is certified according to international standards. For every tonne of CO2 offset there, a subsidy goes to a mountain forest project to co-finance the weeks of use in Switzerland. Within this framework, Graphax is committed to the protection of international and Swiss forests. As the Swiss general distributor of Konica Minolta and the distributor of office equipment such as copiers and printers, but also high-performance printing systems in the commercial printing sector, the company is aware of the resulting paper consumption and would like to contribute to climate protection in a correspondingly industry-oriented manner. Even more detailed measures can be viewed under ClimatePartner ID tracking at climatepartner.com\/19239-2212-1001.<\/p>\r\n<h3>What are the next steps?<\/h3>\r\n<p>In collaboration with ClimatePartner, Graphax is continuously working on CO2 reduction targets. The largest share of CO2 is actually caused by the company's own vehicle fleet, a well-known phenomenon among companies with a similar decentralized service structure throughout Switzerland. The management is currently thinking about restructuring the vehicle fleet. An internal survey to the workforce has already been conducted to elicit the employees' eventual readiness for electric mobility. The extensive supply chain management will be analyzed in the coming months with regard to possible CO2 optimization. In addition, the procurement of international green power certificates is currently being intensively discussed.<\/p>\r\n<p>The concentration of greenhouse gases in the atmosphere is responsible for global warming. It is therefore necessary to reduce emissions as much as possible. For this to succeed, it makes sense to define clear and measurable reduction targets - as well as corresponding measures and responsibilities.  ClimatePartner recommends distinguishing between short-, medium- and long-term reduction targets. Some measures can be implemented quickly, while others take time, for example because processes and products need to be rethought or the supply chain needs to be included. Reduction must therefore be a continuous process and as such part of the corporate strategy.<\/p>\r\n<p><em>Source and further information: <a href=\"http:\/\/www.graphax.ch\/\">Graphax AG<\/a><\/em><\/p>\n<p class=\"syndicated-attribution\">This article originally appeared on m-q.ch - <a href=\"https:\/\/www.m-q.ch\/de\/office-dienstleister-graphax-nun-offiziell-als-klimaneutral-zertifiziert\/\" target=\"_blank\">https:\/\/www.m-q.ch\/de\/office-dienstleister-graphax-nun-offiziell-als-klimaneutral-zertifiziert\/<\/a><\/p>","protected":false},"excerpt":{"rendered":"<p>Die Graphax AG mit Hauptsitz in Dietikon bei Z\u00fcrich und acht Filialen in der Deutsch- und Westschweiz besch\u00e4ftigt rund 190 Mitarbeitende. Aufgrund des breiten Leistungsspektrums geh\u00f6rt die Firma zu den f\u00fchrenden Anbietern f\u00fcr innovative Technologien in den Bereichen Informationsmanagement, Printerpark-Bewirtschaftung und Komplettl\u00f6sungen f\u00fcr den digitalen sowie papiergebundenen Dokumentenworkflow im B2B-Umfeld in der Schweiz. Neben dem [\u2026]<\/p>\n","protected":false},"author":8,"featured_media":0,"comment_status":"closed","ping_status":"closed","sticky":false,"template":"","format":"standard","meta":{"_acf_changed":false,"_yoast_wpseo_focuskw":"Graphax","_yoast_wpseo_metadesc":"Graphax wird klimaneutral: CO2-Fussabdruck berechnet und Emissionen durch Klimaschutzprojekte ausgeglichen. Nachhaltigkeit im Fokus.","articlekey":"","footnotes":""},"categories":[582],"tags":[3604],"class_list":["post-18685","post","type-post","status-publish","format-standard","hentry","category-operational-excellence","tag-klimaneutral"],"acf":[],"yoast_head":"<!-- This site is optimized with the Yoast SEO plugin v27.5 - https:\/\/yoast.com\/product\/yoast-seo-wordpress\/ -->\n<title>Office-Dienstleister Graphax nun offiziell als klimaneutral zertifiziert - Organisator<\/title>\n<meta name=\"description\" content=\"Graphax wird klimaneutral: CO2-Fussabdruck berechnet und Emissionen durch Klimaschutzprojekte ausgeglichen. Nachhaltigkeit im Fokus.\" \/>\n<meta name=\"robots\" content=\"index, follow, max-snippet:-1, max-image-preview:large, max-video-preview:-1\" \/>\n<link rel=\"canonical\" href=\"https:\/\/www.organisator.ch\/en\/operational-excellence\/2023-02-01\/office-dienstleister-graphax-nun-offiziell-als-klimaneutral-zertifiziert\/\" \/>\n<meta property=\"og:locale\" content=\"en_US\" \/>\n<meta property=\"og:type\" content=\"article\" \/>\n<meta property=\"og:title\" content=\"Office-Dienstleister Graphax nun offiziell als klimaneutral zertifiziert - Organisator\" \/>\n<meta property=\"og:description\" content=\"Graphax wird klimaneutral: CO2-Fussabdruck berechnet und Emissionen durch Klimaschutzprojekte ausgeglichen. Nachhaltigkeit im Fokus.\" \/>\n<meta property=\"og:url\" content=\"https:\/\/www.organisator.ch\/en\/operational-excellence\/2023-02-01\/office-dienstleister-graphax-nun-offiziell-als-klimaneutral-zertifiziert\/\" \/>\n<meta property=\"og:site_name\" content=\"Organisator\" \/>\n<meta property=\"article:publisher\" content=\"https:\/\/www.facebook.com\/OrganisatorFachmagazin\" \/>\n<meta property=\"article:published_time\" content=\"2023-02-01T06:59:36+00:00\" \/>\n<meta property=\"article:modified_time\" content=\"2024-11-19T05:29:23+00:00\" \/>\n<meta name=\"author\" content=\"galledia\" \/>\n<meta name=\"twitter:card\" content=\"summary_large_image\" \/>\n<meta name=\"twitter:creator\" content=\"@admin\" \/>\n<script type=\"application\/ld+json\" class=\"yoast-schema-graph\">{\"@context\":\"https:\\\/\\\/schema.org\",\"@graph\":[{\"@type\":\"Article\",\"@id\":\"https:\\\/\\\/www.organisator.ch\\\/operational-excellence\\\/2023-02-01\\\/office-dienstleister-graphax-nun-offiziell-als-klimaneutral-zertifiziert\\\/#article\",\"isPartOf\":{\"@id\":\"https:\\\/\\\/www.organisator.ch\\\/operational-excellence\\\/2023-02-01\\\/office-dienstleister-graphax-nun-offiziell-als-klimaneutral-zertifiziert\\\/\"},\"author\":{\"name\":\"galledia\",\"@id\":\"https:\\\/\\\/www.organisator.ch\\\/#\\\/schema\\\/person\\\/4e51799071cd2dd1232ac003643ef5f0\"},\"headline\":\"Office-Dienstleister Graphax nun offiziell als klimaneutral zertifiziert\",\"datePublished\":\"2023-02-01T06:59:36+00:00\",\"dateModified\":\"2024-11-19T05:29:23+00:00\",\"mainEntityOfPage\":{\"@id\":\"https:\\\/\\\/www.organisator.ch\\\/operational-excellence\\\/2023-02-01\\\/office-dienstleister-graphax-nun-offiziell-als-klimaneutral-zertifiziert\\\/\"},\"wordCount\":765,\"publisher\":{\"@id\":\"https:\\\/\\\/www.organisator.ch\\\/#organization\"},\"image\":{\"@id\":\"https:\\\/\\\/www.organisator.ch\\\/operational-excellence\\\/2023-02-01\\\/office-dienstleister-graphax-nun-offiziell-als-klimaneutral-zertifiziert\\\/#primaryimage\"},\"thumbnailUrl\":\"https:\\\/\\\/www.m-q.ch\\\/wp-content\\\/uploads\\\/2023\\\/02\\\/Office-Dienstleister-Graphax-nun-offiziell-als-klimaneutral-zertifiziert_MQ.jpg\",\"keywords\":[\"Klimaneutral\"],\"articleSection\":[\"OPERATIONAL EXCELLENCE\"],\"inLanguage\":\"en-US\"},{\"@type\":\"WebPage\",\"@id\":\"https:\\\/\\\/www.organisator.ch\\\/operational-excellence\\\/2023-02-01\\\/office-dienstleister-graphax-nun-offiziell-als-klimaneutral-zertifiziert\\\/\",\"url\":\"https:\\\/\\\/www.organisator.ch\\\/operational-excellence\\\/2023-02-01\\\/office-dienstleister-graphax-nun-offiziell-als-klimaneutral-zertifiziert\\\/\",\"name\":\"Office-Dienstleister Graphax nun offiziell als klimaneutral zertifiziert - Organisator\",\"isPartOf\":{\"@id\":\"https:\\\/\\\/www.organisator.ch\\\/#website\"},\"primaryImageOfPage\":{\"@id\":\"https:\\\/\\\/www.organisator.ch\\\/operational-excellence\\\/2023-02-01\\\/office-dienstleister-graphax-nun-offiziell-als-klimaneutral-zertifiziert\\\/#primaryimage\"},\"image\":{\"@id\":\"https:\\\/\\\/www.organisator.ch\\\/operational-excellence\\\/2023-02-01\\\/office-dienstleister-graphax-nun-offiziell-als-klimaneutral-zertifiziert\\\/#primaryimage\"},\"thumbnailUrl\":\"https:\\\/\\\/www.m-q.ch\\\/wp-content\\\/uploads\\\/2023\\\/02\\\/Office-Dienstleister-Graphax-nun-offiziell-als-klimaneutral-zertifiziert_MQ.jpg\",\"datePublished\":\"2023-02-01T06:59:36+00:00\",\"dateModified\":\"2024-11-19T05:29:23+00:00\",\"description\":\"Graphax wird klimaneutral: CO2-Fussabdruck berechnet und Emissionen durch Klimaschutzprojekte ausgeglichen. Nachhaltigkeit im Fokus.\",\"breadcrumb\":{\"@id\":\"https:\\\/\\\/www.organisator.ch\\\/operational-excellence\\\/2023-02-01\\\/office-dienstleister-graphax-nun-offiziell-als-klimaneutral-zertifiziert\\\/#breadcrumb\"},\"inLanguage\":\"en-US\",\"potentialAction\":[{\"@type\":\"ReadAction\",\"target\":[\"https:\\\/\\\/www.organisator.ch\\\/operational-excellence\\\/2023-02-01\\\/office-dienstleister-graphax-nun-offiziell-als-klimaneutral-zertifiziert\\\/\"]}]},{\"@type\":\"ImageObject\",\"inLanguage\":\"en-US\",\"@id\":\"https:\\\/\\\/www.organisator.ch\\\/operational-excellence\\\/2023-02-01\\\/office-dienstleister-graphax-nun-offiziell-als-klimaneutral-zertifiziert\\\/#primaryimage\",\"url\":\"https:\\\/\\\/www.m-q.ch\\\/wp-content\\\/uploads\\\/2023\\\/02\\\/Office-Dienstleister-Graphax-nun-offiziell-als-klimaneutral-zertifiziert_MQ.jpg\",\"contentUrl\":\"https:\\\/\\\/www.m-q.ch\\\/wp-content\\\/uploads\\\/2023\\\/02\\\/Office-Dienstleister-Graphax-nun-offiziell-als-klimaneutral-zertifiziert_MQ.jpg\"},{\"@type\":\"BreadcrumbList\",\"@id\":\"https:\\\/\\\/www.organisator.ch\\\/operational-excellence\\\/2023-02-01\\\/office-dienstleister-graphax-nun-offiziell-als-klimaneutral-zertifiziert\\\/#breadcrumb\",\"itemListElement\":[{\"@type\":\"ListItem\",\"position\":1,\"name\":\"Home\",\"item\":\"https:\\\/\\\/www.organisator.ch\\\/\"},{\"@type\":\"ListItem\",\"position\":2,\"name\":\"Office-Dienstleister Graphax nun offiziell als klimaneutral zertifiziert\"}]},{\"@type\":\"WebSite\",\"@id\":\"https:\\\/\\\/www.organisator.ch\\\/#website\",\"url\":\"https:\\\/\\\/www.organisator.ch\\\/\",\"name\":\"Organisator\",\"description\":\"Kompetent. Praxisnah. Der ORGANISATOR bereitet in 10 Ausgaben pro Jahr die wesentlichen Themen f\u00fcr F\u00fchrungskr\u00e4fte von KMU auf.\",\"publisher\":{\"@id\":\"https:\\\/\\\/www.organisator.ch\\\/#organization\"},\"potentialAction\":[{\"@type\":\"SearchAction\",\"target\":{\"@type\":\"EntryPoint\",\"urlTemplate\":\"https:\\\/\\\/www.organisator.ch\\\/?s={search_term_string}\"},\"query-input\":{\"@type\":\"PropertyValueSpecification\",\"valueRequired\":true,\"valueName\":\"search_term_string\"}}],\"inLanguage\":\"en-US\"},{\"@type\":\"Organization\",\"@id\":\"https:\\\/\\\/www.organisator.ch\\\/#organization\",\"name\":\"Organisator\",\"url\":\"https:\\\/\\\/www.organisator.ch\\\/\",\"logo\":{\"@type\":\"ImageObject\",\"inLanguage\":\"en-US\",\"@id\":\"https:\\\/\\\/www.organisator.ch\\\/#\\\/schema\\\/logo\\\/image\\\/\",\"url\":\"https:\\\/\\\/www.organisator.ch\\\/wp-content\\\/uploads\\\/2022\\\/01\\\/Logo_Organisator_Website.png\",\"contentUrl\":\"https:\\\/\\\/www.organisator.ch\\\/wp-content\\\/uploads\\\/2022\\\/01\\\/Logo_Organisator_Website.png\",\"width\":800,\"height\":77,\"caption\":\"Organisator\"},\"image\":{\"@id\":\"https:\\\/\\\/www.organisator.ch\\\/#\\\/schema\\\/logo\\\/image\\\/\"},\"sameAs\":[\"https:\\\/\\\/www.facebook.com\\\/OrganisatorFachmagazin\",\"https:\\\/\\\/www.linkedin.com\\\/showcase\\\/organisator-das-magazin-fr-kmu\",\"https:\\\/\\\/www.xing.com\\\/news\\\/pages\\\/organisator-ch-695\",\"https:\\\/\\\/www.youtube.com\\\/channel\\\/UCGP2Sq0iWaZwT3BdIAQFYpw\"]},{\"@type\":\"Person\",\"@id\":\"https:\\\/\\\/www.organisator.ch\\\/#\\\/schema\\\/person\\\/4e51799071cd2dd1232ac003643ef5f0\",\"name\":\"galledia\",\"image\":{\"@type\":\"ImageObject\",\"inLanguage\":\"en-US\",\"@id\":\"https:\\\/\\\/secure.gravatar.com\\\/avatar\\\/78a7f90c01fc2bfc875782a0d4922b37cde2cf184ce347b91316d23cd7f69a36?s=96&d=mm&r=g\",\"url\":\"https:\\\/\\\/secure.gravatar.com\\\/avatar\\\/78a7f90c01fc2bfc875782a0d4922b37cde2cf184ce347b91316d23cd7f69a36?s=96&d=mm&r=g\",\"contentUrl\":\"https:\\\/\\\/secure.gravatar.com\\\/avatar\\\/78a7f90c01fc2bfc875782a0d4922b37cde2cf184ce347b91316d23cd7f69a36?s=96&d=mm&r=g\",\"caption\":\"galledia\"},\"sameAs\":[\"https:\\\/\\\/x.com\\\/admin\"],\"url\":\"https:\\\/\\\/www.organisator.ch\\\/en\\\/author\\\/galledia\\\/\"}]}<\/script>\n<!-- \/ Yoast SEO plugin. -->","yoast_head_json":{"title":"Office service provider Graphax now officially certified as climate-neutral - Organizer","description":"Graphax becomes climate-neutral: CO2 footprint calculated and emissions offset by climate protection projects. Focus on sustainability.","robots":{"index":"index","follow":"follow","max-snippet":"max-snippet:-1","max-image-preview":"max-image-preview:large","max-video-preview":"max-video-preview:-1"},"canonical":"https:\/\/www.organisator.ch\/en\/operational-excellence\/2023-02-01\/office-dienstleister-graphax-nun-offiziell-als-klimaneutral-zertifiziert\/","og_locale":"en_US","og_type":"article","og_title":"Office-Dienstleister Graphax nun offiziell als klimaneutral zertifiziert - Organisator","og_description":"Graphax wird klimaneutral: CO2-Fussabdruck berechnet und Emissionen durch Klimaschutzprojekte ausgeglichen. Nachhaltigkeit im Fokus.","og_url":"https:\/\/www.organisator.ch\/en\/operational-excellence\/2023-02-01\/office-dienstleister-graphax-nun-offiziell-als-klimaneutral-zertifiziert\/","og_site_name":"Organisator","article_publisher":"https:\/\/www.facebook.com\/OrganisatorFachmagazin","article_published_time":"2023-02-01T06:59:36+00:00","article_modified_time":"2024-11-19T05:29:23+00:00","author":"galledia","twitter_card":"summary_large_image","twitter_creator":"@admin","schema":{"@context":"https:\/\/schema.org","@graph":[{"@type":"Article","@id":"https:\/\/www.organisator.ch\/operational-excellence\/2023-02-01\/office-dienstleister-graphax-nun-offiziell-als-klimaneutral-zertifiziert\/#article","isPartOf":{"@id":"https:\/\/www.organisator.ch\/operational-excellence\/2023-02-01\/office-dienstleister-graphax-nun-offiziell-als-klimaneutral-zertifiziert\/"},"author":{"name":"galledia","@id":"https:\/\/www.organisator.ch\/#\/schema\/person\/4e51799071cd2dd1232ac003643ef5f0"},"headline":"Office-Dienstleister Graphax nun offiziell als klimaneutral zertifiziert","datePublished":"2023-02-01T06:59:36+00:00","dateModified":"2024-11-19T05:29:23+00:00","mainEntityOfPage":{"@id":"https:\/\/www.organisator.ch\/operational-excellence\/2023-02-01\/office-dienstleister-graphax-nun-offiziell-als-klimaneutral-zertifiziert\/"},"wordCount":765,"publisher":{"@id":"https:\/\/www.organisator.ch\/#organization"},"image":{"@id":"https:\/\/www.organisator.ch\/operational-excellence\/2023-02-01\/office-dienstleister-graphax-nun-offiziell-als-klimaneutral-zertifiziert\/#primaryimage"},"thumbnailUrl":"https:\/\/www.m-q.ch\/wp-content\/uploads\/2023\/02\/Office-Dienstleister-Graphax-nun-offiziell-als-klimaneutral-zertifiziert_MQ.jpg","keywords":["Klimaneutral"],"articleSection":["OPERATIONAL EXCELLENCE"],"inLanguage":"en-US"},{"@type":"WebPage","@id":"https:\/\/www.organisator.ch\/operational-excellence\/2023-02-01\/office-dienstleister-graphax-nun-offiziell-als-klimaneutral-zertifiziert\/","url":"https:\/\/www.organisator.ch\/operational-excellence\/2023-02-01\/office-dienstleister-graphax-nun-offiziell-als-klimaneutral-zertifiziert\/","name":"Office service provider Graphax now officially certified as climate-neutral - Organizer","isPartOf":{"@id":"https:\/\/www.organisator.ch\/#website"},"primaryImageOfPage":{"@id":"https:\/\/www.organisator.ch\/operational-excellence\/2023-02-01\/office-dienstleister-graphax-nun-offiziell-als-klimaneutral-zertifiziert\/#primaryimage"},"image":{"@id":"https:\/\/www.organisator.ch\/operational-excellence\/2023-02-01\/office-dienstleister-graphax-nun-offiziell-als-klimaneutral-zertifiziert\/#primaryimage"},"thumbnailUrl":"https:\/\/www.m-q.ch\/wp-content\/uploads\/2023\/02\/Office-Dienstleister-Graphax-nun-offiziell-als-klimaneutral-zertifiziert_MQ.jpg","datePublished":"2023-02-01T06:59:36+00:00","dateModified":"2024-11-19T05:29:23+00:00","description":"Graphax becomes climate-neutral: CO2 footprint calculated and emissions offset by climate protection projects. Focus on sustainability.","breadcrumb":{"@id":"https:\/\/www.organisator.ch\/operational-excellence\/2023-02-01\/office-dienstleister-graphax-nun-offiziell-als-klimaneutral-zertifiziert\/#breadcrumb"},"inLanguage":"en-US","potentialAction":[{"@type":"ReadAction","target":["https:\/\/www.organisator.ch\/operational-excellence\/2023-02-01\/office-dienstleister-graphax-nun-offiziell-als-klimaneutral-zertifiziert\/"]}]},{"@type":"ImageObject","inLanguage":"en-US","@id":"https:\/\/www.organisator.ch\/operational-excellence\/2023-02-01\/office-dienstleister-graphax-nun-offiziell-als-klimaneutral-zertifiziert\/#primaryimage","url":"https:\/\/www.m-q.ch\/wp-content\/uploads\/2023\/02\/Office-Dienstleister-Graphax-nun-offiziell-als-klimaneutral-zertifiziert_MQ.jpg","contentUrl":"https:\/\/www.m-q.ch\/wp-content\/uploads\/2023\/02\/Office-Dienstleister-Graphax-nun-offiziell-als-klimaneutral-zertifiziert_MQ.jpg"},{"@type":"BreadcrumbList","@id":"https:\/\/www.organisator.ch\/operational-excellence\/2023-02-01\/office-dienstleister-graphax-nun-offiziell-als-klimaneutral-zertifiziert\/#breadcrumb","itemListElement":[{"@type":"ListItem","position":1,"name":"Home","item":"https:\/\/www.organisator.ch\/"},{"@type":"ListItem","position":2,"name":"Office-Dienstleister Graphax nun offiziell als klimaneutral zertifiziert"}]},{"@type":"WebSite","@id":"https:\/\/www.organisator.ch\/#website","url":"https:\/\/www.organisator.ch\/","name":"Organizer","description":"Competent. Practical. In 10 issues per year, ORGANISATOR presents the essential topics for managers of SMEs.","publisher":{"@id":"https:\/\/www.organisator.ch\/#organization"},"potentialAction":[{"@type":"SearchAction","target":{"@type":"EntryPoint","urlTemplate":"https:\/\/www.organisator.ch\/?s={search_term_string}"},"query-input":{"@type":"PropertyValueSpecification","valueRequired":true,"valueName":"search_term_string"}}],"inLanguage":"en-US"},{"@type":"Organization","@id":"https:\/\/www.organisator.ch\/#organization","name":"Organizer","url":"https:\/\/www.organisator.ch\/","logo":{"@type":"ImageObject","inLanguage":"en-US","@id":"https:\/\/www.organisator.ch\/#\/schema\/logo\/image\/","url":"https:\/\/www.organisator.ch\/wp-content\/uploads\/2022\/01\/Logo_Organisator_Website.png","contentUrl":"https:\/\/www.organisator.ch\/wp-content\/uploads\/2022\/01\/Logo_Organisator_Website.png","width":800,"height":77,"caption":"Organisator"},"image":{"@id":"https:\/\/www.organisator.ch\/#\/schema\/logo\/image\/"},"sameAs":["https:\/\/www.facebook.com\/OrganisatorFachmagazin","https:\/\/www.linkedin.com\/showcase\/organisator-das-magazin-fr-kmu","https:\/\/www.xing.com\/news\/pages\/organisator-ch-695","https:\/\/www.youtube.com\/channel\/UCGP2Sq0iWaZwT3BdIAQFYpw"]},{"@type":"Person","@id":"https:\/\/www.organisator.ch\/#\/schema\/person\/4e51799071cd2dd1232ac003643ef5f0","name":"galledia","image":{"@type":"ImageObject","inLanguage":"en-US","@id":"https:\/\/secure.gravatar.com\/avatar\/78a7f90c01fc2bfc875782a0d4922b37cde2cf184ce347b91316d23cd7f69a36?s=96&d=mm&r=g","url":"https:\/\/secure.gravatar.com\/avatar\/78a7f90c01fc2bfc875782a0d4922b37cde2cf184ce347b91316d23cd7f69a36?s=96&d=mm&r=g","contentUrl":"https:\/\/secure.gravatar.com\/avatar\/78a7f90c01fc2bfc875782a0d4922b37cde2cf184ce347b91316d23cd7f69a36?s=96&d=mm&r=g","caption":"galledia"},"sameAs":["https:\/\/x.com\/admin"],"url":"https:\/\/www.organisator.ch\/en\/author\/galledia\/"}]}},"_links":{"self":[{"href":"https:\/\/www.organisator.ch\/en\/wp-json\/wp\/v2\/posts\/18685","targetHints":{"allow":["GET"]}}],"collection":[{"href":"https:\/\/www.organisator.ch\/en\/wp-json\/wp\/v2\/posts"}],"about":[{"href":"https:\/\/www.organisator.ch\/en\/wp-json\/wp\/v2\/types\/post"}],"author":[{"embeddable":true,"href":"https:\/\/www.organisator.ch\/en\/wp-json\/wp\/v2\/users\/8"}],"replies":[{"embeddable":true,"href":"https:\/\/www.organisator.ch\/en\/wp-json\/wp\/v2\/comments?post=18685"}],"version-history":[{"count":3,"href":"https:\/\/www.organisator.ch\/en\/wp-json\/wp\/v2\/posts\/18685\/revisions"}],"predecessor-version":[{"id":33415,"href":"https:\/\/www.organisator.ch\/en\/wp-json\/wp\/v2\/posts\/18685\/revisions\/33415"}],"wp:attachment":[{"href":"https:\/\/www.organisator.ch\/en\/wp-json\/wp\/v2\/media?parent=18685"}],"wp:term":[{"taxonomy":"category","embeddable":true,"href":"https:\/\/www.organisator.ch\/en\/wp-json\/wp\/v2\/categories?post=18685"},{"taxonomy":"post_tag","embeddable":true,"href":"https:\/\/www.organisator.ch\/en\/wp-json\/wp\/v2\/tags?post=18685"}],"curies":[{"name":"wp","href":"https:\/\/api.w.org\/{rel}","templated":true}]}}