{"id":18728,"date":"2023-02-06T11:17:54","date_gmt":"2023-02-06T10:17:54","guid":{"rendered":"https:\/\/www.werbewoche.ch\/?p=193094"},"modified":"2024-11-19T05:48:37","modified_gmt":"2024-11-19T04:48:37","slug":"gfk-schweizer-detailhandel-schliesst-2022-mit-einem-minus","status":"publish","type":"post","link":"https:\/\/www.organisator.ch\/en\/marketing\/2023-02-06\/gfk-schweizer-detailhandel-schliesst-2022-mit-einem-minus\/","title":{"rendered":"GfK: Swiss retail trade to close 2022 with a minus"},"content":{"rendered":"<figure id=\"attachment_193096\" class=\"wp-caption alignnone\" style=\"width: 1200px\" aria-describedby=\"caption-attachment-193096\"><img class=\"alignnone wp-image-193096 size-full\" src=\"https:\/\/www.werbewoche.ch\/wp-content\/uploads\/2023\/02\/Detailhandel-Unsplash.jpg\" alt=\"GfK Market Monitor\" width=\"1200\" height=\"800\" \/>\r\n<figcaption id=\"caption-attachment-193096\" class=\"wp-caption-text\">Image: Mike Petrucci; Unsplash.<\/figcaption>\r\n<\/figure>\r\n<p>The GfK Market Monitor Swiss Retail Trade closes the year 2022 with a decline of 2.9%. Nonfood recorded a decline of minus 1.7 percent and food\/nearfood declined somewhat more sharply with minus 3.7 percent. Compared with the result before the pandemic, Swiss retail trade will be up by a significant 5 percent at the end of December 2022.<\/p>\r\n<p>The pandemic-related influences on stores and products for non-daily needs have a weaker impact on the nonfood result of the GfK Markt Monitor in Q4 2022 than in the previous quarter, and the flattening continues. Newer influencing factors such as the energy crisis, the war in Ukraine, sustainability awareness or even inflation have been added. Swiss citizens<br \/>\r\nSwiss are spending money in all areas, but demand is restrained for very large investments. In the fashion market, the recovery is continuing in all areas. Dressing with new trends for office, leisure and especially also for the<br \/>\r\nVacation travel continues. Nevertheless, the pre-Corona level is far from being reached.<\/p>\r\n<p><img class=\"alignnone size-full wp-image-193095\" src=\"https:\/\/www.werbewoche.ch\/wp-content\/uploads\/2023\/02\/GfK-detailhandel.jpg\" alt=\"\" width=\"1200\" height=\"674\" \/><\/p>\r\n<h3>Little demand for winter sports equipment<\/h3>\r\n<p>Leisure is also performing positively as of the end of the year. This is mainly attributable to the ongoing recovery in the travel and luggage sector. According to a survey on toys, consumers planned to spend more budget on Christmas gifts. Now, in the end, these sales are clearly below the previous year, also because enormously high sales were generated in the 4th quarter of 2021 and therefore the previous year's forecast is very high. Sports is developing rather flat. Fitness equipment is not able to reach the high templates and the lack of snowfall leads to lower demand for winter sports hardware. The soccer category, on the other hand, benefited from the 2022 World Cup in the fourth quarter.<\/p>\r\n<h3>Firewood on the rise<\/h3>\r\n<p>The furnishings market and DIY, on the other hand, are largely in decline. However, due to the uncertainties surrounding energy, DIY product groups such as firewood, compressors\/generators and solar installations are experiencing stronger demand. At<br \/>\r\nIn the 4th quarter, the main declines were in Christmas lighting and fireworks. Home electronics also showed a decline. This continues to be attributable to very full inventories and the intensification of the already increased price pressure, particularly on premium products.<\/p>\r\n<p>In Q4 2022, November outperformed December for the first time compared to the respective months of the previous year.<br \/>\r\nOnline shopping remains a consistently strong trend, the enormous growth rates of recent years are unattainable for 2022, and the online market is stagnating just below the previous year.<\/p>\r\n<p>&nbsp;<\/p>","protected":false},"excerpt":{"rendered":"<p>Der GfK Markt Monitor Schweizer Detailhandel schliesst das Jahr 2022 r\u00fcckl\u00e4ufig mit einem Minus von 2.9 Prozent. Nonfood verzeichnet einen R\u00fcckgang von Minus 1.7 Prozent und Food-\/ Nearfood verl\u00e4uft etwas st\u00e4rker r\u00fcckl\u00e4ufig mit Minus 3.7 Prozent. Verglichen mit dem Ergebnis vor der Pandemie steht der Schweizer Detailhandel per Ende Dezember 2022 bei einem deutlichen Plus [\u2026]<\/p>\n","protected":false},"author":8,"featured_media":0,"comment_status":"closed","ping_status":"closed","sticky":false,"template":"","format":"standard","meta":{"_acf_changed":false,"_yoast_wpseo_focuskw":"GfK Markt Monitor","_yoast_wpseo_metadesc":"GfK Markt Monitor: Schweizer Detailhandel 2022 mit -2.9%. Nonfood -1.7%, Food\/Nearfood -3.7%. Online-Shopping stagniert.","articlekey":"","footnotes":""},"categories":[29],"tags":[3610],"class_list":["post-18728","post","type-post","status-publish","format-standard","hentry","category-marketing","tag-gfk"],"acf":[],"yoast_head":"<!-- This site is optimized with the Yoast SEO plugin v27.4 - https:\/\/yoast.com\/product\/yoast-seo-wordpress\/ -->\n<title>GfK: Schweizer Detailhandel schliesst 2022 mit einem Minus - Organisator<\/title>\n<meta name=\"description\" content=\"GfK Markt Monitor: Schweizer Detailhandel 2022 mit -2.9%. Nonfood -1.7%, Food\/Nearfood -3.7%. Online-Shopping stagniert.\" \/>\n<meta name=\"robots\" content=\"index, follow, max-snippet:-1, max-image-preview:large, max-video-preview:-1\" \/>\n<link rel=\"canonical\" href=\"https:\/\/www.organisator.ch\/en\/marketing\/2023-02-06\/gfk-schweizer-detailhandel-schliesst-2022-mit-einem-minus\/\" \/>\n<meta property=\"og:locale\" content=\"en_US\" \/>\n<meta property=\"og:type\" content=\"article\" \/>\n<meta property=\"og:title\" content=\"GfK: Schweizer Detailhandel schliesst 2022 mit einem Minus - Organisator\" \/>\n<meta property=\"og:description\" content=\"GfK Markt Monitor: Schweizer Detailhandel 2022 mit -2.9%. Nonfood -1.7%, Food\/Nearfood -3.7%. Online-Shopping stagniert.\" \/>\n<meta property=\"og:url\" content=\"https:\/\/www.organisator.ch\/en\/marketing\/2023-02-06\/gfk-schweizer-detailhandel-schliesst-2022-mit-einem-minus\/\" \/>\n<meta property=\"og:site_name\" content=\"Organisator\" \/>\n<meta property=\"article:publisher\" content=\"https:\/\/www.facebook.com\/OrganisatorFachmagazin\" \/>\n<meta property=\"article:published_time\" content=\"2023-02-06T10:17:54+00:00\" \/>\n<meta property=\"article:modified_time\" content=\"2024-11-19T04:48:37+00:00\" \/>\n<meta name=\"author\" content=\"galledia\" \/>\n<meta name=\"twitter:card\" content=\"summary_large_image\" \/>\n<meta name=\"twitter:creator\" content=\"@admin\" \/>\n<script type=\"application\/ld+json\" class=\"yoast-schema-graph\">{\"@context\":\"https:\\\/\\\/schema.org\",\"@graph\":[{\"@type\":\"Article\",\"@id\":\"https:\\\/\\\/www.organisator.ch\\\/marketing\\\/2023-02-06\\\/gfk-schweizer-detailhandel-schliesst-2022-mit-einem-minus\\\/#article\",\"isPartOf\":{\"@id\":\"https:\\\/\\\/www.organisator.ch\\\/marketing\\\/2023-02-06\\\/gfk-schweizer-detailhandel-schliesst-2022-mit-einem-minus\\\/\"},\"author\":{\"name\":\"galledia\",\"@id\":\"https:\\\/\\\/www.organisator.ch\\\/#\\\/schema\\\/person\\\/4e51799071cd2dd1232ac003643ef5f0\"},\"headline\":\"GfK: Schweizer Detailhandel schliesst 2022 mit einem Minus\",\"datePublished\":\"2023-02-06T10:17:54+00:00\",\"dateModified\":\"2024-11-19T04:48:37+00:00\",\"mainEntityOfPage\":{\"@id\":\"https:\\\/\\\/www.organisator.ch\\\/marketing\\\/2023-02-06\\\/gfk-schweizer-detailhandel-schliesst-2022-mit-einem-minus\\\/\"},\"wordCount\":424,\"publisher\":{\"@id\":\"https:\\\/\\\/www.organisator.ch\\\/#organization\"},\"image\":{\"@id\":\"https:\\\/\\\/www.organisator.ch\\\/marketing\\\/2023-02-06\\\/gfk-schweizer-detailhandel-schliesst-2022-mit-einem-minus\\\/#primaryimage\"},\"thumbnailUrl\":\"https:\\\/\\\/www.werbewoche.ch\\\/wp-content\\\/uploads\\\/2023\\\/02\\\/Detailhandel-Unsplash.jpg\",\"keywords\":[\"Gfk\"],\"articleSection\":[\"MARKETING\"],\"inLanguage\":\"en-US\"},{\"@type\":\"WebPage\",\"@id\":\"https:\\\/\\\/www.organisator.ch\\\/marketing\\\/2023-02-06\\\/gfk-schweizer-detailhandel-schliesst-2022-mit-einem-minus\\\/\",\"url\":\"https:\\\/\\\/www.organisator.ch\\\/marketing\\\/2023-02-06\\\/gfk-schweizer-detailhandel-schliesst-2022-mit-einem-minus\\\/\",\"name\":\"GfK: Schweizer Detailhandel schliesst 2022 mit einem Minus - Organisator\",\"isPartOf\":{\"@id\":\"https:\\\/\\\/www.organisator.ch\\\/#website\"},\"primaryImageOfPage\":{\"@id\":\"https:\\\/\\\/www.organisator.ch\\\/marketing\\\/2023-02-06\\\/gfk-schweizer-detailhandel-schliesst-2022-mit-einem-minus\\\/#primaryimage\"},\"image\":{\"@id\":\"https:\\\/\\\/www.organisator.ch\\\/marketing\\\/2023-02-06\\\/gfk-schweizer-detailhandel-schliesst-2022-mit-einem-minus\\\/#primaryimage\"},\"thumbnailUrl\":\"https:\\\/\\\/www.werbewoche.ch\\\/wp-content\\\/uploads\\\/2023\\\/02\\\/Detailhandel-Unsplash.jpg\",\"datePublished\":\"2023-02-06T10:17:54+00:00\",\"dateModified\":\"2024-11-19T04:48:37+00:00\",\"description\":\"GfK Markt Monitor: Schweizer Detailhandel 2022 mit -2.9%. Nonfood -1.7%, Food\\\/Nearfood -3.7%. Online-Shopping stagniert.\",\"breadcrumb\":{\"@id\":\"https:\\\/\\\/www.organisator.ch\\\/marketing\\\/2023-02-06\\\/gfk-schweizer-detailhandel-schliesst-2022-mit-einem-minus\\\/#breadcrumb\"},\"inLanguage\":\"en-US\",\"potentialAction\":[{\"@type\":\"ReadAction\",\"target\":[\"https:\\\/\\\/www.organisator.ch\\\/marketing\\\/2023-02-06\\\/gfk-schweizer-detailhandel-schliesst-2022-mit-einem-minus\\\/\"]}]},{\"@type\":\"ImageObject\",\"inLanguage\":\"en-US\",\"@id\":\"https:\\\/\\\/www.organisator.ch\\\/marketing\\\/2023-02-06\\\/gfk-schweizer-detailhandel-schliesst-2022-mit-einem-minus\\\/#primaryimage\",\"url\":\"https:\\\/\\\/www.werbewoche.ch\\\/wp-content\\\/uploads\\\/2023\\\/02\\\/Detailhandel-Unsplash.jpg\",\"contentUrl\":\"https:\\\/\\\/www.werbewoche.ch\\\/wp-content\\\/uploads\\\/2023\\\/02\\\/Detailhandel-Unsplash.jpg\"},{\"@type\":\"BreadcrumbList\",\"@id\":\"https:\\\/\\\/www.organisator.ch\\\/marketing\\\/2023-02-06\\\/gfk-schweizer-detailhandel-schliesst-2022-mit-einem-minus\\\/#breadcrumb\",\"itemListElement\":[{\"@type\":\"ListItem\",\"position\":1,\"name\":\"Home\",\"item\":\"https:\\\/\\\/www.organisator.ch\\\/\"},{\"@type\":\"ListItem\",\"position\":2,\"name\":\"GfK: Schweizer Detailhandel schliesst 2022 mit einem Minus\"}]},{\"@type\":\"WebSite\",\"@id\":\"https:\\\/\\\/www.organisator.ch\\\/#website\",\"url\":\"https:\\\/\\\/www.organisator.ch\\\/\",\"name\":\"Organisator\",\"description\":\"Kompetent. Praxisnah. Der ORGANISATOR bereitet in 10 Ausgaben pro Jahr die wesentlichen Themen f\u00fcr F\u00fchrungskr\u00e4fte von KMU auf.\",\"publisher\":{\"@id\":\"https:\\\/\\\/www.organisator.ch\\\/#organization\"},\"potentialAction\":[{\"@type\":\"SearchAction\",\"target\":{\"@type\":\"EntryPoint\",\"urlTemplate\":\"https:\\\/\\\/www.organisator.ch\\\/?s={search_term_string}\"},\"query-input\":{\"@type\":\"PropertyValueSpecification\",\"valueRequired\":true,\"valueName\":\"search_term_string\"}}],\"inLanguage\":\"en-US\"},{\"@type\":\"Organization\",\"@id\":\"https:\\\/\\\/www.organisator.ch\\\/#organization\",\"name\":\"Organisator\",\"url\":\"https:\\\/\\\/www.organisator.ch\\\/\",\"logo\":{\"@type\":\"ImageObject\",\"inLanguage\":\"en-US\",\"@id\":\"https:\\\/\\\/www.organisator.ch\\\/#\\\/schema\\\/logo\\\/image\\\/\",\"url\":\"https:\\\/\\\/www.organisator.ch\\\/wp-content\\\/uploads\\\/2022\\\/01\\\/Logo_Organisator_Website.png\",\"contentUrl\":\"https:\\\/\\\/www.organisator.ch\\\/wp-content\\\/uploads\\\/2022\\\/01\\\/Logo_Organisator_Website.png\",\"width\":800,\"height\":77,\"caption\":\"Organisator\"},\"image\":{\"@id\":\"https:\\\/\\\/www.organisator.ch\\\/#\\\/schema\\\/logo\\\/image\\\/\"},\"sameAs\":[\"https:\\\/\\\/www.facebook.com\\\/OrganisatorFachmagazin\",\"https:\\\/\\\/www.linkedin.com\\\/showcase\\\/organisator-das-magazin-fr-kmu\",\"https:\\\/\\\/www.xing.com\\\/news\\\/pages\\\/organisator-ch-695\",\"https:\\\/\\\/www.youtube.com\\\/channel\\\/UCGP2Sq0iWaZwT3BdIAQFYpw\"]},{\"@type\":\"Person\",\"@id\":\"https:\\\/\\\/www.organisator.ch\\\/#\\\/schema\\\/person\\\/4e51799071cd2dd1232ac003643ef5f0\",\"name\":\"galledia\",\"image\":{\"@type\":\"ImageObject\",\"inLanguage\":\"en-US\",\"@id\":\"https:\\\/\\\/secure.gravatar.com\\\/avatar\\\/78a7f90c01fc2bfc875782a0d4922b37cde2cf184ce347b91316d23cd7f69a36?s=96&d=mm&r=g\",\"url\":\"https:\\\/\\\/secure.gravatar.com\\\/avatar\\\/78a7f90c01fc2bfc875782a0d4922b37cde2cf184ce347b91316d23cd7f69a36?s=96&d=mm&r=g\",\"contentUrl\":\"https:\\\/\\\/secure.gravatar.com\\\/avatar\\\/78a7f90c01fc2bfc875782a0d4922b37cde2cf184ce347b91316d23cd7f69a36?s=96&d=mm&r=g\",\"caption\":\"galledia\"},\"sameAs\":[\"https:\\\/\\\/x.com\\\/admin\"],\"url\":\"https:\\\/\\\/www.organisator.ch\\\/en\\\/author\\\/galledia\\\/\"}]}<\/script>\n<!-- \/ Yoast SEO plugin. -->","yoast_head_json":{"title":"GfK: Swiss retail trade to close 2022 with a minus - Organizer","description":"GfK Market Monitor: Swiss retail trade 2022 with -2.9%. Nonfood -1.7%, food\/nearfood -3.7%. Online shopping stagnates.","robots":{"index":"index","follow":"follow","max-snippet":"max-snippet:-1","max-image-preview":"max-image-preview:large","max-video-preview":"max-video-preview:-1"},"canonical":"https:\/\/www.organisator.ch\/en\/marketing\/2023-02-06\/gfk-schweizer-detailhandel-schliesst-2022-mit-einem-minus\/","og_locale":"en_US","og_type":"article","og_title":"GfK: Schweizer Detailhandel schliesst 2022 mit einem Minus - Organisator","og_description":"GfK Markt Monitor: Schweizer Detailhandel 2022 mit -2.9%. Nonfood -1.7%, Food\/Nearfood -3.7%. Online-Shopping stagniert.","og_url":"https:\/\/www.organisator.ch\/en\/marketing\/2023-02-06\/gfk-schweizer-detailhandel-schliesst-2022-mit-einem-minus\/","og_site_name":"Organisator","article_publisher":"https:\/\/www.facebook.com\/OrganisatorFachmagazin","article_published_time":"2023-02-06T10:17:54+00:00","article_modified_time":"2024-11-19T04:48:37+00:00","author":"galledia","twitter_card":"summary_large_image","twitter_creator":"@admin","schema":{"@context":"https:\/\/schema.org","@graph":[{"@type":"Article","@id":"https:\/\/www.organisator.ch\/marketing\/2023-02-06\/gfk-schweizer-detailhandel-schliesst-2022-mit-einem-minus\/#article","isPartOf":{"@id":"https:\/\/www.organisator.ch\/marketing\/2023-02-06\/gfk-schweizer-detailhandel-schliesst-2022-mit-einem-minus\/"},"author":{"name":"galledia","@id":"https:\/\/www.organisator.ch\/#\/schema\/person\/4e51799071cd2dd1232ac003643ef5f0"},"headline":"GfK: Schweizer Detailhandel schliesst 2022 mit einem Minus","datePublished":"2023-02-06T10:17:54+00:00","dateModified":"2024-11-19T04:48:37+00:00","mainEntityOfPage":{"@id":"https:\/\/www.organisator.ch\/marketing\/2023-02-06\/gfk-schweizer-detailhandel-schliesst-2022-mit-einem-minus\/"},"wordCount":424,"publisher":{"@id":"https:\/\/www.organisator.ch\/#organization"},"image":{"@id":"https:\/\/www.organisator.ch\/marketing\/2023-02-06\/gfk-schweizer-detailhandel-schliesst-2022-mit-einem-minus\/#primaryimage"},"thumbnailUrl":"https:\/\/www.werbewoche.ch\/wp-content\/uploads\/2023\/02\/Detailhandel-Unsplash.jpg","keywords":["Gfk"],"articleSection":["MARKETING"],"inLanguage":"en-US"},{"@type":"WebPage","@id":"https:\/\/www.organisator.ch\/marketing\/2023-02-06\/gfk-schweizer-detailhandel-schliesst-2022-mit-einem-minus\/","url":"https:\/\/www.organisator.ch\/marketing\/2023-02-06\/gfk-schweizer-detailhandel-schliesst-2022-mit-einem-minus\/","name":"GfK: Swiss retail trade to close 2022 with a minus - Organizer","isPartOf":{"@id":"https:\/\/www.organisator.ch\/#website"},"primaryImageOfPage":{"@id":"https:\/\/www.organisator.ch\/marketing\/2023-02-06\/gfk-schweizer-detailhandel-schliesst-2022-mit-einem-minus\/#primaryimage"},"image":{"@id":"https:\/\/www.organisator.ch\/marketing\/2023-02-06\/gfk-schweizer-detailhandel-schliesst-2022-mit-einem-minus\/#primaryimage"},"thumbnailUrl":"https:\/\/www.werbewoche.ch\/wp-content\/uploads\/2023\/02\/Detailhandel-Unsplash.jpg","datePublished":"2023-02-06T10:17:54+00:00","dateModified":"2024-11-19T04:48:37+00:00","description":"GfK Market Monitor: Swiss retail trade 2022 with -2.9%. Nonfood -1.7%, food\/nearfood -3.7%. Online shopping stagnates.","breadcrumb":{"@id":"https:\/\/www.organisator.ch\/marketing\/2023-02-06\/gfk-schweizer-detailhandel-schliesst-2022-mit-einem-minus\/#breadcrumb"},"inLanguage":"en-US","potentialAction":[{"@type":"ReadAction","target":["https:\/\/www.organisator.ch\/marketing\/2023-02-06\/gfk-schweizer-detailhandel-schliesst-2022-mit-einem-minus\/"]}]},{"@type":"ImageObject","inLanguage":"en-US","@id":"https:\/\/www.organisator.ch\/marketing\/2023-02-06\/gfk-schweizer-detailhandel-schliesst-2022-mit-einem-minus\/#primaryimage","url":"https:\/\/www.werbewoche.ch\/wp-content\/uploads\/2023\/02\/Detailhandel-Unsplash.jpg","contentUrl":"https:\/\/www.werbewoche.ch\/wp-content\/uploads\/2023\/02\/Detailhandel-Unsplash.jpg"},{"@type":"BreadcrumbList","@id":"https:\/\/www.organisator.ch\/marketing\/2023-02-06\/gfk-schweizer-detailhandel-schliesst-2022-mit-einem-minus\/#breadcrumb","itemListElement":[{"@type":"ListItem","position":1,"name":"Home","item":"https:\/\/www.organisator.ch\/"},{"@type":"ListItem","position":2,"name":"GfK: Schweizer Detailhandel schliesst 2022 mit einem Minus"}]},{"@type":"WebSite","@id":"https:\/\/www.organisator.ch\/#website","url":"https:\/\/www.organisator.ch\/","name":"Organizer","description":"Competent. Practical. In 10 issues per year, ORGANISATOR presents the essential topics for managers of SMEs.","publisher":{"@id":"https:\/\/www.organisator.ch\/#organization"},"potentialAction":[{"@type":"SearchAction","target":{"@type":"EntryPoint","urlTemplate":"https:\/\/www.organisator.ch\/?s={search_term_string}"},"query-input":{"@type":"PropertyValueSpecification","valueRequired":true,"valueName":"search_term_string"}}],"inLanguage":"en-US"},{"@type":"Organization","@id":"https:\/\/www.organisator.ch\/#organization","name":"Organizer","url":"https:\/\/www.organisator.ch\/","logo":{"@type":"ImageObject","inLanguage":"en-US","@id":"https:\/\/www.organisator.ch\/#\/schema\/logo\/image\/","url":"https:\/\/www.organisator.ch\/wp-content\/uploads\/2022\/01\/Logo_Organisator_Website.png","contentUrl":"https:\/\/www.organisator.ch\/wp-content\/uploads\/2022\/01\/Logo_Organisator_Website.png","width":800,"height":77,"caption":"Organisator"},"image":{"@id":"https:\/\/www.organisator.ch\/#\/schema\/logo\/image\/"},"sameAs":["https:\/\/www.facebook.com\/OrganisatorFachmagazin","https:\/\/www.linkedin.com\/showcase\/organisator-das-magazin-fr-kmu","https:\/\/www.xing.com\/news\/pages\/organisator-ch-695","https:\/\/www.youtube.com\/channel\/UCGP2Sq0iWaZwT3BdIAQFYpw"]},{"@type":"Person","@id":"https:\/\/www.organisator.ch\/#\/schema\/person\/4e51799071cd2dd1232ac003643ef5f0","name":"galledia","image":{"@type":"ImageObject","inLanguage":"en-US","@id":"https:\/\/secure.gravatar.com\/avatar\/78a7f90c01fc2bfc875782a0d4922b37cde2cf184ce347b91316d23cd7f69a36?s=96&d=mm&r=g","url":"https:\/\/secure.gravatar.com\/avatar\/78a7f90c01fc2bfc875782a0d4922b37cde2cf184ce347b91316d23cd7f69a36?s=96&d=mm&r=g","contentUrl":"https:\/\/secure.gravatar.com\/avatar\/78a7f90c01fc2bfc875782a0d4922b37cde2cf184ce347b91316d23cd7f69a36?s=96&d=mm&r=g","caption":"galledia"},"sameAs":["https:\/\/x.com\/admin"],"url":"https:\/\/www.organisator.ch\/en\/author\/galledia\/"}]}},"_links":{"self":[{"href":"https:\/\/www.organisator.ch\/en\/wp-json\/wp\/v2\/posts\/18728","targetHints":{"allow":["GET"]}}],"collection":[{"href":"https:\/\/www.organisator.ch\/en\/wp-json\/wp\/v2\/posts"}],"about":[{"href":"https:\/\/www.organisator.ch\/en\/wp-json\/wp\/v2\/types\/post"}],"author":[{"embeddable":true,"href":"https:\/\/www.organisator.ch\/en\/wp-json\/wp\/v2\/users\/8"}],"replies":[{"embeddable":true,"href":"https:\/\/www.organisator.ch\/en\/wp-json\/wp\/v2\/comments?post=18728"}],"version-history":[{"count":3,"href":"https:\/\/www.organisator.ch\/en\/wp-json\/wp\/v2\/posts\/18728\/revisions"}],"predecessor-version":[{"id":33405,"href":"https:\/\/www.organisator.ch\/en\/wp-json\/wp\/v2\/posts\/18728\/revisions\/33405"}],"wp:attachment":[{"href":"https:\/\/www.organisator.ch\/en\/wp-json\/wp\/v2\/media?parent=18728"}],"wp:term":[{"taxonomy":"category","embeddable":true,"href":"https:\/\/www.organisator.ch\/en\/wp-json\/wp\/v2\/categories?post=18728"},{"taxonomy":"post_tag","embeddable":true,"href":"https:\/\/www.organisator.ch\/en\/wp-json\/wp\/v2\/tags?post=18728"}],"curies":[{"name":"wp","href":"https:\/\/api.w.org\/{rel}","templated":true}]}}