{"id":18766,"date":"2023-02-10T08:12:07","date_gmt":"2023-02-10T07:12:07","guid":{"rendered":"https:\/\/www.organisator.ch\/?p=18766"},"modified":"2023-02-10T08:12:07","modified_gmt":"2023-02-10T07:12:07","slug":"generationenwechsel-bei-schillingpartners","status":"publish","type":"post","link":"https:\/\/www.organisator.ch\/en\/management\/2023-02-10\/generationenwechsel-bei-schillingpartners\/","title":{"rendered":"Generation change at schillingpartners"},"content":{"rendered":"<figure id=\"attachment_18767\" aria-describedby=\"caption-attachment-18767\" style=\"width: 680px\" class=\"wp-caption alignnone\"><img loading=\"lazy\" decoding=\"async\" class=\"size-full wp-image-18767\" src=\"https:\/\/www.organisator.ch\/wp-content\/uploads\/2023\/02\/Generationenwechsel-bei-schillingpartners_Organisator.jpg\" alt=\"\" width=\"680\" height=\"510\" srcset=\"https:\/\/www.organisator.ch\/wp-content\/uploads\/2023\/02\/Generationenwechsel-bei-schillingpartners_Organisator.jpg 680w, https:\/\/www.organisator.ch\/wp-content\/uploads\/2023\/02\/Generationenwechsel-bei-schillingpartners_Organisator-16x12.jpg 16w, https:\/\/www.organisator.ch\/wp-content\/uploads\/2023\/02\/Generationenwechsel-bei-schillingpartners_Organisator-375x281.jpg 375w, https:\/\/www.organisator.ch\/wp-content\/uploads\/2023\/02\/Generationenwechsel-bei-schillingpartners_Organisator-467x350.jpg 467w\" sizes=\"auto, (max-width: 680px) 100vw, 680px\" \/><figcaption id=\"caption-attachment-18767\" class=\"wp-caption-text\">After the generation change, the board of directors of schillingpartners consists of Gilgian Eisner, Malte M\u00fcller, Brigitta Schl\u00e4pfer and Guido Schilling (from left to right). Picture: schillingpartners<\/figcaption><\/figure>\n<p>Guido Schilling is completing the generational change in his company: In the future, his executive search firm schillingpartners will be managed by the longstanding partners. However, he himself will remain with the company as Chairman of the Board of Directors and will focus on filling board and senior management positions. The role of Managing Partner will be taken over by Malte M\u00fcller, who has been with the firm for 10 years and heads the Industry\/Energy practice. Like M\u00fcller, the other partners will also concentrate on an industry focus, applying their expertise on behalf of clients.<\/p>\n<h3>More than 30 years experience<\/h3>\n<p>Guido Schilling has been active in executive search for over 30 years and established schillingpartners as one of the leading executive search companies in Switzerland. Systematic, reliable and goal-oriented, the headhunters find the right executives at the highest management level for SMEs and large companies. In 2019, Guido Schilling started the succession process with the partners to sustainably position the company for the future. The majority of schillingpartners' shares are now in the hands of the new generation. Guido Schilling comments on this milestone as follows: \"It fills me with joy and pride to have found an excellent solution for the future of schillingpartners and its employees together with the long-standing partners. I will stand by the partners with advice and support in the realization of their business plans.\"<\/p>\n<h3>Ambitious goals<\/h3>\n<p>schillingpartners has set itself ambitious goals for the future after the generation change. \"We want to be the number 1 for filling top positions in Switzerland,\" Malte M\u00fcller explains the company's vision. \"To achieve this, we will continue to expand the team and are especially looking for strong consultants who share our quality standards and deliver the maximum performance for our clients every day.\"<\/p>\n<p>The company currently employs around 30 people. The consultants specialize in individual focus areas, ranging from industry, IT technology, financial services, healthcare and life sciences to consumer goods, energy, real estate and the public sector. Internationally, the firm is affiliated with IMD Search Group with offices in 25 countries on four continents.<\/p>\n<p><em>Source: <a href=\"http:\/\/www.schillingpartners.ch\">www.schillingpartners.ch<\/a><\/em><\/p>","protected":false},"excerpt":{"rendered":"<p>Guido Schilling vollzieht in seinem Unternehmen den Generationenwechsel: Insk\u00fcnftig wird sein Executive-Search-Unternehmen schillingpartners von den langj\u00e4hrigen Partnerinnen und Partnern gef\u00fchrt. Er selbst bleibt dem Unternehmen aber als Verwaltungsratspr\u00e4sident erhalten und fokussiert sich auf die Besetzung von Verwaltungsr\u00e4ten und Positionen im obersten Management. Die Rolle des Managing Partners wird Malte M\u00fcller \u00fcbernehmen, der dem Unternehmen bereits [&hellip;]<\/p>\n","protected":false},"author":4,"featured_media":18767,"comment_status":"closed","ping_status":"closed","sticky":false,"template":"","format":"standard","meta":{"_acf_changed":false,"_yoast_wpseo_focuskw":"Generationenwechsel","_yoast_wpseo_metadesc":"Generationenwechsel: Zuk\u00fcnftig wird schillingpartners von den langj\u00e4hrigen Partnerinnen und Partnern gef\u00fchrt, Guido Schilling bleibt VRP.","articlekey":"","footnotes":""},"categories":[28],"tags":[3616,207,335],"class_list":["post-18766","post","type-post","status-publish","format-standard","has-post-thumbnail","hentry","category-management","tag-executive-search","tag-firmennachfolge","tag-management-und-unternehmensfuehrung"],"acf":[],"yoast_head":"<!-- This site is optimized with the Yoast SEO plugin v27.5 - https:\/\/yoast.com\/product\/yoast-seo-wordpress\/ -->\n<title>Generationenwechsel bei schillingpartners - Organisator<\/title>\n<meta name=\"description\" content=\"Generationenwechsel: Zuk\u00fcnftig wird schillingpartners von den langj\u00e4hrigen Partnerinnen und Partnern gef\u00fchrt, Guido Schilling bleibt VRP.\" \/>\n<meta name=\"robots\" content=\"index, follow, max-snippet:-1, max-image-preview:large, max-video-preview:-1\" \/>\n<link rel=\"canonical\" href=\"https:\/\/www.organisator.ch\/en\/management\/2023-02-10\/generationenwechsel-bei-schillingpartners\/\" \/>\n<meta property=\"og:locale\" content=\"en_US\" \/>\n<meta property=\"og:type\" content=\"article\" \/>\n<meta property=\"og:title\" content=\"Generationenwechsel bei schillingpartners\" \/>\n<meta property=\"og:description\" content=\"Generationenwechsel: Zuk\u00fcnftig wird schillingpartners von den langj\u00e4hrigen Partnerinnen und Partnern gef\u00fchrt, Guido Schilling bleibt VRP.\" \/>\n<meta property=\"og:url\" content=\"https:\/\/www.organisator.ch\/en\/management\/2023-02-10\/generationenwechsel-bei-schillingpartners\/\" \/>\n<meta property=\"og:site_name\" content=\"Organisator\" \/>\n<meta property=\"article:publisher\" content=\"https:\/\/www.facebook.com\/OrganisatorFachmagazin\" \/>\n<meta property=\"article:published_time\" content=\"2023-02-10T07:12:07+00:00\" \/>\n<meta property=\"og:image\" content=\"https:\/\/www.organisator.ch\/wp-content\/uploads\/2023\/02\/Generationenwechsel-bei-schillingpartners_Organisator.jpg\" \/>\n\t<meta property=\"og:image:width\" content=\"680\" \/>\n\t<meta property=\"og:image:height\" content=\"510\" \/>\n\t<meta property=\"og:image:type\" content=\"image\/jpeg\" \/>\n<meta name=\"author\" content=\"thomas.berner\" \/>\n<meta name=\"twitter:card\" content=\"summary_large_image\" \/>\n<meta name=\"twitter:title\" content=\"#Generationenwechsel bei #schillingpartners\" \/>\n<meta name=\"twitter:description\" content=\"#Generationenwechsel: Zuk\u00fcnftig wird #schillingpartners von den langj\u00e4hrigen Partnerinnen und Partnern gef\u00fchrt, Guido Schilling bleibt #VRP.\" \/>\n<meta name=\"twitter:image\" content=\"https:\/\/www.organisator.ch\/wp-content\/uploads\/2023\/02\/Generationenwechsel-bei-schillingpartners_Organisator.jpg\" \/>\n<script type=\"application\/ld+json\" class=\"yoast-schema-graph\">{\"@context\":\"https:\\\/\\\/schema.org\",\"@graph\":[{\"@type\":\"Article\",\"@id\":\"https:\\\/\\\/www.organisator.ch\\\/management\\\/2023-02-10\\\/generationenwechsel-bei-schillingpartners\\\/#article\",\"isPartOf\":{\"@id\":\"https:\\\/\\\/www.organisator.ch\\\/management\\\/2023-02-10\\\/generationenwechsel-bei-schillingpartners\\\/\"},\"author\":{\"name\":\"thomas.berner\",\"@id\":\"https:\\\/\\\/www.organisator.ch\\\/#\\\/schema\\\/person\\\/6f650f90b2842cd4c0cc334b4e36f67e\"},\"headline\":\"Generationenwechsel bei schillingpartners\",\"datePublished\":\"2023-02-10T07:12:07+00:00\",\"mainEntityOfPage\":{\"@id\":\"https:\\\/\\\/www.organisator.ch\\\/management\\\/2023-02-10\\\/generationenwechsel-bei-schillingpartners\\\/\"},\"wordCount\":401,\"publisher\":{\"@id\":\"https:\\\/\\\/www.organisator.ch\\\/#organization\"},\"image\":{\"@id\":\"https:\\\/\\\/www.organisator.ch\\\/management\\\/2023-02-10\\\/generationenwechsel-bei-schillingpartners\\\/#primaryimage\"},\"thumbnailUrl\":\"https:\\\/\\\/www.organisator.ch\\\/wp-content\\\/uploads\\\/2023\\\/02\\\/Generationenwechsel-bei-schillingpartners_Organisator.jpg\",\"keywords\":[\"Executive Search\",\"Firmennachfolge\",\"Management und Unternehmensf\u00fchrung\"],\"articleSection\":[\"MANAGEMENT\"],\"inLanguage\":\"en-US\"},{\"@type\":\"WebPage\",\"@id\":\"https:\\\/\\\/www.organisator.ch\\\/management\\\/2023-02-10\\\/generationenwechsel-bei-schillingpartners\\\/\",\"url\":\"https:\\\/\\\/www.organisator.ch\\\/management\\\/2023-02-10\\\/generationenwechsel-bei-schillingpartners\\\/\",\"name\":\"Generationenwechsel bei schillingpartners - Organisator\",\"isPartOf\":{\"@id\":\"https:\\\/\\\/www.organisator.ch\\\/#website\"},\"primaryImageOfPage\":{\"@id\":\"https:\\\/\\\/www.organisator.ch\\\/management\\\/2023-02-10\\\/generationenwechsel-bei-schillingpartners\\\/#primaryimage\"},\"image\":{\"@id\":\"https:\\\/\\\/www.organisator.ch\\\/management\\\/2023-02-10\\\/generationenwechsel-bei-schillingpartners\\\/#primaryimage\"},\"thumbnailUrl\":\"https:\\\/\\\/www.organisator.ch\\\/wp-content\\\/uploads\\\/2023\\\/02\\\/Generationenwechsel-bei-schillingpartners_Organisator.jpg\",\"datePublished\":\"2023-02-10T07:12:07+00:00\",\"description\":\"Generationenwechsel: Zuk\u00fcnftig wird schillingpartners von den langj\u00e4hrigen Partnerinnen und Partnern gef\u00fchrt, Guido Schilling bleibt VRP.\",\"breadcrumb\":{\"@id\":\"https:\\\/\\\/www.organisator.ch\\\/management\\\/2023-02-10\\\/generationenwechsel-bei-schillingpartners\\\/#breadcrumb\"},\"inLanguage\":\"en-US\",\"potentialAction\":[{\"@type\":\"ReadAction\",\"target\":[\"https:\\\/\\\/www.organisator.ch\\\/management\\\/2023-02-10\\\/generationenwechsel-bei-schillingpartners\\\/\"]}]},{\"@type\":\"ImageObject\",\"inLanguage\":\"en-US\",\"@id\":\"https:\\\/\\\/www.organisator.ch\\\/management\\\/2023-02-10\\\/generationenwechsel-bei-schillingpartners\\\/#primaryimage\",\"url\":\"https:\\\/\\\/www.organisator.ch\\\/wp-content\\\/uploads\\\/2023\\\/02\\\/Generationenwechsel-bei-schillingpartners_Organisator.jpg\",\"contentUrl\":\"https:\\\/\\\/www.organisator.ch\\\/wp-content\\\/uploads\\\/2023\\\/02\\\/Generationenwechsel-bei-schillingpartners_Organisator.jpg\",\"width\":680,\"height\":510,\"caption\":\"Der Verwaltungsrat von schillingpartners: Gilgian Eisner, Malte M\u00fcller, Brigitta Schl\u00e4pfer und Guido Schilling (v.l.n.r.). Bild: schillingpartners\"},{\"@type\":\"BreadcrumbList\",\"@id\":\"https:\\\/\\\/www.organisator.ch\\\/management\\\/2023-02-10\\\/generationenwechsel-bei-schillingpartners\\\/#breadcrumb\",\"itemListElement\":[{\"@type\":\"ListItem\",\"position\":1,\"name\":\"Home\",\"item\":\"https:\\\/\\\/www.organisator.ch\\\/\"},{\"@type\":\"ListItem\",\"position\":2,\"name\":\"Generationenwechsel bei schillingpartners\"}]},{\"@type\":\"WebSite\",\"@id\":\"https:\\\/\\\/www.organisator.ch\\\/#website\",\"url\":\"https:\\\/\\\/www.organisator.ch\\\/\",\"name\":\"Organisator\",\"description\":\"Kompetent. Praxisnah. Der ORGANISATOR bereitet in 10 Ausgaben pro Jahr die wesentlichen Themen f\u00fcr F\u00fchrungskr\u00e4fte von KMU auf.\",\"publisher\":{\"@id\":\"https:\\\/\\\/www.organisator.ch\\\/#organization\"},\"potentialAction\":[{\"@type\":\"SearchAction\",\"target\":{\"@type\":\"EntryPoint\",\"urlTemplate\":\"https:\\\/\\\/www.organisator.ch\\\/?s={search_term_string}\"},\"query-input\":{\"@type\":\"PropertyValueSpecification\",\"valueRequired\":true,\"valueName\":\"search_term_string\"}}],\"inLanguage\":\"en-US\"},{\"@type\":\"Organization\",\"@id\":\"https:\\\/\\\/www.organisator.ch\\\/#organization\",\"name\":\"Organisator\",\"url\":\"https:\\\/\\\/www.organisator.ch\\\/\",\"logo\":{\"@type\":\"ImageObject\",\"inLanguage\":\"en-US\",\"@id\":\"https:\\\/\\\/www.organisator.ch\\\/#\\\/schema\\\/logo\\\/image\\\/\",\"url\":\"https:\\\/\\\/www.organisator.ch\\\/wp-content\\\/uploads\\\/2022\\\/01\\\/Logo_Organisator_Website.png\",\"contentUrl\":\"https:\\\/\\\/www.organisator.ch\\\/wp-content\\\/uploads\\\/2022\\\/01\\\/Logo_Organisator_Website.png\",\"width\":800,\"height\":77,\"caption\":\"Organisator\"},\"image\":{\"@id\":\"https:\\\/\\\/www.organisator.ch\\\/#\\\/schema\\\/logo\\\/image\\\/\"},\"sameAs\":[\"https:\\\/\\\/www.facebook.com\\\/OrganisatorFachmagazin\",\"https:\\\/\\\/www.linkedin.com\\\/showcase\\\/organisator-das-magazin-fr-kmu\",\"https:\\\/\\\/www.xing.com\\\/news\\\/pages\\\/organisator-ch-695\",\"https:\\\/\\\/www.youtube.com\\\/channel\\\/UCGP2Sq0iWaZwT3BdIAQFYpw\"]},{\"@type\":\"Person\",\"@id\":\"https:\\\/\\\/www.organisator.ch\\\/#\\\/schema\\\/person\\\/6f650f90b2842cd4c0cc334b4e36f67e\",\"name\":\"thomas.berner\",\"image\":{\"@type\":\"ImageObject\",\"inLanguage\":\"en-US\",\"@id\":\"https:\\\/\\\/secure.gravatar.com\\\/avatar\\\/ac5001d2a36cb6c6cd3e50789007ffca834b477b74a2144564522e944eabff61?s=96&d=mm&r=g\",\"url\":\"https:\\\/\\\/secure.gravatar.com\\\/avatar\\\/ac5001d2a36cb6c6cd3e50789007ffca834b477b74a2144564522e944eabff61?s=96&d=mm&r=g\",\"contentUrl\":\"https:\\\/\\\/secure.gravatar.com\\\/avatar\\\/ac5001d2a36cb6c6cd3e50789007ffca834b477b74a2144564522e944eabff61?s=96&d=mm&r=g\",\"caption\":\"thomas.berner\"},\"url\":\"https:\\\/\\\/www.organisator.ch\\\/en\\\/author\\\/thomas-berner\\\/\"}]}<\/script>\n<!-- \/ Yoast SEO plugin. -->","yoast_head_json":{"title":"Generation change at schillingpartners - Organizer","description":"Generation change: In the future, schillingpartners will be managed by the longstanding partners, Guido Schilling remains VRP.","robots":{"index":"index","follow":"follow","max-snippet":"max-snippet:-1","max-image-preview":"max-image-preview:large","max-video-preview":"max-video-preview:-1"},"canonical":"https:\/\/www.organisator.ch\/en\/management\/2023-02-10\/generationenwechsel-bei-schillingpartners\/","og_locale":"en_US","og_type":"article","og_title":"Generationenwechsel bei schillingpartners","og_description":"Generationenwechsel: Zuk\u00fcnftig wird schillingpartners von den langj\u00e4hrigen Partnerinnen und Partnern gef\u00fchrt, Guido Schilling bleibt VRP.","og_url":"https:\/\/www.organisator.ch\/en\/management\/2023-02-10\/generationenwechsel-bei-schillingpartners\/","og_site_name":"Organisator","article_publisher":"https:\/\/www.facebook.com\/OrganisatorFachmagazin","article_published_time":"2023-02-10T07:12:07+00:00","og_image":[{"width":680,"height":510,"url":"https:\/\/www.organisator.ch\/wp-content\/uploads\/2023\/02\/Generationenwechsel-bei-schillingpartners_Organisator.jpg","type":"image\/jpeg"}],"author":"thomas.berner","twitter_card":"summary_large_image","twitter_title":"#Generationenwechsel bei #schillingpartners","twitter_description":"#Generationenwechsel: Zuk\u00fcnftig wird #schillingpartners von den langj\u00e4hrigen Partnerinnen und Partnern gef\u00fchrt, Guido Schilling bleibt #VRP.","twitter_image":"https:\/\/www.organisator.ch\/wp-content\/uploads\/2023\/02\/Generationenwechsel-bei-schillingpartners_Organisator.jpg","schema":{"@context":"https:\/\/schema.org","@graph":[{"@type":"Article","@id":"https:\/\/www.organisator.ch\/management\/2023-02-10\/generationenwechsel-bei-schillingpartners\/#article","isPartOf":{"@id":"https:\/\/www.organisator.ch\/management\/2023-02-10\/generationenwechsel-bei-schillingpartners\/"},"author":{"name":"thomas.berner","@id":"https:\/\/www.organisator.ch\/#\/schema\/person\/6f650f90b2842cd4c0cc334b4e36f67e"},"headline":"Generationenwechsel bei schillingpartners","datePublished":"2023-02-10T07:12:07+00:00","mainEntityOfPage":{"@id":"https:\/\/www.organisator.ch\/management\/2023-02-10\/generationenwechsel-bei-schillingpartners\/"},"wordCount":401,"publisher":{"@id":"https:\/\/www.organisator.ch\/#organization"},"image":{"@id":"https:\/\/www.organisator.ch\/management\/2023-02-10\/generationenwechsel-bei-schillingpartners\/#primaryimage"},"thumbnailUrl":"https:\/\/www.organisator.ch\/wp-content\/uploads\/2023\/02\/Generationenwechsel-bei-schillingpartners_Organisator.jpg","keywords":["Executive Search","Firmennachfolge","Management und Unternehmensf\u00fchrung"],"articleSection":["MANAGEMENT"],"inLanguage":"en-US"},{"@type":"WebPage","@id":"https:\/\/www.organisator.ch\/management\/2023-02-10\/generationenwechsel-bei-schillingpartners\/","url":"https:\/\/www.organisator.ch\/management\/2023-02-10\/generationenwechsel-bei-schillingpartners\/","name":"Generation change at schillingpartners - Organizer","isPartOf":{"@id":"https:\/\/www.organisator.ch\/#website"},"primaryImageOfPage":{"@id":"https:\/\/www.organisator.ch\/management\/2023-02-10\/generationenwechsel-bei-schillingpartners\/#primaryimage"},"image":{"@id":"https:\/\/www.organisator.ch\/management\/2023-02-10\/generationenwechsel-bei-schillingpartners\/#primaryimage"},"thumbnailUrl":"https:\/\/www.organisator.ch\/wp-content\/uploads\/2023\/02\/Generationenwechsel-bei-schillingpartners_Organisator.jpg","datePublished":"2023-02-10T07:12:07+00:00","description":"Generation change: In the future, schillingpartners will be managed by the longstanding partners, Guido Schilling remains VRP.","breadcrumb":{"@id":"https:\/\/www.organisator.ch\/management\/2023-02-10\/generationenwechsel-bei-schillingpartners\/#breadcrumb"},"inLanguage":"en-US","potentialAction":[{"@type":"ReadAction","target":["https:\/\/www.organisator.ch\/management\/2023-02-10\/generationenwechsel-bei-schillingpartners\/"]}]},{"@type":"ImageObject","inLanguage":"en-US","@id":"https:\/\/www.organisator.ch\/management\/2023-02-10\/generationenwechsel-bei-schillingpartners\/#primaryimage","url":"https:\/\/www.organisator.ch\/wp-content\/uploads\/2023\/02\/Generationenwechsel-bei-schillingpartners_Organisator.jpg","contentUrl":"https:\/\/www.organisator.ch\/wp-content\/uploads\/2023\/02\/Generationenwechsel-bei-schillingpartners_Organisator.jpg","width":680,"height":510,"caption":"Der Verwaltungsrat von schillingpartners: Gilgian Eisner, Malte M\u00fcller, Brigitta Schl\u00e4pfer und Guido Schilling (v.l.n.r.). Bild: schillingpartners"},{"@type":"BreadcrumbList","@id":"https:\/\/www.organisator.ch\/management\/2023-02-10\/generationenwechsel-bei-schillingpartners\/#breadcrumb","itemListElement":[{"@type":"ListItem","position":1,"name":"Home","item":"https:\/\/www.organisator.ch\/"},{"@type":"ListItem","position":2,"name":"Generationenwechsel bei schillingpartners"}]},{"@type":"WebSite","@id":"https:\/\/www.organisator.ch\/#website","url":"https:\/\/www.organisator.ch\/","name":"Organizer","description":"Competent. Practical. In 10 issues per year, ORGANISATOR presents the essential topics for managers of SMEs.","publisher":{"@id":"https:\/\/www.organisator.ch\/#organization"},"potentialAction":[{"@type":"SearchAction","target":{"@type":"EntryPoint","urlTemplate":"https:\/\/www.organisator.ch\/?s={search_term_string}"},"query-input":{"@type":"PropertyValueSpecification","valueRequired":true,"valueName":"search_term_string"}}],"inLanguage":"en-US"},{"@type":"Organization","@id":"https:\/\/www.organisator.ch\/#organization","name":"Organizer","url":"https:\/\/www.organisator.ch\/","logo":{"@type":"ImageObject","inLanguage":"en-US","@id":"https:\/\/www.organisator.ch\/#\/schema\/logo\/image\/","url":"https:\/\/www.organisator.ch\/wp-content\/uploads\/2022\/01\/Logo_Organisator_Website.png","contentUrl":"https:\/\/www.organisator.ch\/wp-content\/uploads\/2022\/01\/Logo_Organisator_Website.png","width":800,"height":77,"caption":"Organisator"},"image":{"@id":"https:\/\/www.organisator.ch\/#\/schema\/logo\/image\/"},"sameAs":["https:\/\/www.facebook.com\/OrganisatorFachmagazin","https:\/\/www.linkedin.com\/showcase\/organisator-das-magazin-fr-kmu","https:\/\/www.xing.com\/news\/pages\/organisator-ch-695","https:\/\/www.youtube.com\/channel\/UCGP2Sq0iWaZwT3BdIAQFYpw"]},{"@type":"Person","@id":"https:\/\/www.organisator.ch\/#\/schema\/person\/6f650f90b2842cd4c0cc334b4e36f67e","name":"thomas.berner","image":{"@type":"ImageObject","inLanguage":"en-US","@id":"https:\/\/secure.gravatar.com\/avatar\/ac5001d2a36cb6c6cd3e50789007ffca834b477b74a2144564522e944eabff61?s=96&d=mm&r=g","url":"https:\/\/secure.gravatar.com\/avatar\/ac5001d2a36cb6c6cd3e50789007ffca834b477b74a2144564522e944eabff61?s=96&d=mm&r=g","contentUrl":"https:\/\/secure.gravatar.com\/avatar\/ac5001d2a36cb6c6cd3e50789007ffca834b477b74a2144564522e944eabff61?s=96&d=mm&r=g","caption":"thomas.berner"},"url":"https:\/\/www.organisator.ch\/en\/author\/thomas-berner\/"}]}},"_links":{"self":[{"href":"https:\/\/www.organisator.ch\/en\/wp-json\/wp\/v2\/posts\/18766","targetHints":{"allow":["GET"]}}],"collection":[{"href":"https:\/\/www.organisator.ch\/en\/wp-json\/wp\/v2\/posts"}],"about":[{"href":"https:\/\/www.organisator.ch\/en\/wp-json\/wp\/v2\/types\/post"}],"author":[{"embeddable":true,"href":"https:\/\/www.organisator.ch\/en\/wp-json\/wp\/v2\/users\/4"}],"replies":[{"embeddable":true,"href":"https:\/\/www.organisator.ch\/en\/wp-json\/wp\/v2\/comments?post=18766"}],"version-history":[{"count":1,"href":"https:\/\/www.organisator.ch\/en\/wp-json\/wp\/v2\/posts\/18766\/revisions"}],"predecessor-version":[{"id":18768,"href":"https:\/\/www.organisator.ch\/en\/wp-json\/wp\/v2\/posts\/18766\/revisions\/18768"}],"wp:featuredmedia":[{"embeddable":true,"href":"https:\/\/www.organisator.ch\/en\/wp-json\/wp\/v2\/media\/18767"}],"wp:attachment":[{"href":"https:\/\/www.organisator.ch\/en\/wp-json\/wp\/v2\/media?parent=18766"}],"wp:term":[{"taxonomy":"category","embeddable":true,"href":"https:\/\/www.organisator.ch\/en\/wp-json\/wp\/v2\/categories?post=18766"},{"taxonomy":"post_tag","embeddable":true,"href":"https:\/\/www.organisator.ch\/en\/wp-json\/wp\/v2\/tags?post=18766"}],"curies":[{"name":"wp","href":"https:\/\/api.w.org\/{rel}","templated":true}]}}