{"id":18783,"date":"2023-02-13T09:30:19","date_gmt":"2023-02-13T08:30:19","guid":{"rendered":"https:\/\/www.organisator.ch\/?p=18783"},"modified":"2023-02-13T09:30:19","modified_gmt":"2023-02-13T08:30:19","slug":"buehler-group-marco-gadola-neues-vr-mitglied","status":"publish","type":"post","link":"https:\/\/www.organisator.ch\/en\/management\/2023-02-13\/buehler-group-marco-gadola-neues-vr-mitglied\/","title":{"rendered":"B\u00fchler Group: Marco Gadola new board member"},"content":{"rendered":"<figure id=\"attachment_18784\" aria-describedby=\"caption-attachment-18784\" style=\"width: 680px\" class=\"wp-caption alignnone\"><img loading=\"lazy\" decoding=\"async\" class=\"size-full wp-image-18784\" src=\"https:\/\/www.organisator.ch\/wp-content\/uploads\/2023\/02\/Buehler-Group-Marco-Gadola-neues-VR-Mitglied_Organisator.jpg\" alt=\"\" width=\"680\" height=\"453\" srcset=\"https:\/\/www.organisator.ch\/wp-content\/uploads\/2023\/02\/Buehler-Group-Marco-Gadola-neues-VR-Mitglied_Organisator.jpg 680w, https:\/\/www.organisator.ch\/wp-content\/uploads\/2023\/02\/Buehler-Group-Marco-Gadola-neues-VR-Mitglied_Organisator-18x12.jpg 18w, https:\/\/www.organisator.ch\/wp-content\/uploads\/2023\/02\/Buehler-Group-Marco-Gadola-neues-VR-Mitglied_Organisator-375x250.jpg 375w, https:\/\/www.organisator.ch\/wp-content\/uploads\/2023\/02\/Buehler-Group-Marco-Gadola-neues-VR-Mitglied_Organisator-525x350.jpg 525w\" sizes=\"auto, (max-width: 680px) 100vw, 680px\" \/><figcaption id=\"caption-attachment-18784\" class=\"wp-caption-text\">New on the Board of B\u00fchler Group: Marco Gadola. (Image: B\u00fchler Group)<\/figcaption><\/figure>\n<p>The B\u00fchler Group held its Annual General Meeting on Friday, February 10, 2023. A new election to the Board of Directors was also on the agenda. Marco Gadola (59), a Swiss and French citizen, was elected. He can look back on a long professional career. Marco Gadola began his career in banking. He later worked for Novartis International Ltd. in Basel as an audit manager. Starting in 1992, he spent nine years with the Hilti Group in management positions in the areas of trading, sales and finance in Liechtenstein, the United States, Spain and Germany. After five years as CFO at the Hero Group, he joined the Straumann Group in Basel as CFO and VP Operations. In 2008, Marco Gadola was appointed CFO of the Panalpina Group in Basel. From 2013 to 2019, he was CEO of the Straumann Group, a listed Swiss company with revenues of over CHF 2 billion.<\/p>\n<h3>A wealth of experience<\/h3>\n<p>Marco Gadola is Chairman of the Board of Directors of DKSH, Chairman of the Board of Directors of WS Audiology and Medartis Holding AG, Vice Chairman of the Board of Directors of MCH Group AG and member of the Board of Directors of Straumann Group. Marco Gadola holds a Master in Business Administration and Economics from the University of Basel, Switzerland.<\/p>\n<p>\"With this appointment, the B\u00fchler Board of Directors gains an accomplished and proven executive with nearly three decades of experience in various industries in the tools, medical and logistics sectors,\" says Calvin Grieder, Chairman of the B\u00fchler Board of Directors.<\/p>\n<h3>Konrad Hummler resigns<\/h3>\n<p>At the same meeting, Konrad Hummler resigned as a member of the Board of Directors of B\u00fchler and of the respective committees on which he served, having reached the statutory limit. Konrad Hummler had been a member of the Board of Directors since 2010. \"We thank Konrad Hummler for his foresight and great contribution to our company and wish him all the best for his professional and personal future,\" says Calvin Grieder.<\/p>\n<p><a href=\"http:\/\/www.buhlergroup.com\"><em>Source<\/em><\/a><\/p>","protected":false},"excerpt":{"rendered":"<p>Der Technologiekonzern B\u00fchler Group hielt am Freitag, 10. Februar 2023, seine Generalversamlung ab. Dabei stand auch eine Neuwahl in den Verwaltungsrat auf der Traktandenliste. Gew\u00e4hlt wurde Marco Gadola (59), Schweizer und franz\u00f6sischer Staatsb\u00fcrger. Er kann auf eine lange berufliche Karriere zur\u00fcckblicken. Diese begann Marco Gadola im Bankwesen. Sp\u00e4ter arbeitete er bei Novartis International Ltd. in [&hellip;]<\/p>\n","protected":false},"author":4,"featured_media":18784,"comment_status":"closed","ping_status":"closed","sticky":false,"template":"","format":"standard","meta":{"_acf_changed":false,"_yoast_wpseo_focuskw":"B\u00fchler Group","_yoast_wpseo_metadesc":"Marco Gadola wurde an der Generalversammlung vom 10. Februar 2023 einstimmig in den Verwaltungsrat der B\u00fchler Group gew\u00e4hlt.","articlekey":"","footnotes":""},"categories":[28],"tags":[381,2471],"class_list":["post-18783","post","type-post","status-publish","format-standard","has-post-thumbnail","hentry","category-management","tag-personalia","tag-verwaltungsrat"],"acf":[],"yoast_head":"<!-- This site is optimized with the Yoast SEO plugin v27.5 - https:\/\/yoast.com\/product\/yoast-seo-wordpress\/ -->\n<title>B\u00fchler Group: Marco Gadola neues VR-Mitglied - Organisator<\/title>\n<meta name=\"description\" content=\"Marco Gadola wurde an der Generalversammlung vom 10. Februar 2023 einstimmig in den Verwaltungsrat der B\u00fchler Group gew\u00e4hlt.\" \/>\n<meta name=\"robots\" content=\"index, follow, max-snippet:-1, max-image-preview:large, max-video-preview:-1\" \/>\n<link rel=\"canonical\" href=\"https:\/\/www.organisator.ch\/en\/management\/2023-02-13\/buehler-group-marco-gadola-neues-vr-mitglied\/\" \/>\n<meta property=\"og:locale\" content=\"en_US\" \/>\n<meta property=\"og:type\" content=\"article\" \/>\n<meta property=\"og:title\" content=\"B\u00fchler Group: Marco Gadola neues VR-Mitglied\" \/>\n<meta property=\"og:description\" content=\"Marco Gadola wurde an der Generalversammlung vom 10. Februar 2023 einstimmig in den Verwaltungsrat der B\u00fchler Group gew\u00e4hlt.\" \/>\n<meta property=\"og:url\" content=\"https:\/\/www.organisator.ch\/en\/management\/2023-02-13\/buehler-group-marco-gadola-neues-vr-mitglied\/\" \/>\n<meta property=\"og:site_name\" content=\"Organisator\" \/>\n<meta property=\"article:publisher\" content=\"https:\/\/www.facebook.com\/OrganisatorFachmagazin\" \/>\n<meta property=\"article:published_time\" content=\"2023-02-13T08:30:19+00:00\" \/>\n<meta property=\"og:image\" content=\"https:\/\/www.organisator.ch\/wp-content\/uploads\/2023\/02\/Buehler-Group-Marco-Gadola-neues-VR-Mitglied_Organisator.jpg\" \/>\n\t<meta property=\"og:image:width\" content=\"680\" \/>\n\t<meta property=\"og:image:height\" content=\"453\" \/>\n\t<meta property=\"og:image:type\" content=\"image\/jpeg\" \/>\n<meta name=\"author\" content=\"thomas.berner\" \/>\n<meta name=\"twitter:card\" content=\"summary_large_image\" \/>\n<meta name=\"twitter:title\" content=\"#B\u00fchler Group: Marco #Gadola neues #VR-Mitglied\" \/>\n<meta name=\"twitter:description\" content=\"Marco #Gadola wurde an der #Generalversammlung vom 10. Februar 2023 einstimmig in den Verwaltungsrat der #B\u00fchler Group gew\u00e4hlt.\" \/>\n<meta name=\"twitter:image\" content=\"https:\/\/www.organisator.ch\/wp-content\/uploads\/2023\/02\/Buehler-Group-Marco-Gadola-neues-VR-Mitglied_Organisator.jpg\" \/>\n<script type=\"application\/ld+json\" class=\"yoast-schema-graph\">{\"@context\":\"https:\\\/\\\/schema.org\",\"@graph\":[{\"@type\":\"Article\",\"@id\":\"https:\\\/\\\/www.organisator.ch\\\/management\\\/2023-02-13\\\/buehler-group-marco-gadola-neues-vr-mitglied\\\/#article\",\"isPartOf\":{\"@id\":\"https:\\\/\\\/www.organisator.ch\\\/management\\\/2023-02-13\\\/buehler-group-marco-gadola-neues-vr-mitglied\\\/\"},\"author\":{\"name\":\"thomas.berner\",\"@id\":\"https:\\\/\\\/www.organisator.ch\\\/#\\\/schema\\\/person\\\/6f650f90b2842cd4c0cc334b4e36f67e\"},\"headline\":\"B\u00fchler Group: Marco Gadola neues VR-Mitglied\",\"datePublished\":\"2023-02-13T08:30:19+00:00\",\"mainEntityOfPage\":{\"@id\":\"https:\\\/\\\/www.organisator.ch\\\/management\\\/2023-02-13\\\/buehler-group-marco-gadola-neues-vr-mitglied\\\/\"},\"wordCount\":335,\"publisher\":{\"@id\":\"https:\\\/\\\/www.organisator.ch\\\/#organization\"},\"image\":{\"@id\":\"https:\\\/\\\/www.organisator.ch\\\/management\\\/2023-02-13\\\/buehler-group-marco-gadola-neues-vr-mitglied\\\/#primaryimage\"},\"thumbnailUrl\":\"https:\\\/\\\/www.organisator.ch\\\/wp-content\\\/uploads\\\/2023\\\/02\\\/Buehler-Group-Marco-Gadola-neues-VR-Mitglied_Organisator.jpg\",\"keywords\":[\"Personalia\",\"Verwaltungsrat\"],\"articleSection\":[\"MANAGEMENT\"],\"inLanguage\":\"en-US\"},{\"@type\":\"WebPage\",\"@id\":\"https:\\\/\\\/www.organisator.ch\\\/management\\\/2023-02-13\\\/buehler-group-marco-gadola-neues-vr-mitglied\\\/\",\"url\":\"https:\\\/\\\/www.organisator.ch\\\/management\\\/2023-02-13\\\/buehler-group-marco-gadola-neues-vr-mitglied\\\/\",\"name\":\"B\u00fchler Group: Marco Gadola neues VR-Mitglied - Organisator\",\"isPartOf\":{\"@id\":\"https:\\\/\\\/www.organisator.ch\\\/#website\"},\"primaryImageOfPage\":{\"@id\":\"https:\\\/\\\/www.organisator.ch\\\/management\\\/2023-02-13\\\/buehler-group-marco-gadola-neues-vr-mitglied\\\/#primaryimage\"},\"image\":{\"@id\":\"https:\\\/\\\/www.organisator.ch\\\/management\\\/2023-02-13\\\/buehler-group-marco-gadola-neues-vr-mitglied\\\/#primaryimage\"},\"thumbnailUrl\":\"https:\\\/\\\/www.organisator.ch\\\/wp-content\\\/uploads\\\/2023\\\/02\\\/Buehler-Group-Marco-Gadola-neues-VR-Mitglied_Organisator.jpg\",\"datePublished\":\"2023-02-13T08:30:19+00:00\",\"description\":\"Marco Gadola wurde an der Generalversammlung vom 10. Februar 2023 einstimmig in den Verwaltungsrat der B\u00fchler Group gew\u00e4hlt.\",\"breadcrumb\":{\"@id\":\"https:\\\/\\\/www.organisator.ch\\\/management\\\/2023-02-13\\\/buehler-group-marco-gadola-neues-vr-mitglied\\\/#breadcrumb\"},\"inLanguage\":\"en-US\",\"potentialAction\":[{\"@type\":\"ReadAction\",\"target\":[\"https:\\\/\\\/www.organisator.ch\\\/management\\\/2023-02-13\\\/buehler-group-marco-gadola-neues-vr-mitglied\\\/\"]}]},{\"@type\":\"ImageObject\",\"inLanguage\":\"en-US\",\"@id\":\"https:\\\/\\\/www.organisator.ch\\\/management\\\/2023-02-13\\\/buehler-group-marco-gadola-neues-vr-mitglied\\\/#primaryimage\",\"url\":\"https:\\\/\\\/www.organisator.ch\\\/wp-content\\\/uploads\\\/2023\\\/02\\\/Buehler-Group-Marco-Gadola-neues-VR-Mitglied_Organisator.jpg\",\"contentUrl\":\"https:\\\/\\\/www.organisator.ch\\\/wp-content\\\/uploads\\\/2023\\\/02\\\/Buehler-Group-Marco-Gadola-neues-VR-Mitglied_Organisator.jpg\",\"width\":680,\"height\":453,\"caption\":\"Neu im Verwaltungsrat der B\u00fchler Group: Marco Gadola. (Bild: B\u00fchler Group)\"},{\"@type\":\"BreadcrumbList\",\"@id\":\"https:\\\/\\\/www.organisator.ch\\\/management\\\/2023-02-13\\\/buehler-group-marco-gadola-neues-vr-mitglied\\\/#breadcrumb\",\"itemListElement\":[{\"@type\":\"ListItem\",\"position\":1,\"name\":\"Home\",\"item\":\"https:\\\/\\\/www.organisator.ch\\\/\"},{\"@type\":\"ListItem\",\"position\":2,\"name\":\"B\u00fchler Group: Marco Gadola neues VR-Mitglied\"}]},{\"@type\":\"WebSite\",\"@id\":\"https:\\\/\\\/www.organisator.ch\\\/#website\",\"url\":\"https:\\\/\\\/www.organisator.ch\\\/\",\"name\":\"Organisator\",\"description\":\"Kompetent. Praxisnah. Der ORGANISATOR bereitet in 10 Ausgaben pro Jahr die wesentlichen Themen f\u00fcr F\u00fchrungskr\u00e4fte von KMU auf.\",\"publisher\":{\"@id\":\"https:\\\/\\\/www.organisator.ch\\\/#organization\"},\"potentialAction\":[{\"@type\":\"SearchAction\",\"target\":{\"@type\":\"EntryPoint\",\"urlTemplate\":\"https:\\\/\\\/www.organisator.ch\\\/?s={search_term_string}\"},\"query-input\":{\"@type\":\"PropertyValueSpecification\",\"valueRequired\":true,\"valueName\":\"search_term_string\"}}],\"inLanguage\":\"en-US\"},{\"@type\":\"Organization\",\"@id\":\"https:\\\/\\\/www.organisator.ch\\\/#organization\",\"name\":\"Organisator\",\"url\":\"https:\\\/\\\/www.organisator.ch\\\/\",\"logo\":{\"@type\":\"ImageObject\",\"inLanguage\":\"en-US\",\"@id\":\"https:\\\/\\\/www.organisator.ch\\\/#\\\/schema\\\/logo\\\/image\\\/\",\"url\":\"https:\\\/\\\/www.organisator.ch\\\/wp-content\\\/uploads\\\/2022\\\/01\\\/Logo_Organisator_Website.png\",\"contentUrl\":\"https:\\\/\\\/www.organisator.ch\\\/wp-content\\\/uploads\\\/2022\\\/01\\\/Logo_Organisator_Website.png\",\"width\":800,\"height\":77,\"caption\":\"Organisator\"},\"image\":{\"@id\":\"https:\\\/\\\/www.organisator.ch\\\/#\\\/schema\\\/logo\\\/image\\\/\"},\"sameAs\":[\"https:\\\/\\\/www.facebook.com\\\/OrganisatorFachmagazin\",\"https:\\\/\\\/www.linkedin.com\\\/showcase\\\/organisator-das-magazin-fr-kmu\",\"https:\\\/\\\/www.xing.com\\\/news\\\/pages\\\/organisator-ch-695\",\"https:\\\/\\\/www.youtube.com\\\/channel\\\/UCGP2Sq0iWaZwT3BdIAQFYpw\"]},{\"@type\":\"Person\",\"@id\":\"https:\\\/\\\/www.organisator.ch\\\/#\\\/schema\\\/person\\\/6f650f90b2842cd4c0cc334b4e36f67e\",\"name\":\"thomas.berner\",\"image\":{\"@type\":\"ImageObject\",\"inLanguage\":\"en-US\",\"@id\":\"https:\\\/\\\/secure.gravatar.com\\\/avatar\\\/ac5001d2a36cb6c6cd3e50789007ffca834b477b74a2144564522e944eabff61?s=96&d=mm&r=g\",\"url\":\"https:\\\/\\\/secure.gravatar.com\\\/avatar\\\/ac5001d2a36cb6c6cd3e50789007ffca834b477b74a2144564522e944eabff61?s=96&d=mm&r=g\",\"contentUrl\":\"https:\\\/\\\/secure.gravatar.com\\\/avatar\\\/ac5001d2a36cb6c6cd3e50789007ffca834b477b74a2144564522e944eabff61?s=96&d=mm&r=g\",\"caption\":\"thomas.berner\"},\"url\":\"https:\\\/\\\/www.organisator.ch\\\/en\\\/author\\\/thomas-berner\\\/\"}]}<\/script>\n<!-- \/ Yoast SEO plugin. -->","yoast_head_json":{"title":"B\u00fchler Group: Marco Gadola new board member - Organizer","description":"Marco Gadola was unanimously elected to the Board of Directors of B\u00fchler Group at the Annual General Meeting on February 10, 2023.","robots":{"index":"index","follow":"follow","max-snippet":"max-snippet:-1","max-image-preview":"max-image-preview:large","max-video-preview":"max-video-preview:-1"},"canonical":"https:\/\/www.organisator.ch\/en\/management\/2023-02-13\/buehler-group-marco-gadola-neues-vr-mitglied\/","og_locale":"en_US","og_type":"article","og_title":"B\u00fchler Group: Marco Gadola neues VR-Mitglied","og_description":"Marco Gadola wurde an der Generalversammlung vom 10. Februar 2023 einstimmig in den Verwaltungsrat der B\u00fchler Group gew\u00e4hlt.","og_url":"https:\/\/www.organisator.ch\/en\/management\/2023-02-13\/buehler-group-marco-gadola-neues-vr-mitglied\/","og_site_name":"Organisator","article_publisher":"https:\/\/www.facebook.com\/OrganisatorFachmagazin","article_published_time":"2023-02-13T08:30:19+00:00","og_image":[{"width":680,"height":453,"url":"https:\/\/www.organisator.ch\/wp-content\/uploads\/2023\/02\/Buehler-Group-Marco-Gadola-neues-VR-Mitglied_Organisator.jpg","type":"image\/jpeg"}],"author":"thomas.berner","twitter_card":"summary_large_image","twitter_title":"#B\u00fchler Group: Marco #Gadola neues #VR-Mitglied","twitter_description":"Marco #Gadola wurde an der #Generalversammlung vom 10. Februar 2023 einstimmig in den Verwaltungsrat der #B\u00fchler Group gew\u00e4hlt.","twitter_image":"https:\/\/www.organisator.ch\/wp-content\/uploads\/2023\/02\/Buehler-Group-Marco-Gadola-neues-VR-Mitglied_Organisator.jpg","schema":{"@context":"https:\/\/schema.org","@graph":[{"@type":"Article","@id":"https:\/\/www.organisator.ch\/management\/2023-02-13\/buehler-group-marco-gadola-neues-vr-mitglied\/#article","isPartOf":{"@id":"https:\/\/www.organisator.ch\/management\/2023-02-13\/buehler-group-marco-gadola-neues-vr-mitglied\/"},"author":{"name":"thomas.berner","@id":"https:\/\/www.organisator.ch\/#\/schema\/person\/6f650f90b2842cd4c0cc334b4e36f67e"},"headline":"B\u00fchler Group: Marco Gadola neues VR-Mitglied","datePublished":"2023-02-13T08:30:19+00:00","mainEntityOfPage":{"@id":"https:\/\/www.organisator.ch\/management\/2023-02-13\/buehler-group-marco-gadola-neues-vr-mitglied\/"},"wordCount":335,"publisher":{"@id":"https:\/\/www.organisator.ch\/#organization"},"image":{"@id":"https:\/\/www.organisator.ch\/management\/2023-02-13\/buehler-group-marco-gadola-neues-vr-mitglied\/#primaryimage"},"thumbnailUrl":"https:\/\/www.organisator.ch\/wp-content\/uploads\/2023\/02\/Buehler-Group-Marco-Gadola-neues-VR-Mitglied_Organisator.jpg","keywords":["Personalia","Verwaltungsrat"],"articleSection":["MANAGEMENT"],"inLanguage":"en-US"},{"@type":"WebPage","@id":"https:\/\/www.organisator.ch\/management\/2023-02-13\/buehler-group-marco-gadola-neues-vr-mitglied\/","url":"https:\/\/www.organisator.ch\/management\/2023-02-13\/buehler-group-marco-gadola-neues-vr-mitglied\/","name":"B\u00fchler Group: Marco Gadola new board member - Organizer","isPartOf":{"@id":"https:\/\/www.organisator.ch\/#website"},"primaryImageOfPage":{"@id":"https:\/\/www.organisator.ch\/management\/2023-02-13\/buehler-group-marco-gadola-neues-vr-mitglied\/#primaryimage"},"image":{"@id":"https:\/\/www.organisator.ch\/management\/2023-02-13\/buehler-group-marco-gadola-neues-vr-mitglied\/#primaryimage"},"thumbnailUrl":"https:\/\/www.organisator.ch\/wp-content\/uploads\/2023\/02\/Buehler-Group-Marco-Gadola-neues-VR-Mitglied_Organisator.jpg","datePublished":"2023-02-13T08:30:19+00:00","description":"Marco Gadola was unanimously elected to the Board of Directors of B\u00fchler Group at the Annual General Meeting on February 10, 2023.","breadcrumb":{"@id":"https:\/\/www.organisator.ch\/management\/2023-02-13\/buehler-group-marco-gadola-neues-vr-mitglied\/#breadcrumb"},"inLanguage":"en-US","potentialAction":[{"@type":"ReadAction","target":["https:\/\/www.organisator.ch\/management\/2023-02-13\/buehler-group-marco-gadola-neues-vr-mitglied\/"]}]},{"@type":"ImageObject","inLanguage":"en-US","@id":"https:\/\/www.organisator.ch\/management\/2023-02-13\/buehler-group-marco-gadola-neues-vr-mitglied\/#primaryimage","url":"https:\/\/www.organisator.ch\/wp-content\/uploads\/2023\/02\/Buehler-Group-Marco-Gadola-neues-VR-Mitglied_Organisator.jpg","contentUrl":"https:\/\/www.organisator.ch\/wp-content\/uploads\/2023\/02\/Buehler-Group-Marco-Gadola-neues-VR-Mitglied_Organisator.jpg","width":680,"height":453,"caption":"Neu im Verwaltungsrat der B\u00fchler Group: Marco Gadola. (Bild: B\u00fchler Group)"},{"@type":"BreadcrumbList","@id":"https:\/\/www.organisator.ch\/management\/2023-02-13\/buehler-group-marco-gadola-neues-vr-mitglied\/#breadcrumb","itemListElement":[{"@type":"ListItem","position":1,"name":"Home","item":"https:\/\/www.organisator.ch\/"},{"@type":"ListItem","position":2,"name":"B\u00fchler Group: Marco Gadola neues VR-Mitglied"}]},{"@type":"WebSite","@id":"https:\/\/www.organisator.ch\/#website","url":"https:\/\/www.organisator.ch\/","name":"Organizer","description":"Competent. Practical. In 10 issues per year, ORGANISATOR presents the essential topics for managers of SMEs.","publisher":{"@id":"https:\/\/www.organisator.ch\/#organization"},"potentialAction":[{"@type":"SearchAction","target":{"@type":"EntryPoint","urlTemplate":"https:\/\/www.organisator.ch\/?s={search_term_string}"},"query-input":{"@type":"PropertyValueSpecification","valueRequired":true,"valueName":"search_term_string"}}],"inLanguage":"en-US"},{"@type":"Organization","@id":"https:\/\/www.organisator.ch\/#organization","name":"Organizer","url":"https:\/\/www.organisator.ch\/","logo":{"@type":"ImageObject","inLanguage":"en-US","@id":"https:\/\/www.organisator.ch\/#\/schema\/logo\/image\/","url":"https:\/\/www.organisator.ch\/wp-content\/uploads\/2022\/01\/Logo_Organisator_Website.png","contentUrl":"https:\/\/www.organisator.ch\/wp-content\/uploads\/2022\/01\/Logo_Organisator_Website.png","width":800,"height":77,"caption":"Organisator"},"image":{"@id":"https:\/\/www.organisator.ch\/#\/schema\/logo\/image\/"},"sameAs":["https:\/\/www.facebook.com\/OrganisatorFachmagazin","https:\/\/www.linkedin.com\/showcase\/organisator-das-magazin-fr-kmu","https:\/\/www.xing.com\/news\/pages\/organisator-ch-695","https:\/\/www.youtube.com\/channel\/UCGP2Sq0iWaZwT3BdIAQFYpw"]},{"@type":"Person","@id":"https:\/\/www.organisator.ch\/#\/schema\/person\/6f650f90b2842cd4c0cc334b4e36f67e","name":"thomas.berner","image":{"@type":"ImageObject","inLanguage":"en-US","@id":"https:\/\/secure.gravatar.com\/avatar\/ac5001d2a36cb6c6cd3e50789007ffca834b477b74a2144564522e944eabff61?s=96&d=mm&r=g","url":"https:\/\/secure.gravatar.com\/avatar\/ac5001d2a36cb6c6cd3e50789007ffca834b477b74a2144564522e944eabff61?s=96&d=mm&r=g","contentUrl":"https:\/\/secure.gravatar.com\/avatar\/ac5001d2a36cb6c6cd3e50789007ffca834b477b74a2144564522e944eabff61?s=96&d=mm&r=g","caption":"thomas.berner"},"url":"https:\/\/www.organisator.ch\/en\/author\/thomas-berner\/"}]}},"_links":{"self":[{"href":"https:\/\/www.organisator.ch\/en\/wp-json\/wp\/v2\/posts\/18783","targetHints":{"allow":["GET"]}}],"collection":[{"href":"https:\/\/www.organisator.ch\/en\/wp-json\/wp\/v2\/posts"}],"about":[{"href":"https:\/\/www.organisator.ch\/en\/wp-json\/wp\/v2\/types\/post"}],"author":[{"embeddable":true,"href":"https:\/\/www.organisator.ch\/en\/wp-json\/wp\/v2\/users\/4"}],"replies":[{"embeddable":true,"href":"https:\/\/www.organisator.ch\/en\/wp-json\/wp\/v2\/comments?post=18783"}],"version-history":[{"count":1,"href":"https:\/\/www.organisator.ch\/en\/wp-json\/wp\/v2\/posts\/18783\/revisions"}],"predecessor-version":[{"id":18785,"href":"https:\/\/www.organisator.ch\/en\/wp-json\/wp\/v2\/posts\/18783\/revisions\/18785"}],"wp:featuredmedia":[{"embeddable":true,"href":"https:\/\/www.organisator.ch\/en\/wp-json\/wp\/v2\/media\/18784"}],"wp:attachment":[{"href":"https:\/\/www.organisator.ch\/en\/wp-json\/wp\/v2\/media?parent=18783"}],"wp:term":[{"taxonomy":"category","embeddable":true,"href":"https:\/\/www.organisator.ch\/en\/wp-json\/wp\/v2\/categories?post=18783"},{"taxonomy":"post_tag","embeddable":true,"href":"https:\/\/www.organisator.ch\/en\/wp-json\/wp\/v2\/tags?post=18783"}],"curies":[{"name":"wp","href":"https:\/\/api.w.org\/{rel}","templated":true}]}}