{"id":18803,"date":"2023-02-15T04:37:26","date_gmt":"2023-02-15T03:37:26","guid":{"rendered":"https:\/\/www.organisator.ch\/?p=18803"},"modified":"2023-02-27T16:14:24","modified_gmt":"2023-02-27T15:14:24","slug":"das-kleine-manifest-der-wertschaetzung","status":"publish","type":"post","link":"https:\/\/www.organisator.ch\/en\/human-resources\/2023-02-15\/das-kleine-manifest-der-wertschaetzung\/","title":{"rendered":"The little manifesto of appreciation"},"content":{"rendered":"<figure id=\"attachment_18805\" aria-describedby=\"caption-attachment-18805\" style=\"width: 680px\" class=\"wp-caption alignnone\"><img loading=\"lazy\" decoding=\"async\" class=\"size-full wp-image-18805\" src=\"https:\/\/www.organisator.ch\/wp-content\/uploads\/2023\/02\/Das-kleine-Manifest-der-Wertschaetzung-1_Organisator.jpg\" alt=\"\" width=\"680\" height=\"429\" srcset=\"https:\/\/www.organisator.ch\/wp-content\/uploads\/2023\/02\/Das-kleine-Manifest-der-Wertschaetzung-1_Organisator.jpg 680w, https:\/\/www.organisator.ch\/wp-content\/uploads\/2023\/02\/Das-kleine-Manifest-der-Wertschaetzung-1_Organisator-18x12.jpg 18w, https:\/\/www.organisator.ch\/wp-content\/uploads\/2023\/02\/Das-kleine-Manifest-der-Wertschaetzung-1_Organisator-375x237.jpg 375w, https:\/\/www.organisator.ch\/wp-content\/uploads\/2023\/02\/Das-kleine-Manifest-der-Wertschaetzung-1_Organisator-555x350.jpg 555w\" sizes=\"auto, (max-width: 680px) 100vw, 680px\" \/><figcaption id=\"caption-attachment-18805\" class=\"wp-caption-text\">Wertsch\u00e4tzung: Oft vermisst im Beruf, aber gerade dann notwendig, wenn es mal nicht so rund l\u00e4uft. (Bild: freepik)<\/figcaption><\/figure>\n<p>Wertsch\u00e4tzung ist nicht alles, aber ohne Wertsch\u00e4tzung ist alles nichts: Fehlt sie uns privat, ist das einer der h\u00e4ufigsten Ursachen, aufgrund dessen wir uns zur\u00fcckziehen und Beziehungen scheitern. Im Berufsleben ist mangelnde Wertsch\u00e4tzung der wichtigste Grund, aus dem Mitarbeiter k\u00fcndigen. Fehlende Wertsch\u00e4tzung kann sogar zu k\u00f6rperlichen Krankheiten f\u00fchren: Mediziner leiten einen Gro\u00dfteil der Bandscheibenvorf\u00e4lle auf mangelnde Anerkennung und Wertsch\u00e4tzung zur\u00fcck<a href=\"#_ftn1\" name=\"_ftnref1\">[1]<\/a>. F\u00fchlen wir uns dagegen so angenommen, wie wir sind, bl\u00fchen wir auf, fassen Vertrauen, \u00f6ffnen uns und lassen uns fallen. Wertsch\u00e4tzende Beziehungen spenden also in allen Bereichen Energie und bringen Freude in unser Leben.<\/p>\n<p>Auch wenn unsere (Business-)Welt von harten Zahlen gepr\u00e4gt zu sein scheint \u2013 lebenswert wird sie erst durch die weichen Aspekte: Wer seinen Mitmenschen mit mehr Wertsch\u00e4tzung begegnet, macht die Welt nicht nur sch\u00f6ner und friedlicher, sondern steckt damit auch andere an \u2013 wir neigen n\u00e4mlich dazu, Wertsch\u00e4tzung, die wir erfahren haben, weiterzugeben. Wer zum \u201eWertsch\u00e4tzungsstifter\u201c werden m\u00f6chte, kann sich an den folgenden 15 Grunds\u00e4tzen orientieren:<\/p>\n<ol>\n<li>Gib dich in Gespr\u00e4chen ganz hin und schenke deinem aktuellen Gegen\u00fcber deine ganze Aufmerksamkeit. Vernachl\u00e4ssige ihn nicht f\u00fcr m\u00f6gliche Kontakte im virtuellen Raum. Schalte dein Handy in den Flugmodus und lege es ausser Sichtweite, damit es dich nicht ablenkt.<\/li>\n<li>H\u00f6r deinem Gespr\u00e4chspartner aufmerksam zu, ohne schon im Geist eine eigene Antwort vorzubereiten. Achte auf die Zwischent\u00f6ne und sp\u00fcre, was ihn bewegt. So st\u00e4rkst du deine neuronalen Netzwerke f\u00fcr Empathie, die eine wichtige Grundlage der Wertsch\u00e4tzung ist.<\/li>\n<li>Such regelm\u00e4ssig die N\u00e4he zur Natur und lege von Zeit zu Zeit bewusst Pausen bei der Nutzung deiner digitalen Ger\u00e4te ein, auch das erh\u00f6ht deine Empathie.<\/li>\n<li>Beobachte, welche Werte deinen Mitmenschen wichtig sind und ber\u00fccksichtige diese, wenn du mit ihnen kommunizierst. Verurteile niemanden daf\u00fcr, dass er anders ist. Verurteile auch nicht dich selbst f\u00fcr Fehler und Schw\u00e4chen, sondern verstehe sie als Entwicklungsfelder.<\/li>\n<li>Der Dialog ist die Kunst des gemeinsamen Denkens: Nimm achtsam wahr, was die Aussagen deines Gespr\u00e4chspartners in dir ausl\u00f6sen. Denk erst dann \u00fcber eine Antwort nach und lass zu, dass sich diese aus dem gemeinsamen Raum zwischen euch beiden entwickelt.<\/li>\n<li>Meditiere regelm\u00e4ssig oder praktiziere Achtsamkeits\u00fcbungen und entwickle deine Wahrnehmung f\u00fcr das, was gerade geschieht, bewusst weiter. Nutze Situationen, die dich emotional machen, um dich zu reflektieren und selbst besser kennenzulernen.<\/li>\n<li>Erweise deinen Mitmenschen Respekt, indem du bei Kritik gewaltfrei mit ihnen sprichst und Du-Botschaften sowie Verurteilungen vermeidest. Trenne Verhalten und Person. Halte dich an den Grundsatz, dass jeder allein f\u00fcr sein Mensch-Sein voll akzeptiert ist. Das schliesst nicht aus, dass er bei Fahrl\u00e4ssigkeit oder Vorsatz f\u00fcr sein Verhalten verantwortlich ist.<\/li>\n<li>Sei geduldig und vertrau darauf, dass sich deine Mitmenschen in ihrer individuellen Geschwindigkeit \u00f6ffnen. Respektiere ihre Grenzen und lasse ihnen Freir\u00e4ume. Achte auf nonverbale Signale, die zeigen, dass sich jemand gerade unwohl oder gestresst f\u00fchlt.<\/li>\n<li>Sei tolerant bei Fehlern und unterstelle anderen keinen Vorsatz oder dass sie etwas tun, um dir bewusst zu schaden. Die meisten versuchen, ein guter Mensch zu sein.<\/li>\n<li>Verurteile niemanden, in dessen Situation du noch nicht warst. Lerne die Unterschiede zwischen dir und anderen sch\u00e4tzen und frage dich, was du daraus lernen kannst.<\/li>\n<li>Sei friedlich: Es geht nicht darum, immer Recht zu haben und zu behalten, sondern um die Gef\u00fchle, die du bei deinen Mitmenschen ausl\u00f6st und dadurch in die Welt bringst.<\/li>\n<li>Kl\u00e4re mit deinen Mitmenschen eure gegenseitigen Erwartungen, so dass Entt\u00e4uschungen vorgebeugt werden. Sei transparent, offen, aber gleichzeitig taktvoll und diskret. Rede nicht \u00fcber Abwesende, sondern so, dass all deine Worte in der Zeitung stehen k\u00f6nnten.<\/li>\n<li>Wertsch\u00e4tze deine Mitmenschen auf die Art, die sie am besten verstehen. Einige f\u00fchlen sich durch materielle Zuwendungen wertgesch\u00e4tzt, andere durch Lob und Anerkennung, durch Hilfe und Unterst\u00fctzung, durch k\u00f6rperliche N\u00e4he oder durch gemeinsam verbrachte Zeit.<\/li>\n<li>Praktiziere Dankbarkeits\u00fcbungen und \u00f6ffne dein Herz, um deinen Mitmenschen liebevoller zu begegnen. Begegne anderen auf Augenh\u00f6he, auch wenn es Statusunterschiede zwischen euch gibt.<\/li>\n<li>Nicht viele flache Kontakte werden dich erf\u00fcllen, sondern die Tiefe deiner vertrauensvollsten Beziehungen. Das ben\u00f6tigt Zeit, also investiere mehr in die Qualit\u00e4t als in die Quantit\u00e4t.<\/li>\n<\/ol>\n<p><a href=\"#_ftnref1\" name=\"_ftn1\">[1]<\/a> Werner Bartens: Emotionale Gewalt; S.77, rowohlt, Berlin, 2018<\/p>\n<p><em><strong>Autor:<br \/>\nChristian Bernhardt<\/strong> ist Dozent, Autor, Berater und Speaker f\u00fcr L\u00f6sungen gegen den Fachkr\u00e4ftemangel. Sein neues Buch \u201eEchte Wertsch\u00e4tzung\u201c erschien im September 2022 und sprang bereits im November in die Amazon Bestseller-Charts. Es beschreibt 111 Wege, um Mitarbeiter wertsch\u00e4tzender zu f\u00fchren. Bernhardt ber\u00e4t Unternehmen und h\u00e4lt Vortr\u00e4ge und Trainings in Deutschland und der Schweiz. Mehr unter <a href=\"http:\/\/www.bernhardt-trainings.com\">www.bernhardt-trainings.com<\/a><\/em><\/p>\n<blockquote>\n<h3>Buchtipp<\/h3>\n<p><img loading=\"lazy\" decoding=\"async\" class=\"alignnone size-full wp-image-18806\" src=\"https:\/\/www.organisator.ch\/wp-content\/uploads\/2023\/02\/Das-kleine-Manifest-der-Wertschaetzung-2_Organisator.jpg\" alt=\"\" width=\"340\" height=\"476\" srcset=\"https:\/\/www.organisator.ch\/wp-content\/uploads\/2023\/02\/Das-kleine-Manifest-der-Wertschaetzung-2_Organisator.jpg 340w, https:\/\/www.organisator.ch\/wp-content\/uploads\/2023\/02\/Das-kleine-Manifest-der-Wertschaetzung-2_Organisator-9x12.jpg 9w, https:\/\/www.organisator.ch\/wp-content\/uploads\/2023\/02\/Das-kleine-Manifest-der-Wertschaetzung-2_Organisator-214x300.jpg 214w, https:\/\/www.organisator.ch\/wp-content\/uploads\/2023\/02\/Das-kleine-Manifest-der-Wertschaetzung-2_Organisator-250x350.jpg 250w\" sizes=\"auto, (max-width: 340px) 100vw, 340px\" \/><\/p>\n<p>Christian Bernhardt<br \/>\n<strong>Echte Wertsch\u00e4tzung: <\/strong><strong>Beziehungen st\u00e4rken. Vertrauen vertiefen. Teams gemeinsam entwickeln.<br \/>\n<\/strong>300 Seiten, ab 24,95 Euro<br \/>\nISBN: 978-3-86980-666-2<br \/>\nBusinessVillage Verlag, September 2022<\/p><\/blockquote>\n<p>&nbsp;<\/p>\n","protected":false},"excerpt":{"rendered":"<p>Wertsch\u00e4tzung ist nicht alles, aber ohne Wertsch\u00e4tzung ist alles nichts: Fehlt sie uns privat, ist das einer der h\u00e4ufigsten Ursachen, aufgrund dessen wir uns zur\u00fcckziehen und Beziehungen scheitern. Im Berufsleben ist mangelnde Wertsch\u00e4tzung der wichtigste Grund, aus dem Mitarbeiter k\u00fcndigen. Fehlende Wertsch\u00e4tzung kann sogar zu k\u00f6rperlichen Krankheiten f\u00fchren: Mediziner leiten einen Gro\u00dfteil der Bandscheibenvorf\u00e4lle auf [&hellip;]<\/p>\n","protected":false},"author":4,"featured_media":18805,"comment_status":"closed","ping_status":"closed","sticky":false,"template":"","format":"standard","meta":{"_acf_changed":false,"_yoast_wpseo_focuskw":"Wertsch\u00e4tzung","_yoast_wpseo_metadesc":"Im Beruf erhalten wir Anerkennung, wenn wir die Erwartungen erf\u00fcllen, vermissen aber eine tiefere Wertsch\u00e4tzung, wenn es nicht so gut l\u00e4uft.","articlekey":"","footnotes":""},"categories":[579],"tags":[208,335,429],"class_list":["post-18803","post","type-post","status-publish","format-standard","has-post-thumbnail","hentry","category-human-resources","tag-fit-im-job","tag-management-und-unternehmensfuehrung","tag-selbstmanagement"],"acf":[],"yoast_head":"<!-- This site is optimized with the Yoast SEO plugin v27.5 - https:\/\/yoast.com\/product\/yoast-seo-wordpress\/ -->\n<title>Das kleine Manifest der Wertsch\u00e4tzung - Organisator<\/title>\n<meta name=\"description\" content=\"Im Beruf erhalten wir Anerkennung, wenn wir die Erwartungen erf\u00fcllen, vermissen aber eine tiefere Wertsch\u00e4tzung, wenn es nicht so gut l\u00e4uft.\" \/>\n<meta name=\"robots\" content=\"index, follow, max-snippet:-1, max-image-preview:large, max-video-preview:-1\" \/>\n<link rel=\"canonical\" href=\"https:\/\/www.organisator.ch\/en\/human-resources\/2023-02-15\/das-kleine-manifest-der-wertschaetzung\/\" \/>\n<meta property=\"og:locale\" content=\"en_US\" \/>\n<meta property=\"og:type\" content=\"article\" \/>\n<meta property=\"og:title\" content=\"Das kleine Manifest der Wertsch\u00e4tzung\" \/>\n<meta property=\"og:description\" content=\"Im Beruf erhalten wir Anerkennung, wenn wir die Erwartungen erf\u00fcllen, vermissen aber eine tiefere Wertsch\u00e4tzung, wenn es nicht so gut l\u00e4uft.\" \/>\n<meta property=\"og:url\" content=\"https:\/\/www.organisator.ch\/en\/human-resources\/2023-02-15\/das-kleine-manifest-der-wertschaetzung\/\" \/>\n<meta property=\"og:site_name\" content=\"Organisator\" \/>\n<meta property=\"article:publisher\" content=\"https:\/\/www.facebook.com\/OrganisatorFachmagazin\" \/>\n<meta property=\"article:published_time\" content=\"2023-02-15T03:37:26+00:00\" \/>\n<meta property=\"article:modified_time\" content=\"2023-02-27T15:14:24+00:00\" \/>\n<meta property=\"og:image\" content=\"https:\/\/www.organisator.ch\/wp-content\/uploads\/2023\/02\/Das-kleine-Manifest-der-Wertschaetzung-1_Organisator.jpg\" \/>\n\t<meta property=\"og:image:width\" content=\"680\" \/>\n\t<meta property=\"og:image:height\" content=\"429\" \/>\n\t<meta property=\"og:image:type\" content=\"image\/jpeg\" \/>\n<meta name=\"author\" content=\"thomas.berner\" \/>\n<meta name=\"twitter:card\" content=\"summary_large_image\" \/>\n<meta name=\"twitter:title\" content=\"Das kleine #Manifest der #Wertsch\u00e4tzung\" \/>\n<meta name=\"twitter:description\" content=\"Im Beruf erhalten wir #Anerkennung, wenn wir die #Erwartungen erf\u00fcllen, vermissen aber eine tiefere #Wertsch\u00e4tzung, wenn es nicht so gut l\u00e4uft.\" \/>\n<meta name=\"twitter:image\" content=\"https:\/\/www.organisator.ch\/wp-content\/uploads\/2023\/02\/Das-kleine-Manifest-der-Wertschaetzung-1_Organisator.jpg\" \/>\n<script type=\"application\/ld+json\" class=\"yoast-schema-graph\">{\"@context\":\"https:\\\/\\\/schema.org\",\"@graph\":[{\"@type\":\"Article\",\"@id\":\"https:\\\/\\\/www.organisator.ch\\\/human-resources\\\/2023-02-15\\\/das-kleine-manifest-der-wertschaetzung\\\/#article\",\"isPartOf\":{\"@id\":\"https:\\\/\\\/www.organisator.ch\\\/human-resources\\\/2023-02-15\\\/das-kleine-manifest-der-wertschaetzung\\\/\"},\"author\":{\"name\":\"thomas.berner\",\"@id\":\"https:\\\/\\\/www.organisator.ch\\\/#\\\/schema\\\/person\\\/6f650f90b2842cd4c0cc334b4e36f67e\"},\"headline\":\"Das kleine Manifest der Wertsch\u00e4tzung\",\"datePublished\":\"2023-02-15T03:37:26+00:00\",\"dateModified\":\"2023-02-27T15:14:24+00:00\",\"mainEntityOfPage\":{\"@id\":\"https:\\\/\\\/www.organisator.ch\\\/human-resources\\\/2023-02-15\\\/das-kleine-manifest-der-wertschaetzung\\\/\"},\"wordCount\":854,\"publisher\":{\"@id\":\"https:\\\/\\\/www.organisator.ch\\\/#organization\"},\"image\":{\"@id\":\"https:\\\/\\\/www.organisator.ch\\\/human-resources\\\/2023-02-15\\\/das-kleine-manifest-der-wertschaetzung\\\/#primaryimage\"},\"thumbnailUrl\":\"https:\\\/\\\/www.organisator.ch\\\/wp-content\\\/uploads\\\/2023\\\/02\\\/Das-kleine-Manifest-der-Wertschaetzung-1_Organisator.jpg\",\"keywords\":[\"Fit im Job\",\"Management und Unternehmensf\u00fchrung\",\"Selbstmanagement\"],\"articleSection\":[\"HUMAN RESOURCES\"],\"inLanguage\":\"en-US\"},{\"@type\":\"WebPage\",\"@id\":\"https:\\\/\\\/www.organisator.ch\\\/human-resources\\\/2023-02-15\\\/das-kleine-manifest-der-wertschaetzung\\\/\",\"url\":\"https:\\\/\\\/www.organisator.ch\\\/human-resources\\\/2023-02-15\\\/das-kleine-manifest-der-wertschaetzung\\\/\",\"name\":\"Das kleine Manifest der Wertsch\u00e4tzung - Organisator\",\"isPartOf\":{\"@id\":\"https:\\\/\\\/www.organisator.ch\\\/#website\"},\"primaryImageOfPage\":{\"@id\":\"https:\\\/\\\/www.organisator.ch\\\/human-resources\\\/2023-02-15\\\/das-kleine-manifest-der-wertschaetzung\\\/#primaryimage\"},\"image\":{\"@id\":\"https:\\\/\\\/www.organisator.ch\\\/human-resources\\\/2023-02-15\\\/das-kleine-manifest-der-wertschaetzung\\\/#primaryimage\"},\"thumbnailUrl\":\"https:\\\/\\\/www.organisator.ch\\\/wp-content\\\/uploads\\\/2023\\\/02\\\/Das-kleine-Manifest-der-Wertschaetzung-1_Organisator.jpg\",\"datePublished\":\"2023-02-15T03:37:26+00:00\",\"dateModified\":\"2023-02-27T15:14:24+00:00\",\"description\":\"Im Beruf erhalten wir Anerkennung, wenn wir die Erwartungen erf\u00fcllen, vermissen aber eine tiefere Wertsch\u00e4tzung, wenn es nicht so gut l\u00e4uft.\",\"breadcrumb\":{\"@id\":\"https:\\\/\\\/www.organisator.ch\\\/human-resources\\\/2023-02-15\\\/das-kleine-manifest-der-wertschaetzung\\\/#breadcrumb\"},\"inLanguage\":\"en-US\",\"potentialAction\":[{\"@type\":\"ReadAction\",\"target\":[\"https:\\\/\\\/www.organisator.ch\\\/human-resources\\\/2023-02-15\\\/das-kleine-manifest-der-wertschaetzung\\\/\"]}]},{\"@type\":\"ImageObject\",\"inLanguage\":\"en-US\",\"@id\":\"https:\\\/\\\/www.organisator.ch\\\/human-resources\\\/2023-02-15\\\/das-kleine-manifest-der-wertschaetzung\\\/#primaryimage\",\"url\":\"https:\\\/\\\/www.organisator.ch\\\/wp-content\\\/uploads\\\/2023\\\/02\\\/Das-kleine-Manifest-der-Wertschaetzung-1_Organisator.jpg\",\"contentUrl\":\"https:\\\/\\\/www.organisator.ch\\\/wp-content\\\/uploads\\\/2023\\\/02\\\/Das-kleine-Manifest-der-Wertschaetzung-1_Organisator.jpg\",\"width\":680,\"height\":429,\"caption\":\"Wertsch\u00e4tzung: Oft vermisst im Beruf, aber gerade dann notwendig, wenn es mal nicht so rund l\u00e4uft. (Bild: freepik)\"},{\"@type\":\"BreadcrumbList\",\"@id\":\"https:\\\/\\\/www.organisator.ch\\\/human-resources\\\/2023-02-15\\\/das-kleine-manifest-der-wertschaetzung\\\/#breadcrumb\",\"itemListElement\":[{\"@type\":\"ListItem\",\"position\":1,\"name\":\"Home\",\"item\":\"https:\\\/\\\/www.organisator.ch\\\/\"},{\"@type\":\"ListItem\",\"position\":2,\"name\":\"Das kleine Manifest der Wertsch\u00e4tzung\"}]},{\"@type\":\"WebSite\",\"@id\":\"https:\\\/\\\/www.organisator.ch\\\/#website\",\"url\":\"https:\\\/\\\/www.organisator.ch\\\/\",\"name\":\"Organisator\",\"description\":\"Kompetent. Praxisnah. Der ORGANISATOR bereitet in 10 Ausgaben pro Jahr die wesentlichen Themen f\u00fcr F\u00fchrungskr\u00e4fte von KMU auf.\",\"publisher\":{\"@id\":\"https:\\\/\\\/www.organisator.ch\\\/#organization\"},\"potentialAction\":[{\"@type\":\"SearchAction\",\"target\":{\"@type\":\"EntryPoint\",\"urlTemplate\":\"https:\\\/\\\/www.organisator.ch\\\/?s={search_term_string}\"},\"query-input\":{\"@type\":\"PropertyValueSpecification\",\"valueRequired\":true,\"valueName\":\"search_term_string\"}}],\"inLanguage\":\"en-US\"},{\"@type\":\"Organization\",\"@id\":\"https:\\\/\\\/www.organisator.ch\\\/#organization\",\"name\":\"Organisator\",\"url\":\"https:\\\/\\\/www.organisator.ch\\\/\",\"logo\":{\"@type\":\"ImageObject\",\"inLanguage\":\"en-US\",\"@id\":\"https:\\\/\\\/www.organisator.ch\\\/#\\\/schema\\\/logo\\\/image\\\/\",\"url\":\"https:\\\/\\\/www.organisator.ch\\\/wp-content\\\/uploads\\\/2022\\\/01\\\/Logo_Organisator_Website.png\",\"contentUrl\":\"https:\\\/\\\/www.organisator.ch\\\/wp-content\\\/uploads\\\/2022\\\/01\\\/Logo_Organisator_Website.png\",\"width\":800,\"height\":77,\"caption\":\"Organisator\"},\"image\":{\"@id\":\"https:\\\/\\\/www.organisator.ch\\\/#\\\/schema\\\/logo\\\/image\\\/\"},\"sameAs\":[\"https:\\\/\\\/www.facebook.com\\\/OrganisatorFachmagazin\",\"https:\\\/\\\/www.linkedin.com\\\/showcase\\\/organisator-das-magazin-fr-kmu\",\"https:\\\/\\\/www.xing.com\\\/news\\\/pages\\\/organisator-ch-695\",\"https:\\\/\\\/www.youtube.com\\\/channel\\\/UCGP2Sq0iWaZwT3BdIAQFYpw\"]},{\"@type\":\"Person\",\"@id\":\"https:\\\/\\\/www.organisator.ch\\\/#\\\/schema\\\/person\\\/6f650f90b2842cd4c0cc334b4e36f67e\",\"name\":\"thomas.berner\",\"image\":{\"@type\":\"ImageObject\",\"inLanguage\":\"en-US\",\"@id\":\"https:\\\/\\\/secure.gravatar.com\\\/avatar\\\/ac5001d2a36cb6c6cd3e50789007ffca834b477b74a2144564522e944eabff61?s=96&d=mm&r=g\",\"url\":\"https:\\\/\\\/secure.gravatar.com\\\/avatar\\\/ac5001d2a36cb6c6cd3e50789007ffca834b477b74a2144564522e944eabff61?s=96&d=mm&r=g\",\"contentUrl\":\"https:\\\/\\\/secure.gravatar.com\\\/avatar\\\/ac5001d2a36cb6c6cd3e50789007ffca834b477b74a2144564522e944eabff61?s=96&d=mm&r=g\",\"caption\":\"thomas.berner\"},\"url\":\"https:\\\/\\\/www.organisator.ch\\\/en\\\/author\\\/thomas-berner\\\/\"}]}<\/script>\n<!-- \/ Yoast SEO plugin. -->","yoast_head_json":{"title":"The small manifesto of appreciation - organizer","description":"At work, we receive recognition when we meet expectations, but miss a deeper appreciation when things don't go so well.","robots":{"index":"index","follow":"follow","max-snippet":"max-snippet:-1","max-image-preview":"max-image-preview:large","max-video-preview":"max-video-preview:-1"},"canonical":"https:\/\/www.organisator.ch\/en\/human-resources\/2023-02-15\/das-kleine-manifest-der-wertschaetzung\/","og_locale":"en_US","og_type":"article","og_title":"Das kleine Manifest der Wertsch\u00e4tzung","og_description":"Im Beruf erhalten wir Anerkennung, wenn wir die Erwartungen erf\u00fcllen, vermissen aber eine tiefere Wertsch\u00e4tzung, wenn es nicht so gut l\u00e4uft.","og_url":"https:\/\/www.organisator.ch\/en\/human-resources\/2023-02-15\/das-kleine-manifest-der-wertschaetzung\/","og_site_name":"Organisator","article_publisher":"https:\/\/www.facebook.com\/OrganisatorFachmagazin","article_published_time":"2023-02-15T03:37:26+00:00","article_modified_time":"2023-02-27T15:14:24+00:00","og_image":[{"width":680,"height":429,"url":"https:\/\/www.organisator.ch\/wp-content\/uploads\/2023\/02\/Das-kleine-Manifest-der-Wertschaetzung-1_Organisator.jpg","type":"image\/jpeg"}],"author":"thomas.berner","twitter_card":"summary_large_image","twitter_title":"Das kleine #Manifest der #Wertsch\u00e4tzung","twitter_description":"Im Beruf erhalten wir #Anerkennung, wenn wir die #Erwartungen erf\u00fcllen, vermissen aber eine tiefere #Wertsch\u00e4tzung, wenn es nicht so gut l\u00e4uft.","twitter_image":"https:\/\/www.organisator.ch\/wp-content\/uploads\/2023\/02\/Das-kleine-Manifest-der-Wertschaetzung-1_Organisator.jpg","schema":{"@context":"https:\/\/schema.org","@graph":[{"@type":"Article","@id":"https:\/\/www.organisator.ch\/human-resources\/2023-02-15\/das-kleine-manifest-der-wertschaetzung\/#article","isPartOf":{"@id":"https:\/\/www.organisator.ch\/human-resources\/2023-02-15\/das-kleine-manifest-der-wertschaetzung\/"},"author":{"name":"thomas.berner","@id":"https:\/\/www.organisator.ch\/#\/schema\/person\/6f650f90b2842cd4c0cc334b4e36f67e"},"headline":"Das kleine Manifest der Wertsch\u00e4tzung","datePublished":"2023-02-15T03:37:26+00:00","dateModified":"2023-02-27T15:14:24+00:00","mainEntityOfPage":{"@id":"https:\/\/www.organisator.ch\/human-resources\/2023-02-15\/das-kleine-manifest-der-wertschaetzung\/"},"wordCount":854,"publisher":{"@id":"https:\/\/www.organisator.ch\/#organization"},"image":{"@id":"https:\/\/www.organisator.ch\/human-resources\/2023-02-15\/das-kleine-manifest-der-wertschaetzung\/#primaryimage"},"thumbnailUrl":"https:\/\/www.organisator.ch\/wp-content\/uploads\/2023\/02\/Das-kleine-Manifest-der-Wertschaetzung-1_Organisator.jpg","keywords":["Fit im Job","Management und Unternehmensf\u00fchrung","Selbstmanagement"],"articleSection":["HUMAN RESOURCES"],"inLanguage":"en-US"},{"@type":"WebPage","@id":"https:\/\/www.organisator.ch\/human-resources\/2023-02-15\/das-kleine-manifest-der-wertschaetzung\/","url":"https:\/\/www.organisator.ch\/human-resources\/2023-02-15\/das-kleine-manifest-der-wertschaetzung\/","name":"The small manifesto of appreciation - organizer","isPartOf":{"@id":"https:\/\/www.organisator.ch\/#website"},"primaryImageOfPage":{"@id":"https:\/\/www.organisator.ch\/human-resources\/2023-02-15\/das-kleine-manifest-der-wertschaetzung\/#primaryimage"},"image":{"@id":"https:\/\/www.organisator.ch\/human-resources\/2023-02-15\/das-kleine-manifest-der-wertschaetzung\/#primaryimage"},"thumbnailUrl":"https:\/\/www.organisator.ch\/wp-content\/uploads\/2023\/02\/Das-kleine-Manifest-der-Wertschaetzung-1_Organisator.jpg","datePublished":"2023-02-15T03:37:26+00:00","dateModified":"2023-02-27T15:14:24+00:00","description":"At work, we receive recognition when we meet expectations, but miss a deeper appreciation when things don't go so well.","breadcrumb":{"@id":"https:\/\/www.organisator.ch\/human-resources\/2023-02-15\/das-kleine-manifest-der-wertschaetzung\/#breadcrumb"},"inLanguage":"en-US","potentialAction":[{"@type":"ReadAction","target":["https:\/\/www.organisator.ch\/human-resources\/2023-02-15\/das-kleine-manifest-der-wertschaetzung\/"]}]},{"@type":"ImageObject","inLanguage":"en-US","@id":"https:\/\/www.organisator.ch\/human-resources\/2023-02-15\/das-kleine-manifest-der-wertschaetzung\/#primaryimage","url":"https:\/\/www.organisator.ch\/wp-content\/uploads\/2023\/02\/Das-kleine-Manifest-der-Wertschaetzung-1_Organisator.jpg","contentUrl":"https:\/\/www.organisator.ch\/wp-content\/uploads\/2023\/02\/Das-kleine-Manifest-der-Wertschaetzung-1_Organisator.jpg","width":680,"height":429,"caption":"Wertsch\u00e4tzung: Oft vermisst im Beruf, aber gerade dann notwendig, wenn es mal nicht so rund l\u00e4uft. (Bild: freepik)"},{"@type":"BreadcrumbList","@id":"https:\/\/www.organisator.ch\/human-resources\/2023-02-15\/das-kleine-manifest-der-wertschaetzung\/#breadcrumb","itemListElement":[{"@type":"ListItem","position":1,"name":"Home","item":"https:\/\/www.organisator.ch\/"},{"@type":"ListItem","position":2,"name":"Das kleine Manifest der Wertsch\u00e4tzung"}]},{"@type":"WebSite","@id":"https:\/\/www.organisator.ch\/#website","url":"https:\/\/www.organisator.ch\/","name":"Organizer","description":"Competent. Practical. In 10 issues per year, ORGANISATOR presents the essential topics for managers of SMEs.","publisher":{"@id":"https:\/\/www.organisator.ch\/#organization"},"potentialAction":[{"@type":"SearchAction","target":{"@type":"EntryPoint","urlTemplate":"https:\/\/www.organisator.ch\/?s={search_term_string}"},"query-input":{"@type":"PropertyValueSpecification","valueRequired":true,"valueName":"search_term_string"}}],"inLanguage":"en-US"},{"@type":"Organization","@id":"https:\/\/www.organisator.ch\/#organization","name":"Organizer","url":"https:\/\/www.organisator.ch\/","logo":{"@type":"ImageObject","inLanguage":"en-US","@id":"https:\/\/www.organisator.ch\/#\/schema\/logo\/image\/","url":"https:\/\/www.organisator.ch\/wp-content\/uploads\/2022\/01\/Logo_Organisator_Website.png","contentUrl":"https:\/\/www.organisator.ch\/wp-content\/uploads\/2022\/01\/Logo_Organisator_Website.png","width":800,"height":77,"caption":"Organisator"},"image":{"@id":"https:\/\/www.organisator.ch\/#\/schema\/logo\/image\/"},"sameAs":["https:\/\/www.facebook.com\/OrganisatorFachmagazin","https:\/\/www.linkedin.com\/showcase\/organisator-das-magazin-fr-kmu","https:\/\/www.xing.com\/news\/pages\/organisator-ch-695","https:\/\/www.youtube.com\/channel\/UCGP2Sq0iWaZwT3BdIAQFYpw"]},{"@type":"Person","@id":"https:\/\/www.organisator.ch\/#\/schema\/person\/6f650f90b2842cd4c0cc334b4e36f67e","name":"thomas.berner","image":{"@type":"ImageObject","inLanguage":"en-US","@id":"https:\/\/secure.gravatar.com\/avatar\/ac5001d2a36cb6c6cd3e50789007ffca834b477b74a2144564522e944eabff61?s=96&d=mm&r=g","url":"https:\/\/secure.gravatar.com\/avatar\/ac5001d2a36cb6c6cd3e50789007ffca834b477b74a2144564522e944eabff61?s=96&d=mm&r=g","contentUrl":"https:\/\/secure.gravatar.com\/avatar\/ac5001d2a36cb6c6cd3e50789007ffca834b477b74a2144564522e944eabff61?s=96&d=mm&r=g","caption":"thomas.berner"},"url":"https:\/\/www.organisator.ch\/en\/author\/thomas-berner\/"}]}},"_links":{"self":[{"href":"https:\/\/www.organisator.ch\/en\/wp-json\/wp\/v2\/posts\/18803","targetHints":{"allow":["GET"]}}],"collection":[{"href":"https:\/\/www.organisator.ch\/en\/wp-json\/wp\/v2\/posts"}],"about":[{"href":"https:\/\/www.organisator.ch\/en\/wp-json\/wp\/v2\/types\/post"}],"author":[{"embeddable":true,"href":"https:\/\/www.organisator.ch\/en\/wp-json\/wp\/v2\/users\/4"}],"replies":[{"embeddable":true,"href":"https:\/\/www.organisator.ch\/en\/wp-json\/wp\/v2\/comments?post=18803"}],"version-history":[{"count":4,"href":"https:\/\/www.organisator.ch\/en\/wp-json\/wp\/v2\/posts\/18803\/revisions"}],"predecessor-version":[{"id":18809,"href":"https:\/\/www.organisator.ch\/en\/wp-json\/wp\/v2\/posts\/18803\/revisions\/18809"}],"wp:featuredmedia":[{"embeddable":true,"href":"https:\/\/www.organisator.ch\/en\/wp-json\/wp\/v2\/media\/18805"}],"wp:attachment":[{"href":"https:\/\/www.organisator.ch\/en\/wp-json\/wp\/v2\/media?parent=18803"}],"wp:term":[{"taxonomy":"category","embeddable":true,"href":"https:\/\/www.organisator.ch\/en\/wp-json\/wp\/v2\/categories?post=18803"},{"taxonomy":"post_tag","embeddable":true,"href":"https:\/\/www.organisator.ch\/en\/wp-json\/wp\/v2\/tags?post=18803"}],"curies":[{"name":"wp","href":"https:\/\/api.w.org\/{rel}","templated":true}]}}