{"id":18849,"date":"2023-02-17T10:38:07","date_gmt":"2023-02-17T09:38:07","guid":{"rendered":"https:\/\/www.organisator.ch\/?p=18849"},"modified":"2023-02-17T10:38:07","modified_gmt":"2023-02-17T09:38:07","slug":"esg-in-der-eigenen-lieferkette-probleme-bei-der-berichterstattung","status":"publish","type":"post","link":"https:\/\/www.organisator.ch\/en\/sustainability\/2023-02-17\/esg-in-der-eigenen-lieferkette-probleme-bei-der-berichterstattung\/","title":{"rendered":"ESG in your own supply chain: reporting problems"},"content":{"rendered":"<figure id=\"attachment_18850\" aria-describedby=\"caption-attachment-18850\" style=\"width: 680px\" class=\"wp-caption alignnone\"><img loading=\"lazy\" decoding=\"async\" class=\"size-full wp-image-18850\" src=\"https:\/\/www.organisator.ch\/wp-content\/uploads\/2023\/02\/ESG-in-der-eigenen-Lieferkette-Probleme-bei-der-Berichterstattung_Organisator.jpg\" alt=\"\" width=\"680\" height=\"453\" srcset=\"https:\/\/www.organisator.ch\/wp-content\/uploads\/2023\/02\/ESG-in-der-eigenen-Lieferkette-Probleme-bei-der-Berichterstattung_Organisator.jpg 680w, https:\/\/www.organisator.ch\/wp-content\/uploads\/2023\/02\/ESG-in-der-eigenen-Lieferkette-Probleme-bei-der-Berichterstattung_Organisator-18x12.jpg 18w, https:\/\/www.organisator.ch\/wp-content\/uploads\/2023\/02\/ESG-in-der-eigenen-Lieferkette-Probleme-bei-der-Berichterstattung_Organisator-375x250.jpg 375w, https:\/\/www.organisator.ch\/wp-content\/uploads\/2023\/02\/ESG-in-der-eigenen-Lieferkette-Probleme-bei-der-Berichterstattung_Organisator-525x350.jpg 525w\" sizes=\"auto, (max-width: 680px) 100vw, 680px\" \/><figcaption id=\"caption-attachment-18850\" class=\"wp-caption-text\">ESG reporting in your own LIefer chain: many manufacturing companies face difficulties. (Image: Pixabay.com)<\/figcaption><\/figure>\n<p>From <a href=\"https:\/\/www.assent.com\/\">Assent Inc (Assent)<\/a>, a provider in the area of sustainability and compliance in supply chains, there is a new qualitative study on the implementation of ESG and sustainability strategies in supply chains at companies with complex manufacturing. In it, 152 people in positions of responsibility were asked about barriers, plans and status quo of sustainability programs. The survey, commissioned by Assent from Endeavor Business Intelligence, was conducted in North America and Europe in October 2022. Respondents were primarily from the engineering, automotive, electronics and aerospace sectors.<\/p>\n<h3><strong>ESG enjoys high priority<\/strong><\/h3>\n<p>The study shows that 87 % of respondents give ESG and sustainability within their own supply chain a high or medium priority. The majority believe that supply chains pose a greater risk to compliance with ESG standards than their own production. Accordingly, 88 % of respondents plan to base their choice of suppliers within the next five years on their sustainability efforts, among other factors.<\/p>\n<p>In order to be able to do this, 69 % expect their company to expand its investment in sustainability practices in 2023, despite the tense economic situation. Around two-thirds also state that they intend to create additional positions within the next three years to deal specifically with the sustainable design of their own supply chains.<\/p>\n<h3><strong>Customers and climate protection are the key drivers to more sustainable supply chains<\/strong><\/h3>\n<p>The study also asked about the most important drivers for the implementation of sustainability and ESG practices. The most frequently cited reasons are climate and environmental protection (39 %) and corresponding feedback and demand from customers (33 %). Improving their own reputation (27 %), more resilient supply chains (27 %) or hoped-for competitive advantages (27 %) were also frequently mentioned.<\/p>\n<p>On the other hand, the study also shows which consequences companies see as the greatest risks if they fail to make their supply chains sustainable. Nearly half (49 %) see a potential loss of customers as the most serious. This is followed by the risk of non-compliance and the associated fines (32 %), potential negative publicity (32 %) and the possible loss of partners or suppliers (25 %).<\/p>\n<h3><strong>Confidence in one's own ability to provide information is low<\/strong><\/h3>\n<p>Only 39 % of respondents are confident that their company is accurate and defensible about corporate influence within the <a href=\"https:\/\/www.organisator.ch\/de\/operational-excellence\/2022-11-30\/esg-berichterstattung-the-good-the-bad-and-the-ugly\/\">report on their own supply chain with regard to ESG<\/a> can. One of the reasons for this is that 47 % state that they are highly or very highly dependent on their suppliers when implementing sustainability strategies. 59 % think that this dependency will even increase in 2023. Problematically, at the same time only 25 % believe that their partners and suppliers have the capacity to sufficiently support their own sustainability goals.<\/p>\n<p>\"Reliable data from your own supply chain is an absolute must for any effort toward true sustainability,\" says Sue Fortunato-Esbach, Regulatory &amp; Sustainability Expert, Product Sustainability, at Assent. \"However, for many manufacturers, it is difficult to access data that is buried deep within their own supply chain. At Assent, we help our clients do this by having our experts gather information about practices at suppliers through a variety of channels. In doing so, we give companies confidence that they are meeting their own ESG goals and are in compliance with current laws.\"<\/p>\n<h3><strong>Budgets and expertise are limited<\/strong><\/h3>\n<p>Furthermore, the study asked about the obstacles that make it difficult for manufacturers to achieve their ESG and sustainability goals as intended. The most frequently cited limiting factors are cost and budget (55 %), followed by continuous changes in requirements and legislation (41 %). Problems managing existing data (34 %), lack of awareness (33 %), lack of technical expertise (32 %), or not being able to engage certain suppliers (32 %) are also cited.<\/p>\n<p>\"Access to appropriate expertise to keep up with ongoing regulatory changes is limited. This severely limits many companies in their ESG and sustainability efforts,\" says Sue Fortunato-Esbach. \"Skills shortages, already overburdened departments and limited budgets make it difficult to create such expertise internally to a sufficient degree. In addition, there are problems with data availability, quality and analysis. Especially for complex manufacturers with thousands of suppliers, it is therefore usually the better choice to turn to specialized partners.\"<\/p>","protected":false},"excerpt":{"rendered":"<p>Von Assent Inc. (Assent), einem Anbieter im Bereich Nachhaltigkeit und Compliance in Lieferketten, gibt es eine neue qualitative Studie zur Umsetzung von ESG- und Nachhaltigkeitsstrategien in Lieferketten bei Unternehmen mit komplexer Herstellung. Darin wurden 152 Personen auf verantwortlichen Positionen nach Hindernissen, Pl\u00e4nen und Status Quo der Nachhaltigkeitsprogramme befragt. Die von Assent bei Endeavor Business Intelligence [&hellip;]<\/p>\n","protected":false},"author":4,"featured_media":18850,"comment_status":"closed","ping_status":"closed","sticky":false,"template":"","format":"standard","meta":{"_acf_changed":false,"_yoast_wpseo_focuskw":"ESG","_yoast_wpseo_metadesc":"Gem\u00e4ss einer Studie sehen sich nur 39 % der befragten Produktionsbetriebe in der Lage, genau zu ESG in der Lieferkette berichten zu k\u00f6nnen.","articlekey":"","footnotes":""},"categories":[580],"tags":[1126,358,2243],"class_list":["post-18849","post","type-post","status-publish","format-standard","has-post-thumbnail","hentry","category-sustainability","tag-esg-studie","tag-nachhaltige-wirtschaft","tag-supply-chain"],"acf":[],"yoast_head":"<!-- This site is optimized with the Yoast SEO plugin v27.5 - https:\/\/yoast.com\/product\/yoast-seo-wordpress\/ -->\n<title>ESG in der eigenen Lieferkette: Probleme bei der Berichterstattung - Organisator<\/title>\n<meta name=\"description\" content=\"Gem\u00e4ss einer Studie sehen sich nur 39 % der befragten Produktionsbetriebe in der Lage, genau zu ESG in der Lieferkette berichten zu k\u00f6nnen.\" \/>\n<meta name=\"robots\" content=\"index, follow, max-snippet:-1, max-image-preview:large, max-video-preview:-1\" \/>\n<link rel=\"canonical\" href=\"https:\/\/www.organisator.ch\/en\/sustainability\/2023-02-17\/esg-in-der-eigenen-lieferkette-probleme-bei-der-berichterstattung\/\" \/>\n<meta property=\"og:locale\" content=\"en_US\" \/>\n<meta property=\"og:type\" content=\"article\" \/>\n<meta property=\"og:title\" content=\"ESG in der eigenen Lieferkette: Probleme bei der Berichterstattung\" \/>\n<meta property=\"og:description\" content=\"Gem\u00e4ss einer Studie sehen sich nur 39 % der befragten Produktionsbetriebe in der Lage, genau zu ESG in der Lieferkette berichten zu k\u00f6nnen.\" \/>\n<meta property=\"og:url\" content=\"https:\/\/www.organisator.ch\/en\/sustainability\/2023-02-17\/esg-in-der-eigenen-lieferkette-probleme-bei-der-berichterstattung\/\" \/>\n<meta property=\"og:site_name\" content=\"Organisator\" \/>\n<meta property=\"article:publisher\" content=\"https:\/\/www.facebook.com\/OrganisatorFachmagazin\" \/>\n<meta property=\"article:published_time\" content=\"2023-02-17T09:38:07+00:00\" \/>\n<meta property=\"og:image\" content=\"https:\/\/www.organisator.ch\/wp-content\/uploads\/2023\/02\/ESG-in-der-eigenen-Lieferkette-Probleme-bei-der-Berichterstattung_Organisator.jpg\" \/>\n\t<meta property=\"og:image:width\" content=\"680\" \/>\n\t<meta property=\"og:image:height\" content=\"453\" \/>\n\t<meta property=\"og:image:type\" content=\"image\/jpeg\" \/>\n<meta name=\"author\" content=\"thomas.berner\" \/>\n<meta name=\"twitter:card\" content=\"summary_large_image\" \/>\n<meta name=\"twitter:title\" content=\"#ESG in der eigenen #Lieferkette: Probleme bei der #Berichterstattung\" \/>\n<meta name=\"twitter:description\" content=\"Gem\u00e4ss einer Studie sehen sich nur 39 % der befragten #Produktionsbetriebe in der Lage, genau zu #ESG in der #Lieferkette berichten zu k\u00f6nnen.\" \/>\n<meta name=\"twitter:image\" content=\"https:\/\/www.organisator.ch\/wp-content\/uploads\/2023\/02\/ESG-in-der-eigenen-Lieferkette-Probleme-bei-der-Berichterstattung_Organisator.jpg\" \/>\n<script type=\"application\/ld+json\" class=\"yoast-schema-graph\">{\"@context\":\"https:\\\/\\\/schema.org\",\"@graph\":[{\"@type\":\"Article\",\"@id\":\"https:\\\/\\\/www.organisator.ch\\\/sustainability\\\/2023-02-17\\\/esg-in-der-eigenen-lieferkette-probleme-bei-der-berichterstattung\\\/#article\",\"isPartOf\":{\"@id\":\"https:\\\/\\\/www.organisator.ch\\\/sustainability\\\/2023-02-17\\\/esg-in-der-eigenen-lieferkette-probleme-bei-der-berichterstattung\\\/\"},\"author\":{\"name\":\"thomas.berner\",\"@id\":\"https:\\\/\\\/www.organisator.ch\\\/#\\\/schema\\\/person\\\/6f650f90b2842cd4c0cc334b4e36f67e\"},\"headline\":\"ESG in der eigenen Lieferkette: Probleme bei der Berichterstattung\",\"datePublished\":\"2023-02-17T09:38:07+00:00\",\"mainEntityOfPage\":{\"@id\":\"https:\\\/\\\/www.organisator.ch\\\/sustainability\\\/2023-02-17\\\/esg-in-der-eigenen-lieferkette-probleme-bei-der-berichterstattung\\\/\"},\"wordCount\":698,\"publisher\":{\"@id\":\"https:\\\/\\\/www.organisator.ch\\\/#organization\"},\"image\":{\"@id\":\"https:\\\/\\\/www.organisator.ch\\\/sustainability\\\/2023-02-17\\\/esg-in-der-eigenen-lieferkette-probleme-bei-der-berichterstattung\\\/#primaryimage\"},\"thumbnailUrl\":\"https:\\\/\\\/www.organisator.ch\\\/wp-content\\\/uploads\\\/2023\\\/02\\\/ESG-in-der-eigenen-Lieferkette-Probleme-bei-der-Berichterstattung_Organisator.jpg\",\"keywords\":[\"ESG Studie\",\"Nachhaltige Wirtschaft\",\"Supply Chain\"],\"articleSection\":[\"SUSTAINABILITY\"],\"inLanguage\":\"en-US\"},{\"@type\":\"WebPage\",\"@id\":\"https:\\\/\\\/www.organisator.ch\\\/sustainability\\\/2023-02-17\\\/esg-in-der-eigenen-lieferkette-probleme-bei-der-berichterstattung\\\/\",\"url\":\"https:\\\/\\\/www.organisator.ch\\\/sustainability\\\/2023-02-17\\\/esg-in-der-eigenen-lieferkette-probleme-bei-der-berichterstattung\\\/\",\"name\":\"ESG in der eigenen Lieferkette: Probleme bei der Berichterstattung - Organisator\",\"isPartOf\":{\"@id\":\"https:\\\/\\\/www.organisator.ch\\\/#website\"},\"primaryImageOfPage\":{\"@id\":\"https:\\\/\\\/www.organisator.ch\\\/sustainability\\\/2023-02-17\\\/esg-in-der-eigenen-lieferkette-probleme-bei-der-berichterstattung\\\/#primaryimage\"},\"image\":{\"@id\":\"https:\\\/\\\/www.organisator.ch\\\/sustainability\\\/2023-02-17\\\/esg-in-der-eigenen-lieferkette-probleme-bei-der-berichterstattung\\\/#primaryimage\"},\"thumbnailUrl\":\"https:\\\/\\\/www.organisator.ch\\\/wp-content\\\/uploads\\\/2023\\\/02\\\/ESG-in-der-eigenen-Lieferkette-Probleme-bei-der-Berichterstattung_Organisator.jpg\",\"datePublished\":\"2023-02-17T09:38:07+00:00\",\"description\":\"Gem\u00e4ss einer Studie sehen sich nur 39 % der befragten Produktionsbetriebe in der Lage, genau zu ESG in der Lieferkette berichten zu k\u00f6nnen.\",\"breadcrumb\":{\"@id\":\"https:\\\/\\\/www.organisator.ch\\\/sustainability\\\/2023-02-17\\\/esg-in-der-eigenen-lieferkette-probleme-bei-der-berichterstattung\\\/#breadcrumb\"},\"inLanguage\":\"en-US\",\"potentialAction\":[{\"@type\":\"ReadAction\",\"target\":[\"https:\\\/\\\/www.organisator.ch\\\/sustainability\\\/2023-02-17\\\/esg-in-der-eigenen-lieferkette-probleme-bei-der-berichterstattung\\\/\"]}]},{\"@type\":\"ImageObject\",\"inLanguage\":\"en-US\",\"@id\":\"https:\\\/\\\/www.organisator.ch\\\/sustainability\\\/2023-02-17\\\/esg-in-der-eigenen-lieferkette-probleme-bei-der-berichterstattung\\\/#primaryimage\",\"url\":\"https:\\\/\\\/www.organisator.ch\\\/wp-content\\\/uploads\\\/2023\\\/02\\\/ESG-in-der-eigenen-Lieferkette-Probleme-bei-der-Berichterstattung_Organisator.jpg\",\"contentUrl\":\"https:\\\/\\\/www.organisator.ch\\\/wp-content\\\/uploads\\\/2023\\\/02\\\/ESG-in-der-eigenen-Lieferkette-Probleme-bei-der-Berichterstattung_Organisator.jpg\",\"width\":680,\"height\":453,\"caption\":\"ESG-Berichterstattung bei der eigenen LIeferkette: Viele Produktionsunternehmen sehen sich Schwierigkeiten konfrontiert. (Bild: Pixabay.com)\"},{\"@type\":\"BreadcrumbList\",\"@id\":\"https:\\\/\\\/www.organisator.ch\\\/sustainability\\\/2023-02-17\\\/esg-in-der-eigenen-lieferkette-probleme-bei-der-berichterstattung\\\/#breadcrumb\",\"itemListElement\":[{\"@type\":\"ListItem\",\"position\":1,\"name\":\"Home\",\"item\":\"https:\\\/\\\/www.organisator.ch\\\/\"},{\"@type\":\"ListItem\",\"position\":2,\"name\":\"ESG in der eigenen Lieferkette: Probleme bei der Berichterstattung\"}]},{\"@type\":\"WebSite\",\"@id\":\"https:\\\/\\\/www.organisator.ch\\\/#website\",\"url\":\"https:\\\/\\\/www.organisator.ch\\\/\",\"name\":\"Organisator\",\"description\":\"Kompetent. Praxisnah. Der ORGANISATOR bereitet in 10 Ausgaben pro Jahr die wesentlichen Themen f\u00fcr F\u00fchrungskr\u00e4fte von KMU auf.\",\"publisher\":{\"@id\":\"https:\\\/\\\/www.organisator.ch\\\/#organization\"},\"potentialAction\":[{\"@type\":\"SearchAction\",\"target\":{\"@type\":\"EntryPoint\",\"urlTemplate\":\"https:\\\/\\\/www.organisator.ch\\\/?s={search_term_string}\"},\"query-input\":{\"@type\":\"PropertyValueSpecification\",\"valueRequired\":true,\"valueName\":\"search_term_string\"}}],\"inLanguage\":\"en-US\"},{\"@type\":\"Organization\",\"@id\":\"https:\\\/\\\/www.organisator.ch\\\/#organization\",\"name\":\"Organisator\",\"url\":\"https:\\\/\\\/www.organisator.ch\\\/\",\"logo\":{\"@type\":\"ImageObject\",\"inLanguage\":\"en-US\",\"@id\":\"https:\\\/\\\/www.organisator.ch\\\/#\\\/schema\\\/logo\\\/image\\\/\",\"url\":\"https:\\\/\\\/www.organisator.ch\\\/wp-content\\\/uploads\\\/2022\\\/01\\\/Logo_Organisator_Website.png\",\"contentUrl\":\"https:\\\/\\\/www.organisator.ch\\\/wp-content\\\/uploads\\\/2022\\\/01\\\/Logo_Organisator_Website.png\",\"width\":800,\"height\":77,\"caption\":\"Organisator\"},\"image\":{\"@id\":\"https:\\\/\\\/www.organisator.ch\\\/#\\\/schema\\\/logo\\\/image\\\/\"},\"sameAs\":[\"https:\\\/\\\/www.facebook.com\\\/OrganisatorFachmagazin\",\"https:\\\/\\\/www.linkedin.com\\\/showcase\\\/organisator-das-magazin-fr-kmu\",\"https:\\\/\\\/www.xing.com\\\/news\\\/pages\\\/organisator-ch-695\",\"https:\\\/\\\/www.youtube.com\\\/channel\\\/UCGP2Sq0iWaZwT3BdIAQFYpw\"]},{\"@type\":\"Person\",\"@id\":\"https:\\\/\\\/www.organisator.ch\\\/#\\\/schema\\\/person\\\/6f650f90b2842cd4c0cc334b4e36f67e\",\"name\":\"thomas.berner\",\"image\":{\"@type\":\"ImageObject\",\"inLanguage\":\"en-US\",\"@id\":\"https:\\\/\\\/secure.gravatar.com\\\/avatar\\\/ac5001d2a36cb6c6cd3e50789007ffca834b477b74a2144564522e944eabff61?s=96&d=mm&r=g\",\"url\":\"https:\\\/\\\/secure.gravatar.com\\\/avatar\\\/ac5001d2a36cb6c6cd3e50789007ffca834b477b74a2144564522e944eabff61?s=96&d=mm&r=g\",\"contentUrl\":\"https:\\\/\\\/secure.gravatar.com\\\/avatar\\\/ac5001d2a36cb6c6cd3e50789007ffca834b477b74a2144564522e944eabff61?s=96&d=mm&r=g\",\"caption\":\"thomas.berner\"},\"url\":\"https:\\\/\\\/www.organisator.ch\\\/en\\\/author\\\/thomas-berner\\\/\"}]}<\/script>\n<!-- \/ Yoast SEO plugin. -->","yoast_head_json":{"title":"ESG in your own supply chain: reporting issues - organizer","description":"According to one study, only 39 % of the manufacturing companies surveyed consider themselves able to report accurately on ESG in the supply chain.","robots":{"index":"index","follow":"follow","max-snippet":"max-snippet:-1","max-image-preview":"max-image-preview:large","max-video-preview":"max-video-preview:-1"},"canonical":"https:\/\/www.organisator.ch\/en\/sustainability\/2023-02-17\/esg-in-der-eigenen-lieferkette-probleme-bei-der-berichterstattung\/","og_locale":"en_US","og_type":"article","og_title":"ESG in der eigenen Lieferkette: Probleme bei der Berichterstattung","og_description":"Gem\u00e4ss einer Studie sehen sich nur 39 % der befragten Produktionsbetriebe in der Lage, genau zu ESG in der Lieferkette berichten zu k\u00f6nnen.","og_url":"https:\/\/www.organisator.ch\/en\/sustainability\/2023-02-17\/esg-in-der-eigenen-lieferkette-probleme-bei-der-berichterstattung\/","og_site_name":"Organisator","article_publisher":"https:\/\/www.facebook.com\/OrganisatorFachmagazin","article_published_time":"2023-02-17T09:38:07+00:00","og_image":[{"width":680,"height":453,"url":"https:\/\/www.organisator.ch\/wp-content\/uploads\/2023\/02\/ESG-in-der-eigenen-Lieferkette-Probleme-bei-der-Berichterstattung_Organisator.jpg","type":"image\/jpeg"}],"author":"thomas.berner","twitter_card":"summary_large_image","twitter_title":"#ESG in der eigenen #Lieferkette: Probleme bei der #Berichterstattung","twitter_description":"Gem\u00e4ss einer Studie sehen sich nur 39 % der befragten #Produktionsbetriebe in der Lage, genau zu #ESG in der #Lieferkette berichten zu k\u00f6nnen.","twitter_image":"https:\/\/www.organisator.ch\/wp-content\/uploads\/2023\/02\/ESG-in-der-eigenen-Lieferkette-Probleme-bei-der-Berichterstattung_Organisator.jpg","schema":{"@context":"https:\/\/schema.org","@graph":[{"@type":"Article","@id":"https:\/\/www.organisator.ch\/sustainability\/2023-02-17\/esg-in-der-eigenen-lieferkette-probleme-bei-der-berichterstattung\/#article","isPartOf":{"@id":"https:\/\/www.organisator.ch\/sustainability\/2023-02-17\/esg-in-der-eigenen-lieferkette-probleme-bei-der-berichterstattung\/"},"author":{"name":"thomas.berner","@id":"https:\/\/www.organisator.ch\/#\/schema\/person\/6f650f90b2842cd4c0cc334b4e36f67e"},"headline":"ESG in der eigenen Lieferkette: Probleme bei der Berichterstattung","datePublished":"2023-02-17T09:38:07+00:00","mainEntityOfPage":{"@id":"https:\/\/www.organisator.ch\/sustainability\/2023-02-17\/esg-in-der-eigenen-lieferkette-probleme-bei-der-berichterstattung\/"},"wordCount":698,"publisher":{"@id":"https:\/\/www.organisator.ch\/#organization"},"image":{"@id":"https:\/\/www.organisator.ch\/sustainability\/2023-02-17\/esg-in-der-eigenen-lieferkette-probleme-bei-der-berichterstattung\/#primaryimage"},"thumbnailUrl":"https:\/\/www.organisator.ch\/wp-content\/uploads\/2023\/02\/ESG-in-der-eigenen-Lieferkette-Probleme-bei-der-Berichterstattung_Organisator.jpg","keywords":["ESG Studie","Nachhaltige Wirtschaft","Supply Chain"],"articleSection":["SUSTAINABILITY"],"inLanguage":"en-US"},{"@type":"WebPage","@id":"https:\/\/www.organisator.ch\/sustainability\/2023-02-17\/esg-in-der-eigenen-lieferkette-probleme-bei-der-berichterstattung\/","url":"https:\/\/www.organisator.ch\/sustainability\/2023-02-17\/esg-in-der-eigenen-lieferkette-probleme-bei-der-berichterstattung\/","name":"ESG in your own supply chain: reporting issues - organizer","isPartOf":{"@id":"https:\/\/www.organisator.ch\/#website"},"primaryImageOfPage":{"@id":"https:\/\/www.organisator.ch\/sustainability\/2023-02-17\/esg-in-der-eigenen-lieferkette-probleme-bei-der-berichterstattung\/#primaryimage"},"image":{"@id":"https:\/\/www.organisator.ch\/sustainability\/2023-02-17\/esg-in-der-eigenen-lieferkette-probleme-bei-der-berichterstattung\/#primaryimage"},"thumbnailUrl":"https:\/\/www.organisator.ch\/wp-content\/uploads\/2023\/02\/ESG-in-der-eigenen-Lieferkette-Probleme-bei-der-Berichterstattung_Organisator.jpg","datePublished":"2023-02-17T09:38:07+00:00","description":"According to one study, only 39 % of the manufacturing companies surveyed consider themselves able to report accurately on ESG in the supply chain.","breadcrumb":{"@id":"https:\/\/www.organisator.ch\/sustainability\/2023-02-17\/esg-in-der-eigenen-lieferkette-probleme-bei-der-berichterstattung\/#breadcrumb"},"inLanguage":"en-US","potentialAction":[{"@type":"ReadAction","target":["https:\/\/www.organisator.ch\/sustainability\/2023-02-17\/esg-in-der-eigenen-lieferkette-probleme-bei-der-berichterstattung\/"]}]},{"@type":"ImageObject","inLanguage":"en-US","@id":"https:\/\/www.organisator.ch\/sustainability\/2023-02-17\/esg-in-der-eigenen-lieferkette-probleme-bei-der-berichterstattung\/#primaryimage","url":"https:\/\/www.organisator.ch\/wp-content\/uploads\/2023\/02\/ESG-in-der-eigenen-Lieferkette-Probleme-bei-der-Berichterstattung_Organisator.jpg","contentUrl":"https:\/\/www.organisator.ch\/wp-content\/uploads\/2023\/02\/ESG-in-der-eigenen-Lieferkette-Probleme-bei-der-Berichterstattung_Organisator.jpg","width":680,"height":453,"caption":"ESG-Berichterstattung bei der eigenen LIeferkette: Viele Produktionsunternehmen sehen sich Schwierigkeiten konfrontiert. (Bild: Pixabay.com)"},{"@type":"BreadcrumbList","@id":"https:\/\/www.organisator.ch\/sustainability\/2023-02-17\/esg-in-der-eigenen-lieferkette-probleme-bei-der-berichterstattung\/#breadcrumb","itemListElement":[{"@type":"ListItem","position":1,"name":"Home","item":"https:\/\/www.organisator.ch\/"},{"@type":"ListItem","position":2,"name":"ESG in der eigenen Lieferkette: Probleme bei der Berichterstattung"}]},{"@type":"WebSite","@id":"https:\/\/www.organisator.ch\/#website","url":"https:\/\/www.organisator.ch\/","name":"Organizer","description":"Competent. Practical. In 10 issues per year, ORGANISATOR presents the essential topics for managers of SMEs.","publisher":{"@id":"https:\/\/www.organisator.ch\/#organization"},"potentialAction":[{"@type":"SearchAction","target":{"@type":"EntryPoint","urlTemplate":"https:\/\/www.organisator.ch\/?s={search_term_string}"},"query-input":{"@type":"PropertyValueSpecification","valueRequired":true,"valueName":"search_term_string"}}],"inLanguage":"en-US"},{"@type":"Organization","@id":"https:\/\/www.organisator.ch\/#organization","name":"Organizer","url":"https:\/\/www.organisator.ch\/","logo":{"@type":"ImageObject","inLanguage":"en-US","@id":"https:\/\/www.organisator.ch\/#\/schema\/logo\/image\/","url":"https:\/\/www.organisator.ch\/wp-content\/uploads\/2022\/01\/Logo_Organisator_Website.png","contentUrl":"https:\/\/www.organisator.ch\/wp-content\/uploads\/2022\/01\/Logo_Organisator_Website.png","width":800,"height":77,"caption":"Organisator"},"image":{"@id":"https:\/\/www.organisator.ch\/#\/schema\/logo\/image\/"},"sameAs":["https:\/\/www.facebook.com\/OrganisatorFachmagazin","https:\/\/www.linkedin.com\/showcase\/organisator-das-magazin-fr-kmu","https:\/\/www.xing.com\/news\/pages\/organisator-ch-695","https:\/\/www.youtube.com\/channel\/UCGP2Sq0iWaZwT3BdIAQFYpw"]},{"@type":"Person","@id":"https:\/\/www.organisator.ch\/#\/schema\/person\/6f650f90b2842cd4c0cc334b4e36f67e","name":"thomas.berner","image":{"@type":"ImageObject","inLanguage":"en-US","@id":"https:\/\/secure.gravatar.com\/avatar\/ac5001d2a36cb6c6cd3e50789007ffca834b477b74a2144564522e944eabff61?s=96&d=mm&r=g","url":"https:\/\/secure.gravatar.com\/avatar\/ac5001d2a36cb6c6cd3e50789007ffca834b477b74a2144564522e944eabff61?s=96&d=mm&r=g","contentUrl":"https:\/\/secure.gravatar.com\/avatar\/ac5001d2a36cb6c6cd3e50789007ffca834b477b74a2144564522e944eabff61?s=96&d=mm&r=g","caption":"thomas.berner"},"url":"https:\/\/www.organisator.ch\/en\/author\/thomas-berner\/"}]}},"_links":{"self":[{"href":"https:\/\/www.organisator.ch\/en\/wp-json\/wp\/v2\/posts\/18849","targetHints":{"allow":["GET"]}}],"collection":[{"href":"https:\/\/www.organisator.ch\/en\/wp-json\/wp\/v2\/posts"}],"about":[{"href":"https:\/\/www.organisator.ch\/en\/wp-json\/wp\/v2\/types\/post"}],"author":[{"embeddable":true,"href":"https:\/\/www.organisator.ch\/en\/wp-json\/wp\/v2\/users\/4"}],"replies":[{"embeddable":true,"href":"https:\/\/www.organisator.ch\/en\/wp-json\/wp\/v2\/comments?post=18849"}],"version-history":[{"count":4,"href":"https:\/\/www.organisator.ch\/en\/wp-json\/wp\/v2\/posts\/18849\/revisions"}],"predecessor-version":[{"id":18865,"href":"https:\/\/www.organisator.ch\/en\/wp-json\/wp\/v2\/posts\/18849\/revisions\/18865"}],"wp:featuredmedia":[{"embeddable":true,"href":"https:\/\/www.organisator.ch\/en\/wp-json\/wp\/v2\/media\/18850"}],"wp:attachment":[{"href":"https:\/\/www.organisator.ch\/en\/wp-json\/wp\/v2\/media?parent=18849"}],"wp:term":[{"taxonomy":"category","embeddable":true,"href":"https:\/\/www.organisator.ch\/en\/wp-json\/wp\/v2\/categories?post=18849"},{"taxonomy":"post_tag","embeddable":true,"href":"https:\/\/www.organisator.ch\/en\/wp-json\/wp\/v2\/tags?post=18849"}],"curies":[{"name":"wp","href":"https:\/\/api.w.org\/{rel}","templated":true}]}}