{"id":18869,"date":"2023-02-20T09:10:53","date_gmt":"2023-02-20T08:10:53","guid":{"rendered":"https:\/\/www.organisator.ch\/?p=18869"},"modified":"2023-02-20T09:10:53","modified_gmt":"2023-02-20T08:10:53","slug":"diversitaet-nachhaltigkeit-risikobewertung-verwaltungsraete-mit-nachholbedarf","status":"publish","type":"post","link":"https:\/\/www.organisator.ch\/en\/management\/2023-02-20\/diversitaet-nachhaltigkeit-risikobewertung-verwaltungsraete-mit-nachholbedarf\/","title":{"rendered":"Diversity, sustainability, risk assessment: boards of directors need to catch up"},"content":{"rendered":"<figure id=\"attachment_18870\" aria-describedby=\"caption-attachment-18870\" style=\"width: 680px\" class=\"wp-caption alignnone\"><img loading=\"lazy\" decoding=\"async\" class=\"size-full wp-image-18870\" src=\"https:\/\/www.organisator.ch\/wp-content\/uploads\/2023\/02\/Diversitaet-Nachhaltigkeit-Risikobewertung-Verwaltungsraete-mit-Nachholbedarf-1_Organisator.jpg\" alt=\"\" width=\"680\" height=\"158\" srcset=\"https:\/\/www.organisator.ch\/wp-content\/uploads\/2023\/02\/Diversitaet-Nachhaltigkeit-Risikobewertung-Verwaltungsraete-mit-Nachholbedarf-1_Organisator.jpg 680w, https:\/\/www.organisator.ch\/wp-content\/uploads\/2023\/02\/Diversitaet-Nachhaltigkeit-Risikobewertung-Verwaltungsraete-mit-Nachholbedarf-1_Organisator-18x4.jpg 18w, https:\/\/www.organisator.ch\/wp-content\/uploads\/2023\/02\/Diversitaet-Nachhaltigkeit-Risikobewertung-Verwaltungsraete-mit-Nachholbedarf-1_Organisator-375x87.jpg 375w\" sizes=\"auto, (max-width: 680px) 100vw, 680px\" \/><figcaption id=\"caption-attachment-18870\" class=\"wp-caption-text\">Chart 1: Composition of the Board of Directors. (Graphic: Deloitte)<\/figcaption><\/figure>\n<p>A diverse composition and smooth cooperation of the board of directors is elementary for compliance with good corporate governance. A recent study by the auditing and consulting firm Deloitte Switzerland analyzed economiesuisse's recently revised \"Swiss Code of Best Practices for Corporate Governance,\" evaluated data from the annual reports of the 20 SMI companies and the 30 SMIM companies, and spoke with experienced board members.<\/p>\n<h3>Progress discernible - sustainability will gain in importance<\/h3>\n<p>The Deloitte analysis shows that a long professional career is still judged to be a significant criterion for the selection of members of the Board of Directors. Only 2 percent of people on boards of directors are younger than 40. The most represented age groups are 51-60 years (37%) and 61-70 years (42%). 8 percent of all board members are older than 71. In terms of expertise, the areas of finance\/banking (43%) and law (12%) dominate. Boards have made significant progress in terms of gender composition (see chart 1). In 2012, just 9 percent of all board members were women; by 2022, that figure had risen to 32 percent. In addition, board members are sitting in their seats for less time than ten years ago: The average length of a board mandate in 2022 was between 5 and 6 years. In 2012, the average was still 6 to 7 years.<\/p>\n<p>\"The boards of directors are the supreme steering bodies of Swiss companies; they set the course for the important issues of the future. This includes sustainability. Aspects such as the impact on the environment and society will gain in importance on boards of directors,\" says Alessandro Miolo, Head of Audit &amp; Assurance at Deloitte Switzerland and member of the Executive Board, assessing the results.<\/p>\n<h3>\"Diversity\" extends far beyond gender representation<\/h3>\n<p>However, for the tasks to be performed comprehensively and for corporate governance to be practiced, further points must be taken into account in the composition of the committees: Members should have different ways of thinking, apply different issues and bring approaches from other industries, corporate cultures and markets. They are helped in this by a broad range of experience as well as management experience at executive board level.<\/p>\n<p>By including these factors, members of boards of directors do not just deal with their own area of expertise in isolation. Rather, representatives with a wide range of experience should also be able to contribute beyond their own subject area. These diverse perspectives are important for addressing forecasts and future issues and finding effective responses to concrete challenges. Boards with outstanding collaboration use this so-called \"cognitive diversity\" to their advantage. \"The revised guidelines in the \"Swiss Code of Best Practices for Corporate Governance\" are an important response to current developments in sustainability, new legal requirements, and changing economic challenges. In the past, Deloitte has repeatedly worked to strengthen corporate governance in the Swiss economy - for example, through studies on various board topics, participation in expert committees of various associations and, last but not least, through concrete work for our clientele,\" says Reto Savoia, CEO Deloitte Switzerland.<\/p>\n<h3>Sustainability thought too short term<\/h3>\n<p>While 79 percent of all 50 SMI\/SMIM companies surveyed already publish a sustainability report that addresses challenges, objectives and progress in the area of financial, social and environmental sustainability (ESG). At the same time, only just 27 percent of companies have included ESG objectives beyond the coming financial year in the compensation systems for their executive board members (see chart 2).<\/p>\n<figure id=\"attachment_18871\" aria-describedby=\"caption-attachment-18871\" style=\"width: 680px\" class=\"wp-caption alignnone\"><img loading=\"lazy\" decoding=\"async\" class=\"size-full wp-image-18871\" src=\"https:\/\/www.organisator.ch\/wp-content\/uploads\/2023\/02\/Diversitaet-Nachhaltigkeit-Risikobewertung-Verwaltungsraete-mit-Nachholbedarf-2_Organisator.jpg\" alt=\"\" width=\"680\" height=\"342\" srcset=\"https:\/\/www.organisator.ch\/wp-content\/uploads\/2023\/02\/Diversitaet-Nachhaltigkeit-Risikobewertung-Verwaltungsraete-mit-Nachholbedarf-2_Organisator.jpg 680w, https:\/\/www.organisator.ch\/wp-content\/uploads\/2023\/02\/Diversitaet-Nachhaltigkeit-Risikobewertung-Verwaltungsraete-mit-Nachholbedarf-2_Organisator-18x9.jpg 18w, https:\/\/www.organisator.ch\/wp-content\/uploads\/2023\/02\/Diversitaet-Nachhaltigkeit-Risikobewertung-Verwaltungsraete-mit-Nachholbedarf-2_Organisator-375x189.jpg 375w\" sizes=\"auto, (max-width: 680px) 100vw, 680px\" \/><figcaption id=\"caption-attachment-18871\" class=\"wp-caption-text\">Figure 2: ESG targets for members of the Executive Board. (Graphic: Deloitte)<\/figcaption><\/figure>\n<p>There is also a need for further action in risk management, which plays a key role in achieving goals and protecting the company's reputation. Only 44 percent of the companies surveyed reported that they conduct annual risk assessments. One-third of the annual reports did not contain any information on the frequency of their risk assessments, which are carried out by the BoD. The situation is similar when it comes to whistleblowing: 35 percent of all companies do not have a specific hotline for independent and anonymous reporting of suspected violations of applicable laws, regulations or codes.<\/p>\n<p>\"Instruments such as the whistleblowing hotline or measures to anchor the risk culture at the top of the company are elementary, so that companies can actively manage risk, identify weak points and thus contribute to protecting their reputation as well as Switzerland as a business location. Far-sighted thinking is central to risk management. This enables the board of directors and management to act in a prepared and pragmatic manner instead of just reacting,\" Alessandro Miolo continues.<\/p>\n<p><em>Source: <a href=\"https:\/\/www2.deloitte.com\/ch\/about\">Deloitte<\/a><\/em><\/p>","protected":false},"excerpt":{"rendered":"<p>Eine vielf\u00e4ltige Zusammensetzung und eine reibungslose Zusammenarbeit des Verwaltungsratsgremiums ist elementar f\u00fcr die Einhaltung einer guten Corporate Governance. Eine aktuelle Studie des Pr\u00fcfungs- und Beratungsunternehmens Deloitte Schweiz hat den k\u00fcrzlich \u00fcberarbeiteten \u00abSwiss Code of Best Practices for Corporate Governance\u00bb von economiesuisse analysiert, Daten der Gesch\u00e4ftsberichte der 20 SMI-Unternehmen und der 30 Unternehmen des SMIM ausgewertet [&hellip;]<\/p>\n","protected":false},"author":4,"featured_media":18871,"comment_status":"closed","ping_status":"closed","sticky":false,"template":"","format":"standard","meta":{"_acf_changed":false,"_yoast_wpseo_focuskw":"Verwaltungsr\u00e4te","_yoast_wpseo_metadesc":"Viele Verwaltungsr\u00e4te denken Nachhaltigkeit noch zu kurzfristig. Auch bei der Risikobewertung besteht noch Nachholbedarf, so eine Studie.","articlekey":"","footnotes":""},"categories":[28],"tags":[159,358,418,459,513],"class_list":["post-18869","post","type-post","status-publish","format-standard","has-post-thumbnail","hentry","category-management","tag-diversity","tag-nachhaltige-wirtschaft","tag-risikomanagement","tag-studie","tag-verwaltungsraete"],"acf":[],"yoast_head":"<!-- This site is optimized with the Yoast SEO plugin v27.5 - https:\/\/yoast.com\/product\/yoast-seo-wordpress\/ -->\n<title>Diversit\u00e4t, Nachhaltigkeit, Risikobewertung: Verwaltungsr\u00e4te mit Nachholbedarf - Organisator<\/title>\n<meta name=\"description\" content=\"Viele Verwaltungsr\u00e4te denken Nachhaltigkeit noch zu kurzfristig. Auch bei der Risikobewertung besteht noch Nachholbedarf, so eine Studie.\" \/>\n<meta name=\"robots\" content=\"index, follow, max-snippet:-1, max-image-preview:large, max-video-preview:-1\" \/>\n<link rel=\"canonical\" href=\"https:\/\/www.organisator.ch\/en\/management\/2023-02-20\/diversitaet-nachhaltigkeit-risikobewertung-verwaltungsraete-mit-nachholbedarf\/\" \/>\n<meta property=\"og:locale\" content=\"en_US\" \/>\n<meta property=\"og:type\" content=\"article\" \/>\n<meta property=\"og:title\" content=\"Diversit\u00e4t, Nachhaltigkeit, Risikobewertung: Verwaltungsr\u00e4te mit Nachholbedarf\" \/>\n<meta property=\"og:description\" content=\"Viele Verwaltungsr\u00e4te denken Nachhaltigkeit noch zu kurzfristig. Auch bei der Risikobewertung besteht noch Nachholbedarf, so eine Studie.\" \/>\n<meta property=\"og:url\" content=\"https:\/\/www.organisator.ch\/en\/management\/2023-02-20\/diversitaet-nachhaltigkeit-risikobewertung-verwaltungsraete-mit-nachholbedarf\/\" \/>\n<meta property=\"og:site_name\" content=\"Organisator\" \/>\n<meta property=\"article:publisher\" content=\"https:\/\/www.facebook.com\/OrganisatorFachmagazin\" \/>\n<meta property=\"article:published_time\" content=\"2023-02-20T08:10:53+00:00\" \/>\n<meta property=\"og:image\" content=\"https:\/\/www.organisator.ch\/wp-content\/uploads\/2023\/02\/Diversitaet-Nachhaltigkeit-Risikobewertung-Verwaltungsraete-mit-Nachholbedarf-2_Organisator.jpg\" \/>\n\t<meta property=\"og:image:width\" content=\"680\" \/>\n\t<meta property=\"og:image:height\" content=\"342\" \/>\n\t<meta property=\"og:image:type\" content=\"image\/jpeg\" \/>\n<meta name=\"author\" content=\"thomas.berner\" \/>\n<meta name=\"twitter:card\" content=\"summary_large_image\" \/>\n<meta name=\"twitter:title\" content=\"#Diversit\u00e4t, #Nachhaltigkeit, #Risikobewertung: #Verwaltungsr\u00e4te mit Nachholbedarf\" \/>\n<meta name=\"twitter:description\" content=\"Viele #Verwaltungsr\u00e4te denken #Nachhaltigkeit noch zu kurzfristig. Auch bei der #Risikobewertung besteht noch Nachholbedarf, so eine Studie.\" \/>\n<meta name=\"twitter:image\" content=\"https:\/\/www.organisator.ch\/wp-content\/uploads\/2023\/02\/Diversitaet-Nachhaltigkeit-Risikobewertung-Verwaltungsraete-mit-Nachholbedarf-2_Organisator.jpg\" \/>\n<script type=\"application\/ld+json\" class=\"yoast-schema-graph\">{\"@context\":\"https:\\\/\\\/schema.org\",\"@graph\":[{\"@type\":\"Article\",\"@id\":\"https:\\\/\\\/www.organisator.ch\\\/management\\\/2023-02-20\\\/diversitaet-nachhaltigkeit-risikobewertung-verwaltungsraete-mit-nachholbedarf\\\/#article\",\"isPartOf\":{\"@id\":\"https:\\\/\\\/www.organisator.ch\\\/management\\\/2023-02-20\\\/diversitaet-nachhaltigkeit-risikobewertung-verwaltungsraete-mit-nachholbedarf\\\/\"},\"author\":{\"name\":\"thomas.berner\",\"@id\":\"https:\\\/\\\/www.organisator.ch\\\/#\\\/schema\\\/person\\\/6f650f90b2842cd4c0cc334b4e36f67e\"},\"headline\":\"Diversit\u00e4t, Nachhaltigkeit, Risikobewertung: Verwaltungsr\u00e4te mit Nachholbedarf\",\"datePublished\":\"2023-02-20T08:10:53+00:00\",\"mainEntityOfPage\":{\"@id\":\"https:\\\/\\\/www.organisator.ch\\\/management\\\/2023-02-20\\\/diversitaet-nachhaltigkeit-risikobewertung-verwaltungsraete-mit-nachholbedarf\\\/\"},\"wordCount\":720,\"publisher\":{\"@id\":\"https:\\\/\\\/www.organisator.ch\\\/#organization\"},\"image\":{\"@id\":\"https:\\\/\\\/www.organisator.ch\\\/management\\\/2023-02-20\\\/diversitaet-nachhaltigkeit-risikobewertung-verwaltungsraete-mit-nachholbedarf\\\/#primaryimage\"},\"thumbnailUrl\":\"https:\\\/\\\/www.organisator.ch\\\/wp-content\\\/uploads\\\/2023\\\/02\\\/Diversitaet-Nachhaltigkeit-Risikobewertung-Verwaltungsraete-mit-Nachholbedarf-2_Organisator.jpg\",\"keywords\":[\"Diversity\",\"Nachhaltige Wirtschaft\",\"Risikomanagement\",\"Studie\",\"Verwaltungsr\u00e4te\"],\"articleSection\":[\"MANAGEMENT\"],\"inLanguage\":\"en-US\"},{\"@type\":\"WebPage\",\"@id\":\"https:\\\/\\\/www.organisator.ch\\\/management\\\/2023-02-20\\\/diversitaet-nachhaltigkeit-risikobewertung-verwaltungsraete-mit-nachholbedarf\\\/\",\"url\":\"https:\\\/\\\/www.organisator.ch\\\/management\\\/2023-02-20\\\/diversitaet-nachhaltigkeit-risikobewertung-verwaltungsraete-mit-nachholbedarf\\\/\",\"name\":\"Diversit\u00e4t, Nachhaltigkeit, Risikobewertung: Verwaltungsr\u00e4te mit Nachholbedarf - Organisator\",\"isPartOf\":{\"@id\":\"https:\\\/\\\/www.organisator.ch\\\/#website\"},\"primaryImageOfPage\":{\"@id\":\"https:\\\/\\\/www.organisator.ch\\\/management\\\/2023-02-20\\\/diversitaet-nachhaltigkeit-risikobewertung-verwaltungsraete-mit-nachholbedarf\\\/#primaryimage\"},\"image\":{\"@id\":\"https:\\\/\\\/www.organisator.ch\\\/management\\\/2023-02-20\\\/diversitaet-nachhaltigkeit-risikobewertung-verwaltungsraete-mit-nachholbedarf\\\/#primaryimage\"},\"thumbnailUrl\":\"https:\\\/\\\/www.organisator.ch\\\/wp-content\\\/uploads\\\/2023\\\/02\\\/Diversitaet-Nachhaltigkeit-Risikobewertung-Verwaltungsraete-mit-Nachholbedarf-2_Organisator.jpg\",\"datePublished\":\"2023-02-20T08:10:53+00:00\",\"description\":\"Viele Verwaltungsr\u00e4te denken Nachhaltigkeit noch zu kurzfristig. Auch bei der Risikobewertung besteht noch Nachholbedarf, so eine Studie.\",\"breadcrumb\":{\"@id\":\"https:\\\/\\\/www.organisator.ch\\\/management\\\/2023-02-20\\\/diversitaet-nachhaltigkeit-risikobewertung-verwaltungsraete-mit-nachholbedarf\\\/#breadcrumb\"},\"inLanguage\":\"en-US\",\"potentialAction\":[{\"@type\":\"ReadAction\",\"target\":[\"https:\\\/\\\/www.organisator.ch\\\/management\\\/2023-02-20\\\/diversitaet-nachhaltigkeit-risikobewertung-verwaltungsraete-mit-nachholbedarf\\\/\"]}]},{\"@type\":\"ImageObject\",\"inLanguage\":\"en-US\",\"@id\":\"https:\\\/\\\/www.organisator.ch\\\/management\\\/2023-02-20\\\/diversitaet-nachhaltigkeit-risikobewertung-verwaltungsraete-mit-nachholbedarf\\\/#primaryimage\",\"url\":\"https:\\\/\\\/www.organisator.ch\\\/wp-content\\\/uploads\\\/2023\\\/02\\\/Diversitaet-Nachhaltigkeit-Risikobewertung-Verwaltungsraete-mit-Nachholbedarf-2_Organisator.jpg\",\"contentUrl\":\"https:\\\/\\\/www.organisator.ch\\\/wp-content\\\/uploads\\\/2023\\\/02\\\/Diversitaet-Nachhaltigkeit-Risikobewertung-Verwaltungsraete-mit-Nachholbedarf-2_Organisator.jpg\",\"width\":680,\"height\":342,\"caption\":\"Grafik 2: ESG Ziele f\u00fcr Mitglieder der Gesch\u00e4ftsleitung. (Grafik: Deloitte)\"},{\"@type\":\"BreadcrumbList\",\"@id\":\"https:\\\/\\\/www.organisator.ch\\\/management\\\/2023-02-20\\\/diversitaet-nachhaltigkeit-risikobewertung-verwaltungsraete-mit-nachholbedarf\\\/#breadcrumb\",\"itemListElement\":[{\"@type\":\"ListItem\",\"position\":1,\"name\":\"Home\",\"item\":\"https:\\\/\\\/www.organisator.ch\\\/\"},{\"@type\":\"ListItem\",\"position\":2,\"name\":\"Diversit\u00e4t, Nachhaltigkeit, Risikobewertung: Verwaltungsr\u00e4te mit Nachholbedarf\"}]},{\"@type\":\"WebSite\",\"@id\":\"https:\\\/\\\/www.organisator.ch\\\/#website\",\"url\":\"https:\\\/\\\/www.organisator.ch\\\/\",\"name\":\"Organisator\",\"description\":\"Kompetent. Praxisnah. Der ORGANISATOR bereitet in 10 Ausgaben pro Jahr die wesentlichen Themen f\u00fcr F\u00fchrungskr\u00e4fte von KMU auf.\",\"publisher\":{\"@id\":\"https:\\\/\\\/www.organisator.ch\\\/#organization\"},\"potentialAction\":[{\"@type\":\"SearchAction\",\"target\":{\"@type\":\"EntryPoint\",\"urlTemplate\":\"https:\\\/\\\/www.organisator.ch\\\/?s={search_term_string}\"},\"query-input\":{\"@type\":\"PropertyValueSpecification\",\"valueRequired\":true,\"valueName\":\"search_term_string\"}}],\"inLanguage\":\"en-US\"},{\"@type\":\"Organization\",\"@id\":\"https:\\\/\\\/www.organisator.ch\\\/#organization\",\"name\":\"Organisator\",\"url\":\"https:\\\/\\\/www.organisator.ch\\\/\",\"logo\":{\"@type\":\"ImageObject\",\"inLanguage\":\"en-US\",\"@id\":\"https:\\\/\\\/www.organisator.ch\\\/#\\\/schema\\\/logo\\\/image\\\/\",\"url\":\"https:\\\/\\\/www.organisator.ch\\\/wp-content\\\/uploads\\\/2022\\\/01\\\/Logo_Organisator_Website.png\",\"contentUrl\":\"https:\\\/\\\/www.organisator.ch\\\/wp-content\\\/uploads\\\/2022\\\/01\\\/Logo_Organisator_Website.png\",\"width\":800,\"height\":77,\"caption\":\"Organisator\"},\"image\":{\"@id\":\"https:\\\/\\\/www.organisator.ch\\\/#\\\/schema\\\/logo\\\/image\\\/\"},\"sameAs\":[\"https:\\\/\\\/www.facebook.com\\\/OrganisatorFachmagazin\",\"https:\\\/\\\/www.linkedin.com\\\/showcase\\\/organisator-das-magazin-fr-kmu\",\"https:\\\/\\\/www.xing.com\\\/news\\\/pages\\\/organisator-ch-695\",\"https:\\\/\\\/www.youtube.com\\\/channel\\\/UCGP2Sq0iWaZwT3BdIAQFYpw\"]},{\"@type\":\"Person\",\"@id\":\"https:\\\/\\\/www.organisator.ch\\\/#\\\/schema\\\/person\\\/6f650f90b2842cd4c0cc334b4e36f67e\",\"name\":\"thomas.berner\",\"image\":{\"@type\":\"ImageObject\",\"inLanguage\":\"en-US\",\"@id\":\"https:\\\/\\\/secure.gravatar.com\\\/avatar\\\/ac5001d2a36cb6c6cd3e50789007ffca834b477b74a2144564522e944eabff61?s=96&d=mm&r=g\",\"url\":\"https:\\\/\\\/secure.gravatar.com\\\/avatar\\\/ac5001d2a36cb6c6cd3e50789007ffca834b477b74a2144564522e944eabff61?s=96&d=mm&r=g\",\"contentUrl\":\"https:\\\/\\\/secure.gravatar.com\\\/avatar\\\/ac5001d2a36cb6c6cd3e50789007ffca834b477b74a2144564522e944eabff61?s=96&d=mm&r=g\",\"caption\":\"thomas.berner\"},\"url\":\"https:\\\/\\\/www.organisator.ch\\\/en\\\/author\\\/thomas-berner\\\/\"}]}<\/script>\n<!-- \/ Yoast SEO plugin. -->","yoast_head_json":{"title":"Diversity, sustainability, risk assessment: boards of directors need to catch up - Organizer","description":"Many boards of directors still think sustainability too short-term. There is also still a need to catch up in risk assessment, according to a study.","robots":{"index":"index","follow":"follow","max-snippet":"max-snippet:-1","max-image-preview":"max-image-preview:large","max-video-preview":"max-video-preview:-1"},"canonical":"https:\/\/www.organisator.ch\/en\/management\/2023-02-20\/diversitaet-nachhaltigkeit-risikobewertung-verwaltungsraete-mit-nachholbedarf\/","og_locale":"en_US","og_type":"article","og_title":"Diversit\u00e4t, Nachhaltigkeit, Risikobewertung: Verwaltungsr\u00e4te mit Nachholbedarf","og_description":"Viele Verwaltungsr\u00e4te denken Nachhaltigkeit noch zu kurzfristig. Auch bei der Risikobewertung besteht noch Nachholbedarf, so eine Studie.","og_url":"https:\/\/www.organisator.ch\/en\/management\/2023-02-20\/diversitaet-nachhaltigkeit-risikobewertung-verwaltungsraete-mit-nachholbedarf\/","og_site_name":"Organisator","article_publisher":"https:\/\/www.facebook.com\/OrganisatorFachmagazin","article_published_time":"2023-02-20T08:10:53+00:00","og_image":[{"width":680,"height":342,"url":"https:\/\/www.organisator.ch\/wp-content\/uploads\/2023\/02\/Diversitaet-Nachhaltigkeit-Risikobewertung-Verwaltungsraete-mit-Nachholbedarf-2_Organisator.jpg","type":"image\/jpeg"}],"author":"thomas.berner","twitter_card":"summary_large_image","twitter_title":"#Diversit\u00e4t, #Nachhaltigkeit, #Risikobewertung: #Verwaltungsr\u00e4te mit Nachholbedarf","twitter_description":"Viele #Verwaltungsr\u00e4te denken #Nachhaltigkeit noch zu kurzfristig. Auch bei der #Risikobewertung besteht noch Nachholbedarf, so eine Studie.","twitter_image":"https:\/\/www.organisator.ch\/wp-content\/uploads\/2023\/02\/Diversitaet-Nachhaltigkeit-Risikobewertung-Verwaltungsraete-mit-Nachholbedarf-2_Organisator.jpg","schema":{"@context":"https:\/\/schema.org","@graph":[{"@type":"Article","@id":"https:\/\/www.organisator.ch\/management\/2023-02-20\/diversitaet-nachhaltigkeit-risikobewertung-verwaltungsraete-mit-nachholbedarf\/#article","isPartOf":{"@id":"https:\/\/www.organisator.ch\/management\/2023-02-20\/diversitaet-nachhaltigkeit-risikobewertung-verwaltungsraete-mit-nachholbedarf\/"},"author":{"name":"thomas.berner","@id":"https:\/\/www.organisator.ch\/#\/schema\/person\/6f650f90b2842cd4c0cc334b4e36f67e"},"headline":"Diversit\u00e4t, Nachhaltigkeit, Risikobewertung: Verwaltungsr\u00e4te mit Nachholbedarf","datePublished":"2023-02-20T08:10:53+00:00","mainEntityOfPage":{"@id":"https:\/\/www.organisator.ch\/management\/2023-02-20\/diversitaet-nachhaltigkeit-risikobewertung-verwaltungsraete-mit-nachholbedarf\/"},"wordCount":720,"publisher":{"@id":"https:\/\/www.organisator.ch\/#organization"},"image":{"@id":"https:\/\/www.organisator.ch\/management\/2023-02-20\/diversitaet-nachhaltigkeit-risikobewertung-verwaltungsraete-mit-nachholbedarf\/#primaryimage"},"thumbnailUrl":"https:\/\/www.organisator.ch\/wp-content\/uploads\/2023\/02\/Diversitaet-Nachhaltigkeit-Risikobewertung-Verwaltungsraete-mit-Nachholbedarf-2_Organisator.jpg","keywords":["Diversity","Nachhaltige Wirtschaft","Risikomanagement","Studie","Verwaltungsr\u00e4te"],"articleSection":["MANAGEMENT"],"inLanguage":"en-US"},{"@type":"WebPage","@id":"https:\/\/www.organisator.ch\/management\/2023-02-20\/diversitaet-nachhaltigkeit-risikobewertung-verwaltungsraete-mit-nachholbedarf\/","url":"https:\/\/www.organisator.ch\/management\/2023-02-20\/diversitaet-nachhaltigkeit-risikobewertung-verwaltungsraete-mit-nachholbedarf\/","name":"Diversity, sustainability, risk assessment: boards of directors need to catch up - Organizer","isPartOf":{"@id":"https:\/\/www.organisator.ch\/#website"},"primaryImageOfPage":{"@id":"https:\/\/www.organisator.ch\/management\/2023-02-20\/diversitaet-nachhaltigkeit-risikobewertung-verwaltungsraete-mit-nachholbedarf\/#primaryimage"},"image":{"@id":"https:\/\/www.organisator.ch\/management\/2023-02-20\/diversitaet-nachhaltigkeit-risikobewertung-verwaltungsraete-mit-nachholbedarf\/#primaryimage"},"thumbnailUrl":"https:\/\/www.organisator.ch\/wp-content\/uploads\/2023\/02\/Diversitaet-Nachhaltigkeit-Risikobewertung-Verwaltungsraete-mit-Nachholbedarf-2_Organisator.jpg","datePublished":"2023-02-20T08:10:53+00:00","description":"Many boards of directors still think sustainability too short-term. There is also still a need to catch up in risk assessment, according to a study.","breadcrumb":{"@id":"https:\/\/www.organisator.ch\/management\/2023-02-20\/diversitaet-nachhaltigkeit-risikobewertung-verwaltungsraete-mit-nachholbedarf\/#breadcrumb"},"inLanguage":"en-US","potentialAction":[{"@type":"ReadAction","target":["https:\/\/www.organisator.ch\/management\/2023-02-20\/diversitaet-nachhaltigkeit-risikobewertung-verwaltungsraete-mit-nachholbedarf\/"]}]},{"@type":"ImageObject","inLanguage":"en-US","@id":"https:\/\/www.organisator.ch\/management\/2023-02-20\/diversitaet-nachhaltigkeit-risikobewertung-verwaltungsraete-mit-nachholbedarf\/#primaryimage","url":"https:\/\/www.organisator.ch\/wp-content\/uploads\/2023\/02\/Diversitaet-Nachhaltigkeit-Risikobewertung-Verwaltungsraete-mit-Nachholbedarf-2_Organisator.jpg","contentUrl":"https:\/\/www.organisator.ch\/wp-content\/uploads\/2023\/02\/Diversitaet-Nachhaltigkeit-Risikobewertung-Verwaltungsraete-mit-Nachholbedarf-2_Organisator.jpg","width":680,"height":342,"caption":"Grafik 2: ESG Ziele f\u00fcr Mitglieder der Gesch\u00e4ftsleitung. (Grafik: Deloitte)"},{"@type":"BreadcrumbList","@id":"https:\/\/www.organisator.ch\/management\/2023-02-20\/diversitaet-nachhaltigkeit-risikobewertung-verwaltungsraete-mit-nachholbedarf\/#breadcrumb","itemListElement":[{"@type":"ListItem","position":1,"name":"Home","item":"https:\/\/www.organisator.ch\/"},{"@type":"ListItem","position":2,"name":"Diversit\u00e4t, Nachhaltigkeit, Risikobewertung: Verwaltungsr\u00e4te mit Nachholbedarf"}]},{"@type":"WebSite","@id":"https:\/\/www.organisator.ch\/#website","url":"https:\/\/www.organisator.ch\/","name":"Organizer","description":"Competent. Practical. In 10 issues per year, ORGANISATOR presents the essential topics for managers of SMEs.","publisher":{"@id":"https:\/\/www.organisator.ch\/#organization"},"potentialAction":[{"@type":"SearchAction","target":{"@type":"EntryPoint","urlTemplate":"https:\/\/www.organisator.ch\/?s={search_term_string}"},"query-input":{"@type":"PropertyValueSpecification","valueRequired":true,"valueName":"search_term_string"}}],"inLanguage":"en-US"},{"@type":"Organization","@id":"https:\/\/www.organisator.ch\/#organization","name":"Organizer","url":"https:\/\/www.organisator.ch\/","logo":{"@type":"ImageObject","inLanguage":"en-US","@id":"https:\/\/www.organisator.ch\/#\/schema\/logo\/image\/","url":"https:\/\/www.organisator.ch\/wp-content\/uploads\/2022\/01\/Logo_Organisator_Website.png","contentUrl":"https:\/\/www.organisator.ch\/wp-content\/uploads\/2022\/01\/Logo_Organisator_Website.png","width":800,"height":77,"caption":"Organisator"},"image":{"@id":"https:\/\/www.organisator.ch\/#\/schema\/logo\/image\/"},"sameAs":["https:\/\/www.facebook.com\/OrganisatorFachmagazin","https:\/\/www.linkedin.com\/showcase\/organisator-das-magazin-fr-kmu","https:\/\/www.xing.com\/news\/pages\/organisator-ch-695","https:\/\/www.youtube.com\/channel\/UCGP2Sq0iWaZwT3BdIAQFYpw"]},{"@type":"Person","@id":"https:\/\/www.organisator.ch\/#\/schema\/person\/6f650f90b2842cd4c0cc334b4e36f67e","name":"thomas.berner","image":{"@type":"ImageObject","inLanguage":"en-US","@id":"https:\/\/secure.gravatar.com\/avatar\/ac5001d2a36cb6c6cd3e50789007ffca834b477b74a2144564522e944eabff61?s=96&d=mm&r=g","url":"https:\/\/secure.gravatar.com\/avatar\/ac5001d2a36cb6c6cd3e50789007ffca834b477b74a2144564522e944eabff61?s=96&d=mm&r=g","contentUrl":"https:\/\/secure.gravatar.com\/avatar\/ac5001d2a36cb6c6cd3e50789007ffca834b477b74a2144564522e944eabff61?s=96&d=mm&r=g","caption":"thomas.berner"},"url":"https:\/\/www.organisator.ch\/en\/author\/thomas-berner\/"}]}},"_links":{"self":[{"href":"https:\/\/www.organisator.ch\/en\/wp-json\/wp\/v2\/posts\/18869","targetHints":{"allow":["GET"]}}],"collection":[{"href":"https:\/\/www.organisator.ch\/en\/wp-json\/wp\/v2\/posts"}],"about":[{"href":"https:\/\/www.organisator.ch\/en\/wp-json\/wp\/v2\/types\/post"}],"author":[{"embeddable":true,"href":"https:\/\/www.organisator.ch\/en\/wp-json\/wp\/v2\/users\/4"}],"replies":[{"embeddable":true,"href":"https:\/\/www.organisator.ch\/en\/wp-json\/wp\/v2\/comments?post=18869"}],"version-history":[{"count":1,"href":"https:\/\/www.organisator.ch\/en\/wp-json\/wp\/v2\/posts\/18869\/revisions"}],"predecessor-version":[{"id":18872,"href":"https:\/\/www.organisator.ch\/en\/wp-json\/wp\/v2\/posts\/18869\/revisions\/18872"}],"wp:featuredmedia":[{"embeddable":true,"href":"https:\/\/www.organisator.ch\/en\/wp-json\/wp\/v2\/media\/18871"}],"wp:attachment":[{"href":"https:\/\/www.organisator.ch\/en\/wp-json\/wp\/v2\/media?parent=18869"}],"wp:term":[{"taxonomy":"category","embeddable":true,"href":"https:\/\/www.organisator.ch\/en\/wp-json\/wp\/v2\/categories?post=18869"},{"taxonomy":"post_tag","embeddable":true,"href":"https:\/\/www.organisator.ch\/en\/wp-json\/wp\/v2\/tags?post=18869"}],"curies":[{"name":"wp","href":"https:\/\/api.w.org\/{rel}","templated":true}]}}