{"id":18939,"date":"2023-02-21T14:50:54","date_gmt":"2023-02-21T13:50:54","guid":{"rendered":"https:\/\/www.organisator.ch\/?p=18939"},"modified":"2023-03-08T08:40:33","modified_gmt":"2023-03-08T07:40:33","slug":"die-selbstwirksamkeit-erhoehen","status":"publish","type":"post","link":"https:\/\/www.organisator.ch\/en\/human-resources\/2023-02-21\/die-selbstwirksamkeit-erhoehen\/","title":{"rendered":"Increase self-efficacy"},"content":{"rendered":"<figure id=\"attachment_18940\" aria-describedby=\"caption-attachment-18940\" style=\"width: 680px\" class=\"wp-caption alignnone\"><img loading=\"lazy\" decoding=\"async\" class=\"size-full wp-image-18940\" src=\"https:\/\/www.organisator.ch\/wp-content\/uploads\/2023\/02\/Die-Selbstwirksamkeit-erhoehen_Organisator.jpg\" alt=\"\" width=\"680\" height=\"381\" srcset=\"https:\/\/www.organisator.ch\/wp-content\/uploads\/2023\/02\/Die-Selbstwirksamkeit-erhoehen_Organisator.jpg 680w, https:\/\/www.organisator.ch\/wp-content\/uploads\/2023\/02\/Die-Selbstwirksamkeit-erhoehen_Organisator-18x10.jpg 18w, https:\/\/www.organisator.ch\/wp-content\/uploads\/2023\/02\/Die-Selbstwirksamkeit-erhoehen_Organisator-375x210.jpg 375w, https:\/\/www.organisator.ch\/wp-content\/uploads\/2023\/02\/Die-Selbstwirksamkeit-erhoehen_Organisator-625x350.jpg 625w\" sizes=\"auto, (max-width: 680px) 100vw, 680px\" \/><figcaption id=\"caption-attachment-18940\" class=\"wp-caption-text\">Tackling new challenges with courage. That's what we should learn - to remain attractive workers and to master our lives with success. (Image: Pixabay.com)<\/figcaption><\/figure>\n<p>People are different. This is something we experience every day - both professionally and privately. For example, when faced with new challenges, we notice that some women and men immediately think: I can't do that. Accordingly, they approach the task unmotivated and their chances of success are correspondingly low. Others, on the other hand, also initially think: Oh, what a fright. But then: Somehow I'll manage. So they tackle the task with vigor. Usually with success - also because they don't immediately throw in the towel after the first failed attempt.<\/p>\n<h3>New key competence: professional and private<\/h3>\n<p>Such confidence is becoming increasingly important. Because in our modern world, we are permanently confronted with new challenges. So dealing with them adequately is becoming a key competence. Companies have also recognized this. They increasingly expect their employees to face and master new challenges; furthermore, they expect them to take the initiative in acquiring the skills they will need in their jobs (in the future). Or to put it another way: Your employees should be more self-effective.<\/p>\n<p>According to research by Canadian learning theorist Albert Bandura, who sadly passed away in 2021, our self-efficacy feeds off four sources:<\/p>\n<ol>\n<li><em>Own experience: <\/em>They are very important. Because those who have repeatedly gained the experience \"I can solve difficult tasks\" also have the confidence to do so with new ones.<\/li>\n<li><em> Role models: <\/em>If one person observes another solving a difficult task, this can also boost his or her self-confidence - true to the maxim: \"If this person can do it, so can I!\"<\/li>\n<li><em> Support: <\/em>The knowledge that \"when things get tight, I have supporters\" is also encouraging.<\/li>\n<li><em> Reactions and emotions: <\/em>People infer their abilities from their physical reactions. For example, if they feel their heart racing during a task, they often immediately think: I can't do this. So it's important to be able to analyze: Is my reaction appropriate for the task?<\/li>\n<\/ol>\n<h3>Increase self-efficacy step by step<\/h3>\n<p>Anyone who wants to increase their self-efficacy should therefore regularly set themselves challenges where they initially suspect: This task could be too much for me. Because this is where we grow.<\/p>\n<p>It makes sense to view the task as a project and analyze it first: Which subtasks are associated with it? Then we can determine why we shy away from certain subtasks. For example, because we don't have any experience with this yet? Once we have determined this, we can organize the necessary support. In addition, we can derive sub-goals from the subtasks that need to be achieved on the way to the big goal.<\/p>\n<p>Defining subgoals is important in the event that we only partially achieve the project goal. Then, on the basis of the achieved subgoals, we can determine which subtasks we have solved with flying colors and which we have not. We can therefore put our \"failure\" into perspective. It also allows us to analyze which new skills we have acquired and where there is still a need to learn.<\/p>\n<p>If we proceed in this way when tackling challenging tasks, we enter a learning spiral that leads to a steady expansion of our competence and self-efficacy.<\/p>\n<p><em><strong>To the author:<br \/>\n<\/strong>Joachim Simon, Braunschweig, is a leadership trainer and speaker specializing in (self-)leadership (<a href=\"http:\/\/www.joachimsimon.info\">www.joachimsimon.info<\/a>). Among other things, he is the author of the book \"Self-responsibility in the company\" and co-founder of the (self-)leadership coaching app Mindshine (www.mindshine.app). From him also already appeared<a href=\"https:\/\/www.organisator.ch\/de\/management\/2022-07-21\/hochqualifizierte-selbstbewusste-mitarbeiter-fuehren\/\"> this article<\/a>.<\/em><\/p>","protected":false},"excerpt":{"rendered":"<p>Menschen sind verschieden. Diese Erfahrung sammeln wir t\u00e4glich \u2013 beruflich und privat. So registrieren wir zum Beispiel, dass manche Frauen und M\u00e4nner bei neuen Herausforderungen sofort denken: Das kann ich nicht. Entsprechend unmotiviert gehen sie die Aufgabe an und entsprechend gering sind ihre Erfolgsaussichten. Andere hingegen denken bei derselben Herausforderung zwar zun\u00e4chst auch: Oh Schreck. [&hellip;]<\/p>\n","protected":false},"author":4,"featured_media":18940,"comment_status":"closed","ping_status":"closed","sticky":false,"template":"","format":"standard","meta":{"_acf_changed":false,"_yoast_wpseo_focuskw":"Selbstwirksamkeit","_yoast_wpseo_metadesc":"Neue Herausforderungen beherzt anpacken: Mit mehr Selbstwirksamkeit k\u00f6nnen wir lernen, unser Leben mit Erfolg zu meistern.","articlekey":"","footnotes":""},"categories":[579],"tags":[208,254,429],"class_list":["post-18939","post","type-post","status-publish","format-standard","has-post-thumbnail","hentry","category-human-resources","tag-fit-im-job","tag-hrm","tag-selbstmanagement"],"acf":[],"yoast_head":"<!-- This site is optimized with the Yoast SEO plugin v27.5 - https:\/\/yoast.com\/product\/yoast-seo-wordpress\/ -->\n<title>Die Selbstwirksamkeit erh\u00f6hen - Organisator<\/title>\n<meta name=\"description\" content=\"Neue Herausforderungen beherzt anpacken: Mit mehr Selbstwirksamkeit k\u00f6nnen wir lernen, unser Leben mit Erfolg zu meistern.\" \/>\n<meta name=\"robots\" content=\"index, follow, max-snippet:-1, max-image-preview:large, max-video-preview:-1\" \/>\n<link rel=\"canonical\" href=\"https:\/\/www.organisator.ch\/en\/human-resources\/2023-02-21\/die-selbstwirksamkeit-erhoehen\/\" \/>\n<meta property=\"og:locale\" content=\"en_US\" \/>\n<meta property=\"og:type\" content=\"article\" \/>\n<meta property=\"og:title\" content=\"Die Selbstwirksamkeit erh\u00f6hen\" \/>\n<meta property=\"og:description\" content=\"Neue Herausforderungen beherzt anpacken: Mit mehr Selbstwirksamkeit k\u00f6nnen wir lernen, unser Leben mit Erfolg zu meistern.\" \/>\n<meta property=\"og:url\" content=\"https:\/\/www.organisator.ch\/en\/human-resources\/2023-02-21\/die-selbstwirksamkeit-erhoehen\/\" \/>\n<meta property=\"og:site_name\" content=\"Organisator\" \/>\n<meta property=\"article:publisher\" content=\"https:\/\/www.facebook.com\/OrganisatorFachmagazin\" \/>\n<meta property=\"article:published_time\" content=\"2023-02-21T13:50:54+00:00\" \/>\n<meta property=\"article:modified_time\" content=\"2023-03-08T07:40:33+00:00\" \/>\n<meta property=\"og:image\" content=\"https:\/\/www.organisator.ch\/wp-content\/uploads\/2023\/02\/Die-Selbstwirksamkeit-erhoehen_Organisator.jpg\" \/>\n\t<meta property=\"og:image:width\" content=\"680\" \/>\n\t<meta property=\"og:image:height\" content=\"381\" \/>\n\t<meta property=\"og:image:type\" content=\"image\/jpeg\" \/>\n<meta name=\"author\" content=\"thomas.berner\" \/>\n<meta name=\"twitter:card\" content=\"summary_large_image\" \/>\n<meta name=\"twitter:title\" content=\"Die #Selbstwirksamkeit erh\u00f6hen\" \/>\n<meta name=\"twitter:description\" content=\"Neue #Herausforderungen beherzt anpacken: Mit mehr #Selbstwirksamkeit k\u00f6nnen wir lernen, unser Leben mit Erfolg zu meistern.\" \/>\n<meta name=\"twitter:image\" content=\"https:\/\/www.organisator.ch\/wp-content\/uploads\/2023\/02\/Die-Selbstwirksamkeit-erhoehen_Organisator.jpg\" \/>\n<script type=\"application\/ld+json\" class=\"yoast-schema-graph\">{\"@context\":\"https:\\\/\\\/schema.org\",\"@graph\":[{\"@type\":\"Article\",\"@id\":\"https:\\\/\\\/www.organisator.ch\\\/human-resources\\\/2023-02-21\\\/die-selbstwirksamkeit-erhoehen\\\/#article\",\"isPartOf\":{\"@id\":\"https:\\\/\\\/www.organisator.ch\\\/human-resources\\\/2023-02-21\\\/die-selbstwirksamkeit-erhoehen\\\/\"},\"author\":{\"name\":\"thomas.berner\",\"@id\":\"https:\\\/\\\/www.organisator.ch\\\/#\\\/schema\\\/person\\\/6f650f90b2842cd4c0cc334b4e36f67e\"},\"headline\":\"Die Selbstwirksamkeit erh\u00f6hen\",\"datePublished\":\"2023-02-21T13:50:54+00:00\",\"dateModified\":\"2023-03-08T07:40:33+00:00\",\"mainEntityOfPage\":{\"@id\":\"https:\\\/\\\/www.organisator.ch\\\/human-resources\\\/2023-02-21\\\/die-selbstwirksamkeit-erhoehen\\\/\"},\"wordCount\":592,\"publisher\":{\"@id\":\"https:\\\/\\\/www.organisator.ch\\\/#organization\"},\"image\":{\"@id\":\"https:\\\/\\\/www.organisator.ch\\\/human-resources\\\/2023-02-21\\\/die-selbstwirksamkeit-erhoehen\\\/#primaryimage\"},\"thumbnailUrl\":\"https:\\\/\\\/www.organisator.ch\\\/wp-content\\\/uploads\\\/2023\\\/02\\\/Die-Selbstwirksamkeit-erhoehen_Organisator.jpg\",\"keywords\":[\"Fit im Job\",\"HRM\",\"Selbstmanagement\"],\"articleSection\":[\"HUMAN RESOURCES\"],\"inLanguage\":\"en-US\"},{\"@type\":\"WebPage\",\"@id\":\"https:\\\/\\\/www.organisator.ch\\\/human-resources\\\/2023-02-21\\\/die-selbstwirksamkeit-erhoehen\\\/\",\"url\":\"https:\\\/\\\/www.organisator.ch\\\/human-resources\\\/2023-02-21\\\/die-selbstwirksamkeit-erhoehen\\\/\",\"name\":\"Die Selbstwirksamkeit erh\u00f6hen - Organisator\",\"isPartOf\":{\"@id\":\"https:\\\/\\\/www.organisator.ch\\\/#website\"},\"primaryImageOfPage\":{\"@id\":\"https:\\\/\\\/www.organisator.ch\\\/human-resources\\\/2023-02-21\\\/die-selbstwirksamkeit-erhoehen\\\/#primaryimage\"},\"image\":{\"@id\":\"https:\\\/\\\/www.organisator.ch\\\/human-resources\\\/2023-02-21\\\/die-selbstwirksamkeit-erhoehen\\\/#primaryimage\"},\"thumbnailUrl\":\"https:\\\/\\\/www.organisator.ch\\\/wp-content\\\/uploads\\\/2023\\\/02\\\/Die-Selbstwirksamkeit-erhoehen_Organisator.jpg\",\"datePublished\":\"2023-02-21T13:50:54+00:00\",\"dateModified\":\"2023-03-08T07:40:33+00:00\",\"description\":\"Neue Herausforderungen beherzt anpacken: Mit mehr Selbstwirksamkeit k\u00f6nnen wir lernen, unser Leben mit Erfolg zu meistern.\",\"breadcrumb\":{\"@id\":\"https:\\\/\\\/www.organisator.ch\\\/human-resources\\\/2023-02-21\\\/die-selbstwirksamkeit-erhoehen\\\/#breadcrumb\"},\"inLanguage\":\"en-US\",\"potentialAction\":[{\"@type\":\"ReadAction\",\"target\":[\"https:\\\/\\\/www.organisator.ch\\\/human-resources\\\/2023-02-21\\\/die-selbstwirksamkeit-erhoehen\\\/\"]}]},{\"@type\":\"ImageObject\",\"inLanguage\":\"en-US\",\"@id\":\"https:\\\/\\\/www.organisator.ch\\\/human-resources\\\/2023-02-21\\\/die-selbstwirksamkeit-erhoehen\\\/#primaryimage\",\"url\":\"https:\\\/\\\/www.organisator.ch\\\/wp-content\\\/uploads\\\/2023\\\/02\\\/Die-Selbstwirksamkeit-erhoehen_Organisator.jpg\",\"contentUrl\":\"https:\\\/\\\/www.organisator.ch\\\/wp-content\\\/uploads\\\/2023\\\/02\\\/Die-Selbstwirksamkeit-erhoehen_Organisator.jpg\",\"width\":680,\"height\":381,\"caption\":\"Neue Herausforderungen beherzt anpacken. Das sollten wir lernen \u2013 um attraktive Arbeitskr\u00e4fte zu bleiben und unser Leben mit Erfolg zu meistern. (Bild: Pixabay.com)\"},{\"@type\":\"BreadcrumbList\",\"@id\":\"https:\\\/\\\/www.organisator.ch\\\/human-resources\\\/2023-02-21\\\/die-selbstwirksamkeit-erhoehen\\\/#breadcrumb\",\"itemListElement\":[{\"@type\":\"ListItem\",\"position\":1,\"name\":\"Home\",\"item\":\"https:\\\/\\\/www.organisator.ch\\\/\"},{\"@type\":\"ListItem\",\"position\":2,\"name\":\"Die Selbstwirksamkeit erh\u00f6hen\"}]},{\"@type\":\"WebSite\",\"@id\":\"https:\\\/\\\/www.organisator.ch\\\/#website\",\"url\":\"https:\\\/\\\/www.organisator.ch\\\/\",\"name\":\"Organisator\",\"description\":\"Kompetent. Praxisnah. Der ORGANISATOR bereitet in 10 Ausgaben pro Jahr die wesentlichen Themen f\u00fcr F\u00fchrungskr\u00e4fte von KMU auf.\",\"publisher\":{\"@id\":\"https:\\\/\\\/www.organisator.ch\\\/#organization\"},\"potentialAction\":[{\"@type\":\"SearchAction\",\"target\":{\"@type\":\"EntryPoint\",\"urlTemplate\":\"https:\\\/\\\/www.organisator.ch\\\/?s={search_term_string}\"},\"query-input\":{\"@type\":\"PropertyValueSpecification\",\"valueRequired\":true,\"valueName\":\"search_term_string\"}}],\"inLanguage\":\"en-US\"},{\"@type\":\"Organization\",\"@id\":\"https:\\\/\\\/www.organisator.ch\\\/#organization\",\"name\":\"Organisator\",\"url\":\"https:\\\/\\\/www.organisator.ch\\\/\",\"logo\":{\"@type\":\"ImageObject\",\"inLanguage\":\"en-US\",\"@id\":\"https:\\\/\\\/www.organisator.ch\\\/#\\\/schema\\\/logo\\\/image\\\/\",\"url\":\"https:\\\/\\\/www.organisator.ch\\\/wp-content\\\/uploads\\\/2022\\\/01\\\/Logo_Organisator_Website.png\",\"contentUrl\":\"https:\\\/\\\/www.organisator.ch\\\/wp-content\\\/uploads\\\/2022\\\/01\\\/Logo_Organisator_Website.png\",\"width\":800,\"height\":77,\"caption\":\"Organisator\"},\"image\":{\"@id\":\"https:\\\/\\\/www.organisator.ch\\\/#\\\/schema\\\/logo\\\/image\\\/\"},\"sameAs\":[\"https:\\\/\\\/www.facebook.com\\\/OrganisatorFachmagazin\",\"https:\\\/\\\/www.linkedin.com\\\/showcase\\\/organisator-das-magazin-fr-kmu\",\"https:\\\/\\\/www.xing.com\\\/news\\\/pages\\\/organisator-ch-695\",\"https:\\\/\\\/www.youtube.com\\\/channel\\\/UCGP2Sq0iWaZwT3BdIAQFYpw\"]},{\"@type\":\"Person\",\"@id\":\"https:\\\/\\\/www.organisator.ch\\\/#\\\/schema\\\/person\\\/6f650f90b2842cd4c0cc334b4e36f67e\",\"name\":\"thomas.berner\",\"image\":{\"@type\":\"ImageObject\",\"inLanguage\":\"en-US\",\"@id\":\"https:\\\/\\\/secure.gravatar.com\\\/avatar\\\/ac5001d2a36cb6c6cd3e50789007ffca834b477b74a2144564522e944eabff61?s=96&d=mm&r=g\",\"url\":\"https:\\\/\\\/secure.gravatar.com\\\/avatar\\\/ac5001d2a36cb6c6cd3e50789007ffca834b477b74a2144564522e944eabff61?s=96&d=mm&r=g\",\"contentUrl\":\"https:\\\/\\\/secure.gravatar.com\\\/avatar\\\/ac5001d2a36cb6c6cd3e50789007ffca834b477b74a2144564522e944eabff61?s=96&d=mm&r=g\",\"caption\":\"thomas.berner\"},\"url\":\"https:\\\/\\\/www.organisator.ch\\\/en\\\/author\\\/thomas-berner\\\/\"}]}<\/script>\n<!-- \/ Yoast SEO plugin. -->","yoast_head_json":{"title":"Increase self-efficacy - organizer","description":"Tackling new challenges with courage: With more self-efficacy, we can learn to master our lives with success.","robots":{"index":"index","follow":"follow","max-snippet":"max-snippet:-1","max-image-preview":"max-image-preview:large","max-video-preview":"max-video-preview:-1"},"canonical":"https:\/\/www.organisator.ch\/en\/human-resources\/2023-02-21\/die-selbstwirksamkeit-erhoehen\/","og_locale":"en_US","og_type":"article","og_title":"Die Selbstwirksamkeit erh\u00f6hen","og_description":"Neue Herausforderungen beherzt anpacken: Mit mehr Selbstwirksamkeit k\u00f6nnen wir lernen, unser Leben mit Erfolg zu meistern.","og_url":"https:\/\/www.organisator.ch\/en\/human-resources\/2023-02-21\/die-selbstwirksamkeit-erhoehen\/","og_site_name":"Organisator","article_publisher":"https:\/\/www.facebook.com\/OrganisatorFachmagazin","article_published_time":"2023-02-21T13:50:54+00:00","article_modified_time":"2023-03-08T07:40:33+00:00","og_image":[{"width":680,"height":381,"url":"https:\/\/www.organisator.ch\/wp-content\/uploads\/2023\/02\/Die-Selbstwirksamkeit-erhoehen_Organisator.jpg","type":"image\/jpeg"}],"author":"thomas.berner","twitter_card":"summary_large_image","twitter_title":"Die #Selbstwirksamkeit erh\u00f6hen","twitter_description":"Neue #Herausforderungen beherzt anpacken: Mit mehr #Selbstwirksamkeit k\u00f6nnen wir lernen, unser Leben mit Erfolg zu meistern.","twitter_image":"https:\/\/www.organisator.ch\/wp-content\/uploads\/2023\/02\/Die-Selbstwirksamkeit-erhoehen_Organisator.jpg","schema":{"@context":"https:\/\/schema.org","@graph":[{"@type":"Article","@id":"https:\/\/www.organisator.ch\/human-resources\/2023-02-21\/die-selbstwirksamkeit-erhoehen\/#article","isPartOf":{"@id":"https:\/\/www.organisator.ch\/human-resources\/2023-02-21\/die-selbstwirksamkeit-erhoehen\/"},"author":{"name":"thomas.berner","@id":"https:\/\/www.organisator.ch\/#\/schema\/person\/6f650f90b2842cd4c0cc334b4e36f67e"},"headline":"Die Selbstwirksamkeit erh\u00f6hen","datePublished":"2023-02-21T13:50:54+00:00","dateModified":"2023-03-08T07:40:33+00:00","mainEntityOfPage":{"@id":"https:\/\/www.organisator.ch\/human-resources\/2023-02-21\/die-selbstwirksamkeit-erhoehen\/"},"wordCount":592,"publisher":{"@id":"https:\/\/www.organisator.ch\/#organization"},"image":{"@id":"https:\/\/www.organisator.ch\/human-resources\/2023-02-21\/die-selbstwirksamkeit-erhoehen\/#primaryimage"},"thumbnailUrl":"https:\/\/www.organisator.ch\/wp-content\/uploads\/2023\/02\/Die-Selbstwirksamkeit-erhoehen_Organisator.jpg","keywords":["Fit im Job","HRM","Selbstmanagement"],"articleSection":["HUMAN RESOURCES"],"inLanguage":"en-US"},{"@type":"WebPage","@id":"https:\/\/www.organisator.ch\/human-resources\/2023-02-21\/die-selbstwirksamkeit-erhoehen\/","url":"https:\/\/www.organisator.ch\/human-resources\/2023-02-21\/die-selbstwirksamkeit-erhoehen\/","name":"Increase self-efficacy - organizer","isPartOf":{"@id":"https:\/\/www.organisator.ch\/#website"},"primaryImageOfPage":{"@id":"https:\/\/www.organisator.ch\/human-resources\/2023-02-21\/die-selbstwirksamkeit-erhoehen\/#primaryimage"},"image":{"@id":"https:\/\/www.organisator.ch\/human-resources\/2023-02-21\/die-selbstwirksamkeit-erhoehen\/#primaryimage"},"thumbnailUrl":"https:\/\/www.organisator.ch\/wp-content\/uploads\/2023\/02\/Die-Selbstwirksamkeit-erhoehen_Organisator.jpg","datePublished":"2023-02-21T13:50:54+00:00","dateModified":"2023-03-08T07:40:33+00:00","description":"Tackling new challenges with courage: With more self-efficacy, we can learn to master our lives with success.","breadcrumb":{"@id":"https:\/\/www.organisator.ch\/human-resources\/2023-02-21\/die-selbstwirksamkeit-erhoehen\/#breadcrumb"},"inLanguage":"en-US","potentialAction":[{"@type":"ReadAction","target":["https:\/\/www.organisator.ch\/human-resources\/2023-02-21\/die-selbstwirksamkeit-erhoehen\/"]}]},{"@type":"ImageObject","inLanguage":"en-US","@id":"https:\/\/www.organisator.ch\/human-resources\/2023-02-21\/die-selbstwirksamkeit-erhoehen\/#primaryimage","url":"https:\/\/www.organisator.ch\/wp-content\/uploads\/2023\/02\/Die-Selbstwirksamkeit-erhoehen_Organisator.jpg","contentUrl":"https:\/\/www.organisator.ch\/wp-content\/uploads\/2023\/02\/Die-Selbstwirksamkeit-erhoehen_Organisator.jpg","width":680,"height":381,"caption":"Neue Herausforderungen beherzt anpacken. Das sollten wir lernen \u2013 um attraktive Arbeitskr\u00e4fte zu bleiben und unser Leben mit Erfolg zu meistern. (Bild: Pixabay.com)"},{"@type":"BreadcrumbList","@id":"https:\/\/www.organisator.ch\/human-resources\/2023-02-21\/die-selbstwirksamkeit-erhoehen\/#breadcrumb","itemListElement":[{"@type":"ListItem","position":1,"name":"Home","item":"https:\/\/www.organisator.ch\/"},{"@type":"ListItem","position":2,"name":"Die Selbstwirksamkeit erh\u00f6hen"}]},{"@type":"WebSite","@id":"https:\/\/www.organisator.ch\/#website","url":"https:\/\/www.organisator.ch\/","name":"Organizer","description":"Competent. Practical. In 10 issues per year, ORGANISATOR presents the essential topics for managers of SMEs.","publisher":{"@id":"https:\/\/www.organisator.ch\/#organization"},"potentialAction":[{"@type":"SearchAction","target":{"@type":"EntryPoint","urlTemplate":"https:\/\/www.organisator.ch\/?s={search_term_string}"},"query-input":{"@type":"PropertyValueSpecification","valueRequired":true,"valueName":"search_term_string"}}],"inLanguage":"en-US"},{"@type":"Organization","@id":"https:\/\/www.organisator.ch\/#organization","name":"Organizer","url":"https:\/\/www.organisator.ch\/","logo":{"@type":"ImageObject","inLanguage":"en-US","@id":"https:\/\/www.organisator.ch\/#\/schema\/logo\/image\/","url":"https:\/\/www.organisator.ch\/wp-content\/uploads\/2022\/01\/Logo_Organisator_Website.png","contentUrl":"https:\/\/www.organisator.ch\/wp-content\/uploads\/2022\/01\/Logo_Organisator_Website.png","width":800,"height":77,"caption":"Organisator"},"image":{"@id":"https:\/\/www.organisator.ch\/#\/schema\/logo\/image\/"},"sameAs":["https:\/\/www.facebook.com\/OrganisatorFachmagazin","https:\/\/www.linkedin.com\/showcase\/organisator-das-magazin-fr-kmu","https:\/\/www.xing.com\/news\/pages\/organisator-ch-695","https:\/\/www.youtube.com\/channel\/UCGP2Sq0iWaZwT3BdIAQFYpw"]},{"@type":"Person","@id":"https:\/\/www.organisator.ch\/#\/schema\/person\/6f650f90b2842cd4c0cc334b4e36f67e","name":"thomas.berner","image":{"@type":"ImageObject","inLanguage":"en-US","@id":"https:\/\/secure.gravatar.com\/avatar\/ac5001d2a36cb6c6cd3e50789007ffca834b477b74a2144564522e944eabff61?s=96&d=mm&r=g","url":"https:\/\/secure.gravatar.com\/avatar\/ac5001d2a36cb6c6cd3e50789007ffca834b477b74a2144564522e944eabff61?s=96&d=mm&r=g","contentUrl":"https:\/\/secure.gravatar.com\/avatar\/ac5001d2a36cb6c6cd3e50789007ffca834b477b74a2144564522e944eabff61?s=96&d=mm&r=g","caption":"thomas.berner"},"url":"https:\/\/www.organisator.ch\/en\/author\/thomas-berner\/"}]}},"_links":{"self":[{"href":"https:\/\/www.organisator.ch\/en\/wp-json\/wp\/v2\/posts\/18939","targetHints":{"allow":["GET"]}}],"collection":[{"href":"https:\/\/www.organisator.ch\/en\/wp-json\/wp\/v2\/posts"}],"about":[{"href":"https:\/\/www.organisator.ch\/en\/wp-json\/wp\/v2\/types\/post"}],"author":[{"embeddable":true,"href":"https:\/\/www.organisator.ch\/en\/wp-json\/wp\/v2\/users\/4"}],"replies":[{"embeddable":true,"href":"https:\/\/www.organisator.ch\/en\/wp-json\/wp\/v2\/comments?post=18939"}],"version-history":[{"count":1,"href":"https:\/\/www.organisator.ch\/en\/wp-json\/wp\/v2\/posts\/18939\/revisions"}],"predecessor-version":[{"id":18941,"href":"https:\/\/www.organisator.ch\/en\/wp-json\/wp\/v2\/posts\/18939\/revisions\/18941"}],"wp:featuredmedia":[{"embeddable":true,"href":"https:\/\/www.organisator.ch\/en\/wp-json\/wp\/v2\/media\/18940"}],"wp:attachment":[{"href":"https:\/\/www.organisator.ch\/en\/wp-json\/wp\/v2\/media?parent=18939"}],"wp:term":[{"taxonomy":"category","embeddable":true,"href":"https:\/\/www.organisator.ch\/en\/wp-json\/wp\/v2\/categories?post=18939"},{"taxonomy":"post_tag","embeddable":true,"href":"https:\/\/www.organisator.ch\/en\/wp-json\/wp\/v2\/tags?post=18939"}],"curies":[{"name":"wp","href":"https:\/\/api.w.org\/{rel}","templated":true}]}}