{"id":18995,"date":"2023-02-22T08:17:46","date_gmt":"2023-02-22T07:17:46","guid":{"rendered":"https:\/\/www.organisator.ch\/?p=18995"},"modified":"2023-02-22T08:17:46","modified_gmt":"2023-02-22T07:17:46","slug":"iway-liefert-activ-fitness-neue-schweizweite-voip-telefonieloesung","status":"publish","type":"post","link":"https:\/\/www.organisator.ch\/en\/management\/it\/2023-02-22\/iway-liefert-activ-fitness-neue-schweizweite-voip-telefonieloesung\/","title":{"rendered":"iWay delivers new nationwide VoIP telephony solution to Activ Fitness"},"content":{"rendered":"<figure id=\"attachment_18996\" aria-describedby=\"caption-attachment-18996\" style=\"width: 680px\" class=\"wp-caption alignnone\"><img loading=\"lazy\" decoding=\"async\" class=\"size-full wp-image-18996\" src=\"https:\/\/www.organisator.ch\/wp-content\/uploads\/2023\/02\/iWay-liefert-Activ-Fitness-neue-schweizweite-VoIP-Telefonieloesung_Organisator.jpg\" alt=\"\" width=\"680\" height=\"510\" srcset=\"https:\/\/www.organisator.ch\/wp-content\/uploads\/2023\/02\/iWay-liefert-Activ-Fitness-neue-schweizweite-VoIP-Telefonieloesung_Organisator.jpg 680w, https:\/\/www.organisator.ch\/wp-content\/uploads\/2023\/02\/iWay-liefert-Activ-Fitness-neue-schweizweite-VoIP-Telefonieloesung_Organisator-16x12.jpg 16w, https:\/\/www.organisator.ch\/wp-content\/uploads\/2023\/02\/iWay-liefert-Activ-Fitness-neue-schweizweite-VoIP-Telefonieloesung_Organisator-375x281.jpg 375w, https:\/\/www.organisator.ch\/wp-content\/uploads\/2023\/02\/iWay-liefert-Activ-Fitness-neue-schweizweite-VoIP-Telefonieloesung_Organisator-467x350.jpg 467w\" sizes=\"auto, (max-width: 680px) 100vw, 680px\" \/><figcaption id=\"caption-attachment-18996\" class=\"wp-caption-text\">Activ Fitness' training centers will be equipped with a new VoIP telephony solution from iWay. (Image: Activ Fitness)<\/figcaption><\/figure>\n<p>The fitness chain of Migros, Activ Fitness, receives a new scalable VoIP telephony solution from iWay. The procurement was deemed necessary because, in addition to the switch to All-IP, a heterogeneous telephony landscape had developed in the studios over the years that no longer met the requirements. The new telephony solution is managed centrally via the virtual vPBX hosted by the Internet service provider iWay. \"Availability and support have been significantly improved,\" says Philipp Werder, Head of IT Infrastructure Services at Genossenschaft Migros Z\u00fcrich and responsible for ICT services at Activ Fitness. The new telephony solution features call center functions in all studios and local numbers can be easily transferred. \"Overall, we were able to reduce costs while improving functionality with iWay's new solution,\" says Werder.<\/p>\n<p>For the new solution, iWay's VoIP telephony service was connected to Activ Fitness' MPLS (Multiprotocol Label Switching) network via the existing data line using a partner firewall. This switching method allows for a stable and high-performance connection. The telephony of the back office and also the head office is networked with the iWay infrastructure via a business trunk and a session border controller. With the new solution, the studios have a DECT multi-cell system from Gigaset with two handsets and a landline telephone from Yealink. The system is scalable and the nationwide introduction of VoIP telephony can thus be easily implemented. \"With the new VoIP solution from iWay, we are also supporting the nationwide expansion of Activ Fitness,\" Werder is pleased to say. Gradually, all 119 Activ Fitness studios will be equipped and served with VoIP telephony from iWay.<\/p>\n<p>Zurich-based iWay AG is one of Switzerland's leading Internet Service Providers (ISP) for private individuals and small and medium-sized enterprises. Founded in 1995, the company offers customized solutions in the areas of Internet access, VoIP telephony, mobile telephony, TV, e-mail, hosting and data centers.<\/p>\n<p><em>Source and further information: <a href=\"http:\/\/www.iway.ch\">iWay<\/a><\/em><\/p>","protected":false},"excerpt":{"rendered":"<p>Die Fitnesskette der Migros, Activ Fitness, erh\u00e4lt eine neue skalierbare VoIP-Telefoniel\u00f6sung von iWay. Die Beschaffung wurde f\u00fcr n\u00f6tig, weil zus\u00e4tzlich zum Wechsel zu All-IP \u00fcber die Jahre in den Studios eine heterogene Telefonielandschaft entstanden war, welche den Anforderungen nicht mehr gen\u00fcgte. Die Verwaltung der neuen Telefoniel\u00f6sung l\u00e4uft zentral \u00fcber die virtuelle, beim Internet-Serviceanbieter iWay gehostete [&hellip;]<\/p>\n","protected":false},"author":4,"featured_media":0,"comment_status":"closed","ping_status":"closed","sticky":false,"template":"","format":"standard","meta":{"_acf_changed":false,"_yoast_wpseo_focuskw":"VoIP-Telefoniel\u00f6sung","_yoast_wpseo_metadesc":"Der Internet-Serviceanbieter iWay stattet die Fitness-Center von Activ Fitness mit einer neuen skalierbaren VoIP-Telefoniel\u00f6sung aus.","articlekey":"","footnotes":""},"categories":[27],"tags":[286,477,479,492],"class_list":["post-18995","post","type-post","status-publish","format-standard","hentry","category-it","tag-it","tag-telefonie","tag-telekommunikation","tag-unternehmen"],"acf":[],"yoast_head":"<!-- This site is optimized with the Yoast SEO plugin v27.5 - https:\/\/yoast.com\/product\/yoast-seo-wordpress\/ -->\n<title>iWay liefert Activ Fitness neue schweizweite VoIP-Telefoniel\u00f6sung - Organisator<\/title>\n<meta name=\"description\" content=\"Der Internet-Serviceanbieter iWay stattet die Fitness-Center von Activ Fitness mit einer neuen skalierbaren VoIP-Telefoniel\u00f6sung aus.\" \/>\n<meta name=\"robots\" content=\"index, follow, max-snippet:-1, max-image-preview:large, max-video-preview:-1\" \/>\n<link rel=\"canonical\" href=\"https:\/\/www.organisator.ch\/en\/management\/it\/2023-02-22\/iway-liefert-activ-fitness-neue-schweizweite-voip-telefonieloesung\/\" \/>\n<meta property=\"og:locale\" content=\"en_US\" \/>\n<meta property=\"og:type\" content=\"article\" \/>\n<meta property=\"og:title\" content=\"iWay liefert Activ Fitness neue schweizweite VoIP-Telefoniel\u00f6sung\" \/>\n<meta property=\"og:description\" content=\"Der Internet-Serviceanbieter iWay stattet die Fitness-Center von Activ Fitness mit einer neuen skalierbaren VoIP-Telefoniel\u00f6sung aus.\" \/>\n<meta property=\"og:url\" content=\"https:\/\/www.organisator.ch\/en\/management\/it\/2023-02-22\/iway-liefert-activ-fitness-neue-schweizweite-voip-telefonieloesung\/\" \/>\n<meta property=\"og:site_name\" content=\"Organisator\" \/>\n<meta property=\"article:publisher\" content=\"https:\/\/www.facebook.com\/OrganisatorFachmagazin\" \/>\n<meta property=\"article:published_time\" content=\"2023-02-22T07:17:46+00:00\" \/>\n<meta property=\"og:image\" content=\"https:\/\/www.organisator.ch\/wp-content\/uploads\/2023\/02\/iWay-liefert-Activ-Fitness-neue-schweizweite-VoIP-Telefonieloesung_Organisator.jpg\" \/>\n\t<meta property=\"og:image:width\" content=\"680\" \/>\n\t<meta property=\"og:image:height\" content=\"510\" \/>\n\t<meta property=\"og:image:type\" content=\"image\/jpeg\" \/>\n<meta name=\"author\" content=\"thomas.berner\" \/>\n<meta name=\"twitter:card\" content=\"summary_large_image\" \/>\n<meta name=\"twitter:title\" content=\"#iWay liefert Activ Fitness neue schweizweite #VoIP-Telefoniel\u00f6sung\" \/>\n<meta name=\"twitter:description\" content=\"Der #Internet-Serviceanbieter #iWay stattet die Fitness-Center von Activ Fitness mit einer neuen skalierbaren #VoIP-Telefoniel\u00f6sung aus.\" \/>\n<meta name=\"twitter:image\" content=\"https:\/\/www.organisator.ch\/wp-content\/uploads\/2023\/02\/iWay-liefert-Activ-Fitness-neue-schweizweite-VoIP-Telefonieloesung_Organisator.jpg\" \/>\n<script type=\"application\/ld+json\" class=\"yoast-schema-graph\">{\"@context\":\"https:\\\/\\\/schema.org\",\"@graph\":[{\"@type\":\"Article\",\"@id\":\"https:\\\/\\\/www.organisator.ch\\\/management\\\/it\\\/2023-02-22\\\/iway-liefert-activ-fitness-neue-schweizweite-voip-telefonieloesung\\\/#article\",\"isPartOf\":{\"@id\":\"https:\\\/\\\/www.organisator.ch\\\/management\\\/it\\\/2023-02-22\\\/iway-liefert-activ-fitness-neue-schweizweite-voip-telefonieloesung\\\/\"},\"author\":{\"name\":\"thomas.berner\",\"@id\":\"https:\\\/\\\/www.organisator.ch\\\/#\\\/schema\\\/person\\\/6f650f90b2842cd4c0cc334b4e36f67e\"},\"headline\":\"iWay liefert Activ Fitness neue schweizweite VoIP-Telefoniel\u00f6sung\",\"datePublished\":\"2023-02-22T07:17:46+00:00\",\"mainEntityOfPage\":{\"@id\":\"https:\\\/\\\/www.organisator.ch\\\/management\\\/it\\\/2023-02-22\\\/iway-liefert-activ-fitness-neue-schweizweite-voip-telefonieloesung\\\/\"},\"wordCount\":351,\"publisher\":{\"@id\":\"https:\\\/\\\/www.organisator.ch\\\/#organization\"},\"image\":{\"@id\":\"https:\\\/\\\/www.organisator.ch\\\/management\\\/it\\\/2023-02-22\\\/iway-liefert-activ-fitness-neue-schweizweite-voip-telefonieloesung\\\/#primaryimage\"},\"thumbnailUrl\":\"https:\\\/\\\/www.organisator.ch\\\/wp-content\\\/uploads\\\/2023\\\/02\\\/iWay-liefert-Activ-Fitness-neue-schweizweite-VoIP-Telefonieloesung_Organisator.jpg\",\"keywords\":[\"IT\",\"Telefonie\",\"Telekommunikation\",\"Unternehmen\"],\"articleSection\":[\"IT\"],\"inLanguage\":\"en-US\"},{\"@type\":\"WebPage\",\"@id\":\"https:\\\/\\\/www.organisator.ch\\\/management\\\/it\\\/2023-02-22\\\/iway-liefert-activ-fitness-neue-schweizweite-voip-telefonieloesung\\\/\",\"url\":\"https:\\\/\\\/www.organisator.ch\\\/management\\\/it\\\/2023-02-22\\\/iway-liefert-activ-fitness-neue-schweizweite-voip-telefonieloesung\\\/\",\"name\":\"iWay liefert Activ Fitness neue schweizweite VoIP-Telefoniel\u00f6sung - Organisator\",\"isPartOf\":{\"@id\":\"https:\\\/\\\/www.organisator.ch\\\/#website\"},\"primaryImageOfPage\":{\"@id\":\"https:\\\/\\\/www.organisator.ch\\\/management\\\/it\\\/2023-02-22\\\/iway-liefert-activ-fitness-neue-schweizweite-voip-telefonieloesung\\\/#primaryimage\"},\"image\":{\"@id\":\"https:\\\/\\\/www.organisator.ch\\\/management\\\/it\\\/2023-02-22\\\/iway-liefert-activ-fitness-neue-schweizweite-voip-telefonieloesung\\\/#primaryimage\"},\"thumbnailUrl\":\"https:\\\/\\\/www.organisator.ch\\\/wp-content\\\/uploads\\\/2023\\\/02\\\/iWay-liefert-Activ-Fitness-neue-schweizweite-VoIP-Telefonieloesung_Organisator.jpg\",\"datePublished\":\"2023-02-22T07:17:46+00:00\",\"description\":\"Der Internet-Serviceanbieter iWay stattet die Fitness-Center von Activ Fitness mit einer neuen skalierbaren VoIP-Telefoniel\u00f6sung aus.\",\"breadcrumb\":{\"@id\":\"https:\\\/\\\/www.organisator.ch\\\/management\\\/it\\\/2023-02-22\\\/iway-liefert-activ-fitness-neue-schweizweite-voip-telefonieloesung\\\/#breadcrumb\"},\"inLanguage\":\"en-US\",\"potentialAction\":[{\"@type\":\"ReadAction\",\"target\":[\"https:\\\/\\\/www.organisator.ch\\\/management\\\/it\\\/2023-02-22\\\/iway-liefert-activ-fitness-neue-schweizweite-voip-telefonieloesung\\\/\"]}]},{\"@type\":\"ImageObject\",\"inLanguage\":\"en-US\",\"@id\":\"https:\\\/\\\/www.organisator.ch\\\/management\\\/it\\\/2023-02-22\\\/iway-liefert-activ-fitness-neue-schweizweite-voip-telefonieloesung\\\/#primaryimage\",\"url\":\"https:\\\/\\\/www.organisator.ch\\\/wp-content\\\/uploads\\\/2023\\\/02\\\/iWay-liefert-Activ-Fitness-neue-schweizweite-VoIP-Telefonieloesung_Organisator.jpg\",\"contentUrl\":\"https:\\\/\\\/www.organisator.ch\\\/wp-content\\\/uploads\\\/2023\\\/02\\\/iWay-liefert-Activ-Fitness-neue-schweizweite-VoIP-Telefonieloesung_Organisator.jpg\"},{\"@type\":\"BreadcrumbList\",\"@id\":\"https:\\\/\\\/www.organisator.ch\\\/management\\\/it\\\/2023-02-22\\\/iway-liefert-activ-fitness-neue-schweizweite-voip-telefonieloesung\\\/#breadcrumb\",\"itemListElement\":[{\"@type\":\"ListItem\",\"position\":1,\"name\":\"Home\",\"item\":\"https:\\\/\\\/www.organisator.ch\\\/\"},{\"@type\":\"ListItem\",\"position\":2,\"name\":\"iWay liefert Activ Fitness neue schweizweite VoIP-Telefoniel\u00f6sung\"}]},{\"@type\":\"WebSite\",\"@id\":\"https:\\\/\\\/www.organisator.ch\\\/#website\",\"url\":\"https:\\\/\\\/www.organisator.ch\\\/\",\"name\":\"Organisator\",\"description\":\"Kompetent. Praxisnah. Der ORGANISATOR bereitet in 10 Ausgaben pro Jahr die wesentlichen Themen f\u00fcr F\u00fchrungskr\u00e4fte von KMU auf.\",\"publisher\":{\"@id\":\"https:\\\/\\\/www.organisator.ch\\\/#organization\"},\"potentialAction\":[{\"@type\":\"SearchAction\",\"target\":{\"@type\":\"EntryPoint\",\"urlTemplate\":\"https:\\\/\\\/www.organisator.ch\\\/?s={search_term_string}\"},\"query-input\":{\"@type\":\"PropertyValueSpecification\",\"valueRequired\":true,\"valueName\":\"search_term_string\"}}],\"inLanguage\":\"en-US\"},{\"@type\":\"Organization\",\"@id\":\"https:\\\/\\\/www.organisator.ch\\\/#organization\",\"name\":\"Organisator\",\"url\":\"https:\\\/\\\/www.organisator.ch\\\/\",\"logo\":{\"@type\":\"ImageObject\",\"inLanguage\":\"en-US\",\"@id\":\"https:\\\/\\\/www.organisator.ch\\\/#\\\/schema\\\/logo\\\/image\\\/\",\"url\":\"https:\\\/\\\/www.organisator.ch\\\/wp-content\\\/uploads\\\/2022\\\/01\\\/Logo_Organisator_Website.png\",\"contentUrl\":\"https:\\\/\\\/www.organisator.ch\\\/wp-content\\\/uploads\\\/2022\\\/01\\\/Logo_Organisator_Website.png\",\"width\":800,\"height\":77,\"caption\":\"Organisator\"},\"image\":{\"@id\":\"https:\\\/\\\/www.organisator.ch\\\/#\\\/schema\\\/logo\\\/image\\\/\"},\"sameAs\":[\"https:\\\/\\\/www.facebook.com\\\/OrganisatorFachmagazin\",\"https:\\\/\\\/www.linkedin.com\\\/showcase\\\/organisator-das-magazin-fr-kmu\",\"https:\\\/\\\/www.xing.com\\\/news\\\/pages\\\/organisator-ch-695\",\"https:\\\/\\\/www.youtube.com\\\/channel\\\/UCGP2Sq0iWaZwT3BdIAQFYpw\"]},{\"@type\":\"Person\",\"@id\":\"https:\\\/\\\/www.organisator.ch\\\/#\\\/schema\\\/person\\\/6f650f90b2842cd4c0cc334b4e36f67e\",\"name\":\"thomas.berner\",\"image\":{\"@type\":\"ImageObject\",\"inLanguage\":\"en-US\",\"@id\":\"https:\\\/\\\/secure.gravatar.com\\\/avatar\\\/ac5001d2a36cb6c6cd3e50789007ffca834b477b74a2144564522e944eabff61?s=96&d=mm&r=g\",\"url\":\"https:\\\/\\\/secure.gravatar.com\\\/avatar\\\/ac5001d2a36cb6c6cd3e50789007ffca834b477b74a2144564522e944eabff61?s=96&d=mm&r=g\",\"contentUrl\":\"https:\\\/\\\/secure.gravatar.com\\\/avatar\\\/ac5001d2a36cb6c6cd3e50789007ffca834b477b74a2144564522e944eabff61?s=96&d=mm&r=g\",\"caption\":\"thomas.berner\"},\"url\":\"https:\\\/\\\/www.organisator.ch\\\/en\\\/author\\\/thomas-berner\\\/\"}]}<\/script>\n<!-- \/ Yoast SEO plugin. -->","yoast_head_json":{"title":"iWay delivers new nationwide VoIP telephony solution to Activ Fitness - Organizer","description":"Internet service provider iWay is equipping Activ Fitness' fitness centers with a new scalable VoIP telephony solution.","robots":{"index":"index","follow":"follow","max-snippet":"max-snippet:-1","max-image-preview":"max-image-preview:large","max-video-preview":"max-video-preview:-1"},"canonical":"https:\/\/www.organisator.ch\/en\/management\/it\/2023-02-22\/iway-liefert-activ-fitness-neue-schweizweite-voip-telefonieloesung\/","og_locale":"en_US","og_type":"article","og_title":"iWay liefert Activ Fitness neue schweizweite VoIP-Telefoniel\u00f6sung","og_description":"Der Internet-Serviceanbieter iWay stattet die Fitness-Center von Activ Fitness mit einer neuen skalierbaren VoIP-Telefoniel\u00f6sung aus.","og_url":"https:\/\/www.organisator.ch\/en\/management\/it\/2023-02-22\/iway-liefert-activ-fitness-neue-schweizweite-voip-telefonieloesung\/","og_site_name":"Organisator","article_publisher":"https:\/\/www.facebook.com\/OrganisatorFachmagazin","article_published_time":"2023-02-22T07:17:46+00:00","og_image":[{"width":680,"height":510,"url":"https:\/\/www.organisator.ch\/wp-content\/uploads\/2023\/02\/iWay-liefert-Activ-Fitness-neue-schweizweite-VoIP-Telefonieloesung_Organisator.jpg","type":"image\/jpeg"}],"author":"thomas.berner","twitter_card":"summary_large_image","twitter_title":"#iWay liefert Activ Fitness neue schweizweite #VoIP-Telefoniel\u00f6sung","twitter_description":"Der #Internet-Serviceanbieter #iWay stattet die Fitness-Center von Activ Fitness mit einer neuen skalierbaren #VoIP-Telefoniel\u00f6sung aus.","twitter_image":"https:\/\/www.organisator.ch\/wp-content\/uploads\/2023\/02\/iWay-liefert-Activ-Fitness-neue-schweizweite-VoIP-Telefonieloesung_Organisator.jpg","schema":{"@context":"https:\/\/schema.org","@graph":[{"@type":"Article","@id":"https:\/\/www.organisator.ch\/management\/it\/2023-02-22\/iway-liefert-activ-fitness-neue-schweizweite-voip-telefonieloesung\/#article","isPartOf":{"@id":"https:\/\/www.organisator.ch\/management\/it\/2023-02-22\/iway-liefert-activ-fitness-neue-schweizweite-voip-telefonieloesung\/"},"author":{"name":"thomas.berner","@id":"https:\/\/www.organisator.ch\/#\/schema\/person\/6f650f90b2842cd4c0cc334b4e36f67e"},"headline":"iWay liefert Activ Fitness neue schweizweite VoIP-Telefoniel\u00f6sung","datePublished":"2023-02-22T07:17:46+00:00","mainEntityOfPage":{"@id":"https:\/\/www.organisator.ch\/management\/it\/2023-02-22\/iway-liefert-activ-fitness-neue-schweizweite-voip-telefonieloesung\/"},"wordCount":351,"publisher":{"@id":"https:\/\/www.organisator.ch\/#organization"},"image":{"@id":"https:\/\/www.organisator.ch\/management\/it\/2023-02-22\/iway-liefert-activ-fitness-neue-schweizweite-voip-telefonieloesung\/#primaryimage"},"thumbnailUrl":"https:\/\/www.organisator.ch\/wp-content\/uploads\/2023\/02\/iWay-liefert-Activ-Fitness-neue-schweizweite-VoIP-Telefonieloesung_Organisator.jpg","keywords":["IT","Telefonie","Telekommunikation","Unternehmen"],"articleSection":["IT"],"inLanguage":"en-US"},{"@type":"WebPage","@id":"https:\/\/www.organisator.ch\/management\/it\/2023-02-22\/iway-liefert-activ-fitness-neue-schweizweite-voip-telefonieloesung\/","url":"https:\/\/www.organisator.ch\/management\/it\/2023-02-22\/iway-liefert-activ-fitness-neue-schweizweite-voip-telefonieloesung\/","name":"iWay delivers new nationwide VoIP telephony solution to Activ Fitness - Organizer","isPartOf":{"@id":"https:\/\/www.organisator.ch\/#website"},"primaryImageOfPage":{"@id":"https:\/\/www.organisator.ch\/management\/it\/2023-02-22\/iway-liefert-activ-fitness-neue-schweizweite-voip-telefonieloesung\/#primaryimage"},"image":{"@id":"https:\/\/www.organisator.ch\/management\/it\/2023-02-22\/iway-liefert-activ-fitness-neue-schweizweite-voip-telefonieloesung\/#primaryimage"},"thumbnailUrl":"https:\/\/www.organisator.ch\/wp-content\/uploads\/2023\/02\/iWay-liefert-Activ-Fitness-neue-schweizweite-VoIP-Telefonieloesung_Organisator.jpg","datePublished":"2023-02-22T07:17:46+00:00","description":"Internet service provider iWay is equipping Activ Fitness' fitness centers with a new scalable VoIP telephony solution.","breadcrumb":{"@id":"https:\/\/www.organisator.ch\/management\/it\/2023-02-22\/iway-liefert-activ-fitness-neue-schweizweite-voip-telefonieloesung\/#breadcrumb"},"inLanguage":"en-US","potentialAction":[{"@type":"ReadAction","target":["https:\/\/www.organisator.ch\/management\/it\/2023-02-22\/iway-liefert-activ-fitness-neue-schweizweite-voip-telefonieloesung\/"]}]},{"@type":"ImageObject","inLanguage":"en-US","@id":"https:\/\/www.organisator.ch\/management\/it\/2023-02-22\/iway-liefert-activ-fitness-neue-schweizweite-voip-telefonieloesung\/#primaryimage","url":"https:\/\/www.organisator.ch\/wp-content\/uploads\/2023\/02\/iWay-liefert-Activ-Fitness-neue-schweizweite-VoIP-Telefonieloesung_Organisator.jpg","contentUrl":"https:\/\/www.organisator.ch\/wp-content\/uploads\/2023\/02\/iWay-liefert-Activ-Fitness-neue-schweizweite-VoIP-Telefonieloesung_Organisator.jpg"},{"@type":"BreadcrumbList","@id":"https:\/\/www.organisator.ch\/management\/it\/2023-02-22\/iway-liefert-activ-fitness-neue-schweizweite-voip-telefonieloesung\/#breadcrumb","itemListElement":[{"@type":"ListItem","position":1,"name":"Home","item":"https:\/\/www.organisator.ch\/"},{"@type":"ListItem","position":2,"name":"iWay liefert Activ Fitness neue schweizweite VoIP-Telefoniel\u00f6sung"}]},{"@type":"WebSite","@id":"https:\/\/www.organisator.ch\/#website","url":"https:\/\/www.organisator.ch\/","name":"Organizer","description":"Competent. Practical. In 10 issues per year, ORGANISATOR presents the essential topics for managers of SMEs.","publisher":{"@id":"https:\/\/www.organisator.ch\/#organization"},"potentialAction":[{"@type":"SearchAction","target":{"@type":"EntryPoint","urlTemplate":"https:\/\/www.organisator.ch\/?s={search_term_string}"},"query-input":{"@type":"PropertyValueSpecification","valueRequired":true,"valueName":"search_term_string"}}],"inLanguage":"en-US"},{"@type":"Organization","@id":"https:\/\/www.organisator.ch\/#organization","name":"Organizer","url":"https:\/\/www.organisator.ch\/","logo":{"@type":"ImageObject","inLanguage":"en-US","@id":"https:\/\/www.organisator.ch\/#\/schema\/logo\/image\/","url":"https:\/\/www.organisator.ch\/wp-content\/uploads\/2022\/01\/Logo_Organisator_Website.png","contentUrl":"https:\/\/www.organisator.ch\/wp-content\/uploads\/2022\/01\/Logo_Organisator_Website.png","width":800,"height":77,"caption":"Organisator"},"image":{"@id":"https:\/\/www.organisator.ch\/#\/schema\/logo\/image\/"},"sameAs":["https:\/\/www.facebook.com\/OrganisatorFachmagazin","https:\/\/www.linkedin.com\/showcase\/organisator-das-magazin-fr-kmu","https:\/\/www.xing.com\/news\/pages\/organisator-ch-695","https:\/\/www.youtube.com\/channel\/UCGP2Sq0iWaZwT3BdIAQFYpw"]},{"@type":"Person","@id":"https:\/\/www.organisator.ch\/#\/schema\/person\/6f650f90b2842cd4c0cc334b4e36f67e","name":"thomas.berner","image":{"@type":"ImageObject","inLanguage":"en-US","@id":"https:\/\/secure.gravatar.com\/avatar\/ac5001d2a36cb6c6cd3e50789007ffca834b477b74a2144564522e944eabff61?s=96&d=mm&r=g","url":"https:\/\/secure.gravatar.com\/avatar\/ac5001d2a36cb6c6cd3e50789007ffca834b477b74a2144564522e944eabff61?s=96&d=mm&r=g","contentUrl":"https:\/\/secure.gravatar.com\/avatar\/ac5001d2a36cb6c6cd3e50789007ffca834b477b74a2144564522e944eabff61?s=96&d=mm&r=g","caption":"thomas.berner"},"url":"https:\/\/www.organisator.ch\/en\/author\/thomas-berner\/"}]}},"_links":{"self":[{"href":"https:\/\/www.organisator.ch\/en\/wp-json\/wp\/v2\/posts\/18995","targetHints":{"allow":["GET"]}}],"collection":[{"href":"https:\/\/www.organisator.ch\/en\/wp-json\/wp\/v2\/posts"}],"about":[{"href":"https:\/\/www.organisator.ch\/en\/wp-json\/wp\/v2\/types\/post"}],"author":[{"embeddable":true,"href":"https:\/\/www.organisator.ch\/en\/wp-json\/wp\/v2\/users\/4"}],"replies":[{"embeddable":true,"href":"https:\/\/www.organisator.ch\/en\/wp-json\/wp\/v2\/comments?post=18995"}],"version-history":[{"count":1,"href":"https:\/\/www.organisator.ch\/en\/wp-json\/wp\/v2\/posts\/18995\/revisions"}],"predecessor-version":[{"id":18997,"href":"https:\/\/www.organisator.ch\/en\/wp-json\/wp\/v2\/posts\/18995\/revisions\/18997"}],"wp:attachment":[{"href":"https:\/\/www.organisator.ch\/en\/wp-json\/wp\/v2\/media?parent=18995"}],"wp:term":[{"taxonomy":"category","embeddable":true,"href":"https:\/\/www.organisator.ch\/en\/wp-json\/wp\/v2\/categories?post=18995"},{"taxonomy":"post_tag","embeddable":true,"href":"https:\/\/www.organisator.ch\/en\/wp-json\/wp\/v2\/tags?post=18995"}],"curies":[{"name":"wp","href":"https:\/\/api.w.org\/{rel}","templated":true}]}}