{"id":19002,"date":"2023-02-24T09:00:19","date_gmt":"2023-02-24T08:00:19","guid":{"rendered":"https:\/\/www.organisator.ch\/?p=19002"},"modified":"2023-02-24T08:52:25","modified_gmt":"2023-02-24T07:52:25","slug":"gut-essen-ohne-eigenes-mitarbeiterrestaurant-geht-mit-gustav","status":"publish","type":"post","link":"https:\/\/www.organisator.ch\/en\/allgemein\/2023-02-24\/gut-essen-ohne-eigenes-mitarbeiterrestaurant-geht-mit-gustav\/","title":{"rendered":"Eating well without your own staff restaurant? It's possible - with gustav."},"content":{"rendered":"<figure id=\"attachment_19003\" aria-describedby=\"caption-attachment-19003\" style=\"width: 680px\" class=\"wp-caption alignnone\"><img loading=\"lazy\" decoding=\"async\" class=\"size-full wp-image-19003\" src=\"https:\/\/www.organisator.ch\/wp-content\/uploads\/2023\/02\/Gut-essen-ohne-eigenes-Mitarbeiterrestaurant-Geht-\u2013-mit-gustav-1_Organisator.jpg\" alt=\"\" width=\"680\" height=\"453\" srcset=\"https:\/\/www.organisator.ch\/wp-content\/uploads\/2023\/02\/Gut-essen-ohne-eigenes-Mitarbeiterrestaurant-Geht-\u2013-mit-gustav-1_Organisator.jpg 680w, https:\/\/www.organisator.ch\/wp-content\/uploads\/2023\/02\/Gut-essen-ohne-eigenes-Mitarbeiterrestaurant-Geht-\u2013-mit-gustav-1_Organisator-18x12.jpg 18w, https:\/\/www.organisator.ch\/wp-content\/uploads\/2023\/02\/Gut-essen-ohne-eigenes-Mitarbeiterrestaurant-Geht-\u2013-mit-gustav-1_Organisator-375x250.jpg 375w, https:\/\/www.organisator.ch\/wp-content\/uploads\/2023\/02\/Gut-essen-ohne-eigenes-Mitarbeiterrestaurant-Geht-\u2013-mit-gustav-1_Organisator-525x350.jpg 525w\" sizes=\"auto, (max-width: 680px) 100vw, 680px\" \/><figcaption id=\"caption-attachment-19003\" class=\"wp-caption-text\">The Smartfridge gustav provides healthy catering at the workplace. (Image: SV Group)<\/figcaption><\/figure>\n<p>\"Food waste\" is on everyone's lips. Not literally, of course. But the topic of food waste has been a hot topic in Switzerland - at least since reader reporters sounded the alarm at \"20 Minuten\" in September 2022: terrible pictures of waste containers filled to the brim with baked goods and hundreds of spoiled, still packaged menus at a disposal site caused a lack of understanding.<\/p>\n<p>The concern is well-founded: 91.8 kilos of food thrown away per capita each year is no laughing matter. Around 750,000 tons of food waste per year, whose food, climate and monetary value is forfeited, is a clear call for more sustainability in food management.<\/p>\n<p>Private individuals are responding to the need for action with targeted purchases and even cooking courses to prevent food waste, such as those offered by the Aargau municipality of Kirchdorf. But employee catering also has a responsibility.<\/p>\n<p>How to perceive them shows the <a href=\"https:\/\/www.sv-group.ch\/de\/\">SV Group<\/a> with its smart fridge gustav. The smart fridge is not only the simplest autonomous food station, where employees can select and consume up to 300 delicious and healthy snacks, seasonal, nutritious or international SV menus and drinks 24\/7 using \"Tap, Grab &amp; Go\" (while billing and payment take place automatically on the app). A key benefit of gustav is also that it reduces food waste.<\/p>\n<figure id=\"attachment_19004\" aria-describedby=\"caption-attachment-19004\" style=\"width: 667px\" class=\"wp-caption alignnone\"><img loading=\"lazy\" decoding=\"async\" class=\"size-medium wp-image-19004\" src=\"https:\/\/www.organisator.ch\/wp-content\/uploads\/2023\/02\/Gut-essen-ohne-eigenes-Mitarbeiterrestaurant-Geht-\u2013-mit-gustav-2_Organisator-667x1000.jpg\" alt=\"\" width=\"667\" height=\"1000\" srcset=\"https:\/\/www.organisator.ch\/wp-content\/uploads\/2023\/02\/Gut-essen-ohne-eigenes-Mitarbeiterrestaurant-Geht-\u2013-mit-gustav-2_Organisator-667x1000.jpg 667w, https:\/\/www.organisator.ch\/wp-content\/uploads\/2023\/02\/Gut-essen-ohne-eigenes-Mitarbeiterrestaurant-Geht-\u2013-mit-gustav-2_Organisator-8x12.jpg 8w, https:\/\/www.organisator.ch\/wp-content\/uploads\/2023\/02\/Gut-essen-ohne-eigenes-Mitarbeiterrestaurant-Geht-\u2013-mit-gustav-2_Organisator-200x300.jpg 200w, https:\/\/www.organisator.ch\/wp-content\/uploads\/2023\/02\/Gut-essen-ohne-eigenes-Mitarbeiterrestaurant-Geht-\u2013-mit-gustav-2_Organisator-233x350.jpg 233w, https:\/\/www.organisator.ch\/wp-content\/uploads\/2023\/02\/Gut-essen-ohne-eigenes-Mitarbeiterrestaurant-Geht-\u2013-mit-gustav-2_Organisator-533x800.jpg 533w, https:\/\/www.organisator.ch\/wp-content\/uploads\/2023\/02\/Gut-essen-ohne-eigenes-Mitarbeiterrestaurant-Geht-\u2013-mit-gustav-2_Organisator.jpg 680w\" sizes=\"auto, (max-width: 667px) 100vw, 667px\" \/><figcaption id=\"caption-attachment-19004\" class=\"wp-caption-text\">(Image: SV Group)<\/figcaption><\/figure>\n<p>\u279c The intelligent Smartfridge analyzes and knows the culinary preferences of its guests. This enables SV to plan the filling and delivery of the popular menus precisely, in line with demand, and individually. This results in less food waste - because at gustav, what people like to eat is put on the table.<\/p>\n<p>\u279c High-quality fresh produce from SV-Manufaktur is ideally protected against contamination and recontamination during production in the pressurized clean room and thus has a longer shelf life. This additionally reduces the likelihood of throwaway.<\/p>\n<p>\u279c Items with use-by dates are offered at half price 10 hours before expiration, i.e., starting at 2 p.m.; customers receive push messages via app about the anti-food waste discount.<\/p>\n<p>\u279c Unsold food is collected in German-speaking Switzerland before midnight and placed on the food platform toogoodtogo.com at a further reduced price.<\/p>\n<p>\u279c The very last food leftover is recycled for biogas production in accordance with the Swiss Food Ordinance - which means that even leftovers that are no longer edible can still be turned into something good.<\/p>\n<p>gustav and SV have an overall sustainability record that is impressive.<\/p>\n<ul>\n<li>gustav's latest version cools with propane. Propane has a global warming potential value of 3, conventional refrigerants in competitor refrigerators have one of 1036.<\/li>\n<li>At its sister company, Office Delivery gustav, SV relies fully on reusable tableware. The delivery service's means of transport operate in a certified climate-neutral manner.<\/li>\n<li>In addition, the use of recycled and further recyclable cardboard packaging is a unique selling point of SV. Unlike competitors, plastic is reduced to a minimum - for the benefit of the environment.<\/li>\n<li>Finally, SV systematically measures and reduces food waste in all its restaurants; at SV events, guests are kindly invited to take home leftover tidbits.<\/li>\n<li>The non-profit SV Foundation and majority shareholder of SV supports projects and organizations working to promote healthy nutrition and reduce food waste (e.g. Foodsave Bankette, Schweizer Tafel, Madame Frigo, Partage Foundation and Tischlein deck dich).<\/li>\n<\/ul>\n<p>gustav Smartfridge feeds workers well, sustainably and revitalizes many an SME in the food desert with smart, intuitive and simple technology. Moreover, sustainability has been an integral part of SV's strategy for many years.<\/p>\n<figure id=\"attachment_19005\" aria-describedby=\"caption-attachment-19005\" style=\"width: 680px\" class=\"wp-caption alignnone\"><img loading=\"lazy\" decoding=\"async\" class=\"size-full wp-image-19005\" src=\"https:\/\/www.organisator.ch\/wp-content\/uploads\/2023\/02\/Gut-essen-ohne-eigenes-Mitarbeiterrestaurant-Geht-\u2013-mit-gustav-3_Organisator.jpg\" alt=\"\" width=\"680\" height=\"454\" srcset=\"https:\/\/www.organisator.ch\/wp-content\/uploads\/2023\/02\/Gut-essen-ohne-eigenes-Mitarbeiterrestaurant-Geht-\u2013-mit-gustav-3_Organisator.jpg 680w, https:\/\/www.organisator.ch\/wp-content\/uploads\/2023\/02\/Gut-essen-ohne-eigenes-Mitarbeiterrestaurant-Geht-\u2013-mit-gustav-3_Organisator-18x12.jpg 18w, https:\/\/www.organisator.ch\/wp-content\/uploads\/2023\/02\/Gut-essen-ohne-eigenes-Mitarbeiterrestaurant-Geht-\u2013-mit-gustav-3_Organisator-375x250.jpg 375w, https:\/\/www.organisator.ch\/wp-content\/uploads\/2023\/02\/Gut-essen-ohne-eigenes-Mitarbeiterrestaurant-Geht-\u2013-mit-gustav-3_Organisator-524x350.jpg 524w\" sizes=\"auto, (max-width: 680px) 100vw, 680px\" \/><figcaption id=\"caption-attachment-19005\" class=\"wp-caption-text\">(Image: SV Group)<\/figcaption><\/figure>\n<blockquote>\n<h3>Test now!<\/h3>\n<p><a href=\"http:\/\/www.gustavmarket.ch\"><img loading=\"lazy\" decoding=\"async\" class=\"alignnone wp-image-19006 size-full\" src=\"https:\/\/www.organisator.ch\/wp-content\/uploads\/2023\/02\/Gut-essen-ohne-eigenes-Mitarbeiterrestaurant-Geht-\u2013-mit-gustav-4_Organisator.jpg\" alt=\"\" width=\"340\" height=\"340\" srcset=\"https:\/\/www.organisator.ch\/wp-content\/uploads\/2023\/02\/Gut-essen-ohne-eigenes-Mitarbeiterrestaurant-Geht-\u2013-mit-gustav-4_Organisator.jpg 340w, https:\/\/www.organisator.ch\/wp-content\/uploads\/2023\/02\/Gut-essen-ohne-eigenes-Mitarbeiterrestaurant-Geht-\u2013-mit-gustav-4_Organisator-150x150.jpg 150w, https:\/\/www.organisator.ch\/wp-content\/uploads\/2023\/02\/Gut-essen-ohne-eigenes-Mitarbeiterrestaurant-Geht-\u2013-mit-gustav-4_Organisator-12x12.jpg 12w, https:\/\/www.organisator.ch\/wp-content\/uploads\/2023\/02\/Gut-essen-ohne-eigenes-Mitarbeiterrestaurant-Geht-\u2013-mit-gustav-4_Organisator-300x300.jpg 300w, https:\/\/www.organisator.ch\/wp-content\/uploads\/2023\/02\/Gut-essen-ohne-eigenes-Mitarbeiterrestaurant-Geht-\u2013-mit-gustav-4_Organisator-250x250.jpg 250w\" sizes=\"auto, (max-width: 340px) 100vw, 340px\" \/><\/a><\/p>\n<p>gustav<br \/>\nWallisellenstrasse 57<br \/>\n8600 D\u00fcbendorf<br \/>\nWe will gladly advise you<br \/>\nT +41 79 518 84 54<br \/>\n<a href=\"mailto:info@gustavmarket.ch\">info@gustavmarket.ch<\/a><br \/>\n<a href=\"http:\/\/www.gustavmarket.ch\">www.gustavmarket.ch<\/a><\/p><\/blockquote>","protected":false},"excerpt":{"rendered":"<p>\u00abFood Waste\u00bb ist in aller Munde. Nat\u00fcrlich nicht wortw\u00f6rtlich. Aber das Thema Lebensmittelverschwendung bewegt die Schweiz \u2013 sp\u00e4testens, seit Leserreporter\u00adInnen im September 2022 bei \u00ab20 Minuten\u00bb Alarm schlugen: Schlimme Bilder von mit Backwaren randvollen Abfallcontainern und Hunderte verdorbener, noch verpackter Men\u00fcs auf einer Entsorgungsstelle sorgten f\u00fcr Verst\u00e4ndnislosigkeit. Die Besorgnis ist begr\u00fcndet: J\u00e4hrlich 91,8 Kilo weggeworfene [&hellip;]<\/p>\n","protected":false},"author":4,"featured_media":19004,"comment_status":"closed","ping_status":"closed","sticky":false,"template":"","format":"standard","meta":{"_acf_changed":false,"_yoast_wpseo_focuskw":"gustav","_yoast_wpseo_metadesc":"Der Smartfridge gustav ist eine intelligente Verpflegungs\u00adl\u00f6sung f\u00fcr Firmen, denen Mitarbeitende und die Nachhaltigkeit am Herzen liegen.","articlekey":"","footnotes":""},"categories":[1],"tags":[],"class_list":["post-19002","post","type-post","status-publish","format-standard","has-post-thumbnail","hentry","category-allgemein"],"acf":[],"yoast_head":"<!-- This site is optimized with the Yoast SEO plugin v27.5 - https:\/\/yoast.com\/product\/yoast-seo-wordpress\/ -->\n<title>Gut essen ohne eigenes Mitarbeiterrestaurant? Geht \u2013 mit gustav. - Organisator<\/title>\n<meta name=\"description\" content=\"Der Smartfridge gustav ist eine intelligente Verpflegungs\u00adl\u00f6sung f\u00fcr Firmen, denen Mitarbeitende und die Nachhaltigkeit am Herzen liegen.\" \/>\n<meta name=\"robots\" content=\"index, follow, max-snippet:-1, max-image-preview:large, max-video-preview:-1\" \/>\n<link rel=\"canonical\" href=\"https:\/\/www.organisator.ch\/en\/general\/2023-02-24\/gut-essen-ohne-eigenes-mitarbeiterrestaurant-geht-mit-gustav\/\" \/>\n<meta property=\"og:locale\" content=\"en_US\" \/>\n<meta property=\"og:type\" content=\"article\" \/>\n<meta property=\"og:title\" content=\"Gut essen ohne eigenes Mitarbeiterrestaurant? Geht \u2013 mit gustav. - Organisator\" \/>\n<meta property=\"og:description\" content=\"Der Smartfridge gustav ist eine intelligente Verpflegungs\u00adl\u00f6sung f\u00fcr Firmen, denen Mitarbeitende und die Nachhaltigkeit am Herzen liegen.\" \/>\n<meta property=\"og:url\" content=\"https:\/\/www.organisator.ch\/en\/general\/2023-02-24\/gut-essen-ohne-eigenes-mitarbeiterrestaurant-geht-mit-gustav\/\" \/>\n<meta property=\"og:site_name\" content=\"Organisator\" \/>\n<meta property=\"article:publisher\" content=\"https:\/\/www.facebook.com\/OrganisatorFachmagazin\" \/>\n<meta property=\"article:published_time\" content=\"2023-02-24T08:00:19+00:00\" \/>\n<meta property=\"og:image\" content=\"https:\/\/www.organisator.ch\/wp-content\/uploads\/2023\/02\/Gut-essen-ohne-eigenes-Mitarbeiterrestaurant-Geht-\u2013-mit-gustav-2_Organisator.jpg\" \/>\n\t<meta property=\"og:image:width\" content=\"680\" \/>\n\t<meta property=\"og:image:height\" content=\"1020\" \/>\n\t<meta property=\"og:image:type\" content=\"image\/jpeg\" \/>\n<meta name=\"author\" content=\"thomas.berner\" \/>\n<meta name=\"twitter:card\" content=\"summary_large_image\" \/>\n<script type=\"application\/ld+json\" class=\"yoast-schema-graph\">{\"@context\":\"https:\\\/\\\/schema.org\",\"@graph\":[{\"@type\":\"Article\",\"@id\":\"https:\\\/\\\/www.organisator.ch\\\/allgemein\\\/2023-02-24\\\/gut-essen-ohne-eigenes-mitarbeiterrestaurant-geht-mit-gustav\\\/#article\",\"isPartOf\":{\"@id\":\"https:\\\/\\\/www.organisator.ch\\\/allgemein\\\/2023-02-24\\\/gut-essen-ohne-eigenes-mitarbeiterrestaurant-geht-mit-gustav\\\/\"},\"author\":{\"name\":\"thomas.berner\",\"@id\":\"https:\\\/\\\/www.organisator.ch\\\/#\\\/schema\\\/person\\\/6f650f90b2842cd4c0cc334b4e36f67e\"},\"headline\":\"Gut essen ohne eigenes Mitarbeiterrestaurant? Geht \u2013 mit gustav.\",\"datePublished\":\"2023-02-24T08:00:19+00:00\",\"mainEntityOfPage\":{\"@id\":\"https:\\\/\\\/www.organisator.ch\\\/allgemein\\\/2023-02-24\\\/gut-essen-ohne-eigenes-mitarbeiterrestaurant-geht-mit-gustav\\\/\"},\"wordCount\":587,\"publisher\":{\"@id\":\"https:\\\/\\\/www.organisator.ch\\\/#organization\"},\"image\":{\"@id\":\"https:\\\/\\\/www.organisator.ch\\\/allgemein\\\/2023-02-24\\\/gut-essen-ohne-eigenes-mitarbeiterrestaurant-geht-mit-gustav\\\/#primaryimage\"},\"thumbnailUrl\":\"https:\\\/\\\/www.organisator.ch\\\/wp-content\\\/uploads\\\/2023\\\/02\\\/Gut-essen-ohne-eigenes-Mitarbeiterrestaurant-Geht-\u2013-mit-gustav-2_Organisator.jpg\",\"articleSection\":[\"Allgemein\"],\"inLanguage\":\"en-US\"},{\"@type\":\"WebPage\",\"@id\":\"https:\\\/\\\/www.organisator.ch\\\/allgemein\\\/2023-02-24\\\/gut-essen-ohne-eigenes-mitarbeiterrestaurant-geht-mit-gustav\\\/\",\"url\":\"https:\\\/\\\/www.organisator.ch\\\/allgemein\\\/2023-02-24\\\/gut-essen-ohne-eigenes-mitarbeiterrestaurant-geht-mit-gustav\\\/\",\"name\":\"Gut essen ohne eigenes Mitarbeiterrestaurant? Geht \u2013 mit gustav. - Organisator\",\"isPartOf\":{\"@id\":\"https:\\\/\\\/www.organisator.ch\\\/#website\"},\"primaryImageOfPage\":{\"@id\":\"https:\\\/\\\/www.organisator.ch\\\/allgemein\\\/2023-02-24\\\/gut-essen-ohne-eigenes-mitarbeiterrestaurant-geht-mit-gustav\\\/#primaryimage\"},\"image\":{\"@id\":\"https:\\\/\\\/www.organisator.ch\\\/allgemein\\\/2023-02-24\\\/gut-essen-ohne-eigenes-mitarbeiterrestaurant-geht-mit-gustav\\\/#primaryimage\"},\"thumbnailUrl\":\"https:\\\/\\\/www.organisator.ch\\\/wp-content\\\/uploads\\\/2023\\\/02\\\/Gut-essen-ohne-eigenes-Mitarbeiterrestaurant-Geht-\u2013-mit-gustav-2_Organisator.jpg\",\"datePublished\":\"2023-02-24T08:00:19+00:00\",\"description\":\"Der Smartfridge gustav ist eine intelligente Verpflegungs\u00adl\u00f6sung f\u00fcr Firmen, denen Mitarbeitende und die Nachhaltigkeit am Herzen liegen.\",\"breadcrumb\":{\"@id\":\"https:\\\/\\\/www.organisator.ch\\\/allgemein\\\/2023-02-24\\\/gut-essen-ohne-eigenes-mitarbeiterrestaurant-geht-mit-gustav\\\/#breadcrumb\"},\"inLanguage\":\"en-US\",\"potentialAction\":[{\"@type\":\"ReadAction\",\"target\":[\"https:\\\/\\\/www.organisator.ch\\\/allgemein\\\/2023-02-24\\\/gut-essen-ohne-eigenes-mitarbeiterrestaurant-geht-mit-gustav\\\/\"]}]},{\"@type\":\"ImageObject\",\"inLanguage\":\"en-US\",\"@id\":\"https:\\\/\\\/www.organisator.ch\\\/allgemein\\\/2023-02-24\\\/gut-essen-ohne-eigenes-mitarbeiterrestaurant-geht-mit-gustav\\\/#primaryimage\",\"url\":\"https:\\\/\\\/www.organisator.ch\\\/wp-content\\\/uploads\\\/2023\\\/02\\\/Gut-essen-ohne-eigenes-Mitarbeiterrestaurant-Geht-\u2013-mit-gustav-2_Organisator.jpg\",\"contentUrl\":\"https:\\\/\\\/www.organisator.ch\\\/wp-content\\\/uploads\\\/2023\\\/02\\\/Gut-essen-ohne-eigenes-Mitarbeiterrestaurant-Geht-\u2013-mit-gustav-2_Organisator.jpg\",\"width\":680,\"height\":1020,\"caption\":\"(Bild: SV Group)\"},{\"@type\":\"BreadcrumbList\",\"@id\":\"https:\\\/\\\/www.organisator.ch\\\/allgemein\\\/2023-02-24\\\/gut-essen-ohne-eigenes-mitarbeiterrestaurant-geht-mit-gustav\\\/#breadcrumb\",\"itemListElement\":[{\"@type\":\"ListItem\",\"position\":1,\"name\":\"Home\",\"item\":\"https:\\\/\\\/www.organisator.ch\\\/\"},{\"@type\":\"ListItem\",\"position\":2,\"name\":\"Gut essen ohne eigenes Mitarbeiterrestaurant? Geht \u2013 mit gustav.\"}]},{\"@type\":\"WebSite\",\"@id\":\"https:\\\/\\\/www.organisator.ch\\\/#website\",\"url\":\"https:\\\/\\\/www.organisator.ch\\\/\",\"name\":\"Organisator\",\"description\":\"Kompetent. Praxisnah. Der ORGANISATOR bereitet in 10 Ausgaben pro Jahr die wesentlichen Themen f\u00fcr F\u00fchrungskr\u00e4fte von KMU auf.\",\"publisher\":{\"@id\":\"https:\\\/\\\/www.organisator.ch\\\/#organization\"},\"potentialAction\":[{\"@type\":\"SearchAction\",\"target\":{\"@type\":\"EntryPoint\",\"urlTemplate\":\"https:\\\/\\\/www.organisator.ch\\\/?s={search_term_string}\"},\"query-input\":{\"@type\":\"PropertyValueSpecification\",\"valueRequired\":true,\"valueName\":\"search_term_string\"}}],\"inLanguage\":\"en-US\"},{\"@type\":\"Organization\",\"@id\":\"https:\\\/\\\/www.organisator.ch\\\/#organization\",\"name\":\"Organisator\",\"url\":\"https:\\\/\\\/www.organisator.ch\\\/\",\"logo\":{\"@type\":\"ImageObject\",\"inLanguage\":\"en-US\",\"@id\":\"https:\\\/\\\/www.organisator.ch\\\/#\\\/schema\\\/logo\\\/image\\\/\",\"url\":\"https:\\\/\\\/www.organisator.ch\\\/wp-content\\\/uploads\\\/2022\\\/01\\\/Logo_Organisator_Website.png\",\"contentUrl\":\"https:\\\/\\\/www.organisator.ch\\\/wp-content\\\/uploads\\\/2022\\\/01\\\/Logo_Organisator_Website.png\",\"width\":800,\"height\":77,\"caption\":\"Organisator\"},\"image\":{\"@id\":\"https:\\\/\\\/www.organisator.ch\\\/#\\\/schema\\\/logo\\\/image\\\/\"},\"sameAs\":[\"https:\\\/\\\/www.facebook.com\\\/OrganisatorFachmagazin\",\"https:\\\/\\\/www.linkedin.com\\\/showcase\\\/organisator-das-magazin-fr-kmu\",\"https:\\\/\\\/www.xing.com\\\/news\\\/pages\\\/organisator-ch-695\",\"https:\\\/\\\/www.youtube.com\\\/channel\\\/UCGP2Sq0iWaZwT3BdIAQFYpw\"]},{\"@type\":\"Person\",\"@id\":\"https:\\\/\\\/www.organisator.ch\\\/#\\\/schema\\\/person\\\/6f650f90b2842cd4c0cc334b4e36f67e\",\"name\":\"thomas.berner\",\"image\":{\"@type\":\"ImageObject\",\"inLanguage\":\"en-US\",\"@id\":\"https:\\\/\\\/secure.gravatar.com\\\/avatar\\\/ac5001d2a36cb6c6cd3e50789007ffca834b477b74a2144564522e944eabff61?s=96&d=mm&r=g\",\"url\":\"https:\\\/\\\/secure.gravatar.com\\\/avatar\\\/ac5001d2a36cb6c6cd3e50789007ffca834b477b74a2144564522e944eabff61?s=96&d=mm&r=g\",\"contentUrl\":\"https:\\\/\\\/secure.gravatar.com\\\/avatar\\\/ac5001d2a36cb6c6cd3e50789007ffca834b477b74a2144564522e944eabff61?s=96&d=mm&r=g\",\"caption\":\"thomas.berner\"},\"url\":\"https:\\\/\\\/www.organisator.ch\\\/en\\\/author\\\/thomas-berner\\\/\"}]}<\/script>\n<!-- \/ Yoast SEO plugin. -->","yoast_head_json":{"title":"Eating well without your own staff restaurant? It's possible - with gustav. - Organizer","description":"The Smartfridge gustav is a smart catering solution for companies that care about employees and sustainability.","robots":{"index":"index","follow":"follow","max-snippet":"max-snippet:-1","max-image-preview":"max-image-preview:large","max-video-preview":"max-video-preview:-1"},"canonical":"https:\/\/www.organisator.ch\/en\/general\/2023-02-24\/gut-essen-ohne-eigenes-mitarbeiterrestaurant-geht-mit-gustav\/","og_locale":"en_US","og_type":"article","og_title":"Gut essen ohne eigenes Mitarbeiterrestaurant? Geht \u2013 mit gustav. - Organisator","og_description":"Der Smartfridge gustav ist eine intelligente Verpflegungs\u00adl\u00f6sung f\u00fcr Firmen, denen Mitarbeitende und die Nachhaltigkeit am Herzen liegen.","og_url":"https:\/\/www.organisator.ch\/en\/general\/2023-02-24\/gut-essen-ohne-eigenes-mitarbeiterrestaurant-geht-mit-gustav\/","og_site_name":"Organisator","article_publisher":"https:\/\/www.facebook.com\/OrganisatorFachmagazin","article_published_time":"2023-02-24T08:00:19+00:00","og_image":[{"width":680,"height":1020,"url":"https:\/\/www.organisator.ch\/wp-content\/uploads\/2023\/02\/Gut-essen-ohne-eigenes-Mitarbeiterrestaurant-Geht-\u2013-mit-gustav-2_Organisator.jpg","type":"image\/jpeg"}],"author":"thomas.berner","twitter_card":"summary_large_image","schema":{"@context":"https:\/\/schema.org","@graph":[{"@type":"Article","@id":"https:\/\/www.organisator.ch\/allgemein\/2023-02-24\/gut-essen-ohne-eigenes-mitarbeiterrestaurant-geht-mit-gustav\/#article","isPartOf":{"@id":"https:\/\/www.organisator.ch\/allgemein\/2023-02-24\/gut-essen-ohne-eigenes-mitarbeiterrestaurant-geht-mit-gustav\/"},"author":{"name":"thomas.berner","@id":"https:\/\/www.organisator.ch\/#\/schema\/person\/6f650f90b2842cd4c0cc334b4e36f67e"},"headline":"Gut essen ohne eigenes Mitarbeiterrestaurant? Geht \u2013 mit gustav.","datePublished":"2023-02-24T08:00:19+00:00","mainEntityOfPage":{"@id":"https:\/\/www.organisator.ch\/allgemein\/2023-02-24\/gut-essen-ohne-eigenes-mitarbeiterrestaurant-geht-mit-gustav\/"},"wordCount":587,"publisher":{"@id":"https:\/\/www.organisator.ch\/#organization"},"image":{"@id":"https:\/\/www.organisator.ch\/allgemein\/2023-02-24\/gut-essen-ohne-eigenes-mitarbeiterrestaurant-geht-mit-gustav\/#primaryimage"},"thumbnailUrl":"https:\/\/www.organisator.ch\/wp-content\/uploads\/2023\/02\/Gut-essen-ohne-eigenes-Mitarbeiterrestaurant-Geht-\u2013-mit-gustav-2_Organisator.jpg","articleSection":["Allgemein"],"inLanguage":"en-US"},{"@type":"WebPage","@id":"https:\/\/www.organisator.ch\/allgemein\/2023-02-24\/gut-essen-ohne-eigenes-mitarbeiterrestaurant-geht-mit-gustav\/","url":"https:\/\/www.organisator.ch\/allgemein\/2023-02-24\/gut-essen-ohne-eigenes-mitarbeiterrestaurant-geht-mit-gustav\/","name":"Eating well without your own staff restaurant? It's possible - with gustav. - Organizer","isPartOf":{"@id":"https:\/\/www.organisator.ch\/#website"},"primaryImageOfPage":{"@id":"https:\/\/www.organisator.ch\/allgemein\/2023-02-24\/gut-essen-ohne-eigenes-mitarbeiterrestaurant-geht-mit-gustav\/#primaryimage"},"image":{"@id":"https:\/\/www.organisator.ch\/allgemein\/2023-02-24\/gut-essen-ohne-eigenes-mitarbeiterrestaurant-geht-mit-gustav\/#primaryimage"},"thumbnailUrl":"https:\/\/www.organisator.ch\/wp-content\/uploads\/2023\/02\/Gut-essen-ohne-eigenes-Mitarbeiterrestaurant-Geht-\u2013-mit-gustav-2_Organisator.jpg","datePublished":"2023-02-24T08:00:19+00:00","description":"The Smartfridge gustav is a smart catering solution for companies that care about employees and sustainability.","breadcrumb":{"@id":"https:\/\/www.organisator.ch\/allgemein\/2023-02-24\/gut-essen-ohne-eigenes-mitarbeiterrestaurant-geht-mit-gustav\/#breadcrumb"},"inLanguage":"en-US","potentialAction":[{"@type":"ReadAction","target":["https:\/\/www.organisator.ch\/allgemein\/2023-02-24\/gut-essen-ohne-eigenes-mitarbeiterrestaurant-geht-mit-gustav\/"]}]},{"@type":"ImageObject","inLanguage":"en-US","@id":"https:\/\/www.organisator.ch\/allgemein\/2023-02-24\/gut-essen-ohne-eigenes-mitarbeiterrestaurant-geht-mit-gustav\/#primaryimage","url":"https:\/\/www.organisator.ch\/wp-content\/uploads\/2023\/02\/Gut-essen-ohne-eigenes-Mitarbeiterrestaurant-Geht-\u2013-mit-gustav-2_Organisator.jpg","contentUrl":"https:\/\/www.organisator.ch\/wp-content\/uploads\/2023\/02\/Gut-essen-ohne-eigenes-Mitarbeiterrestaurant-Geht-\u2013-mit-gustav-2_Organisator.jpg","width":680,"height":1020,"caption":"(Bild: SV Group)"},{"@type":"BreadcrumbList","@id":"https:\/\/www.organisator.ch\/allgemein\/2023-02-24\/gut-essen-ohne-eigenes-mitarbeiterrestaurant-geht-mit-gustav\/#breadcrumb","itemListElement":[{"@type":"ListItem","position":1,"name":"Home","item":"https:\/\/www.organisator.ch\/"},{"@type":"ListItem","position":2,"name":"Gut essen ohne eigenes Mitarbeiterrestaurant? Geht \u2013 mit gustav."}]},{"@type":"WebSite","@id":"https:\/\/www.organisator.ch\/#website","url":"https:\/\/www.organisator.ch\/","name":"Organizer","description":"Competent. Practical. In 10 issues per year, ORGANISATOR presents the essential topics for managers of SMEs.","publisher":{"@id":"https:\/\/www.organisator.ch\/#organization"},"potentialAction":[{"@type":"SearchAction","target":{"@type":"EntryPoint","urlTemplate":"https:\/\/www.organisator.ch\/?s={search_term_string}"},"query-input":{"@type":"PropertyValueSpecification","valueRequired":true,"valueName":"search_term_string"}}],"inLanguage":"en-US"},{"@type":"Organization","@id":"https:\/\/www.organisator.ch\/#organization","name":"Organizer","url":"https:\/\/www.organisator.ch\/","logo":{"@type":"ImageObject","inLanguage":"en-US","@id":"https:\/\/www.organisator.ch\/#\/schema\/logo\/image\/","url":"https:\/\/www.organisator.ch\/wp-content\/uploads\/2022\/01\/Logo_Organisator_Website.png","contentUrl":"https:\/\/www.organisator.ch\/wp-content\/uploads\/2022\/01\/Logo_Organisator_Website.png","width":800,"height":77,"caption":"Organisator"},"image":{"@id":"https:\/\/www.organisator.ch\/#\/schema\/logo\/image\/"},"sameAs":["https:\/\/www.facebook.com\/OrganisatorFachmagazin","https:\/\/www.linkedin.com\/showcase\/organisator-das-magazin-fr-kmu","https:\/\/www.xing.com\/news\/pages\/organisator-ch-695","https:\/\/www.youtube.com\/channel\/UCGP2Sq0iWaZwT3BdIAQFYpw"]},{"@type":"Person","@id":"https:\/\/www.organisator.ch\/#\/schema\/person\/6f650f90b2842cd4c0cc334b4e36f67e","name":"thomas.berner","image":{"@type":"ImageObject","inLanguage":"en-US","@id":"https:\/\/secure.gravatar.com\/avatar\/ac5001d2a36cb6c6cd3e50789007ffca834b477b74a2144564522e944eabff61?s=96&d=mm&r=g","url":"https:\/\/secure.gravatar.com\/avatar\/ac5001d2a36cb6c6cd3e50789007ffca834b477b74a2144564522e944eabff61?s=96&d=mm&r=g","contentUrl":"https:\/\/secure.gravatar.com\/avatar\/ac5001d2a36cb6c6cd3e50789007ffca834b477b74a2144564522e944eabff61?s=96&d=mm&r=g","caption":"thomas.berner"},"url":"https:\/\/www.organisator.ch\/en\/author\/thomas-berner\/"}]}},"_links":{"self":[{"href":"https:\/\/www.organisator.ch\/en\/wp-json\/wp\/v2\/posts\/19002","targetHints":{"allow":["GET"]}}],"collection":[{"href":"https:\/\/www.organisator.ch\/en\/wp-json\/wp\/v2\/posts"}],"about":[{"href":"https:\/\/www.organisator.ch\/en\/wp-json\/wp\/v2\/types\/post"}],"author":[{"embeddable":true,"href":"https:\/\/www.organisator.ch\/en\/wp-json\/wp\/v2\/users\/4"}],"replies":[{"embeddable":true,"href":"https:\/\/www.organisator.ch\/en\/wp-json\/wp\/v2\/comments?post=19002"}],"version-history":[{"count":3,"href":"https:\/\/www.organisator.ch\/en\/wp-json\/wp\/v2\/posts\/19002\/revisions"}],"predecessor-version":[{"id":19009,"href":"https:\/\/www.organisator.ch\/en\/wp-json\/wp\/v2\/posts\/19002\/revisions\/19009"}],"wp:featuredmedia":[{"embeddable":true,"href":"https:\/\/www.organisator.ch\/en\/wp-json\/wp\/v2\/media\/19004"}],"wp:attachment":[{"href":"https:\/\/www.organisator.ch\/en\/wp-json\/wp\/v2\/media?parent=19002"}],"wp:term":[{"taxonomy":"category","embeddable":true,"href":"https:\/\/www.organisator.ch\/en\/wp-json\/wp\/v2\/categories?post=19002"},{"taxonomy":"post_tag","embeddable":true,"href":"https:\/\/www.organisator.ch\/en\/wp-json\/wp\/v2\/tags?post=19002"}],"curies":[{"name":"wp","href":"https:\/\/api.w.org\/{rel}","templated":true}]}}