{"id":19119,"date":"2023-02-28T13:48:18","date_gmt":"2023-02-28T12:48:18","guid":{"rendered":"https:\/\/www.organisator.ch\/?p=19119"},"modified":"2023-02-28T13:48:18","modified_gmt":"2023-02-28T12:48:18","slug":"kmu-der-mem-branche-sind-vorsichtig-optimistisch","status":"publish","type":"post","link":"https:\/\/www.organisator.ch\/en\/management\/2023-02-28\/kmu-der-mem-branche-sind-vorsichtig-optimistisch\/","title":{"rendered":"SMEs in the MEM sector are cautiously optimistic"},"content":{"rendered":"<figure id=\"attachment_19120\" aria-describedby=\"caption-attachment-19120\" style=\"width: 680px\" class=\"wp-caption alignnone\"><img loading=\"lazy\" decoding=\"async\" class=\"size-full wp-image-19120\" src=\"https:\/\/www.organisator.ch\/wp-content\/uploads\/2023\/02\/KMU-der-MEM-Branche-sind-vorsichtig-optimistisch_Organisator.jpg\" alt=\"\" width=\"680\" height=\"379\" srcset=\"https:\/\/www.organisator.ch\/wp-content\/uploads\/2023\/02\/KMU-der-MEM-Branche-sind-vorsichtig-optimistisch_Organisator.jpg 680w, https:\/\/www.organisator.ch\/wp-content\/uploads\/2023\/02\/KMU-der-MEM-Branche-sind-vorsichtig-optimistisch_Organisator-18x10.jpg 18w, https:\/\/www.organisator.ch\/wp-content\/uploads\/2023\/02\/KMU-der-MEM-Branche-sind-vorsichtig-optimistisch_Organisator-375x209.jpg 375w, https:\/\/www.organisator.ch\/wp-content\/uploads\/2023\/02\/KMU-der-MEM-Branche-sind-vorsichtig-optimistisch_Organisator-628x350.jpg 628w\" sizes=\"auto, (max-width: 680px) 100vw, 680px\" \/><figcaption id=\"caption-attachment-19120\" class=\"wp-caption-text\">Fig. 1: The biggest challenges for SMEs in the MEM sector. (Graphic: Swissmechanic)<\/figcaption><\/figure>\n<p>Order intake, sales and exports in the MEM sector rose only slightly in the fourth quarter of 2022. Even though the peak in energy and raw material prices has already been passed, the still high prices compared with pre-pandemic levels are reducing MEM customers' willingness to invest. The higher interest rates with which central banks are trying to tame inflation, the weak foreign trade environment and the high level of geopolitical uncertainty are also dampening demand for capital goods. The strong Swiss franc is a further headwind in the European sales market. Although production capacity utilization in the MEM sector and the order backlog secured for the medium term were still relatively high in January 2023, they are showing slight downward trends. Moreover, on balance, the SMEs surveyed expect incoming orders and sales to fall in the first quarter of 2023 compared with the same quarter of the previous year. This is shown by the latest quarterly survey conducted by Swissmechanic, the employers' association for SMEs in the MEM sector.<\/p>\n<h3>Swissmechanic business climate index in the green again<\/h3>\n<p>Although supply chains are still tighter than average in a longer-term comparison, the survey shows that the situation has improved noticeably. The shortage of labor, on the other hand, has become more important and is now the number one challenge (see Fig. 1).<\/p>\n<p>Despite the slowdown in economic momentum due to various negative factors, SME-MEM businesses are cautiously optimistic in January 2023: 57 percent of SMEs consider the current business climate to be rather or very favorable, while 43 percent consider it to be rather or very unfavorable. This means that the Swissmechanic business climate index is back in the green after its dip in the last quarter (cf. fig. 2).<\/p>\n<figure id=\"attachment_19122\" aria-describedby=\"caption-attachment-19122\" style=\"width: 680px\" class=\"wp-caption alignnone\"><img loading=\"lazy\" decoding=\"async\" class=\"size-full wp-image-19122\" src=\"https:\/\/www.organisator.ch\/wp-content\/uploads\/2023\/02\/KMU-der-MEM-Branche-sind-vorsichtig-optimistisch-2_Organisator.jpg\" alt=\"\" width=\"680\" height=\"548\" srcset=\"https:\/\/www.organisator.ch\/wp-content\/uploads\/2023\/02\/KMU-der-MEM-Branche-sind-vorsichtig-optimistisch-2_Organisator.jpg 680w, https:\/\/www.organisator.ch\/wp-content\/uploads\/2023\/02\/KMU-der-MEM-Branche-sind-vorsichtig-optimistisch-2_Organisator-15x12.jpg 15w, https:\/\/www.organisator.ch\/wp-content\/uploads\/2023\/02\/KMU-der-MEM-Branche-sind-vorsichtig-optimistisch-2_Organisator-372x300.jpg 372w, https:\/\/www.organisator.ch\/wp-content\/uploads\/2023\/02\/KMU-der-MEM-Branche-sind-vorsichtig-optimistisch-2_Organisator-434x350.jpg 434w\" sizes=\"auto, (max-width: 680px) 100vw, 680px\" \/><figcaption id=\"caption-attachment-19122\" class=\"wp-caption-text\">Fig. 2: The business climate index is back in the green. (Graphic: Swissmechanic)<\/figcaption><\/figure>\n<p>BAK Economics also shares this optimism. Following the economic slowdown in the winter of 2022\/23, more momentum is also expected in the MEM sector from the second quarter of 2023. Behind this is the fact that various negative factors, some of which are already showing signs of weakening, will increasingly fade into the background.<\/p>\n<h3>SMEs in the MEM sector show themselves fit for the future<\/h3>\n<p>INNOTEQ 2023 will be held in Bern from March 7 to 10. The leitmotif of the event is \"Fit for Future\". The focus topic \"Swiss Manufacturing\" is about deglobalization, local sourcing and backshoring, Switzerland as a center for manufacturing and innovation, as well as productivity and competitiveness. The special theme \"INNOTEQ Talents\" is dedicated to the topics of education and training, promoting young talent and the shortage of skilled workers. Swissmechanic is present with a joint stand covering 800 m2. 24 SMEs from the MEM sector will be presenting themselves there.<\/p>\n<p><em>Source: <a href=\"http:\/\/www.swissmechanic.ch\">Swissmechanic<\/a><\/em><\/p>","protected":false},"excerpt":{"rendered":"<p>Die Auftragseing\u00e4nge, Ums\u00e4tze und Exporte der MEM-Branche sind im vierten Quartal 2022 nur noch leicht angestiegen. Auch wenn der Peak bei den Energie- und Rohmaterialpreisen bereits \u00fcberschritten ist, verringern die im Vergleich zu den Vor-Pandemie-Werten immer noch hohen Preise die Investitionsbereitschaft der MEM-Kunden. Auch die h\u00f6heren Zinsen, mit denen die Zentralbanken die Inflation zu z\u00e4hmen [&hellip;]<\/p>\n","protected":false},"author":4,"featured_media":19121,"comment_status":"closed","ping_status":"closed","sticky":false,"template":"","format":"standard","meta":{"_acf_changed":false,"_yoast_wpseo_focuskw":"KMU der MEM-Branche","_yoast_wpseo_metadesc":"Die Konjunkurabk\u00fchlung setzt den KMU der MEM-Branche zu. Die im Januar befragten Betriebe sind trotzdem verhalten zuversichtlich.","articlekey":"","footnotes":""},"categories":[28],"tags":[310,2712,503],"class_list":["post-19119","post","type-post","status-publish","format-standard","has-post-thumbnail","hentry","category-management","tag-konjunktur","tag-mem-branche","tag-verbaende"],"acf":[],"yoast_head":"<!-- This site is optimized with the Yoast SEO plugin v27.4 - https:\/\/yoast.com\/product\/yoast-seo-wordpress\/ -->\n<title>KMU der MEM-Branche sind vorsichtig optimistisch - Organisator<\/title>\n<meta name=\"description\" content=\"Die Konjunkurabk\u00fchlung setzt den KMU der MEM-Branche zu. Die im Januar befragten Betriebe sind trotzdem verhalten zuversichtlich.\" \/>\n<meta name=\"robots\" content=\"index, follow, max-snippet:-1, max-image-preview:large, max-video-preview:-1\" \/>\n<link rel=\"canonical\" href=\"https:\/\/www.organisator.ch\/en\/management\/2023-02-28\/kmu-der-mem-branche-sind-vorsichtig-optimistisch\/\" \/>\n<meta property=\"og:locale\" content=\"en_US\" \/>\n<meta property=\"og:type\" content=\"article\" \/>\n<meta property=\"og:title\" content=\"KMU der MEM-Branche sind vorsichtig optimistisch\" \/>\n<meta property=\"og:description\" content=\"Die Konjunkturabk\u00fchlung setzt den KMU der MEM-Branche zu. Die im Januar befragten Betriebe sind trotzdem verhalten zuversichtlich.\" \/>\n<meta property=\"og:url\" content=\"https:\/\/www.organisator.ch\/en\/management\/2023-02-28\/kmu-der-mem-branche-sind-vorsichtig-optimistisch\/\" \/>\n<meta property=\"og:site_name\" content=\"Organisator\" \/>\n<meta property=\"article:publisher\" content=\"https:\/\/www.facebook.com\/OrganisatorFachmagazin\" \/>\n<meta property=\"article:published_time\" content=\"2023-02-28T12:48:18+00:00\" \/>\n<meta property=\"og:image\" content=\"https:\/\/www.organisator.ch\/wp-content\/uploads\/2023\/02\/KMU-der-MEM-Branche-sind-vorsichtig-optimistisch-1_Organisator.jpg\" \/>\n\t<meta property=\"og:image:width\" content=\"680\" \/>\n\t<meta property=\"og:image:height\" content=\"669\" \/>\n\t<meta property=\"og:image:type\" content=\"image\/jpeg\" \/>\n<meta name=\"author\" content=\"thomas.berner\" \/>\n<meta name=\"twitter:card\" content=\"summary_large_image\" \/>\n<meta name=\"twitter:title\" content=\"KMU der #MEM-Branche sind vorsichtig optimistisch\" \/>\n<meta name=\"twitter:description\" content=\"Die #Konjunkturabk\u00fchlung setzt den KMU der #MEM-Branche zu. Die im Januar befragten Betriebe sind trotzdem verhalten zuversichtlich.\" \/>\n<meta name=\"twitter:image\" content=\"https:\/\/www.organisator.ch\/wp-content\/uploads\/2023\/02\/KMU-der-MEM-Branche-sind-vorsichtig-optimistisch-1_Organisator.jpg\" \/>\n<script type=\"application\/ld+json\" class=\"yoast-schema-graph\">{\"@context\":\"https:\\\/\\\/schema.org\",\"@graph\":[{\"@type\":\"Article\",\"@id\":\"https:\\\/\\\/www.organisator.ch\\\/management\\\/2023-02-28\\\/kmu-der-mem-branche-sind-vorsichtig-optimistisch\\\/#article\",\"isPartOf\":{\"@id\":\"https:\\\/\\\/www.organisator.ch\\\/management\\\/2023-02-28\\\/kmu-der-mem-branche-sind-vorsichtig-optimistisch\\\/\"},\"author\":{\"name\":\"thomas.berner\",\"@id\":\"https:\\\/\\\/www.organisator.ch\\\/#\\\/schema\\\/person\\\/6f650f90b2842cd4c0cc334b4e36f67e\"},\"headline\":\"KMU der MEM-Branche sind vorsichtig optimistisch\",\"datePublished\":\"2023-02-28T12:48:18+00:00\",\"mainEntityOfPage\":{\"@id\":\"https:\\\/\\\/www.organisator.ch\\\/management\\\/2023-02-28\\\/kmu-der-mem-branche-sind-vorsichtig-optimistisch\\\/\"},\"wordCount\":429,\"publisher\":{\"@id\":\"https:\\\/\\\/www.organisator.ch\\\/#organization\"},\"image\":{\"@id\":\"https:\\\/\\\/www.organisator.ch\\\/management\\\/2023-02-28\\\/kmu-der-mem-branche-sind-vorsichtig-optimistisch\\\/#primaryimage\"},\"thumbnailUrl\":\"https:\\\/\\\/www.organisator.ch\\\/wp-content\\\/uploads\\\/2023\\\/02\\\/KMU-der-MEM-Branche-sind-vorsichtig-optimistisch-1_Organisator.jpg\",\"keywords\":[\"Konjunktur\",\"MEM-Branche\",\"Verb\u00e4nde\"],\"articleSection\":[\"MANAGEMENT\"],\"inLanguage\":\"en-US\"},{\"@type\":\"WebPage\",\"@id\":\"https:\\\/\\\/www.organisator.ch\\\/management\\\/2023-02-28\\\/kmu-der-mem-branche-sind-vorsichtig-optimistisch\\\/\",\"url\":\"https:\\\/\\\/www.organisator.ch\\\/management\\\/2023-02-28\\\/kmu-der-mem-branche-sind-vorsichtig-optimistisch\\\/\",\"name\":\"KMU der MEM-Branche sind vorsichtig optimistisch - Organisator\",\"isPartOf\":{\"@id\":\"https:\\\/\\\/www.organisator.ch\\\/#website\"},\"primaryImageOfPage\":{\"@id\":\"https:\\\/\\\/www.organisator.ch\\\/management\\\/2023-02-28\\\/kmu-der-mem-branche-sind-vorsichtig-optimistisch\\\/#primaryimage\"},\"image\":{\"@id\":\"https:\\\/\\\/www.organisator.ch\\\/management\\\/2023-02-28\\\/kmu-der-mem-branche-sind-vorsichtig-optimistisch\\\/#primaryimage\"},\"thumbnailUrl\":\"https:\\\/\\\/www.organisator.ch\\\/wp-content\\\/uploads\\\/2023\\\/02\\\/KMU-der-MEM-Branche-sind-vorsichtig-optimistisch-1_Organisator.jpg\",\"datePublished\":\"2023-02-28T12:48:18+00:00\",\"description\":\"Die Konjunkurabk\u00fchlung setzt den KMU der MEM-Branche zu. Die im Januar befragten Betriebe sind trotzdem verhalten zuversichtlich.\",\"breadcrumb\":{\"@id\":\"https:\\\/\\\/www.organisator.ch\\\/management\\\/2023-02-28\\\/kmu-der-mem-branche-sind-vorsichtig-optimistisch\\\/#breadcrumb\"},\"inLanguage\":\"en-US\",\"potentialAction\":[{\"@type\":\"ReadAction\",\"target\":[\"https:\\\/\\\/www.organisator.ch\\\/management\\\/2023-02-28\\\/kmu-der-mem-branche-sind-vorsichtig-optimistisch\\\/\"]}]},{\"@type\":\"ImageObject\",\"inLanguage\":\"en-US\",\"@id\":\"https:\\\/\\\/www.organisator.ch\\\/management\\\/2023-02-28\\\/kmu-der-mem-branche-sind-vorsichtig-optimistisch\\\/#primaryimage\",\"url\":\"https:\\\/\\\/www.organisator.ch\\\/wp-content\\\/uploads\\\/2023\\\/02\\\/KMU-der-MEM-Branche-sind-vorsichtig-optimistisch-1_Organisator.jpg\",\"contentUrl\":\"https:\\\/\\\/www.organisator.ch\\\/wp-content\\\/uploads\\\/2023\\\/02\\\/KMU-der-MEM-Branche-sind-vorsichtig-optimistisch-1_Organisator.jpg\",\"width\":680,\"height\":669,\"caption\":\"Abb. 2: Der Gesch\u00e4ftsklima-Index ist wieder leicht im gr\u00fcnen Bereich. (Grafik: Swissmechanic)\"},{\"@type\":\"BreadcrumbList\",\"@id\":\"https:\\\/\\\/www.organisator.ch\\\/management\\\/2023-02-28\\\/kmu-der-mem-branche-sind-vorsichtig-optimistisch\\\/#breadcrumb\",\"itemListElement\":[{\"@type\":\"ListItem\",\"position\":1,\"name\":\"Home\",\"item\":\"https:\\\/\\\/www.organisator.ch\\\/\"},{\"@type\":\"ListItem\",\"position\":2,\"name\":\"KMU der MEM-Branche sind vorsichtig optimistisch\"}]},{\"@type\":\"WebSite\",\"@id\":\"https:\\\/\\\/www.organisator.ch\\\/#website\",\"url\":\"https:\\\/\\\/www.organisator.ch\\\/\",\"name\":\"Organisator\",\"description\":\"Kompetent. Praxisnah. Der ORGANISATOR bereitet in 10 Ausgaben pro Jahr die wesentlichen Themen f\u00fcr F\u00fchrungskr\u00e4fte von KMU auf.\",\"publisher\":{\"@id\":\"https:\\\/\\\/www.organisator.ch\\\/#organization\"},\"potentialAction\":[{\"@type\":\"SearchAction\",\"target\":{\"@type\":\"EntryPoint\",\"urlTemplate\":\"https:\\\/\\\/www.organisator.ch\\\/?s={search_term_string}\"},\"query-input\":{\"@type\":\"PropertyValueSpecification\",\"valueRequired\":true,\"valueName\":\"search_term_string\"}}],\"inLanguage\":\"en-US\"},{\"@type\":\"Organization\",\"@id\":\"https:\\\/\\\/www.organisator.ch\\\/#organization\",\"name\":\"Organisator\",\"url\":\"https:\\\/\\\/www.organisator.ch\\\/\",\"logo\":{\"@type\":\"ImageObject\",\"inLanguage\":\"en-US\",\"@id\":\"https:\\\/\\\/www.organisator.ch\\\/#\\\/schema\\\/logo\\\/image\\\/\",\"url\":\"https:\\\/\\\/www.organisator.ch\\\/wp-content\\\/uploads\\\/2022\\\/01\\\/Logo_Organisator_Website.png\",\"contentUrl\":\"https:\\\/\\\/www.organisator.ch\\\/wp-content\\\/uploads\\\/2022\\\/01\\\/Logo_Organisator_Website.png\",\"width\":800,\"height\":77,\"caption\":\"Organisator\"},\"image\":{\"@id\":\"https:\\\/\\\/www.organisator.ch\\\/#\\\/schema\\\/logo\\\/image\\\/\"},\"sameAs\":[\"https:\\\/\\\/www.facebook.com\\\/OrganisatorFachmagazin\",\"https:\\\/\\\/www.linkedin.com\\\/showcase\\\/organisator-das-magazin-fr-kmu\",\"https:\\\/\\\/www.xing.com\\\/news\\\/pages\\\/organisator-ch-695\",\"https:\\\/\\\/www.youtube.com\\\/channel\\\/UCGP2Sq0iWaZwT3BdIAQFYpw\"]},{\"@type\":\"Person\",\"@id\":\"https:\\\/\\\/www.organisator.ch\\\/#\\\/schema\\\/person\\\/6f650f90b2842cd4c0cc334b4e36f67e\",\"name\":\"thomas.berner\",\"image\":{\"@type\":\"ImageObject\",\"inLanguage\":\"en-US\",\"@id\":\"https:\\\/\\\/secure.gravatar.com\\\/avatar\\\/ac5001d2a36cb6c6cd3e50789007ffca834b477b74a2144564522e944eabff61?s=96&d=mm&r=g\",\"url\":\"https:\\\/\\\/secure.gravatar.com\\\/avatar\\\/ac5001d2a36cb6c6cd3e50789007ffca834b477b74a2144564522e944eabff61?s=96&d=mm&r=g\",\"contentUrl\":\"https:\\\/\\\/secure.gravatar.com\\\/avatar\\\/ac5001d2a36cb6c6cd3e50789007ffca834b477b74a2144564522e944eabff61?s=96&d=mm&r=g\",\"caption\":\"thomas.berner\"},\"url\":\"https:\\\/\\\/www.organisator.ch\\\/en\\\/author\\\/thomas-berner\\\/\"}]}<\/script>\n<!-- \/ Yoast SEO plugin. -->","yoast_head_json":{"title":"SMEs in the MEM sector are cautiously optimistic - organizer","description":"The economic slowdown is affecting SMEs in the MEM sector. Nevertheless, the companies surveyed in January are cautiously optimistic.","robots":{"index":"index","follow":"follow","max-snippet":"max-snippet:-1","max-image-preview":"max-image-preview:large","max-video-preview":"max-video-preview:-1"},"canonical":"https:\/\/www.organisator.ch\/en\/management\/2023-02-28\/kmu-der-mem-branche-sind-vorsichtig-optimistisch\/","og_locale":"en_US","og_type":"article","og_title":"KMU der MEM-Branche sind vorsichtig optimistisch","og_description":"Die Konjunkturabk\u00fchlung setzt den KMU der MEM-Branche zu. Die im Januar befragten Betriebe sind trotzdem verhalten zuversichtlich.","og_url":"https:\/\/www.organisator.ch\/en\/management\/2023-02-28\/kmu-der-mem-branche-sind-vorsichtig-optimistisch\/","og_site_name":"Organisator","article_publisher":"https:\/\/www.facebook.com\/OrganisatorFachmagazin","article_published_time":"2023-02-28T12:48:18+00:00","og_image":[{"width":680,"height":669,"url":"https:\/\/www.organisator.ch\/wp-content\/uploads\/2023\/02\/KMU-der-MEM-Branche-sind-vorsichtig-optimistisch-1_Organisator.jpg","type":"image\/jpeg"}],"author":"thomas.berner","twitter_card":"summary_large_image","twitter_title":"KMU der #MEM-Branche sind vorsichtig optimistisch","twitter_description":"Die #Konjunkturabk\u00fchlung setzt den KMU der #MEM-Branche zu. Die im Januar befragten Betriebe sind trotzdem verhalten zuversichtlich.","twitter_image":"https:\/\/www.organisator.ch\/wp-content\/uploads\/2023\/02\/KMU-der-MEM-Branche-sind-vorsichtig-optimistisch-1_Organisator.jpg","schema":{"@context":"https:\/\/schema.org","@graph":[{"@type":"Article","@id":"https:\/\/www.organisator.ch\/management\/2023-02-28\/kmu-der-mem-branche-sind-vorsichtig-optimistisch\/#article","isPartOf":{"@id":"https:\/\/www.organisator.ch\/management\/2023-02-28\/kmu-der-mem-branche-sind-vorsichtig-optimistisch\/"},"author":{"name":"thomas.berner","@id":"https:\/\/www.organisator.ch\/#\/schema\/person\/6f650f90b2842cd4c0cc334b4e36f67e"},"headline":"KMU der MEM-Branche sind vorsichtig optimistisch","datePublished":"2023-02-28T12:48:18+00:00","mainEntityOfPage":{"@id":"https:\/\/www.organisator.ch\/management\/2023-02-28\/kmu-der-mem-branche-sind-vorsichtig-optimistisch\/"},"wordCount":429,"publisher":{"@id":"https:\/\/www.organisator.ch\/#organization"},"image":{"@id":"https:\/\/www.organisator.ch\/management\/2023-02-28\/kmu-der-mem-branche-sind-vorsichtig-optimistisch\/#primaryimage"},"thumbnailUrl":"https:\/\/www.organisator.ch\/wp-content\/uploads\/2023\/02\/KMU-der-MEM-Branche-sind-vorsichtig-optimistisch-1_Organisator.jpg","keywords":["Konjunktur","MEM-Branche","Verb\u00e4nde"],"articleSection":["MANAGEMENT"],"inLanguage":"en-US"},{"@type":"WebPage","@id":"https:\/\/www.organisator.ch\/management\/2023-02-28\/kmu-der-mem-branche-sind-vorsichtig-optimistisch\/","url":"https:\/\/www.organisator.ch\/management\/2023-02-28\/kmu-der-mem-branche-sind-vorsichtig-optimistisch\/","name":"SMEs in the MEM sector are cautiously optimistic - organizer","isPartOf":{"@id":"https:\/\/www.organisator.ch\/#website"},"primaryImageOfPage":{"@id":"https:\/\/www.organisator.ch\/management\/2023-02-28\/kmu-der-mem-branche-sind-vorsichtig-optimistisch\/#primaryimage"},"image":{"@id":"https:\/\/www.organisator.ch\/management\/2023-02-28\/kmu-der-mem-branche-sind-vorsichtig-optimistisch\/#primaryimage"},"thumbnailUrl":"https:\/\/www.organisator.ch\/wp-content\/uploads\/2023\/02\/KMU-der-MEM-Branche-sind-vorsichtig-optimistisch-1_Organisator.jpg","datePublished":"2023-02-28T12:48:18+00:00","description":"The economic slowdown is affecting SMEs in the MEM sector. Nevertheless, the companies surveyed in January are cautiously optimistic.","breadcrumb":{"@id":"https:\/\/www.organisator.ch\/management\/2023-02-28\/kmu-der-mem-branche-sind-vorsichtig-optimistisch\/#breadcrumb"},"inLanguage":"en-US","potentialAction":[{"@type":"ReadAction","target":["https:\/\/www.organisator.ch\/management\/2023-02-28\/kmu-der-mem-branche-sind-vorsichtig-optimistisch\/"]}]},{"@type":"ImageObject","inLanguage":"en-US","@id":"https:\/\/www.organisator.ch\/management\/2023-02-28\/kmu-der-mem-branche-sind-vorsichtig-optimistisch\/#primaryimage","url":"https:\/\/www.organisator.ch\/wp-content\/uploads\/2023\/02\/KMU-der-MEM-Branche-sind-vorsichtig-optimistisch-1_Organisator.jpg","contentUrl":"https:\/\/www.organisator.ch\/wp-content\/uploads\/2023\/02\/KMU-der-MEM-Branche-sind-vorsichtig-optimistisch-1_Organisator.jpg","width":680,"height":669,"caption":"Abb. 2: Der Gesch\u00e4ftsklima-Index ist wieder leicht im gr\u00fcnen Bereich. (Grafik: Swissmechanic)"},{"@type":"BreadcrumbList","@id":"https:\/\/www.organisator.ch\/management\/2023-02-28\/kmu-der-mem-branche-sind-vorsichtig-optimistisch\/#breadcrumb","itemListElement":[{"@type":"ListItem","position":1,"name":"Home","item":"https:\/\/www.organisator.ch\/"},{"@type":"ListItem","position":2,"name":"KMU der MEM-Branche sind vorsichtig optimistisch"}]},{"@type":"WebSite","@id":"https:\/\/www.organisator.ch\/#website","url":"https:\/\/www.organisator.ch\/","name":"Organizer","description":"Competent. Practical. In 10 issues per year, ORGANISATOR presents the essential topics for managers of SMEs.","publisher":{"@id":"https:\/\/www.organisator.ch\/#organization"},"potentialAction":[{"@type":"SearchAction","target":{"@type":"EntryPoint","urlTemplate":"https:\/\/www.organisator.ch\/?s={search_term_string}"},"query-input":{"@type":"PropertyValueSpecification","valueRequired":true,"valueName":"search_term_string"}}],"inLanguage":"en-US"},{"@type":"Organization","@id":"https:\/\/www.organisator.ch\/#organization","name":"Organizer","url":"https:\/\/www.organisator.ch\/","logo":{"@type":"ImageObject","inLanguage":"en-US","@id":"https:\/\/www.organisator.ch\/#\/schema\/logo\/image\/","url":"https:\/\/www.organisator.ch\/wp-content\/uploads\/2022\/01\/Logo_Organisator_Website.png","contentUrl":"https:\/\/www.organisator.ch\/wp-content\/uploads\/2022\/01\/Logo_Organisator_Website.png","width":800,"height":77,"caption":"Organisator"},"image":{"@id":"https:\/\/www.organisator.ch\/#\/schema\/logo\/image\/"},"sameAs":["https:\/\/www.facebook.com\/OrganisatorFachmagazin","https:\/\/www.linkedin.com\/showcase\/organisator-das-magazin-fr-kmu","https:\/\/www.xing.com\/news\/pages\/organisator-ch-695","https:\/\/www.youtube.com\/channel\/UCGP2Sq0iWaZwT3BdIAQFYpw"]},{"@type":"Person","@id":"https:\/\/www.organisator.ch\/#\/schema\/person\/6f650f90b2842cd4c0cc334b4e36f67e","name":"thomas.berner","image":{"@type":"ImageObject","inLanguage":"en-US","@id":"https:\/\/secure.gravatar.com\/avatar\/ac5001d2a36cb6c6cd3e50789007ffca834b477b74a2144564522e944eabff61?s=96&d=mm&r=g","url":"https:\/\/secure.gravatar.com\/avatar\/ac5001d2a36cb6c6cd3e50789007ffca834b477b74a2144564522e944eabff61?s=96&d=mm&r=g","contentUrl":"https:\/\/secure.gravatar.com\/avatar\/ac5001d2a36cb6c6cd3e50789007ffca834b477b74a2144564522e944eabff61?s=96&d=mm&r=g","caption":"thomas.berner"},"url":"https:\/\/www.organisator.ch\/en\/author\/thomas-berner\/"}]}},"_links":{"self":[{"href":"https:\/\/www.organisator.ch\/en\/wp-json\/wp\/v2\/posts\/19119","targetHints":{"allow":["GET"]}}],"collection":[{"href":"https:\/\/www.organisator.ch\/en\/wp-json\/wp\/v2\/posts"}],"about":[{"href":"https:\/\/www.organisator.ch\/en\/wp-json\/wp\/v2\/types\/post"}],"author":[{"embeddable":true,"href":"https:\/\/www.organisator.ch\/en\/wp-json\/wp\/v2\/users\/4"}],"replies":[{"embeddable":true,"href":"https:\/\/www.organisator.ch\/en\/wp-json\/wp\/v2\/comments?post=19119"}],"version-history":[{"count":1,"href":"https:\/\/www.organisator.ch\/en\/wp-json\/wp\/v2\/posts\/19119\/revisions"}],"predecessor-version":[{"id":19123,"href":"https:\/\/www.organisator.ch\/en\/wp-json\/wp\/v2\/posts\/19119\/revisions\/19123"}],"wp:featuredmedia":[{"embeddable":true,"href":"https:\/\/www.organisator.ch\/en\/wp-json\/wp\/v2\/media\/19121"}],"wp:attachment":[{"href":"https:\/\/www.organisator.ch\/en\/wp-json\/wp\/v2\/media?parent=19119"}],"wp:term":[{"taxonomy":"category","embeddable":true,"href":"https:\/\/www.organisator.ch\/en\/wp-json\/wp\/v2\/categories?post=19119"},{"taxonomy":"post_tag","embeddable":true,"href":"https:\/\/www.organisator.ch\/en\/wp-json\/wp\/v2\/tags?post=19119"}],"curies":[{"name":"wp","href":"https:\/\/api.w.org\/{rel}","templated":true}]}}