{"id":19127,"date":"2023-03-01T08:47:04","date_gmt":"2023-03-01T07:47:04","guid":{"rendered":"https:\/\/www.organisator.ch\/?p=19127"},"modified":"2023-03-01T08:47:05","modified_gmt":"2023-03-01T07:47:05","slug":"jobwachstum-dank-hoher-nachfrage-nach-it-fachleuten","status":"publish","type":"post","link":"https:\/\/www.organisator.ch\/en\/human-resources\/2023-03-01\/jobwachstum-dank-hoher-nachfrage-nach-it-fachleuten\/","title":{"rendered":"Job growth thanks to high demand for IT professionals"},"content":{"rendered":"<figure id=\"attachment_19129\" aria-describedby=\"caption-attachment-19129\" style=\"width: 680px\" class=\"wp-caption alignnone\"><img loading=\"lazy\" decoding=\"async\" class=\"size-full wp-image-19129\" src=\"https:\/\/www.organisator.ch\/wp-content\/uploads\/2023\/03\/Jobwachstum-dank-hoher-Nachfrage-nach-IT-Fachleuten_Organisator.jpg\" alt=\"\" width=\"680\" height=\"496\" srcset=\"https:\/\/www.organisator.ch\/wp-content\/uploads\/2023\/03\/Jobwachstum-dank-hoher-Nachfrage-nach-IT-Fachleuten_Organisator.jpg 680w, https:\/\/www.organisator.ch\/wp-content\/uploads\/2023\/03\/Jobwachstum-dank-hoher-Nachfrage-nach-IT-Fachleuten_Organisator-16x12.jpg 16w, https:\/\/www.organisator.ch\/wp-content\/uploads\/2023\/03\/Jobwachstum-dank-hoher-Nachfrage-nach-IT-Fachleuten_Organisator-375x274.jpg 375w, https:\/\/www.organisator.ch\/wp-content\/uploads\/2023\/03\/Jobwachstum-dank-hoher-Nachfrage-nach-IT-Fachleuten_Organisator-480x350.jpg 480w\" sizes=\"auto, (max-width: 680px) 100vw, 680px\" \/><figcaption id=\"caption-attachment-19129\" class=\"wp-caption-text\">Job growth continues. The IT sector in particular is constantly creating new jobs. (Image: Pixabay.com)<\/figcaption><\/figure>\n<p>The number of jobs advertised each month in Switzerland increased by +5.2% (January - February 2023). The IT sector performed best with a monthly job growth of +20%.<\/p>\n<table width=\"626\">\n<tbody>\n<tr>\n<td width=\"274\"><strong>Leading categories<\/strong><\/td>\n<td width=\"170\"><strong>Monthly growth<br \/>\n<\/strong>(Jan. 2023 - Feb. 2023)<\/td>\n<td width=\"183\"><strong>Annual growth<br \/>\n<\/strong>(Feb. 2022 - Feb. 2023)<\/td>\n<\/tr>\n<tr>\n<td width=\"274\">\n<ol>\n<li>IT Supporter:in<\/li>\n<\/ol>\n<\/td>\n<td width=\"170\">+21.7%<\/td>\n<td width=\"183\">-10.6%<\/td>\n<\/tr>\n<tr>\n<td width=\"274\">\n<ol>\n<li>IT administrator:in<\/li>\n<\/ol>\n<\/td>\n<td width=\"170\">+16.7%<\/td>\n<td width=\"183\">+22.5%<\/td>\n<\/tr>\n<tr>\n<td width=\"274\">\n<ol>\n<li>Real estate specialist:in<\/li>\n<\/ol>\n<\/td>\n<td width=\"170\">+16.2%<\/td>\n<td width=\"183\">+25.4%<\/td>\n<\/tr>\n<tr>\n<td width=\"274\">\n<ol>\n<li>Telecommunications Specialist:in (e.g. VOIP)<\/li>\n<\/ol>\n<\/td>\n<td width=\"170\">+14.3%<\/td>\n<td width=\"183\">-10.5%<\/td>\n<\/tr>\n<tr>\n<td width=\"274\">\n<ol>\n<li>System specialist:in<\/li>\n<\/ol>\n<\/td>\n<td width=\"170\">+13.5%<\/td>\n<td width=\"183\">-15.6%<\/td>\n<\/tr>\n<\/tbody>\n<\/table>\n<p>Year-on-year, the number of advertised jobs increased by +6.2% (February 2022-February 2023). French-speaking Switzerland led the growth with a monthly increase of +6.5%. In German-speaking Switzerland, where 9 out of 10 jobs are advertised, the number of vacancies increased by +4.9%.<\/p>\n<p>Eastern Switzerland recorded the largest job growth with +7.7 %. More than 50% of the job vacancies in this region were for IT, engineering or technical professionals. All regions recorded positive monthly growth.<\/p>\n<table width=\"622\">\n<tbody>\n<tr>\n<td width=\"274\"><strong>Regions<\/strong><\/td>\n<td width=\"170\"><strong>Monthly growth <\/strong>(Jan. 2023 - Feb. 2023)<\/td>\n<td width=\"178\"><strong>Annual growth<br \/>\n<\/strong>(Feb. 2022 - Feb. 2023)<\/td>\n<\/tr>\n<tr>\n<td width=\"274\">Eastern Switzerland (AI, AR, GL, GR, SG, SH, TG)<\/td>\n<td width=\"170\">+7.7%<\/td>\n<td width=\"178\">+7.5%<\/td>\n<\/tr>\n<tr>\n<td width=\"274\">Lake Geneva region (GE, VD, VS)<\/td>\n<td width=\"170\">+6.1%<\/td>\n<td width=\"178\">+4.8%<\/td>\n<\/tr>\n<tr>\n<td width=\"274\">Central Switzerland (LU, NW, OW, SZ, UR, ZG)<\/td>\n<td width=\"170\">+5.9%<\/td>\n<td width=\"178\">+14.6%<\/td>\n<\/tr>\n<tr>\n<td width=\"274\">Northwestern Switzerland (AG, BL, BS)<\/td>\n<td width=\"170\">+4.9%<\/td>\n<td width=\"178\">+11.1%<\/td>\n<\/tr>\n<tr>\n<td width=\"274\">Zurich (ZH)<\/td>\n<td width=\"170\">+4.5%<\/td>\n<td width=\"178\">+2.0%<\/td>\n<\/tr>\n<tr>\n<td width=\"274\">Central Plateau (BE, FR, JU, NE, SO)<\/td>\n<td width=\"170\">+3.4%<\/td>\n<td width=\"178\">+3.4%<\/td>\n<\/tr>\n<\/tbody>\n<\/table>\n<p>\"The labor market has started the new year very well, especially in IT and despite the market correction following Covid-driven IT infrastructure growth in 2021 and 2022. Overall, demand for IT professionals is increasing, especially in security, development and data management. Demand in the systems and support areas, on the other hand, is back at pre-Covid levels,\" says Thibaud de Balby, Manager Technology Recruitment at Michael Page, commenting on the situation. In general, then, the signs in the Swiss labor market are pointing to optimism, as <a href=\"https:\/\/www.organisator.ch\/de\/human-resources\/2023-01-04\/schweizer-arbeitsmarkt-2023-fuenf-gruende-fuer-optimismus\/\">already reported elsewhere<\/a> was.<\/p>\n<p><em>Source: <a href=\"http:\/\/www.michaelpage.ch\">Michael Page<\/a><\/em><\/p>","protected":false},"excerpt":{"rendered":"<p>Die Zahl der monatlich ausgeschriebenen Stellen ist in der Schweiz um +5,2% (Januar &#8211; Februar 2023) gestiegen. Der IT-Sektor schnitt mit einem monatlichen Jobwachstum von +20% am besten ab. F\u00fchrende Kategorien Monatliches Wachstum (Jan. 2023 \u2013 Feb. 2023) J\u00e4hrliches Wachstum (Feb. 2022 \u2013 Feb. 2023) IT-Supporter:in +21.7% -10.6% IT-Administrator:in +16.7% +22.5% Immobilienspezialist:in +16.2% +25.4% Telekommunikations-Spezialist:in [&hellip;]<\/p>\n","protected":false},"author":4,"featured_media":19129,"comment_status":"closed","ping_status":"closed","sticky":false,"template":"","format":"standard","meta":{"_acf_changed":false,"_yoast_wpseo_focuskw":"Jobwachstum","_yoast_wpseo_metadesc":"Weiteres Jobwachstum: Im IT-Sektor wuchs laut dem Michael Page Swiss Job Index die Zahl der ausgeschriebenen Stellen am st\u00e4rksten an.","articlekey":"","footnotes":""},"categories":[579],"tags":[254,286,349],"class_list":["post-19127","post","type-post","status-publish","format-standard","has-post-thumbnail","hentry","category-human-resources","tag-hrm","tag-it","tag-michael-page-swiss-job-index"],"acf":[],"yoast_head":"<!-- This site is optimized with the Yoast SEO plugin v27.5 - https:\/\/yoast.com\/product\/yoast-seo-wordpress\/ -->\n<title>Jobwachstum dank hoher Nachfrage nach IT-Fachleuten - Organisator<\/title>\n<meta name=\"description\" content=\"Weiteres Jobwachstum: Im IT-Sektor wuchs laut dem Michael Page Swiss Job Index die Zahl der ausgeschriebenen Stellen am st\u00e4rksten an.\" \/>\n<meta name=\"robots\" content=\"index, follow, max-snippet:-1, max-image-preview:large, max-video-preview:-1\" \/>\n<link rel=\"canonical\" href=\"https:\/\/www.organisator.ch\/en\/human-resources\/2023-03-01\/jobwachstum-dank-hoher-nachfrage-nach-it-fachleuten\/\" \/>\n<meta property=\"og:locale\" content=\"en_US\" \/>\n<meta property=\"og:type\" content=\"article\" \/>\n<meta property=\"og:title\" content=\"Jobwachstum dank hoher Nachfrage nach IT-Fachleuten\" \/>\n<meta property=\"og:description\" content=\"Weiteres Jobwachstum: Im IT-Sektor wuchs laut dem Michael Page Swiss Job Index die Zahl der ausgeschriebenen Stellen am st\u00e4rksten an.\" \/>\n<meta property=\"og:url\" content=\"https:\/\/www.organisator.ch\/en\/human-resources\/2023-03-01\/jobwachstum-dank-hoher-nachfrage-nach-it-fachleuten\/\" \/>\n<meta property=\"og:site_name\" content=\"Organisator\" \/>\n<meta property=\"article:publisher\" content=\"https:\/\/www.facebook.com\/OrganisatorFachmagazin\" \/>\n<meta property=\"article:published_time\" content=\"2023-03-01T07:47:04+00:00\" \/>\n<meta property=\"article:modified_time\" content=\"2023-03-01T07:47:05+00:00\" \/>\n<meta property=\"og:image\" content=\"https:\/\/www.organisator.ch\/wp-content\/uploads\/2023\/03\/Jobwachstum-dank-hoher-Nachfrage-nach-IT-Fachleuten_Organisator.jpg\" \/>\n\t<meta property=\"og:image:width\" content=\"680\" \/>\n\t<meta property=\"og:image:height\" content=\"496\" \/>\n\t<meta property=\"og:image:type\" content=\"image\/jpeg\" \/>\n<meta name=\"author\" content=\"thomas.berner\" \/>\n<meta name=\"twitter:card\" content=\"summary_large_image\" \/>\n<meta name=\"twitter:title\" content=\"#Jobwachstum dank hoher Nachfrage nach #IT-Fachleuten\" \/>\n<meta name=\"twitter:description\" content=\"Weiteres #Jobwachstum: Im #IT-Sektor wuchs laut dem Michael Page Swiss Job Index die Zahl der ausgeschriebenen Stellen am st\u00e4rksten an.\" \/>\n<meta name=\"twitter:image\" content=\"https:\/\/www.organisator.ch\/wp-content\/uploads\/2023\/03\/Jobwachstum-dank-hoher-Nachfrage-nach-IT-Fachleuten_Organisator.jpg\" \/>\n<script type=\"application\/ld+json\" class=\"yoast-schema-graph\">{\"@context\":\"https:\\\/\\\/schema.org\",\"@graph\":[{\"@type\":\"Article\",\"@id\":\"https:\\\/\\\/www.organisator.ch\\\/human-resources\\\/2023-03-01\\\/jobwachstum-dank-hoher-nachfrage-nach-it-fachleuten\\\/#article\",\"isPartOf\":{\"@id\":\"https:\\\/\\\/www.organisator.ch\\\/human-resources\\\/2023-03-01\\\/jobwachstum-dank-hoher-nachfrage-nach-it-fachleuten\\\/\"},\"author\":{\"name\":\"thomas.berner\",\"@id\":\"https:\\\/\\\/www.organisator.ch\\\/#\\\/schema\\\/person\\\/6f650f90b2842cd4c0cc334b4e36f67e\"},\"headline\":\"Jobwachstum dank hoher Nachfrage nach IT-Fachleuten\",\"datePublished\":\"2023-03-01T07:47:04+00:00\",\"dateModified\":\"2023-03-01T07:47:05+00:00\",\"mainEntityOfPage\":{\"@id\":\"https:\\\/\\\/www.organisator.ch\\\/human-resources\\\/2023-03-01\\\/jobwachstum-dank-hoher-nachfrage-nach-it-fachleuten\\\/\"},\"wordCount\":289,\"publisher\":{\"@id\":\"https:\\\/\\\/www.organisator.ch\\\/#organization\"},\"image\":{\"@id\":\"https:\\\/\\\/www.organisator.ch\\\/human-resources\\\/2023-03-01\\\/jobwachstum-dank-hoher-nachfrage-nach-it-fachleuten\\\/#primaryimage\"},\"thumbnailUrl\":\"https:\\\/\\\/www.organisator.ch\\\/wp-content\\\/uploads\\\/2023\\\/03\\\/Jobwachstum-dank-hoher-Nachfrage-nach-IT-Fachleuten_Organisator.jpg\",\"keywords\":[\"HRM\",\"IT\",\"Michael Page Swiss Job Index\"],\"articleSection\":[\"HUMAN RESOURCES\"],\"inLanguage\":\"en-US\"},{\"@type\":\"WebPage\",\"@id\":\"https:\\\/\\\/www.organisator.ch\\\/human-resources\\\/2023-03-01\\\/jobwachstum-dank-hoher-nachfrage-nach-it-fachleuten\\\/\",\"url\":\"https:\\\/\\\/www.organisator.ch\\\/human-resources\\\/2023-03-01\\\/jobwachstum-dank-hoher-nachfrage-nach-it-fachleuten\\\/\",\"name\":\"Jobwachstum dank hoher Nachfrage nach IT-Fachleuten - Organisator\",\"isPartOf\":{\"@id\":\"https:\\\/\\\/www.organisator.ch\\\/#website\"},\"primaryImageOfPage\":{\"@id\":\"https:\\\/\\\/www.organisator.ch\\\/human-resources\\\/2023-03-01\\\/jobwachstum-dank-hoher-nachfrage-nach-it-fachleuten\\\/#primaryimage\"},\"image\":{\"@id\":\"https:\\\/\\\/www.organisator.ch\\\/human-resources\\\/2023-03-01\\\/jobwachstum-dank-hoher-nachfrage-nach-it-fachleuten\\\/#primaryimage\"},\"thumbnailUrl\":\"https:\\\/\\\/www.organisator.ch\\\/wp-content\\\/uploads\\\/2023\\\/03\\\/Jobwachstum-dank-hoher-Nachfrage-nach-IT-Fachleuten_Organisator.jpg\",\"datePublished\":\"2023-03-01T07:47:04+00:00\",\"dateModified\":\"2023-03-01T07:47:05+00:00\",\"description\":\"Weiteres Jobwachstum: Im IT-Sektor wuchs laut dem Michael Page Swiss Job Index die Zahl der ausgeschriebenen Stellen am st\u00e4rksten an.\",\"breadcrumb\":{\"@id\":\"https:\\\/\\\/www.organisator.ch\\\/human-resources\\\/2023-03-01\\\/jobwachstum-dank-hoher-nachfrage-nach-it-fachleuten\\\/#breadcrumb\"},\"inLanguage\":\"en-US\",\"potentialAction\":[{\"@type\":\"ReadAction\",\"target\":[\"https:\\\/\\\/www.organisator.ch\\\/human-resources\\\/2023-03-01\\\/jobwachstum-dank-hoher-nachfrage-nach-it-fachleuten\\\/\"]}]},{\"@type\":\"ImageObject\",\"inLanguage\":\"en-US\",\"@id\":\"https:\\\/\\\/www.organisator.ch\\\/human-resources\\\/2023-03-01\\\/jobwachstum-dank-hoher-nachfrage-nach-it-fachleuten\\\/#primaryimage\",\"url\":\"https:\\\/\\\/www.organisator.ch\\\/wp-content\\\/uploads\\\/2023\\\/03\\\/Jobwachstum-dank-hoher-Nachfrage-nach-IT-Fachleuten_Organisator.jpg\",\"contentUrl\":\"https:\\\/\\\/www.organisator.ch\\\/wp-content\\\/uploads\\\/2023\\\/03\\\/Jobwachstum-dank-hoher-Nachfrage-nach-IT-Fachleuten_Organisator.jpg\",\"width\":680,\"height\":496,\"caption\":\"Das Jobwachstum h\u00e4lt an. Vor allem der IT-Sektor schafft laufend neue Stellen. (Bild: Pixabay.com)\"},{\"@type\":\"BreadcrumbList\",\"@id\":\"https:\\\/\\\/www.organisator.ch\\\/human-resources\\\/2023-03-01\\\/jobwachstum-dank-hoher-nachfrage-nach-it-fachleuten\\\/#breadcrumb\",\"itemListElement\":[{\"@type\":\"ListItem\",\"position\":1,\"name\":\"Home\",\"item\":\"https:\\\/\\\/www.organisator.ch\\\/\"},{\"@type\":\"ListItem\",\"position\":2,\"name\":\"Jobwachstum dank hoher Nachfrage nach IT-Fachleuten\"}]},{\"@type\":\"WebSite\",\"@id\":\"https:\\\/\\\/www.organisator.ch\\\/#website\",\"url\":\"https:\\\/\\\/www.organisator.ch\\\/\",\"name\":\"Organisator\",\"description\":\"Kompetent. Praxisnah. Der ORGANISATOR bereitet in 10 Ausgaben pro Jahr die wesentlichen Themen f\u00fcr F\u00fchrungskr\u00e4fte von KMU auf.\",\"publisher\":{\"@id\":\"https:\\\/\\\/www.organisator.ch\\\/#organization\"},\"potentialAction\":[{\"@type\":\"SearchAction\",\"target\":{\"@type\":\"EntryPoint\",\"urlTemplate\":\"https:\\\/\\\/www.organisator.ch\\\/?s={search_term_string}\"},\"query-input\":{\"@type\":\"PropertyValueSpecification\",\"valueRequired\":true,\"valueName\":\"search_term_string\"}}],\"inLanguage\":\"en-US\"},{\"@type\":\"Organization\",\"@id\":\"https:\\\/\\\/www.organisator.ch\\\/#organization\",\"name\":\"Organisator\",\"url\":\"https:\\\/\\\/www.organisator.ch\\\/\",\"logo\":{\"@type\":\"ImageObject\",\"inLanguage\":\"en-US\",\"@id\":\"https:\\\/\\\/www.organisator.ch\\\/#\\\/schema\\\/logo\\\/image\\\/\",\"url\":\"https:\\\/\\\/www.organisator.ch\\\/wp-content\\\/uploads\\\/2022\\\/01\\\/Logo_Organisator_Website.png\",\"contentUrl\":\"https:\\\/\\\/www.organisator.ch\\\/wp-content\\\/uploads\\\/2022\\\/01\\\/Logo_Organisator_Website.png\",\"width\":800,\"height\":77,\"caption\":\"Organisator\"},\"image\":{\"@id\":\"https:\\\/\\\/www.organisator.ch\\\/#\\\/schema\\\/logo\\\/image\\\/\"},\"sameAs\":[\"https:\\\/\\\/www.facebook.com\\\/OrganisatorFachmagazin\",\"https:\\\/\\\/www.linkedin.com\\\/showcase\\\/organisator-das-magazin-fr-kmu\",\"https:\\\/\\\/www.xing.com\\\/news\\\/pages\\\/organisator-ch-695\",\"https:\\\/\\\/www.youtube.com\\\/channel\\\/UCGP2Sq0iWaZwT3BdIAQFYpw\"]},{\"@type\":\"Person\",\"@id\":\"https:\\\/\\\/www.organisator.ch\\\/#\\\/schema\\\/person\\\/6f650f90b2842cd4c0cc334b4e36f67e\",\"name\":\"thomas.berner\",\"image\":{\"@type\":\"ImageObject\",\"inLanguage\":\"en-US\",\"@id\":\"https:\\\/\\\/secure.gravatar.com\\\/avatar\\\/ac5001d2a36cb6c6cd3e50789007ffca834b477b74a2144564522e944eabff61?s=96&d=mm&r=g\",\"url\":\"https:\\\/\\\/secure.gravatar.com\\\/avatar\\\/ac5001d2a36cb6c6cd3e50789007ffca834b477b74a2144564522e944eabff61?s=96&d=mm&r=g\",\"contentUrl\":\"https:\\\/\\\/secure.gravatar.com\\\/avatar\\\/ac5001d2a36cb6c6cd3e50789007ffca834b477b74a2144564522e944eabff61?s=96&d=mm&r=g\",\"caption\":\"thomas.berner\"},\"url\":\"https:\\\/\\\/www.organisator.ch\\\/en\\\/author\\\/thomas-berner\\\/\"}]}<\/script>\n<!-- \/ Yoast SEO plugin. -->","yoast_head_json":{"title":"Job growth thanks to high demand for IT professionals - Organizer","description":"Further job growth: According to the Michael Page Swiss Job Index, the number of advertised jobs grew the most in the IT sector.","robots":{"index":"index","follow":"follow","max-snippet":"max-snippet:-1","max-image-preview":"max-image-preview:large","max-video-preview":"max-video-preview:-1"},"canonical":"https:\/\/www.organisator.ch\/en\/human-resources\/2023-03-01\/jobwachstum-dank-hoher-nachfrage-nach-it-fachleuten\/","og_locale":"en_US","og_type":"article","og_title":"Jobwachstum dank hoher Nachfrage nach IT-Fachleuten","og_description":"Weiteres Jobwachstum: Im IT-Sektor wuchs laut dem Michael Page Swiss Job Index die Zahl der ausgeschriebenen Stellen am st\u00e4rksten an.","og_url":"https:\/\/www.organisator.ch\/en\/human-resources\/2023-03-01\/jobwachstum-dank-hoher-nachfrage-nach-it-fachleuten\/","og_site_name":"Organisator","article_publisher":"https:\/\/www.facebook.com\/OrganisatorFachmagazin","article_published_time":"2023-03-01T07:47:04+00:00","article_modified_time":"2023-03-01T07:47:05+00:00","og_image":[{"width":680,"height":496,"url":"https:\/\/www.organisator.ch\/wp-content\/uploads\/2023\/03\/Jobwachstum-dank-hoher-Nachfrage-nach-IT-Fachleuten_Organisator.jpg","type":"image\/jpeg"}],"author":"thomas.berner","twitter_card":"summary_large_image","twitter_title":"#Jobwachstum dank hoher Nachfrage nach #IT-Fachleuten","twitter_description":"Weiteres #Jobwachstum: Im #IT-Sektor wuchs laut dem Michael Page Swiss Job Index die Zahl der ausgeschriebenen Stellen am st\u00e4rksten an.","twitter_image":"https:\/\/www.organisator.ch\/wp-content\/uploads\/2023\/03\/Jobwachstum-dank-hoher-Nachfrage-nach-IT-Fachleuten_Organisator.jpg","schema":{"@context":"https:\/\/schema.org","@graph":[{"@type":"Article","@id":"https:\/\/www.organisator.ch\/human-resources\/2023-03-01\/jobwachstum-dank-hoher-nachfrage-nach-it-fachleuten\/#article","isPartOf":{"@id":"https:\/\/www.organisator.ch\/human-resources\/2023-03-01\/jobwachstum-dank-hoher-nachfrage-nach-it-fachleuten\/"},"author":{"name":"thomas.berner","@id":"https:\/\/www.organisator.ch\/#\/schema\/person\/6f650f90b2842cd4c0cc334b4e36f67e"},"headline":"Jobwachstum dank hoher Nachfrage nach IT-Fachleuten","datePublished":"2023-03-01T07:47:04+00:00","dateModified":"2023-03-01T07:47:05+00:00","mainEntityOfPage":{"@id":"https:\/\/www.organisator.ch\/human-resources\/2023-03-01\/jobwachstum-dank-hoher-nachfrage-nach-it-fachleuten\/"},"wordCount":289,"publisher":{"@id":"https:\/\/www.organisator.ch\/#organization"},"image":{"@id":"https:\/\/www.organisator.ch\/human-resources\/2023-03-01\/jobwachstum-dank-hoher-nachfrage-nach-it-fachleuten\/#primaryimage"},"thumbnailUrl":"https:\/\/www.organisator.ch\/wp-content\/uploads\/2023\/03\/Jobwachstum-dank-hoher-Nachfrage-nach-IT-Fachleuten_Organisator.jpg","keywords":["HRM","IT","Michael Page Swiss Job Index"],"articleSection":["HUMAN RESOURCES"],"inLanguage":"en-US"},{"@type":"WebPage","@id":"https:\/\/www.organisator.ch\/human-resources\/2023-03-01\/jobwachstum-dank-hoher-nachfrage-nach-it-fachleuten\/","url":"https:\/\/www.organisator.ch\/human-resources\/2023-03-01\/jobwachstum-dank-hoher-nachfrage-nach-it-fachleuten\/","name":"Job growth thanks to high demand for IT professionals - Organizer","isPartOf":{"@id":"https:\/\/www.organisator.ch\/#website"},"primaryImageOfPage":{"@id":"https:\/\/www.organisator.ch\/human-resources\/2023-03-01\/jobwachstum-dank-hoher-nachfrage-nach-it-fachleuten\/#primaryimage"},"image":{"@id":"https:\/\/www.organisator.ch\/human-resources\/2023-03-01\/jobwachstum-dank-hoher-nachfrage-nach-it-fachleuten\/#primaryimage"},"thumbnailUrl":"https:\/\/www.organisator.ch\/wp-content\/uploads\/2023\/03\/Jobwachstum-dank-hoher-Nachfrage-nach-IT-Fachleuten_Organisator.jpg","datePublished":"2023-03-01T07:47:04+00:00","dateModified":"2023-03-01T07:47:05+00:00","description":"Further job growth: According to the Michael Page Swiss Job Index, the number of advertised jobs grew the most in the IT sector.","breadcrumb":{"@id":"https:\/\/www.organisator.ch\/human-resources\/2023-03-01\/jobwachstum-dank-hoher-nachfrage-nach-it-fachleuten\/#breadcrumb"},"inLanguage":"en-US","potentialAction":[{"@type":"ReadAction","target":["https:\/\/www.organisator.ch\/human-resources\/2023-03-01\/jobwachstum-dank-hoher-nachfrage-nach-it-fachleuten\/"]}]},{"@type":"ImageObject","inLanguage":"en-US","@id":"https:\/\/www.organisator.ch\/human-resources\/2023-03-01\/jobwachstum-dank-hoher-nachfrage-nach-it-fachleuten\/#primaryimage","url":"https:\/\/www.organisator.ch\/wp-content\/uploads\/2023\/03\/Jobwachstum-dank-hoher-Nachfrage-nach-IT-Fachleuten_Organisator.jpg","contentUrl":"https:\/\/www.organisator.ch\/wp-content\/uploads\/2023\/03\/Jobwachstum-dank-hoher-Nachfrage-nach-IT-Fachleuten_Organisator.jpg","width":680,"height":496,"caption":"Das Jobwachstum h\u00e4lt an. Vor allem der IT-Sektor schafft laufend neue Stellen. (Bild: Pixabay.com)"},{"@type":"BreadcrumbList","@id":"https:\/\/www.organisator.ch\/human-resources\/2023-03-01\/jobwachstum-dank-hoher-nachfrage-nach-it-fachleuten\/#breadcrumb","itemListElement":[{"@type":"ListItem","position":1,"name":"Home","item":"https:\/\/www.organisator.ch\/"},{"@type":"ListItem","position":2,"name":"Jobwachstum dank hoher Nachfrage nach IT-Fachleuten"}]},{"@type":"WebSite","@id":"https:\/\/www.organisator.ch\/#website","url":"https:\/\/www.organisator.ch\/","name":"Organizer","description":"Competent. Practical. In 10 issues per year, ORGANISATOR presents the essential topics for managers of SMEs.","publisher":{"@id":"https:\/\/www.organisator.ch\/#organization"},"potentialAction":[{"@type":"SearchAction","target":{"@type":"EntryPoint","urlTemplate":"https:\/\/www.organisator.ch\/?s={search_term_string}"},"query-input":{"@type":"PropertyValueSpecification","valueRequired":true,"valueName":"search_term_string"}}],"inLanguage":"en-US"},{"@type":"Organization","@id":"https:\/\/www.organisator.ch\/#organization","name":"Organizer","url":"https:\/\/www.organisator.ch\/","logo":{"@type":"ImageObject","inLanguage":"en-US","@id":"https:\/\/www.organisator.ch\/#\/schema\/logo\/image\/","url":"https:\/\/www.organisator.ch\/wp-content\/uploads\/2022\/01\/Logo_Organisator_Website.png","contentUrl":"https:\/\/www.organisator.ch\/wp-content\/uploads\/2022\/01\/Logo_Organisator_Website.png","width":800,"height":77,"caption":"Organisator"},"image":{"@id":"https:\/\/www.organisator.ch\/#\/schema\/logo\/image\/"},"sameAs":["https:\/\/www.facebook.com\/OrganisatorFachmagazin","https:\/\/www.linkedin.com\/showcase\/organisator-das-magazin-fr-kmu","https:\/\/www.xing.com\/news\/pages\/organisator-ch-695","https:\/\/www.youtube.com\/channel\/UCGP2Sq0iWaZwT3BdIAQFYpw"]},{"@type":"Person","@id":"https:\/\/www.organisator.ch\/#\/schema\/person\/6f650f90b2842cd4c0cc334b4e36f67e","name":"thomas.berner","image":{"@type":"ImageObject","inLanguage":"en-US","@id":"https:\/\/secure.gravatar.com\/avatar\/ac5001d2a36cb6c6cd3e50789007ffca834b477b74a2144564522e944eabff61?s=96&d=mm&r=g","url":"https:\/\/secure.gravatar.com\/avatar\/ac5001d2a36cb6c6cd3e50789007ffca834b477b74a2144564522e944eabff61?s=96&d=mm&r=g","contentUrl":"https:\/\/secure.gravatar.com\/avatar\/ac5001d2a36cb6c6cd3e50789007ffca834b477b74a2144564522e944eabff61?s=96&d=mm&r=g","caption":"thomas.berner"},"url":"https:\/\/www.organisator.ch\/en\/author\/thomas-berner\/"}]}},"_links":{"self":[{"href":"https:\/\/www.organisator.ch\/en\/wp-json\/wp\/v2\/posts\/19127","targetHints":{"allow":["GET"]}}],"collection":[{"href":"https:\/\/www.organisator.ch\/en\/wp-json\/wp\/v2\/posts"}],"about":[{"href":"https:\/\/www.organisator.ch\/en\/wp-json\/wp\/v2\/types\/post"}],"author":[{"embeddable":true,"href":"https:\/\/www.organisator.ch\/en\/wp-json\/wp\/v2\/users\/4"}],"replies":[{"embeddable":true,"href":"https:\/\/www.organisator.ch\/en\/wp-json\/wp\/v2\/comments?post=19127"}],"version-history":[{"count":2,"href":"https:\/\/www.organisator.ch\/en\/wp-json\/wp\/v2\/posts\/19127\/revisions"}],"predecessor-version":[{"id":19130,"href":"https:\/\/www.organisator.ch\/en\/wp-json\/wp\/v2\/posts\/19127\/revisions\/19130"}],"wp:featuredmedia":[{"embeddable":true,"href":"https:\/\/www.organisator.ch\/en\/wp-json\/wp\/v2\/media\/19129"}],"wp:attachment":[{"href":"https:\/\/www.organisator.ch\/en\/wp-json\/wp\/v2\/media?parent=19127"}],"wp:term":[{"taxonomy":"category","embeddable":true,"href":"https:\/\/www.organisator.ch\/en\/wp-json\/wp\/v2\/categories?post=19127"},{"taxonomy":"post_tag","embeddable":true,"href":"https:\/\/www.organisator.ch\/en\/wp-json\/wp\/v2\/tags?post=19127"}],"curies":[{"name":"wp","href":"https:\/\/api.w.org\/{rel}","templated":true}]}}