{"id":1915,"date":"2017-05-11T15:58:38","date_gmt":"2017-05-11T13:58:38","guid":{"rendered":"https:\/\/www.organisator.ch\/?p=1915"},"modified":"2017-05-11T15:58:38","modified_gmt":"2017-05-11T13:58:38","slug":"digital-economic-forum-in-zuerich-mit-echter-innovation","status":"publish","type":"post","link":"https:\/\/www.organisator.ch\/en\/management\/it\/2017-05-11\/digital-economic-forum-in-zuerich-mit-echter-innovation\/","title":{"rendered":"Digital Economic Forum in Zurich with real innovation"},"content":{"rendered":"<figure id=\"attachment_1917\" aria-describedby=\"caption-attachment-1917\" style=\"width: 640px\" class=\"wp-caption alignnone\"><img loading=\"lazy\" decoding=\"async\" class=\"size-full wp-image-1917\" src=\"https:\/\/www.organisator.ch\/wp-content\/uploads\/2017\/05\/Digital-Economic-Forum-in-Zuerich-mit-echter-Innovation_Organisator.jpg\" alt=\"\" width=\"640\" height=\"427\" srcset=\"https:\/\/www.organisator.ch\/wp-content\/uploads\/2017\/05\/Digital-Economic-Forum-in-Zuerich-mit-echter-Innovation_Organisator.jpg 640w, https:\/\/www.organisator.ch\/wp-content\/uploads\/2017\/05\/Digital-Economic-Forum-in-Zuerich-mit-echter-Innovation_Organisator-16x12.jpg 16w, https:\/\/www.organisator.ch\/wp-content\/uploads\/2017\/05\/Digital-Economic-Forum-in-Zuerich-mit-echter-Innovation_Organisator-262x175.jpg 262w, https:\/\/www.organisator.ch\/wp-content\/uploads\/2017\/05\/Digital-Economic-Forum-in-Zuerich-mit-echter-Innovation_Organisator-525x350.jpg 525w, https:\/\/www.organisator.ch\/wp-content\/uploads\/2017\/05\/Digital-Economic-Forum-in-Zuerich-mit-echter-Innovation_Organisator-300x200.jpg 300w\" sizes=\"auto, (max-width: 640px) 100vw, 640px\" \/><figcaption id=\"caption-attachment-1917\" class=\"wp-caption-text\">Anonymous and masked: The FIL hacker at the Digital Economic Forum. (Image: PD \/ zVg)<\/figcaption><\/figure>\n<p>A youngster, a communications punk, a hacker and several other speakers from business, politics and society: they were responsible for an exciting mix of topics at this year's Digital Economic Forum. The massive impact of unstoppable digitization on society and cyber security were the focus of the conference, which was sold out with around 250 guests. Philipp Riederle - just the \"youngster\" and digital native - presented the demands of Millennials on jobs and life. Author, blogger and strategy consultant Sascha Lobo said, among other things, that it is not technology that is changing our world, but the way we deal with it. And all illusions of a secure cyber world were destroyed by the \"gentleman hacker\" FIL from Team Red: He made it clear that private individuals, organizations and companies who become the target of a hacker attack have no chance to defend themselves. What is important, he said, is personal behavior and awareness that this insecurity is permanent. As the DDPS officer responsible for risk analysis in all matters of information and cyber security, Ferdinand Kobelt knew about the massive relevance, the enormous opportunities, but also the unprecedented risks of the Internet of Things, which can no longer be stopped. Business philosopher Anders Indset concluded with a forceful call for yesterday's philosophy to be paired with tomorrow's science and technology. In various business tracks, the Digital Economic Forum also presented successful visions, concepts and ideas for overcoming digital challenges.<\/p>\n<p>However, the announcement of the realization of the digital canton of Glarus caused a sensation at the Digital Economic Forum. <span style=\"font-size: medium;\">Within just 12 weeks, Glarner Kantonalbank, together with the cantonal technical operations and HIAG Data AG, created the basis for the \"<\/span><span style=\"font-size: medium;\">fastest and cheapest data highway in the Alps\" has been created, according to the statement. This project is intended to form a new basis for doing business in a peripheral region so that the \"digital divide\" can be overcome. <\/span>\"The interaction of the various stakeholders to create good framework conditions for investments is obviously easier in rural areas than in urban anonymity,\" Landolt explained at a media roundtable and panel discussion at DEF. Politicians, he said, do not need to regulate either regionally or nationally, but rather allow such projects and enjoy them. For Glarus, he said, this digital infrastructure is of eminent importance, also to break commuter flows in both directions and to realize an optimal basis for doing business. Hanspeter Tinner, COO of HIAG Data AG, made it clear that the company, as a technical enabler, is fundamentally interested in digitally opening up industrial sectors and offering companies the infrastructure they need for the new world of work. Accordingly, Tinner explained that there was great interest in working with Glarner Kantonalbank as the initiator to realize an innovative, fast and, above all, secure network for the entire region. \"With 9.6 terrabits, we are providing the largest bandwidth for an independent, fast and affordable fiber optic network to which business-critical applications and data can be connected. Digitalization and business are now being brought together, Ralf Luchsinger, CIO of Glarner Kantonalbank and Vice President of the N\u00fcGlarus initiative, which was also newly founded, continued. This initiative is intended to help ensure that new startup services and co-working opportunities are realized in all larger towns via the fastest and cheapest data highway in the Alps. It also aims to support joint innovation structures and the administration in the introduction of e-government. The digital canton now offers a huge toolbox and N\u00fcGlarus has the task of communicating this potential, added Hanspeter Tinner.<\/p>\n<p><em>More information on the <a href=\"http:\/\/www.digitaleconomicforum.ch\/default.shtml\">Website of the meeting<\/a><\/em><\/p>\n<p>&nbsp;<\/p>","protected":false},"excerpt":{"rendered":"<p>Ein Jungspund, ein Kommunikationspunk, ein Hacker und etliche andere Referenten aus Wirtschaft, Politik und Gesellschaft: Sie waren verantwortlich f\u00fcr einen spannenden Themenmix am diesj\u00e4hrigen Digital Economic Forum. Die massiven Auswirkungen der unaufhaltsamen Digitalisierung auf die Gesellschaft und die Cyber Security standen im Zentrum der mit ca. 250 G\u00e4sten ausverkauften Tagung. Philipp Riederle &#8211; eben der [&hellip;]<\/p>\n","protected":false},"author":4,"featured_media":1919,"comment_status":"open","ping_status":"open","sticky":false,"template":"","format":"standard","meta":{"_acf_changed":false,"_yoast_wpseo_focuskw":"Digital Economic Forum","_yoast_wpseo_metadesc":"Spannende Referenten - aber auch die Pr\u00e4sentation eines kantonalen Digitalisierungsprojekts: Das dritte Digital Economic Forum zog alle Register.","articlekey":"","footnotes":""},"categories":[27],"tags":[142,156,286,502],"class_list":["post-1915","post","type-post","status-publish","format-standard","has-post-thumbnail","hentry","category-it","tag-cyber-crime","tag-digitalisierung","tag-it","tag-veranstaltungen"],"acf":[],"yoast_head":"<!-- This site is optimized with the Yoast SEO plugin v27.5 - https:\/\/yoast.com\/product\/yoast-seo-wordpress\/ -->\n<title>Digital Economic Forum in Z\u00fcrich mit echter Innovation - Organisator<\/title>\n<meta name=\"description\" content=\"Spannende Referenten - aber auch die Pr\u00e4sentation eines kantonalen Digitalisierungsprojekts: Das dritte Digital Economic Forum zog alle Register.\" \/>\n<meta name=\"robots\" content=\"index, follow, max-snippet:-1, max-image-preview:large, max-video-preview:-1\" \/>\n<link rel=\"canonical\" href=\"https:\/\/www.organisator.ch\/en\/management\/it\/2017-05-11\/digital-economic-forum-in-zuerich-mit-echter-innovation\/\" \/>\n<meta property=\"og:locale\" content=\"en_US\" \/>\n<meta property=\"og:type\" content=\"article\" \/>\n<meta property=\"og:title\" content=\"Digital Economic Forum in Z\u00fcrich mit echter Innovation\" \/>\n<meta property=\"og:description\" content=\"Spannende Referenten - aber auch die Pr\u00e4sentation eines kantonalen #Digitalisierungsprojekts: Das dritte Digital Economic Forum vom 9. und 10. Mai in Z\u00fcrich zog alle Register.\" \/>\n<meta property=\"og:url\" content=\"https:\/\/www.organisator.ch\/en\/management\/it\/2017-05-11\/digital-economic-forum-in-zuerich-mit-echter-innovation\/\" \/>\n<meta property=\"og:site_name\" content=\"Organisator\" \/>\n<meta property=\"article:publisher\" content=\"https:\/\/www.facebook.com\/OrganisatorFachmagazin\" \/>\n<meta property=\"article:published_time\" content=\"2017-05-11T13:58:38+00:00\" \/>\n<meta property=\"og:image\" content=\"https:\/\/www.organisator.ch\/wp-content\/uploads\/2017\/05\/Digital-Economic-Forum-in-Zuerich-mit-echter-Innovation_Organisator.jpg\" \/>\n\t<meta property=\"og:image:width\" content=\"640\" \/>\n\t<meta property=\"og:image:height\" content=\"427\" \/>\n\t<meta property=\"og:image:type\" content=\"image\/jpeg\" \/>\n<meta name=\"author\" content=\"thomas.berner\" \/>\n<meta name=\"twitter:card\" content=\"summary_large_image\" \/>\n<script type=\"application\/ld+json\" class=\"yoast-schema-graph\">{\"@context\":\"https:\\\/\\\/schema.org\",\"@graph\":[{\"@type\":\"Article\",\"@id\":\"https:\\\/\\\/www.organisator.ch\\\/management\\\/it\\\/2017-05-11\\\/digital-economic-forum-in-zuerich-mit-echter-innovation\\\/#article\",\"isPartOf\":{\"@id\":\"https:\\\/\\\/www.organisator.ch\\\/management\\\/it\\\/2017-05-11\\\/digital-economic-forum-in-zuerich-mit-echter-innovation\\\/\"},\"author\":{\"name\":\"thomas.berner\",\"@id\":\"https:\\\/\\\/www.organisator.ch\\\/#\\\/schema\\\/person\\\/6f650f90b2842cd4c0cc334b4e36f67e\"},\"headline\":\"Digital Economic Forum in Z\u00fcrich mit echter Innovation\",\"datePublished\":\"2017-05-11T13:58:38+00:00\",\"mainEntityOfPage\":{\"@id\":\"https:\\\/\\\/www.organisator.ch\\\/management\\\/it\\\/2017-05-11\\\/digital-economic-forum-in-zuerich-mit-echter-innovation\\\/\"},\"wordCount\":615,\"commentCount\":0,\"publisher\":{\"@id\":\"https:\\\/\\\/www.organisator.ch\\\/#organization\"},\"image\":{\"@id\":\"https:\\\/\\\/www.organisator.ch\\\/management\\\/it\\\/2017-05-11\\\/digital-economic-forum-in-zuerich-mit-echter-innovation\\\/#primaryimage\"},\"thumbnailUrl\":\"https:\\\/\\\/www.organisator.ch\\\/wp-content\\\/uploads\\\/2017\\\/05\\\/Digital-Economic-Forum-in-Zuerich-mit-echter-Innovation-2_Organisator.jpg\",\"keywords\":[\"Cyber-Crime\",\"Digitalisierung\",\"IT\",\"Veranstaltungen\"],\"articleSection\":[\"IT\"],\"inLanguage\":\"en-US\"},{\"@type\":\"WebPage\",\"@id\":\"https:\\\/\\\/www.organisator.ch\\\/management\\\/it\\\/2017-05-11\\\/digital-economic-forum-in-zuerich-mit-echter-innovation\\\/\",\"url\":\"https:\\\/\\\/www.organisator.ch\\\/management\\\/it\\\/2017-05-11\\\/digital-economic-forum-in-zuerich-mit-echter-innovation\\\/\",\"name\":\"Digital Economic Forum in Z\u00fcrich mit echter Innovation - Organisator\",\"isPartOf\":{\"@id\":\"https:\\\/\\\/www.organisator.ch\\\/#website\"},\"primaryImageOfPage\":{\"@id\":\"https:\\\/\\\/www.organisator.ch\\\/management\\\/it\\\/2017-05-11\\\/digital-economic-forum-in-zuerich-mit-echter-innovation\\\/#primaryimage\"},\"image\":{\"@id\":\"https:\\\/\\\/www.organisator.ch\\\/management\\\/it\\\/2017-05-11\\\/digital-economic-forum-in-zuerich-mit-echter-innovation\\\/#primaryimage\"},\"thumbnailUrl\":\"https:\\\/\\\/www.organisator.ch\\\/wp-content\\\/uploads\\\/2017\\\/05\\\/Digital-Economic-Forum-in-Zuerich-mit-echter-Innovation-2_Organisator.jpg\",\"datePublished\":\"2017-05-11T13:58:38+00:00\",\"description\":\"Spannende Referenten - aber auch die Pr\u00e4sentation eines kantonalen Digitalisierungsprojekts: Das dritte Digital Economic Forum zog alle Register.\",\"breadcrumb\":{\"@id\":\"https:\\\/\\\/www.organisator.ch\\\/management\\\/it\\\/2017-05-11\\\/digital-economic-forum-in-zuerich-mit-echter-innovation\\\/#breadcrumb\"},\"inLanguage\":\"en-US\",\"potentialAction\":[{\"@type\":\"ReadAction\",\"target\":[\"https:\\\/\\\/www.organisator.ch\\\/management\\\/it\\\/2017-05-11\\\/digital-economic-forum-in-zuerich-mit-echter-innovation\\\/\"]}]},{\"@type\":\"ImageObject\",\"inLanguage\":\"en-US\",\"@id\":\"https:\\\/\\\/www.organisator.ch\\\/management\\\/it\\\/2017-05-11\\\/digital-economic-forum-in-zuerich-mit-echter-innovation\\\/#primaryimage\",\"url\":\"https:\\\/\\\/www.organisator.ch\\\/wp-content\\\/uploads\\\/2017\\\/05\\\/Digital-Economic-Forum-in-Zuerich-mit-echter-Innovation-2_Organisator.jpg\",\"contentUrl\":\"https:\\\/\\\/www.organisator.ch\\\/wp-content\\\/uploads\\\/2017\\\/05\\\/Digital-Economic-Forum-in-Zuerich-mit-echter-Innovation-2_Organisator.jpg\",\"width\":640,\"height\":425,\"caption\":\"????????????????????????????????????\"},{\"@type\":\"BreadcrumbList\",\"@id\":\"https:\\\/\\\/www.organisator.ch\\\/management\\\/it\\\/2017-05-11\\\/digital-economic-forum-in-zuerich-mit-echter-innovation\\\/#breadcrumb\",\"itemListElement\":[{\"@type\":\"ListItem\",\"position\":1,\"name\":\"Home\",\"item\":\"https:\\\/\\\/www.organisator.ch\\\/\"},{\"@type\":\"ListItem\",\"position\":2,\"name\":\"Digital Economic Forum in Z\u00fcrich mit echter Innovation\"}]},{\"@type\":\"WebSite\",\"@id\":\"https:\\\/\\\/www.organisator.ch\\\/#website\",\"url\":\"https:\\\/\\\/www.organisator.ch\\\/\",\"name\":\"Organisator\",\"description\":\"Kompetent. Praxisnah. Der ORGANISATOR bereitet in 10 Ausgaben pro Jahr die wesentlichen Themen f\u00fcr F\u00fchrungskr\u00e4fte von KMU auf.\",\"publisher\":{\"@id\":\"https:\\\/\\\/www.organisator.ch\\\/#organization\"},\"potentialAction\":[{\"@type\":\"SearchAction\",\"target\":{\"@type\":\"EntryPoint\",\"urlTemplate\":\"https:\\\/\\\/www.organisator.ch\\\/?s={search_term_string}\"},\"query-input\":{\"@type\":\"PropertyValueSpecification\",\"valueRequired\":true,\"valueName\":\"search_term_string\"}}],\"inLanguage\":\"en-US\"},{\"@type\":\"Organization\",\"@id\":\"https:\\\/\\\/www.organisator.ch\\\/#organization\",\"name\":\"Organisator\",\"url\":\"https:\\\/\\\/www.organisator.ch\\\/\",\"logo\":{\"@type\":\"ImageObject\",\"inLanguage\":\"en-US\",\"@id\":\"https:\\\/\\\/www.organisator.ch\\\/#\\\/schema\\\/logo\\\/image\\\/\",\"url\":\"https:\\\/\\\/www.organisator.ch\\\/wp-content\\\/uploads\\\/2022\\\/01\\\/Logo_Organisator_Website.png\",\"contentUrl\":\"https:\\\/\\\/www.organisator.ch\\\/wp-content\\\/uploads\\\/2022\\\/01\\\/Logo_Organisator_Website.png\",\"width\":800,\"height\":77,\"caption\":\"Organisator\"},\"image\":{\"@id\":\"https:\\\/\\\/www.organisator.ch\\\/#\\\/schema\\\/logo\\\/image\\\/\"},\"sameAs\":[\"https:\\\/\\\/www.facebook.com\\\/OrganisatorFachmagazin\",\"https:\\\/\\\/www.linkedin.com\\\/showcase\\\/organisator-das-magazin-fr-kmu\",\"https:\\\/\\\/www.xing.com\\\/news\\\/pages\\\/organisator-ch-695\",\"https:\\\/\\\/www.youtube.com\\\/channel\\\/UCGP2Sq0iWaZwT3BdIAQFYpw\"]},{\"@type\":\"Person\",\"@id\":\"https:\\\/\\\/www.organisator.ch\\\/#\\\/schema\\\/person\\\/6f650f90b2842cd4c0cc334b4e36f67e\",\"name\":\"thomas.berner\",\"image\":{\"@type\":\"ImageObject\",\"inLanguage\":\"en-US\",\"@id\":\"https:\\\/\\\/secure.gravatar.com\\\/avatar\\\/ac5001d2a36cb6c6cd3e50789007ffca834b477b74a2144564522e944eabff61?s=96&d=mm&r=g\",\"url\":\"https:\\\/\\\/secure.gravatar.com\\\/avatar\\\/ac5001d2a36cb6c6cd3e50789007ffca834b477b74a2144564522e944eabff61?s=96&d=mm&r=g\",\"contentUrl\":\"https:\\\/\\\/secure.gravatar.com\\\/avatar\\\/ac5001d2a36cb6c6cd3e50789007ffca834b477b74a2144564522e944eabff61?s=96&d=mm&r=g\",\"caption\":\"thomas.berner\"},\"url\":\"https:\\\/\\\/www.organisator.ch\\\/en\\\/author\\\/thomas-berner\\\/\"}]}<\/script>\n<!-- \/ Yoast SEO plugin. -->","yoast_head_json":{"title":"Digital Economic Forum in Zurich with real innovation - organizer","description":"Exciting speakers - but also the presentation of a cantonal digitization project: The third Digital Economic Forum pulled out all the stops.","robots":{"index":"index","follow":"follow","max-snippet":"max-snippet:-1","max-image-preview":"max-image-preview:large","max-video-preview":"max-video-preview:-1"},"canonical":"https:\/\/www.organisator.ch\/en\/management\/it\/2017-05-11\/digital-economic-forum-in-zuerich-mit-echter-innovation\/","og_locale":"en_US","og_type":"article","og_title":"Digital Economic Forum in Z\u00fcrich mit echter Innovation","og_description":"Spannende Referenten - aber auch die Pr\u00e4sentation eines kantonalen #Digitalisierungsprojekts: Das dritte Digital Economic Forum vom 9. und 10. Mai in Z\u00fcrich zog alle Register.","og_url":"https:\/\/www.organisator.ch\/en\/management\/it\/2017-05-11\/digital-economic-forum-in-zuerich-mit-echter-innovation\/","og_site_name":"Organisator","article_publisher":"https:\/\/www.facebook.com\/OrganisatorFachmagazin","article_published_time":"2017-05-11T13:58:38+00:00","og_image":[{"width":640,"height":427,"url":"https:\/\/www.organisator.ch\/wp-content\/uploads\/2017\/05\/Digital-Economic-Forum-in-Zuerich-mit-echter-Innovation_Organisator.jpg","type":"image\/jpeg"}],"author":"thomas.berner","twitter_card":"summary_large_image","schema":{"@context":"https:\/\/schema.org","@graph":[{"@type":"Article","@id":"https:\/\/www.organisator.ch\/management\/it\/2017-05-11\/digital-economic-forum-in-zuerich-mit-echter-innovation\/#article","isPartOf":{"@id":"https:\/\/www.organisator.ch\/management\/it\/2017-05-11\/digital-economic-forum-in-zuerich-mit-echter-innovation\/"},"author":{"name":"thomas.berner","@id":"https:\/\/www.organisator.ch\/#\/schema\/person\/6f650f90b2842cd4c0cc334b4e36f67e"},"headline":"Digital Economic Forum in Z\u00fcrich mit echter Innovation","datePublished":"2017-05-11T13:58:38+00:00","mainEntityOfPage":{"@id":"https:\/\/www.organisator.ch\/management\/it\/2017-05-11\/digital-economic-forum-in-zuerich-mit-echter-innovation\/"},"wordCount":615,"commentCount":0,"publisher":{"@id":"https:\/\/www.organisator.ch\/#organization"},"image":{"@id":"https:\/\/www.organisator.ch\/management\/it\/2017-05-11\/digital-economic-forum-in-zuerich-mit-echter-innovation\/#primaryimage"},"thumbnailUrl":"https:\/\/www.organisator.ch\/wp-content\/uploads\/2017\/05\/Digital-Economic-Forum-in-Zuerich-mit-echter-Innovation-2_Organisator.jpg","keywords":["Cyber-Crime","Digitalisierung","IT","Veranstaltungen"],"articleSection":["IT"],"inLanguage":"en-US"},{"@type":"WebPage","@id":"https:\/\/www.organisator.ch\/management\/it\/2017-05-11\/digital-economic-forum-in-zuerich-mit-echter-innovation\/","url":"https:\/\/www.organisator.ch\/management\/it\/2017-05-11\/digital-economic-forum-in-zuerich-mit-echter-innovation\/","name":"Digital Economic Forum in Zurich with real innovation - organizer","isPartOf":{"@id":"https:\/\/www.organisator.ch\/#website"},"primaryImageOfPage":{"@id":"https:\/\/www.organisator.ch\/management\/it\/2017-05-11\/digital-economic-forum-in-zuerich-mit-echter-innovation\/#primaryimage"},"image":{"@id":"https:\/\/www.organisator.ch\/management\/it\/2017-05-11\/digital-economic-forum-in-zuerich-mit-echter-innovation\/#primaryimage"},"thumbnailUrl":"https:\/\/www.organisator.ch\/wp-content\/uploads\/2017\/05\/Digital-Economic-Forum-in-Zuerich-mit-echter-Innovation-2_Organisator.jpg","datePublished":"2017-05-11T13:58:38+00:00","description":"Exciting speakers - but also the presentation of a cantonal digitization project: The third Digital Economic Forum pulled out all the stops.","breadcrumb":{"@id":"https:\/\/www.organisator.ch\/management\/it\/2017-05-11\/digital-economic-forum-in-zuerich-mit-echter-innovation\/#breadcrumb"},"inLanguage":"en-US","potentialAction":[{"@type":"ReadAction","target":["https:\/\/www.organisator.ch\/management\/it\/2017-05-11\/digital-economic-forum-in-zuerich-mit-echter-innovation\/"]}]},{"@type":"ImageObject","inLanguage":"en-US","@id":"https:\/\/www.organisator.ch\/management\/it\/2017-05-11\/digital-economic-forum-in-zuerich-mit-echter-innovation\/#primaryimage","url":"https:\/\/www.organisator.ch\/wp-content\/uploads\/2017\/05\/Digital-Economic-Forum-in-Zuerich-mit-echter-Innovation-2_Organisator.jpg","contentUrl":"https:\/\/www.organisator.ch\/wp-content\/uploads\/2017\/05\/Digital-Economic-Forum-in-Zuerich-mit-echter-Innovation-2_Organisator.jpg","width":640,"height":425,"caption":"????????????????????????????????????"},{"@type":"BreadcrumbList","@id":"https:\/\/www.organisator.ch\/management\/it\/2017-05-11\/digital-economic-forum-in-zuerich-mit-echter-innovation\/#breadcrumb","itemListElement":[{"@type":"ListItem","position":1,"name":"Home","item":"https:\/\/www.organisator.ch\/"},{"@type":"ListItem","position":2,"name":"Digital Economic Forum in Z\u00fcrich mit echter Innovation"}]},{"@type":"WebSite","@id":"https:\/\/www.organisator.ch\/#website","url":"https:\/\/www.organisator.ch\/","name":"Organizer","description":"Competent. Practical. In 10 issues per year, ORGANISATOR presents the essential topics for managers of SMEs.","publisher":{"@id":"https:\/\/www.organisator.ch\/#organization"},"potentialAction":[{"@type":"SearchAction","target":{"@type":"EntryPoint","urlTemplate":"https:\/\/www.organisator.ch\/?s={search_term_string}"},"query-input":{"@type":"PropertyValueSpecification","valueRequired":true,"valueName":"search_term_string"}}],"inLanguage":"en-US"},{"@type":"Organization","@id":"https:\/\/www.organisator.ch\/#organization","name":"Organizer","url":"https:\/\/www.organisator.ch\/","logo":{"@type":"ImageObject","inLanguage":"en-US","@id":"https:\/\/www.organisator.ch\/#\/schema\/logo\/image\/","url":"https:\/\/www.organisator.ch\/wp-content\/uploads\/2022\/01\/Logo_Organisator_Website.png","contentUrl":"https:\/\/www.organisator.ch\/wp-content\/uploads\/2022\/01\/Logo_Organisator_Website.png","width":800,"height":77,"caption":"Organisator"},"image":{"@id":"https:\/\/www.organisator.ch\/#\/schema\/logo\/image\/"},"sameAs":["https:\/\/www.facebook.com\/OrganisatorFachmagazin","https:\/\/www.linkedin.com\/showcase\/organisator-das-magazin-fr-kmu","https:\/\/www.xing.com\/news\/pages\/organisator-ch-695","https:\/\/www.youtube.com\/channel\/UCGP2Sq0iWaZwT3BdIAQFYpw"]},{"@type":"Person","@id":"https:\/\/www.organisator.ch\/#\/schema\/person\/6f650f90b2842cd4c0cc334b4e36f67e","name":"thomas.berner","image":{"@type":"ImageObject","inLanguage":"en-US","@id":"https:\/\/secure.gravatar.com\/avatar\/ac5001d2a36cb6c6cd3e50789007ffca834b477b74a2144564522e944eabff61?s=96&d=mm&r=g","url":"https:\/\/secure.gravatar.com\/avatar\/ac5001d2a36cb6c6cd3e50789007ffca834b477b74a2144564522e944eabff61?s=96&d=mm&r=g","contentUrl":"https:\/\/secure.gravatar.com\/avatar\/ac5001d2a36cb6c6cd3e50789007ffca834b477b74a2144564522e944eabff61?s=96&d=mm&r=g","caption":"thomas.berner"},"url":"https:\/\/www.organisator.ch\/en\/author\/thomas-berner\/"}]}},"_links":{"self":[{"href":"https:\/\/www.organisator.ch\/en\/wp-json\/wp\/v2\/posts\/1915","targetHints":{"allow":["GET"]}}],"collection":[{"href":"https:\/\/www.organisator.ch\/en\/wp-json\/wp\/v2\/posts"}],"about":[{"href":"https:\/\/www.organisator.ch\/en\/wp-json\/wp\/v2\/types\/post"}],"author":[{"embeddable":true,"href":"https:\/\/www.organisator.ch\/en\/wp-json\/wp\/v2\/users\/4"}],"replies":[{"embeddable":true,"href":"https:\/\/www.organisator.ch\/en\/wp-json\/wp\/v2\/comments?post=1915"}],"version-history":[{"count":0,"href":"https:\/\/www.organisator.ch\/en\/wp-json\/wp\/v2\/posts\/1915\/revisions"}],"wp:featuredmedia":[{"embeddable":true,"href":"https:\/\/www.organisator.ch\/en\/wp-json\/wp\/v2\/media\/1919"}],"wp:attachment":[{"href":"https:\/\/www.organisator.ch\/en\/wp-json\/wp\/v2\/media?parent=1915"}],"wp:term":[{"taxonomy":"category","embeddable":true,"href":"https:\/\/www.organisator.ch\/en\/wp-json\/wp\/v2\/categories?post=1915"},{"taxonomy":"post_tag","embeddable":true,"href":"https:\/\/www.organisator.ch\/en\/wp-json\/wp\/v2\/tags?post=1915"}],"curies":[{"name":"wp","href":"https:\/\/api.w.org\/{rel}","templated":true}]}}