{"id":19183,"date":"2023-03-06T07:49:43","date_gmt":"2023-03-06T06:49:43","guid":{"rendered":"https:\/\/www.organisator.ch\/?p=19183"},"modified":"2023-03-06T07:49:43","modified_gmt":"2023-03-06T06:49:43","slug":"zeitreise-durch-die-kaufmaennische-geschichte","status":"publish","type":"post","link":"https:\/\/www.organisator.ch\/en\/weiterbildung\/2023-03-06\/zeitreise-durch-die-kaufmaennische-geschichte\/","title":{"rendered":"Time travel through commercial history"},"content":{"rendered":"<figure id=\"attachment_19184\" aria-describedby=\"caption-attachment-19184\" style=\"width: 680px\" class=\"wp-caption alignnone\"><img loading=\"lazy\" decoding=\"async\" class=\"size-full wp-image-19184\" src=\"https:\/\/www.organisator.ch\/wp-content\/uploads\/2023\/03\/Zeitreise-durch-die-kaufmaennische-Geschichte_Organisator.jpg\" alt=\"\" width=\"680\" height=\"383\" srcset=\"https:\/\/www.organisator.ch\/wp-content\/uploads\/2023\/03\/Zeitreise-durch-die-kaufmaennische-Geschichte_Organisator.jpg 680w, https:\/\/www.organisator.ch\/wp-content\/uploads\/2023\/03\/Zeitreise-durch-die-kaufmaennische-Geschichte_Organisator-18x10.jpg 18w, https:\/\/www.organisator.ch\/wp-content\/uploads\/2023\/03\/Zeitreise-durch-die-kaufmaennische-Geschichte_Organisator-375x211.jpg 375w, https:\/\/www.organisator.ch\/wp-content\/uploads\/2023\/03\/Zeitreise-durch-die-kaufmaennische-Geschichte_Organisator-621x350.jpg 621w\" sizes=\"auto, (max-width: 680px) 100vw, 680px\" \/><figcaption id=\"caption-attachment-19184\" class=\"wp-caption-text\">A specially designed website takes interested parties on a journey through 150 years of commercial history. (Image: Swiss Commercial Association)<\/figcaption><\/figure>\n<p><a href=\"https:\/\/www.organisator.ch\/de\/weiterbildung\/2023-01-04\/der-kaufmaennische-verband-schweiz-feiert-sein-150-jaehriges-bestehen\/\">On the occasion of its 150th anniversary<\/a> the Swiss Commercial Association is launching an immersive campaign that takes you back in time to the association's beginnings in the 1870s. Education and lifelong learning have always been firmly anchored in the DNA of the Swiss Commercial Association. Committed to constantly developing the professions and promoting the dual education system, the association has made the commercial professions what they are today: an absolutely central pillar for the Swiss economy and working world.<\/p>\n<h3>Audio contributions, videos and texts from 150 years of association history<\/h3>\n<p>In the anniversary campaign \"<a href=\"https:\/\/buerogeschichten.ch\/\">buerogeschichten.ch<\/a>In the \"Businessmen and women\" section, former professionals, current apprentices, association representatives, partner organizations and politicians have their say. Whether you filter by topic or browse through the contributions over time, they all provide a lively insight into the 150-year history of the association. Among the more than 350 online contributions are some amusing trouvailles: old documents, silent films, video contributions and sources that seem curious and sometimes strange from today's perspective. An 1871 office regulation states, \"The taking of food is permitted between 11:30 a.m. and 12:00 p.m., but work may not be stopped in the process.\" The first woman was admitted to vocational courses in 1901. A film clip from the 1960s shows screaming stock traders at ringside. Throughout the decades, merchants recount their apprenticeship experience. Letters from the future give a glimpse of where the CT professions are headed in the coming decades.<\/p>\n<h3>Other times, other customs<\/h3>\n<p>The \"buerogeschichten.ch\" campaign documents the transformation of the association, the Swiss education system and commercial job profiles. And it provides an illuminating insight into the development of our society and the associated role models. With individual contributions, you can't help but be amazed - and delighted by these milestones.<\/p>\n<p>The anniversary campaign was created in collaboration with the subsidiaries Hochschule f\u00fcr Wirtschaft Z\u00fcrich HWZ and Schweizerisches Institut f\u00fcr Betriebs\u00f6konomie SIB and accompanied by a historian. The material comes from the archives of the Swiss Commercial Association and is freely accessible in the Swiss Social Archive in Zurich. Concept, design and implementation were carried out by the agency Partner &amp; Partner AG from Winterthur. The campaign was officially launched by the Swiss Merchants' Association at its celebratory event on March 3, 2023.<\/p>\n<p><em>Source: <a href=\"http:\/\/www.kfmv.ch\">www.kfmv.ch<\/a><\/em><\/p>","protected":false},"excerpt":{"rendered":"<p>Anl\u00e4sslich seines 150-j\u00e4hrigen Bestehens lanciert der Kaufm\u00e4nnische Verband Schweiz eine immersive Kampagne, die eine Zeitreise bis zu den Anf\u00e4ngen des Verbands in den 1870er Jahren erm\u00f6glicht. Seit jeher sind Bildung und lebenslanges Lernen fest in der DNA des Kaufm\u00e4nnischen Verbands Schweiz verankert. Engagiert die Berufsbilder stetig weiterzuentwickeln und das duale Bildungssystem zu f\u00f6rdern, hat der [&hellip;]<\/p>\n","protected":false},"author":4,"featured_media":19184,"comment_status":"closed","ping_status":"closed","sticky":false,"template":"","format":"standard","meta":{"_acf_changed":false,"_yoast_wpseo_focuskw":"Zeitreise","_yoast_wpseo_metadesc":"Die Kampagne \u00abbuerogeschichten.ch\u00bb ist eine Zeitreise durch die 150-j\u00e4hrige Geschichte des Kaufm\u00e4nnischen Verbands Schweiz.","articlekey":"","footnotes":""},"categories":[30],"tags":[240,292,503],"class_list":["post-19183","post","type-post","status-publish","format-standard","has-post-thumbnail","hentry","category-weiterbildung","tag-geschichte","tag-jubilaeum","tag-verbaende"],"acf":[],"yoast_head":"<!-- This site is optimized with the Yoast SEO plugin v27.5 - https:\/\/yoast.com\/product\/yoast-seo-wordpress\/ -->\n<title>Zeitreise durch die kaufm\u00e4nnische Geschichte - Organisator<\/title>\n<meta name=\"description\" content=\"Die Kampagne \u00abbuerogeschichten.ch\u00bb ist eine Zeitreise durch die 150-j\u00e4hrige Geschichte des Kaufm\u00e4nnischen Verbands Schweiz.\" \/>\n<meta name=\"robots\" content=\"index, follow, max-snippet:-1, max-image-preview:large, max-video-preview:-1\" \/>\n<link rel=\"canonical\" href=\"https:\/\/www.organisator.ch\/en\/further-education\/2023-03-06\/zeitreise-durch-die-kaufmaennische-geschichte\/\" \/>\n<meta property=\"og:locale\" content=\"en_US\" \/>\n<meta property=\"og:type\" content=\"article\" \/>\n<meta property=\"og:title\" content=\"Zeitreise durch die kaufm\u00e4nnische Geschichte\" \/>\n<meta property=\"og:description\" content=\"Die Kampagne \u00abbuerogeschichten.ch\u00bb ist eine Zeitreise durch die 150-j\u00e4hrige Geschichte des Kaufm\u00e4nnischen Verbands Schweiz.\" \/>\n<meta property=\"og:url\" content=\"https:\/\/www.organisator.ch\/en\/further-education\/2023-03-06\/zeitreise-durch-die-kaufmaennische-geschichte\/\" \/>\n<meta property=\"og:site_name\" content=\"Organisator\" \/>\n<meta property=\"article:publisher\" content=\"https:\/\/www.facebook.com\/OrganisatorFachmagazin\" \/>\n<meta property=\"article:published_time\" content=\"2023-03-06T06:49:43+00:00\" \/>\n<meta property=\"og:image\" content=\"https:\/\/www.organisator.ch\/wp-content\/uploads\/2023\/03\/Zeitreise-durch-die-kaufmaennische-Geschichte_Organisator.jpg\" \/>\n\t<meta property=\"og:image:width\" content=\"680\" \/>\n\t<meta property=\"og:image:height\" content=\"383\" \/>\n\t<meta property=\"og:image:type\" content=\"image\/jpeg\" \/>\n<meta name=\"author\" content=\"thomas.berner\" \/>\n<meta name=\"twitter:card\" content=\"summary_large_image\" \/>\n<meta name=\"twitter:title\" content=\"#Zeitreise durch die kaufm\u00e4nnische #Geschichte\" \/>\n<meta name=\"twitter:description\" content=\"Die #Kampagne \u00ab#buerogeschichten.ch\u00bb ist eine #Zeitreise durch die 150-j\u00e4hrige #Geschichte des Kaufm\u00e4nnischen Verbands Schweiz.\" \/>\n<meta name=\"twitter:image\" content=\"https:\/\/www.organisator.ch\/wp-content\/uploads\/2023\/03\/Zeitreise-durch-die-kaufmaennische-Geschichte_Organisator.jpg\" \/>\n<script type=\"application\/ld+json\" class=\"yoast-schema-graph\">{\"@context\":\"https:\\\/\\\/schema.org\",\"@graph\":[{\"@type\":\"Article\",\"@id\":\"https:\\\/\\\/www.organisator.ch\\\/weiterbildung\\\/2023-03-06\\\/zeitreise-durch-die-kaufmaennische-geschichte\\\/#article\",\"isPartOf\":{\"@id\":\"https:\\\/\\\/www.organisator.ch\\\/weiterbildung\\\/2023-03-06\\\/zeitreise-durch-die-kaufmaennische-geschichte\\\/\"},\"author\":{\"name\":\"thomas.berner\",\"@id\":\"https:\\\/\\\/www.organisator.ch\\\/#\\\/schema\\\/person\\\/6f650f90b2842cd4c0cc334b4e36f67e\"},\"headline\":\"Zeitreise durch die kaufm\u00e4nnische Geschichte\",\"datePublished\":\"2023-03-06T06:49:43+00:00\",\"mainEntityOfPage\":{\"@id\":\"https:\\\/\\\/www.organisator.ch\\\/weiterbildung\\\/2023-03-06\\\/zeitreise-durch-die-kaufmaennische-geschichte\\\/\"},\"wordCount\":409,\"publisher\":{\"@id\":\"https:\\\/\\\/www.organisator.ch\\\/#organization\"},\"image\":{\"@id\":\"https:\\\/\\\/www.organisator.ch\\\/weiterbildung\\\/2023-03-06\\\/zeitreise-durch-die-kaufmaennische-geschichte\\\/#primaryimage\"},\"thumbnailUrl\":\"https:\\\/\\\/www.organisator.ch\\\/wp-content\\\/uploads\\\/2023\\\/03\\\/Zeitreise-durch-die-kaufmaennische-Geschichte_Organisator.jpg\",\"keywords\":[\"Geschichte\",\"Jubil\u00e4um\",\"Verb\u00e4nde\"],\"articleSection\":[\"WEITERBILDUNG\"],\"inLanguage\":\"en-US\"},{\"@type\":\"WebPage\",\"@id\":\"https:\\\/\\\/www.organisator.ch\\\/weiterbildung\\\/2023-03-06\\\/zeitreise-durch-die-kaufmaennische-geschichte\\\/\",\"url\":\"https:\\\/\\\/www.organisator.ch\\\/weiterbildung\\\/2023-03-06\\\/zeitreise-durch-die-kaufmaennische-geschichte\\\/\",\"name\":\"Zeitreise durch die kaufm\u00e4nnische Geschichte - Organisator\",\"isPartOf\":{\"@id\":\"https:\\\/\\\/www.organisator.ch\\\/#website\"},\"primaryImageOfPage\":{\"@id\":\"https:\\\/\\\/www.organisator.ch\\\/weiterbildung\\\/2023-03-06\\\/zeitreise-durch-die-kaufmaennische-geschichte\\\/#primaryimage\"},\"image\":{\"@id\":\"https:\\\/\\\/www.organisator.ch\\\/weiterbildung\\\/2023-03-06\\\/zeitreise-durch-die-kaufmaennische-geschichte\\\/#primaryimage\"},\"thumbnailUrl\":\"https:\\\/\\\/www.organisator.ch\\\/wp-content\\\/uploads\\\/2023\\\/03\\\/Zeitreise-durch-die-kaufmaennische-Geschichte_Organisator.jpg\",\"datePublished\":\"2023-03-06T06:49:43+00:00\",\"description\":\"Die Kampagne \u00abbuerogeschichten.ch\u00bb ist eine Zeitreise durch die 150-j\u00e4hrige Geschichte des Kaufm\u00e4nnischen Verbands Schweiz.\",\"breadcrumb\":{\"@id\":\"https:\\\/\\\/www.organisator.ch\\\/weiterbildung\\\/2023-03-06\\\/zeitreise-durch-die-kaufmaennische-geschichte\\\/#breadcrumb\"},\"inLanguage\":\"en-US\",\"potentialAction\":[{\"@type\":\"ReadAction\",\"target\":[\"https:\\\/\\\/www.organisator.ch\\\/weiterbildung\\\/2023-03-06\\\/zeitreise-durch-die-kaufmaennische-geschichte\\\/\"]}]},{\"@type\":\"ImageObject\",\"inLanguage\":\"en-US\",\"@id\":\"https:\\\/\\\/www.organisator.ch\\\/weiterbildung\\\/2023-03-06\\\/zeitreise-durch-die-kaufmaennische-geschichte\\\/#primaryimage\",\"url\":\"https:\\\/\\\/www.organisator.ch\\\/wp-content\\\/uploads\\\/2023\\\/03\\\/Zeitreise-durch-die-kaufmaennische-Geschichte_Organisator.jpg\",\"contentUrl\":\"https:\\\/\\\/www.organisator.ch\\\/wp-content\\\/uploads\\\/2023\\\/03\\\/Zeitreise-durch-die-kaufmaennische-Geschichte_Organisator.jpg\",\"width\":680,\"height\":383,\"caption\":\"Eine eigens dazu gestaltete Website nimmt Interessierte mit auf eine Zeitreise durch 150 Jahre kaufm\u00e4nnische Geschichte. (Bild: Kaufm\u00e4nnischer Verband Schweiz)\"},{\"@type\":\"BreadcrumbList\",\"@id\":\"https:\\\/\\\/www.organisator.ch\\\/weiterbildung\\\/2023-03-06\\\/zeitreise-durch-die-kaufmaennische-geschichte\\\/#breadcrumb\",\"itemListElement\":[{\"@type\":\"ListItem\",\"position\":1,\"name\":\"Home\",\"item\":\"https:\\\/\\\/www.organisator.ch\\\/\"},{\"@type\":\"ListItem\",\"position\":2,\"name\":\"Zeitreise durch die kaufm\u00e4nnische Geschichte\"}]},{\"@type\":\"WebSite\",\"@id\":\"https:\\\/\\\/www.organisator.ch\\\/#website\",\"url\":\"https:\\\/\\\/www.organisator.ch\\\/\",\"name\":\"Organisator\",\"description\":\"Kompetent. Praxisnah. Der ORGANISATOR bereitet in 10 Ausgaben pro Jahr die wesentlichen Themen f\u00fcr F\u00fchrungskr\u00e4fte von KMU auf.\",\"publisher\":{\"@id\":\"https:\\\/\\\/www.organisator.ch\\\/#organization\"},\"potentialAction\":[{\"@type\":\"SearchAction\",\"target\":{\"@type\":\"EntryPoint\",\"urlTemplate\":\"https:\\\/\\\/www.organisator.ch\\\/?s={search_term_string}\"},\"query-input\":{\"@type\":\"PropertyValueSpecification\",\"valueRequired\":true,\"valueName\":\"search_term_string\"}}],\"inLanguage\":\"en-US\"},{\"@type\":\"Organization\",\"@id\":\"https:\\\/\\\/www.organisator.ch\\\/#organization\",\"name\":\"Organisator\",\"url\":\"https:\\\/\\\/www.organisator.ch\\\/\",\"logo\":{\"@type\":\"ImageObject\",\"inLanguage\":\"en-US\",\"@id\":\"https:\\\/\\\/www.organisator.ch\\\/#\\\/schema\\\/logo\\\/image\\\/\",\"url\":\"https:\\\/\\\/www.organisator.ch\\\/wp-content\\\/uploads\\\/2022\\\/01\\\/Logo_Organisator_Website.png\",\"contentUrl\":\"https:\\\/\\\/www.organisator.ch\\\/wp-content\\\/uploads\\\/2022\\\/01\\\/Logo_Organisator_Website.png\",\"width\":800,\"height\":77,\"caption\":\"Organisator\"},\"image\":{\"@id\":\"https:\\\/\\\/www.organisator.ch\\\/#\\\/schema\\\/logo\\\/image\\\/\"},\"sameAs\":[\"https:\\\/\\\/www.facebook.com\\\/OrganisatorFachmagazin\",\"https:\\\/\\\/www.linkedin.com\\\/showcase\\\/organisator-das-magazin-fr-kmu\",\"https:\\\/\\\/www.xing.com\\\/news\\\/pages\\\/organisator-ch-695\",\"https:\\\/\\\/www.youtube.com\\\/channel\\\/UCGP2Sq0iWaZwT3BdIAQFYpw\"]},{\"@type\":\"Person\",\"@id\":\"https:\\\/\\\/www.organisator.ch\\\/#\\\/schema\\\/person\\\/6f650f90b2842cd4c0cc334b4e36f67e\",\"name\":\"thomas.berner\",\"image\":{\"@type\":\"ImageObject\",\"inLanguage\":\"en-US\",\"@id\":\"https:\\\/\\\/secure.gravatar.com\\\/avatar\\\/ac5001d2a36cb6c6cd3e50789007ffca834b477b74a2144564522e944eabff61?s=96&d=mm&r=g\",\"url\":\"https:\\\/\\\/secure.gravatar.com\\\/avatar\\\/ac5001d2a36cb6c6cd3e50789007ffca834b477b74a2144564522e944eabff61?s=96&d=mm&r=g\",\"contentUrl\":\"https:\\\/\\\/secure.gravatar.com\\\/avatar\\\/ac5001d2a36cb6c6cd3e50789007ffca834b477b74a2144564522e944eabff61?s=96&d=mm&r=g\",\"caption\":\"thomas.berner\"},\"url\":\"https:\\\/\\\/www.organisator.ch\\\/en\\\/author\\\/thomas-berner\\\/\"}]}<\/script>\n<!-- \/ Yoast SEO plugin. -->","yoast_head_json":{"title":"Time travel through commercial history - organizer","description":"The campaign \"buerogeschichten.ch\" is a time travel through the 150-year history of the Swiss Commercial Association.","robots":{"index":"index","follow":"follow","max-snippet":"max-snippet:-1","max-image-preview":"max-image-preview:large","max-video-preview":"max-video-preview:-1"},"canonical":"https:\/\/www.organisator.ch\/en\/further-education\/2023-03-06\/zeitreise-durch-die-kaufmaennische-geschichte\/","og_locale":"en_US","og_type":"article","og_title":"Zeitreise durch die kaufm\u00e4nnische Geschichte","og_description":"Die Kampagne \u00abbuerogeschichten.ch\u00bb ist eine Zeitreise durch die 150-j\u00e4hrige Geschichte des Kaufm\u00e4nnischen Verbands Schweiz.","og_url":"https:\/\/www.organisator.ch\/en\/further-education\/2023-03-06\/zeitreise-durch-die-kaufmaennische-geschichte\/","og_site_name":"Organisator","article_publisher":"https:\/\/www.facebook.com\/OrganisatorFachmagazin","article_published_time":"2023-03-06T06:49:43+00:00","og_image":[{"width":680,"height":383,"url":"https:\/\/www.organisator.ch\/wp-content\/uploads\/2023\/03\/Zeitreise-durch-die-kaufmaennische-Geschichte_Organisator.jpg","type":"image\/jpeg"}],"author":"thomas.berner","twitter_card":"summary_large_image","twitter_title":"#Zeitreise durch die kaufm\u00e4nnische #Geschichte","twitter_description":"Die #Kampagne \u00ab#buerogeschichten.ch\u00bb ist eine #Zeitreise durch die 150-j\u00e4hrige #Geschichte des Kaufm\u00e4nnischen Verbands Schweiz.","twitter_image":"https:\/\/www.organisator.ch\/wp-content\/uploads\/2023\/03\/Zeitreise-durch-die-kaufmaennische-Geschichte_Organisator.jpg","schema":{"@context":"https:\/\/schema.org","@graph":[{"@type":"Article","@id":"https:\/\/www.organisator.ch\/weiterbildung\/2023-03-06\/zeitreise-durch-die-kaufmaennische-geschichte\/#article","isPartOf":{"@id":"https:\/\/www.organisator.ch\/weiterbildung\/2023-03-06\/zeitreise-durch-die-kaufmaennische-geschichte\/"},"author":{"name":"thomas.berner","@id":"https:\/\/www.organisator.ch\/#\/schema\/person\/6f650f90b2842cd4c0cc334b4e36f67e"},"headline":"Zeitreise durch die kaufm\u00e4nnische Geschichte","datePublished":"2023-03-06T06:49:43+00:00","mainEntityOfPage":{"@id":"https:\/\/www.organisator.ch\/weiterbildung\/2023-03-06\/zeitreise-durch-die-kaufmaennische-geschichte\/"},"wordCount":409,"publisher":{"@id":"https:\/\/www.organisator.ch\/#organization"},"image":{"@id":"https:\/\/www.organisator.ch\/weiterbildung\/2023-03-06\/zeitreise-durch-die-kaufmaennische-geschichte\/#primaryimage"},"thumbnailUrl":"https:\/\/www.organisator.ch\/wp-content\/uploads\/2023\/03\/Zeitreise-durch-die-kaufmaennische-Geschichte_Organisator.jpg","keywords":["Geschichte","Jubil\u00e4um","Verb\u00e4nde"],"articleSection":["WEITERBILDUNG"],"inLanguage":"en-US"},{"@type":"WebPage","@id":"https:\/\/www.organisator.ch\/weiterbildung\/2023-03-06\/zeitreise-durch-die-kaufmaennische-geschichte\/","url":"https:\/\/www.organisator.ch\/weiterbildung\/2023-03-06\/zeitreise-durch-die-kaufmaennische-geschichte\/","name":"Time travel through commercial history - organizer","isPartOf":{"@id":"https:\/\/www.organisator.ch\/#website"},"primaryImageOfPage":{"@id":"https:\/\/www.organisator.ch\/weiterbildung\/2023-03-06\/zeitreise-durch-die-kaufmaennische-geschichte\/#primaryimage"},"image":{"@id":"https:\/\/www.organisator.ch\/weiterbildung\/2023-03-06\/zeitreise-durch-die-kaufmaennische-geschichte\/#primaryimage"},"thumbnailUrl":"https:\/\/www.organisator.ch\/wp-content\/uploads\/2023\/03\/Zeitreise-durch-die-kaufmaennische-Geschichte_Organisator.jpg","datePublished":"2023-03-06T06:49:43+00:00","description":"The campaign \"buerogeschichten.ch\" is a time travel through the 150-year history of the Swiss Commercial Association.","breadcrumb":{"@id":"https:\/\/www.organisator.ch\/weiterbildung\/2023-03-06\/zeitreise-durch-die-kaufmaennische-geschichte\/#breadcrumb"},"inLanguage":"en-US","potentialAction":[{"@type":"ReadAction","target":["https:\/\/www.organisator.ch\/weiterbildung\/2023-03-06\/zeitreise-durch-die-kaufmaennische-geschichte\/"]}]},{"@type":"ImageObject","inLanguage":"en-US","@id":"https:\/\/www.organisator.ch\/weiterbildung\/2023-03-06\/zeitreise-durch-die-kaufmaennische-geschichte\/#primaryimage","url":"https:\/\/www.organisator.ch\/wp-content\/uploads\/2023\/03\/Zeitreise-durch-die-kaufmaennische-Geschichte_Organisator.jpg","contentUrl":"https:\/\/www.organisator.ch\/wp-content\/uploads\/2023\/03\/Zeitreise-durch-die-kaufmaennische-Geschichte_Organisator.jpg","width":680,"height":383,"caption":"Eine eigens dazu gestaltete Website nimmt Interessierte mit auf eine Zeitreise durch 150 Jahre kaufm\u00e4nnische Geschichte. (Bild: Kaufm\u00e4nnischer Verband Schweiz)"},{"@type":"BreadcrumbList","@id":"https:\/\/www.organisator.ch\/weiterbildung\/2023-03-06\/zeitreise-durch-die-kaufmaennische-geschichte\/#breadcrumb","itemListElement":[{"@type":"ListItem","position":1,"name":"Home","item":"https:\/\/www.organisator.ch\/"},{"@type":"ListItem","position":2,"name":"Zeitreise durch die kaufm\u00e4nnische Geschichte"}]},{"@type":"WebSite","@id":"https:\/\/www.organisator.ch\/#website","url":"https:\/\/www.organisator.ch\/","name":"Organizer","description":"Competent. Practical. In 10 issues per year, ORGANISATOR presents the essential topics for managers of SMEs.","publisher":{"@id":"https:\/\/www.organisator.ch\/#organization"},"potentialAction":[{"@type":"SearchAction","target":{"@type":"EntryPoint","urlTemplate":"https:\/\/www.organisator.ch\/?s={search_term_string}"},"query-input":{"@type":"PropertyValueSpecification","valueRequired":true,"valueName":"search_term_string"}}],"inLanguage":"en-US"},{"@type":"Organization","@id":"https:\/\/www.organisator.ch\/#organization","name":"Organizer","url":"https:\/\/www.organisator.ch\/","logo":{"@type":"ImageObject","inLanguage":"en-US","@id":"https:\/\/www.organisator.ch\/#\/schema\/logo\/image\/","url":"https:\/\/www.organisator.ch\/wp-content\/uploads\/2022\/01\/Logo_Organisator_Website.png","contentUrl":"https:\/\/www.organisator.ch\/wp-content\/uploads\/2022\/01\/Logo_Organisator_Website.png","width":800,"height":77,"caption":"Organisator"},"image":{"@id":"https:\/\/www.organisator.ch\/#\/schema\/logo\/image\/"},"sameAs":["https:\/\/www.facebook.com\/OrganisatorFachmagazin","https:\/\/www.linkedin.com\/showcase\/organisator-das-magazin-fr-kmu","https:\/\/www.xing.com\/news\/pages\/organisator-ch-695","https:\/\/www.youtube.com\/channel\/UCGP2Sq0iWaZwT3BdIAQFYpw"]},{"@type":"Person","@id":"https:\/\/www.organisator.ch\/#\/schema\/person\/6f650f90b2842cd4c0cc334b4e36f67e","name":"thomas.berner","image":{"@type":"ImageObject","inLanguage":"en-US","@id":"https:\/\/secure.gravatar.com\/avatar\/ac5001d2a36cb6c6cd3e50789007ffca834b477b74a2144564522e944eabff61?s=96&d=mm&r=g","url":"https:\/\/secure.gravatar.com\/avatar\/ac5001d2a36cb6c6cd3e50789007ffca834b477b74a2144564522e944eabff61?s=96&d=mm&r=g","contentUrl":"https:\/\/secure.gravatar.com\/avatar\/ac5001d2a36cb6c6cd3e50789007ffca834b477b74a2144564522e944eabff61?s=96&d=mm&r=g","caption":"thomas.berner"},"url":"https:\/\/www.organisator.ch\/en\/author\/thomas-berner\/"}]}},"_links":{"self":[{"href":"https:\/\/www.organisator.ch\/en\/wp-json\/wp\/v2\/posts\/19183","targetHints":{"allow":["GET"]}}],"collection":[{"href":"https:\/\/www.organisator.ch\/en\/wp-json\/wp\/v2\/posts"}],"about":[{"href":"https:\/\/www.organisator.ch\/en\/wp-json\/wp\/v2\/types\/post"}],"author":[{"embeddable":true,"href":"https:\/\/www.organisator.ch\/en\/wp-json\/wp\/v2\/users\/4"}],"replies":[{"embeddable":true,"href":"https:\/\/www.organisator.ch\/en\/wp-json\/wp\/v2\/comments?post=19183"}],"version-history":[{"count":1,"href":"https:\/\/www.organisator.ch\/en\/wp-json\/wp\/v2\/posts\/19183\/revisions"}],"predecessor-version":[{"id":19185,"href":"https:\/\/www.organisator.ch\/en\/wp-json\/wp\/v2\/posts\/19183\/revisions\/19185"}],"wp:featuredmedia":[{"embeddable":true,"href":"https:\/\/www.organisator.ch\/en\/wp-json\/wp\/v2\/media\/19184"}],"wp:attachment":[{"href":"https:\/\/www.organisator.ch\/en\/wp-json\/wp\/v2\/media?parent=19183"}],"wp:term":[{"taxonomy":"category","embeddable":true,"href":"https:\/\/www.organisator.ch\/en\/wp-json\/wp\/v2\/categories?post=19183"},{"taxonomy":"post_tag","embeddable":true,"href":"https:\/\/www.organisator.ch\/en\/wp-json\/wp\/v2\/tags?post=19183"}],"curies":[{"name":"wp","href":"https:\/\/api.w.org\/{rel}","templated":true}]}}