{"id":19214,"date":"2023-03-07T15:09:25","date_gmt":"2023-03-07T14:09:25","guid":{"rendered":"https:\/\/www.m-q.ch\/?p=17647"},"modified":"2024-11-18T09:52:26","modified_gmt":"2024-11-18T08:52:26","slug":"bern-ist-die-neue-cyber-hauptstadt-der-schweiz","status":"publish","type":"post","link":"https:\/\/www.organisator.ch\/en\/operational-excellence\/2023-03-07\/bern-ist-die-neue-cyber-hauptstadt-der-schweiz\/","title":{"rendered":"Bern is the new cyber capital of Switzerland"},"content":{"rendered":"<figure id=\"attachment_17650\" class=\"wp-caption alignnone\" style=\"width: 680px\" aria-describedby=\"caption-attachment-17650\"><img class=\"alignnone wp-image-17650 size-full\" src=\"https:\/\/www.m-q.ch\/wp-content\/uploads\/2023\/03\/Bern-ist-die-neue-Cyber-Hauptstadt-der-Schweiz_MQ.jpg\" alt=\"Swiss Cyber\" width=\"680\" height=\"453\" \/>\r\n<figcaption id=\"caption-attachment-17650\" class=\"wp-caption-text\">The Swiss Cyber Security Days will now take place on the BERNEXPO exhibition grounds, making Bern the \"cyber capital\" of Switzerland. (Image: Bernexpo)<\/figcaption>\r\n<\/figure>\r\n<p>Not a day goes by without being confronted with the topic of cybercrime. Whether attacks on SMEs, administrations, operators of critical infrastructures, research institutions or private individuals: The frequency of cyberattacks has exploded in recent years; the extent of damage is reaching worrying dimensions. In 2020, the increase in ransomware attacks alone was 435% compared to the previous year. In 2022, global cybercrime caused about 30 times more damage than all natural disasters combined in the same year. Data-based assumptions put the extent of damage in 2027 at around CHF 24 trillion. That is more than the gross domestic product of the USA.<\/p>\r\n<p>As the world's most innovative country, Switzerland is significantly affected by cybercrime and cyberespionage. This is not only a major threat to our competitiveness, attacks by state and highly professionalized non-state hacker groups also threaten national security and the basic tenets of our democracy. For example, by orchestrating and manipulating the shaping of public opinion in the context of democratic elections. The sharp increase in the area of cybercrime is due to the unmanageable digital hyperconnectivity of our globalized world. There is a lack of understanding of the effects that the interdependencies, interactions, spheres of influence and functioning of technical systems have on our lives.<\/p>\r\n<h3>The national platform for cyber competence comes to Bern<\/h3>\r\n<p>The Swiss Cyber Security Days SCSD, which claims to be the leading dialog and know-how platform of the<br \/>\r\nSwitzerland in the field of cyber security, are already taking place for the fifth time. The combination of high-ranking national and international speakers, current geopolitical developments, socially relevant focus dialogs, the presentation of current findings from research and a trade fair are ideal for Swiss Cyber Security Days to bridge the knowledge gaps between people, society, business and technology.<\/p>\r\n<p>Together with the organizer BERNEXPO, Nicolas Mayencourt, Program Director of the Swiss Cyber Security Days SCSD brings the national reference platform for cybersecurity to Bern for the first time. \"As a native of Bern, it makes me proud to make the federal capital the cyber capital of Switzerland,\" says Nicolas Mayencourt. \"Bern is the perfect location thanks to its proximity to politics and administration. The topic of cyber is of central importance for Switzerland. I am therefore very much looking forward to discussing new opportunities and solutions in Bern in order to build a digitally empowered society.\" Tom Winter, CEO of BERNEXPO, is also pleased about the event with international appeal: \"The topic of cyber security is of great social relevance. The SCSD are therefore a very good fit for us and complement the BERNEXPO event portfolio wonderfully.\" The two-day event will take place on September 20 and 21, 2023, during the fall session at the BERNEXPO site.<\/p>\r\n<h3>SCSD makes Bern the \"cyber capital\" of trade fairs<\/h3>\r\n<p>The international and national appeal of the SCSD will help the canton to further expand its position as a nationally important trade fair and event location. \"This is good news\" said city president Alec von Graffenried. \"I think it is right and important,<br \/>\r\nthat these problems are negotiated in Bern, in close proximity to the politicians and administrators who are directly affected. This allows our locational advantages to take full effect.\" The new event also holds opportunities from the canton's point of view. \"Bern is easily accessible from all parts of Switzerland and internationally connected. In addition, the topic is of the greatest social and economic importance,\" says cantonal economic director and government councilor Christoph Ammann (SP).<\/p>\r\n<p><em>Source: <a href=\"http:\/\/www.swisscybersecuritydays.ch\/\">Swiss Cyber Security Days<\/a><\/em><\/p>\n<p class=\"syndicated-attribution\">This article originally appeared on m-q.ch - <a href=\"https:\/\/www.m-q.ch\/de\/bern-ist-die-neue-cyber-hauptstadt-der-schweiz\/\" target=\"_blank\">https:\/\/www.m-q.ch\/de\/bern-ist-die-neue-cyber-hauptstadt-der-schweiz\/<\/a><\/p>","protected":false},"excerpt":{"rendered":"<p>Es vergeht kein Tag, ohne mit dem Thema Cyberkriminalit\u00e4t konfrontiert zu werden. Ob Angriffe auf KMU, Verwaltungen, Betreiber kritischer Infrastrukturen, Forschungseinrichtungen oder Privatpersonen: Die H\u00e4ufigkeit von Cyberattacken ist in den letzten Jahren explodiert; das Schadensausmass erreicht besorgniserregende Dimensionen. Allein die Zunahme der Ransomware-Attacken betrug 2020 435% im Vergleich zum Vorjahr. 2022 verursachte die weltweite Cyberkriminalit\u00e4t [\u2026]<\/p>\n","protected":false},"author":8,"featured_media":0,"comment_status":"closed","ping_status":"closed","sticky":false,"template":"","format":"standard","meta":{"_acf_changed":false,"_yoast_wpseo_focuskw":"Swiss Cyber","_yoast_wpseo_metadesc":"Swiss Cyber Security Days 2023: Nationale Plattform f\u00fcr Cyber-Kompetenz. Neuer Standort Bern.","articlekey":"","footnotes":""},"categories":[582],"tags":[],"class_list":["post-19214","post","type-post","status-publish","format-standard","hentry","category-operational-excellence"],"acf":[],"yoast_head":"<!-- This site is optimized with the Yoast SEO plugin v27.5 - https:\/\/yoast.com\/product\/yoast-seo-wordpress\/ -->\n<title>Bern ist die neue Cyber-Hauptstadt der Schweiz - Organisator<\/title>\n<meta name=\"description\" content=\"Swiss Cyber Security Days 2023: Nationale Plattform f\u00fcr Cyber-Kompetenz. Neuer Standort Bern.\" \/>\n<meta name=\"robots\" content=\"index, follow, max-snippet:-1, max-image-preview:large, max-video-preview:-1\" \/>\n<link rel=\"canonical\" href=\"https:\/\/www.organisator.ch\/en\/operational-excellence\/2023-03-07\/bern-ist-die-neue-cyber-hauptstadt-der-schweiz\/\" \/>\n<meta property=\"og:locale\" content=\"en_US\" \/>\n<meta property=\"og:type\" content=\"article\" \/>\n<meta property=\"og:title\" content=\"Bern ist die neue Cyber-Hauptstadt der Schweiz - Organisator\" \/>\n<meta property=\"og:description\" content=\"Swiss Cyber Security Days 2023: Nationale Plattform f\u00fcr Cyber-Kompetenz. Neuer Standort Bern.\" \/>\n<meta property=\"og:url\" content=\"https:\/\/www.organisator.ch\/en\/operational-excellence\/2023-03-07\/bern-ist-die-neue-cyber-hauptstadt-der-schweiz\/\" \/>\n<meta property=\"og:site_name\" content=\"Organisator\" \/>\n<meta property=\"article:publisher\" content=\"https:\/\/www.facebook.com\/OrganisatorFachmagazin\" \/>\n<meta property=\"article:published_time\" content=\"2023-03-07T14:09:25+00:00\" \/>\n<meta property=\"article:modified_time\" content=\"2024-11-18T08:52:26+00:00\" \/>\n<meta name=\"author\" content=\"galledia\" \/>\n<meta name=\"twitter:card\" content=\"summary_large_image\" \/>\n<meta name=\"twitter:creator\" content=\"@admin\" \/>\n<script type=\"application\/ld+json\" class=\"yoast-schema-graph\">{\"@context\":\"https:\\\/\\\/schema.org\",\"@graph\":[{\"@type\":\"Article\",\"@id\":\"https:\\\/\\\/www.organisator.ch\\\/operational-excellence\\\/2023-03-07\\\/bern-ist-die-neue-cyber-hauptstadt-der-schweiz\\\/#article\",\"isPartOf\":{\"@id\":\"https:\\\/\\\/www.organisator.ch\\\/operational-excellence\\\/2023-03-07\\\/bern-ist-die-neue-cyber-hauptstadt-der-schweiz\\\/\"},\"author\":{\"name\":\"galledia\",\"@id\":\"https:\\\/\\\/www.organisator.ch\\\/#\\\/schema\\\/person\\\/4e51799071cd2dd1232ac003643ef5f0\"},\"headline\":\"Bern ist die neue Cyber-Hauptstadt der Schweiz\",\"datePublished\":\"2023-03-07T14:09:25+00:00\",\"dateModified\":\"2024-11-18T08:52:26+00:00\",\"mainEntityOfPage\":{\"@id\":\"https:\\\/\\\/www.organisator.ch\\\/operational-excellence\\\/2023-03-07\\\/bern-ist-die-neue-cyber-hauptstadt-der-schweiz\\\/\"},\"wordCount\":567,\"publisher\":{\"@id\":\"https:\\\/\\\/www.organisator.ch\\\/#organization\"},\"image\":{\"@id\":\"https:\\\/\\\/www.organisator.ch\\\/operational-excellence\\\/2023-03-07\\\/bern-ist-die-neue-cyber-hauptstadt-der-schweiz\\\/#primaryimage\"},\"thumbnailUrl\":\"https:\\\/\\\/www.m-q.ch\\\/wp-content\\\/uploads\\\/2023\\\/03\\\/Bern-ist-die-neue-Cyber-Hauptstadt-der-Schweiz_MQ.jpg\",\"articleSection\":[\"OPERATIONAL EXCELLENCE\"],\"inLanguage\":\"en-US\"},{\"@type\":\"WebPage\",\"@id\":\"https:\\\/\\\/www.organisator.ch\\\/operational-excellence\\\/2023-03-07\\\/bern-ist-die-neue-cyber-hauptstadt-der-schweiz\\\/\",\"url\":\"https:\\\/\\\/www.organisator.ch\\\/operational-excellence\\\/2023-03-07\\\/bern-ist-die-neue-cyber-hauptstadt-der-schweiz\\\/\",\"name\":\"Bern ist die neue Cyber-Hauptstadt der Schweiz - Organisator\",\"isPartOf\":{\"@id\":\"https:\\\/\\\/www.organisator.ch\\\/#website\"},\"primaryImageOfPage\":{\"@id\":\"https:\\\/\\\/www.organisator.ch\\\/operational-excellence\\\/2023-03-07\\\/bern-ist-die-neue-cyber-hauptstadt-der-schweiz\\\/#primaryimage\"},\"image\":{\"@id\":\"https:\\\/\\\/www.organisator.ch\\\/operational-excellence\\\/2023-03-07\\\/bern-ist-die-neue-cyber-hauptstadt-der-schweiz\\\/#primaryimage\"},\"thumbnailUrl\":\"https:\\\/\\\/www.m-q.ch\\\/wp-content\\\/uploads\\\/2023\\\/03\\\/Bern-ist-die-neue-Cyber-Hauptstadt-der-Schweiz_MQ.jpg\",\"datePublished\":\"2023-03-07T14:09:25+00:00\",\"dateModified\":\"2024-11-18T08:52:26+00:00\",\"description\":\"Swiss Cyber Security Days 2023: Nationale Plattform f\u00fcr Cyber-Kompetenz. Neuer Standort Bern.\",\"breadcrumb\":{\"@id\":\"https:\\\/\\\/www.organisator.ch\\\/operational-excellence\\\/2023-03-07\\\/bern-ist-die-neue-cyber-hauptstadt-der-schweiz\\\/#breadcrumb\"},\"inLanguage\":\"en-US\",\"potentialAction\":[{\"@type\":\"ReadAction\",\"target\":[\"https:\\\/\\\/www.organisator.ch\\\/operational-excellence\\\/2023-03-07\\\/bern-ist-die-neue-cyber-hauptstadt-der-schweiz\\\/\"]}]},{\"@type\":\"ImageObject\",\"inLanguage\":\"en-US\",\"@id\":\"https:\\\/\\\/www.organisator.ch\\\/operational-excellence\\\/2023-03-07\\\/bern-ist-die-neue-cyber-hauptstadt-der-schweiz\\\/#primaryimage\",\"url\":\"https:\\\/\\\/www.m-q.ch\\\/wp-content\\\/uploads\\\/2023\\\/03\\\/Bern-ist-die-neue-Cyber-Hauptstadt-der-Schweiz_MQ.jpg\",\"contentUrl\":\"https:\\\/\\\/www.m-q.ch\\\/wp-content\\\/uploads\\\/2023\\\/03\\\/Bern-ist-die-neue-Cyber-Hauptstadt-der-Schweiz_MQ.jpg\"},{\"@type\":\"BreadcrumbList\",\"@id\":\"https:\\\/\\\/www.organisator.ch\\\/operational-excellence\\\/2023-03-07\\\/bern-ist-die-neue-cyber-hauptstadt-der-schweiz\\\/#breadcrumb\",\"itemListElement\":[{\"@type\":\"ListItem\",\"position\":1,\"name\":\"Home\",\"item\":\"https:\\\/\\\/www.organisator.ch\\\/\"},{\"@type\":\"ListItem\",\"position\":2,\"name\":\"Bern ist die neue Cyber-Hauptstadt der Schweiz\"}]},{\"@type\":\"WebSite\",\"@id\":\"https:\\\/\\\/www.organisator.ch\\\/#website\",\"url\":\"https:\\\/\\\/www.organisator.ch\\\/\",\"name\":\"Organisator\",\"description\":\"Kompetent. Praxisnah. Der ORGANISATOR bereitet in 10 Ausgaben pro Jahr die wesentlichen Themen f\u00fcr F\u00fchrungskr\u00e4fte von KMU auf.\",\"publisher\":{\"@id\":\"https:\\\/\\\/www.organisator.ch\\\/#organization\"},\"potentialAction\":[{\"@type\":\"SearchAction\",\"target\":{\"@type\":\"EntryPoint\",\"urlTemplate\":\"https:\\\/\\\/www.organisator.ch\\\/?s={search_term_string}\"},\"query-input\":{\"@type\":\"PropertyValueSpecification\",\"valueRequired\":true,\"valueName\":\"search_term_string\"}}],\"inLanguage\":\"en-US\"},{\"@type\":\"Organization\",\"@id\":\"https:\\\/\\\/www.organisator.ch\\\/#organization\",\"name\":\"Organisator\",\"url\":\"https:\\\/\\\/www.organisator.ch\\\/\",\"logo\":{\"@type\":\"ImageObject\",\"inLanguage\":\"en-US\",\"@id\":\"https:\\\/\\\/www.organisator.ch\\\/#\\\/schema\\\/logo\\\/image\\\/\",\"url\":\"https:\\\/\\\/www.organisator.ch\\\/wp-content\\\/uploads\\\/2022\\\/01\\\/Logo_Organisator_Website.png\",\"contentUrl\":\"https:\\\/\\\/www.organisator.ch\\\/wp-content\\\/uploads\\\/2022\\\/01\\\/Logo_Organisator_Website.png\",\"width\":800,\"height\":77,\"caption\":\"Organisator\"},\"image\":{\"@id\":\"https:\\\/\\\/www.organisator.ch\\\/#\\\/schema\\\/logo\\\/image\\\/\"},\"sameAs\":[\"https:\\\/\\\/www.facebook.com\\\/OrganisatorFachmagazin\",\"https:\\\/\\\/www.linkedin.com\\\/showcase\\\/organisator-das-magazin-fr-kmu\",\"https:\\\/\\\/www.xing.com\\\/news\\\/pages\\\/organisator-ch-695\",\"https:\\\/\\\/www.youtube.com\\\/channel\\\/UCGP2Sq0iWaZwT3BdIAQFYpw\"]},{\"@type\":\"Person\",\"@id\":\"https:\\\/\\\/www.organisator.ch\\\/#\\\/schema\\\/person\\\/4e51799071cd2dd1232ac003643ef5f0\",\"name\":\"galledia\",\"image\":{\"@type\":\"ImageObject\",\"inLanguage\":\"en-US\",\"@id\":\"https:\\\/\\\/secure.gravatar.com\\\/avatar\\\/78a7f90c01fc2bfc875782a0d4922b37cde2cf184ce347b91316d23cd7f69a36?s=96&d=mm&r=g\",\"url\":\"https:\\\/\\\/secure.gravatar.com\\\/avatar\\\/78a7f90c01fc2bfc875782a0d4922b37cde2cf184ce347b91316d23cd7f69a36?s=96&d=mm&r=g\",\"contentUrl\":\"https:\\\/\\\/secure.gravatar.com\\\/avatar\\\/78a7f90c01fc2bfc875782a0d4922b37cde2cf184ce347b91316d23cd7f69a36?s=96&d=mm&r=g\",\"caption\":\"galledia\"},\"sameAs\":[\"https:\\\/\\\/x.com\\\/admin\"],\"url\":\"https:\\\/\\\/www.organisator.ch\\\/en\\\/author\\\/galledia\\\/\"}]}<\/script>\n<!-- \/ Yoast SEO plugin. -->","yoast_head_json":{"title":"Bern is the new cyber capital of Switzerland - organizer","description":"Swiss Cyber Security Days 2023: National platform for cyber expertise. New location Bern.","robots":{"index":"index","follow":"follow","max-snippet":"max-snippet:-1","max-image-preview":"max-image-preview:large","max-video-preview":"max-video-preview:-1"},"canonical":"https:\/\/www.organisator.ch\/en\/operational-excellence\/2023-03-07\/bern-ist-die-neue-cyber-hauptstadt-der-schweiz\/","og_locale":"en_US","og_type":"article","og_title":"Bern ist die neue Cyber-Hauptstadt der Schweiz - Organisator","og_description":"Swiss Cyber Security Days 2023: Nationale Plattform f\u00fcr Cyber-Kompetenz. Neuer Standort Bern.","og_url":"https:\/\/www.organisator.ch\/en\/operational-excellence\/2023-03-07\/bern-ist-die-neue-cyber-hauptstadt-der-schweiz\/","og_site_name":"Organisator","article_publisher":"https:\/\/www.facebook.com\/OrganisatorFachmagazin","article_published_time":"2023-03-07T14:09:25+00:00","article_modified_time":"2024-11-18T08:52:26+00:00","author":"galledia","twitter_card":"summary_large_image","twitter_creator":"@admin","schema":{"@context":"https:\/\/schema.org","@graph":[{"@type":"Article","@id":"https:\/\/www.organisator.ch\/operational-excellence\/2023-03-07\/bern-ist-die-neue-cyber-hauptstadt-der-schweiz\/#article","isPartOf":{"@id":"https:\/\/www.organisator.ch\/operational-excellence\/2023-03-07\/bern-ist-die-neue-cyber-hauptstadt-der-schweiz\/"},"author":{"name":"galledia","@id":"https:\/\/www.organisator.ch\/#\/schema\/person\/4e51799071cd2dd1232ac003643ef5f0"},"headline":"Bern ist die neue Cyber-Hauptstadt der Schweiz","datePublished":"2023-03-07T14:09:25+00:00","dateModified":"2024-11-18T08:52:26+00:00","mainEntityOfPage":{"@id":"https:\/\/www.organisator.ch\/operational-excellence\/2023-03-07\/bern-ist-die-neue-cyber-hauptstadt-der-schweiz\/"},"wordCount":567,"publisher":{"@id":"https:\/\/www.organisator.ch\/#organization"},"image":{"@id":"https:\/\/www.organisator.ch\/operational-excellence\/2023-03-07\/bern-ist-die-neue-cyber-hauptstadt-der-schweiz\/#primaryimage"},"thumbnailUrl":"https:\/\/www.m-q.ch\/wp-content\/uploads\/2023\/03\/Bern-ist-die-neue-Cyber-Hauptstadt-der-Schweiz_MQ.jpg","articleSection":["OPERATIONAL EXCELLENCE"],"inLanguage":"en-US"},{"@type":"WebPage","@id":"https:\/\/www.organisator.ch\/operational-excellence\/2023-03-07\/bern-ist-die-neue-cyber-hauptstadt-der-schweiz\/","url":"https:\/\/www.organisator.ch\/operational-excellence\/2023-03-07\/bern-ist-die-neue-cyber-hauptstadt-der-schweiz\/","name":"Bern is the new cyber capital of Switzerland - organizer","isPartOf":{"@id":"https:\/\/www.organisator.ch\/#website"},"primaryImageOfPage":{"@id":"https:\/\/www.organisator.ch\/operational-excellence\/2023-03-07\/bern-ist-die-neue-cyber-hauptstadt-der-schweiz\/#primaryimage"},"image":{"@id":"https:\/\/www.organisator.ch\/operational-excellence\/2023-03-07\/bern-ist-die-neue-cyber-hauptstadt-der-schweiz\/#primaryimage"},"thumbnailUrl":"https:\/\/www.m-q.ch\/wp-content\/uploads\/2023\/03\/Bern-ist-die-neue-Cyber-Hauptstadt-der-Schweiz_MQ.jpg","datePublished":"2023-03-07T14:09:25+00:00","dateModified":"2024-11-18T08:52:26+00:00","description":"Swiss Cyber Security Days 2023: National platform for cyber expertise. New location Bern.","breadcrumb":{"@id":"https:\/\/www.organisator.ch\/operational-excellence\/2023-03-07\/bern-ist-die-neue-cyber-hauptstadt-der-schweiz\/#breadcrumb"},"inLanguage":"en-US","potentialAction":[{"@type":"ReadAction","target":["https:\/\/www.organisator.ch\/operational-excellence\/2023-03-07\/bern-ist-die-neue-cyber-hauptstadt-der-schweiz\/"]}]},{"@type":"ImageObject","inLanguage":"en-US","@id":"https:\/\/www.organisator.ch\/operational-excellence\/2023-03-07\/bern-ist-die-neue-cyber-hauptstadt-der-schweiz\/#primaryimage","url":"https:\/\/www.m-q.ch\/wp-content\/uploads\/2023\/03\/Bern-ist-die-neue-Cyber-Hauptstadt-der-Schweiz_MQ.jpg","contentUrl":"https:\/\/www.m-q.ch\/wp-content\/uploads\/2023\/03\/Bern-ist-die-neue-Cyber-Hauptstadt-der-Schweiz_MQ.jpg"},{"@type":"BreadcrumbList","@id":"https:\/\/www.organisator.ch\/operational-excellence\/2023-03-07\/bern-ist-die-neue-cyber-hauptstadt-der-schweiz\/#breadcrumb","itemListElement":[{"@type":"ListItem","position":1,"name":"Home","item":"https:\/\/www.organisator.ch\/"},{"@type":"ListItem","position":2,"name":"Bern ist die neue Cyber-Hauptstadt der Schweiz"}]},{"@type":"WebSite","@id":"https:\/\/www.organisator.ch\/#website","url":"https:\/\/www.organisator.ch\/","name":"Organizer","description":"Competent. Practical. In 10 issues per year, ORGANISATOR presents the essential topics for managers of SMEs.","publisher":{"@id":"https:\/\/www.organisator.ch\/#organization"},"potentialAction":[{"@type":"SearchAction","target":{"@type":"EntryPoint","urlTemplate":"https:\/\/www.organisator.ch\/?s={search_term_string}"},"query-input":{"@type":"PropertyValueSpecification","valueRequired":true,"valueName":"search_term_string"}}],"inLanguage":"en-US"},{"@type":"Organization","@id":"https:\/\/www.organisator.ch\/#organization","name":"Organizer","url":"https:\/\/www.organisator.ch\/","logo":{"@type":"ImageObject","inLanguage":"en-US","@id":"https:\/\/www.organisator.ch\/#\/schema\/logo\/image\/","url":"https:\/\/www.organisator.ch\/wp-content\/uploads\/2022\/01\/Logo_Organisator_Website.png","contentUrl":"https:\/\/www.organisator.ch\/wp-content\/uploads\/2022\/01\/Logo_Organisator_Website.png","width":800,"height":77,"caption":"Organisator"},"image":{"@id":"https:\/\/www.organisator.ch\/#\/schema\/logo\/image\/"},"sameAs":["https:\/\/www.facebook.com\/OrganisatorFachmagazin","https:\/\/www.linkedin.com\/showcase\/organisator-das-magazin-fr-kmu","https:\/\/www.xing.com\/news\/pages\/organisator-ch-695","https:\/\/www.youtube.com\/channel\/UCGP2Sq0iWaZwT3BdIAQFYpw"]},{"@type":"Person","@id":"https:\/\/www.organisator.ch\/#\/schema\/person\/4e51799071cd2dd1232ac003643ef5f0","name":"galledia","image":{"@type":"ImageObject","inLanguage":"en-US","@id":"https:\/\/secure.gravatar.com\/avatar\/78a7f90c01fc2bfc875782a0d4922b37cde2cf184ce347b91316d23cd7f69a36?s=96&d=mm&r=g","url":"https:\/\/secure.gravatar.com\/avatar\/78a7f90c01fc2bfc875782a0d4922b37cde2cf184ce347b91316d23cd7f69a36?s=96&d=mm&r=g","contentUrl":"https:\/\/secure.gravatar.com\/avatar\/78a7f90c01fc2bfc875782a0d4922b37cde2cf184ce347b91316d23cd7f69a36?s=96&d=mm&r=g","caption":"galledia"},"sameAs":["https:\/\/x.com\/admin"],"url":"https:\/\/www.organisator.ch\/en\/author\/galledia\/"}]}},"_links":{"self":[{"href":"https:\/\/www.organisator.ch\/en\/wp-json\/wp\/v2\/posts\/19214","targetHints":{"allow":["GET"]}}],"collection":[{"href":"https:\/\/www.organisator.ch\/en\/wp-json\/wp\/v2\/posts"}],"about":[{"href":"https:\/\/www.organisator.ch\/en\/wp-json\/wp\/v2\/types\/post"}],"author":[{"embeddable":true,"href":"https:\/\/www.organisator.ch\/en\/wp-json\/wp\/v2\/users\/8"}],"replies":[{"embeddable":true,"href":"https:\/\/www.organisator.ch\/en\/wp-json\/wp\/v2\/comments?post=19214"}],"version-history":[{"count":4,"href":"https:\/\/www.organisator.ch\/en\/wp-json\/wp\/v2\/posts\/19214\/revisions"}],"predecessor-version":[{"id":33335,"href":"https:\/\/www.organisator.ch\/en\/wp-json\/wp\/v2\/posts\/19214\/revisions\/33335"}],"wp:attachment":[{"href":"https:\/\/www.organisator.ch\/en\/wp-json\/wp\/v2\/media?parent=19214"}],"wp:term":[{"taxonomy":"category","embeddable":true,"href":"https:\/\/www.organisator.ch\/en\/wp-json\/wp\/v2\/categories?post=19214"},{"taxonomy":"post_tag","embeddable":true,"href":"https:\/\/www.organisator.ch\/en\/wp-json\/wp\/v2\/tags?post=19214"}],"curies":[{"name":"wp","href":"https:\/\/api.w.org\/{rel}","templated":true}]}}