{"id":19219,"date":"2023-03-08T08:39:45","date_gmt":"2023-03-08T07:39:45","guid":{"rendered":"https:\/\/www.organisator.ch\/?p=19219"},"modified":"2023-03-13T07:48:54","modified_gmt":"2023-03-13T06:48:54","slug":"frauenanteile-in-schweizer-unternehmen-steigen-weiter","status":"publish","type":"post","link":"https:\/\/www.organisator.ch\/en\/management\/2023-03-08\/frauenanteile-in-schweizer-unternehmen-steigen-weiter\/","title":{"rendered":"Proportion of women in Swiss companies continues to rise"},"content":{"rendered":"<figure id=\"attachment_19220\" aria-describedby=\"caption-attachment-19220\" style=\"width: 680px\" class=\"wp-caption alignnone\"><img loading=\"lazy\" decoding=\"async\" class=\"size-full wp-image-19220\" src=\"https:\/\/www.organisator.ch\/wp-content\/uploads\/2023\/03\/Frauenanteile-in-Schweizer-Unternehmen-steigen-weiter_Organisator.jpg\" alt=\"\" width=\"680\" height=\"453\" srcset=\"https:\/\/www.organisator.ch\/wp-content\/uploads\/2023\/03\/Frauenanteile-in-Schweizer-Unternehmen-steigen-weiter_Organisator.jpg 680w, https:\/\/www.organisator.ch\/wp-content\/uploads\/2023\/03\/Frauenanteile-in-Schweizer-Unternehmen-steigen-weiter_Organisator-18x12.jpg 18w, https:\/\/www.organisator.ch\/wp-content\/uploads\/2023\/03\/Frauenanteile-in-Schweizer-Unternehmen-steigen-weiter_Organisator-375x250.jpg 375w, https:\/\/www.organisator.ch\/wp-content\/uploads\/2023\/03\/Frauenanteile-in-Schweizer-Unternehmen-steigen-weiter_Organisator-525x350.jpg 525w\" sizes=\"auto, (max-width: 680px) 100vw, 680px\" \/><figcaption id=\"caption-attachment-19220\" class=\"wp-caption-text\">The proportion of women in the executive suites of large Swiss companies has continued to rise. (Image: Pixabay.com)<\/figcaption><\/figure>\n<p>According to the schillingreport published on March 3, 2023, by executive search firm Guido Schilling AG, the 100 largest Swiss employers will reach the required gender benchmarks of 30 % on the board of directors and 20 % on the executive board in 2023. Currently, the status quo is 29 % women on the board of directors and 19 % on the executive board. On boards, the proportion of women rises for the first time by 3 percentage points to 29 %, as companies appointed women to a record 46 % of vacancies. On executive boards, the percentage of women rises from 17 % to 19 %, thanks to 27 % women among new appointees - the second highest in 18 years. \"It is crucial that companies succeed in establishing 'diversity' as part of the corporate culture and embedding it in the DNA of the company. In the future, proportions of women and men of 40 to 60 % in both management bodies will be the norm,\" says editor Guido Schilling.<\/p>\n<h3>Unprecedented positive development of women's share in SMI<\/h3>\n<p>In the SMI companies, the proportion of women on the boards of directors rose by 4 percentage points to 34 %. This was made possible by the fact that SMI companies appointed women to 54 % of vacancies - an absolute record. \"In terms of gender diversity, SMI companies have clearly reached the acceptance phase and are consistently relying on the advantages of diversely structured management teams. Compared to the German DAX-listed groups, which appointed women for 46 % of the vacant seats and thus stand at a proportion of women on supervisory boards of 37 % (+ 2 percentage points), the dynamics in the SMI companies are much more positive, and I am convinced that already in the next two years the SMI companies will overtake or catch up with those of the DAX,\" says Schilling. This is underlined by the development in the management boards. Over the past two years, the SMI companies have achieved a jump of 10 percentage points from 14 % in 2021 to currently 24 % female members of management. This further increases their lead over DAX boards, where female representation is up from 18 % to 22 %, meeting the required German quota. \"For me, the question is how sustainable hard quotas are in the long term. Or are they just a tool to achieve short-term goals?\" muses Guido Schilling, referring to the flattening development in the DAX companies. All 40 DAX companies employ women on their supervisory boards, while 6 boards (previous year 8) have no women. Of the SMI companies, all 20 count women on their boards, although 2 still have no female executive board members (previous year 3).<\/p>\n<h3>Many female managers from abroad<\/h3>\n<p>The fact that the proportion of women has risen in many management bodies should not obscure the fact that part of this is quasi \"imported\". At the 100 largest Swiss employers mentioned above, the proportion of foreigners in management is rising again after years of stagnation. Whereas in recent years this figure had settled at 45 %, it is currently climbing to a peak of 47 %; Swiss companies recruited the members of their management teams directly from abroad for 46 % of their vacancies. The schillingreport 2023 shows that the proportion of foreigners among female executive board members (54 %) is significantly higher than among males (45 %). The difference of 59 % \"nationals\" to 64 % \"nationals\" is remarkable.<\/p>\n<h3>Further broadening of the gender diversity pipeline<\/h3>\n<p>The gender diversity pipeline is the key indicator for anticipating future developments with regard to the proportion of women in management\/top management. In the private sector sample, the proportion of women in middle management increases to 27 % (previous year 25 %) and in top management to 19 % (previous year 18 %). \"It is very pleasing to see that companies are succeeding in promoting women at all levels of the hierarchy, as this ensures strong young talent for the step up to executive teams. Nevertheless, a sustainable broad gender mix in the executive team remains a generational project,\" says Schilling. The pipeline is broader in the public sector, which has unchanged proportions of 29 % women in both middle and top management.<\/p>\n<p><em>Source: <a href=\"http:\/\/www.guidoschilling.ch\">Guido Schilling AG<\/a><\/em><\/p>","protected":false},"excerpt":{"rendered":"<p>Gem\u00e4ss dem am 3. M\u00e4rz 2023 ver\u00f6ffentlichten schillingreport des Executive Search-Unternehmens Guido Schilling AG werden die 100 gr\u00f6ssten Schweizer Arbeitgeber 2023 die geforderten\u00a0Geschlechterrichtwerte von 30 % im Verwaltungsrat und 20 % in der Gesch\u00e4ftsleitung erreichen. Momentan liegt der Stand bei Frauenanteilen von 29 % im Verwaltungsrat und 19 % in der Gesch\u00e4ftsleitung. In den Verwaltungsr\u00e4ten [&hellip;]<\/p>\n","protected":false},"author":4,"featured_media":19220,"comment_status":"closed","ping_status":"closed","sticky":false,"template":"","format":"standard","meta":{"_acf_changed":false,"_yoast_wpseo_focuskw":"Frauenanteile","_yoast_wpseo_metadesc":"Die Frauenanteile in F\u00fchrungsetagen steigen weiter: 20 % der Unternehmen besch\u00e4ftigen inzwischen einen weiblichen CEO oder CFO.","articlekey":"","footnotes":""},"categories":[28],"tags":[159,335,3661,459,519],"class_list":["post-19219","post","type-post","status-publish","format-standard","has-post-thumbnail","hentry","category-management","tag-diversity","tag-management-und-unternehmensfuehrung","tag-schillingreport","tag-studie","tag-weltfrauentag"],"acf":[],"yoast_head":"<!-- This site is optimized with the Yoast SEO plugin v27.4 - https:\/\/yoast.com\/product\/yoast-seo-wordpress\/ -->\n<title>Frauenanteile in Schweizer Unternehmen steigen weiter - Organisator<\/title>\n<meta name=\"description\" content=\"Die Frauenanteile in F\u00fchrungsetagen steigen weiter: 20 % der Unternehmen besch\u00e4ftigen inzwischen einen weiblichen CEO oder CFO.\" \/>\n<meta name=\"robots\" content=\"index, follow, max-snippet:-1, max-image-preview:large, max-video-preview:-1\" \/>\n<link rel=\"canonical\" href=\"https:\/\/www.organisator.ch\/en\/management\/2023-03-08\/frauenanteile-in-schweizer-unternehmen-steigen-weiter\/\" \/>\n<meta property=\"og:locale\" content=\"en_US\" \/>\n<meta property=\"og:type\" content=\"article\" \/>\n<meta property=\"og:title\" content=\"Frauenanteile in Schweizer Unternehmen steigen weiter\" \/>\n<meta property=\"og:description\" content=\"Die Frauenanteile in F\u00fchrungsetagen steigen weiter: 20 % der Unternehmen besch\u00e4ftigen inzwischen einen weiblichen CEO oder CFO.\" \/>\n<meta property=\"og:url\" content=\"https:\/\/www.organisator.ch\/en\/management\/2023-03-08\/frauenanteile-in-schweizer-unternehmen-steigen-weiter\/\" \/>\n<meta property=\"og:site_name\" content=\"Organisator\" \/>\n<meta property=\"article:publisher\" content=\"https:\/\/www.facebook.com\/OrganisatorFachmagazin\" \/>\n<meta property=\"article:published_time\" content=\"2023-03-08T07:39:45+00:00\" \/>\n<meta property=\"article:modified_time\" content=\"2023-03-13T06:48:54+00:00\" \/>\n<meta property=\"og:image\" content=\"https:\/\/www.organisator.ch\/wp-content\/uploads\/2023\/03\/Frauenanteile-in-Schweizer-Unternehmen-steigen-weiter_Organisator.jpg\" \/>\n\t<meta property=\"og:image:width\" content=\"680\" \/>\n\t<meta property=\"og:image:height\" content=\"453\" \/>\n\t<meta property=\"og:image:type\" content=\"image\/jpeg\" \/>\n<meta name=\"author\" content=\"thomas.berner\" \/>\n<meta name=\"twitter:card\" content=\"summary_large_image\" \/>\n<meta name=\"twitter:title\" content=\"#Frauenanteile in Schweizer #Unternehmen steigen weiter\" \/>\n<meta name=\"twitter:description\" content=\"Die #Frauenanteile in F\u00fchrungsetagen steigen weiter: 20 % der Unternehmen besch\u00e4ftigen inzwischen einen weiblichen #CEO oder #CFO.\" \/>\n<meta name=\"twitter:image\" content=\"https:\/\/www.organisator.ch\/wp-content\/uploads\/2023\/03\/Frauenanteile-in-Schweizer-Unternehmen-steigen-weiter_Organisator.jpg\" \/>\n<script type=\"application\/ld+json\" class=\"yoast-schema-graph\">{\"@context\":\"https:\\\/\\\/schema.org\",\"@graph\":[{\"@type\":\"Article\",\"@id\":\"https:\\\/\\\/www.organisator.ch\\\/management\\\/2023-03-08\\\/frauenanteile-in-schweizer-unternehmen-steigen-weiter\\\/#article\",\"isPartOf\":{\"@id\":\"https:\\\/\\\/www.organisator.ch\\\/management\\\/2023-03-08\\\/frauenanteile-in-schweizer-unternehmen-steigen-weiter\\\/\"},\"author\":{\"name\":\"thomas.berner\",\"@id\":\"https:\\\/\\\/www.organisator.ch\\\/#\\\/schema\\\/person\\\/6f650f90b2842cd4c0cc334b4e36f67e\"},\"headline\":\"Frauenanteile in Schweizer Unternehmen steigen weiter\",\"datePublished\":\"2023-03-08T07:39:45+00:00\",\"dateModified\":\"2023-03-13T06:48:54+00:00\",\"mainEntityOfPage\":{\"@id\":\"https:\\\/\\\/www.organisator.ch\\\/management\\\/2023-03-08\\\/frauenanteile-in-schweizer-unternehmen-steigen-weiter\\\/\"},\"wordCount\":642,\"publisher\":{\"@id\":\"https:\\\/\\\/www.organisator.ch\\\/#organization\"},\"image\":{\"@id\":\"https:\\\/\\\/www.organisator.ch\\\/management\\\/2023-03-08\\\/frauenanteile-in-schweizer-unternehmen-steigen-weiter\\\/#primaryimage\"},\"thumbnailUrl\":\"https:\\\/\\\/www.organisator.ch\\\/wp-content\\\/uploads\\\/2023\\\/03\\\/Frauenanteile-in-Schweizer-Unternehmen-steigen-weiter_Organisator.jpg\",\"keywords\":[\"Diversity\",\"Management und Unternehmensf\u00fchrung\",\"schillingreport\",\"Studie\",\"Weltfrauentag\"],\"articleSection\":[\"MANAGEMENT\"],\"inLanguage\":\"en-US\"},{\"@type\":\"WebPage\",\"@id\":\"https:\\\/\\\/www.organisator.ch\\\/management\\\/2023-03-08\\\/frauenanteile-in-schweizer-unternehmen-steigen-weiter\\\/\",\"url\":\"https:\\\/\\\/www.organisator.ch\\\/management\\\/2023-03-08\\\/frauenanteile-in-schweizer-unternehmen-steigen-weiter\\\/\",\"name\":\"Frauenanteile in Schweizer Unternehmen steigen weiter - Organisator\",\"isPartOf\":{\"@id\":\"https:\\\/\\\/www.organisator.ch\\\/#website\"},\"primaryImageOfPage\":{\"@id\":\"https:\\\/\\\/www.organisator.ch\\\/management\\\/2023-03-08\\\/frauenanteile-in-schweizer-unternehmen-steigen-weiter\\\/#primaryimage\"},\"image\":{\"@id\":\"https:\\\/\\\/www.organisator.ch\\\/management\\\/2023-03-08\\\/frauenanteile-in-schweizer-unternehmen-steigen-weiter\\\/#primaryimage\"},\"thumbnailUrl\":\"https:\\\/\\\/www.organisator.ch\\\/wp-content\\\/uploads\\\/2023\\\/03\\\/Frauenanteile-in-Schweizer-Unternehmen-steigen-weiter_Organisator.jpg\",\"datePublished\":\"2023-03-08T07:39:45+00:00\",\"dateModified\":\"2023-03-13T06:48:54+00:00\",\"description\":\"Die Frauenanteile in F\u00fchrungsetagen steigen weiter: 20 % der Unternehmen besch\u00e4ftigen inzwischen einen weiblichen CEO oder CFO.\",\"breadcrumb\":{\"@id\":\"https:\\\/\\\/www.organisator.ch\\\/management\\\/2023-03-08\\\/frauenanteile-in-schweizer-unternehmen-steigen-weiter\\\/#breadcrumb\"},\"inLanguage\":\"en-US\",\"potentialAction\":[{\"@type\":\"ReadAction\",\"target\":[\"https:\\\/\\\/www.organisator.ch\\\/management\\\/2023-03-08\\\/frauenanteile-in-schweizer-unternehmen-steigen-weiter\\\/\"]}]},{\"@type\":\"ImageObject\",\"inLanguage\":\"en-US\",\"@id\":\"https:\\\/\\\/www.organisator.ch\\\/management\\\/2023-03-08\\\/frauenanteile-in-schweizer-unternehmen-steigen-weiter\\\/#primaryimage\",\"url\":\"https:\\\/\\\/www.organisator.ch\\\/wp-content\\\/uploads\\\/2023\\\/03\\\/Frauenanteile-in-Schweizer-Unternehmen-steigen-weiter_Organisator.jpg\",\"contentUrl\":\"https:\\\/\\\/www.organisator.ch\\\/wp-content\\\/uploads\\\/2023\\\/03\\\/Frauenanteile-in-Schweizer-Unternehmen-steigen-weiter_Organisator.jpg\",\"width\":680,\"height\":453,\"caption\":\"Die Frauenanteile in den F\u00fchrungsetagen grosser Schweizer Unternehmen sind weiter gestiegen. (Bild: Pixabay.com)\"},{\"@type\":\"BreadcrumbList\",\"@id\":\"https:\\\/\\\/www.organisator.ch\\\/management\\\/2023-03-08\\\/frauenanteile-in-schweizer-unternehmen-steigen-weiter\\\/#breadcrumb\",\"itemListElement\":[{\"@type\":\"ListItem\",\"position\":1,\"name\":\"Home\",\"item\":\"https:\\\/\\\/www.organisator.ch\\\/\"},{\"@type\":\"ListItem\",\"position\":2,\"name\":\"Frauenanteile in Schweizer Unternehmen steigen weiter\"}]},{\"@type\":\"WebSite\",\"@id\":\"https:\\\/\\\/www.organisator.ch\\\/#website\",\"url\":\"https:\\\/\\\/www.organisator.ch\\\/\",\"name\":\"Organisator\",\"description\":\"Kompetent. Praxisnah. Der ORGANISATOR bereitet in 10 Ausgaben pro Jahr die wesentlichen Themen f\u00fcr F\u00fchrungskr\u00e4fte von KMU auf.\",\"publisher\":{\"@id\":\"https:\\\/\\\/www.organisator.ch\\\/#organization\"},\"potentialAction\":[{\"@type\":\"SearchAction\",\"target\":{\"@type\":\"EntryPoint\",\"urlTemplate\":\"https:\\\/\\\/www.organisator.ch\\\/?s={search_term_string}\"},\"query-input\":{\"@type\":\"PropertyValueSpecification\",\"valueRequired\":true,\"valueName\":\"search_term_string\"}}],\"inLanguage\":\"en-US\"},{\"@type\":\"Organization\",\"@id\":\"https:\\\/\\\/www.organisator.ch\\\/#organization\",\"name\":\"Organisator\",\"url\":\"https:\\\/\\\/www.organisator.ch\\\/\",\"logo\":{\"@type\":\"ImageObject\",\"inLanguage\":\"en-US\",\"@id\":\"https:\\\/\\\/www.organisator.ch\\\/#\\\/schema\\\/logo\\\/image\\\/\",\"url\":\"https:\\\/\\\/www.organisator.ch\\\/wp-content\\\/uploads\\\/2022\\\/01\\\/Logo_Organisator_Website.png\",\"contentUrl\":\"https:\\\/\\\/www.organisator.ch\\\/wp-content\\\/uploads\\\/2022\\\/01\\\/Logo_Organisator_Website.png\",\"width\":800,\"height\":77,\"caption\":\"Organisator\"},\"image\":{\"@id\":\"https:\\\/\\\/www.organisator.ch\\\/#\\\/schema\\\/logo\\\/image\\\/\"},\"sameAs\":[\"https:\\\/\\\/www.facebook.com\\\/OrganisatorFachmagazin\",\"https:\\\/\\\/www.linkedin.com\\\/showcase\\\/organisator-das-magazin-fr-kmu\",\"https:\\\/\\\/www.xing.com\\\/news\\\/pages\\\/organisator-ch-695\",\"https:\\\/\\\/www.youtube.com\\\/channel\\\/UCGP2Sq0iWaZwT3BdIAQFYpw\"]},{\"@type\":\"Person\",\"@id\":\"https:\\\/\\\/www.organisator.ch\\\/#\\\/schema\\\/person\\\/6f650f90b2842cd4c0cc334b4e36f67e\",\"name\":\"thomas.berner\",\"image\":{\"@type\":\"ImageObject\",\"inLanguage\":\"en-US\",\"@id\":\"https:\\\/\\\/secure.gravatar.com\\\/avatar\\\/ac5001d2a36cb6c6cd3e50789007ffca834b477b74a2144564522e944eabff61?s=96&d=mm&r=g\",\"url\":\"https:\\\/\\\/secure.gravatar.com\\\/avatar\\\/ac5001d2a36cb6c6cd3e50789007ffca834b477b74a2144564522e944eabff61?s=96&d=mm&r=g\",\"contentUrl\":\"https:\\\/\\\/secure.gravatar.com\\\/avatar\\\/ac5001d2a36cb6c6cd3e50789007ffca834b477b74a2144564522e944eabff61?s=96&d=mm&r=g\",\"caption\":\"thomas.berner\"},\"url\":\"https:\\\/\\\/www.organisator.ch\\\/en\\\/author\\\/thomas-berner\\\/\"}]}<\/script>\n<!-- \/ Yoast SEO plugin. -->","yoast_head_json":{"title":"Proportion of women in Swiss companies continues to rise - Organizer","description":"The proportion of women in management positions continues to rise: 20 % of companies now employ a female CEO or CFO.","robots":{"index":"index","follow":"follow","max-snippet":"max-snippet:-1","max-image-preview":"max-image-preview:large","max-video-preview":"max-video-preview:-1"},"canonical":"https:\/\/www.organisator.ch\/en\/management\/2023-03-08\/frauenanteile-in-schweizer-unternehmen-steigen-weiter\/","og_locale":"en_US","og_type":"article","og_title":"Frauenanteile in Schweizer Unternehmen steigen weiter","og_description":"Die Frauenanteile in F\u00fchrungsetagen steigen weiter: 20 % der Unternehmen besch\u00e4ftigen inzwischen einen weiblichen CEO oder CFO.","og_url":"https:\/\/www.organisator.ch\/en\/management\/2023-03-08\/frauenanteile-in-schweizer-unternehmen-steigen-weiter\/","og_site_name":"Organisator","article_publisher":"https:\/\/www.facebook.com\/OrganisatorFachmagazin","article_published_time":"2023-03-08T07:39:45+00:00","article_modified_time":"2023-03-13T06:48:54+00:00","og_image":[{"width":680,"height":453,"url":"https:\/\/www.organisator.ch\/wp-content\/uploads\/2023\/03\/Frauenanteile-in-Schweizer-Unternehmen-steigen-weiter_Organisator.jpg","type":"image\/jpeg"}],"author":"thomas.berner","twitter_card":"summary_large_image","twitter_title":"#Frauenanteile in Schweizer #Unternehmen steigen weiter","twitter_description":"Die #Frauenanteile in F\u00fchrungsetagen steigen weiter: 20 % der Unternehmen besch\u00e4ftigen inzwischen einen weiblichen #CEO oder #CFO.","twitter_image":"https:\/\/www.organisator.ch\/wp-content\/uploads\/2023\/03\/Frauenanteile-in-Schweizer-Unternehmen-steigen-weiter_Organisator.jpg","schema":{"@context":"https:\/\/schema.org","@graph":[{"@type":"Article","@id":"https:\/\/www.organisator.ch\/management\/2023-03-08\/frauenanteile-in-schweizer-unternehmen-steigen-weiter\/#article","isPartOf":{"@id":"https:\/\/www.organisator.ch\/management\/2023-03-08\/frauenanteile-in-schweizer-unternehmen-steigen-weiter\/"},"author":{"name":"thomas.berner","@id":"https:\/\/www.organisator.ch\/#\/schema\/person\/6f650f90b2842cd4c0cc334b4e36f67e"},"headline":"Frauenanteile in Schweizer Unternehmen steigen weiter","datePublished":"2023-03-08T07:39:45+00:00","dateModified":"2023-03-13T06:48:54+00:00","mainEntityOfPage":{"@id":"https:\/\/www.organisator.ch\/management\/2023-03-08\/frauenanteile-in-schweizer-unternehmen-steigen-weiter\/"},"wordCount":642,"publisher":{"@id":"https:\/\/www.organisator.ch\/#organization"},"image":{"@id":"https:\/\/www.organisator.ch\/management\/2023-03-08\/frauenanteile-in-schweizer-unternehmen-steigen-weiter\/#primaryimage"},"thumbnailUrl":"https:\/\/www.organisator.ch\/wp-content\/uploads\/2023\/03\/Frauenanteile-in-Schweizer-Unternehmen-steigen-weiter_Organisator.jpg","keywords":["Diversity","Management und Unternehmensf\u00fchrung","schillingreport","Studie","Weltfrauentag"],"articleSection":["MANAGEMENT"],"inLanguage":"en-US"},{"@type":"WebPage","@id":"https:\/\/www.organisator.ch\/management\/2023-03-08\/frauenanteile-in-schweizer-unternehmen-steigen-weiter\/","url":"https:\/\/www.organisator.ch\/management\/2023-03-08\/frauenanteile-in-schweizer-unternehmen-steigen-weiter\/","name":"Proportion of women in Swiss companies continues to rise - Organizer","isPartOf":{"@id":"https:\/\/www.organisator.ch\/#website"},"primaryImageOfPage":{"@id":"https:\/\/www.organisator.ch\/management\/2023-03-08\/frauenanteile-in-schweizer-unternehmen-steigen-weiter\/#primaryimage"},"image":{"@id":"https:\/\/www.organisator.ch\/management\/2023-03-08\/frauenanteile-in-schweizer-unternehmen-steigen-weiter\/#primaryimage"},"thumbnailUrl":"https:\/\/www.organisator.ch\/wp-content\/uploads\/2023\/03\/Frauenanteile-in-Schweizer-Unternehmen-steigen-weiter_Organisator.jpg","datePublished":"2023-03-08T07:39:45+00:00","dateModified":"2023-03-13T06:48:54+00:00","description":"The proportion of women in management positions continues to rise: 20 % of companies now employ a female CEO or CFO.","breadcrumb":{"@id":"https:\/\/www.organisator.ch\/management\/2023-03-08\/frauenanteile-in-schweizer-unternehmen-steigen-weiter\/#breadcrumb"},"inLanguage":"en-US","potentialAction":[{"@type":"ReadAction","target":["https:\/\/www.organisator.ch\/management\/2023-03-08\/frauenanteile-in-schweizer-unternehmen-steigen-weiter\/"]}]},{"@type":"ImageObject","inLanguage":"en-US","@id":"https:\/\/www.organisator.ch\/management\/2023-03-08\/frauenanteile-in-schweizer-unternehmen-steigen-weiter\/#primaryimage","url":"https:\/\/www.organisator.ch\/wp-content\/uploads\/2023\/03\/Frauenanteile-in-Schweizer-Unternehmen-steigen-weiter_Organisator.jpg","contentUrl":"https:\/\/www.organisator.ch\/wp-content\/uploads\/2023\/03\/Frauenanteile-in-Schweizer-Unternehmen-steigen-weiter_Organisator.jpg","width":680,"height":453,"caption":"Die Frauenanteile in den F\u00fchrungsetagen grosser Schweizer Unternehmen sind weiter gestiegen. (Bild: Pixabay.com)"},{"@type":"BreadcrumbList","@id":"https:\/\/www.organisator.ch\/management\/2023-03-08\/frauenanteile-in-schweizer-unternehmen-steigen-weiter\/#breadcrumb","itemListElement":[{"@type":"ListItem","position":1,"name":"Home","item":"https:\/\/www.organisator.ch\/"},{"@type":"ListItem","position":2,"name":"Frauenanteile in Schweizer Unternehmen steigen weiter"}]},{"@type":"WebSite","@id":"https:\/\/www.organisator.ch\/#website","url":"https:\/\/www.organisator.ch\/","name":"Organizer","description":"Competent. Practical. In 10 issues per year, ORGANISATOR presents the essential topics for managers of SMEs.","publisher":{"@id":"https:\/\/www.organisator.ch\/#organization"},"potentialAction":[{"@type":"SearchAction","target":{"@type":"EntryPoint","urlTemplate":"https:\/\/www.organisator.ch\/?s={search_term_string}"},"query-input":{"@type":"PropertyValueSpecification","valueRequired":true,"valueName":"search_term_string"}}],"inLanguage":"en-US"},{"@type":"Organization","@id":"https:\/\/www.organisator.ch\/#organization","name":"Organizer","url":"https:\/\/www.organisator.ch\/","logo":{"@type":"ImageObject","inLanguage":"en-US","@id":"https:\/\/www.organisator.ch\/#\/schema\/logo\/image\/","url":"https:\/\/www.organisator.ch\/wp-content\/uploads\/2022\/01\/Logo_Organisator_Website.png","contentUrl":"https:\/\/www.organisator.ch\/wp-content\/uploads\/2022\/01\/Logo_Organisator_Website.png","width":800,"height":77,"caption":"Organisator"},"image":{"@id":"https:\/\/www.organisator.ch\/#\/schema\/logo\/image\/"},"sameAs":["https:\/\/www.facebook.com\/OrganisatorFachmagazin","https:\/\/www.linkedin.com\/showcase\/organisator-das-magazin-fr-kmu","https:\/\/www.xing.com\/news\/pages\/organisator-ch-695","https:\/\/www.youtube.com\/channel\/UCGP2Sq0iWaZwT3BdIAQFYpw"]},{"@type":"Person","@id":"https:\/\/www.organisator.ch\/#\/schema\/person\/6f650f90b2842cd4c0cc334b4e36f67e","name":"thomas.berner","image":{"@type":"ImageObject","inLanguage":"en-US","@id":"https:\/\/secure.gravatar.com\/avatar\/ac5001d2a36cb6c6cd3e50789007ffca834b477b74a2144564522e944eabff61?s=96&d=mm&r=g","url":"https:\/\/secure.gravatar.com\/avatar\/ac5001d2a36cb6c6cd3e50789007ffca834b477b74a2144564522e944eabff61?s=96&d=mm&r=g","contentUrl":"https:\/\/secure.gravatar.com\/avatar\/ac5001d2a36cb6c6cd3e50789007ffca834b477b74a2144564522e944eabff61?s=96&d=mm&r=g","caption":"thomas.berner"},"url":"https:\/\/www.organisator.ch\/en\/author\/thomas-berner\/"}]}},"_links":{"self":[{"href":"https:\/\/www.organisator.ch\/en\/wp-json\/wp\/v2\/posts\/19219","targetHints":{"allow":["GET"]}}],"collection":[{"href":"https:\/\/www.organisator.ch\/en\/wp-json\/wp\/v2\/posts"}],"about":[{"href":"https:\/\/www.organisator.ch\/en\/wp-json\/wp\/v2\/types\/post"}],"author":[{"embeddable":true,"href":"https:\/\/www.organisator.ch\/en\/wp-json\/wp\/v2\/users\/4"}],"replies":[{"embeddable":true,"href":"https:\/\/www.organisator.ch\/en\/wp-json\/wp\/v2\/comments?post=19219"}],"version-history":[{"count":1,"href":"https:\/\/www.organisator.ch\/en\/wp-json\/wp\/v2\/posts\/19219\/revisions"}],"predecessor-version":[{"id":19221,"href":"https:\/\/www.organisator.ch\/en\/wp-json\/wp\/v2\/posts\/19219\/revisions\/19221"}],"wp:featuredmedia":[{"embeddable":true,"href":"https:\/\/www.organisator.ch\/en\/wp-json\/wp\/v2\/media\/19220"}],"wp:attachment":[{"href":"https:\/\/www.organisator.ch\/en\/wp-json\/wp\/v2\/media?parent=19219"}],"wp:term":[{"taxonomy":"category","embeddable":true,"href":"https:\/\/www.organisator.ch\/en\/wp-json\/wp\/v2\/categories?post=19219"},{"taxonomy":"post_tag","embeddable":true,"href":"https:\/\/www.organisator.ch\/en\/wp-json\/wp\/v2\/tags?post=19219"}],"curies":[{"name":"wp","href":"https:\/\/api.w.org\/{rel}","templated":true}]}}