{"id":19288,"date":"2023-03-17T08:08:09","date_gmt":"2023-03-17T07:08:09","guid":{"rendered":"https:\/\/www.organisator.ch\/?p=19288"},"modified":"2023-03-17T09:41:48","modified_gmt":"2023-03-17T08:41:48","slug":"wasserkrise-uebertrifft-energiekrise-bei-weitem","status":"publish","type":"post","link":"https:\/\/www.organisator.ch\/en\/sustainability\/2023-03-17\/wasserkrise-uebertrifft-energiekrise-bei-weitem\/","title":{"rendered":"Water crisis far outstrips energy crisis"},"content":{"rendered":"<figure id=\"attachment_19289\" class=\"wp-caption alignnone\" style=\"width: 680px;\" aria-describedby=\"caption-attachment-19289\"><img class=\"size-full wp-image-19289\" src=\"https:\/\/www.organisator.ch\/wp-content\/uploads\/2023\/03\/Wasserkrise-uebertrifft-Energiekrise-bei-weitem_Organisator.jpg\" sizes=\"(max-width: 680px) 100vw, 680px\" srcset=\"https:\/\/www.organisator.ch\/wp-content\/uploads\/2023\/03\/Wasserkrise-uebertrifft-Energiekrise-bei-weitem_Organisator.jpg 680w, https:\/\/www.organisator.ch\/wp-content\/uploads\/2023\/03\/Wasserkrise-uebertrifft-Energiekrise-bei-weitem_Organisator-18x12.jpg 18w, https:\/\/www.organisator.ch\/wp-content\/uploads\/2023\/03\/Wasserkrise-uebertrifft-Energiekrise-bei-weitem_Organisator-375x252.jpg 375w, https:\/\/www.organisator.ch\/wp-content\/uploads\/2023\/03\/Wasserkrise-uebertrifft-Energiekrise-bei-weitem_Organisator-521x350.jpg 521w\" alt=\"\" width=\"680\" height=\"457\" \/><figcaption id=\"caption-attachment-19289\" class=\"wp-caption-text\">Anna Brand, president-elect of the Zerowaterloss Foundation, warns of the consequences of a water crisis on the occasion of UN World Water Day on March 22. (Image: zVg \/ Zerowaterloss)<\/figcaption><\/figure>\r\n\"We are considered the water castle of Europe, but every year we are less so,\" says Anna Brand, the designated new president of the Zerowaterloss Foundation in Bern. On the occasion of the UN World Water Day on March 22, she calls on Swiss business and politics to start water-saving programs early, \"because the coming water shortage will far exceed the negative consequences of the energy crisis in Switzerland and worldwide.\"\r\n\r\nUnder the slogan \"Accelerating Change,\" the UN is warning against excessive water consumption on World Water Day 2023. The Bern-based Zerowaterloss Foundation was launched by the Swiss industrialist family of J\u00fcrg Brand to ensure that unnecessary water consumption and waste is recognized early on as a serious risk to society. It supports the UN message as well as research projects and events to help address this new global crisis with innovative water management.\r\n\r\nAnna Brand says: \"Access to sufficient water is a human right. Today, drinking water in Switzerland and worldwide is wasted because it is far too cheap for many uses and, on the other hand, hardly affordable as survival water for many people.\" The foundation, which she leads as the new president-elect, therefore calls for \"an understanding of the value of water, because a water crisis becomes a human crisis.\"\r\n\r\n<em>Source and further information: <a href=\"https:\/\/www.stiftungzerowaterloss.ch\/\">www.stiftungzerowaterloss.ch<\/a><\/em>\r\n\r\nThe post <a href=\"https:\/\/www.organisator.ch\/de\/sustainability\/2023-03-17\/wasserkrise-uebertrifft-energiekrise-bei-weitem\/\" rel=\"nofollow\">Water crisis far outstrips energy crisis<\/a> appeared first on <a href=\"https:\/\/www.organisator.ch\/de\" rel=\"nofollow\">Organizer<\/a>.","protected":false},"excerpt":{"rendered":"<p>\u00abWir gelten als das Wasserschloss Europas, sind es aber jedes Jahr weniger\u00bb, sagt Anna Brand, die designierte neue Pr\u00e4sidentin der Zerowaterloss-Stiftung in Bern. Aus Anlass des UNO-Weltwassertages am 22. M\u00e4rz, ruft sie die Schweizer Wirtschaft und Politik auf, fr\u00fchzeitig Wassersparprogramme in Angriff zu nehmen, \u00abdenn die kommende Wassernot wird die negativen Folgen der Energiekrise in [\u2026]<\/p>\n<p>The post <a rel=\"nofollow\" href=\"https:\/\/www.organisator.ch\/de\/sustainability\/2023-03-17\/wasserkrise-uebertrifft-energiekrise-bei-weitem\/\">Wasserkrise \u00fcbertrifft Energiekrise bei weitem<\/a> appeared first on <a rel=\"nofollow\" href=\"https:\/\/www.organisator.ch\/de\">Organisator<\/a>.<\/p>\n","protected":false},"author":4,"featured_media":19289,"comment_status":"closed","ping_status":"closed","sticky":false,"template":"","format":"standard","meta":{"_acf_changed":false,"_yoast_wpseo_focuskw":"Wasserkrise","_yoast_wpseo_metadesc":"Zum UNO-Weltwassertag 2023 vom 22. M\u00e4rz warnt die Schweizer Stiftung Zerowaterloss vor einer Wasserkrise.","articlekey":"","footnotes":""},"categories":[580],"tags":[358,503,2530],"class_list":["post-19288","post","type-post","status-publish","format-standard","has-post-thumbnail","hentry","category-sustainability","tag-nachhaltige-wirtschaft","tag-verbaende","tag-wasserwirtschaft"],"acf":[],"yoast_head":"<!-- This site is optimized with the Yoast SEO plugin v27.5 - https:\/\/yoast.com\/product\/yoast-seo-wordpress\/ -->\n<title>Wasserkrise \u00fcbertrifft Energiekrise bei weitem - Organisator<\/title>\n<meta name=\"description\" content=\"Zum UNO-Weltwassertag 2023 vom 22. M\u00e4rz warnt die Schweizer Stiftung Zerowaterloss vor einer Wasserkrise.\" \/>\n<meta name=\"robots\" content=\"index, follow, max-snippet:-1, max-image-preview:large, max-video-preview:-1\" \/>\n<link rel=\"canonical\" href=\"https:\/\/www.organisator.ch\/en\/sustainability\/2023-03-17\/wasserkrise-uebertrifft-energiekrise-bei-weitem\/\" \/>\n<meta property=\"og:locale\" content=\"en_US\" \/>\n<meta property=\"og:type\" content=\"article\" \/>\n<meta property=\"og:title\" content=\"Wasserkrise \u00fcbertrifft Energiekrise bei weitem\" \/>\n<meta property=\"og:description\" content=\"Zum UNO-Weltwassertag 2023 vom 22. M\u00e4rz warnt die Schweizer Stiftung Zerowaterloss vor einer Wasserkrise.\" \/>\n<meta property=\"og:url\" content=\"https:\/\/www.organisator.ch\/en\/sustainability\/2023-03-17\/wasserkrise-uebertrifft-energiekrise-bei-weitem\/\" \/>\n<meta property=\"og:site_name\" content=\"Organisator\" \/>\n<meta property=\"article:publisher\" content=\"https:\/\/www.facebook.com\/OrganisatorFachmagazin\" \/>\n<meta property=\"article:published_time\" content=\"2023-03-17T07:08:09+00:00\" \/>\n<meta property=\"article:modified_time\" content=\"2023-03-17T08:41:48+00:00\" \/>\n<meta property=\"og:image\" content=\"https:\/\/www.organisator.ch\/wp-content\/uploads\/2023\/03\/Wasserkrise-uebertrifft-Energiekrise-bei-weitem_Organisator.jpg\" \/>\n\t<meta property=\"og:image:width\" content=\"680\" \/>\n\t<meta property=\"og:image:height\" content=\"457\" \/>\n\t<meta property=\"og:image:type\" content=\"image\/jpeg\" \/>\n<meta name=\"author\" content=\"thomas.berner\" \/>\n<meta name=\"twitter:card\" content=\"summary_large_image\" \/>\n<meta name=\"twitter:title\" content=\"#Wasserkrise \u00fcbertrifft #Energiekrise bei weitem\" \/>\n<meta name=\"twitter:description\" content=\"Zum #UNO-Weltwassertag 2023 vom 22. M\u00e4rz warnt die Schweizer Stiftung #Zerowaterloss vor einer Wasserkrise.\" \/>\n<meta name=\"twitter:image\" content=\"https:\/\/www.organisator.ch\/wp-content\/uploads\/2023\/03\/Wasserkrise-uebertrifft-Energiekrise-bei-weitem_Organisator.jpg\" \/>\n<script type=\"application\/ld+json\" class=\"yoast-schema-graph\">{\"@context\":\"https:\\\/\\\/schema.org\",\"@graph\":[{\"@type\":\"Article\",\"@id\":\"https:\\\/\\\/www.organisator.ch\\\/sustainability\\\/2023-03-17\\\/wasserkrise-uebertrifft-energiekrise-bei-weitem\\\/#article\",\"isPartOf\":{\"@id\":\"https:\\\/\\\/www.organisator.ch\\\/sustainability\\\/2023-03-17\\\/wasserkrise-uebertrifft-energiekrise-bei-weitem\\\/\"},\"author\":{\"name\":\"thomas.berner\",\"@id\":\"https:\\\/\\\/www.organisator.ch\\\/#\\\/schema\\\/person\\\/6f650f90b2842cd4c0cc334b4e36f67e\"},\"headline\":\"Wasserkrise \u00fcbertrifft Energiekrise bei weitem\",\"datePublished\":\"2023-03-17T07:08:09+00:00\",\"dateModified\":\"2023-03-17T08:41:48+00:00\",\"mainEntityOfPage\":{\"@id\":\"https:\\\/\\\/www.organisator.ch\\\/sustainability\\\/2023-03-17\\\/wasserkrise-uebertrifft-energiekrise-bei-weitem\\\/\"},\"wordCount\":254,\"publisher\":{\"@id\":\"https:\\\/\\\/www.organisator.ch\\\/#organization\"},\"image\":{\"@id\":\"https:\\\/\\\/www.organisator.ch\\\/sustainability\\\/2023-03-17\\\/wasserkrise-uebertrifft-energiekrise-bei-weitem\\\/#primaryimage\"},\"thumbnailUrl\":\"https:\\\/\\\/www.organisator.ch\\\/wp-content\\\/uploads\\\/2023\\\/03\\\/Wasserkrise-uebertrifft-Energiekrise-bei-weitem_Organisator.jpg\",\"keywords\":[\"Nachhaltige Wirtschaft\",\"Verb\u00e4nde\",\"Wasserwirtschaft\"],\"articleSection\":[\"SUSTAINABILITY\"],\"inLanguage\":\"en-US\"},{\"@type\":\"WebPage\",\"@id\":\"https:\\\/\\\/www.organisator.ch\\\/sustainability\\\/2023-03-17\\\/wasserkrise-uebertrifft-energiekrise-bei-weitem\\\/\",\"url\":\"https:\\\/\\\/www.organisator.ch\\\/sustainability\\\/2023-03-17\\\/wasserkrise-uebertrifft-energiekrise-bei-weitem\\\/\",\"name\":\"Wasserkrise \u00fcbertrifft Energiekrise bei weitem - Organisator\",\"isPartOf\":{\"@id\":\"https:\\\/\\\/www.organisator.ch\\\/#website\"},\"primaryImageOfPage\":{\"@id\":\"https:\\\/\\\/www.organisator.ch\\\/sustainability\\\/2023-03-17\\\/wasserkrise-uebertrifft-energiekrise-bei-weitem\\\/#primaryimage\"},\"image\":{\"@id\":\"https:\\\/\\\/www.organisator.ch\\\/sustainability\\\/2023-03-17\\\/wasserkrise-uebertrifft-energiekrise-bei-weitem\\\/#primaryimage\"},\"thumbnailUrl\":\"https:\\\/\\\/www.organisator.ch\\\/wp-content\\\/uploads\\\/2023\\\/03\\\/Wasserkrise-uebertrifft-Energiekrise-bei-weitem_Organisator.jpg\",\"datePublished\":\"2023-03-17T07:08:09+00:00\",\"dateModified\":\"2023-03-17T08:41:48+00:00\",\"description\":\"Zum UNO-Weltwassertag 2023 vom 22. M\u00e4rz warnt die Schweizer Stiftung Zerowaterloss vor einer Wasserkrise.\",\"breadcrumb\":{\"@id\":\"https:\\\/\\\/www.organisator.ch\\\/sustainability\\\/2023-03-17\\\/wasserkrise-uebertrifft-energiekrise-bei-weitem\\\/#breadcrumb\"},\"inLanguage\":\"en-US\",\"potentialAction\":[{\"@type\":\"ReadAction\",\"target\":[\"https:\\\/\\\/www.organisator.ch\\\/sustainability\\\/2023-03-17\\\/wasserkrise-uebertrifft-energiekrise-bei-weitem\\\/\"]}]},{\"@type\":\"ImageObject\",\"inLanguage\":\"en-US\",\"@id\":\"https:\\\/\\\/www.organisator.ch\\\/sustainability\\\/2023-03-17\\\/wasserkrise-uebertrifft-energiekrise-bei-weitem\\\/#primaryimage\",\"url\":\"https:\\\/\\\/www.organisator.ch\\\/wp-content\\\/uploads\\\/2023\\\/03\\\/Wasserkrise-uebertrifft-Energiekrise-bei-weitem_Organisator.jpg\",\"contentUrl\":\"https:\\\/\\\/www.organisator.ch\\\/wp-content\\\/uploads\\\/2023\\\/03\\\/Wasserkrise-uebertrifft-Energiekrise-bei-weitem_Organisator.jpg\",\"width\":680,\"height\":457,\"caption\":\"Anna Brand, designierte Pr\u00e4sidentin der Stiftung Zerowaterloss, warnt zum UNO-Weltwassertag vom 22. M\u00e4rz vor den Folgen einer Wasserkrise. (Bild: zVg \\\/ Zerowaterloss)\"},{\"@type\":\"BreadcrumbList\",\"@id\":\"https:\\\/\\\/www.organisator.ch\\\/sustainability\\\/2023-03-17\\\/wasserkrise-uebertrifft-energiekrise-bei-weitem\\\/#breadcrumb\",\"itemListElement\":[{\"@type\":\"ListItem\",\"position\":1,\"name\":\"Home\",\"item\":\"https:\\\/\\\/www.organisator.ch\\\/\"},{\"@type\":\"ListItem\",\"position\":2,\"name\":\"Wasserkrise \u00fcbertrifft Energiekrise bei weitem\"}]},{\"@type\":\"WebSite\",\"@id\":\"https:\\\/\\\/www.organisator.ch\\\/#website\",\"url\":\"https:\\\/\\\/www.organisator.ch\\\/\",\"name\":\"Organisator\",\"description\":\"Kompetent. Praxisnah. Der ORGANISATOR bereitet in 10 Ausgaben pro Jahr die wesentlichen Themen f\u00fcr F\u00fchrungskr\u00e4fte von KMU auf.\",\"publisher\":{\"@id\":\"https:\\\/\\\/www.organisator.ch\\\/#organization\"},\"potentialAction\":[{\"@type\":\"SearchAction\",\"target\":{\"@type\":\"EntryPoint\",\"urlTemplate\":\"https:\\\/\\\/www.organisator.ch\\\/?s={search_term_string}\"},\"query-input\":{\"@type\":\"PropertyValueSpecification\",\"valueRequired\":true,\"valueName\":\"search_term_string\"}}],\"inLanguage\":\"en-US\"},{\"@type\":\"Organization\",\"@id\":\"https:\\\/\\\/www.organisator.ch\\\/#organization\",\"name\":\"Organisator\",\"url\":\"https:\\\/\\\/www.organisator.ch\\\/\",\"logo\":{\"@type\":\"ImageObject\",\"inLanguage\":\"en-US\",\"@id\":\"https:\\\/\\\/www.organisator.ch\\\/#\\\/schema\\\/logo\\\/image\\\/\",\"url\":\"https:\\\/\\\/www.organisator.ch\\\/wp-content\\\/uploads\\\/2022\\\/01\\\/Logo_Organisator_Website.png\",\"contentUrl\":\"https:\\\/\\\/www.organisator.ch\\\/wp-content\\\/uploads\\\/2022\\\/01\\\/Logo_Organisator_Website.png\",\"width\":800,\"height\":77,\"caption\":\"Organisator\"},\"image\":{\"@id\":\"https:\\\/\\\/www.organisator.ch\\\/#\\\/schema\\\/logo\\\/image\\\/\"},\"sameAs\":[\"https:\\\/\\\/www.facebook.com\\\/OrganisatorFachmagazin\",\"https:\\\/\\\/www.linkedin.com\\\/showcase\\\/organisator-das-magazin-fr-kmu\",\"https:\\\/\\\/www.xing.com\\\/news\\\/pages\\\/organisator-ch-695\",\"https:\\\/\\\/www.youtube.com\\\/channel\\\/UCGP2Sq0iWaZwT3BdIAQFYpw\"]},{\"@type\":\"Person\",\"@id\":\"https:\\\/\\\/www.organisator.ch\\\/#\\\/schema\\\/person\\\/6f650f90b2842cd4c0cc334b4e36f67e\",\"name\":\"thomas.berner\",\"image\":{\"@type\":\"ImageObject\",\"inLanguage\":\"en-US\",\"@id\":\"https:\\\/\\\/secure.gravatar.com\\\/avatar\\\/ac5001d2a36cb6c6cd3e50789007ffca834b477b74a2144564522e944eabff61?s=96&d=mm&r=g\",\"url\":\"https:\\\/\\\/secure.gravatar.com\\\/avatar\\\/ac5001d2a36cb6c6cd3e50789007ffca834b477b74a2144564522e944eabff61?s=96&d=mm&r=g\",\"contentUrl\":\"https:\\\/\\\/secure.gravatar.com\\\/avatar\\\/ac5001d2a36cb6c6cd3e50789007ffca834b477b74a2144564522e944eabff61?s=96&d=mm&r=g\",\"caption\":\"thomas.berner\"},\"url\":\"https:\\\/\\\/www.organisator.ch\\\/en\\\/author\\\/thomas-berner\\\/\"}]}<\/script>\n<!-- \/ Yoast SEO plugin. -->","yoast_head_json":{"title":"Water crisis far surpasses energy crisis - organizer","description":"To mark UN World Water Day 2023 on March 22, the Swiss foundation Zerowaterloss warns of a water crisis.","robots":{"index":"index","follow":"follow","max-snippet":"max-snippet:-1","max-image-preview":"max-image-preview:large","max-video-preview":"max-video-preview:-1"},"canonical":"https:\/\/www.organisator.ch\/en\/sustainability\/2023-03-17\/wasserkrise-uebertrifft-energiekrise-bei-weitem\/","og_locale":"en_US","og_type":"article","og_title":"Wasserkrise \u00fcbertrifft Energiekrise bei weitem","og_description":"Zum UNO-Weltwassertag 2023 vom 22. M\u00e4rz warnt die Schweizer Stiftung Zerowaterloss vor einer Wasserkrise.","og_url":"https:\/\/www.organisator.ch\/en\/sustainability\/2023-03-17\/wasserkrise-uebertrifft-energiekrise-bei-weitem\/","og_site_name":"Organisator","article_publisher":"https:\/\/www.facebook.com\/OrganisatorFachmagazin","article_published_time":"2023-03-17T07:08:09+00:00","article_modified_time":"2023-03-17T08:41:48+00:00","og_image":[{"width":680,"height":457,"url":"https:\/\/www.organisator.ch\/wp-content\/uploads\/2023\/03\/Wasserkrise-uebertrifft-Energiekrise-bei-weitem_Organisator.jpg","type":"image\/jpeg"}],"author":"thomas.berner","twitter_card":"summary_large_image","twitter_title":"#Wasserkrise \u00fcbertrifft #Energiekrise bei weitem","twitter_description":"Zum #UNO-Weltwassertag 2023 vom 22. M\u00e4rz warnt die Schweizer Stiftung #Zerowaterloss vor einer Wasserkrise.","twitter_image":"https:\/\/www.organisator.ch\/wp-content\/uploads\/2023\/03\/Wasserkrise-uebertrifft-Energiekrise-bei-weitem_Organisator.jpg","schema":{"@context":"https:\/\/schema.org","@graph":[{"@type":"Article","@id":"https:\/\/www.organisator.ch\/sustainability\/2023-03-17\/wasserkrise-uebertrifft-energiekrise-bei-weitem\/#article","isPartOf":{"@id":"https:\/\/www.organisator.ch\/sustainability\/2023-03-17\/wasserkrise-uebertrifft-energiekrise-bei-weitem\/"},"author":{"name":"thomas.berner","@id":"https:\/\/www.organisator.ch\/#\/schema\/person\/6f650f90b2842cd4c0cc334b4e36f67e"},"headline":"Wasserkrise \u00fcbertrifft Energiekrise bei weitem","datePublished":"2023-03-17T07:08:09+00:00","dateModified":"2023-03-17T08:41:48+00:00","mainEntityOfPage":{"@id":"https:\/\/www.organisator.ch\/sustainability\/2023-03-17\/wasserkrise-uebertrifft-energiekrise-bei-weitem\/"},"wordCount":254,"publisher":{"@id":"https:\/\/www.organisator.ch\/#organization"},"image":{"@id":"https:\/\/www.organisator.ch\/sustainability\/2023-03-17\/wasserkrise-uebertrifft-energiekrise-bei-weitem\/#primaryimage"},"thumbnailUrl":"https:\/\/www.organisator.ch\/wp-content\/uploads\/2023\/03\/Wasserkrise-uebertrifft-Energiekrise-bei-weitem_Organisator.jpg","keywords":["Nachhaltige Wirtschaft","Verb\u00e4nde","Wasserwirtschaft"],"articleSection":["SUSTAINABILITY"],"inLanguage":"en-US"},{"@type":"WebPage","@id":"https:\/\/www.organisator.ch\/sustainability\/2023-03-17\/wasserkrise-uebertrifft-energiekrise-bei-weitem\/","url":"https:\/\/www.organisator.ch\/sustainability\/2023-03-17\/wasserkrise-uebertrifft-energiekrise-bei-weitem\/","name":"Water crisis far surpasses energy crisis - organizer","isPartOf":{"@id":"https:\/\/www.organisator.ch\/#website"},"primaryImageOfPage":{"@id":"https:\/\/www.organisator.ch\/sustainability\/2023-03-17\/wasserkrise-uebertrifft-energiekrise-bei-weitem\/#primaryimage"},"image":{"@id":"https:\/\/www.organisator.ch\/sustainability\/2023-03-17\/wasserkrise-uebertrifft-energiekrise-bei-weitem\/#primaryimage"},"thumbnailUrl":"https:\/\/www.organisator.ch\/wp-content\/uploads\/2023\/03\/Wasserkrise-uebertrifft-Energiekrise-bei-weitem_Organisator.jpg","datePublished":"2023-03-17T07:08:09+00:00","dateModified":"2023-03-17T08:41:48+00:00","description":"To mark UN World Water Day 2023 on March 22, the Swiss foundation Zerowaterloss warns of a water crisis.","breadcrumb":{"@id":"https:\/\/www.organisator.ch\/sustainability\/2023-03-17\/wasserkrise-uebertrifft-energiekrise-bei-weitem\/#breadcrumb"},"inLanguage":"en-US","potentialAction":[{"@type":"ReadAction","target":["https:\/\/www.organisator.ch\/sustainability\/2023-03-17\/wasserkrise-uebertrifft-energiekrise-bei-weitem\/"]}]},{"@type":"ImageObject","inLanguage":"en-US","@id":"https:\/\/www.organisator.ch\/sustainability\/2023-03-17\/wasserkrise-uebertrifft-energiekrise-bei-weitem\/#primaryimage","url":"https:\/\/www.organisator.ch\/wp-content\/uploads\/2023\/03\/Wasserkrise-uebertrifft-Energiekrise-bei-weitem_Organisator.jpg","contentUrl":"https:\/\/www.organisator.ch\/wp-content\/uploads\/2023\/03\/Wasserkrise-uebertrifft-Energiekrise-bei-weitem_Organisator.jpg","width":680,"height":457,"caption":"Anna Brand, designierte Pr\u00e4sidentin der Stiftung Zerowaterloss, warnt zum UNO-Weltwassertag vom 22. M\u00e4rz vor den Folgen einer Wasserkrise. (Bild: zVg \/ Zerowaterloss)"},{"@type":"BreadcrumbList","@id":"https:\/\/www.organisator.ch\/sustainability\/2023-03-17\/wasserkrise-uebertrifft-energiekrise-bei-weitem\/#breadcrumb","itemListElement":[{"@type":"ListItem","position":1,"name":"Home","item":"https:\/\/www.organisator.ch\/"},{"@type":"ListItem","position":2,"name":"Wasserkrise \u00fcbertrifft Energiekrise bei weitem"}]},{"@type":"WebSite","@id":"https:\/\/www.organisator.ch\/#website","url":"https:\/\/www.organisator.ch\/","name":"Organizer","description":"Competent. Practical. In 10 issues per year, ORGANISATOR presents the essential topics for managers of SMEs.","publisher":{"@id":"https:\/\/www.organisator.ch\/#organization"},"potentialAction":[{"@type":"SearchAction","target":{"@type":"EntryPoint","urlTemplate":"https:\/\/www.organisator.ch\/?s={search_term_string}"},"query-input":{"@type":"PropertyValueSpecification","valueRequired":true,"valueName":"search_term_string"}}],"inLanguage":"en-US"},{"@type":"Organization","@id":"https:\/\/www.organisator.ch\/#organization","name":"Organizer","url":"https:\/\/www.organisator.ch\/","logo":{"@type":"ImageObject","inLanguage":"en-US","@id":"https:\/\/www.organisator.ch\/#\/schema\/logo\/image\/","url":"https:\/\/www.organisator.ch\/wp-content\/uploads\/2022\/01\/Logo_Organisator_Website.png","contentUrl":"https:\/\/www.organisator.ch\/wp-content\/uploads\/2022\/01\/Logo_Organisator_Website.png","width":800,"height":77,"caption":"Organisator"},"image":{"@id":"https:\/\/www.organisator.ch\/#\/schema\/logo\/image\/"},"sameAs":["https:\/\/www.facebook.com\/OrganisatorFachmagazin","https:\/\/www.linkedin.com\/showcase\/organisator-das-magazin-fr-kmu","https:\/\/www.xing.com\/news\/pages\/organisator-ch-695","https:\/\/www.youtube.com\/channel\/UCGP2Sq0iWaZwT3BdIAQFYpw"]},{"@type":"Person","@id":"https:\/\/www.organisator.ch\/#\/schema\/person\/6f650f90b2842cd4c0cc334b4e36f67e","name":"thomas.berner","image":{"@type":"ImageObject","inLanguage":"en-US","@id":"https:\/\/secure.gravatar.com\/avatar\/ac5001d2a36cb6c6cd3e50789007ffca834b477b74a2144564522e944eabff61?s=96&d=mm&r=g","url":"https:\/\/secure.gravatar.com\/avatar\/ac5001d2a36cb6c6cd3e50789007ffca834b477b74a2144564522e944eabff61?s=96&d=mm&r=g","contentUrl":"https:\/\/secure.gravatar.com\/avatar\/ac5001d2a36cb6c6cd3e50789007ffca834b477b74a2144564522e944eabff61?s=96&d=mm&r=g","caption":"thomas.berner"},"url":"https:\/\/www.organisator.ch\/en\/author\/thomas-berner\/"}]}},"_links":{"self":[{"href":"https:\/\/www.organisator.ch\/en\/wp-json\/wp\/v2\/posts\/19288","targetHints":{"allow":["GET"]}}],"collection":[{"href":"https:\/\/www.organisator.ch\/en\/wp-json\/wp\/v2\/posts"}],"about":[{"href":"https:\/\/www.organisator.ch\/en\/wp-json\/wp\/v2\/types\/post"}],"author":[{"embeddable":true,"href":"https:\/\/www.organisator.ch\/en\/wp-json\/wp\/v2\/users\/4"}],"replies":[{"embeddable":true,"href":"https:\/\/www.organisator.ch\/en\/wp-json\/wp\/v2\/comments?post=19288"}],"version-history":[{"count":4,"href":"https:\/\/www.organisator.ch\/en\/wp-json\/wp\/v2\/posts\/19288\/revisions"}],"predecessor-version":[{"id":19318,"href":"https:\/\/www.organisator.ch\/en\/wp-json\/wp\/v2\/posts\/19288\/revisions\/19318"}],"wp:featuredmedia":[{"embeddable":true,"href":"https:\/\/www.organisator.ch\/en\/wp-json\/wp\/v2\/media\/19289"}],"wp:attachment":[{"href":"https:\/\/www.organisator.ch\/en\/wp-json\/wp\/v2\/media?parent=19288"}],"wp:term":[{"taxonomy":"category","embeddable":true,"href":"https:\/\/www.organisator.ch\/en\/wp-json\/wp\/v2\/categories?post=19288"},{"taxonomy":"post_tag","embeddable":true,"href":"https:\/\/www.organisator.ch\/en\/wp-json\/wp\/v2\/tags?post=19288"}],"curies":[{"name":"wp","href":"https:\/\/api.w.org\/{rel}","templated":true}]}}