{"id":1932,"date":"2017-05-16T11:30:22","date_gmt":"2017-05-16T09:30:22","guid":{"rendered":"https:\/\/www.organisator.ch\/?p=1932"},"modified":"2017-05-16T11:30:22","modified_gmt":"2017-05-16T09:30:22","slug":"service-geschaeft-der-maschinen-und-anlagenbauer-im-dach-raum-waechst","status":"publish","type":"post","link":"https:\/\/www.organisator.ch\/en\/allgemein\/2017-05-16\/service-geschaeft-der-maschinen-und-anlagenbauer-im-dach-raum-waechst\/","title":{"rendered":"Service business of machinery and plant manufacturers in the DACH region grows"},"content":{"rendered":"<figure id=\"attachment_1933\" aria-describedby=\"caption-attachment-1933\" style=\"width: 400px\" class=\"wp-caption alignnone\"><img loading=\"lazy\" decoding=\"async\" class=\"size-full wp-image-1933\" src=\"https:\/\/www.organisator.ch\/wp-content\/uploads\/2017\/05\/Service-Geschaeft-der-Maschinen-und-Anlagenbauer-im-DACH-Raum-waechst_Organisator.jpg\" alt=\"\" width=\"400\" height=\"300\" srcset=\"https:\/\/www.organisator.ch\/wp-content\/uploads\/2017\/05\/Service-Geschaeft-der-Maschinen-und-Anlagenbauer-im-DACH-Raum-waechst_Organisator.jpg 400w, https:\/\/www.organisator.ch\/wp-content\/uploads\/2017\/05\/Service-Geschaeft-der-Maschinen-und-Anlagenbauer-im-DACH-Raum-waechst_Organisator-16x12.jpg 16w, https:\/\/www.organisator.ch\/wp-content\/uploads\/2017\/05\/Service-Geschaeft-der-Maschinen-und-Anlagenbauer-im-DACH-Raum-waechst_Organisator-233x175.jpg 233w, https:\/\/www.organisator.ch\/wp-content\/uploads\/2017\/05\/Service-Geschaeft-der-Maschinen-und-Anlagenbauer-im-DACH-Raum-waechst_Organisator-300x225.jpg 300w\" sizes=\"auto, (max-width: 400px) 100vw, 400px\" \/><figcaption id=\"caption-attachment-1933\" class=\"wp-caption-text\">Machinery and plant manufacturers in the DACH region are strengthening their services. (Image: Karl-Heinz Laube \/ pixelio.de)<\/figcaption><\/figure>\n<p>In recent years, customer service has become an increasingly important element of the product life cycle and thus a critical globalization competence. In particular, the large machinery and plant manufacturers from Germany, Austria and Switzerland want to further expand their customer service business internationally in the future: Over the next five years, they plan to grow their service branches outside their home regions by 15 percent. South America (+37 percent) and East Asia (+31 percent) will benefit particularly strongly, followed by the Middle East (+28 percent) and North America (+24 percent). This is the result of a recent study by the management and technology consultancy BearingPoint in cooperation with the trade magazine LOGISTIK HEUTE. Experts from 61 companies from the mechanical and plant engineering sector in the DACH region were surveyed. The focus was on the status quo and development prospects in the international business with customer service.<\/p>\n<p><strong>Maturity and internationalization level of service organizations<\/strong><\/p>\n<p>The analysis shows that many companies still have significant potential for improvement in their service organization: In just under half of them, the share of sales generated by customer service is still less than 20 percent. Three quarters of the companies therefore want to use internationalization as an opportunity, systematically expand their profitable service business and expand into new markets. However, there are some significant differences in terms of service strategies. The categories of service product management, service marketing, standardized processes, resource management, spare parts management and the degree of coverage by digitization or IT solutions) formed the basis for assessing the service maturity of the individual companies. It is striking here that companies often fall short of their own expectations: On average, the relevance of the categories is assessed as being much higher than their own maturity level demonstrates. The combination of globalization and maturity level then results in the classification of companies into \"champions\" (25 percent of the companies surveyed), \"potentials\" (22.5 percent), \"beginners\" (22.5 percent) and \"underachievers\" (30 percent).<\/p>\n<p>\"Although the service business does not yet account for a significant share of sales at most companies in the German-speaking plant and mechanical engineering sector, the dynamics of globalization are increasingly spreading to the service sector after production, purchasing and sales. We expect a strong increase in international service branches and activities in the coming years and consequently a consistent expansion of this business area. In terms of digitization, many companies still have a lot of catching up to do. The digitization of service in particular is increasingly becoming a minimum requirement for competitiveness in the market. If companies do not catch up here, they will not be able to survive in the long term,\" comments Donald Wachs, Partner at BearingPoint.<\/p>\n<p><strong>Digital service concepts as success factors<\/strong><\/p>\n<p>According to the study, many machine and plant manufacturers have identified their service weaknesses and are planning to increase their level of maturity through targeted improvement measures. In the context of digitization, the introduction of digital service concepts is the main way to score points. These include, for example, digital inspection, digital customer portals, networked products (IoT), remote monitoring and predictive maintenance. In the course of the many initiatives, digitization is finally advancing to become the industry standard. If the restructuring of the service organization to expand internationalization succeeds as planned, for the majority of companies (77 percent) the contribution of the service business to total sales will be over 20 percent in the future. In some cases, up to 40 percent will be earned with services.<\/p>\n<p>Frank Duscheck, Partner at BearingPoint, concludes: \"The GEXSO study makes clear that the companies surveyed are very differently prepared for internationalization and also deal with it strategically in different ways. This is reflected, among other things, in the fact that the number of service and sales force employees varies greatly compared to the total number of employees. However, this will change quickly, as 93 percent of the companies surveyed plan to develop a global service strategy, standardize processes and promote global knowledge exchange in the future. This means that the difference between so-called 'high- and low-performers' will narrow significantly over the next five years.\"<\/p>\n<p><em>Source: <a href=\"http:\/\/www.bearingpoint.com\">www.bearingpoint.com<\/a><\/em><\/p>","protected":false},"excerpt":{"rendered":"<p>In den vergangenen Jahren sind Kundenservice-Dienstleistungen zu einem immer wichtigeren Element des Produktlebenszyklus und somit zur kritischen Globalisierungskompetenz geworden. Insbesondere die grossen Maschinen- und Anlagenbauer aus Deutschland, \u00d6sterreich und der Schweiz wollen ihr Gesch\u00e4ft mit dem Kundenservice k\u00fcnftig weiter international ausbauen: F\u00fcr die kommenden f\u00fcnf Jahren planen sie ein Wachstum ihrer Service-Niederlassungen ausserhalb der Heimatregionen [&hellip;]<\/p>\n","protected":false},"author":4,"featured_media":1933,"comment_status":"open","ping_status":"open","sticky":false,"template":"","format":"standard","meta":{"_acf_changed":false,"_yoast_wpseo_focuskw":"Maschinen- und Anlagenbauer","_yoast_wpseo_metadesc":"Maschinen- und Anlagenbauer sind unterschiedlich auf die Internationalisierung ihrer Service-Organisation vorbereitet.","articlekey":"","footnotes":""},"categories":[1],"tags":[318,340,492,508],"class_list":["post-1932","post","type-post","status-publish","format-standard","has-post-thumbnail","hentry","category-allgemein","tag-kundenservice","tag-maerkte","tag-unternehmen","tag-vermischtes"],"acf":[],"yoast_head":"<!-- This site is optimized with the Yoast SEO plugin v27.5 - https:\/\/yoast.com\/product\/yoast-seo-wordpress\/ -->\n<title>Service-Gesch\u00e4ft der Maschinen- und Anlagenbauer im DACH-Raum w\u00e4chst - Organisator<\/title>\n<meta name=\"description\" content=\"Maschinen- und Anlagenbauer sind unterschiedlich auf die Internationalisierung ihrer Service-Organisation vorbereitet.\" \/>\n<meta name=\"robots\" content=\"index, follow, max-snippet:-1, max-image-preview:large, max-video-preview:-1\" \/>\n<link rel=\"canonical\" href=\"https:\/\/www.organisator.ch\/en\/general\/2017-05-16\/service-geschaeft-der-maschinen-und-anlagenbauer-im-dach-raum-waechst\/\" \/>\n<meta property=\"og:locale\" content=\"en_US\" \/>\n<meta property=\"og:type\" content=\"article\" \/>\n<meta property=\"og:title\" content=\"Service-Gesch\u00e4ft der Maschinen- und Anlagenbauer im DACH-Raum w\u00e4chst\" \/>\n<meta property=\"og:description\" content=\"Unternehmen sind unterschiedlich auf die #Internationalisierung ihrer #Service-Organisation vorbereitet. Die Digitalisierung zeigt sich dabei als Grundlage f\u00fcr einen weltweiten Erfolg.\" \/>\n<meta property=\"og:url\" content=\"https:\/\/www.organisator.ch\/en\/general\/2017-05-16\/service-geschaeft-der-maschinen-und-anlagenbauer-im-dach-raum-waechst\/\" \/>\n<meta property=\"og:site_name\" content=\"Organisator\" \/>\n<meta property=\"article:publisher\" content=\"https:\/\/www.facebook.com\/OrganisatorFachmagazin\" \/>\n<meta property=\"article:published_time\" content=\"2017-05-16T09:30:22+00:00\" \/>\n<meta property=\"og:image\" content=\"https:\/\/www.organisator.ch\/wp-content\/uploads\/2017\/05\/Service-Geschaeft-der-Maschinen-und-Anlagenbauer-im-DACH-Raum-waechst_Organisator.jpg\" \/>\n\t<meta property=\"og:image:width\" content=\"400\" \/>\n\t<meta property=\"og:image:height\" content=\"300\" \/>\n\t<meta property=\"og:image:type\" content=\"image\/jpeg\" \/>\n<meta name=\"author\" content=\"thomas.berner\" \/>\n<meta name=\"twitter:card\" content=\"summary_large_image\" \/>\n<meta name=\"twitter:title\" content=\"#Service-Gesch\u00e4ft der #Maschinen-undAnlagenbauer im #DACH-Raum w\u00e4chst\" \/>\n<meta name=\"twitter:description\" content=\"Unternehmen sind unterschiedlich auf die #Internationalisierung ihrer #Service-Organisation vorbereitet. Die #Digitalisierung zeigt sich dabei als Grundlage f\u00fcr einen weltweiten Erfolg.\" \/>\n<meta name=\"twitter:image\" content=\"https:\/\/www.organisator.ch\/wp-content\/uploads\/2017\/05\/Service-Gesch\u00e4ft-der-Maschinen-und-Anlagenbauer-im-DACH-Raum-w\u00e4chst_Organisator.jpg\" \/>\n<script type=\"application\/ld+json\" class=\"yoast-schema-graph\">{\"@context\":\"https:\\\/\\\/schema.org\",\"@graph\":[{\"@type\":\"Article\",\"@id\":\"https:\\\/\\\/www.organisator.ch\\\/de\\\/allgemein\\\/2017-05-16\\\/service-geschaeft-der-maschinen-und-anlagenbauer-im-dach-raum-waechst\\\/#article\",\"isPartOf\":{\"@id\":\"https:\\\/\\\/www.organisator.ch\\\/de\\\/allgemein\\\/2017-05-16\\\/service-geschaeft-der-maschinen-und-anlagenbauer-im-dach-raum-waechst\\\/\"},\"author\":{\"name\":\"thomas.berner\",\"@id\":\"https:\\\/\\\/www.organisator.ch\\\/#\\\/schema\\\/person\\\/6f650f90b2842cd4c0cc334b4e36f67e\"},\"headline\":\"Service-Gesch\u00e4ft der Maschinen- und Anlagenbauer im DACH-Raum w\u00e4chst\",\"datePublished\":\"2017-05-16T09:30:22+00:00\",\"mainEntityOfPage\":{\"@id\":\"https:\\\/\\\/www.organisator.ch\\\/de\\\/allgemein\\\/2017-05-16\\\/service-geschaeft-der-maschinen-und-anlagenbauer-im-dach-raum-waechst\\\/\"},\"wordCount\":621,\"commentCount\":0,\"publisher\":{\"@id\":\"https:\\\/\\\/www.organisator.ch\\\/#organization\"},\"image\":{\"@id\":\"https:\\\/\\\/www.organisator.ch\\\/de\\\/allgemein\\\/2017-05-16\\\/service-geschaeft-der-maschinen-und-anlagenbauer-im-dach-raum-waechst\\\/#primaryimage\"},\"thumbnailUrl\":\"https:\\\/\\\/www.organisator.ch\\\/wp-content\\\/uploads\\\/2017\\\/05\\\/Service-Geschaeft-der-Maschinen-und-Anlagenbauer-im-DACH-Raum-waechst_Organisator.jpg\",\"keywords\":[\"Kundenservice\",\"M\u00e4rkte\",\"Unternehmen\",\"Vermischtes\"],\"articleSection\":[\"Allgemein\"],\"inLanguage\":\"en-US\"},{\"@type\":\"WebPage\",\"@id\":\"https:\\\/\\\/www.organisator.ch\\\/de\\\/allgemein\\\/2017-05-16\\\/service-geschaeft-der-maschinen-und-anlagenbauer-im-dach-raum-waechst\\\/\",\"url\":\"https:\\\/\\\/www.organisator.ch\\\/de\\\/allgemein\\\/2017-05-16\\\/service-geschaeft-der-maschinen-und-anlagenbauer-im-dach-raum-waechst\\\/\",\"name\":\"Service-Gesch\u00e4ft der Maschinen- und Anlagenbauer im DACH-Raum w\u00e4chst - Organisator\",\"isPartOf\":{\"@id\":\"https:\\\/\\\/www.organisator.ch\\\/#website\"},\"primaryImageOfPage\":{\"@id\":\"https:\\\/\\\/www.organisator.ch\\\/de\\\/allgemein\\\/2017-05-16\\\/service-geschaeft-der-maschinen-und-anlagenbauer-im-dach-raum-waechst\\\/#primaryimage\"},\"image\":{\"@id\":\"https:\\\/\\\/www.organisator.ch\\\/de\\\/allgemein\\\/2017-05-16\\\/service-geschaeft-der-maschinen-und-anlagenbauer-im-dach-raum-waechst\\\/#primaryimage\"},\"thumbnailUrl\":\"https:\\\/\\\/www.organisator.ch\\\/wp-content\\\/uploads\\\/2017\\\/05\\\/Service-Geschaeft-der-Maschinen-und-Anlagenbauer-im-DACH-Raum-waechst_Organisator.jpg\",\"datePublished\":\"2017-05-16T09:30:22+00:00\",\"description\":\"Maschinen- und Anlagenbauer sind unterschiedlich auf die Internationalisierung ihrer Service-Organisation vorbereitet.\",\"breadcrumb\":{\"@id\":\"https:\\\/\\\/www.organisator.ch\\\/de\\\/allgemein\\\/2017-05-16\\\/service-geschaeft-der-maschinen-und-anlagenbauer-im-dach-raum-waechst\\\/#breadcrumb\"},\"inLanguage\":\"en-US\",\"potentialAction\":[{\"@type\":\"ReadAction\",\"target\":[\"https:\\\/\\\/www.organisator.ch\\\/de\\\/allgemein\\\/2017-05-16\\\/service-geschaeft-der-maschinen-und-anlagenbauer-im-dach-raum-waechst\\\/\"]}]},{\"@type\":\"ImageObject\",\"inLanguage\":\"en-US\",\"@id\":\"https:\\\/\\\/www.organisator.ch\\\/de\\\/allgemein\\\/2017-05-16\\\/service-geschaeft-der-maschinen-und-anlagenbauer-im-dach-raum-waechst\\\/#primaryimage\",\"url\":\"https:\\\/\\\/www.organisator.ch\\\/wp-content\\\/uploads\\\/2017\\\/05\\\/Service-Geschaeft-der-Maschinen-und-Anlagenbauer-im-DACH-Raum-waechst_Organisator.jpg\",\"contentUrl\":\"https:\\\/\\\/www.organisator.ch\\\/wp-content\\\/uploads\\\/2017\\\/05\\\/Service-Geschaeft-der-Maschinen-und-Anlagenbauer-im-DACH-Raum-waechst_Organisator.jpg\",\"width\":400,\"height\":300,\"caption\":\"Maschinen- und Anlagenbauer der DACH-Region verst\u00e4rken ihre Services. (Bild: Karl-Heinz Laube \\\/ pixelio.de)\"},{\"@type\":\"BreadcrumbList\",\"@id\":\"https:\\\/\\\/www.organisator.ch\\\/de\\\/allgemein\\\/2017-05-16\\\/service-geschaeft-der-maschinen-und-anlagenbauer-im-dach-raum-waechst\\\/#breadcrumb\",\"itemListElement\":[{\"@type\":\"ListItem\",\"position\":1,\"name\":\"Home\",\"item\":\"https:\\\/\\\/www.organisator.ch\\\/\"},{\"@type\":\"ListItem\",\"position\":2,\"name\":\"Service-Gesch\u00e4ft der Maschinen- und Anlagenbauer im DACH-Raum w\u00e4chst\"}]},{\"@type\":\"WebSite\",\"@id\":\"https:\\\/\\\/www.organisator.ch\\\/#website\",\"url\":\"https:\\\/\\\/www.organisator.ch\\\/\",\"name\":\"Organisator\",\"description\":\"Kompetent. Praxisnah. Der ORGANISATOR bereitet in 10 Ausgaben pro Jahr die wesentlichen Themen f\u00fcr F\u00fchrungskr\u00e4fte von KMU auf.\",\"publisher\":{\"@id\":\"https:\\\/\\\/www.organisator.ch\\\/#organization\"},\"potentialAction\":[{\"@type\":\"SearchAction\",\"target\":{\"@type\":\"EntryPoint\",\"urlTemplate\":\"https:\\\/\\\/www.organisator.ch\\\/?s={search_term_string}\"},\"query-input\":{\"@type\":\"PropertyValueSpecification\",\"valueRequired\":true,\"valueName\":\"search_term_string\"}}],\"inLanguage\":\"en-US\"},{\"@type\":\"Organization\",\"@id\":\"https:\\\/\\\/www.organisator.ch\\\/#organization\",\"name\":\"Organisator\",\"url\":\"https:\\\/\\\/www.organisator.ch\\\/\",\"logo\":{\"@type\":\"ImageObject\",\"inLanguage\":\"en-US\",\"@id\":\"https:\\\/\\\/www.organisator.ch\\\/#\\\/schema\\\/logo\\\/image\\\/\",\"url\":\"https:\\\/\\\/www.organisator.ch\\\/wp-content\\\/uploads\\\/2022\\\/01\\\/Logo_Organisator_Website.png\",\"contentUrl\":\"https:\\\/\\\/www.organisator.ch\\\/wp-content\\\/uploads\\\/2022\\\/01\\\/Logo_Organisator_Website.png\",\"width\":800,\"height\":77,\"caption\":\"Organisator\"},\"image\":{\"@id\":\"https:\\\/\\\/www.organisator.ch\\\/#\\\/schema\\\/logo\\\/image\\\/\"},\"sameAs\":[\"https:\\\/\\\/www.facebook.com\\\/OrganisatorFachmagazin\",\"https:\\\/\\\/www.linkedin.com\\\/showcase\\\/organisator-das-magazin-fr-kmu\",\"https:\\\/\\\/www.xing.com\\\/news\\\/pages\\\/organisator-ch-695\",\"https:\\\/\\\/www.youtube.com\\\/channel\\\/UCGP2Sq0iWaZwT3BdIAQFYpw\"]},{\"@type\":\"Person\",\"@id\":\"https:\\\/\\\/www.organisator.ch\\\/#\\\/schema\\\/person\\\/6f650f90b2842cd4c0cc334b4e36f67e\",\"name\":\"thomas.berner\",\"image\":{\"@type\":\"ImageObject\",\"inLanguage\":\"en-US\",\"@id\":\"https:\\\/\\\/secure.gravatar.com\\\/avatar\\\/ac5001d2a36cb6c6cd3e50789007ffca834b477b74a2144564522e944eabff61?s=96&d=mm&r=g\",\"url\":\"https:\\\/\\\/secure.gravatar.com\\\/avatar\\\/ac5001d2a36cb6c6cd3e50789007ffca834b477b74a2144564522e944eabff61?s=96&d=mm&r=g\",\"contentUrl\":\"https:\\\/\\\/secure.gravatar.com\\\/avatar\\\/ac5001d2a36cb6c6cd3e50789007ffca834b477b74a2144564522e944eabff61?s=96&d=mm&r=g\",\"caption\":\"thomas.berner\"},\"url\":\"https:\\\/\\\/www.organisator.ch\\\/en\\\/author\\\/thomas-berner\\\/\"}]}<\/script>\n<!-- \/ Yoast SEO plugin. -->","yoast_head_json":{"title":"Service business of machinery and plant manufacturers in the DACH region is growing - Organizer","description":"Machine and plant manufacturers are differently prepared for the internationalization of their service organization.","robots":{"index":"index","follow":"follow","max-snippet":"max-snippet:-1","max-image-preview":"max-image-preview:large","max-video-preview":"max-video-preview:-1"},"canonical":"https:\/\/www.organisator.ch\/en\/general\/2017-05-16\/service-geschaeft-der-maschinen-und-anlagenbauer-im-dach-raum-waechst\/","og_locale":"en_US","og_type":"article","og_title":"Service-Gesch\u00e4ft der Maschinen- und Anlagenbauer im DACH-Raum w\u00e4chst","og_description":"Unternehmen sind unterschiedlich auf die #Internationalisierung ihrer #Service-Organisation vorbereitet. Die Digitalisierung zeigt sich dabei als Grundlage f\u00fcr einen weltweiten Erfolg.","og_url":"https:\/\/www.organisator.ch\/en\/general\/2017-05-16\/service-geschaeft-der-maschinen-und-anlagenbauer-im-dach-raum-waechst\/","og_site_name":"Organisator","article_publisher":"https:\/\/www.facebook.com\/OrganisatorFachmagazin","article_published_time":"2017-05-16T09:30:22+00:00","og_image":[{"width":400,"height":300,"url":"https:\/\/www.organisator.ch\/wp-content\/uploads\/2017\/05\/Service-Geschaeft-der-Maschinen-und-Anlagenbauer-im-DACH-Raum-waechst_Organisator.jpg","type":"image\/jpeg"}],"author":"thomas.berner","twitter_card":"summary_large_image","twitter_title":"#Service-Gesch\u00e4ft der #Maschinen-undAnlagenbauer im #DACH-Raum w\u00e4chst","twitter_description":"Unternehmen sind unterschiedlich auf die #Internationalisierung ihrer #Service-Organisation vorbereitet. Die #Digitalisierung zeigt sich dabei als Grundlage f\u00fcr einen weltweiten Erfolg.","twitter_image":"https:\/\/www.organisator.ch\/wp-content\/uploads\/2017\/05\/Service-Gesch\u00e4ft-der-Maschinen-und-Anlagenbauer-im-DACH-Raum-w\u00e4chst_Organisator.jpg","schema":{"@context":"https:\/\/schema.org","@graph":[{"@type":"Article","@id":"https:\/\/www.organisator.ch\/de\/allgemein\/2017-05-16\/service-geschaeft-der-maschinen-und-anlagenbauer-im-dach-raum-waechst\/#article","isPartOf":{"@id":"https:\/\/www.organisator.ch\/de\/allgemein\/2017-05-16\/service-geschaeft-der-maschinen-und-anlagenbauer-im-dach-raum-waechst\/"},"author":{"name":"thomas.berner","@id":"https:\/\/www.organisator.ch\/#\/schema\/person\/6f650f90b2842cd4c0cc334b4e36f67e"},"headline":"Service-Gesch\u00e4ft der Maschinen- und Anlagenbauer im DACH-Raum w\u00e4chst","datePublished":"2017-05-16T09:30:22+00:00","mainEntityOfPage":{"@id":"https:\/\/www.organisator.ch\/de\/allgemein\/2017-05-16\/service-geschaeft-der-maschinen-und-anlagenbauer-im-dach-raum-waechst\/"},"wordCount":621,"commentCount":0,"publisher":{"@id":"https:\/\/www.organisator.ch\/#organization"},"image":{"@id":"https:\/\/www.organisator.ch\/de\/allgemein\/2017-05-16\/service-geschaeft-der-maschinen-und-anlagenbauer-im-dach-raum-waechst\/#primaryimage"},"thumbnailUrl":"https:\/\/www.organisator.ch\/wp-content\/uploads\/2017\/05\/Service-Geschaeft-der-Maschinen-und-Anlagenbauer-im-DACH-Raum-waechst_Organisator.jpg","keywords":["Kundenservice","M\u00e4rkte","Unternehmen","Vermischtes"],"articleSection":["Allgemein"],"inLanguage":"en-US"},{"@type":"WebPage","@id":"https:\/\/www.organisator.ch\/de\/allgemein\/2017-05-16\/service-geschaeft-der-maschinen-und-anlagenbauer-im-dach-raum-waechst\/","url":"https:\/\/www.organisator.ch\/de\/allgemein\/2017-05-16\/service-geschaeft-der-maschinen-und-anlagenbauer-im-dach-raum-waechst\/","name":"Service business of machinery and plant manufacturers in the DACH region is growing - Organizer","isPartOf":{"@id":"https:\/\/www.organisator.ch\/#website"},"primaryImageOfPage":{"@id":"https:\/\/www.organisator.ch\/de\/allgemein\/2017-05-16\/service-geschaeft-der-maschinen-und-anlagenbauer-im-dach-raum-waechst\/#primaryimage"},"image":{"@id":"https:\/\/www.organisator.ch\/de\/allgemein\/2017-05-16\/service-geschaeft-der-maschinen-und-anlagenbauer-im-dach-raum-waechst\/#primaryimage"},"thumbnailUrl":"https:\/\/www.organisator.ch\/wp-content\/uploads\/2017\/05\/Service-Geschaeft-der-Maschinen-und-Anlagenbauer-im-DACH-Raum-waechst_Organisator.jpg","datePublished":"2017-05-16T09:30:22+00:00","description":"Machine and plant manufacturers are differently prepared for the internationalization of their service organization.","breadcrumb":{"@id":"https:\/\/www.organisator.ch\/de\/allgemein\/2017-05-16\/service-geschaeft-der-maschinen-und-anlagenbauer-im-dach-raum-waechst\/#breadcrumb"},"inLanguage":"en-US","potentialAction":[{"@type":"ReadAction","target":["https:\/\/www.organisator.ch\/de\/allgemein\/2017-05-16\/service-geschaeft-der-maschinen-und-anlagenbauer-im-dach-raum-waechst\/"]}]},{"@type":"ImageObject","inLanguage":"en-US","@id":"https:\/\/www.organisator.ch\/de\/allgemein\/2017-05-16\/service-geschaeft-der-maschinen-und-anlagenbauer-im-dach-raum-waechst\/#primaryimage","url":"https:\/\/www.organisator.ch\/wp-content\/uploads\/2017\/05\/Service-Geschaeft-der-Maschinen-und-Anlagenbauer-im-DACH-Raum-waechst_Organisator.jpg","contentUrl":"https:\/\/www.organisator.ch\/wp-content\/uploads\/2017\/05\/Service-Geschaeft-der-Maschinen-und-Anlagenbauer-im-DACH-Raum-waechst_Organisator.jpg","width":400,"height":300,"caption":"Maschinen- und Anlagenbauer der DACH-Region verst\u00e4rken ihre Services. (Bild: Karl-Heinz Laube \/ pixelio.de)"},{"@type":"BreadcrumbList","@id":"https:\/\/www.organisator.ch\/de\/allgemein\/2017-05-16\/service-geschaeft-der-maschinen-und-anlagenbauer-im-dach-raum-waechst\/#breadcrumb","itemListElement":[{"@type":"ListItem","position":1,"name":"Home","item":"https:\/\/www.organisator.ch\/"},{"@type":"ListItem","position":2,"name":"Service-Gesch\u00e4ft der Maschinen- und Anlagenbauer im DACH-Raum w\u00e4chst"}]},{"@type":"WebSite","@id":"https:\/\/www.organisator.ch\/#website","url":"https:\/\/www.organisator.ch\/","name":"Organizer","description":"Competent. Practical. In 10 issues per year, ORGANISATOR presents the essential topics for managers of SMEs.","publisher":{"@id":"https:\/\/www.organisator.ch\/#organization"},"potentialAction":[{"@type":"SearchAction","target":{"@type":"EntryPoint","urlTemplate":"https:\/\/www.organisator.ch\/?s={search_term_string}"},"query-input":{"@type":"PropertyValueSpecification","valueRequired":true,"valueName":"search_term_string"}}],"inLanguage":"en-US"},{"@type":"Organization","@id":"https:\/\/www.organisator.ch\/#organization","name":"Organizer","url":"https:\/\/www.organisator.ch\/","logo":{"@type":"ImageObject","inLanguage":"en-US","@id":"https:\/\/www.organisator.ch\/#\/schema\/logo\/image\/","url":"https:\/\/www.organisator.ch\/wp-content\/uploads\/2022\/01\/Logo_Organisator_Website.png","contentUrl":"https:\/\/www.organisator.ch\/wp-content\/uploads\/2022\/01\/Logo_Organisator_Website.png","width":800,"height":77,"caption":"Organisator"},"image":{"@id":"https:\/\/www.organisator.ch\/#\/schema\/logo\/image\/"},"sameAs":["https:\/\/www.facebook.com\/OrganisatorFachmagazin","https:\/\/www.linkedin.com\/showcase\/organisator-das-magazin-fr-kmu","https:\/\/www.xing.com\/news\/pages\/organisator-ch-695","https:\/\/www.youtube.com\/channel\/UCGP2Sq0iWaZwT3BdIAQFYpw"]},{"@type":"Person","@id":"https:\/\/www.organisator.ch\/#\/schema\/person\/6f650f90b2842cd4c0cc334b4e36f67e","name":"thomas.berner","image":{"@type":"ImageObject","inLanguage":"en-US","@id":"https:\/\/secure.gravatar.com\/avatar\/ac5001d2a36cb6c6cd3e50789007ffca834b477b74a2144564522e944eabff61?s=96&d=mm&r=g","url":"https:\/\/secure.gravatar.com\/avatar\/ac5001d2a36cb6c6cd3e50789007ffca834b477b74a2144564522e944eabff61?s=96&d=mm&r=g","contentUrl":"https:\/\/secure.gravatar.com\/avatar\/ac5001d2a36cb6c6cd3e50789007ffca834b477b74a2144564522e944eabff61?s=96&d=mm&r=g","caption":"thomas.berner"},"url":"https:\/\/www.organisator.ch\/en\/author\/thomas-berner\/"}]}},"_links":{"self":[{"href":"https:\/\/www.organisator.ch\/en\/wp-json\/wp\/v2\/posts\/1932","targetHints":{"allow":["GET"]}}],"collection":[{"href":"https:\/\/www.organisator.ch\/en\/wp-json\/wp\/v2\/posts"}],"about":[{"href":"https:\/\/www.organisator.ch\/en\/wp-json\/wp\/v2\/types\/post"}],"author":[{"embeddable":true,"href":"https:\/\/www.organisator.ch\/en\/wp-json\/wp\/v2\/users\/4"}],"replies":[{"embeddable":true,"href":"https:\/\/www.organisator.ch\/en\/wp-json\/wp\/v2\/comments?post=1932"}],"version-history":[{"count":0,"href":"https:\/\/www.organisator.ch\/en\/wp-json\/wp\/v2\/posts\/1932\/revisions"}],"wp:featuredmedia":[{"embeddable":true,"href":"https:\/\/www.organisator.ch\/en\/wp-json\/wp\/v2\/media\/1933"}],"wp:attachment":[{"href":"https:\/\/www.organisator.ch\/en\/wp-json\/wp\/v2\/media?parent=1932"}],"wp:term":[{"taxonomy":"category","embeddable":true,"href":"https:\/\/www.organisator.ch\/en\/wp-json\/wp\/v2\/categories?post=1932"},{"taxonomy":"post_tag","embeddable":true,"href":"https:\/\/www.organisator.ch\/en\/wp-json\/wp\/v2\/tags?post=1932"}],"curies":[{"name":"wp","href":"https:\/\/api.w.org\/{rel}","templated":true}]}}