{"id":19325,"date":"2023-03-20T15:03:55","date_gmt":"2023-03-20T14:03:55","guid":{"rendered":"https:\/\/www.organisator.ch\/?p=19325"},"modified":"2023-03-20T15:03:55","modified_gmt":"2023-03-20T14:03:55","slug":"bechtle-schweiz-ag-verstaerkt-management","status":"publish","type":"post","link":"https:\/\/www.organisator.ch\/en\/management\/2023-03-20\/bechtle-schweiz-ag-verstaerkt-management\/","title":{"rendered":"Bechtle Schweiz AG strengthens management"},"content":{"rendered":"<figure id=\"attachment_19326\" aria-describedby=\"caption-attachment-19326\" style=\"width: 680px\" class=\"wp-caption alignnone\"><img loading=\"lazy\" decoding=\"async\" class=\"size-full wp-image-19326\" src=\"https:\/\/www.organisator.ch\/wp-content\/uploads\/2023\/03\/Bechtle-Schweiz-AG-verstaerkt-Management_Organisator.jpg\" alt=\"\" width=\"680\" height=\"458\" srcset=\"https:\/\/www.organisator.ch\/wp-content\/uploads\/2023\/03\/Bechtle-Schweiz-AG-verstaerkt-Management_Organisator.jpg 680w, https:\/\/www.organisator.ch\/wp-content\/uploads\/2023\/03\/Bechtle-Schweiz-AG-verstaerkt-Management_Organisator-18x12.jpg 18w, https:\/\/www.organisator.ch\/wp-content\/uploads\/2023\/03\/Bechtle-Schweiz-AG-verstaerkt-Management_Organisator-375x253.jpg 375w, https:\/\/www.organisator.ch\/wp-content\/uploads\/2023\/03\/Bechtle-Schweiz-AG-verstaerkt-Management_Organisator-520x350.jpg 520w\" sizes=\"auto, (max-width: 680px) 100vw, 680px\" \/><figcaption id=\"caption-attachment-19326\" class=\"wp-caption-text\">The extended management team of Bechtle Switzerland (from left to right): Patrick Fischbacher, Kerstin Friedlich, Christian Speck, Christoph Kleinsorg. (Image: zVg \/ Bechtle)<\/figcaption><\/figure>\n<p>In the record year 2022, the IT company Bechtle Schweiz AG recorded impressive organic growth of over 17 %. To ensure this success in the coming years, Managing Director Christian Speck delegates various tasks to a management team consisting of Patrick Fischbacher, Head of Sales, Kerstin Friedlin, Head of Finance &amp; Administration, and Christoph Kleinsorg, Head of Services &amp; IT Services.<\/p>\n<h3>Broader support for management<\/h3>\n<p>Patrick Fischbacher has already been responsible for sales in all regions of German-speaking Switzerland since May 2022. By joining the newly formed Board, the various needs of Bechtle Schweiz AG's customers are optimally represented and will thus be even more involved in all decisions, according to the statement.<\/p>\n<p>Kerstin Friedlin joined the company on November 1, 2022, and is responsible for finance and administration. \"Kerstin Friedlin has excellent knowledge of the industry and the market as well as the different business areas of our company. I am therefore very pleased that we are able to fill this newly created and important position with such an experienced and competent colleague,\" explains Christian Speck, Managing Director of Bechtle Schweiz AG.<\/p>\n<p>Finally, Christoph Kleinsorg started as Head of Services and IT Services on February 1, 2023. According to Bechtle Switzerland, his representation on the Management Board reflects the central importance of the quality of solutions and services for Bechtle customers. Christian Speck comments, \"This demonstrates our commitment to aligning our offering even better with the needs of our customers. I am convinced that Christoph Kleinsorg will excellently implement these tasks with his know-how and personality.\"<\/p>\n<h3><strong>Time for other important tasks<\/strong><\/h3>\n<p>Thanks to the reinforcement in the management team, Christian Speck is able to dedicate himself with priority to the strategic orientation of the company and the development of innovations. Crucial to this are committed and well-trained employees who work together with customers to find solutions. \"In the future, I will focus even more on shaping our corporate culture, as this is very close to my personal heart,\" explains Christian Speck. \"Our employees are our most valuable asset and only together with them will we achieve our ambitious goals.\"<\/p>\n<p><a href=\"http:\/\/www.bechtle.ch\"><em>Source and further information<\/em><\/a><\/p>","protected":false},"excerpt":{"rendered":"<p>Im Rekordjahr 2022 verzeichnete das IT-Unternehmen Bechtle Schweiz AG ein beeindruckendes organisches Wachstum von \u00fcber 17 %. Um diesen Erfolg auch in den n\u00e4chsten Jahren sicherzustellen, delegiert Gesch\u00e4ftsf\u00fchrer Christian Speck diverse Aufgaben an ein Management-Team bestehend aus Patrick Fischbacher, Leiter Verkauf, Kerstin Friedlin, Leiterin Finanzen &amp; Administration, sowie Christoph Kleinsorg, Leiter Dienstleistungen &amp; IT-Services. Management [&hellip;]<\/p>\n","protected":false},"author":4,"featured_media":19326,"comment_status":"closed","ping_status":"closed","sticky":false,"template":"","format":"standard","meta":{"_acf_changed":false,"_yoast_wpseo_focuskw":"Bechtle Schweiz","_yoast_wpseo_metadesc":"Christian Speck, Gesch\u00e4ftsf\u00fchrer der Bechtle Schweiz AG, \u00fcbergibt verschiedene Aufgaben an ein neu aufgestelltes Management-Board.","articlekey":"","footnotes":""},"categories":[28],"tags":[286,335,381,492],"class_list":["post-19325","post","type-post","status-publish","format-standard","has-post-thumbnail","hentry","category-management","tag-it","tag-management-und-unternehmensfuehrung","tag-personalia","tag-unternehmen"],"acf":[],"yoast_head":"<!-- This site is optimized with the Yoast SEO plugin v27.5 - https:\/\/yoast.com\/product\/yoast-seo-wordpress\/ -->\n<title>Bechtle Schweiz AG verst\u00e4rkt Management - Organisator<\/title>\n<meta name=\"description\" content=\"Christian Speck, Gesch\u00e4ftsf\u00fchrer der Bechtle Schweiz AG, \u00fcbergibt verschiedene Aufgaben an ein neu aufgestelltes Management-Board.\" \/>\n<meta name=\"robots\" content=\"index, follow, max-snippet:-1, max-image-preview:large, max-video-preview:-1\" \/>\n<link rel=\"canonical\" href=\"https:\/\/www.organisator.ch\/en\/management\/2023-03-20\/bechtle-schweiz-ag-verstaerkt-management\/\" \/>\n<meta property=\"og:locale\" content=\"en_US\" \/>\n<meta property=\"og:type\" content=\"article\" \/>\n<meta property=\"og:title\" content=\"Bechtle Schweiz AG verst\u00e4rkt Management\" \/>\n<meta property=\"og:description\" content=\"Christian Speck, Gesch\u00e4ftsf\u00fchrer der Bechtle Schweiz AG, \u00fcbergibt verschiedene Aufgaben an ein neu aufgestelltes Management-Board.\" \/>\n<meta property=\"og:url\" content=\"https:\/\/www.organisator.ch\/en\/management\/2023-03-20\/bechtle-schweiz-ag-verstaerkt-management\/\" \/>\n<meta property=\"og:site_name\" content=\"Organisator\" \/>\n<meta property=\"article:publisher\" content=\"https:\/\/www.facebook.com\/OrganisatorFachmagazin\" \/>\n<meta property=\"article:published_time\" content=\"2023-03-20T14:03:55+00:00\" \/>\n<meta property=\"og:image\" content=\"https:\/\/www.organisator.ch\/wp-content\/uploads\/2023\/03\/Bechtle-Schweiz-AG-verstaerkt-Management_Organisator.jpg\" \/>\n\t<meta property=\"og:image:width\" content=\"680\" \/>\n\t<meta property=\"og:image:height\" content=\"458\" \/>\n\t<meta property=\"og:image:type\" content=\"image\/jpeg\" \/>\n<meta name=\"author\" content=\"thomas.berner\" \/>\n<meta name=\"twitter:card\" content=\"summary_large_image\" \/>\n<meta name=\"twitter:title\" content=\"#Bechtle Schweiz AG verst\u00e4rkt Management\" \/>\n<meta name=\"twitter:description\" content=\"Christian Speck, Gesch\u00e4ftsf\u00fchrer der #Bechtle Schweiz AG, \u00fcbergibt verschiedene Aufgaben an ein neu aufgestelltes Management-Board.\" \/>\n<meta name=\"twitter:image\" content=\"https:\/\/www.organisator.ch\/wp-content\/uploads\/2023\/03\/Bechtle-Schweiz-AG-verstaerkt-Management_Organisator.jpg\" \/>\n<script type=\"application\/ld+json\" class=\"yoast-schema-graph\">{\"@context\":\"https:\\\/\\\/schema.org\",\"@graph\":[{\"@type\":\"Article\",\"@id\":\"https:\\\/\\\/www.organisator.ch\\\/management\\\/2023-03-20\\\/bechtle-schweiz-ag-verstaerkt-management\\\/#article\",\"isPartOf\":{\"@id\":\"https:\\\/\\\/www.organisator.ch\\\/management\\\/2023-03-20\\\/bechtle-schweiz-ag-verstaerkt-management\\\/\"},\"author\":{\"name\":\"thomas.berner\",\"@id\":\"https:\\\/\\\/www.organisator.ch\\\/#\\\/schema\\\/person\\\/6f650f90b2842cd4c0cc334b4e36f67e\"},\"headline\":\"Bechtle Schweiz AG verst\u00e4rkt Management\",\"datePublished\":\"2023-03-20T14:03:55+00:00\",\"mainEntityOfPage\":{\"@id\":\"https:\\\/\\\/www.organisator.ch\\\/management\\\/2023-03-20\\\/bechtle-schweiz-ag-verstaerkt-management\\\/\"},\"wordCount\":383,\"publisher\":{\"@id\":\"https:\\\/\\\/www.organisator.ch\\\/#organization\"},\"image\":{\"@id\":\"https:\\\/\\\/www.organisator.ch\\\/management\\\/2023-03-20\\\/bechtle-schweiz-ag-verstaerkt-management\\\/#primaryimage\"},\"thumbnailUrl\":\"https:\\\/\\\/www.organisator.ch\\\/wp-content\\\/uploads\\\/2023\\\/03\\\/Bechtle-Schweiz-AG-verstaerkt-Management_Organisator.jpg\",\"keywords\":[\"IT\",\"Management und Unternehmensf\u00fchrung\",\"Personalia\",\"Unternehmen\"],\"articleSection\":[\"MANAGEMENT\"],\"inLanguage\":\"en-US\"},{\"@type\":\"WebPage\",\"@id\":\"https:\\\/\\\/www.organisator.ch\\\/management\\\/2023-03-20\\\/bechtle-schweiz-ag-verstaerkt-management\\\/\",\"url\":\"https:\\\/\\\/www.organisator.ch\\\/management\\\/2023-03-20\\\/bechtle-schweiz-ag-verstaerkt-management\\\/\",\"name\":\"Bechtle Schweiz AG verst\u00e4rkt Management - Organisator\",\"isPartOf\":{\"@id\":\"https:\\\/\\\/www.organisator.ch\\\/#website\"},\"primaryImageOfPage\":{\"@id\":\"https:\\\/\\\/www.organisator.ch\\\/management\\\/2023-03-20\\\/bechtle-schweiz-ag-verstaerkt-management\\\/#primaryimage\"},\"image\":{\"@id\":\"https:\\\/\\\/www.organisator.ch\\\/management\\\/2023-03-20\\\/bechtle-schweiz-ag-verstaerkt-management\\\/#primaryimage\"},\"thumbnailUrl\":\"https:\\\/\\\/www.organisator.ch\\\/wp-content\\\/uploads\\\/2023\\\/03\\\/Bechtle-Schweiz-AG-verstaerkt-Management_Organisator.jpg\",\"datePublished\":\"2023-03-20T14:03:55+00:00\",\"description\":\"Christian Speck, Gesch\u00e4ftsf\u00fchrer der Bechtle Schweiz AG, \u00fcbergibt verschiedene Aufgaben an ein neu aufgestelltes Management-Board.\",\"breadcrumb\":{\"@id\":\"https:\\\/\\\/www.organisator.ch\\\/management\\\/2023-03-20\\\/bechtle-schweiz-ag-verstaerkt-management\\\/#breadcrumb\"},\"inLanguage\":\"en-US\",\"potentialAction\":[{\"@type\":\"ReadAction\",\"target\":[\"https:\\\/\\\/www.organisator.ch\\\/management\\\/2023-03-20\\\/bechtle-schweiz-ag-verstaerkt-management\\\/\"]}]},{\"@type\":\"ImageObject\",\"inLanguage\":\"en-US\",\"@id\":\"https:\\\/\\\/www.organisator.ch\\\/management\\\/2023-03-20\\\/bechtle-schweiz-ag-verstaerkt-management\\\/#primaryimage\",\"url\":\"https:\\\/\\\/www.organisator.ch\\\/wp-content\\\/uploads\\\/2023\\\/03\\\/Bechtle-Schweiz-AG-verstaerkt-Management_Organisator.jpg\",\"contentUrl\":\"https:\\\/\\\/www.organisator.ch\\\/wp-content\\\/uploads\\\/2023\\\/03\\\/Bechtle-Schweiz-AG-verstaerkt-Management_Organisator.jpg\",\"width\":680,\"height\":458,\"caption\":\"Das erweiterte Management-Team von Bechtle Schweiz (v.l.n.r.): Patrick Fischbacher, Kerstin Friedlich, Christian Speck, Christoph Kleinsorg. (Bild: zVg \\\/ Bechtle)\"},{\"@type\":\"BreadcrumbList\",\"@id\":\"https:\\\/\\\/www.organisator.ch\\\/management\\\/2023-03-20\\\/bechtle-schweiz-ag-verstaerkt-management\\\/#breadcrumb\",\"itemListElement\":[{\"@type\":\"ListItem\",\"position\":1,\"name\":\"Home\",\"item\":\"https:\\\/\\\/www.organisator.ch\\\/\"},{\"@type\":\"ListItem\",\"position\":2,\"name\":\"Bechtle Schweiz AG verst\u00e4rkt Management\"}]},{\"@type\":\"WebSite\",\"@id\":\"https:\\\/\\\/www.organisator.ch\\\/#website\",\"url\":\"https:\\\/\\\/www.organisator.ch\\\/\",\"name\":\"Organisator\",\"description\":\"Kompetent. Praxisnah. Der ORGANISATOR bereitet in 10 Ausgaben pro Jahr die wesentlichen Themen f\u00fcr F\u00fchrungskr\u00e4fte von KMU auf.\",\"publisher\":{\"@id\":\"https:\\\/\\\/www.organisator.ch\\\/#organization\"},\"potentialAction\":[{\"@type\":\"SearchAction\",\"target\":{\"@type\":\"EntryPoint\",\"urlTemplate\":\"https:\\\/\\\/www.organisator.ch\\\/?s={search_term_string}\"},\"query-input\":{\"@type\":\"PropertyValueSpecification\",\"valueRequired\":true,\"valueName\":\"search_term_string\"}}],\"inLanguage\":\"en-US\"},{\"@type\":\"Organization\",\"@id\":\"https:\\\/\\\/www.organisator.ch\\\/#organization\",\"name\":\"Organisator\",\"url\":\"https:\\\/\\\/www.organisator.ch\\\/\",\"logo\":{\"@type\":\"ImageObject\",\"inLanguage\":\"en-US\",\"@id\":\"https:\\\/\\\/www.organisator.ch\\\/#\\\/schema\\\/logo\\\/image\\\/\",\"url\":\"https:\\\/\\\/www.organisator.ch\\\/wp-content\\\/uploads\\\/2022\\\/01\\\/Logo_Organisator_Website.png\",\"contentUrl\":\"https:\\\/\\\/www.organisator.ch\\\/wp-content\\\/uploads\\\/2022\\\/01\\\/Logo_Organisator_Website.png\",\"width\":800,\"height\":77,\"caption\":\"Organisator\"},\"image\":{\"@id\":\"https:\\\/\\\/www.organisator.ch\\\/#\\\/schema\\\/logo\\\/image\\\/\"},\"sameAs\":[\"https:\\\/\\\/www.facebook.com\\\/OrganisatorFachmagazin\",\"https:\\\/\\\/www.linkedin.com\\\/showcase\\\/organisator-das-magazin-fr-kmu\",\"https:\\\/\\\/www.xing.com\\\/news\\\/pages\\\/organisator-ch-695\",\"https:\\\/\\\/www.youtube.com\\\/channel\\\/UCGP2Sq0iWaZwT3BdIAQFYpw\"]},{\"@type\":\"Person\",\"@id\":\"https:\\\/\\\/www.organisator.ch\\\/#\\\/schema\\\/person\\\/6f650f90b2842cd4c0cc334b4e36f67e\",\"name\":\"thomas.berner\",\"image\":{\"@type\":\"ImageObject\",\"inLanguage\":\"en-US\",\"@id\":\"https:\\\/\\\/secure.gravatar.com\\\/avatar\\\/ac5001d2a36cb6c6cd3e50789007ffca834b477b74a2144564522e944eabff61?s=96&d=mm&r=g\",\"url\":\"https:\\\/\\\/secure.gravatar.com\\\/avatar\\\/ac5001d2a36cb6c6cd3e50789007ffca834b477b74a2144564522e944eabff61?s=96&d=mm&r=g\",\"contentUrl\":\"https:\\\/\\\/secure.gravatar.com\\\/avatar\\\/ac5001d2a36cb6c6cd3e50789007ffca834b477b74a2144564522e944eabff61?s=96&d=mm&r=g\",\"caption\":\"thomas.berner\"},\"url\":\"https:\\\/\\\/www.organisator.ch\\\/en\\\/author\\\/thomas-berner\\\/\"}]}<\/script>\n<!-- \/ Yoast SEO plugin. -->","yoast_head_json":{"title":"Bechtle Schweiz AG strengthens management - Organizer","description":"Christian Speck, Managing Director of Bechtle Schweiz AG, hands over various tasks to a newly formed Management Board.","robots":{"index":"index","follow":"follow","max-snippet":"max-snippet:-1","max-image-preview":"max-image-preview:large","max-video-preview":"max-video-preview:-1"},"canonical":"https:\/\/www.organisator.ch\/en\/management\/2023-03-20\/bechtle-schweiz-ag-verstaerkt-management\/","og_locale":"en_US","og_type":"article","og_title":"Bechtle Schweiz AG verst\u00e4rkt Management","og_description":"Christian Speck, Gesch\u00e4ftsf\u00fchrer der Bechtle Schweiz AG, \u00fcbergibt verschiedene Aufgaben an ein neu aufgestelltes Management-Board.","og_url":"https:\/\/www.organisator.ch\/en\/management\/2023-03-20\/bechtle-schweiz-ag-verstaerkt-management\/","og_site_name":"Organisator","article_publisher":"https:\/\/www.facebook.com\/OrganisatorFachmagazin","article_published_time":"2023-03-20T14:03:55+00:00","og_image":[{"width":680,"height":458,"url":"https:\/\/www.organisator.ch\/wp-content\/uploads\/2023\/03\/Bechtle-Schweiz-AG-verstaerkt-Management_Organisator.jpg","type":"image\/jpeg"}],"author":"thomas.berner","twitter_card":"summary_large_image","twitter_title":"#Bechtle Schweiz AG verst\u00e4rkt Management","twitter_description":"Christian Speck, Gesch\u00e4ftsf\u00fchrer der #Bechtle Schweiz AG, \u00fcbergibt verschiedene Aufgaben an ein neu aufgestelltes Management-Board.","twitter_image":"https:\/\/www.organisator.ch\/wp-content\/uploads\/2023\/03\/Bechtle-Schweiz-AG-verstaerkt-Management_Organisator.jpg","schema":{"@context":"https:\/\/schema.org","@graph":[{"@type":"Article","@id":"https:\/\/www.organisator.ch\/management\/2023-03-20\/bechtle-schweiz-ag-verstaerkt-management\/#article","isPartOf":{"@id":"https:\/\/www.organisator.ch\/management\/2023-03-20\/bechtle-schweiz-ag-verstaerkt-management\/"},"author":{"name":"thomas.berner","@id":"https:\/\/www.organisator.ch\/#\/schema\/person\/6f650f90b2842cd4c0cc334b4e36f67e"},"headline":"Bechtle Schweiz AG verst\u00e4rkt Management","datePublished":"2023-03-20T14:03:55+00:00","mainEntityOfPage":{"@id":"https:\/\/www.organisator.ch\/management\/2023-03-20\/bechtle-schweiz-ag-verstaerkt-management\/"},"wordCount":383,"publisher":{"@id":"https:\/\/www.organisator.ch\/#organization"},"image":{"@id":"https:\/\/www.organisator.ch\/management\/2023-03-20\/bechtle-schweiz-ag-verstaerkt-management\/#primaryimage"},"thumbnailUrl":"https:\/\/www.organisator.ch\/wp-content\/uploads\/2023\/03\/Bechtle-Schweiz-AG-verstaerkt-Management_Organisator.jpg","keywords":["IT","Management und Unternehmensf\u00fchrung","Personalia","Unternehmen"],"articleSection":["MANAGEMENT"],"inLanguage":"en-US"},{"@type":"WebPage","@id":"https:\/\/www.organisator.ch\/management\/2023-03-20\/bechtle-schweiz-ag-verstaerkt-management\/","url":"https:\/\/www.organisator.ch\/management\/2023-03-20\/bechtle-schweiz-ag-verstaerkt-management\/","name":"Bechtle Schweiz AG strengthens management - Organizer","isPartOf":{"@id":"https:\/\/www.organisator.ch\/#website"},"primaryImageOfPage":{"@id":"https:\/\/www.organisator.ch\/management\/2023-03-20\/bechtle-schweiz-ag-verstaerkt-management\/#primaryimage"},"image":{"@id":"https:\/\/www.organisator.ch\/management\/2023-03-20\/bechtle-schweiz-ag-verstaerkt-management\/#primaryimage"},"thumbnailUrl":"https:\/\/www.organisator.ch\/wp-content\/uploads\/2023\/03\/Bechtle-Schweiz-AG-verstaerkt-Management_Organisator.jpg","datePublished":"2023-03-20T14:03:55+00:00","description":"Christian Speck, Managing Director of Bechtle Schweiz AG, hands over various tasks to a newly formed Management Board.","breadcrumb":{"@id":"https:\/\/www.organisator.ch\/management\/2023-03-20\/bechtle-schweiz-ag-verstaerkt-management\/#breadcrumb"},"inLanguage":"en-US","potentialAction":[{"@type":"ReadAction","target":["https:\/\/www.organisator.ch\/management\/2023-03-20\/bechtle-schweiz-ag-verstaerkt-management\/"]}]},{"@type":"ImageObject","inLanguage":"en-US","@id":"https:\/\/www.organisator.ch\/management\/2023-03-20\/bechtle-schweiz-ag-verstaerkt-management\/#primaryimage","url":"https:\/\/www.organisator.ch\/wp-content\/uploads\/2023\/03\/Bechtle-Schweiz-AG-verstaerkt-Management_Organisator.jpg","contentUrl":"https:\/\/www.organisator.ch\/wp-content\/uploads\/2023\/03\/Bechtle-Schweiz-AG-verstaerkt-Management_Organisator.jpg","width":680,"height":458,"caption":"Das erweiterte Management-Team von Bechtle Schweiz (v.l.n.r.): Patrick Fischbacher, Kerstin Friedlich, Christian Speck, Christoph Kleinsorg. (Bild: zVg \/ Bechtle)"},{"@type":"BreadcrumbList","@id":"https:\/\/www.organisator.ch\/management\/2023-03-20\/bechtle-schweiz-ag-verstaerkt-management\/#breadcrumb","itemListElement":[{"@type":"ListItem","position":1,"name":"Home","item":"https:\/\/www.organisator.ch\/"},{"@type":"ListItem","position":2,"name":"Bechtle Schweiz AG verst\u00e4rkt Management"}]},{"@type":"WebSite","@id":"https:\/\/www.organisator.ch\/#website","url":"https:\/\/www.organisator.ch\/","name":"Organizer","description":"Competent. Practical. In 10 issues per year, ORGANISATOR presents the essential topics for managers of SMEs.","publisher":{"@id":"https:\/\/www.organisator.ch\/#organization"},"potentialAction":[{"@type":"SearchAction","target":{"@type":"EntryPoint","urlTemplate":"https:\/\/www.organisator.ch\/?s={search_term_string}"},"query-input":{"@type":"PropertyValueSpecification","valueRequired":true,"valueName":"search_term_string"}}],"inLanguage":"en-US"},{"@type":"Organization","@id":"https:\/\/www.organisator.ch\/#organization","name":"Organizer","url":"https:\/\/www.organisator.ch\/","logo":{"@type":"ImageObject","inLanguage":"en-US","@id":"https:\/\/www.organisator.ch\/#\/schema\/logo\/image\/","url":"https:\/\/www.organisator.ch\/wp-content\/uploads\/2022\/01\/Logo_Organisator_Website.png","contentUrl":"https:\/\/www.organisator.ch\/wp-content\/uploads\/2022\/01\/Logo_Organisator_Website.png","width":800,"height":77,"caption":"Organisator"},"image":{"@id":"https:\/\/www.organisator.ch\/#\/schema\/logo\/image\/"},"sameAs":["https:\/\/www.facebook.com\/OrganisatorFachmagazin","https:\/\/www.linkedin.com\/showcase\/organisator-das-magazin-fr-kmu","https:\/\/www.xing.com\/news\/pages\/organisator-ch-695","https:\/\/www.youtube.com\/channel\/UCGP2Sq0iWaZwT3BdIAQFYpw"]},{"@type":"Person","@id":"https:\/\/www.organisator.ch\/#\/schema\/person\/6f650f90b2842cd4c0cc334b4e36f67e","name":"thomas.berner","image":{"@type":"ImageObject","inLanguage":"en-US","@id":"https:\/\/secure.gravatar.com\/avatar\/ac5001d2a36cb6c6cd3e50789007ffca834b477b74a2144564522e944eabff61?s=96&d=mm&r=g","url":"https:\/\/secure.gravatar.com\/avatar\/ac5001d2a36cb6c6cd3e50789007ffca834b477b74a2144564522e944eabff61?s=96&d=mm&r=g","contentUrl":"https:\/\/secure.gravatar.com\/avatar\/ac5001d2a36cb6c6cd3e50789007ffca834b477b74a2144564522e944eabff61?s=96&d=mm&r=g","caption":"thomas.berner"},"url":"https:\/\/www.organisator.ch\/en\/author\/thomas-berner\/"}]}},"_links":{"self":[{"href":"https:\/\/www.organisator.ch\/en\/wp-json\/wp\/v2\/posts\/19325","targetHints":{"allow":["GET"]}}],"collection":[{"href":"https:\/\/www.organisator.ch\/en\/wp-json\/wp\/v2\/posts"}],"about":[{"href":"https:\/\/www.organisator.ch\/en\/wp-json\/wp\/v2\/types\/post"}],"author":[{"embeddable":true,"href":"https:\/\/www.organisator.ch\/en\/wp-json\/wp\/v2\/users\/4"}],"replies":[{"embeddable":true,"href":"https:\/\/www.organisator.ch\/en\/wp-json\/wp\/v2\/comments?post=19325"}],"version-history":[{"count":1,"href":"https:\/\/www.organisator.ch\/en\/wp-json\/wp\/v2\/posts\/19325\/revisions"}],"predecessor-version":[{"id":19327,"href":"https:\/\/www.organisator.ch\/en\/wp-json\/wp\/v2\/posts\/19325\/revisions\/19327"}],"wp:featuredmedia":[{"embeddable":true,"href":"https:\/\/www.organisator.ch\/en\/wp-json\/wp\/v2\/media\/19326"}],"wp:attachment":[{"href":"https:\/\/www.organisator.ch\/en\/wp-json\/wp\/v2\/media?parent=19325"}],"wp:term":[{"taxonomy":"category","embeddable":true,"href":"https:\/\/www.organisator.ch\/en\/wp-json\/wp\/v2\/categories?post=19325"},{"taxonomy":"post_tag","embeddable":true,"href":"https:\/\/www.organisator.ch\/en\/wp-json\/wp\/v2\/tags?post=19325"}],"curies":[{"name":"wp","href":"https:\/\/api.w.org\/{rel}","templated":true}]}}