{"id":19368,"date":"2023-03-22T12:27:14","date_gmt":"2023-03-22T11:27:14","guid":{"rendered":"https:\/\/www.werbewoche.ch\/?p=194970"},"modified":"2024-11-18T07:29:58","modified_gmt":"2024-11-18T06:29:58","slug":"studie-zeigt-toblerone-minus-matterhorn-koennte-boden-verlieren","status":"publish","type":"post","link":"https:\/\/www.organisator.ch\/en\/marketing\/2023-03-22\/studie-zeigt-toblerone-minus-matterhorn-koennte-boden-verlieren\/","title":{"rendered":"Study shows: Toblerone minus Matterhorn could lose ground"},"content":{"rendered":"<figure id=\"attachment_194971\" class=\"wp-caption alignnone\" style=\"width: 1400px\" aria-describedby=\"caption-attachment-194971\"><img class=\"alignnone wp-image-194971 size-full\" src=\"https:\/\/www.werbewoche.ch\/wp-content\/uploads\/2023\/03\/Toblerone-scaled.jpg\" alt=\"Toblerone\" width=\"1400\" height=\"912\" \/>\r\n<figcaption id=\"caption-attachment-194971\" class=\"wp-caption-text\">Image: unsplash.com.<\/figcaption>\r\n<\/figure>\r\n<p>From summer 2023, the Matterhorn may no longer be used on the packaging or in the logo of Toblerone due to the relocation of production from Bern to Bratislava. The Swissness rules that determine this will also mean that the lettering will have to be changed from \"Toblerone - of Switzerland\" to \"Toblerone - established in Switzerland\".<\/p>\r\n<p>The media response to this has caused quite a stir, especially among the Swiss population. According to LINK's Swiss Brand Observer (the largest continuous Swiss brand study), the Swiss population's perception of Toblerone in the media has increased more than tenfold in recent weeks.<\/p>\r\n<p>Around one in three people also remember hearing negative news about Toblerone. \"This means that important image criteria such as the perceived Swissness of Toblerone as well as consideration as a critical behavioral indicator for future sales have fallen to a new all-time low in the Swiss Brand Observer,\" says Stefan Reiser, Managing Director Marketing Research LINK (note: the Swiss Brand Observer has been surveyed weekly since September 2021).<\/p>\r\n<h3>Study shows: Sales could decline<\/h3>\r\n<p>To further analyze the possible consequences of the now necessary adaptation of Toblerone and its packaging, LINK also conducted a representative study in German-speaking Switzerland from March 10 to 13, 2023. The participants saw and evaluated either the Toblerone logo in the original with Matterhorn, without mountain or with a generic mountain.<\/p>\r\n<figure id=\"attachment_194974\" class=\"wp-caption alignnone\" style=\"width: 2030px\" aria-describedby=\"caption-attachment-194974\"><img class=\"wp-image-194974 size-full\" src=\"https:\/\/www.werbewoche.ch\/wp-content\/uploads\/2023\/03\/Bildschirmfoto-2023-03-22-um-12.24.34.png\" alt=\"\" width=\"2030\" height=\"1130\" \/>\r\n<figcaption id=\"caption-attachment-194974\" class=\"wp-caption-text\">Graphic: Link.<\/figcaption>\r\n<\/figure>\r\n<p>\"The results show that Toblerone faces major challenges in maintaining its current market position, at least in Switzerland,\" says Dr. Steffen Schmidt, Director Marketing Science &amp; Agile Insights LINK, who is responsible for the study. According to his estimates based on the study, there is a current risk for sales that instead of 46.7 % of Swiss people buying Toblerone at least once a year, only 24.1 % will do so in the future - at least when viewed in the short term with the accompanying critical media response without appropriate marketing adaptation.<\/p>\r\n<h3>Positive associations are revealed<\/h3>\r\n<p>The reason for the declining appeal is that without the Matterhorn, Toblerone loses a great deal of associative power in all the brand dimensions studied. Critical for the success of the chocolate brand are, among other things, a significantly reduced taste expectation, the decreased perceived social customer benefit, a decreased willingness to recommend and to buy as well as the strongly lower tradition perception after the removal of the Matterhorn.<\/p>","protected":false},"excerpt":{"rendered":"<p>Das Matterhorn darf ab Sommer 2023 aufgrund der Produktionsverlagerung von Bern nach Bratislava nicht mehr auf den Verpackungen respektive im Logo von Toblerone verwendet werden. Die daf\u00fcr Ausschlag gebenden Swissness-Regeln f\u00fchren auch dazu, dass der Schriftzug von \u00abToblerone \u2013 of Switzerland\u00bb zu \u00abToblerone \u2013 established in Switzerland\u00bb angepasst werden muss. Das dazu entstandene Medienecho hat [\u2026]<\/p>\n","protected":false},"author":8,"featured_media":0,"comment_status":"closed","ping_status":"closed","sticky":false,"template":"","format":"standard","meta":{"_acf_changed":false,"_yoast_wpseo_focuskw":"Toblerone","_yoast_wpseo_metadesc":"Toblerone: Produktionsverlagerung nach Bratislava. Matterhorn entfernt, Swissness-Regeln angepasst. Absatz k\u00f6nnte sinken.","articlekey":"","footnotes":""},"categories":[29],"tags":[3689,3690,3691,3692,3693],"class_list":["post-19368","post","type-post","status-publish","format-standard","hentry","category-marketing","tag-image","tag-schokolade","tag-swissness","tag-toblerone","tag-tradition"],"acf":[],"yoast_head":"<!-- This site is optimized with the Yoast SEO plugin v27.5 - https:\/\/yoast.com\/product\/yoast-seo-wordpress\/ -->\n<title>Studie zeigt: Toblerone minus Matterhorn k\u00f6nnte Boden verlieren - Organisator<\/title>\n<meta name=\"description\" content=\"Toblerone: Produktionsverlagerung nach Bratislava. Matterhorn entfernt, Swissness-Regeln angepasst. Absatz k\u00f6nnte sinken.\" \/>\n<meta name=\"robots\" content=\"index, follow, max-snippet:-1, max-image-preview:large, max-video-preview:-1\" \/>\n<link rel=\"canonical\" href=\"https:\/\/www.organisator.ch\/en\/marketing\/2023-03-22\/studie-zeigt-toblerone-minus-matterhorn-koennte-boden-verlieren\/\" \/>\n<meta property=\"og:locale\" content=\"en_US\" \/>\n<meta property=\"og:type\" content=\"article\" \/>\n<meta property=\"og:title\" content=\"Studie zeigt: Toblerone minus Matterhorn k\u00f6nnte Boden verlieren - Organisator\" \/>\n<meta property=\"og:description\" content=\"Toblerone: Produktionsverlagerung nach Bratislava. Matterhorn entfernt, Swissness-Regeln angepasst. Absatz k\u00f6nnte sinken.\" \/>\n<meta property=\"og:url\" content=\"https:\/\/www.organisator.ch\/en\/marketing\/2023-03-22\/studie-zeigt-toblerone-minus-matterhorn-koennte-boden-verlieren\/\" \/>\n<meta property=\"og:site_name\" content=\"Organisator\" \/>\n<meta property=\"article:publisher\" content=\"https:\/\/www.facebook.com\/OrganisatorFachmagazin\" \/>\n<meta property=\"article:published_time\" content=\"2023-03-22T11:27:14+00:00\" \/>\n<meta property=\"article:modified_time\" content=\"2024-11-18T06:29:58+00:00\" \/>\n<meta name=\"author\" content=\"galledia\" \/>\n<meta name=\"twitter:card\" content=\"summary_large_image\" \/>\n<meta name=\"twitter:creator\" content=\"@admin\" \/>\n<script type=\"application\/ld+json\" class=\"yoast-schema-graph\">{\"@context\":\"https:\\\/\\\/schema.org\",\"@graph\":[{\"@type\":\"Article\",\"@id\":\"https:\\\/\\\/www.organisator.ch\\\/marketing\\\/2023-03-22\\\/studie-zeigt-toblerone-minus-matterhorn-koennte-boden-verlieren\\\/#article\",\"isPartOf\":{\"@id\":\"https:\\\/\\\/www.organisator.ch\\\/marketing\\\/2023-03-22\\\/studie-zeigt-toblerone-minus-matterhorn-koennte-boden-verlieren\\\/\"},\"author\":{\"name\":\"galledia\",\"@id\":\"https:\\\/\\\/www.organisator.ch\\\/#\\\/schema\\\/person\\\/4e51799071cd2dd1232ac003643ef5f0\"},\"headline\":\"Studie zeigt: Toblerone minus Matterhorn k\u00f6nnte Boden verlieren\",\"datePublished\":\"2023-03-22T11:27:14+00:00\",\"dateModified\":\"2024-11-18T06:29:58+00:00\",\"mainEntityOfPage\":{\"@id\":\"https:\\\/\\\/www.organisator.ch\\\/marketing\\\/2023-03-22\\\/studie-zeigt-toblerone-minus-matterhorn-koennte-boden-verlieren\\\/\"},\"wordCount\":382,\"publisher\":{\"@id\":\"https:\\\/\\\/www.organisator.ch\\\/#organization\"},\"image\":{\"@id\":\"https:\\\/\\\/www.organisator.ch\\\/marketing\\\/2023-03-22\\\/studie-zeigt-toblerone-minus-matterhorn-koennte-boden-verlieren\\\/#primaryimage\"},\"thumbnailUrl\":\"https:\\\/\\\/www.werbewoche.ch\\\/wp-content\\\/uploads\\\/2023\\\/03\\\/Toblerone-scaled.jpg\",\"keywords\":[\"Image\",\"Schokolade\",\"Swissness\",\"Toblerone\",\"Tradition\"],\"articleSection\":[\"MARKETING\"],\"inLanguage\":\"en-US\"},{\"@type\":\"WebPage\",\"@id\":\"https:\\\/\\\/www.organisator.ch\\\/marketing\\\/2023-03-22\\\/studie-zeigt-toblerone-minus-matterhorn-koennte-boden-verlieren\\\/\",\"url\":\"https:\\\/\\\/www.organisator.ch\\\/marketing\\\/2023-03-22\\\/studie-zeigt-toblerone-minus-matterhorn-koennte-boden-verlieren\\\/\",\"name\":\"Studie zeigt: Toblerone minus Matterhorn k\u00f6nnte Boden verlieren - Organisator\",\"isPartOf\":{\"@id\":\"https:\\\/\\\/www.organisator.ch\\\/#website\"},\"primaryImageOfPage\":{\"@id\":\"https:\\\/\\\/www.organisator.ch\\\/marketing\\\/2023-03-22\\\/studie-zeigt-toblerone-minus-matterhorn-koennte-boden-verlieren\\\/#primaryimage\"},\"image\":{\"@id\":\"https:\\\/\\\/www.organisator.ch\\\/marketing\\\/2023-03-22\\\/studie-zeigt-toblerone-minus-matterhorn-koennte-boden-verlieren\\\/#primaryimage\"},\"thumbnailUrl\":\"https:\\\/\\\/www.werbewoche.ch\\\/wp-content\\\/uploads\\\/2023\\\/03\\\/Toblerone-scaled.jpg\",\"datePublished\":\"2023-03-22T11:27:14+00:00\",\"dateModified\":\"2024-11-18T06:29:58+00:00\",\"description\":\"Toblerone: Produktionsverlagerung nach Bratislava. Matterhorn entfernt, Swissness-Regeln angepasst. Absatz k\u00f6nnte sinken.\",\"breadcrumb\":{\"@id\":\"https:\\\/\\\/www.organisator.ch\\\/marketing\\\/2023-03-22\\\/studie-zeigt-toblerone-minus-matterhorn-koennte-boden-verlieren\\\/#breadcrumb\"},\"inLanguage\":\"en-US\",\"potentialAction\":[{\"@type\":\"ReadAction\",\"target\":[\"https:\\\/\\\/www.organisator.ch\\\/marketing\\\/2023-03-22\\\/studie-zeigt-toblerone-minus-matterhorn-koennte-boden-verlieren\\\/\"]}]},{\"@type\":\"ImageObject\",\"inLanguage\":\"en-US\",\"@id\":\"https:\\\/\\\/www.organisator.ch\\\/marketing\\\/2023-03-22\\\/studie-zeigt-toblerone-minus-matterhorn-koennte-boden-verlieren\\\/#primaryimage\",\"url\":\"https:\\\/\\\/www.werbewoche.ch\\\/wp-content\\\/uploads\\\/2023\\\/03\\\/Toblerone-scaled.jpg\",\"contentUrl\":\"https:\\\/\\\/www.werbewoche.ch\\\/wp-content\\\/uploads\\\/2023\\\/03\\\/Toblerone-scaled.jpg\"},{\"@type\":\"BreadcrumbList\",\"@id\":\"https:\\\/\\\/www.organisator.ch\\\/marketing\\\/2023-03-22\\\/studie-zeigt-toblerone-minus-matterhorn-koennte-boden-verlieren\\\/#breadcrumb\",\"itemListElement\":[{\"@type\":\"ListItem\",\"position\":1,\"name\":\"Home\",\"item\":\"https:\\\/\\\/www.organisator.ch\\\/\"},{\"@type\":\"ListItem\",\"position\":2,\"name\":\"Studie zeigt: Toblerone minus Matterhorn k\u00f6nnte Boden verlieren\"}]},{\"@type\":\"WebSite\",\"@id\":\"https:\\\/\\\/www.organisator.ch\\\/#website\",\"url\":\"https:\\\/\\\/www.organisator.ch\\\/\",\"name\":\"Organisator\",\"description\":\"Kompetent. Praxisnah. Der ORGANISATOR bereitet in 10 Ausgaben pro Jahr die wesentlichen Themen f\u00fcr F\u00fchrungskr\u00e4fte von KMU auf.\",\"publisher\":{\"@id\":\"https:\\\/\\\/www.organisator.ch\\\/#organization\"},\"potentialAction\":[{\"@type\":\"SearchAction\",\"target\":{\"@type\":\"EntryPoint\",\"urlTemplate\":\"https:\\\/\\\/www.organisator.ch\\\/?s={search_term_string}\"},\"query-input\":{\"@type\":\"PropertyValueSpecification\",\"valueRequired\":true,\"valueName\":\"search_term_string\"}}],\"inLanguage\":\"en-US\"},{\"@type\":\"Organization\",\"@id\":\"https:\\\/\\\/www.organisator.ch\\\/#organization\",\"name\":\"Organisator\",\"url\":\"https:\\\/\\\/www.organisator.ch\\\/\",\"logo\":{\"@type\":\"ImageObject\",\"inLanguage\":\"en-US\",\"@id\":\"https:\\\/\\\/www.organisator.ch\\\/#\\\/schema\\\/logo\\\/image\\\/\",\"url\":\"https:\\\/\\\/www.organisator.ch\\\/wp-content\\\/uploads\\\/2022\\\/01\\\/Logo_Organisator_Website.png\",\"contentUrl\":\"https:\\\/\\\/www.organisator.ch\\\/wp-content\\\/uploads\\\/2022\\\/01\\\/Logo_Organisator_Website.png\",\"width\":800,\"height\":77,\"caption\":\"Organisator\"},\"image\":{\"@id\":\"https:\\\/\\\/www.organisator.ch\\\/#\\\/schema\\\/logo\\\/image\\\/\"},\"sameAs\":[\"https:\\\/\\\/www.facebook.com\\\/OrganisatorFachmagazin\",\"https:\\\/\\\/www.linkedin.com\\\/showcase\\\/organisator-das-magazin-fr-kmu\",\"https:\\\/\\\/www.xing.com\\\/news\\\/pages\\\/organisator-ch-695\",\"https:\\\/\\\/www.youtube.com\\\/channel\\\/UCGP2Sq0iWaZwT3BdIAQFYpw\"]},{\"@type\":\"Person\",\"@id\":\"https:\\\/\\\/www.organisator.ch\\\/#\\\/schema\\\/person\\\/4e51799071cd2dd1232ac003643ef5f0\",\"name\":\"galledia\",\"image\":{\"@type\":\"ImageObject\",\"inLanguage\":\"en-US\",\"@id\":\"https:\\\/\\\/secure.gravatar.com\\\/avatar\\\/78a7f90c01fc2bfc875782a0d4922b37cde2cf184ce347b91316d23cd7f69a36?s=96&d=mm&r=g\",\"url\":\"https:\\\/\\\/secure.gravatar.com\\\/avatar\\\/78a7f90c01fc2bfc875782a0d4922b37cde2cf184ce347b91316d23cd7f69a36?s=96&d=mm&r=g\",\"contentUrl\":\"https:\\\/\\\/secure.gravatar.com\\\/avatar\\\/78a7f90c01fc2bfc875782a0d4922b37cde2cf184ce347b91316d23cd7f69a36?s=96&d=mm&r=g\",\"caption\":\"galledia\"},\"sameAs\":[\"https:\\\/\\\/x.com\\\/admin\"],\"url\":\"https:\\\/\\\/www.organisator.ch\\\/en\\\/author\\\/galledia\\\/\"}]}<\/script>\n<!-- \/ Yoast SEO plugin. -->","yoast_head_json":{"title":"Study shows: Toblerone minus Matterhorn could lose ground - Organizer","description":"Toblerone: Production relocated to Bratislava. Matterhorn removed, Swissness rules adapted. Sales could fall.","robots":{"index":"index","follow":"follow","max-snippet":"max-snippet:-1","max-image-preview":"max-image-preview:large","max-video-preview":"max-video-preview:-1"},"canonical":"https:\/\/www.organisator.ch\/en\/marketing\/2023-03-22\/studie-zeigt-toblerone-minus-matterhorn-koennte-boden-verlieren\/","og_locale":"en_US","og_type":"article","og_title":"Studie zeigt: Toblerone minus Matterhorn k\u00f6nnte Boden verlieren - Organisator","og_description":"Toblerone: Produktionsverlagerung nach Bratislava. Matterhorn entfernt, Swissness-Regeln angepasst. Absatz k\u00f6nnte sinken.","og_url":"https:\/\/www.organisator.ch\/en\/marketing\/2023-03-22\/studie-zeigt-toblerone-minus-matterhorn-koennte-boden-verlieren\/","og_site_name":"Organisator","article_publisher":"https:\/\/www.facebook.com\/OrganisatorFachmagazin","article_published_time":"2023-03-22T11:27:14+00:00","article_modified_time":"2024-11-18T06:29:58+00:00","author":"galledia","twitter_card":"summary_large_image","twitter_creator":"@admin","schema":{"@context":"https:\/\/schema.org","@graph":[{"@type":"Article","@id":"https:\/\/www.organisator.ch\/marketing\/2023-03-22\/studie-zeigt-toblerone-minus-matterhorn-koennte-boden-verlieren\/#article","isPartOf":{"@id":"https:\/\/www.organisator.ch\/marketing\/2023-03-22\/studie-zeigt-toblerone-minus-matterhorn-koennte-boden-verlieren\/"},"author":{"name":"galledia","@id":"https:\/\/www.organisator.ch\/#\/schema\/person\/4e51799071cd2dd1232ac003643ef5f0"},"headline":"Studie zeigt: Toblerone minus Matterhorn k\u00f6nnte Boden verlieren","datePublished":"2023-03-22T11:27:14+00:00","dateModified":"2024-11-18T06:29:58+00:00","mainEntityOfPage":{"@id":"https:\/\/www.organisator.ch\/marketing\/2023-03-22\/studie-zeigt-toblerone-minus-matterhorn-koennte-boden-verlieren\/"},"wordCount":382,"publisher":{"@id":"https:\/\/www.organisator.ch\/#organization"},"image":{"@id":"https:\/\/www.organisator.ch\/marketing\/2023-03-22\/studie-zeigt-toblerone-minus-matterhorn-koennte-boden-verlieren\/#primaryimage"},"thumbnailUrl":"https:\/\/www.werbewoche.ch\/wp-content\/uploads\/2023\/03\/Toblerone-scaled.jpg","keywords":["Image","Schokolade","Swissness","Toblerone","Tradition"],"articleSection":["MARKETING"],"inLanguage":"en-US"},{"@type":"WebPage","@id":"https:\/\/www.organisator.ch\/marketing\/2023-03-22\/studie-zeigt-toblerone-minus-matterhorn-koennte-boden-verlieren\/","url":"https:\/\/www.organisator.ch\/marketing\/2023-03-22\/studie-zeigt-toblerone-minus-matterhorn-koennte-boden-verlieren\/","name":"Study shows: Toblerone minus Matterhorn could lose ground - Organizer","isPartOf":{"@id":"https:\/\/www.organisator.ch\/#website"},"primaryImageOfPage":{"@id":"https:\/\/www.organisator.ch\/marketing\/2023-03-22\/studie-zeigt-toblerone-minus-matterhorn-koennte-boden-verlieren\/#primaryimage"},"image":{"@id":"https:\/\/www.organisator.ch\/marketing\/2023-03-22\/studie-zeigt-toblerone-minus-matterhorn-koennte-boden-verlieren\/#primaryimage"},"thumbnailUrl":"https:\/\/www.werbewoche.ch\/wp-content\/uploads\/2023\/03\/Toblerone-scaled.jpg","datePublished":"2023-03-22T11:27:14+00:00","dateModified":"2024-11-18T06:29:58+00:00","description":"Toblerone: Production relocated to Bratislava. Matterhorn removed, Swissness rules adapted. Sales could fall.","breadcrumb":{"@id":"https:\/\/www.organisator.ch\/marketing\/2023-03-22\/studie-zeigt-toblerone-minus-matterhorn-koennte-boden-verlieren\/#breadcrumb"},"inLanguage":"en-US","potentialAction":[{"@type":"ReadAction","target":["https:\/\/www.organisator.ch\/marketing\/2023-03-22\/studie-zeigt-toblerone-minus-matterhorn-koennte-boden-verlieren\/"]}]},{"@type":"ImageObject","inLanguage":"en-US","@id":"https:\/\/www.organisator.ch\/marketing\/2023-03-22\/studie-zeigt-toblerone-minus-matterhorn-koennte-boden-verlieren\/#primaryimage","url":"https:\/\/www.werbewoche.ch\/wp-content\/uploads\/2023\/03\/Toblerone-scaled.jpg","contentUrl":"https:\/\/www.werbewoche.ch\/wp-content\/uploads\/2023\/03\/Toblerone-scaled.jpg"},{"@type":"BreadcrumbList","@id":"https:\/\/www.organisator.ch\/marketing\/2023-03-22\/studie-zeigt-toblerone-minus-matterhorn-koennte-boden-verlieren\/#breadcrumb","itemListElement":[{"@type":"ListItem","position":1,"name":"Home","item":"https:\/\/www.organisator.ch\/"},{"@type":"ListItem","position":2,"name":"Studie zeigt: Toblerone minus Matterhorn k\u00f6nnte Boden verlieren"}]},{"@type":"WebSite","@id":"https:\/\/www.organisator.ch\/#website","url":"https:\/\/www.organisator.ch\/","name":"Organizer","description":"Competent. Practical. In 10 issues per year, ORGANISATOR presents the essential topics for managers of SMEs.","publisher":{"@id":"https:\/\/www.organisator.ch\/#organization"},"potentialAction":[{"@type":"SearchAction","target":{"@type":"EntryPoint","urlTemplate":"https:\/\/www.organisator.ch\/?s={search_term_string}"},"query-input":{"@type":"PropertyValueSpecification","valueRequired":true,"valueName":"search_term_string"}}],"inLanguage":"en-US"},{"@type":"Organization","@id":"https:\/\/www.organisator.ch\/#organization","name":"Organizer","url":"https:\/\/www.organisator.ch\/","logo":{"@type":"ImageObject","inLanguage":"en-US","@id":"https:\/\/www.organisator.ch\/#\/schema\/logo\/image\/","url":"https:\/\/www.organisator.ch\/wp-content\/uploads\/2022\/01\/Logo_Organisator_Website.png","contentUrl":"https:\/\/www.organisator.ch\/wp-content\/uploads\/2022\/01\/Logo_Organisator_Website.png","width":800,"height":77,"caption":"Organisator"},"image":{"@id":"https:\/\/www.organisator.ch\/#\/schema\/logo\/image\/"},"sameAs":["https:\/\/www.facebook.com\/OrganisatorFachmagazin","https:\/\/www.linkedin.com\/showcase\/organisator-das-magazin-fr-kmu","https:\/\/www.xing.com\/news\/pages\/organisator-ch-695","https:\/\/www.youtube.com\/channel\/UCGP2Sq0iWaZwT3BdIAQFYpw"]},{"@type":"Person","@id":"https:\/\/www.organisator.ch\/#\/schema\/person\/4e51799071cd2dd1232ac003643ef5f0","name":"galledia","image":{"@type":"ImageObject","inLanguage":"en-US","@id":"https:\/\/secure.gravatar.com\/avatar\/78a7f90c01fc2bfc875782a0d4922b37cde2cf184ce347b91316d23cd7f69a36?s=96&d=mm&r=g","url":"https:\/\/secure.gravatar.com\/avatar\/78a7f90c01fc2bfc875782a0d4922b37cde2cf184ce347b91316d23cd7f69a36?s=96&d=mm&r=g","contentUrl":"https:\/\/secure.gravatar.com\/avatar\/78a7f90c01fc2bfc875782a0d4922b37cde2cf184ce347b91316d23cd7f69a36?s=96&d=mm&r=g","caption":"galledia"},"sameAs":["https:\/\/x.com\/admin"],"url":"https:\/\/www.organisator.ch\/en\/author\/galledia\/"}]}},"_links":{"self":[{"href":"https:\/\/www.organisator.ch\/en\/wp-json\/wp\/v2\/posts\/19368","targetHints":{"allow":["GET"]}}],"collection":[{"href":"https:\/\/www.organisator.ch\/en\/wp-json\/wp\/v2\/posts"}],"about":[{"href":"https:\/\/www.organisator.ch\/en\/wp-json\/wp\/v2\/types\/post"}],"author":[{"embeddable":true,"href":"https:\/\/www.organisator.ch\/en\/wp-json\/wp\/v2\/users\/8"}],"replies":[{"embeddable":true,"href":"https:\/\/www.organisator.ch\/en\/wp-json\/wp\/v2\/comments?post=19368"}],"version-history":[{"count":5,"href":"https:\/\/www.organisator.ch\/en\/wp-json\/wp\/v2\/posts\/19368\/revisions"}],"predecessor-version":[{"id":33293,"href":"https:\/\/www.organisator.ch\/en\/wp-json\/wp\/v2\/posts\/19368\/revisions\/33293"}],"wp:attachment":[{"href":"https:\/\/www.organisator.ch\/en\/wp-json\/wp\/v2\/media?parent=19368"}],"wp:term":[{"taxonomy":"category","embeddable":true,"href":"https:\/\/www.organisator.ch\/en\/wp-json\/wp\/v2\/categories?post=19368"},{"taxonomy":"post_tag","embeddable":true,"href":"https:\/\/www.organisator.ch\/en\/wp-json\/wp\/v2\/tags?post=19368"}],"curies":[{"name":"wp","href":"https:\/\/api.w.org\/{rel}","templated":true}]}}