{"id":19371,"date":"2023-03-22T14:49:36","date_gmt":"2023-03-22T13:49:36","guid":{"rendered":"https:\/\/www.organisator.ch\/?p=19371"},"modified":"2023-03-22T14:49:36","modified_gmt":"2023-03-22T13:49:36","slug":"energieverbrauch-die-sommerzeit-hat-durchaus-vorteile","status":"publish","type":"post","link":"https:\/\/www.organisator.ch\/en\/sustainability\/2023-03-22\/energieverbrauch-die-sommerzeit-hat-durchaus-vorteile\/","title":{"rendered":"Energy consumption: Daylight saving time does have advantages"},"content":{"rendered":"<div class=\"std-paragraph-block\">\n<div class=\"std-art-paragraph\">\n<figure id=\"attachment_19372\" aria-describedby=\"caption-attachment-19372\" style=\"width: 680px\" class=\"wp-caption alignnone\"><img loading=\"lazy\" decoding=\"async\" class=\"size-full wp-image-19372\" src=\"https:\/\/www.organisator.ch\/wp-content\/uploads\/2023\/03\/Energieverbrauch-Die-Sommerzeit-hat-durchaus-Vorteile_Organisator.jpg\" alt=\"\" width=\"680\" height=\"466\" srcset=\"https:\/\/www.organisator.ch\/wp-content\/uploads\/2023\/03\/Energieverbrauch-Die-Sommerzeit-hat-durchaus-Vorteile_Organisator.jpg 680w, https:\/\/www.organisator.ch\/wp-content\/uploads\/2023\/03\/Energieverbrauch-Die-Sommerzeit-hat-durchaus-Vorteile_Organisator-18x12.jpg 18w, https:\/\/www.organisator.ch\/wp-content\/uploads\/2023\/03\/Energieverbrauch-Die-Sommerzeit-hat-durchaus-Vorteile_Organisator-375x257.jpg 375w, https:\/\/www.organisator.ch\/wp-content\/uploads\/2023\/03\/Energieverbrauch-Die-Sommerzeit-hat-durchaus-Vorteile_Organisator-511x350.jpg 511w\" sizes=\"auto, (max-width: 680px) 100vw, 680px\" \/><figcaption id=\"caption-attachment-19372\" class=\"wp-caption-text\">Climate change leads to higher demand for cooling energy. If work is carried out at different times of day during summer time than in winter, energy can certainly be saved with intelligent cooling control. The switch to daylight saving time can therefore prove to be an advantage, as Empa researchers have discovered. (Image: Pixabay.com)<\/figcaption><\/figure>\n<\/div>\n<div><\/div>\n<div class=\"std-art-paragraph\">On the weekend of March 25-26, 2023, the clocks will once again be set forward by one hour. With the annual time change also comes the discussions about whether it should be abolished or not. Opponents argue that the time change brings negative health effects such as sleep disturbances. Advocates of daylight saving time, on the other hand, often put forward the argument of saving electricity. After all, if it's light for an hour longer in the evening, less artificial light is needed. \"That was the original intention behind the introduction of the time change. From our point of view, however, it makes sense to look not only at the impact on electricity savings in lighting, but on the overall energy consumption of a building,\" explains Sven Eggimann. Together with his colleague Massimo Fiorentini and other researchers from Empa's Urban Energy Systems Lab, he has therefore determined whether and how the time change affects heating and cooling energy consumption.<\/div>\n<\/div>\n<div class=\"std-paragraph-block\">\n<h3>Home earlier saves energy<\/h3>\n<div class=\"std-art-paragraph\">\n<p>The basic hypothesis of the research team was that office workers are in the office one hour earlier in the summer due to the time change and thus also leave it earlier in the afternoon. Since most of the cooling power is required later in the afternoon, this can save energy. The prerequisite, however, is that the cooling system can be shut down or turned off when the office is empty. This would be easy to achieve in so-called \"smart buildings\". In many places, however, this is still a long way off.<\/p>\n<p>To test the above hypothesis, the researchers simulated the heating and cooling energy used with and without daylight saving time for different climate regions based on data from various office buildings in 15 US cities. They took into account not only the current climate, but also future climate scenarios up to 2050, in order to include the influence of climate change. This is crucial, because climate change has an enormous impact on a building's energy consumption. In another study, for example, Empa researchers found that in the future Switzerland could have the same demand for cooling energy as for heating energy due to climate change.<\/p>\n<p>The study results are grist to the mill of daylight saving time proponents. \"Switching to daylight saving time can reduce the cooling energy of an office building by up to almost six percent. At the same time, heating demand can increase by as much as 4.4 percent due to the earlier start of work in the morning. However, since much more cooling energy is consumed than heating energy in summer, the time change has a positive overall effect on the energy balance of a building,\" summarizes Massimo Fiorentini. Across the different climate scenarios and climate zones, the energy saved varied - the maximum total energy saving was 3 percent - but it was effective everywhere. Although this result only relates to office buildings in the U.S., it also provides valuable insights for Switzerland, because the climatic conditions are comparable for several of the simulated climate zones.<\/p>\n<\/div>\n<\/div>\n<div class=\"std-paragraph-block\">\n<h3>Contribution to climate protection<\/h3>\n<div class=\"std-art-paragraph\">\n<p>\"Our study shows that the time change can contribute to climate protection. In the discussion about abolishing daylight saving time, political decision-makers should therefore not only consider the electricity savings in artificial lighting, but also the impact on the energy balance of office buildings as a whole,\" says Eggimann. At the same time, the researchers emphasize that the time change is only one of many ways to influence the energy consumption of an office building. Improvements to the building stock, behavioral changes or a general adjustment of working hours can also contribute to energy savings and thus to CO<sub>2<\/sub>-reduction - regardless of whether the clocks have to be changed or not.<\/p>\n<p><em>Source: <a href=\"https:\/\/www.empa.ch\/\">Empa<\/a><\/em><\/p>\n<\/div>\n<\/div>","protected":false},"excerpt":{"rendered":"<p>Am Wochenende vom 25. auf den 26. M\u00e4rz 2023 werden die Uhren wieder um eine Stunde vorgestellt. Mit der allj\u00e4hrlichen Zeitumstellung kommen auch wieder die Diskussionen dar\u00fcber, ob sie abgeschafft werden soll oder nicht. Gegner argumentieren, dass die Zeitumstellung negative gesundheitliche Effekte wie Schlafst\u00f6rungen mit sich bringt. Bef\u00fcrworter der Sommerzeit hingegen f\u00fchren oft das Argument [&hellip;]<\/p>\n","protected":false},"author":4,"featured_media":19372,"comment_status":"closed","ping_status":"closed","sticky":false,"template":"","format":"standard","meta":{"_acf_changed":false,"_yoast_wpseo_focuskw":"Sommerzeit","_yoast_wpseo_metadesc":"Eine neue Empa-Studie st\u00fctzt die Argumente der Bef\u00fcrworter der Sommerzeit: Dank der Zeitumstellung l\u00e4sst sich Energie sparen.","articlekey":"","footnotes":""},"categories":[580],"tags":[1052,584,3694,459,533],"class_list":["post-19371","post","type-post","status-publish","format-standard","has-post-thumbnail","hentry","category-sustainability","tag-empa","tag-energie","tag-sommerzeit","tag-studie","tag-wissenschaft"],"acf":[],"yoast_head":"<!-- This site is optimized with the Yoast SEO plugin v27.4 - https:\/\/yoast.com\/product\/yoast-seo-wordpress\/ -->\n<title>Energieverbrauch: Die Sommerzeit hat durchaus Vorteile - Organisator<\/title>\n<meta name=\"description\" content=\"Eine neue Empa-Studie st\u00fctzt die Argumente der Bef\u00fcrworter der Sommerzeit: Dank der Zeitumstellung l\u00e4sst sich Energie sparen.\" \/>\n<meta name=\"robots\" content=\"index, follow, max-snippet:-1, max-image-preview:large, max-video-preview:-1\" \/>\n<link rel=\"canonical\" href=\"https:\/\/www.organisator.ch\/en\/sustainability\/2023-03-22\/energieverbrauch-die-sommerzeit-hat-durchaus-vorteile\/\" \/>\n<meta property=\"og:locale\" content=\"en_US\" \/>\n<meta property=\"og:type\" content=\"article\" \/>\n<meta property=\"og:title\" content=\"Energieverbrauch: Die Sommerzeit hat durchaus Vorteile\" \/>\n<meta property=\"og:description\" content=\"Eine neue Empa-Studie st\u00fctzt die Argumente der Bef\u00fcrworter der Sommerzeit: Dank der Zeitumstellung l\u00e4sst sich Energie sparen.\" \/>\n<meta property=\"og:url\" content=\"https:\/\/www.organisator.ch\/en\/sustainability\/2023-03-22\/energieverbrauch-die-sommerzeit-hat-durchaus-vorteile\/\" \/>\n<meta property=\"og:site_name\" content=\"Organisator\" \/>\n<meta property=\"article:publisher\" content=\"https:\/\/www.facebook.com\/OrganisatorFachmagazin\" \/>\n<meta property=\"article:published_time\" content=\"2023-03-22T13:49:36+00:00\" \/>\n<meta property=\"og:image\" content=\"https:\/\/www.organisator.ch\/wp-content\/uploads\/2023\/03\/Energieverbrauch-Die-Sommerzeit-hat-durchaus-Vorteile_Organisator.jpg\" \/>\n\t<meta property=\"og:image:width\" content=\"680\" \/>\n\t<meta property=\"og:image:height\" content=\"466\" \/>\n\t<meta property=\"og:image:type\" content=\"image\/jpeg\" \/>\n<meta name=\"author\" content=\"thomas.berner\" \/>\n<meta name=\"twitter:card\" content=\"summary_large_image\" \/>\n<meta name=\"twitter:title\" content=\"#Energieverbrauch: Die #Sommerzeit hat durchaus Vorteile\" \/>\n<meta name=\"twitter:description\" content=\"Eine neue #Empa-Studie st\u00fctzt die Argumente der Bef\u00fcrworter der #Sommerzeit: Dank der #Zeitumstellung l\u00e4sst sich Energie sparen.\" \/>\n<meta name=\"twitter:image\" content=\"https:\/\/www.organisator.ch\/wp-content\/uploads\/2023\/03\/Energieverbrauch-Die-Sommerzeit-hat-durchaus-Vorteile_Organisator.jpg\" \/>\n<script type=\"application\/ld+json\" class=\"yoast-schema-graph\">{\"@context\":\"https:\\\/\\\/schema.org\",\"@graph\":[{\"@type\":\"Article\",\"@id\":\"https:\\\/\\\/www.organisator.ch\\\/sustainability\\\/2023-03-22\\\/energieverbrauch-die-sommerzeit-hat-durchaus-vorteile\\\/#article\",\"isPartOf\":{\"@id\":\"https:\\\/\\\/www.organisator.ch\\\/sustainability\\\/2023-03-22\\\/energieverbrauch-die-sommerzeit-hat-durchaus-vorteile\\\/\"},\"author\":{\"name\":\"thomas.berner\",\"@id\":\"https:\\\/\\\/www.organisator.ch\\\/#\\\/schema\\\/person\\\/6f650f90b2842cd4c0cc334b4e36f67e\"},\"headline\":\"Energieverbrauch: Die Sommerzeit hat durchaus Vorteile\",\"datePublished\":\"2023-03-22T13:49:36+00:00\",\"mainEntityOfPage\":{\"@id\":\"https:\\\/\\\/www.organisator.ch\\\/sustainability\\\/2023-03-22\\\/energieverbrauch-die-sommerzeit-hat-durchaus-vorteile\\\/\"},\"wordCount\":667,\"publisher\":{\"@id\":\"https:\\\/\\\/www.organisator.ch\\\/#organization\"},\"image\":{\"@id\":\"https:\\\/\\\/www.organisator.ch\\\/sustainability\\\/2023-03-22\\\/energieverbrauch-die-sommerzeit-hat-durchaus-vorteile\\\/#primaryimage\"},\"thumbnailUrl\":\"https:\\\/\\\/www.organisator.ch\\\/wp-content\\\/uploads\\\/2023\\\/03\\\/Energieverbrauch-Die-Sommerzeit-hat-durchaus-Vorteile_Organisator.jpg\",\"keywords\":[\"Empa\",\"ENERGIE\",\"Sommerzeit\",\"Studie\",\"Wissenschaft\"],\"articleSection\":[\"SUSTAINABILITY\"],\"inLanguage\":\"en-US\"},{\"@type\":\"WebPage\",\"@id\":\"https:\\\/\\\/www.organisator.ch\\\/sustainability\\\/2023-03-22\\\/energieverbrauch-die-sommerzeit-hat-durchaus-vorteile\\\/\",\"url\":\"https:\\\/\\\/www.organisator.ch\\\/sustainability\\\/2023-03-22\\\/energieverbrauch-die-sommerzeit-hat-durchaus-vorteile\\\/\",\"name\":\"Energieverbrauch: Die Sommerzeit hat durchaus Vorteile - Organisator\",\"isPartOf\":{\"@id\":\"https:\\\/\\\/www.organisator.ch\\\/#website\"},\"primaryImageOfPage\":{\"@id\":\"https:\\\/\\\/www.organisator.ch\\\/sustainability\\\/2023-03-22\\\/energieverbrauch-die-sommerzeit-hat-durchaus-vorteile\\\/#primaryimage\"},\"image\":{\"@id\":\"https:\\\/\\\/www.organisator.ch\\\/sustainability\\\/2023-03-22\\\/energieverbrauch-die-sommerzeit-hat-durchaus-vorteile\\\/#primaryimage\"},\"thumbnailUrl\":\"https:\\\/\\\/www.organisator.ch\\\/wp-content\\\/uploads\\\/2023\\\/03\\\/Energieverbrauch-Die-Sommerzeit-hat-durchaus-Vorteile_Organisator.jpg\",\"datePublished\":\"2023-03-22T13:49:36+00:00\",\"description\":\"Eine neue Empa-Studie st\u00fctzt die Argumente der Bef\u00fcrworter der Sommerzeit: Dank der Zeitumstellung l\u00e4sst sich Energie sparen.\",\"breadcrumb\":{\"@id\":\"https:\\\/\\\/www.organisator.ch\\\/sustainability\\\/2023-03-22\\\/energieverbrauch-die-sommerzeit-hat-durchaus-vorteile\\\/#breadcrumb\"},\"inLanguage\":\"en-US\",\"potentialAction\":[{\"@type\":\"ReadAction\",\"target\":[\"https:\\\/\\\/www.organisator.ch\\\/sustainability\\\/2023-03-22\\\/energieverbrauch-die-sommerzeit-hat-durchaus-vorteile\\\/\"]}]},{\"@type\":\"ImageObject\",\"inLanguage\":\"en-US\",\"@id\":\"https:\\\/\\\/www.organisator.ch\\\/sustainability\\\/2023-03-22\\\/energieverbrauch-die-sommerzeit-hat-durchaus-vorteile\\\/#primaryimage\",\"url\":\"https:\\\/\\\/www.organisator.ch\\\/wp-content\\\/uploads\\\/2023\\\/03\\\/Energieverbrauch-Die-Sommerzeit-hat-durchaus-Vorteile_Organisator.jpg\",\"contentUrl\":\"https:\\\/\\\/www.organisator.ch\\\/wp-content\\\/uploads\\\/2023\\\/03\\\/Energieverbrauch-Die-Sommerzeit-hat-durchaus-Vorteile_Organisator.jpg\",\"width\":680,\"height\":466,\"caption\":\"Der Klimawandel f\u00fchrt zu h\u00f6herem Bedarf an K\u00fchlenergie. Wenn w\u00e4hrend der Sommerzeit zu anderen Tageszeiten gearbeitet wird als im Winter, kann mit intelligenter K\u00fchl-Steuerung durchaus Energie eingespart werden. Die Umstellung auf Sommerzeit kann sich also als Vorteil erweisen, wie Empa-Forscher feststellten. (Bild: Pixabay.com)\"},{\"@type\":\"BreadcrumbList\",\"@id\":\"https:\\\/\\\/www.organisator.ch\\\/sustainability\\\/2023-03-22\\\/energieverbrauch-die-sommerzeit-hat-durchaus-vorteile\\\/#breadcrumb\",\"itemListElement\":[{\"@type\":\"ListItem\",\"position\":1,\"name\":\"Home\",\"item\":\"https:\\\/\\\/www.organisator.ch\\\/\"},{\"@type\":\"ListItem\",\"position\":2,\"name\":\"Energieverbrauch: Die Sommerzeit hat durchaus Vorteile\"}]},{\"@type\":\"WebSite\",\"@id\":\"https:\\\/\\\/www.organisator.ch\\\/#website\",\"url\":\"https:\\\/\\\/www.organisator.ch\\\/\",\"name\":\"Organisator\",\"description\":\"Kompetent. Praxisnah. Der ORGANISATOR bereitet in 10 Ausgaben pro Jahr die wesentlichen Themen f\u00fcr F\u00fchrungskr\u00e4fte von KMU auf.\",\"publisher\":{\"@id\":\"https:\\\/\\\/www.organisator.ch\\\/#organization\"},\"potentialAction\":[{\"@type\":\"SearchAction\",\"target\":{\"@type\":\"EntryPoint\",\"urlTemplate\":\"https:\\\/\\\/www.organisator.ch\\\/?s={search_term_string}\"},\"query-input\":{\"@type\":\"PropertyValueSpecification\",\"valueRequired\":true,\"valueName\":\"search_term_string\"}}],\"inLanguage\":\"en-US\"},{\"@type\":\"Organization\",\"@id\":\"https:\\\/\\\/www.organisator.ch\\\/#organization\",\"name\":\"Organisator\",\"url\":\"https:\\\/\\\/www.organisator.ch\\\/\",\"logo\":{\"@type\":\"ImageObject\",\"inLanguage\":\"en-US\",\"@id\":\"https:\\\/\\\/www.organisator.ch\\\/#\\\/schema\\\/logo\\\/image\\\/\",\"url\":\"https:\\\/\\\/www.organisator.ch\\\/wp-content\\\/uploads\\\/2022\\\/01\\\/Logo_Organisator_Website.png\",\"contentUrl\":\"https:\\\/\\\/www.organisator.ch\\\/wp-content\\\/uploads\\\/2022\\\/01\\\/Logo_Organisator_Website.png\",\"width\":800,\"height\":77,\"caption\":\"Organisator\"},\"image\":{\"@id\":\"https:\\\/\\\/www.organisator.ch\\\/#\\\/schema\\\/logo\\\/image\\\/\"},\"sameAs\":[\"https:\\\/\\\/www.facebook.com\\\/OrganisatorFachmagazin\",\"https:\\\/\\\/www.linkedin.com\\\/showcase\\\/organisator-das-magazin-fr-kmu\",\"https:\\\/\\\/www.xing.com\\\/news\\\/pages\\\/organisator-ch-695\",\"https:\\\/\\\/www.youtube.com\\\/channel\\\/UCGP2Sq0iWaZwT3BdIAQFYpw\"]},{\"@type\":\"Person\",\"@id\":\"https:\\\/\\\/www.organisator.ch\\\/#\\\/schema\\\/person\\\/6f650f90b2842cd4c0cc334b4e36f67e\",\"name\":\"thomas.berner\",\"image\":{\"@type\":\"ImageObject\",\"inLanguage\":\"en-US\",\"@id\":\"https:\\\/\\\/secure.gravatar.com\\\/avatar\\\/ac5001d2a36cb6c6cd3e50789007ffca834b477b74a2144564522e944eabff61?s=96&d=mm&r=g\",\"url\":\"https:\\\/\\\/secure.gravatar.com\\\/avatar\\\/ac5001d2a36cb6c6cd3e50789007ffca834b477b74a2144564522e944eabff61?s=96&d=mm&r=g\",\"contentUrl\":\"https:\\\/\\\/secure.gravatar.com\\\/avatar\\\/ac5001d2a36cb6c6cd3e50789007ffca834b477b74a2144564522e944eabff61?s=96&d=mm&r=g\",\"caption\":\"thomas.berner\"},\"url\":\"https:\\\/\\\/www.organisator.ch\\\/en\\\/author\\\/thomas-berner\\\/\"}]}<\/script>\n<!-- \/ Yoast SEO plugin. -->","yoast_head_json":{"title":"Energy consumption: Summer time does have advantages - organizer","description":"A new Empa study supports the arguments of the proponents of daylight saving time: thanks to the time change, energy can be saved.","robots":{"index":"index","follow":"follow","max-snippet":"max-snippet:-1","max-image-preview":"max-image-preview:large","max-video-preview":"max-video-preview:-1"},"canonical":"https:\/\/www.organisator.ch\/en\/sustainability\/2023-03-22\/energieverbrauch-die-sommerzeit-hat-durchaus-vorteile\/","og_locale":"en_US","og_type":"article","og_title":"Energieverbrauch: Die Sommerzeit hat durchaus Vorteile","og_description":"Eine neue Empa-Studie st\u00fctzt die Argumente der Bef\u00fcrworter der Sommerzeit: Dank der Zeitumstellung l\u00e4sst sich Energie sparen.","og_url":"https:\/\/www.organisator.ch\/en\/sustainability\/2023-03-22\/energieverbrauch-die-sommerzeit-hat-durchaus-vorteile\/","og_site_name":"Organisator","article_publisher":"https:\/\/www.facebook.com\/OrganisatorFachmagazin","article_published_time":"2023-03-22T13:49:36+00:00","og_image":[{"width":680,"height":466,"url":"https:\/\/www.organisator.ch\/wp-content\/uploads\/2023\/03\/Energieverbrauch-Die-Sommerzeit-hat-durchaus-Vorteile_Organisator.jpg","type":"image\/jpeg"}],"author":"thomas.berner","twitter_card":"summary_large_image","twitter_title":"#Energieverbrauch: Die #Sommerzeit hat durchaus Vorteile","twitter_description":"Eine neue #Empa-Studie st\u00fctzt die Argumente der Bef\u00fcrworter der #Sommerzeit: Dank der #Zeitumstellung l\u00e4sst sich Energie sparen.","twitter_image":"https:\/\/www.organisator.ch\/wp-content\/uploads\/2023\/03\/Energieverbrauch-Die-Sommerzeit-hat-durchaus-Vorteile_Organisator.jpg","schema":{"@context":"https:\/\/schema.org","@graph":[{"@type":"Article","@id":"https:\/\/www.organisator.ch\/sustainability\/2023-03-22\/energieverbrauch-die-sommerzeit-hat-durchaus-vorteile\/#article","isPartOf":{"@id":"https:\/\/www.organisator.ch\/sustainability\/2023-03-22\/energieverbrauch-die-sommerzeit-hat-durchaus-vorteile\/"},"author":{"name":"thomas.berner","@id":"https:\/\/www.organisator.ch\/#\/schema\/person\/6f650f90b2842cd4c0cc334b4e36f67e"},"headline":"Energieverbrauch: Die Sommerzeit hat durchaus Vorteile","datePublished":"2023-03-22T13:49:36+00:00","mainEntityOfPage":{"@id":"https:\/\/www.organisator.ch\/sustainability\/2023-03-22\/energieverbrauch-die-sommerzeit-hat-durchaus-vorteile\/"},"wordCount":667,"publisher":{"@id":"https:\/\/www.organisator.ch\/#organization"},"image":{"@id":"https:\/\/www.organisator.ch\/sustainability\/2023-03-22\/energieverbrauch-die-sommerzeit-hat-durchaus-vorteile\/#primaryimage"},"thumbnailUrl":"https:\/\/www.organisator.ch\/wp-content\/uploads\/2023\/03\/Energieverbrauch-Die-Sommerzeit-hat-durchaus-Vorteile_Organisator.jpg","keywords":["Empa","ENERGIE","Sommerzeit","Studie","Wissenschaft"],"articleSection":["SUSTAINABILITY"],"inLanguage":"en-US"},{"@type":"WebPage","@id":"https:\/\/www.organisator.ch\/sustainability\/2023-03-22\/energieverbrauch-die-sommerzeit-hat-durchaus-vorteile\/","url":"https:\/\/www.organisator.ch\/sustainability\/2023-03-22\/energieverbrauch-die-sommerzeit-hat-durchaus-vorteile\/","name":"Energy consumption: Summer time does have advantages - organizer","isPartOf":{"@id":"https:\/\/www.organisator.ch\/#website"},"primaryImageOfPage":{"@id":"https:\/\/www.organisator.ch\/sustainability\/2023-03-22\/energieverbrauch-die-sommerzeit-hat-durchaus-vorteile\/#primaryimage"},"image":{"@id":"https:\/\/www.organisator.ch\/sustainability\/2023-03-22\/energieverbrauch-die-sommerzeit-hat-durchaus-vorteile\/#primaryimage"},"thumbnailUrl":"https:\/\/www.organisator.ch\/wp-content\/uploads\/2023\/03\/Energieverbrauch-Die-Sommerzeit-hat-durchaus-Vorteile_Organisator.jpg","datePublished":"2023-03-22T13:49:36+00:00","description":"A new Empa study supports the arguments of the proponents of daylight saving time: thanks to the time change, energy can be saved.","breadcrumb":{"@id":"https:\/\/www.organisator.ch\/sustainability\/2023-03-22\/energieverbrauch-die-sommerzeit-hat-durchaus-vorteile\/#breadcrumb"},"inLanguage":"en-US","potentialAction":[{"@type":"ReadAction","target":["https:\/\/www.organisator.ch\/sustainability\/2023-03-22\/energieverbrauch-die-sommerzeit-hat-durchaus-vorteile\/"]}]},{"@type":"ImageObject","inLanguage":"en-US","@id":"https:\/\/www.organisator.ch\/sustainability\/2023-03-22\/energieverbrauch-die-sommerzeit-hat-durchaus-vorteile\/#primaryimage","url":"https:\/\/www.organisator.ch\/wp-content\/uploads\/2023\/03\/Energieverbrauch-Die-Sommerzeit-hat-durchaus-Vorteile_Organisator.jpg","contentUrl":"https:\/\/www.organisator.ch\/wp-content\/uploads\/2023\/03\/Energieverbrauch-Die-Sommerzeit-hat-durchaus-Vorteile_Organisator.jpg","width":680,"height":466,"caption":"Der Klimawandel f\u00fchrt zu h\u00f6herem Bedarf an K\u00fchlenergie. Wenn w\u00e4hrend der Sommerzeit zu anderen Tageszeiten gearbeitet wird als im Winter, kann mit intelligenter K\u00fchl-Steuerung durchaus Energie eingespart werden. Die Umstellung auf Sommerzeit kann sich also als Vorteil erweisen, wie Empa-Forscher feststellten. (Bild: Pixabay.com)"},{"@type":"BreadcrumbList","@id":"https:\/\/www.organisator.ch\/sustainability\/2023-03-22\/energieverbrauch-die-sommerzeit-hat-durchaus-vorteile\/#breadcrumb","itemListElement":[{"@type":"ListItem","position":1,"name":"Home","item":"https:\/\/www.organisator.ch\/"},{"@type":"ListItem","position":2,"name":"Energieverbrauch: Die Sommerzeit hat durchaus Vorteile"}]},{"@type":"WebSite","@id":"https:\/\/www.organisator.ch\/#website","url":"https:\/\/www.organisator.ch\/","name":"Organizer","description":"Competent. Practical. In 10 issues per year, ORGANISATOR presents the essential topics for managers of SMEs.","publisher":{"@id":"https:\/\/www.organisator.ch\/#organization"},"potentialAction":[{"@type":"SearchAction","target":{"@type":"EntryPoint","urlTemplate":"https:\/\/www.organisator.ch\/?s={search_term_string}"},"query-input":{"@type":"PropertyValueSpecification","valueRequired":true,"valueName":"search_term_string"}}],"inLanguage":"en-US"},{"@type":"Organization","@id":"https:\/\/www.organisator.ch\/#organization","name":"Organizer","url":"https:\/\/www.organisator.ch\/","logo":{"@type":"ImageObject","inLanguage":"en-US","@id":"https:\/\/www.organisator.ch\/#\/schema\/logo\/image\/","url":"https:\/\/www.organisator.ch\/wp-content\/uploads\/2022\/01\/Logo_Organisator_Website.png","contentUrl":"https:\/\/www.organisator.ch\/wp-content\/uploads\/2022\/01\/Logo_Organisator_Website.png","width":800,"height":77,"caption":"Organisator"},"image":{"@id":"https:\/\/www.organisator.ch\/#\/schema\/logo\/image\/"},"sameAs":["https:\/\/www.facebook.com\/OrganisatorFachmagazin","https:\/\/www.linkedin.com\/showcase\/organisator-das-magazin-fr-kmu","https:\/\/www.xing.com\/news\/pages\/organisator-ch-695","https:\/\/www.youtube.com\/channel\/UCGP2Sq0iWaZwT3BdIAQFYpw"]},{"@type":"Person","@id":"https:\/\/www.organisator.ch\/#\/schema\/person\/6f650f90b2842cd4c0cc334b4e36f67e","name":"thomas.berner","image":{"@type":"ImageObject","inLanguage":"en-US","@id":"https:\/\/secure.gravatar.com\/avatar\/ac5001d2a36cb6c6cd3e50789007ffca834b477b74a2144564522e944eabff61?s=96&d=mm&r=g","url":"https:\/\/secure.gravatar.com\/avatar\/ac5001d2a36cb6c6cd3e50789007ffca834b477b74a2144564522e944eabff61?s=96&d=mm&r=g","contentUrl":"https:\/\/secure.gravatar.com\/avatar\/ac5001d2a36cb6c6cd3e50789007ffca834b477b74a2144564522e944eabff61?s=96&d=mm&r=g","caption":"thomas.berner"},"url":"https:\/\/www.organisator.ch\/en\/author\/thomas-berner\/"}]}},"_links":{"self":[{"href":"https:\/\/www.organisator.ch\/en\/wp-json\/wp\/v2\/posts\/19371","targetHints":{"allow":["GET"]}}],"collection":[{"href":"https:\/\/www.organisator.ch\/en\/wp-json\/wp\/v2\/posts"}],"about":[{"href":"https:\/\/www.organisator.ch\/en\/wp-json\/wp\/v2\/types\/post"}],"author":[{"embeddable":true,"href":"https:\/\/www.organisator.ch\/en\/wp-json\/wp\/v2\/users\/4"}],"replies":[{"embeddable":true,"href":"https:\/\/www.organisator.ch\/en\/wp-json\/wp\/v2\/comments?post=19371"}],"version-history":[{"count":3,"href":"https:\/\/www.organisator.ch\/en\/wp-json\/wp\/v2\/posts\/19371\/revisions"}],"predecessor-version":[{"id":19432,"href":"https:\/\/www.organisator.ch\/en\/wp-json\/wp\/v2\/posts\/19371\/revisions\/19432"}],"wp:featuredmedia":[{"embeddable":true,"href":"https:\/\/www.organisator.ch\/en\/wp-json\/wp\/v2\/media\/19372"}],"wp:attachment":[{"href":"https:\/\/www.organisator.ch\/en\/wp-json\/wp\/v2\/media?parent=19371"}],"wp:term":[{"taxonomy":"category","embeddable":true,"href":"https:\/\/www.organisator.ch\/en\/wp-json\/wp\/v2\/categories?post=19371"},{"taxonomy":"post_tag","embeddable":true,"href":"https:\/\/www.organisator.ch\/en\/wp-json\/wp\/v2\/tags?post=19371"}],"curies":[{"name":"wp","href":"https:\/\/api.w.org\/{rel}","templated":true}]}}