{"id":19391,"date":"2023-03-23T10:40:09","date_gmt":"2023-03-23T09:40:09","guid":{"rendered":"https:\/\/www.organisator.ch\/?p=19391"},"modified":"2023-03-23T10:40:09","modified_gmt":"2023-03-23T09:40:09","slug":"basel-area-neuer-hoechststand-an-firmengruendungen","status":"publish","type":"post","link":"https:\/\/www.organisator.ch\/en\/management\/2023-03-23\/basel-area-neuer-hoechststand-an-firmengruendungen\/","title":{"rendered":"Basel Area: New peak in company start-ups"},"content":{"rendered":"<figure id=\"attachment_19392\" aria-describedby=\"caption-attachment-19392\" style=\"width: 680px\" class=\"wp-caption alignnone\"><img loading=\"lazy\" decoding=\"async\" class=\"size-full wp-image-19392\" src=\"https:\/\/www.organisator.ch\/wp-content\/uploads\/2023\/03\/Basel-Area-Neuer-Hoechststand-an-Firmengruendungen_Organisator.jpg\" alt=\"\" width=\"680\" height=\"510\" srcset=\"https:\/\/www.organisator.ch\/wp-content\/uploads\/2023\/03\/Basel-Area-Neuer-Hoechststand-an-Firmengruendungen_Organisator.jpg 680w, https:\/\/www.organisator.ch\/wp-content\/uploads\/2023\/03\/Basel-Area-Neuer-Hoechststand-an-Firmengruendungen_Organisator-16x12.jpg 16w, https:\/\/www.organisator.ch\/wp-content\/uploads\/2023\/03\/Basel-Area-Neuer-Hoechststand-an-Firmengruendungen_Organisator-375x281.jpg 375w, https:\/\/www.organisator.ch\/wp-content\/uploads\/2023\/03\/Basel-Area-Neuer-Hoechststand-an-Firmengruendungen_Organisator-467x350.jpg 467w\" sizes=\"auto, (max-width: 680px) 100vw, 680px\" \/><figcaption id=\"caption-attachment-19392\" class=\"wp-caption-text\">The Basel Area Business &amp; Innovation Promotion Agency can look back on a successful 2022. Many start-ups and settlements were recorded, especially in the life sciences. (Image: Jean Jacques Schaffner)<\/figcaption><\/figure>\n<p>Basel Area Business &amp; Innovation is the agency for location promotion and innovation support that helps companies, institutions and startups to be successful in the Basel economic region. Its CEO Christof Kl\u00f6pper, can now look back on a successful 2022: \"Both in terms of newly established companies and startups, we achieved excellent figures in 2022.\" Even a new record value was reached by the number of company startups supported by the agency. 96 startups took advantage of its services in the founding process. This is 20 more than in the previous year. Most of the newly founded companies operate in the life sciences (21), followed by the services (18), construction (11) and ICT (10) sectors. A large proportion of the young companies benefited from advice provided by the Venture Mentoring Program, which is characterized by industry-, customer- and technology-specific support. Among others, the Basel-based cleantech company Kuori took advantage of this offer. Since its founding in spring 2022, Kuori has already been able to close financing in the amount of 2.3 million euros and has thus made a very respectable start.<\/p>\n<h3>High settlement figures confirm attractiveness of Basel Area<\/h3>\n<p>The attractiveness of Basel as a location was also demonstrated last year by the stable high number of companies settling in the area. Of the 35 companies that have newly settled in the Basel Area, almost two-thirds are active in the life sciences sector. Of these 24 companies, 5 belong to the field of digital health innovations. The companies that have settled in the cantons of Basel-Landschaft, Basel-Stadt and Jura with the support of Basel Area Business &amp; Innovation come from 16 countries. Of these, 14 come from Europe (e.g. Tenpoint Therapeutics), 7 from Asia (e.g. Acro Biosystems) and 6 from the USA (e.g. LifeMine Therapeutics). There were 8 arrivals from cantons outside the Basel Area. Domenico Scala, President of Basel Area Business &amp; Innovation, sums up: \"Companies, large and small, find everything they need for healthy development in our economic region. The entire value chain is here, from startups to established companies. We have venture capital, government support and functioning interfaces between business and research.\"<\/p>\n<p><em>Source: <a href=\"http:\/\/www.baselarea.swiss\">www.baselarea.swiss<\/a><\/em><\/p>","protected":false},"excerpt":{"rendered":"<p>Basel Area Business &amp; Innovation ist die Agentur f\u00fcr Standortpromotion und Innovationsf\u00f6rderung, die Unternehmen, Institutionen und Startups dabei unterst\u00fctzt, in der Wirtschaftsregion Basel erfolgreich zu sein. Ihr CEO Christof Kl\u00f6pper, kann nun auf ein erfolgreiches Jahr 2022 zur\u00fcckblicken:\u00a0\u00abSowohl bei den neu angesiedelten Unternehmen wie auch bei den Firmengr\u00fcndungen haben wir 2022 ausgezeichnete Werte erzielt.\u00bb Gar [&hellip;]<\/p>\n","protected":false},"author":4,"featured_media":19392,"comment_status":"closed","ping_status":"closed","sticky":false,"template":"","format":"standard","meta":{"_acf_changed":false,"_yoast_wpseo_focuskw":"Basel Area","_yoast_wpseo_metadesc":"Noch nie hat Basel Area Business & Innovation so viele Firmengr\u00fcndungen unterst\u00fctzt wie 2022: N\u00e4mlich 96 Startups.","articlekey":"","footnotes":""},"categories":[28],"tags":[772,2761,451],"class_list":["post-19391","post","type-post","status-publish","format-standard","has-post-thumbnail","hentry","category-management","tag-basel","tag-standortfoerderung","tag-startups"],"acf":[],"yoast_head":"<!-- This site is optimized with the Yoast SEO plugin v27.5 - https:\/\/yoast.com\/product\/yoast-seo-wordpress\/ -->\n<title>Basel Area: Neuer H\u00f6chststand an Firmengr\u00fcndungen - Organisator<\/title>\n<meta name=\"description\" content=\"Noch nie hat Basel Area Business &amp; Innovation so viele Firmengr\u00fcndungen unterst\u00fctzt wie 2022: N\u00e4mlich 96 Startups.\" \/>\n<meta name=\"robots\" content=\"index, follow, max-snippet:-1, max-image-preview:large, max-video-preview:-1\" \/>\n<link rel=\"canonical\" href=\"https:\/\/www.organisator.ch\/en\/management\/2023-03-23\/basel-area-neuer-hoechststand-an-firmengruendungen\/\" \/>\n<meta property=\"og:locale\" content=\"en_US\" \/>\n<meta property=\"og:type\" content=\"article\" \/>\n<meta property=\"og:title\" content=\"Basel Area: Neuer H\u00f6chststand an Firmengr\u00fcndungen\" \/>\n<meta property=\"og:description\" content=\"Noch nie hat Basel Area Business &amp; Innovation so viele Firmengr\u00fcndungen unterst\u00fctzt wie 2022: N\u00e4mlich 96 Startups.\" \/>\n<meta property=\"og:url\" content=\"https:\/\/www.organisator.ch\/en\/management\/2023-03-23\/basel-area-neuer-hoechststand-an-firmengruendungen\/\" \/>\n<meta property=\"og:site_name\" content=\"Organisator\" \/>\n<meta property=\"article:publisher\" content=\"https:\/\/www.facebook.com\/OrganisatorFachmagazin\" \/>\n<meta property=\"article:published_time\" content=\"2023-03-23T09:40:09+00:00\" \/>\n<meta property=\"og:image\" content=\"https:\/\/www.organisator.ch\/wp-content\/uploads\/2023\/03\/Basel-Area-Neuer-Hoechststand-an-Firmengruendungen_Organisator.jpg\" \/>\n\t<meta property=\"og:image:width\" content=\"680\" \/>\n\t<meta property=\"og:image:height\" content=\"510\" \/>\n\t<meta property=\"og:image:type\" content=\"image\/jpeg\" \/>\n<meta name=\"author\" content=\"thomas.berner\" \/>\n<meta name=\"twitter:card\" content=\"summary_large_image\" \/>\n<meta name=\"twitter:title\" content=\"Basel Area: Neuer #H\u00f6chststand an #Firmengr\u00fcndungen\" \/>\n<meta name=\"twitter:description\" content=\"Noch nie hat Basel Area Business &amp; Innovation so viele #Firmengr\u00fcndungen unterst\u00fctzt wie 2022: N\u00e4mlich 96 Startups.\" \/>\n<meta name=\"twitter:image\" content=\"https:\/\/www.organisator.ch\/wp-content\/uploads\/2023\/03\/Basel-Area-Neuer-Hoechststand-an-Firmengruendungen_Organisator.jpg\" \/>\n<script type=\"application\/ld+json\" class=\"yoast-schema-graph\">{\"@context\":\"https:\\\/\\\/schema.org\",\"@graph\":[{\"@type\":\"Article\",\"@id\":\"https:\\\/\\\/www.organisator.ch\\\/management\\\/2023-03-23\\\/basel-area-neuer-hoechststand-an-firmengruendungen\\\/#article\",\"isPartOf\":{\"@id\":\"https:\\\/\\\/www.organisator.ch\\\/management\\\/2023-03-23\\\/basel-area-neuer-hoechststand-an-firmengruendungen\\\/\"},\"author\":{\"name\":\"thomas.berner\",\"@id\":\"https:\\\/\\\/www.organisator.ch\\\/#\\\/schema\\\/person\\\/6f650f90b2842cd4c0cc334b4e36f67e\"},\"headline\":\"Basel Area: Neuer H\u00f6chststand an Firmengr\u00fcndungen\",\"datePublished\":\"2023-03-23T09:40:09+00:00\",\"mainEntityOfPage\":{\"@id\":\"https:\\\/\\\/www.organisator.ch\\\/management\\\/2023-03-23\\\/basel-area-neuer-hoechststand-an-firmengruendungen\\\/\"},\"wordCount\":397,\"publisher\":{\"@id\":\"https:\\\/\\\/www.organisator.ch\\\/#organization\"},\"image\":{\"@id\":\"https:\\\/\\\/www.organisator.ch\\\/management\\\/2023-03-23\\\/basel-area-neuer-hoechststand-an-firmengruendungen\\\/#primaryimage\"},\"thumbnailUrl\":\"https:\\\/\\\/www.organisator.ch\\\/wp-content\\\/uploads\\\/2023\\\/03\\\/Basel-Area-Neuer-Hoechststand-an-Firmengruendungen_Organisator.jpg\",\"keywords\":[\"Basel\",\"Standortf\u00f6rderung\",\"Startups\"],\"articleSection\":[\"MANAGEMENT\"],\"inLanguage\":\"en-US\"},{\"@type\":\"WebPage\",\"@id\":\"https:\\\/\\\/www.organisator.ch\\\/management\\\/2023-03-23\\\/basel-area-neuer-hoechststand-an-firmengruendungen\\\/\",\"url\":\"https:\\\/\\\/www.organisator.ch\\\/management\\\/2023-03-23\\\/basel-area-neuer-hoechststand-an-firmengruendungen\\\/\",\"name\":\"Basel Area: Neuer H\u00f6chststand an Firmengr\u00fcndungen - Organisator\",\"isPartOf\":{\"@id\":\"https:\\\/\\\/www.organisator.ch\\\/#website\"},\"primaryImageOfPage\":{\"@id\":\"https:\\\/\\\/www.organisator.ch\\\/management\\\/2023-03-23\\\/basel-area-neuer-hoechststand-an-firmengruendungen\\\/#primaryimage\"},\"image\":{\"@id\":\"https:\\\/\\\/www.organisator.ch\\\/management\\\/2023-03-23\\\/basel-area-neuer-hoechststand-an-firmengruendungen\\\/#primaryimage\"},\"thumbnailUrl\":\"https:\\\/\\\/www.organisator.ch\\\/wp-content\\\/uploads\\\/2023\\\/03\\\/Basel-Area-Neuer-Hoechststand-an-Firmengruendungen_Organisator.jpg\",\"datePublished\":\"2023-03-23T09:40:09+00:00\",\"description\":\"Noch nie hat Basel Area Business & Innovation so viele Firmengr\u00fcndungen unterst\u00fctzt wie 2022: N\u00e4mlich 96 Startups.\",\"breadcrumb\":{\"@id\":\"https:\\\/\\\/www.organisator.ch\\\/management\\\/2023-03-23\\\/basel-area-neuer-hoechststand-an-firmengruendungen\\\/#breadcrumb\"},\"inLanguage\":\"en-US\",\"potentialAction\":[{\"@type\":\"ReadAction\",\"target\":[\"https:\\\/\\\/www.organisator.ch\\\/management\\\/2023-03-23\\\/basel-area-neuer-hoechststand-an-firmengruendungen\\\/\"]}]},{\"@type\":\"ImageObject\",\"inLanguage\":\"en-US\",\"@id\":\"https:\\\/\\\/www.organisator.ch\\\/management\\\/2023-03-23\\\/basel-area-neuer-hoechststand-an-firmengruendungen\\\/#primaryimage\",\"url\":\"https:\\\/\\\/www.organisator.ch\\\/wp-content\\\/uploads\\\/2023\\\/03\\\/Basel-Area-Neuer-Hoechststand-an-Firmengruendungen_Organisator.jpg\",\"contentUrl\":\"https:\\\/\\\/www.organisator.ch\\\/wp-content\\\/uploads\\\/2023\\\/03\\\/Basel-Area-Neuer-Hoechststand-an-Firmengruendungen_Organisator.jpg\",\"width\":680,\"height\":510,\"caption\":\"Die Standortf\u00f6rderungsagentur Basel Area Business & Innovation kann auf ein erfolgreiches Jahr 2022 zur\u00fcckblicken. (Bild: Jean Jacques Schaffner)\"},{\"@type\":\"BreadcrumbList\",\"@id\":\"https:\\\/\\\/www.organisator.ch\\\/management\\\/2023-03-23\\\/basel-area-neuer-hoechststand-an-firmengruendungen\\\/#breadcrumb\",\"itemListElement\":[{\"@type\":\"ListItem\",\"position\":1,\"name\":\"Home\",\"item\":\"https:\\\/\\\/www.organisator.ch\\\/\"},{\"@type\":\"ListItem\",\"position\":2,\"name\":\"Basel Area: Neuer H\u00f6chststand an Firmengr\u00fcndungen\"}]},{\"@type\":\"WebSite\",\"@id\":\"https:\\\/\\\/www.organisator.ch\\\/#website\",\"url\":\"https:\\\/\\\/www.organisator.ch\\\/\",\"name\":\"Organisator\",\"description\":\"Kompetent. Praxisnah. Der ORGANISATOR bereitet in 10 Ausgaben pro Jahr die wesentlichen Themen f\u00fcr F\u00fchrungskr\u00e4fte von KMU auf.\",\"publisher\":{\"@id\":\"https:\\\/\\\/www.organisator.ch\\\/#organization\"},\"potentialAction\":[{\"@type\":\"SearchAction\",\"target\":{\"@type\":\"EntryPoint\",\"urlTemplate\":\"https:\\\/\\\/www.organisator.ch\\\/?s={search_term_string}\"},\"query-input\":{\"@type\":\"PropertyValueSpecification\",\"valueRequired\":true,\"valueName\":\"search_term_string\"}}],\"inLanguage\":\"en-US\"},{\"@type\":\"Organization\",\"@id\":\"https:\\\/\\\/www.organisator.ch\\\/#organization\",\"name\":\"Organisator\",\"url\":\"https:\\\/\\\/www.organisator.ch\\\/\",\"logo\":{\"@type\":\"ImageObject\",\"inLanguage\":\"en-US\",\"@id\":\"https:\\\/\\\/www.organisator.ch\\\/#\\\/schema\\\/logo\\\/image\\\/\",\"url\":\"https:\\\/\\\/www.organisator.ch\\\/wp-content\\\/uploads\\\/2022\\\/01\\\/Logo_Organisator_Website.png\",\"contentUrl\":\"https:\\\/\\\/www.organisator.ch\\\/wp-content\\\/uploads\\\/2022\\\/01\\\/Logo_Organisator_Website.png\",\"width\":800,\"height\":77,\"caption\":\"Organisator\"},\"image\":{\"@id\":\"https:\\\/\\\/www.organisator.ch\\\/#\\\/schema\\\/logo\\\/image\\\/\"},\"sameAs\":[\"https:\\\/\\\/www.facebook.com\\\/OrganisatorFachmagazin\",\"https:\\\/\\\/www.linkedin.com\\\/showcase\\\/organisator-das-magazin-fr-kmu\",\"https:\\\/\\\/www.xing.com\\\/news\\\/pages\\\/organisator-ch-695\",\"https:\\\/\\\/www.youtube.com\\\/channel\\\/UCGP2Sq0iWaZwT3BdIAQFYpw\"]},{\"@type\":\"Person\",\"@id\":\"https:\\\/\\\/www.organisator.ch\\\/#\\\/schema\\\/person\\\/6f650f90b2842cd4c0cc334b4e36f67e\",\"name\":\"thomas.berner\",\"image\":{\"@type\":\"ImageObject\",\"inLanguage\":\"en-US\",\"@id\":\"https:\\\/\\\/secure.gravatar.com\\\/avatar\\\/ac5001d2a36cb6c6cd3e50789007ffca834b477b74a2144564522e944eabff61?s=96&d=mm&r=g\",\"url\":\"https:\\\/\\\/secure.gravatar.com\\\/avatar\\\/ac5001d2a36cb6c6cd3e50789007ffca834b477b74a2144564522e944eabff61?s=96&d=mm&r=g\",\"contentUrl\":\"https:\\\/\\\/secure.gravatar.com\\\/avatar\\\/ac5001d2a36cb6c6cd3e50789007ffca834b477b74a2144564522e944eabff61?s=96&d=mm&r=g\",\"caption\":\"thomas.berner\"},\"url\":\"https:\\\/\\\/www.organisator.ch\\\/en\\\/author\\\/thomas-berner\\\/\"}]}<\/script>\n<!-- \/ Yoast SEO plugin. -->","yoast_head_json":{"title":"Basel Area: New peak in company formations - Organizer","description":"Basel Area Business &amp; Innovation has never supported as many startups as it did in 2022: namely, 96 startups.","robots":{"index":"index","follow":"follow","max-snippet":"max-snippet:-1","max-image-preview":"max-image-preview:large","max-video-preview":"max-video-preview:-1"},"canonical":"https:\/\/www.organisator.ch\/en\/management\/2023-03-23\/basel-area-neuer-hoechststand-an-firmengruendungen\/","og_locale":"en_US","og_type":"article","og_title":"Basel Area: Neuer H\u00f6chststand an Firmengr\u00fcndungen","og_description":"Noch nie hat Basel Area Business & Innovation so viele Firmengr\u00fcndungen unterst\u00fctzt wie 2022: N\u00e4mlich 96 Startups.","og_url":"https:\/\/www.organisator.ch\/en\/management\/2023-03-23\/basel-area-neuer-hoechststand-an-firmengruendungen\/","og_site_name":"Organisator","article_publisher":"https:\/\/www.facebook.com\/OrganisatorFachmagazin","article_published_time":"2023-03-23T09:40:09+00:00","og_image":[{"width":680,"height":510,"url":"https:\/\/www.organisator.ch\/wp-content\/uploads\/2023\/03\/Basel-Area-Neuer-Hoechststand-an-Firmengruendungen_Organisator.jpg","type":"image\/jpeg"}],"author":"thomas.berner","twitter_card":"summary_large_image","twitter_title":"Basel Area: Neuer #H\u00f6chststand an #Firmengr\u00fcndungen","twitter_description":"Noch nie hat Basel Area Business & Innovation so viele #Firmengr\u00fcndungen unterst\u00fctzt wie 2022: N\u00e4mlich 96 Startups.","twitter_image":"https:\/\/www.organisator.ch\/wp-content\/uploads\/2023\/03\/Basel-Area-Neuer-Hoechststand-an-Firmengruendungen_Organisator.jpg","schema":{"@context":"https:\/\/schema.org","@graph":[{"@type":"Article","@id":"https:\/\/www.organisator.ch\/management\/2023-03-23\/basel-area-neuer-hoechststand-an-firmengruendungen\/#article","isPartOf":{"@id":"https:\/\/www.organisator.ch\/management\/2023-03-23\/basel-area-neuer-hoechststand-an-firmengruendungen\/"},"author":{"name":"thomas.berner","@id":"https:\/\/www.organisator.ch\/#\/schema\/person\/6f650f90b2842cd4c0cc334b4e36f67e"},"headline":"Basel Area: Neuer H\u00f6chststand an Firmengr\u00fcndungen","datePublished":"2023-03-23T09:40:09+00:00","mainEntityOfPage":{"@id":"https:\/\/www.organisator.ch\/management\/2023-03-23\/basel-area-neuer-hoechststand-an-firmengruendungen\/"},"wordCount":397,"publisher":{"@id":"https:\/\/www.organisator.ch\/#organization"},"image":{"@id":"https:\/\/www.organisator.ch\/management\/2023-03-23\/basel-area-neuer-hoechststand-an-firmengruendungen\/#primaryimage"},"thumbnailUrl":"https:\/\/www.organisator.ch\/wp-content\/uploads\/2023\/03\/Basel-Area-Neuer-Hoechststand-an-Firmengruendungen_Organisator.jpg","keywords":["Basel","Standortf\u00f6rderung","Startups"],"articleSection":["MANAGEMENT"],"inLanguage":"en-US"},{"@type":"WebPage","@id":"https:\/\/www.organisator.ch\/management\/2023-03-23\/basel-area-neuer-hoechststand-an-firmengruendungen\/","url":"https:\/\/www.organisator.ch\/management\/2023-03-23\/basel-area-neuer-hoechststand-an-firmengruendungen\/","name":"Basel Area: New peak in company formations - Organizer","isPartOf":{"@id":"https:\/\/www.organisator.ch\/#website"},"primaryImageOfPage":{"@id":"https:\/\/www.organisator.ch\/management\/2023-03-23\/basel-area-neuer-hoechststand-an-firmengruendungen\/#primaryimage"},"image":{"@id":"https:\/\/www.organisator.ch\/management\/2023-03-23\/basel-area-neuer-hoechststand-an-firmengruendungen\/#primaryimage"},"thumbnailUrl":"https:\/\/www.organisator.ch\/wp-content\/uploads\/2023\/03\/Basel-Area-Neuer-Hoechststand-an-Firmengruendungen_Organisator.jpg","datePublished":"2023-03-23T09:40:09+00:00","description":"Basel Area Business &amp; Innovation has never supported as many startups as it did in 2022: namely, 96 startups.","breadcrumb":{"@id":"https:\/\/www.organisator.ch\/management\/2023-03-23\/basel-area-neuer-hoechststand-an-firmengruendungen\/#breadcrumb"},"inLanguage":"en-US","potentialAction":[{"@type":"ReadAction","target":["https:\/\/www.organisator.ch\/management\/2023-03-23\/basel-area-neuer-hoechststand-an-firmengruendungen\/"]}]},{"@type":"ImageObject","inLanguage":"en-US","@id":"https:\/\/www.organisator.ch\/management\/2023-03-23\/basel-area-neuer-hoechststand-an-firmengruendungen\/#primaryimage","url":"https:\/\/www.organisator.ch\/wp-content\/uploads\/2023\/03\/Basel-Area-Neuer-Hoechststand-an-Firmengruendungen_Organisator.jpg","contentUrl":"https:\/\/www.organisator.ch\/wp-content\/uploads\/2023\/03\/Basel-Area-Neuer-Hoechststand-an-Firmengruendungen_Organisator.jpg","width":680,"height":510,"caption":"Die Standortf\u00f6rderungsagentur Basel Area Business & Innovation kann auf ein erfolgreiches Jahr 2022 zur\u00fcckblicken. (Bild: Jean Jacques Schaffner)"},{"@type":"BreadcrumbList","@id":"https:\/\/www.organisator.ch\/management\/2023-03-23\/basel-area-neuer-hoechststand-an-firmengruendungen\/#breadcrumb","itemListElement":[{"@type":"ListItem","position":1,"name":"Home","item":"https:\/\/www.organisator.ch\/"},{"@type":"ListItem","position":2,"name":"Basel Area: Neuer H\u00f6chststand an Firmengr\u00fcndungen"}]},{"@type":"WebSite","@id":"https:\/\/www.organisator.ch\/#website","url":"https:\/\/www.organisator.ch\/","name":"Organizer","description":"Competent. Practical. In 10 issues per year, ORGANISATOR presents the essential topics for managers of SMEs.","publisher":{"@id":"https:\/\/www.organisator.ch\/#organization"},"potentialAction":[{"@type":"SearchAction","target":{"@type":"EntryPoint","urlTemplate":"https:\/\/www.organisator.ch\/?s={search_term_string}"},"query-input":{"@type":"PropertyValueSpecification","valueRequired":true,"valueName":"search_term_string"}}],"inLanguage":"en-US"},{"@type":"Organization","@id":"https:\/\/www.organisator.ch\/#organization","name":"Organizer","url":"https:\/\/www.organisator.ch\/","logo":{"@type":"ImageObject","inLanguage":"en-US","@id":"https:\/\/www.organisator.ch\/#\/schema\/logo\/image\/","url":"https:\/\/www.organisator.ch\/wp-content\/uploads\/2022\/01\/Logo_Organisator_Website.png","contentUrl":"https:\/\/www.organisator.ch\/wp-content\/uploads\/2022\/01\/Logo_Organisator_Website.png","width":800,"height":77,"caption":"Organisator"},"image":{"@id":"https:\/\/www.organisator.ch\/#\/schema\/logo\/image\/"},"sameAs":["https:\/\/www.facebook.com\/OrganisatorFachmagazin","https:\/\/www.linkedin.com\/showcase\/organisator-das-magazin-fr-kmu","https:\/\/www.xing.com\/news\/pages\/organisator-ch-695","https:\/\/www.youtube.com\/channel\/UCGP2Sq0iWaZwT3BdIAQFYpw"]},{"@type":"Person","@id":"https:\/\/www.organisator.ch\/#\/schema\/person\/6f650f90b2842cd4c0cc334b4e36f67e","name":"thomas.berner","image":{"@type":"ImageObject","inLanguage":"en-US","@id":"https:\/\/secure.gravatar.com\/avatar\/ac5001d2a36cb6c6cd3e50789007ffca834b477b74a2144564522e944eabff61?s=96&d=mm&r=g","url":"https:\/\/secure.gravatar.com\/avatar\/ac5001d2a36cb6c6cd3e50789007ffca834b477b74a2144564522e944eabff61?s=96&d=mm&r=g","contentUrl":"https:\/\/secure.gravatar.com\/avatar\/ac5001d2a36cb6c6cd3e50789007ffca834b477b74a2144564522e944eabff61?s=96&d=mm&r=g","caption":"thomas.berner"},"url":"https:\/\/www.organisator.ch\/en\/author\/thomas-berner\/"}]}},"_links":{"self":[{"href":"https:\/\/www.organisator.ch\/en\/wp-json\/wp\/v2\/posts\/19391","targetHints":{"allow":["GET"]}}],"collection":[{"href":"https:\/\/www.organisator.ch\/en\/wp-json\/wp\/v2\/posts"}],"about":[{"href":"https:\/\/www.organisator.ch\/en\/wp-json\/wp\/v2\/types\/post"}],"author":[{"embeddable":true,"href":"https:\/\/www.organisator.ch\/en\/wp-json\/wp\/v2\/users\/4"}],"replies":[{"embeddable":true,"href":"https:\/\/www.organisator.ch\/en\/wp-json\/wp\/v2\/comments?post=19391"}],"version-history":[{"count":1,"href":"https:\/\/www.organisator.ch\/en\/wp-json\/wp\/v2\/posts\/19391\/revisions"}],"predecessor-version":[{"id":19393,"href":"https:\/\/www.organisator.ch\/en\/wp-json\/wp\/v2\/posts\/19391\/revisions\/19393"}],"wp:featuredmedia":[{"embeddable":true,"href":"https:\/\/www.organisator.ch\/en\/wp-json\/wp\/v2\/media\/19392"}],"wp:attachment":[{"href":"https:\/\/www.organisator.ch\/en\/wp-json\/wp\/v2\/media?parent=19391"}],"wp:term":[{"taxonomy":"category","embeddable":true,"href":"https:\/\/www.organisator.ch\/en\/wp-json\/wp\/v2\/categories?post=19391"},{"taxonomy":"post_tag","embeddable":true,"href":"https:\/\/www.organisator.ch\/en\/wp-json\/wp\/v2\/tags?post=19391"}],"curies":[{"name":"wp","href":"https:\/\/api.w.org\/{rel}","templated":true}]}}