{"id":19422,"date":"2023-03-27T13:42:33","date_gmt":"2023-03-27T11:42:33","guid":{"rendered":"https:\/\/www.organisator.ch\/?p=19422"},"modified":"2023-03-27T13:42:33","modified_gmt":"2023-03-27T11:42:33","slug":"plan-b-fuer-eine-regenerative-inklusive-und-faire-wirtschaft","status":"publish","type":"post","link":"https:\/\/www.organisator.ch\/en\/sustainability\/2023-03-27\/plan-b-fuer-eine-regenerative-inklusive-und-faire-wirtschaft\/","title":{"rendered":"Plan B: For a renewable, inclusive and fair economy"},"content":{"rendered":"<figure id=\"attachment_19424\" aria-describedby=\"caption-attachment-19424\" style=\"width: 680px\" class=\"wp-caption alignnone\"><img loading=\"lazy\" decoding=\"async\" class=\"size-full wp-image-19424\" src=\"https:\/\/www.organisator.ch\/wp-content\/uploads\/2023\/03\/Plan-B-Fuer-eine-regenerative-inklusive-und-faire-Wirtschaft-_Organisator.jpg\" alt=\"\" width=\"680\" height=\"567\" srcset=\"https:\/\/www.organisator.ch\/wp-content\/uploads\/2023\/03\/Plan-B-Fuer-eine-regenerative-inklusive-und-faire-Wirtschaft-_Organisator.jpg 680w, https:\/\/www.organisator.ch\/wp-content\/uploads\/2023\/03\/Plan-B-Fuer-eine-regenerative-inklusive-und-faire-Wirtschaft-_Organisator-14x12.jpg 14w, https:\/\/www.organisator.ch\/wp-content\/uploads\/2023\/03\/Plan-B-Fuer-eine-regenerative-inklusive-und-faire-Wirtschaft-_Organisator-360x300.jpg 360w, https:\/\/www.organisator.ch\/wp-content\/uploads\/2023\/03\/Plan-B-Fuer-eine-regenerative-inklusive-und-faire-Wirtschaft-_Organisator-420x350.jpg 420w\" sizes=\"auto, (max-width: 680px) 100vw, 680px\" \/><figcaption id=\"caption-attachment-19424\" class=\"wp-caption-text\">With \"Plan B\", the non-profit foundation B Lab launches an awareness campaign. (Image: B Lab)<\/figcaption><\/figure>\n<p>B Lab Switzerland, a non-profit foundation dedicated to the development of standards and legal frameworks for the benefit of society and the environment, launches its first awareness campaign entitled \"Plan B\". This initiative, carried out in collaboration with 13 Swiss B Corps, aims to stimulate a dialogue, on indispensable changes in our economic system, as well as on the role that companies can and must play as catalysts of change.<\/p>\n<h3>What makes the difference with B Corps<\/h3>\n<p>In the current climate of widespread distrust of financial markets and ongoing social and environmental crises, it is more necessary than ever to restore trust and actively initiate change in our economy, B Lab writes in a media release. B Corp-certified companies go beyond traditional financial criteria to measure their performance against rigorous social and environmental performance standards and commit to transparency and legal accountability. The B Corp movement, with more than 6,500 B Corps worldwide, including about 280 active B Corps in Switzerland, demonstrates that cross-industry collaboration is a solution to break out of the status quo and restore the lost trust of consumers, employees and investors.<\/p>\n<h3><strong>Plan B to raise awareness and break out of the status quo.<\/strong><\/h3>\n<p>B Lab Switzerland launches \"Plan B\", a bold initiative that brings the B Corp movement to the forefront. This \"Plan B\" aims not only to make B Corp certified companies more accessible to consumers, but also to show that B Corps are an effective choice as an employer as well as a business partner. Above all, however, B Lab wants to stimulate a discussion about indispensable changes in our economic system.<\/p>\n<p>\"In the face of a loss of trust and widespread mistrust, it is critical to turn to the change agents who embody hope and solutions to global challenges: businesses. With \"Plan B\", we are launching for the first time a public campaign to stimulate a dialogue on the necessary transformations and the crucial role of companies as catalysts of change in global challenges,\" said Jonathan Normand, Founder and CEO of B Lab Switzerland.<\/p>\n<p><em>Source: <a href=\"https:\/\/de.blab-switzerland.ch\/\">B Lab<\/a><\/em><\/p>","protected":false},"excerpt":{"rendered":"<p>B Lab Schweiz, eine gemeinn\u00fctzige Stiftung, die sich f\u00fcr die Entwicklung von Normen und rechtlichen Rahmenbedingungen zum Nutzen der Gesellschaft und der Umwelt einsetzt, startet ihre erste Sensibilisierungskampagne mit dem Titel &#8222;Plan B&#8220;. Diese Initiative, die in Zusammenarbeit mit 13 Schweizer B Corps durchgef\u00fchrt wurde, zielt darauf ab, einen Dialog anzuregen, \u00fcber unerl\u00e4ssliche Ver\u00e4nderungen in [&hellip;]<\/p>\n","protected":false},"author":4,"featured_media":19424,"comment_status":"closed","ping_status":"closed","sticky":false,"template":"","format":"standard","meta":{"_acf_changed":false,"_yoast_wpseo_focuskw":"Plan B","_yoast_wpseo_metadesc":"Aus dem Status quo ausbrechen: B Lab Schweiz zeigt einen \"Plan B\" f\u00fcr eine regenerative, inklusive und faire Wirtschaft auf.","articlekey":"","footnotes":""},"categories":[580],"tags":[293,358],"class_list":["post-19422","post","type-post","status-publish","format-standard","has-post-thumbnail","hentry","category-sustainability","tag-kampagne","tag-nachhaltige-wirtschaft"],"acf":[],"yoast_head":"<!-- This site is optimized with the Yoast SEO plugin v27.5 - https:\/\/yoast.com\/product\/yoast-seo-wordpress\/ -->\n<title>Plan B: F\u00fcr eine regenerative, inklusive und faire Wirtschaft - Organisator<\/title>\n<meta name=\"description\" content=\"Aus dem Status quo ausbrechen: B Lab Schweiz zeigt einen &quot;Plan B&quot; f\u00fcr eine regenerative, inklusive und faire Wirtschaft auf.\" \/>\n<meta name=\"robots\" content=\"index, follow, max-snippet:-1, max-image-preview:large, max-video-preview:-1\" \/>\n<link rel=\"canonical\" href=\"https:\/\/www.organisator.ch\/en\/sustainability\/2023-03-27\/plan-b-fuer-eine-regenerative-inklusive-und-faire-wirtschaft\/\" \/>\n<meta property=\"og:locale\" content=\"en_US\" \/>\n<meta property=\"og:type\" content=\"article\" \/>\n<meta property=\"og:title\" content=\"Plan B: F\u00fcr eine regenerative, inklusive und faire Wirtschaft\" \/>\n<meta property=\"og:description\" content=\"Aus dem Status quo ausbrechen: B Lab Schweiz zeigt einen &quot;Plan B&quot; f\u00fcr eine regenerative, inklusive und faire Wirtschaft auf.\" \/>\n<meta property=\"og:url\" content=\"https:\/\/www.organisator.ch\/en\/sustainability\/2023-03-27\/plan-b-fuer-eine-regenerative-inklusive-und-faire-wirtschaft\/\" \/>\n<meta property=\"og:site_name\" content=\"Organisator\" \/>\n<meta property=\"article:publisher\" content=\"https:\/\/www.facebook.com\/OrganisatorFachmagazin\" \/>\n<meta property=\"article:published_time\" content=\"2023-03-27T11:42:33+00:00\" \/>\n<meta property=\"og:image\" content=\"https:\/\/www.organisator.ch\/wp-content\/uploads\/2023\/03\/Plan-B-Fuer-eine-regenerative-inklusive-und-faire-Wirtschaft-_Organisator.jpg\" \/>\n\t<meta property=\"og:image:width\" content=\"680\" \/>\n\t<meta property=\"og:image:height\" content=\"567\" \/>\n\t<meta property=\"og:image:type\" content=\"image\/jpeg\" \/>\n<meta name=\"author\" content=\"thomas.berner\" \/>\n<meta name=\"twitter:card\" content=\"summary_large_image\" \/>\n<meta name=\"twitter:title\" content=\"#PlanB: F\u00fcr eine regenerative, inklusive und faire #Wirtschaft\" \/>\n<meta name=\"twitter:description\" content=\"Aus dem Status quo ausbrechen: #BLab Schweiz zeigt einen &quot;#PlanB&quot; f\u00fcr eine regenerative, inklusive und faire Wirtschaft auf.\" \/>\n<meta name=\"twitter:image\" content=\"https:\/\/www.organisator.ch\/wp-content\/uploads\/2023\/03\/Plan-B-Fuer-eine-regenerative-inklusive-und-faire-Wirtschaft-_Organisator.jpg\" \/>\n<script type=\"application\/ld+json\" class=\"yoast-schema-graph\">{\"@context\":\"https:\\\/\\\/schema.org\",\"@graph\":[{\"@type\":\"Article\",\"@id\":\"https:\\\/\\\/www.organisator.ch\\\/sustainability\\\/2023-03-27\\\/plan-b-fuer-eine-regenerative-inklusive-und-faire-wirtschaft\\\/#article\",\"isPartOf\":{\"@id\":\"https:\\\/\\\/www.organisator.ch\\\/sustainability\\\/2023-03-27\\\/plan-b-fuer-eine-regenerative-inklusive-und-faire-wirtschaft\\\/\"},\"author\":{\"name\":\"thomas.berner\",\"@id\":\"https:\\\/\\\/www.organisator.ch\\\/#\\\/schema\\\/person\\\/6f650f90b2842cd4c0cc334b4e36f67e\"},\"headline\":\"Plan B: F\u00fcr eine regenerative, inklusive und faire Wirtschaft\",\"datePublished\":\"2023-03-27T11:42:33+00:00\",\"mainEntityOfPage\":{\"@id\":\"https:\\\/\\\/www.organisator.ch\\\/sustainability\\\/2023-03-27\\\/plan-b-fuer-eine-regenerative-inklusive-und-faire-wirtschaft\\\/\"},\"wordCount\":401,\"publisher\":{\"@id\":\"https:\\\/\\\/www.organisator.ch\\\/#organization\"},\"image\":{\"@id\":\"https:\\\/\\\/www.organisator.ch\\\/sustainability\\\/2023-03-27\\\/plan-b-fuer-eine-regenerative-inklusive-und-faire-wirtschaft\\\/#primaryimage\"},\"thumbnailUrl\":\"https:\\\/\\\/www.organisator.ch\\\/wp-content\\\/uploads\\\/2023\\\/03\\\/Plan-B-Fuer-eine-regenerative-inklusive-und-faire-Wirtschaft-_Organisator.jpg\",\"keywords\":[\"Kampagne\",\"Nachhaltige Wirtschaft\"],\"articleSection\":[\"SUSTAINABILITY\"],\"inLanguage\":\"en-US\"},{\"@type\":\"WebPage\",\"@id\":\"https:\\\/\\\/www.organisator.ch\\\/sustainability\\\/2023-03-27\\\/plan-b-fuer-eine-regenerative-inklusive-und-faire-wirtschaft\\\/\",\"url\":\"https:\\\/\\\/www.organisator.ch\\\/sustainability\\\/2023-03-27\\\/plan-b-fuer-eine-regenerative-inklusive-und-faire-wirtschaft\\\/\",\"name\":\"Plan B: F\u00fcr eine regenerative, inklusive und faire Wirtschaft - Organisator\",\"isPartOf\":{\"@id\":\"https:\\\/\\\/www.organisator.ch\\\/#website\"},\"primaryImageOfPage\":{\"@id\":\"https:\\\/\\\/www.organisator.ch\\\/sustainability\\\/2023-03-27\\\/plan-b-fuer-eine-regenerative-inklusive-und-faire-wirtschaft\\\/#primaryimage\"},\"image\":{\"@id\":\"https:\\\/\\\/www.organisator.ch\\\/sustainability\\\/2023-03-27\\\/plan-b-fuer-eine-regenerative-inklusive-und-faire-wirtschaft\\\/#primaryimage\"},\"thumbnailUrl\":\"https:\\\/\\\/www.organisator.ch\\\/wp-content\\\/uploads\\\/2023\\\/03\\\/Plan-B-Fuer-eine-regenerative-inklusive-und-faire-Wirtschaft-_Organisator.jpg\",\"datePublished\":\"2023-03-27T11:42:33+00:00\",\"description\":\"Aus dem Status quo ausbrechen: B Lab Schweiz zeigt einen \\\"Plan B\\\" f\u00fcr eine regenerative, inklusive und faire Wirtschaft auf.\",\"breadcrumb\":{\"@id\":\"https:\\\/\\\/www.organisator.ch\\\/sustainability\\\/2023-03-27\\\/plan-b-fuer-eine-regenerative-inklusive-und-faire-wirtschaft\\\/#breadcrumb\"},\"inLanguage\":\"en-US\",\"potentialAction\":[{\"@type\":\"ReadAction\",\"target\":[\"https:\\\/\\\/www.organisator.ch\\\/sustainability\\\/2023-03-27\\\/plan-b-fuer-eine-regenerative-inklusive-und-faire-wirtschaft\\\/\"]}]},{\"@type\":\"ImageObject\",\"inLanguage\":\"en-US\",\"@id\":\"https:\\\/\\\/www.organisator.ch\\\/sustainability\\\/2023-03-27\\\/plan-b-fuer-eine-regenerative-inklusive-und-faire-wirtschaft\\\/#primaryimage\",\"url\":\"https:\\\/\\\/www.organisator.ch\\\/wp-content\\\/uploads\\\/2023\\\/03\\\/Plan-B-Fuer-eine-regenerative-inklusive-und-faire-Wirtschaft-_Organisator.jpg\",\"contentUrl\":\"https:\\\/\\\/www.organisator.ch\\\/wp-content\\\/uploads\\\/2023\\\/03\\\/Plan-B-Fuer-eine-regenerative-inklusive-und-faire-Wirtschaft-_Organisator.jpg\",\"width\":680,\"height\":567,\"caption\":\"Mit \\\"Plan B\\\" lanciert die gemeinn\u00fctzige Stiftung B Lab eine Sensibilisierungskampagne. (Bild: B Lab)\"},{\"@type\":\"BreadcrumbList\",\"@id\":\"https:\\\/\\\/www.organisator.ch\\\/sustainability\\\/2023-03-27\\\/plan-b-fuer-eine-regenerative-inklusive-und-faire-wirtschaft\\\/#breadcrumb\",\"itemListElement\":[{\"@type\":\"ListItem\",\"position\":1,\"name\":\"Home\",\"item\":\"https:\\\/\\\/www.organisator.ch\\\/\"},{\"@type\":\"ListItem\",\"position\":2,\"name\":\"Plan B: F\u00fcr eine regenerative, inklusive und faire Wirtschaft\"}]},{\"@type\":\"WebSite\",\"@id\":\"https:\\\/\\\/www.organisator.ch\\\/#website\",\"url\":\"https:\\\/\\\/www.organisator.ch\\\/\",\"name\":\"Organisator\",\"description\":\"Kompetent. Praxisnah. Der ORGANISATOR bereitet in 10 Ausgaben pro Jahr die wesentlichen Themen f\u00fcr F\u00fchrungskr\u00e4fte von KMU auf.\",\"publisher\":{\"@id\":\"https:\\\/\\\/www.organisator.ch\\\/#organization\"},\"potentialAction\":[{\"@type\":\"SearchAction\",\"target\":{\"@type\":\"EntryPoint\",\"urlTemplate\":\"https:\\\/\\\/www.organisator.ch\\\/?s={search_term_string}\"},\"query-input\":{\"@type\":\"PropertyValueSpecification\",\"valueRequired\":true,\"valueName\":\"search_term_string\"}}],\"inLanguage\":\"en-US\"},{\"@type\":\"Organization\",\"@id\":\"https:\\\/\\\/www.organisator.ch\\\/#organization\",\"name\":\"Organisator\",\"url\":\"https:\\\/\\\/www.organisator.ch\\\/\",\"logo\":{\"@type\":\"ImageObject\",\"inLanguage\":\"en-US\",\"@id\":\"https:\\\/\\\/www.organisator.ch\\\/#\\\/schema\\\/logo\\\/image\\\/\",\"url\":\"https:\\\/\\\/www.organisator.ch\\\/wp-content\\\/uploads\\\/2022\\\/01\\\/Logo_Organisator_Website.png\",\"contentUrl\":\"https:\\\/\\\/www.organisator.ch\\\/wp-content\\\/uploads\\\/2022\\\/01\\\/Logo_Organisator_Website.png\",\"width\":800,\"height\":77,\"caption\":\"Organisator\"},\"image\":{\"@id\":\"https:\\\/\\\/www.organisator.ch\\\/#\\\/schema\\\/logo\\\/image\\\/\"},\"sameAs\":[\"https:\\\/\\\/www.facebook.com\\\/OrganisatorFachmagazin\",\"https:\\\/\\\/www.linkedin.com\\\/showcase\\\/organisator-das-magazin-fr-kmu\",\"https:\\\/\\\/www.xing.com\\\/news\\\/pages\\\/organisator-ch-695\",\"https:\\\/\\\/www.youtube.com\\\/channel\\\/UCGP2Sq0iWaZwT3BdIAQFYpw\"]},{\"@type\":\"Person\",\"@id\":\"https:\\\/\\\/www.organisator.ch\\\/#\\\/schema\\\/person\\\/6f650f90b2842cd4c0cc334b4e36f67e\",\"name\":\"thomas.berner\",\"image\":{\"@type\":\"ImageObject\",\"inLanguage\":\"en-US\",\"@id\":\"https:\\\/\\\/secure.gravatar.com\\\/avatar\\\/ac5001d2a36cb6c6cd3e50789007ffca834b477b74a2144564522e944eabff61?s=96&d=mm&r=g\",\"url\":\"https:\\\/\\\/secure.gravatar.com\\\/avatar\\\/ac5001d2a36cb6c6cd3e50789007ffca834b477b74a2144564522e944eabff61?s=96&d=mm&r=g\",\"contentUrl\":\"https:\\\/\\\/secure.gravatar.com\\\/avatar\\\/ac5001d2a36cb6c6cd3e50789007ffca834b477b74a2144564522e944eabff61?s=96&d=mm&r=g\",\"caption\":\"thomas.berner\"},\"url\":\"https:\\\/\\\/www.organisator.ch\\\/en\\\/author\\\/thomas-berner\\\/\"}]}<\/script>\n<!-- \/ Yoast SEO plugin. -->","yoast_head_json":{"title":"Plan B: For a regenerative, inclusive and fair economy - Organizer","description":"Breaking out of the status quo: B Lab Switzerland presents a \"Plan B\" for a regenerative, inclusive and fair economy.","robots":{"index":"index","follow":"follow","max-snippet":"max-snippet:-1","max-image-preview":"max-image-preview:large","max-video-preview":"max-video-preview:-1"},"canonical":"https:\/\/www.organisator.ch\/en\/sustainability\/2023-03-27\/plan-b-fuer-eine-regenerative-inklusive-und-faire-wirtschaft\/","og_locale":"en_US","og_type":"article","og_title":"Plan B: F\u00fcr eine regenerative, inklusive und faire Wirtschaft","og_description":"Aus dem Status quo ausbrechen: B Lab Schweiz zeigt einen \"Plan B\" f\u00fcr eine regenerative, inklusive und faire Wirtschaft auf.","og_url":"https:\/\/www.organisator.ch\/en\/sustainability\/2023-03-27\/plan-b-fuer-eine-regenerative-inklusive-und-faire-wirtschaft\/","og_site_name":"Organisator","article_publisher":"https:\/\/www.facebook.com\/OrganisatorFachmagazin","article_published_time":"2023-03-27T11:42:33+00:00","og_image":[{"width":680,"height":567,"url":"https:\/\/www.organisator.ch\/wp-content\/uploads\/2023\/03\/Plan-B-Fuer-eine-regenerative-inklusive-und-faire-Wirtschaft-_Organisator.jpg","type":"image\/jpeg"}],"author":"thomas.berner","twitter_card":"summary_large_image","twitter_title":"#PlanB: F\u00fcr eine regenerative, inklusive und faire #Wirtschaft","twitter_description":"Aus dem Status quo ausbrechen: #BLab Schweiz zeigt einen \"#PlanB\" f\u00fcr eine regenerative, inklusive und faire Wirtschaft auf.","twitter_image":"https:\/\/www.organisator.ch\/wp-content\/uploads\/2023\/03\/Plan-B-Fuer-eine-regenerative-inklusive-und-faire-Wirtschaft-_Organisator.jpg","schema":{"@context":"https:\/\/schema.org","@graph":[{"@type":"Article","@id":"https:\/\/www.organisator.ch\/sustainability\/2023-03-27\/plan-b-fuer-eine-regenerative-inklusive-und-faire-wirtschaft\/#article","isPartOf":{"@id":"https:\/\/www.organisator.ch\/sustainability\/2023-03-27\/plan-b-fuer-eine-regenerative-inklusive-und-faire-wirtschaft\/"},"author":{"name":"thomas.berner","@id":"https:\/\/www.organisator.ch\/#\/schema\/person\/6f650f90b2842cd4c0cc334b4e36f67e"},"headline":"Plan B: F\u00fcr eine regenerative, inklusive und faire Wirtschaft","datePublished":"2023-03-27T11:42:33+00:00","mainEntityOfPage":{"@id":"https:\/\/www.organisator.ch\/sustainability\/2023-03-27\/plan-b-fuer-eine-regenerative-inklusive-und-faire-wirtschaft\/"},"wordCount":401,"publisher":{"@id":"https:\/\/www.organisator.ch\/#organization"},"image":{"@id":"https:\/\/www.organisator.ch\/sustainability\/2023-03-27\/plan-b-fuer-eine-regenerative-inklusive-und-faire-wirtschaft\/#primaryimage"},"thumbnailUrl":"https:\/\/www.organisator.ch\/wp-content\/uploads\/2023\/03\/Plan-B-Fuer-eine-regenerative-inklusive-und-faire-Wirtschaft-_Organisator.jpg","keywords":["Kampagne","Nachhaltige Wirtschaft"],"articleSection":["SUSTAINABILITY"],"inLanguage":"en-US"},{"@type":"WebPage","@id":"https:\/\/www.organisator.ch\/sustainability\/2023-03-27\/plan-b-fuer-eine-regenerative-inklusive-und-faire-wirtschaft\/","url":"https:\/\/www.organisator.ch\/sustainability\/2023-03-27\/plan-b-fuer-eine-regenerative-inklusive-und-faire-wirtschaft\/","name":"Plan B: For a regenerative, inclusive and fair economy - Organizer","isPartOf":{"@id":"https:\/\/www.organisator.ch\/#website"},"primaryImageOfPage":{"@id":"https:\/\/www.organisator.ch\/sustainability\/2023-03-27\/plan-b-fuer-eine-regenerative-inklusive-und-faire-wirtschaft\/#primaryimage"},"image":{"@id":"https:\/\/www.organisator.ch\/sustainability\/2023-03-27\/plan-b-fuer-eine-regenerative-inklusive-und-faire-wirtschaft\/#primaryimage"},"thumbnailUrl":"https:\/\/www.organisator.ch\/wp-content\/uploads\/2023\/03\/Plan-B-Fuer-eine-regenerative-inklusive-und-faire-Wirtschaft-_Organisator.jpg","datePublished":"2023-03-27T11:42:33+00:00","description":"Breaking out of the status quo: B Lab Switzerland presents a \"Plan B\" for a regenerative, inclusive and fair economy.","breadcrumb":{"@id":"https:\/\/www.organisator.ch\/sustainability\/2023-03-27\/plan-b-fuer-eine-regenerative-inklusive-und-faire-wirtschaft\/#breadcrumb"},"inLanguage":"en-US","potentialAction":[{"@type":"ReadAction","target":["https:\/\/www.organisator.ch\/sustainability\/2023-03-27\/plan-b-fuer-eine-regenerative-inklusive-und-faire-wirtschaft\/"]}]},{"@type":"ImageObject","inLanguage":"en-US","@id":"https:\/\/www.organisator.ch\/sustainability\/2023-03-27\/plan-b-fuer-eine-regenerative-inklusive-und-faire-wirtschaft\/#primaryimage","url":"https:\/\/www.organisator.ch\/wp-content\/uploads\/2023\/03\/Plan-B-Fuer-eine-regenerative-inklusive-und-faire-Wirtschaft-_Organisator.jpg","contentUrl":"https:\/\/www.organisator.ch\/wp-content\/uploads\/2023\/03\/Plan-B-Fuer-eine-regenerative-inklusive-und-faire-Wirtschaft-_Organisator.jpg","width":680,"height":567,"caption":"Mit \"Plan B\" lanciert die gemeinn\u00fctzige Stiftung B Lab eine Sensibilisierungskampagne. (Bild: B Lab)"},{"@type":"BreadcrumbList","@id":"https:\/\/www.organisator.ch\/sustainability\/2023-03-27\/plan-b-fuer-eine-regenerative-inklusive-und-faire-wirtschaft\/#breadcrumb","itemListElement":[{"@type":"ListItem","position":1,"name":"Home","item":"https:\/\/www.organisator.ch\/"},{"@type":"ListItem","position":2,"name":"Plan B: F\u00fcr eine regenerative, inklusive und faire Wirtschaft"}]},{"@type":"WebSite","@id":"https:\/\/www.organisator.ch\/#website","url":"https:\/\/www.organisator.ch\/","name":"Organizer","description":"Competent. Practical. In 10 issues per year, ORGANISATOR presents the essential topics for managers of SMEs.","publisher":{"@id":"https:\/\/www.organisator.ch\/#organization"},"potentialAction":[{"@type":"SearchAction","target":{"@type":"EntryPoint","urlTemplate":"https:\/\/www.organisator.ch\/?s={search_term_string}"},"query-input":{"@type":"PropertyValueSpecification","valueRequired":true,"valueName":"search_term_string"}}],"inLanguage":"en-US"},{"@type":"Organization","@id":"https:\/\/www.organisator.ch\/#organization","name":"Organizer","url":"https:\/\/www.organisator.ch\/","logo":{"@type":"ImageObject","inLanguage":"en-US","@id":"https:\/\/www.organisator.ch\/#\/schema\/logo\/image\/","url":"https:\/\/www.organisator.ch\/wp-content\/uploads\/2022\/01\/Logo_Organisator_Website.png","contentUrl":"https:\/\/www.organisator.ch\/wp-content\/uploads\/2022\/01\/Logo_Organisator_Website.png","width":800,"height":77,"caption":"Organisator"},"image":{"@id":"https:\/\/www.organisator.ch\/#\/schema\/logo\/image\/"},"sameAs":["https:\/\/www.facebook.com\/OrganisatorFachmagazin","https:\/\/www.linkedin.com\/showcase\/organisator-das-magazin-fr-kmu","https:\/\/www.xing.com\/news\/pages\/organisator-ch-695","https:\/\/www.youtube.com\/channel\/UCGP2Sq0iWaZwT3BdIAQFYpw"]},{"@type":"Person","@id":"https:\/\/www.organisator.ch\/#\/schema\/person\/6f650f90b2842cd4c0cc334b4e36f67e","name":"thomas.berner","image":{"@type":"ImageObject","inLanguage":"en-US","@id":"https:\/\/secure.gravatar.com\/avatar\/ac5001d2a36cb6c6cd3e50789007ffca834b477b74a2144564522e944eabff61?s=96&d=mm&r=g","url":"https:\/\/secure.gravatar.com\/avatar\/ac5001d2a36cb6c6cd3e50789007ffca834b477b74a2144564522e944eabff61?s=96&d=mm&r=g","contentUrl":"https:\/\/secure.gravatar.com\/avatar\/ac5001d2a36cb6c6cd3e50789007ffca834b477b74a2144564522e944eabff61?s=96&d=mm&r=g","caption":"thomas.berner"},"url":"https:\/\/www.organisator.ch\/en\/author\/thomas-berner\/"}]}},"_links":{"self":[{"href":"https:\/\/www.organisator.ch\/en\/wp-json\/wp\/v2\/posts\/19422","targetHints":{"allow":["GET"]}}],"collection":[{"href":"https:\/\/www.organisator.ch\/en\/wp-json\/wp\/v2\/posts"}],"about":[{"href":"https:\/\/www.organisator.ch\/en\/wp-json\/wp\/v2\/types\/post"}],"author":[{"embeddable":true,"href":"https:\/\/www.organisator.ch\/en\/wp-json\/wp\/v2\/users\/4"}],"replies":[{"embeddable":true,"href":"https:\/\/www.organisator.ch\/en\/wp-json\/wp\/v2\/comments?post=19422"}],"version-history":[{"count":3,"href":"https:\/\/www.organisator.ch\/en\/wp-json\/wp\/v2\/posts\/19422\/revisions"}],"predecessor-version":[{"id":19461,"href":"https:\/\/www.organisator.ch\/en\/wp-json\/wp\/v2\/posts\/19422\/revisions\/19461"}],"wp:featuredmedia":[{"embeddable":true,"href":"https:\/\/www.organisator.ch\/en\/wp-json\/wp\/v2\/media\/19424"}],"wp:attachment":[{"href":"https:\/\/www.organisator.ch\/en\/wp-json\/wp\/v2\/media?parent=19422"}],"wp:term":[{"taxonomy":"category","embeddable":true,"href":"https:\/\/www.organisator.ch\/en\/wp-json\/wp\/v2\/categories?post=19422"},{"taxonomy":"post_tag","embeddable":true,"href":"https:\/\/www.organisator.ch\/en\/wp-json\/wp\/v2\/tags?post=19422"}],"curies":[{"name":"wp","href":"https:\/\/api.w.org\/{rel}","templated":true}]}}