{"id":1946,"date":"2017-05-23T11:58:00","date_gmt":"2017-05-23T09:58:00","guid":{"rendered":"https:\/\/www.organisator.ch\/?p=1946"},"modified":"2017-05-23T11:58:00","modified_gmt":"2017-05-23T09:58:00","slug":"1946-2","status":"publish","type":"post","link":"https:\/\/www.organisator.ch\/en\/allgemein\/2017-05-23\/1946-2\/","title":{"rendered":"getAbstract and CREALOGIX redefine Digital Learning"},"content":{"rendered":"<figure id=\"attachment_1947\" aria-describedby=\"caption-attachment-1947\" style=\"width: 640px\" class=\"wp-caption alignnone\"><img loading=\"lazy\" decoding=\"async\" class=\"size-full wp-image-1947\" src=\"https:\/\/www.organisator.ch\/wp-content\/uploads\/2017\/05\/getAbstract-und-CREALOGIX-redefinieren-Digital-Learning-org-organisator.jpg\" alt=\"\" width=\"640\" height=\"473\" srcset=\"https:\/\/www.organisator.ch\/wp-content\/uploads\/2017\/05\/getAbstract-und-CREALOGIX-redefinieren-Digital-Learning-org-organisator.jpg 640w, https:\/\/www.organisator.ch\/wp-content\/uploads\/2017\/05\/getAbstract-und-CREALOGIX-redefinieren-Digital-Learning-org-organisator-16x12.jpg 16w, https:\/\/www.organisator.ch\/wp-content\/uploads\/2017\/05\/getAbstract-und-CREALOGIX-redefinieren-Digital-Learning-org-organisator-237x175.jpg 237w, https:\/\/www.organisator.ch\/wp-content\/uploads\/2017\/05\/getAbstract-und-CREALOGIX-redefinieren-Digital-Learning-org-organisator-474x350.jpg 474w, https:\/\/www.organisator.ch\/wp-content\/uploads\/2017\/05\/getAbstract-und-CREALOGIX-redefinieren-Digital-Learning-org-organisator-300x222.jpg 300w\" sizes=\"auto, (max-width: 640px) 100vw, 640px\" \/><figcaption id=\"caption-attachment-1947\" class=\"wp-caption-text\">getAbstract selects the best books, articles, video talks and economic reports, summarizes them compactly and thus enables universal access to relevant knowledge. (Image: depositphotos)<\/figcaption><\/figure>\n<p>What does \"Digital Learning\" mean? With the TRACKER learning platform, CREALOGIX offers a modern and user-friendly solution for in-company training and continuing education. Thanks to the modular concept, training companies can put together their own course packages. In addition, all modules can be individually adapted to the needs of the company in terms of content and visual appearance.<\/p>\n<p><strong>Enrich courses ideally<\/strong><\/p>\n<p>With TRACKER, in addition to learning modules (Web Based Trainings WBT), video learning or exams, getAbstract book summaries are now also integrated into the courses as independent learning objects. This gives TRACKER users direct access to the entire getAbstract online library for the preparation and follow-up of learning initiatives.<\/p>\n<p><strong>Seamless integration<\/strong><\/p>\n<p>getAbstract offers five-page abstracts of thousands of business and management books online via the CREALOGIX learning platform. The abstracts can be seamlessly combined with standard CREALOGIX solutions to form course packages. The thematic packages developed together with leading subject experts are characterized by a high degree of interaction.<\/p>\n<p>They activate learners and guide them unerringly through training topics. This enables maximum knowledge transfer within the shortest possible time.<\/p>\n<p><em>For more information on the getAbstract Oline library and continuing education modules, visit. \u00a0<a href=\"http:\/\/www.getabstract.com\">www.getabstract.com<\/a> and <a href=\"http:\/\/www.crealogix.com\">www.crealogix.com<\/a><\/em><\/p>\n<p>&nbsp;<\/p>\n<p>&nbsp;<\/p>","protected":false},"excerpt":{"rendered":"<p>Was heisst &#8222;Digital Learning&#8220;? Mit der Lernplattform TRACKER bietet CREALOGIX eine moderne und bedienungsfreundliche L\u00f6sung f\u00fcr die betriebliche Aus- und Weiterbildung. Dank dem modularen Konzept k\u00f6nnen Lehrbetriebe eigene Kurspakete zusammenstellen. Zudem lassen sich alle Module individuell an die Bed\u00fcrfnisse des Unternehmens inhaltlich und visuell anpassen. Kurse ideal anreichern Mit dem TRACKER werden neu nebst Lernmodulen [&hellip;]<\/p>\n","protected":false},"author":5,"featured_media":1947,"comment_status":"open","ping_status":"open","sticky":false,"template":"","format":"standard","meta":{"_acf_changed":false,"_yoast_wpseo_focuskw":"Digital Learning","_yoast_wpseo_metadesc":"Der Spezialist von komprimiertem Wissen, getAbstract, und CREALOGIX redefinieren \"Digital Learning\", die betriebliche Aus- und Weiterbildung.","articlekey":"","footnotes":""},"categories":[1],"tags":[152,326,334,413,492],"class_list":["post-1946","post","type-post","status-publish","format-standard","has-post-thumbnail","hentry","category-allgemein","tag-digital-learning","tag-lernplattform","tag-management","tag-reports","tag-unternehmen"],"acf":[],"yoast_head":"<!-- This site is optimized with the Yoast SEO plugin v27.4 - https:\/\/yoast.com\/product\/yoast-seo-wordpress\/ -->\n<title>getAbstract und CREALOGIX redefinieren Digital Learning - Organisator<\/title>\n<meta name=\"description\" content=\"Der Spezialist von komprimiertem Wissen, getAbstract, und CREALOGIX redefinieren &quot;Digital Learning&quot;, die betriebliche Aus- und Weiterbildung.\" \/>\n<meta name=\"robots\" content=\"index, follow, max-snippet:-1, max-image-preview:large, max-video-preview:-1\" \/>\n<link rel=\"canonical\" href=\"https:\/\/www.organisator.ch\/en\/general\/2017-05-23\/1946-2\/\" \/>\n<meta property=\"og:locale\" content=\"en_US\" \/>\n<meta property=\"og:type\" content=\"article\" \/>\n<meta property=\"og:title\" content=\"getAbstract und CREALOGIX redefinieren Digital Learning - Organisator\" \/>\n<meta property=\"og:description\" content=\"Der Spezialist von komprimiertem Wissen, getAbstract, und CREALOGIX redefinieren &quot;Digital Learning&quot;, die betriebliche Aus- und Weiterbildung.\" \/>\n<meta property=\"og:url\" content=\"https:\/\/www.organisator.ch\/en\/general\/2017-05-23\/1946-2\/\" \/>\n<meta property=\"og:site_name\" content=\"Organisator\" \/>\n<meta property=\"article:publisher\" content=\"https:\/\/www.facebook.com\/OrganisatorFachmagazin\" \/>\n<meta property=\"article:published_time\" content=\"2017-05-23T09:58:00+00:00\" \/>\n<meta property=\"og:image\" content=\"https:\/\/www.organisator.ch\/wp-content\/uploads\/2017\/05\/getAbstract-und-CREALOGIX-redefinieren-Digital-Learning-org-organisator.jpg\" \/>\n\t<meta property=\"og:image:width\" content=\"640\" \/>\n\t<meta property=\"og:image:height\" content=\"473\" \/>\n\t<meta property=\"og:image:type\" content=\"image\/jpeg\" \/>\n<meta name=\"author\" content=\"michael.merz\" \/>\n<meta name=\"twitter:card\" content=\"summary_large_image\" \/>\n<script type=\"application\/ld+json\" class=\"yoast-schema-graph\">{\"@context\":\"https:\\\/\\\/schema.org\",\"@graph\":[{\"@type\":\"Article\",\"@id\":\"https:\\\/\\\/www.organisator.ch\\\/de\\\/allgemein\\\/2017-05-23\\\/1946-2\\\/#article\",\"isPartOf\":{\"@id\":\"https:\\\/\\\/www.organisator.ch\\\/de\\\/allgemein\\\/2017-05-23\\\/1946-2\\\/\"},\"author\":{\"name\":\"michael.merz\",\"@id\":\"https:\\\/\\\/www.organisator.ch\\\/#\\\/schema\\\/person\\\/134708ca9321c57b0362cceb7948ffbd\"},\"headline\":\"getAbstract und CREALOGIX redefinieren Digital Learning\",\"datePublished\":\"2017-05-23T09:58:00+00:00\",\"mainEntityOfPage\":{\"@id\":\"https:\\\/\\\/www.organisator.ch\\\/de\\\/allgemein\\\/2017-05-23\\\/1946-2\\\/\"},\"wordCount\":223,\"commentCount\":0,\"publisher\":{\"@id\":\"https:\\\/\\\/www.organisator.ch\\\/#organization\"},\"image\":{\"@id\":\"https:\\\/\\\/www.organisator.ch\\\/de\\\/allgemein\\\/2017-05-23\\\/1946-2\\\/#primaryimage\"},\"thumbnailUrl\":\"https:\\\/\\\/www.organisator.ch\\\/wp-content\\\/uploads\\\/2017\\\/05\\\/getAbstract-und-CREALOGIX-redefinieren-Digital-Learning-org-organisator.jpg\",\"keywords\":[\"Digital Learning\",\"Lernplattform\",\"Management\",\"Reports\",\"Unternehmen\"],\"articleSection\":[\"Allgemein\"],\"inLanguage\":\"en-US\"},{\"@type\":\"WebPage\",\"@id\":\"https:\\\/\\\/www.organisator.ch\\\/de\\\/allgemein\\\/2017-05-23\\\/1946-2\\\/\",\"url\":\"https:\\\/\\\/www.organisator.ch\\\/de\\\/allgemein\\\/2017-05-23\\\/1946-2\\\/\",\"name\":\"getAbstract und CREALOGIX redefinieren Digital Learning - Organisator\",\"isPartOf\":{\"@id\":\"https:\\\/\\\/www.organisator.ch\\\/#website\"},\"primaryImageOfPage\":{\"@id\":\"https:\\\/\\\/www.organisator.ch\\\/de\\\/allgemein\\\/2017-05-23\\\/1946-2\\\/#primaryimage\"},\"image\":{\"@id\":\"https:\\\/\\\/www.organisator.ch\\\/de\\\/allgemein\\\/2017-05-23\\\/1946-2\\\/#primaryimage\"},\"thumbnailUrl\":\"https:\\\/\\\/www.organisator.ch\\\/wp-content\\\/uploads\\\/2017\\\/05\\\/getAbstract-und-CREALOGIX-redefinieren-Digital-Learning-org-organisator.jpg\",\"datePublished\":\"2017-05-23T09:58:00+00:00\",\"description\":\"Der Spezialist von komprimiertem Wissen, getAbstract, und CREALOGIX redefinieren \\\"Digital Learning\\\", die betriebliche Aus- und Weiterbildung.\",\"breadcrumb\":{\"@id\":\"https:\\\/\\\/www.organisator.ch\\\/de\\\/allgemein\\\/2017-05-23\\\/1946-2\\\/#breadcrumb\"},\"inLanguage\":\"en-US\",\"potentialAction\":[{\"@type\":\"ReadAction\",\"target\":[\"https:\\\/\\\/www.organisator.ch\\\/de\\\/allgemein\\\/2017-05-23\\\/1946-2\\\/\"]}]},{\"@type\":\"ImageObject\",\"inLanguage\":\"en-US\",\"@id\":\"https:\\\/\\\/www.organisator.ch\\\/de\\\/allgemein\\\/2017-05-23\\\/1946-2\\\/#primaryimage\",\"url\":\"https:\\\/\\\/www.organisator.ch\\\/wp-content\\\/uploads\\\/2017\\\/05\\\/getAbstract-und-CREALOGIX-redefinieren-Digital-Learning-org-organisator.jpg\",\"contentUrl\":\"https:\\\/\\\/www.organisator.ch\\\/wp-content\\\/uploads\\\/2017\\\/05\\\/getAbstract-und-CREALOGIX-redefinieren-Digital-Learning-org-organisator.jpg\",\"width\":640,\"height\":473,\"caption\":\"getAbstract w\u00e4hlt die besten B\u00fccher, Artikel, Video-Talks und Economic Reports aus, fasst sie kompakt zusammen und erm\u00f6glicht so einen universellen Zugriff auf relevantes Wissen. (Bild: depositphotos)\"},{\"@type\":\"BreadcrumbList\",\"@id\":\"https:\\\/\\\/www.organisator.ch\\\/de\\\/allgemein\\\/2017-05-23\\\/1946-2\\\/#breadcrumb\",\"itemListElement\":[{\"@type\":\"ListItem\",\"position\":1,\"name\":\"Home\",\"item\":\"https:\\\/\\\/www.organisator.ch\\\/\"},{\"@type\":\"ListItem\",\"position\":2,\"name\":\"getAbstract und CREALOGIX redefinieren Digital Learning\"}]},{\"@type\":\"WebSite\",\"@id\":\"https:\\\/\\\/www.organisator.ch\\\/#website\",\"url\":\"https:\\\/\\\/www.organisator.ch\\\/\",\"name\":\"Organisator\",\"description\":\"Kompetent. Praxisnah. Der ORGANISATOR bereitet in 10 Ausgaben pro Jahr die wesentlichen Themen f\u00fcr F\u00fchrungskr\u00e4fte von KMU auf.\",\"publisher\":{\"@id\":\"https:\\\/\\\/www.organisator.ch\\\/#organization\"},\"potentialAction\":[{\"@type\":\"SearchAction\",\"target\":{\"@type\":\"EntryPoint\",\"urlTemplate\":\"https:\\\/\\\/www.organisator.ch\\\/?s={search_term_string}\"},\"query-input\":{\"@type\":\"PropertyValueSpecification\",\"valueRequired\":true,\"valueName\":\"search_term_string\"}}],\"inLanguage\":\"en-US\"},{\"@type\":\"Organization\",\"@id\":\"https:\\\/\\\/www.organisator.ch\\\/#organization\",\"name\":\"Organisator\",\"url\":\"https:\\\/\\\/www.organisator.ch\\\/\",\"logo\":{\"@type\":\"ImageObject\",\"inLanguage\":\"en-US\",\"@id\":\"https:\\\/\\\/www.organisator.ch\\\/#\\\/schema\\\/logo\\\/image\\\/\",\"url\":\"https:\\\/\\\/www.organisator.ch\\\/wp-content\\\/uploads\\\/2022\\\/01\\\/Logo_Organisator_Website.png\",\"contentUrl\":\"https:\\\/\\\/www.organisator.ch\\\/wp-content\\\/uploads\\\/2022\\\/01\\\/Logo_Organisator_Website.png\",\"width\":800,\"height\":77,\"caption\":\"Organisator\"},\"image\":{\"@id\":\"https:\\\/\\\/www.organisator.ch\\\/#\\\/schema\\\/logo\\\/image\\\/\"},\"sameAs\":[\"https:\\\/\\\/www.facebook.com\\\/OrganisatorFachmagazin\",\"https:\\\/\\\/www.linkedin.com\\\/showcase\\\/organisator-das-magazin-fr-kmu\",\"https:\\\/\\\/www.xing.com\\\/news\\\/pages\\\/organisator-ch-695\",\"https:\\\/\\\/www.youtube.com\\\/channel\\\/UCGP2Sq0iWaZwT3BdIAQFYpw\"]},{\"@type\":\"Person\",\"@id\":\"https:\\\/\\\/www.organisator.ch\\\/#\\\/schema\\\/person\\\/134708ca9321c57b0362cceb7948ffbd\",\"name\":\"michael.merz\",\"image\":{\"@type\":\"ImageObject\",\"inLanguage\":\"en-US\",\"@id\":\"https:\\\/\\\/secure.gravatar.com\\\/avatar\\\/?s=96&d=mm&r=g\",\"url\":\"https:\\\/\\\/secure.gravatar.com\\\/avatar\\\/?s=96&d=mm&r=g\",\"contentUrl\":\"https:\\\/\\\/secure.gravatar.com\\\/avatar\\\/?s=96&d=mm&r=g\",\"caption\":\"michael.merz\"},\"url\":\"https:\\\/\\\/www.organisator.ch\\\/en\\\/author\\\/michael-merz\\\/\"}]}<\/script>\n<!-- \/ Yoast SEO plugin. -->","yoast_head_json":{"title":"getAbstract and CREALOGIX redefine Digital Learning - Organizer","description":"The specialist of compressed knowledge, getAbstract, and CREALOGIX redefine \"Digital Learning\", the corporate education and training.","robots":{"index":"index","follow":"follow","max-snippet":"max-snippet:-1","max-image-preview":"max-image-preview:large","max-video-preview":"max-video-preview:-1"},"canonical":"https:\/\/www.organisator.ch\/en\/general\/2017-05-23\/1946-2\/","og_locale":"en_US","og_type":"article","og_title":"getAbstract und CREALOGIX redefinieren Digital Learning - Organisator","og_description":"Der Spezialist von komprimiertem Wissen, getAbstract, und CREALOGIX redefinieren \"Digital Learning\", die betriebliche Aus- und Weiterbildung.","og_url":"https:\/\/www.organisator.ch\/en\/general\/2017-05-23\/1946-2\/","og_site_name":"Organisator","article_publisher":"https:\/\/www.facebook.com\/OrganisatorFachmagazin","article_published_time":"2017-05-23T09:58:00+00:00","og_image":[{"width":640,"height":473,"url":"https:\/\/www.organisator.ch\/wp-content\/uploads\/2017\/05\/getAbstract-und-CREALOGIX-redefinieren-Digital-Learning-org-organisator.jpg","type":"image\/jpeg"}],"author":"michael.merz","twitter_card":"summary_large_image","schema":{"@context":"https:\/\/schema.org","@graph":[{"@type":"Article","@id":"https:\/\/www.organisator.ch\/de\/allgemein\/2017-05-23\/1946-2\/#article","isPartOf":{"@id":"https:\/\/www.organisator.ch\/de\/allgemein\/2017-05-23\/1946-2\/"},"author":{"name":"michael.merz","@id":"https:\/\/www.organisator.ch\/#\/schema\/person\/134708ca9321c57b0362cceb7948ffbd"},"headline":"getAbstract und CREALOGIX redefinieren Digital Learning","datePublished":"2017-05-23T09:58:00+00:00","mainEntityOfPage":{"@id":"https:\/\/www.organisator.ch\/de\/allgemein\/2017-05-23\/1946-2\/"},"wordCount":223,"commentCount":0,"publisher":{"@id":"https:\/\/www.organisator.ch\/#organization"},"image":{"@id":"https:\/\/www.organisator.ch\/de\/allgemein\/2017-05-23\/1946-2\/#primaryimage"},"thumbnailUrl":"https:\/\/www.organisator.ch\/wp-content\/uploads\/2017\/05\/getAbstract-und-CREALOGIX-redefinieren-Digital-Learning-org-organisator.jpg","keywords":["Digital Learning","Lernplattform","Management","Reports","Unternehmen"],"articleSection":["Allgemein"],"inLanguage":"en-US"},{"@type":"WebPage","@id":"https:\/\/www.organisator.ch\/de\/allgemein\/2017-05-23\/1946-2\/","url":"https:\/\/www.organisator.ch\/de\/allgemein\/2017-05-23\/1946-2\/","name":"getAbstract and CREALOGIX redefine Digital Learning - Organizer","isPartOf":{"@id":"https:\/\/www.organisator.ch\/#website"},"primaryImageOfPage":{"@id":"https:\/\/www.organisator.ch\/de\/allgemein\/2017-05-23\/1946-2\/#primaryimage"},"image":{"@id":"https:\/\/www.organisator.ch\/de\/allgemein\/2017-05-23\/1946-2\/#primaryimage"},"thumbnailUrl":"https:\/\/www.organisator.ch\/wp-content\/uploads\/2017\/05\/getAbstract-und-CREALOGIX-redefinieren-Digital-Learning-org-organisator.jpg","datePublished":"2017-05-23T09:58:00+00:00","description":"The specialist of compressed knowledge, getAbstract, and CREALOGIX redefine \"Digital Learning\", the corporate education and training.","breadcrumb":{"@id":"https:\/\/www.organisator.ch\/de\/allgemein\/2017-05-23\/1946-2\/#breadcrumb"},"inLanguage":"en-US","potentialAction":[{"@type":"ReadAction","target":["https:\/\/www.organisator.ch\/de\/allgemein\/2017-05-23\/1946-2\/"]}]},{"@type":"ImageObject","inLanguage":"en-US","@id":"https:\/\/www.organisator.ch\/de\/allgemein\/2017-05-23\/1946-2\/#primaryimage","url":"https:\/\/www.organisator.ch\/wp-content\/uploads\/2017\/05\/getAbstract-und-CREALOGIX-redefinieren-Digital-Learning-org-organisator.jpg","contentUrl":"https:\/\/www.organisator.ch\/wp-content\/uploads\/2017\/05\/getAbstract-und-CREALOGIX-redefinieren-Digital-Learning-org-organisator.jpg","width":640,"height":473,"caption":"getAbstract w\u00e4hlt die besten B\u00fccher, Artikel, Video-Talks und Economic Reports aus, fasst sie kompakt zusammen und erm\u00f6glicht so einen universellen Zugriff auf relevantes Wissen. (Bild: depositphotos)"},{"@type":"BreadcrumbList","@id":"https:\/\/www.organisator.ch\/de\/allgemein\/2017-05-23\/1946-2\/#breadcrumb","itemListElement":[{"@type":"ListItem","position":1,"name":"Home","item":"https:\/\/www.organisator.ch\/"},{"@type":"ListItem","position":2,"name":"getAbstract und CREALOGIX redefinieren Digital Learning"}]},{"@type":"WebSite","@id":"https:\/\/www.organisator.ch\/#website","url":"https:\/\/www.organisator.ch\/","name":"Organizer","description":"Competent. Practical. In 10 issues per year, ORGANISATOR presents the essential topics for managers of SMEs.","publisher":{"@id":"https:\/\/www.organisator.ch\/#organization"},"potentialAction":[{"@type":"SearchAction","target":{"@type":"EntryPoint","urlTemplate":"https:\/\/www.organisator.ch\/?s={search_term_string}"},"query-input":{"@type":"PropertyValueSpecification","valueRequired":true,"valueName":"search_term_string"}}],"inLanguage":"en-US"},{"@type":"Organization","@id":"https:\/\/www.organisator.ch\/#organization","name":"Organizer","url":"https:\/\/www.organisator.ch\/","logo":{"@type":"ImageObject","inLanguage":"en-US","@id":"https:\/\/www.organisator.ch\/#\/schema\/logo\/image\/","url":"https:\/\/www.organisator.ch\/wp-content\/uploads\/2022\/01\/Logo_Organisator_Website.png","contentUrl":"https:\/\/www.organisator.ch\/wp-content\/uploads\/2022\/01\/Logo_Organisator_Website.png","width":800,"height":77,"caption":"Organisator"},"image":{"@id":"https:\/\/www.organisator.ch\/#\/schema\/logo\/image\/"},"sameAs":["https:\/\/www.facebook.com\/OrganisatorFachmagazin","https:\/\/www.linkedin.com\/showcase\/organisator-das-magazin-fr-kmu","https:\/\/www.xing.com\/news\/pages\/organisator-ch-695","https:\/\/www.youtube.com\/channel\/UCGP2Sq0iWaZwT3BdIAQFYpw"]},{"@type":"Person","@id":"https:\/\/www.organisator.ch\/#\/schema\/person\/134708ca9321c57b0362cceb7948ffbd","name":"michael.merz","image":{"@type":"ImageObject","inLanguage":"en-US","@id":"https:\/\/secure.gravatar.com\/avatar\/?s=96&d=mm&r=g","url":"https:\/\/secure.gravatar.com\/avatar\/?s=96&d=mm&r=g","contentUrl":"https:\/\/secure.gravatar.com\/avatar\/?s=96&d=mm&r=g","caption":"michael.merz"},"url":"https:\/\/www.organisator.ch\/en\/author\/michael-merz\/"}]}},"_links":{"self":[{"href":"https:\/\/www.organisator.ch\/en\/wp-json\/wp\/v2\/posts\/1946","targetHints":{"allow":["GET"]}}],"collection":[{"href":"https:\/\/www.organisator.ch\/en\/wp-json\/wp\/v2\/posts"}],"about":[{"href":"https:\/\/www.organisator.ch\/en\/wp-json\/wp\/v2\/types\/post"}],"author":[{"embeddable":true,"href":"https:\/\/www.organisator.ch\/en\/wp-json\/wp\/v2\/users\/5"}],"replies":[{"embeddable":true,"href":"https:\/\/www.organisator.ch\/en\/wp-json\/wp\/v2\/comments?post=1946"}],"version-history":[{"count":0,"href":"https:\/\/www.organisator.ch\/en\/wp-json\/wp\/v2\/posts\/1946\/revisions"}],"wp:featuredmedia":[{"embeddable":true,"href":"https:\/\/www.organisator.ch\/en\/wp-json\/wp\/v2\/media\/1947"}],"wp:attachment":[{"href":"https:\/\/www.organisator.ch\/en\/wp-json\/wp\/v2\/media?parent=1946"}],"wp:term":[{"taxonomy":"category","embeddable":true,"href":"https:\/\/www.organisator.ch\/en\/wp-json\/wp\/v2\/categories?post=1946"},{"taxonomy":"post_tag","embeddable":true,"href":"https:\/\/www.organisator.ch\/en\/wp-json\/wp\/v2\/tags?post=1946"}],"curies":[{"name":"wp","href":"https:\/\/api.w.org\/{rel}","templated":true}]}}