{"id":19470,"date":"2023-03-29T08:59:52","date_gmt":"2023-03-29T06:59:52","guid":{"rendered":"https:\/\/www.m-q.ch\/?p=17714"},"modified":"2024-11-17T13:49:16","modified_gmt":"2024-11-17T12:49:16","slug":"veeam-schweiz-sieht-qualitaet-der-datensicherung-noch-nicht-auf-der-hoehe-der-zeit","status":"publish","type":"post","link":"https:\/\/www.organisator.ch\/en\/operational-excellence\/2023-03-29\/veeam-schweiz-sieht-qualitaet-der-datensicherung-noch-nicht-auf-der-hoehe-der-zeit\/","title":{"rendered":"Veeam Switzerland sees quality of data protection not yet up to scratch"},"content":{"rendered":"<figure id=\"attachment_17715\" class=\"wp-caption alignnone\" style=\"width: 680px\" aria-describedby=\"caption-attachment-17715\"><img class=\"alignnone wp-image-17715 size-full\" src=\"https:\/\/www.m-q.ch\/wp-content\/uploads\/2023\/03\/Veeam-Schweiz-sieht-Qualitaet-der-Datensicherung-noch-nicht-auf-der-Hoehe-der-Zeit_MQ.jpg\" alt=\"Veeam data backup\" width=\"680\" height=\"466\" \/>\r\n<figcaption id=\"caption-attachment-17715\" class=\"wp-caption-text\">Manual data backup: still widespread in many companies - if at all. This is because the quality of data backup can still be improved in many places. (Image: Pixabay.com)<\/figcaption>\r\n<\/figure>\r\n<p>Data protection specialist Veeam continues to grow in Switzerland and has repositioned itself with Reto Anderes (Regional Director) and Manuel Eberenz (Director Enterprise Sales) as well as newly formed teams. Reto Anderes has been at the helm of the Swiss organization for a few months. With Manuel Eberenz, who came from Dell, a dedicated team is now looking after the enterprise market. This does not mean turning away from the channel business, but rather striving for the trusted advisor approach, said Manuel Eberenz at a media roundtable on March 15.<\/p>\r\n<h3>Unstable security environment<\/h3>\r\n<p>Veeam's efforts in the Swiss market are encountering a still relatively unstable security environment, in which the severity of attacks from the side of digital crime is increasing, the requirements for data protection are thus rising, but gaps exist in reality. This is shown by several global surveys from Veeam, most recently the Veeam Data Protection Report 2023: 79 percent of companies have experienced at least one attack in the past year. Only 19 percent, however, were able to recover their data without paying a ransom. A third of companies fared worse: they paid, but still couldn't recover their data. Further analysis reveals a more mixed picture, with only 28 % of companies updating their recovery plans more frequently than once a year. And 95 % of companies are moderately to extremely concerned about cloud security. 82 % of companies use manual procedures to recover their data after a failure.<\/p>\r\n<h3>Quality of data backup could be improved in many places<\/h3>\r\n<p>The fact that the quality of data backup is not good everywhere is also confirmed by Doron William, who specializes in modern data backup with his DE&amp;C GmbH and has been supporting Veeam for years as a so-called Veeam Accredited Service Partner (VASP). He has a deep insight into the reality of Swiss organizations, both small and large. He repeatedly encounters deplorable conditions, such as current ransomware attacks, a lack of automated tests and concepts that are long outdated. The solutions used are not hardened against ransomware, and the necessary storage know-how is often lacking. Many Swiss companies are therefore putting themselves at risk with their eyes open and misjudging the risks.<\/p>\r\n<h3>New data backup platform<\/h3>\r\n<p>The Veeam Data Platform, newly introduced this year, can help. It puts the topic of backup on the CIO agenda by providing an overall view of the data in the company across all networks, clouds and platforms. Permanent copies of live data exist and can be restored in a short time at the touch of a button. Stephan Herzig, Enterprise Technical Advisor, sees the Veeam Data Platform as a tool for companies to achieve data sovereignty, i.e. self-determined control over all the company's data. This is especially important, he says, because cloud providers never have responsibility over corporate data. With this, Veeam addresses the increasing challenges in complex and growing IT environments that every company has to face - from failures to errors to ransomware.<\/p>\r\n<p><em>Source: <a href=\"https:\/\/www.veeam.com\/de\">Veeam Switzerland<\/a><\/em><\/p>\n<p class=\"syndicated-attribution\">This article originally appeared on m-q.ch - <a href=\"https:\/\/www.m-q.ch\/de\/veeam-schweiz-sieht-qualitaet-der-datensicherung-noch-nicht-auf-der-hoehe-der-zeit\/\" target=\"_blank\">https:\/\/www.m-q.ch\/de\/veeam-schweiz-sieht-qualitaet-der-datensicherung-noch-nicht-auf-der-hoehe-der-zeit\/<\/a><\/p>","protected":false},"excerpt":{"rendered":"<p>Der Datensicherungs-Spezialist Veeam w\u00e4chst weiterhin in der Schweiz und hat sich mit Reto Anderes (Regional Director) und Manuel Eberenz (Director Enterprise Sales) sowie neu formierten Teams neu aufgestellt. Reto Anderes wirkt seit wenigen Monaten an der Spitze der Schweizer Organisation. Mit dem von Dell gekommenen Manuel Eberenz k\u00fcmmert sich neu ein dediziertes Team um den [\u2026]<\/p>\n","protected":false},"author":8,"featured_media":0,"comment_status":"closed","ping_status":"closed","sticky":false,"template":"","format":"standard","meta":{"_acf_changed":false,"_yoast_wpseo_focuskw":"Veeam Datensicherung","_yoast_wpseo_metadesc":"Veeam st\u00e4rkt Datensicherung in der Schweiz. Neue Plattform f\u00fcr bessere Kontrolle und Schutz vor Ransomware.","articlekey":"","footnotes":""},"categories":[582],"tags":[],"class_list":["post-19470","post","type-post","status-publish","format-standard","hentry","category-operational-excellence"],"acf":[],"yoast_head":"<!-- This site is optimized with the Yoast SEO plugin v27.5 - https:\/\/yoast.com\/product\/yoast-seo-wordpress\/ -->\n<title>Veeam Schweiz sieht Qualit\u00e4t der Datensicherung noch nicht auf der H\u00f6he der Zeit - Organisator<\/title>\n<meta name=\"description\" content=\"Veeam st\u00e4rkt Datensicherung in der Schweiz. Neue Plattform f\u00fcr bessere Kontrolle und Schutz vor Ransomware.\" \/>\n<meta name=\"robots\" content=\"index, follow, max-snippet:-1, max-image-preview:large, max-video-preview:-1\" \/>\n<link rel=\"canonical\" href=\"https:\/\/www.organisator.ch\/en\/operational-excellence\/2023-03-29\/veeam-schweiz-sieht-qualitaet-der-datensicherung-noch-nicht-auf-der-hoehe-der-zeit\/\" \/>\n<meta property=\"og:locale\" content=\"en_US\" \/>\n<meta property=\"og:type\" content=\"article\" \/>\n<meta property=\"og:title\" content=\"Veeam Schweiz sieht Qualit\u00e4t der Datensicherung noch nicht auf der H\u00f6he der Zeit - Organisator\" \/>\n<meta property=\"og:description\" content=\"Veeam st\u00e4rkt Datensicherung in der Schweiz. Neue Plattform f\u00fcr bessere Kontrolle und Schutz vor Ransomware.\" \/>\n<meta property=\"og:url\" content=\"https:\/\/www.organisator.ch\/en\/operational-excellence\/2023-03-29\/veeam-schweiz-sieht-qualitaet-der-datensicherung-noch-nicht-auf-der-hoehe-der-zeit\/\" \/>\n<meta property=\"og:site_name\" content=\"Organisator\" \/>\n<meta property=\"article:publisher\" content=\"https:\/\/www.facebook.com\/OrganisatorFachmagazin\" \/>\n<meta property=\"article:published_time\" content=\"2023-03-29T06:59:52+00:00\" \/>\n<meta property=\"article:modified_time\" content=\"2024-11-17T12:49:16+00:00\" \/>\n<meta name=\"author\" content=\"galledia\" \/>\n<meta name=\"twitter:card\" content=\"summary_large_image\" \/>\n<meta name=\"twitter:creator\" content=\"@admin\" \/>\n<script type=\"application\/ld+json\" class=\"yoast-schema-graph\">{\"@context\":\"https:\\\/\\\/schema.org\",\"@graph\":[{\"@type\":\"Article\",\"@id\":\"https:\\\/\\\/www.organisator.ch\\\/operational-excellence\\\/2023-03-29\\\/veeam-schweiz-sieht-qualitaet-der-datensicherung-noch-nicht-auf-der-hoehe-der-zeit\\\/#article\",\"isPartOf\":{\"@id\":\"https:\\\/\\\/www.organisator.ch\\\/operational-excellence\\\/2023-03-29\\\/veeam-schweiz-sieht-qualitaet-der-datensicherung-noch-nicht-auf-der-hoehe-der-zeit\\\/\"},\"author\":{\"name\":\"galledia\",\"@id\":\"https:\\\/\\\/www.organisator.ch\\\/#\\\/schema\\\/person\\\/4e51799071cd2dd1232ac003643ef5f0\"},\"headline\":\"Veeam Schweiz sieht Qualit\u00e4t der Datensicherung noch nicht auf der H\u00f6he der Zeit\",\"datePublished\":\"2023-03-29T06:59:52+00:00\",\"dateModified\":\"2024-11-17T12:49:16+00:00\",\"mainEntityOfPage\":{\"@id\":\"https:\\\/\\\/www.organisator.ch\\\/operational-excellence\\\/2023-03-29\\\/veeam-schweiz-sieht-qualitaet-der-datensicherung-noch-nicht-auf-der-hoehe-der-zeit\\\/\"},\"wordCount\":504,\"publisher\":{\"@id\":\"https:\\\/\\\/www.organisator.ch\\\/#organization\"},\"image\":{\"@id\":\"https:\\\/\\\/www.organisator.ch\\\/operational-excellence\\\/2023-03-29\\\/veeam-schweiz-sieht-qualitaet-der-datensicherung-noch-nicht-auf-der-hoehe-der-zeit\\\/#primaryimage\"},\"thumbnailUrl\":\"https:\\\/\\\/www.m-q.ch\\\/wp-content\\\/uploads\\\/2023\\\/03\\\/Veeam-Schweiz-sieht-Qualitaet-der-Datensicherung-noch-nicht-auf-der-Hoehe-der-Zeit_MQ.jpg\",\"articleSection\":[\"OPERATIONAL EXCELLENCE\"],\"inLanguage\":\"en-US\"},{\"@type\":\"WebPage\",\"@id\":\"https:\\\/\\\/www.organisator.ch\\\/operational-excellence\\\/2023-03-29\\\/veeam-schweiz-sieht-qualitaet-der-datensicherung-noch-nicht-auf-der-hoehe-der-zeit\\\/\",\"url\":\"https:\\\/\\\/www.organisator.ch\\\/operational-excellence\\\/2023-03-29\\\/veeam-schweiz-sieht-qualitaet-der-datensicherung-noch-nicht-auf-der-hoehe-der-zeit\\\/\",\"name\":\"Veeam Schweiz sieht Qualit\u00e4t der Datensicherung noch nicht auf der H\u00f6he der Zeit - Organisator\",\"isPartOf\":{\"@id\":\"https:\\\/\\\/www.organisator.ch\\\/#website\"},\"primaryImageOfPage\":{\"@id\":\"https:\\\/\\\/www.organisator.ch\\\/operational-excellence\\\/2023-03-29\\\/veeam-schweiz-sieht-qualitaet-der-datensicherung-noch-nicht-auf-der-hoehe-der-zeit\\\/#primaryimage\"},\"image\":{\"@id\":\"https:\\\/\\\/www.organisator.ch\\\/operational-excellence\\\/2023-03-29\\\/veeam-schweiz-sieht-qualitaet-der-datensicherung-noch-nicht-auf-der-hoehe-der-zeit\\\/#primaryimage\"},\"thumbnailUrl\":\"https:\\\/\\\/www.m-q.ch\\\/wp-content\\\/uploads\\\/2023\\\/03\\\/Veeam-Schweiz-sieht-Qualitaet-der-Datensicherung-noch-nicht-auf-der-Hoehe-der-Zeit_MQ.jpg\",\"datePublished\":\"2023-03-29T06:59:52+00:00\",\"dateModified\":\"2024-11-17T12:49:16+00:00\",\"description\":\"Veeam st\u00e4rkt Datensicherung in der Schweiz. Neue Plattform f\u00fcr bessere Kontrolle und Schutz vor Ransomware.\",\"breadcrumb\":{\"@id\":\"https:\\\/\\\/www.organisator.ch\\\/operational-excellence\\\/2023-03-29\\\/veeam-schweiz-sieht-qualitaet-der-datensicherung-noch-nicht-auf-der-hoehe-der-zeit\\\/#breadcrumb\"},\"inLanguage\":\"en-US\",\"potentialAction\":[{\"@type\":\"ReadAction\",\"target\":[\"https:\\\/\\\/www.organisator.ch\\\/operational-excellence\\\/2023-03-29\\\/veeam-schweiz-sieht-qualitaet-der-datensicherung-noch-nicht-auf-der-hoehe-der-zeit\\\/\"]}]},{\"@type\":\"ImageObject\",\"inLanguage\":\"en-US\",\"@id\":\"https:\\\/\\\/www.organisator.ch\\\/operational-excellence\\\/2023-03-29\\\/veeam-schweiz-sieht-qualitaet-der-datensicherung-noch-nicht-auf-der-hoehe-der-zeit\\\/#primaryimage\",\"url\":\"https:\\\/\\\/www.m-q.ch\\\/wp-content\\\/uploads\\\/2023\\\/03\\\/Veeam-Schweiz-sieht-Qualitaet-der-Datensicherung-noch-nicht-auf-der-Hoehe-der-Zeit_MQ.jpg\",\"contentUrl\":\"https:\\\/\\\/www.m-q.ch\\\/wp-content\\\/uploads\\\/2023\\\/03\\\/Veeam-Schweiz-sieht-Qualitaet-der-Datensicherung-noch-nicht-auf-der-Hoehe-der-Zeit_MQ.jpg\"},{\"@type\":\"BreadcrumbList\",\"@id\":\"https:\\\/\\\/www.organisator.ch\\\/operational-excellence\\\/2023-03-29\\\/veeam-schweiz-sieht-qualitaet-der-datensicherung-noch-nicht-auf-der-hoehe-der-zeit\\\/#breadcrumb\",\"itemListElement\":[{\"@type\":\"ListItem\",\"position\":1,\"name\":\"Home\",\"item\":\"https:\\\/\\\/www.organisator.ch\\\/\"},{\"@type\":\"ListItem\",\"position\":2,\"name\":\"Veeam Schweiz sieht Qualit\u00e4t der Datensicherung noch nicht auf der H\u00f6he der Zeit\"}]},{\"@type\":\"WebSite\",\"@id\":\"https:\\\/\\\/www.organisator.ch\\\/#website\",\"url\":\"https:\\\/\\\/www.organisator.ch\\\/\",\"name\":\"Organisator\",\"description\":\"Kompetent. Praxisnah. Der ORGANISATOR bereitet in 10 Ausgaben pro Jahr die wesentlichen Themen f\u00fcr F\u00fchrungskr\u00e4fte von KMU auf.\",\"publisher\":{\"@id\":\"https:\\\/\\\/www.organisator.ch\\\/#organization\"},\"potentialAction\":[{\"@type\":\"SearchAction\",\"target\":{\"@type\":\"EntryPoint\",\"urlTemplate\":\"https:\\\/\\\/www.organisator.ch\\\/?s={search_term_string}\"},\"query-input\":{\"@type\":\"PropertyValueSpecification\",\"valueRequired\":true,\"valueName\":\"search_term_string\"}}],\"inLanguage\":\"en-US\"},{\"@type\":\"Organization\",\"@id\":\"https:\\\/\\\/www.organisator.ch\\\/#organization\",\"name\":\"Organisator\",\"url\":\"https:\\\/\\\/www.organisator.ch\\\/\",\"logo\":{\"@type\":\"ImageObject\",\"inLanguage\":\"en-US\",\"@id\":\"https:\\\/\\\/www.organisator.ch\\\/#\\\/schema\\\/logo\\\/image\\\/\",\"url\":\"https:\\\/\\\/www.organisator.ch\\\/wp-content\\\/uploads\\\/2022\\\/01\\\/Logo_Organisator_Website.png\",\"contentUrl\":\"https:\\\/\\\/www.organisator.ch\\\/wp-content\\\/uploads\\\/2022\\\/01\\\/Logo_Organisator_Website.png\",\"width\":800,\"height\":77,\"caption\":\"Organisator\"},\"image\":{\"@id\":\"https:\\\/\\\/www.organisator.ch\\\/#\\\/schema\\\/logo\\\/image\\\/\"},\"sameAs\":[\"https:\\\/\\\/www.facebook.com\\\/OrganisatorFachmagazin\",\"https:\\\/\\\/www.linkedin.com\\\/showcase\\\/organisator-das-magazin-fr-kmu\",\"https:\\\/\\\/www.xing.com\\\/news\\\/pages\\\/organisator-ch-695\",\"https:\\\/\\\/www.youtube.com\\\/channel\\\/UCGP2Sq0iWaZwT3BdIAQFYpw\"]},{\"@type\":\"Person\",\"@id\":\"https:\\\/\\\/www.organisator.ch\\\/#\\\/schema\\\/person\\\/4e51799071cd2dd1232ac003643ef5f0\",\"name\":\"galledia\",\"image\":{\"@type\":\"ImageObject\",\"inLanguage\":\"en-US\",\"@id\":\"https:\\\/\\\/secure.gravatar.com\\\/avatar\\\/78a7f90c01fc2bfc875782a0d4922b37cde2cf184ce347b91316d23cd7f69a36?s=96&d=mm&r=g\",\"url\":\"https:\\\/\\\/secure.gravatar.com\\\/avatar\\\/78a7f90c01fc2bfc875782a0d4922b37cde2cf184ce347b91316d23cd7f69a36?s=96&d=mm&r=g\",\"contentUrl\":\"https:\\\/\\\/secure.gravatar.com\\\/avatar\\\/78a7f90c01fc2bfc875782a0d4922b37cde2cf184ce347b91316d23cd7f69a36?s=96&d=mm&r=g\",\"caption\":\"galledia\"},\"sameAs\":[\"https:\\\/\\\/x.com\\\/admin\"],\"url\":\"https:\\\/\\\/www.organisator.ch\\\/en\\\/author\\\/galledia\\\/\"}]}<\/script>\n<!-- \/ Yoast SEO plugin. -->","yoast_head_json":{"title":"Veeam Switzerland sees quality of data protection not yet up to scratch - Organizer","description":"Veeam strengthens data protection in Switzerland. New platform for better control and protection against ransomware.","robots":{"index":"index","follow":"follow","max-snippet":"max-snippet:-1","max-image-preview":"max-image-preview:large","max-video-preview":"max-video-preview:-1"},"canonical":"https:\/\/www.organisator.ch\/en\/operational-excellence\/2023-03-29\/veeam-schweiz-sieht-qualitaet-der-datensicherung-noch-nicht-auf-der-hoehe-der-zeit\/","og_locale":"en_US","og_type":"article","og_title":"Veeam Schweiz sieht Qualit\u00e4t der Datensicherung noch nicht auf der H\u00f6he der Zeit - Organisator","og_description":"Veeam st\u00e4rkt Datensicherung in der Schweiz. Neue Plattform f\u00fcr bessere Kontrolle und Schutz vor Ransomware.","og_url":"https:\/\/www.organisator.ch\/en\/operational-excellence\/2023-03-29\/veeam-schweiz-sieht-qualitaet-der-datensicherung-noch-nicht-auf-der-hoehe-der-zeit\/","og_site_name":"Organisator","article_publisher":"https:\/\/www.facebook.com\/OrganisatorFachmagazin","article_published_time":"2023-03-29T06:59:52+00:00","article_modified_time":"2024-11-17T12:49:16+00:00","author":"galledia","twitter_card":"summary_large_image","twitter_creator":"@admin","schema":{"@context":"https:\/\/schema.org","@graph":[{"@type":"Article","@id":"https:\/\/www.organisator.ch\/operational-excellence\/2023-03-29\/veeam-schweiz-sieht-qualitaet-der-datensicherung-noch-nicht-auf-der-hoehe-der-zeit\/#article","isPartOf":{"@id":"https:\/\/www.organisator.ch\/operational-excellence\/2023-03-29\/veeam-schweiz-sieht-qualitaet-der-datensicherung-noch-nicht-auf-der-hoehe-der-zeit\/"},"author":{"name":"galledia","@id":"https:\/\/www.organisator.ch\/#\/schema\/person\/4e51799071cd2dd1232ac003643ef5f0"},"headline":"Veeam Schweiz sieht Qualit\u00e4t der Datensicherung noch nicht auf der H\u00f6he der Zeit","datePublished":"2023-03-29T06:59:52+00:00","dateModified":"2024-11-17T12:49:16+00:00","mainEntityOfPage":{"@id":"https:\/\/www.organisator.ch\/operational-excellence\/2023-03-29\/veeam-schweiz-sieht-qualitaet-der-datensicherung-noch-nicht-auf-der-hoehe-der-zeit\/"},"wordCount":504,"publisher":{"@id":"https:\/\/www.organisator.ch\/#organization"},"image":{"@id":"https:\/\/www.organisator.ch\/operational-excellence\/2023-03-29\/veeam-schweiz-sieht-qualitaet-der-datensicherung-noch-nicht-auf-der-hoehe-der-zeit\/#primaryimage"},"thumbnailUrl":"https:\/\/www.m-q.ch\/wp-content\/uploads\/2023\/03\/Veeam-Schweiz-sieht-Qualitaet-der-Datensicherung-noch-nicht-auf-der-Hoehe-der-Zeit_MQ.jpg","articleSection":["OPERATIONAL EXCELLENCE"],"inLanguage":"en-US"},{"@type":"WebPage","@id":"https:\/\/www.organisator.ch\/operational-excellence\/2023-03-29\/veeam-schweiz-sieht-qualitaet-der-datensicherung-noch-nicht-auf-der-hoehe-der-zeit\/","url":"https:\/\/www.organisator.ch\/operational-excellence\/2023-03-29\/veeam-schweiz-sieht-qualitaet-der-datensicherung-noch-nicht-auf-der-hoehe-der-zeit\/","name":"Veeam Switzerland sees quality of data protection not yet up to scratch - Organizer","isPartOf":{"@id":"https:\/\/www.organisator.ch\/#website"},"primaryImageOfPage":{"@id":"https:\/\/www.organisator.ch\/operational-excellence\/2023-03-29\/veeam-schweiz-sieht-qualitaet-der-datensicherung-noch-nicht-auf-der-hoehe-der-zeit\/#primaryimage"},"image":{"@id":"https:\/\/www.organisator.ch\/operational-excellence\/2023-03-29\/veeam-schweiz-sieht-qualitaet-der-datensicherung-noch-nicht-auf-der-hoehe-der-zeit\/#primaryimage"},"thumbnailUrl":"https:\/\/www.m-q.ch\/wp-content\/uploads\/2023\/03\/Veeam-Schweiz-sieht-Qualitaet-der-Datensicherung-noch-nicht-auf-der-Hoehe-der-Zeit_MQ.jpg","datePublished":"2023-03-29T06:59:52+00:00","dateModified":"2024-11-17T12:49:16+00:00","description":"Veeam strengthens data protection in Switzerland. New platform for better control and protection against ransomware.","breadcrumb":{"@id":"https:\/\/www.organisator.ch\/operational-excellence\/2023-03-29\/veeam-schweiz-sieht-qualitaet-der-datensicherung-noch-nicht-auf-der-hoehe-der-zeit\/#breadcrumb"},"inLanguage":"en-US","potentialAction":[{"@type":"ReadAction","target":["https:\/\/www.organisator.ch\/operational-excellence\/2023-03-29\/veeam-schweiz-sieht-qualitaet-der-datensicherung-noch-nicht-auf-der-hoehe-der-zeit\/"]}]},{"@type":"ImageObject","inLanguage":"en-US","@id":"https:\/\/www.organisator.ch\/operational-excellence\/2023-03-29\/veeam-schweiz-sieht-qualitaet-der-datensicherung-noch-nicht-auf-der-hoehe-der-zeit\/#primaryimage","url":"https:\/\/www.m-q.ch\/wp-content\/uploads\/2023\/03\/Veeam-Schweiz-sieht-Qualitaet-der-Datensicherung-noch-nicht-auf-der-Hoehe-der-Zeit_MQ.jpg","contentUrl":"https:\/\/www.m-q.ch\/wp-content\/uploads\/2023\/03\/Veeam-Schweiz-sieht-Qualitaet-der-Datensicherung-noch-nicht-auf-der-Hoehe-der-Zeit_MQ.jpg"},{"@type":"BreadcrumbList","@id":"https:\/\/www.organisator.ch\/operational-excellence\/2023-03-29\/veeam-schweiz-sieht-qualitaet-der-datensicherung-noch-nicht-auf-der-hoehe-der-zeit\/#breadcrumb","itemListElement":[{"@type":"ListItem","position":1,"name":"Home","item":"https:\/\/www.organisator.ch\/"},{"@type":"ListItem","position":2,"name":"Veeam Schweiz sieht Qualit\u00e4t der Datensicherung noch nicht auf der H\u00f6he der Zeit"}]},{"@type":"WebSite","@id":"https:\/\/www.organisator.ch\/#website","url":"https:\/\/www.organisator.ch\/","name":"Organizer","description":"Competent. Practical. In 10 issues per year, ORGANISATOR presents the essential topics for managers of SMEs.","publisher":{"@id":"https:\/\/www.organisator.ch\/#organization"},"potentialAction":[{"@type":"SearchAction","target":{"@type":"EntryPoint","urlTemplate":"https:\/\/www.organisator.ch\/?s={search_term_string}"},"query-input":{"@type":"PropertyValueSpecification","valueRequired":true,"valueName":"search_term_string"}}],"inLanguage":"en-US"},{"@type":"Organization","@id":"https:\/\/www.organisator.ch\/#organization","name":"Organizer","url":"https:\/\/www.organisator.ch\/","logo":{"@type":"ImageObject","inLanguage":"en-US","@id":"https:\/\/www.organisator.ch\/#\/schema\/logo\/image\/","url":"https:\/\/www.organisator.ch\/wp-content\/uploads\/2022\/01\/Logo_Organisator_Website.png","contentUrl":"https:\/\/www.organisator.ch\/wp-content\/uploads\/2022\/01\/Logo_Organisator_Website.png","width":800,"height":77,"caption":"Organisator"},"image":{"@id":"https:\/\/www.organisator.ch\/#\/schema\/logo\/image\/"},"sameAs":["https:\/\/www.facebook.com\/OrganisatorFachmagazin","https:\/\/www.linkedin.com\/showcase\/organisator-das-magazin-fr-kmu","https:\/\/www.xing.com\/news\/pages\/organisator-ch-695","https:\/\/www.youtube.com\/channel\/UCGP2Sq0iWaZwT3BdIAQFYpw"]},{"@type":"Person","@id":"https:\/\/www.organisator.ch\/#\/schema\/person\/4e51799071cd2dd1232ac003643ef5f0","name":"galledia","image":{"@type":"ImageObject","inLanguage":"en-US","@id":"https:\/\/secure.gravatar.com\/avatar\/78a7f90c01fc2bfc875782a0d4922b37cde2cf184ce347b91316d23cd7f69a36?s=96&d=mm&r=g","url":"https:\/\/secure.gravatar.com\/avatar\/78a7f90c01fc2bfc875782a0d4922b37cde2cf184ce347b91316d23cd7f69a36?s=96&d=mm&r=g","contentUrl":"https:\/\/secure.gravatar.com\/avatar\/78a7f90c01fc2bfc875782a0d4922b37cde2cf184ce347b91316d23cd7f69a36?s=96&d=mm&r=g","caption":"galledia"},"sameAs":["https:\/\/x.com\/admin"],"url":"https:\/\/www.organisator.ch\/en\/author\/galledia\/"}]}},"_links":{"self":[{"href":"https:\/\/www.organisator.ch\/en\/wp-json\/wp\/v2\/posts\/19470","targetHints":{"allow":["GET"]}}],"collection":[{"href":"https:\/\/www.organisator.ch\/en\/wp-json\/wp\/v2\/posts"}],"about":[{"href":"https:\/\/www.organisator.ch\/en\/wp-json\/wp\/v2\/types\/post"}],"author":[{"embeddable":true,"href":"https:\/\/www.organisator.ch\/en\/wp-json\/wp\/v2\/users\/8"}],"replies":[{"embeddable":true,"href":"https:\/\/www.organisator.ch\/en\/wp-json\/wp\/v2\/comments?post=19470"}],"version-history":[{"count":3,"href":"https:\/\/www.organisator.ch\/en\/wp-json\/wp\/v2\/posts\/19470\/revisions"}],"predecessor-version":[{"id":33272,"href":"https:\/\/www.organisator.ch\/en\/wp-json\/wp\/v2\/posts\/19470\/revisions\/33272"}],"wp:attachment":[{"href":"https:\/\/www.organisator.ch\/en\/wp-json\/wp\/v2\/media?parent=19470"}],"wp:term":[{"taxonomy":"category","embeddable":true,"href":"https:\/\/www.organisator.ch\/en\/wp-json\/wp\/v2\/categories?post=19470"},{"taxonomy":"post_tag","embeddable":true,"href":"https:\/\/www.organisator.ch\/en\/wp-json\/wp\/v2\/tags?post=19470"}],"curies":[{"name":"wp","href":"https:\/\/api.w.org\/{rel}","templated":true}]}}