{"id":19493,"date":"2023-03-31T07:50:54","date_gmt":"2023-03-31T05:50:54","guid":{"rendered":"https:\/\/www.organisator.ch\/?p=19493"},"modified":"2023-03-31T14:56:26","modified_gmt":"2023-03-31T12:56:26","slug":"firmennachfolgen-in-der-schweiz-druckwelle-steigt","status":"publish","type":"post","link":"https:\/\/www.organisator.ch\/en\/management\/2023-03-31\/firmennachfolgen-in-der-schweiz-druckwelle-steigt\/","title":{"rendered":"Company Successions in Switzerland: Pressure Wave Rises"},"content":{"rendered":"<figure id=\"attachment_19494\" aria-describedby=\"caption-attachment-19494\" style=\"width: 680px\" class=\"wp-caption alignnone\"><img loading=\"lazy\" decoding=\"async\" class=\"size-full wp-image-19494\" src=\"https:\/\/www.organisator.ch\/wp-content\/uploads\/2023\/03\/Firmennachfolgen-in-der-Schweiz-Druckwelle-steigt_Organisator.jpg\" alt=\"\" width=\"680\" height=\"400\" srcset=\"https:\/\/www.organisator.ch\/wp-content\/uploads\/2023\/03\/Firmennachfolgen-in-der-Schweiz-Druckwelle-steigt_Organisator.jpg 680w, https:\/\/www.organisator.ch\/wp-content\/uploads\/2023\/03\/Firmennachfolgen-in-der-Schweiz-Druckwelle-steigt_Organisator-18x12.jpg 18w, https:\/\/www.organisator.ch\/wp-content\/uploads\/2023\/03\/Firmennachfolgen-in-der-Schweiz-Druckwelle-steigt_Organisator-375x221.jpg 375w, https:\/\/www.organisator.ch\/wp-content\/uploads\/2023\/03\/Firmennachfolgen-in-der-Schweiz-Druckwelle-steigt_Organisator-595x350.jpg 595w\" sizes=\"auto, (max-width: 680px) 100vw, 680px\" \/><figcaption id=\"caption-attachment-19494\" class=\"wp-caption-text\">The number of companies in Switzerland continues to rise - and with it the number of company successions. (Image: Swiss Confederation for Business Succession (CHDU))<\/figcaption><\/figure>\n<p>With the Succession Demography of Switzerland, the Swiss Confederation for Business Succession (CHDU) underlines the importance of company successions. Depicted on the canton of Zurich, a \"succession map\" was presented for the first time. It shows 100 years of Swiss and Zurich succession development and demographics - from 1922 to 2022. The surveys of the succession demographics of Switzerland and the Canton of Zurich in the Succession Map 2022 result from the comparison of foundations and the current stock of sole proprietorships, collective limited partnerships, cooperatives, limited liability companies and stock corporations registered in the Swiss Commercial Register over the period from 1922 to 2022, in each case in 10-year steps.<\/p>\n<h3>Company successions on the rise<\/h3>\n<p>The figures are impressive: Whereas only 80,000 companies were entered in the commercial register in 1922, by the end of 2022 the number had risen to 680,000, with a further upward trend if <a href=\"https:\/\/www.organisator.ch\/de\/management\/2023-01-03\/50000-neue-firmen-im-jahr-2022\/\">the developments in company formations<\/a> further into consideration. If around 15% of all companies continue to enter the succession process, the threshold of 100,000 companies in the succession process will soon be exceeded. This is an unprecedented number of companies, most of which want to be handed over or taken over. There is a real pressure wave of succession with consequent pressure to act for the Swiss economy, because about 800,000 jobs are linked to these companies.<\/p>\n<p>It is also noteworthy that of the 5,756 organizations founded in Switzerland in 1922 and registered in the HR, only 97 or 1.7% can be found today, 100 years later. Figures that once again make clear how demanding long-term entrepreneurship is. Integrated into the 2022 succession map is the \"100 list\" for Switzerland and the Canton of Zurich. This lists the companies, organizations and enterprises that have successfully mastered this challenge and thus also several succession arrangements.<\/p>\n<h3><strong>Canton by canton<\/strong><\/h3>\n<p>With the Succession Map 2022, the CHDU has launched the first edition of this publication, which will be published annually in the future. The map is divided in equal parts into a nationwide and a cantonal representation of the current succession development and demographics. The cantonal representation in particular serves as a supplementary service for the cantons, in order to make the companies located there aware of the relevance of successful business succession by means of meaningful figures and graphics, as well as pointing out cantonal contact points and support options.<\/p>\n<p>From now on, every canton has the option of a succession map with its own cantonal succession demography. The canton of Zurich kicked off the Succession Map 2022 by highlighting the high importance of business succession. Government Councillor and Director of Economic Affairs of the Canton of Zurich Carmen Walker Sp\u00e4h commented: \" (...) In order to remain competitive, our economy will continue to depend on an agile, innovative and sustainable SME landscape in the future. The timely preparation of company succession is an important part of this. Only in this way will it be possible for our traditional SMEs to hang on to their company history for as many more decades as possible.\"<\/p>\n<p>The location promotion department in the Office of Economic Affairs and Labor (AWA) of the Canton of Zurich supports the development and expansion of the association as a partner organization. The digital follow-up map 2022 is available there on the website at this link: <a href=\"https:\/\/impulswerk.us10.list-manage.com\/track\/click?u=c6a56467d013139377a7ad4e3&amp;id=09bf45903e&amp;e=dec83a6326\">www.wirtschaftsraum-zuerich.ch\/100-jahre-nachfolge-entwicklung-die-druckwelle-steigt<\/a><\/p>","protected":false},"excerpt":{"rendered":"<p>Mit der Nachfolge-Demographie der Schweiz unterstreicht der Schweizer Dachverband f\u00fcr Unternehmensnachfolge (CHDU) die Bedeutung der Firmennachfolgen. Dargestellt am Kanton Z\u00fcrich wurde erstmals eine &#8222;Nachfolgekarte&#8220; pr\u00e4sentiert. Sie zeigt 100 Jahre Schweizer und Z\u00fcrcher Nachfolge-Entwicklung und -Demographie &#8211; von 1922 bis 2022. Die Erhebungen der Nachfolge-Demographien Schweiz und Kanton Z\u00fcrich in der Nachfolgekarte 2022 resultieren aus der [&hellip;]<\/p>\n","protected":false},"author":4,"featured_media":19494,"comment_status":"closed","ping_status":"closed","sticky":false,"template":"","format":"standard","meta":{"_acf_changed":false,"_yoast_wpseo_focuskw":"Firmennachfolgen","_yoast_wpseo_metadesc":"Der Schweizer Dachverband f\u00fcr Unternehmensnachfolge pr\u00e4sentiert eine \"Nachfolge-Demographie\". Diese zeigt eine Zunahme an Firmennachfolgen.","articlekey":"","footnotes":""},"categories":[28],"tags":[207,335,503],"class_list":["post-19493","post","type-post","status-publish","format-standard","has-post-thumbnail","hentry","category-management","tag-firmennachfolge","tag-management-und-unternehmensfuehrung","tag-verbaende"],"acf":[],"yoast_head":"<!-- This site is optimized with the Yoast SEO plugin v27.5 - https:\/\/yoast.com\/product\/yoast-seo-wordpress\/ -->\n<title>Firmennachfolgen in der Schweiz: Druckwelle steigt - Organisator<\/title>\n<meta name=\"description\" content=\"Der Schweizer Dachverband f\u00fcr Unternehmensnachfolge pr\u00e4sentiert eine &quot;Nachfolge-Demographie&quot;. Diese zeigt eine Zunahme an Firmennachfolgen.\" \/>\n<meta name=\"robots\" content=\"index, follow, max-snippet:-1, max-image-preview:large, max-video-preview:-1\" \/>\n<link rel=\"canonical\" href=\"https:\/\/www.organisator.ch\/en\/management\/2023-03-31\/firmennachfolgen-in-der-schweiz-druckwelle-steigt\/\" \/>\n<meta property=\"og:locale\" content=\"en_US\" \/>\n<meta property=\"og:type\" content=\"article\" \/>\n<meta property=\"og:title\" content=\"Firmennachfolgen in der Schweiz: Druckwelle steigt\" \/>\n<meta property=\"og:description\" content=\"Der Schweizer Dachverband f\u00fcr Unternehmensnachfolge pr\u00e4sentiert eine &quot;Nachfolge-Demographie&quot;. Diese zeigt eine Zunahme an Firmennachfolgen.\" \/>\n<meta property=\"og:url\" content=\"https:\/\/www.organisator.ch\/en\/management\/2023-03-31\/firmennachfolgen-in-der-schweiz-druckwelle-steigt\/\" \/>\n<meta property=\"og:site_name\" content=\"Organisator\" \/>\n<meta property=\"article:publisher\" content=\"https:\/\/www.facebook.com\/OrganisatorFachmagazin\" \/>\n<meta property=\"article:published_time\" content=\"2023-03-31T05:50:54+00:00\" \/>\n<meta property=\"article:modified_time\" content=\"2023-03-31T12:56:26+00:00\" \/>\n<meta property=\"og:image\" content=\"https:\/\/www.organisator.ch\/wp-content\/uploads\/2023\/03\/Firmennachfolgen-in-der-Schweiz-Druckwelle-steigt_Organisator.jpg\" \/>\n\t<meta property=\"og:image:width\" content=\"680\" \/>\n\t<meta property=\"og:image:height\" content=\"400\" \/>\n\t<meta property=\"og:image:type\" content=\"image\/jpeg\" \/>\n<meta name=\"author\" content=\"thomas.berner\" \/>\n<meta name=\"twitter:card\" content=\"summary_large_image\" \/>\n<meta name=\"twitter:title\" content=\"#Firmennachfolgen in der Schweiz: #Druckwelle steigt\" \/>\n<meta name=\"twitter:description\" content=\"Der Schweizer #Dachverband f\u00fcr #Unternehmensnachfolge pr\u00e4sentiert eine &quot;Nachfolge-Demographie&quot;. Diese zeigt eine Zunahme an #Firmennachfolgen.\" \/>\n<meta name=\"twitter:image\" content=\"https:\/\/www.organisator.ch\/wp-content\/uploads\/2023\/03\/Firmennachfolgen-in-der-Schweiz-Druckwelle-steigt_Organisator.jpg\" \/>\n<script type=\"application\/ld+json\" class=\"yoast-schema-graph\">{\"@context\":\"https:\\\/\\\/schema.org\",\"@graph\":[{\"@type\":\"Article\",\"@id\":\"https:\\\/\\\/www.organisator.ch\\\/management\\\/2023-03-31\\\/firmennachfolgen-in-der-schweiz-druckwelle-steigt\\\/#article\",\"isPartOf\":{\"@id\":\"https:\\\/\\\/www.organisator.ch\\\/management\\\/2023-03-31\\\/firmennachfolgen-in-der-schweiz-druckwelle-steigt\\\/\"},\"author\":{\"name\":\"thomas.berner\",\"@id\":\"https:\\\/\\\/www.organisator.ch\\\/#\\\/schema\\\/person\\\/6f650f90b2842cd4c0cc334b4e36f67e\"},\"headline\":\"Firmennachfolgen in der Schweiz: Druckwelle steigt\",\"datePublished\":\"2023-03-31T05:50:54+00:00\",\"dateModified\":\"2023-03-31T12:56:26+00:00\",\"mainEntityOfPage\":{\"@id\":\"https:\\\/\\\/www.organisator.ch\\\/management\\\/2023-03-31\\\/firmennachfolgen-in-der-schweiz-druckwelle-steigt\\\/\"},\"wordCount\":505,\"publisher\":{\"@id\":\"https:\\\/\\\/www.organisator.ch\\\/#organization\"},\"image\":{\"@id\":\"https:\\\/\\\/www.organisator.ch\\\/management\\\/2023-03-31\\\/firmennachfolgen-in-der-schweiz-druckwelle-steigt\\\/#primaryimage\"},\"thumbnailUrl\":\"https:\\\/\\\/www.organisator.ch\\\/wp-content\\\/uploads\\\/2023\\\/03\\\/Firmennachfolgen-in-der-Schweiz-Druckwelle-steigt_Organisator.jpg\",\"keywords\":[\"Firmennachfolge\",\"Management und Unternehmensf\u00fchrung\",\"Verb\u00e4nde\"],\"articleSection\":[\"MANAGEMENT\"],\"inLanguage\":\"en-US\"},{\"@type\":\"WebPage\",\"@id\":\"https:\\\/\\\/www.organisator.ch\\\/management\\\/2023-03-31\\\/firmennachfolgen-in-der-schweiz-druckwelle-steigt\\\/\",\"url\":\"https:\\\/\\\/www.organisator.ch\\\/management\\\/2023-03-31\\\/firmennachfolgen-in-der-schweiz-druckwelle-steigt\\\/\",\"name\":\"Firmennachfolgen in der Schweiz: Druckwelle steigt - Organisator\",\"isPartOf\":{\"@id\":\"https:\\\/\\\/www.organisator.ch\\\/#website\"},\"primaryImageOfPage\":{\"@id\":\"https:\\\/\\\/www.organisator.ch\\\/management\\\/2023-03-31\\\/firmennachfolgen-in-der-schweiz-druckwelle-steigt\\\/#primaryimage\"},\"image\":{\"@id\":\"https:\\\/\\\/www.organisator.ch\\\/management\\\/2023-03-31\\\/firmennachfolgen-in-der-schweiz-druckwelle-steigt\\\/#primaryimage\"},\"thumbnailUrl\":\"https:\\\/\\\/www.organisator.ch\\\/wp-content\\\/uploads\\\/2023\\\/03\\\/Firmennachfolgen-in-der-Schweiz-Druckwelle-steigt_Organisator.jpg\",\"datePublished\":\"2023-03-31T05:50:54+00:00\",\"dateModified\":\"2023-03-31T12:56:26+00:00\",\"description\":\"Der Schweizer Dachverband f\u00fcr Unternehmensnachfolge pr\u00e4sentiert eine \\\"Nachfolge-Demographie\\\". Diese zeigt eine Zunahme an Firmennachfolgen.\",\"breadcrumb\":{\"@id\":\"https:\\\/\\\/www.organisator.ch\\\/management\\\/2023-03-31\\\/firmennachfolgen-in-der-schweiz-druckwelle-steigt\\\/#breadcrumb\"},\"inLanguage\":\"en-US\",\"potentialAction\":[{\"@type\":\"ReadAction\",\"target\":[\"https:\\\/\\\/www.organisator.ch\\\/management\\\/2023-03-31\\\/firmennachfolgen-in-der-schweiz-druckwelle-steigt\\\/\"]}]},{\"@type\":\"ImageObject\",\"inLanguage\":\"en-US\",\"@id\":\"https:\\\/\\\/www.organisator.ch\\\/management\\\/2023-03-31\\\/firmennachfolgen-in-der-schweiz-druckwelle-steigt\\\/#primaryimage\",\"url\":\"https:\\\/\\\/www.organisator.ch\\\/wp-content\\\/uploads\\\/2023\\\/03\\\/Firmennachfolgen-in-der-Schweiz-Druckwelle-steigt_Organisator.jpg\",\"contentUrl\":\"https:\\\/\\\/www.organisator.ch\\\/wp-content\\\/uploads\\\/2023\\\/03\\\/Firmennachfolgen-in-der-Schweiz-Druckwelle-steigt_Organisator.jpg\",\"width\":680,\"height\":400,\"caption\":\"Die Zahl der Firmen in der Schweiz steigt weiter - und damit auch die Zahl an Firmennachfolgen. (Bild: Schweizer Dachverband f\u00fcr Unternehmensnachfolge (CHDU))\"},{\"@type\":\"BreadcrumbList\",\"@id\":\"https:\\\/\\\/www.organisator.ch\\\/management\\\/2023-03-31\\\/firmennachfolgen-in-der-schweiz-druckwelle-steigt\\\/#breadcrumb\",\"itemListElement\":[{\"@type\":\"ListItem\",\"position\":1,\"name\":\"Home\",\"item\":\"https:\\\/\\\/www.organisator.ch\\\/\"},{\"@type\":\"ListItem\",\"position\":2,\"name\":\"Firmennachfolgen in der Schweiz: Druckwelle steigt\"}]},{\"@type\":\"WebSite\",\"@id\":\"https:\\\/\\\/www.organisator.ch\\\/#website\",\"url\":\"https:\\\/\\\/www.organisator.ch\\\/\",\"name\":\"Organisator\",\"description\":\"Kompetent. Praxisnah. Der ORGANISATOR bereitet in 10 Ausgaben pro Jahr die wesentlichen Themen f\u00fcr F\u00fchrungskr\u00e4fte von KMU auf.\",\"publisher\":{\"@id\":\"https:\\\/\\\/www.organisator.ch\\\/#organization\"},\"potentialAction\":[{\"@type\":\"SearchAction\",\"target\":{\"@type\":\"EntryPoint\",\"urlTemplate\":\"https:\\\/\\\/www.organisator.ch\\\/?s={search_term_string}\"},\"query-input\":{\"@type\":\"PropertyValueSpecification\",\"valueRequired\":true,\"valueName\":\"search_term_string\"}}],\"inLanguage\":\"en-US\"},{\"@type\":\"Organization\",\"@id\":\"https:\\\/\\\/www.organisator.ch\\\/#organization\",\"name\":\"Organisator\",\"url\":\"https:\\\/\\\/www.organisator.ch\\\/\",\"logo\":{\"@type\":\"ImageObject\",\"inLanguage\":\"en-US\",\"@id\":\"https:\\\/\\\/www.organisator.ch\\\/#\\\/schema\\\/logo\\\/image\\\/\",\"url\":\"https:\\\/\\\/www.organisator.ch\\\/wp-content\\\/uploads\\\/2022\\\/01\\\/Logo_Organisator_Website.png\",\"contentUrl\":\"https:\\\/\\\/www.organisator.ch\\\/wp-content\\\/uploads\\\/2022\\\/01\\\/Logo_Organisator_Website.png\",\"width\":800,\"height\":77,\"caption\":\"Organisator\"},\"image\":{\"@id\":\"https:\\\/\\\/www.organisator.ch\\\/#\\\/schema\\\/logo\\\/image\\\/\"},\"sameAs\":[\"https:\\\/\\\/www.facebook.com\\\/OrganisatorFachmagazin\",\"https:\\\/\\\/www.linkedin.com\\\/showcase\\\/organisator-das-magazin-fr-kmu\",\"https:\\\/\\\/www.xing.com\\\/news\\\/pages\\\/organisator-ch-695\",\"https:\\\/\\\/www.youtube.com\\\/channel\\\/UCGP2Sq0iWaZwT3BdIAQFYpw\"]},{\"@type\":\"Person\",\"@id\":\"https:\\\/\\\/www.organisator.ch\\\/#\\\/schema\\\/person\\\/6f650f90b2842cd4c0cc334b4e36f67e\",\"name\":\"thomas.berner\",\"image\":{\"@type\":\"ImageObject\",\"inLanguage\":\"en-US\",\"@id\":\"https:\\\/\\\/secure.gravatar.com\\\/avatar\\\/ac5001d2a36cb6c6cd3e50789007ffca834b477b74a2144564522e944eabff61?s=96&d=mm&r=g\",\"url\":\"https:\\\/\\\/secure.gravatar.com\\\/avatar\\\/ac5001d2a36cb6c6cd3e50789007ffca834b477b74a2144564522e944eabff61?s=96&d=mm&r=g\",\"contentUrl\":\"https:\\\/\\\/secure.gravatar.com\\\/avatar\\\/ac5001d2a36cb6c6cd3e50789007ffca834b477b74a2144564522e944eabff61?s=96&d=mm&r=g\",\"caption\":\"thomas.berner\"},\"url\":\"https:\\\/\\\/www.organisator.ch\\\/en\\\/author\\\/thomas-berner\\\/\"}]}<\/script>\n<!-- \/ Yoast SEO plugin. -->","yoast_head_json":{"title":"Company successions in Switzerland: pressure wave rises - Organizer","description":"The Swiss umbrella organization for business succession presents a \"succession demography\". This shows an increase in company successions.","robots":{"index":"index","follow":"follow","max-snippet":"max-snippet:-1","max-image-preview":"max-image-preview:large","max-video-preview":"max-video-preview:-1"},"canonical":"https:\/\/www.organisator.ch\/en\/management\/2023-03-31\/firmennachfolgen-in-der-schweiz-druckwelle-steigt\/","og_locale":"en_US","og_type":"article","og_title":"Firmennachfolgen in der Schweiz: Druckwelle steigt","og_description":"Der Schweizer Dachverband f\u00fcr Unternehmensnachfolge pr\u00e4sentiert eine \"Nachfolge-Demographie\". Diese zeigt eine Zunahme an Firmennachfolgen.","og_url":"https:\/\/www.organisator.ch\/en\/management\/2023-03-31\/firmennachfolgen-in-der-schweiz-druckwelle-steigt\/","og_site_name":"Organisator","article_publisher":"https:\/\/www.facebook.com\/OrganisatorFachmagazin","article_published_time":"2023-03-31T05:50:54+00:00","article_modified_time":"2023-03-31T12:56:26+00:00","og_image":[{"width":680,"height":400,"url":"https:\/\/www.organisator.ch\/wp-content\/uploads\/2023\/03\/Firmennachfolgen-in-der-Schweiz-Druckwelle-steigt_Organisator.jpg","type":"image\/jpeg"}],"author":"thomas.berner","twitter_card":"summary_large_image","twitter_title":"#Firmennachfolgen in der Schweiz: #Druckwelle steigt","twitter_description":"Der Schweizer #Dachverband f\u00fcr #Unternehmensnachfolge pr\u00e4sentiert eine \"Nachfolge-Demographie\". Diese zeigt eine Zunahme an #Firmennachfolgen.","twitter_image":"https:\/\/www.organisator.ch\/wp-content\/uploads\/2023\/03\/Firmennachfolgen-in-der-Schweiz-Druckwelle-steigt_Organisator.jpg","schema":{"@context":"https:\/\/schema.org","@graph":[{"@type":"Article","@id":"https:\/\/www.organisator.ch\/management\/2023-03-31\/firmennachfolgen-in-der-schweiz-druckwelle-steigt\/#article","isPartOf":{"@id":"https:\/\/www.organisator.ch\/management\/2023-03-31\/firmennachfolgen-in-der-schweiz-druckwelle-steigt\/"},"author":{"name":"thomas.berner","@id":"https:\/\/www.organisator.ch\/#\/schema\/person\/6f650f90b2842cd4c0cc334b4e36f67e"},"headline":"Firmennachfolgen in der Schweiz: Druckwelle steigt","datePublished":"2023-03-31T05:50:54+00:00","dateModified":"2023-03-31T12:56:26+00:00","mainEntityOfPage":{"@id":"https:\/\/www.organisator.ch\/management\/2023-03-31\/firmennachfolgen-in-der-schweiz-druckwelle-steigt\/"},"wordCount":505,"publisher":{"@id":"https:\/\/www.organisator.ch\/#organization"},"image":{"@id":"https:\/\/www.organisator.ch\/management\/2023-03-31\/firmennachfolgen-in-der-schweiz-druckwelle-steigt\/#primaryimage"},"thumbnailUrl":"https:\/\/www.organisator.ch\/wp-content\/uploads\/2023\/03\/Firmennachfolgen-in-der-Schweiz-Druckwelle-steigt_Organisator.jpg","keywords":["Firmennachfolge","Management und Unternehmensf\u00fchrung","Verb\u00e4nde"],"articleSection":["MANAGEMENT"],"inLanguage":"en-US"},{"@type":"WebPage","@id":"https:\/\/www.organisator.ch\/management\/2023-03-31\/firmennachfolgen-in-der-schweiz-druckwelle-steigt\/","url":"https:\/\/www.organisator.ch\/management\/2023-03-31\/firmennachfolgen-in-der-schweiz-druckwelle-steigt\/","name":"Company successions in Switzerland: pressure wave rises - Organizer","isPartOf":{"@id":"https:\/\/www.organisator.ch\/#website"},"primaryImageOfPage":{"@id":"https:\/\/www.organisator.ch\/management\/2023-03-31\/firmennachfolgen-in-der-schweiz-druckwelle-steigt\/#primaryimage"},"image":{"@id":"https:\/\/www.organisator.ch\/management\/2023-03-31\/firmennachfolgen-in-der-schweiz-druckwelle-steigt\/#primaryimage"},"thumbnailUrl":"https:\/\/www.organisator.ch\/wp-content\/uploads\/2023\/03\/Firmennachfolgen-in-der-Schweiz-Druckwelle-steigt_Organisator.jpg","datePublished":"2023-03-31T05:50:54+00:00","dateModified":"2023-03-31T12:56:26+00:00","description":"The Swiss umbrella organization for business succession presents a \"succession demography\". This shows an increase in company successions.","breadcrumb":{"@id":"https:\/\/www.organisator.ch\/management\/2023-03-31\/firmennachfolgen-in-der-schweiz-druckwelle-steigt\/#breadcrumb"},"inLanguage":"en-US","potentialAction":[{"@type":"ReadAction","target":["https:\/\/www.organisator.ch\/management\/2023-03-31\/firmennachfolgen-in-der-schweiz-druckwelle-steigt\/"]}]},{"@type":"ImageObject","inLanguage":"en-US","@id":"https:\/\/www.organisator.ch\/management\/2023-03-31\/firmennachfolgen-in-der-schweiz-druckwelle-steigt\/#primaryimage","url":"https:\/\/www.organisator.ch\/wp-content\/uploads\/2023\/03\/Firmennachfolgen-in-der-Schweiz-Druckwelle-steigt_Organisator.jpg","contentUrl":"https:\/\/www.organisator.ch\/wp-content\/uploads\/2023\/03\/Firmennachfolgen-in-der-Schweiz-Druckwelle-steigt_Organisator.jpg","width":680,"height":400,"caption":"Die Zahl der Firmen in der Schweiz steigt weiter - und damit auch die Zahl an Firmennachfolgen. (Bild: Schweizer Dachverband f\u00fcr Unternehmensnachfolge (CHDU))"},{"@type":"BreadcrumbList","@id":"https:\/\/www.organisator.ch\/management\/2023-03-31\/firmennachfolgen-in-der-schweiz-druckwelle-steigt\/#breadcrumb","itemListElement":[{"@type":"ListItem","position":1,"name":"Home","item":"https:\/\/www.organisator.ch\/"},{"@type":"ListItem","position":2,"name":"Firmennachfolgen in der Schweiz: Druckwelle steigt"}]},{"@type":"WebSite","@id":"https:\/\/www.organisator.ch\/#website","url":"https:\/\/www.organisator.ch\/","name":"Organizer","description":"Competent. Practical. In 10 issues per year, ORGANISATOR presents the essential topics for managers of SMEs.","publisher":{"@id":"https:\/\/www.organisator.ch\/#organization"},"potentialAction":[{"@type":"SearchAction","target":{"@type":"EntryPoint","urlTemplate":"https:\/\/www.organisator.ch\/?s={search_term_string}"},"query-input":{"@type":"PropertyValueSpecification","valueRequired":true,"valueName":"search_term_string"}}],"inLanguage":"en-US"},{"@type":"Organization","@id":"https:\/\/www.organisator.ch\/#organization","name":"Organizer","url":"https:\/\/www.organisator.ch\/","logo":{"@type":"ImageObject","inLanguage":"en-US","@id":"https:\/\/www.organisator.ch\/#\/schema\/logo\/image\/","url":"https:\/\/www.organisator.ch\/wp-content\/uploads\/2022\/01\/Logo_Organisator_Website.png","contentUrl":"https:\/\/www.organisator.ch\/wp-content\/uploads\/2022\/01\/Logo_Organisator_Website.png","width":800,"height":77,"caption":"Organisator"},"image":{"@id":"https:\/\/www.organisator.ch\/#\/schema\/logo\/image\/"},"sameAs":["https:\/\/www.facebook.com\/OrganisatorFachmagazin","https:\/\/www.linkedin.com\/showcase\/organisator-das-magazin-fr-kmu","https:\/\/www.xing.com\/news\/pages\/organisator-ch-695","https:\/\/www.youtube.com\/channel\/UCGP2Sq0iWaZwT3BdIAQFYpw"]},{"@type":"Person","@id":"https:\/\/www.organisator.ch\/#\/schema\/person\/6f650f90b2842cd4c0cc334b4e36f67e","name":"thomas.berner","image":{"@type":"ImageObject","inLanguage":"en-US","@id":"https:\/\/secure.gravatar.com\/avatar\/ac5001d2a36cb6c6cd3e50789007ffca834b477b74a2144564522e944eabff61?s=96&d=mm&r=g","url":"https:\/\/secure.gravatar.com\/avatar\/ac5001d2a36cb6c6cd3e50789007ffca834b477b74a2144564522e944eabff61?s=96&d=mm&r=g","contentUrl":"https:\/\/secure.gravatar.com\/avatar\/ac5001d2a36cb6c6cd3e50789007ffca834b477b74a2144564522e944eabff61?s=96&d=mm&r=g","caption":"thomas.berner"},"url":"https:\/\/www.organisator.ch\/en\/author\/thomas-berner\/"}]}},"_links":{"self":[{"href":"https:\/\/www.organisator.ch\/en\/wp-json\/wp\/v2\/posts\/19493","targetHints":{"allow":["GET"]}}],"collection":[{"href":"https:\/\/www.organisator.ch\/en\/wp-json\/wp\/v2\/posts"}],"about":[{"href":"https:\/\/www.organisator.ch\/en\/wp-json\/wp\/v2\/types\/post"}],"author":[{"embeddable":true,"href":"https:\/\/www.organisator.ch\/en\/wp-json\/wp\/v2\/users\/4"}],"replies":[{"embeddable":true,"href":"https:\/\/www.organisator.ch\/en\/wp-json\/wp\/v2\/comments?post=19493"}],"version-history":[{"count":1,"href":"https:\/\/www.organisator.ch\/en\/wp-json\/wp\/v2\/posts\/19493\/revisions"}],"predecessor-version":[{"id":19495,"href":"https:\/\/www.organisator.ch\/en\/wp-json\/wp\/v2\/posts\/19493\/revisions\/19495"}],"wp:featuredmedia":[{"embeddable":true,"href":"https:\/\/www.organisator.ch\/en\/wp-json\/wp\/v2\/media\/19494"}],"wp:attachment":[{"href":"https:\/\/www.organisator.ch\/en\/wp-json\/wp\/v2\/media?parent=19493"}],"wp:term":[{"taxonomy":"category","embeddable":true,"href":"https:\/\/www.organisator.ch\/en\/wp-json\/wp\/v2\/categories?post=19493"},{"taxonomy":"post_tag","embeddable":true,"href":"https:\/\/www.organisator.ch\/en\/wp-json\/wp\/v2\/tags?post=19493"}],"curies":[{"name":"wp","href":"https:\/\/api.w.org\/{rel}","templated":true}]}}