{"id":19514,"date":"2023-04-03T13:48:55","date_gmt":"2023-04-03T11:48:55","guid":{"rendered":"https:\/\/www.organisator.ch\/?p=19514"},"modified":"2023-04-05T09:29:05","modified_gmt":"2023-04-05T07:29:05","slug":"purpose-wie-viele-schweizer-unternehmen-sind-diesbezueglich-glaubwuerdig","status":"publish","type":"post","link":"https:\/\/www.organisator.ch\/en\/management\/2023-04-03\/purpose-wie-viele-schweizer-unternehmen-sind-diesbezueglich-glaubwuerdig\/","title":{"rendered":"Purpose: How many Swiss companies are credible in this regard?"},"content":{"rendered":"<figure id=\"attachment_19515\" aria-describedby=\"caption-attachment-19515\" style=\"width: 680px\" class=\"wp-caption alignnone\"><img loading=\"lazy\" decoding=\"async\" class=\"size-full wp-image-19515\" src=\"https:\/\/www.organisator.ch\/wp-content\/uploads\/2023\/04\/Purpose-Wie-viele-Schweizer-Unternehmen-sind-diesbezueglich-glaubwuerdig_Organisator.jpg\" alt=\"\" width=\"680\" height=\"462\" srcset=\"https:\/\/www.organisator.ch\/wp-content\/uploads\/2023\/04\/Purpose-Wie-viele-Schweizer-Unternehmen-sind-diesbezueglich-glaubwuerdig_Organisator.jpg 680w, https:\/\/www.organisator.ch\/wp-content\/uploads\/2023\/04\/Purpose-Wie-viele-Schweizer-Unternehmen-sind-diesbezueglich-glaubwuerdig_Organisator-18x12.jpg 18w, https:\/\/www.organisator.ch\/wp-content\/uploads\/2023\/04\/Purpose-Wie-viele-Schweizer-Unternehmen-sind-diesbezueglich-glaubwuerdig_Organisator-375x255.jpg 375w, https:\/\/www.organisator.ch\/wp-content\/uploads\/2023\/04\/Purpose-Wie-viele-Schweizer-Unternehmen-sind-diesbezueglich-glaubwuerdig_Organisator-515x350.jpg 515w\" sizes=\"auto, (max-width: 680px) 100vw, 680px\" \/><figcaption id=\"caption-attachment-19515\" class=\"wp-caption-text\">How credibly do leading Swiss companies communicate their socially relevant corporate purpose? A study developed a \"Purpose Readiness Index\" in this regard. (Image: Unsplash.com)<\/figcaption><\/figure>\n<p>A recently published study shows how credibly Swiss companies can position themselves. The \"Purpose Readiness Index\" (PRI), specially developed for the representative study by the management consultancy Globeone, is made up of 15 purpose-relevant image attributes in five image dimensions. The PRI, which is based on the survey results, indicates on a scale of one to one hundred and in four levels how credibly companies and institutions can represent a socially relevant corporate purpose in the public perception. Companies with a PRI score of less than 50 often lack the appropriate basis for credibly communicating their purpose, while companies with a score above 70 have a high purpose credibility that is hardly overshadowed by negative associations. The current PRI ranks 60 leading Swiss companies.<\/p>\n<h3>Almost two-thirds of brands are \"purpose ready<\/h3>\n<p>The study revealed: After all, 64 percent of Swiss brands are perceived by the public as at least partially \"purpose ready\" - they do not exhibit any major deficits in purpose-relevant image dimensions. Five brands (eight percent) are considered fully credible and thus have a very good basis for successful purpose activation. With a score of 72.3, Victorinox ranks first in the Purpose Readiness Index (PRI). Migros, Geberit, Lindt &amp; Spr\u00fcngli and Coop are also among the leaders with PRI scores of more than 70. Around 36 percent of the brands surveyed are struggling with credibility problems, which also make them more susceptible to greenwashing accusations.<\/p>\n<figure id=\"attachment_19517\" aria-describedby=\"caption-attachment-19517\" style=\"width: 680px\" class=\"wp-caption alignnone\"><img loading=\"lazy\" decoding=\"async\" class=\"size-full wp-image-19517\" src=\"https:\/\/www.organisator.ch\/wp-content\/uploads\/2023\/04\/Purpose-Wie-viele-Schweizer-Unternehmen-sind-diesbezueglich-glaubwuerdig-1_Organisator.jpg\" alt=\"\" width=\"680\" height=\"680\" srcset=\"https:\/\/www.organisator.ch\/wp-content\/uploads\/2023\/04\/Purpose-Wie-viele-Schweizer-Unternehmen-sind-diesbezueglich-glaubwuerdig-1_Organisator.jpg 680w, https:\/\/www.organisator.ch\/wp-content\/uploads\/2023\/04\/Purpose-Wie-viele-Schweizer-Unternehmen-sind-diesbezueglich-glaubwuerdig-1_Organisator-150x150.jpg 150w, https:\/\/www.organisator.ch\/wp-content\/uploads\/2023\/04\/Purpose-Wie-viele-Schweizer-Unternehmen-sind-diesbezueglich-glaubwuerdig-1_Organisator-12x12.jpg 12w, https:\/\/www.organisator.ch\/wp-content\/uploads\/2023\/04\/Purpose-Wie-viele-Schweizer-Unternehmen-sind-diesbezueglich-glaubwuerdig-1_Organisator-300x300.jpg 300w, https:\/\/www.organisator.ch\/wp-content\/uploads\/2023\/04\/Purpose-Wie-viele-Schweizer-Unternehmen-sind-diesbezueglich-glaubwuerdig-1_Organisator-350x350.jpg 350w, https:\/\/www.organisator.ch\/wp-content\/uploads\/2023\/04\/Purpose-Wie-viele-Schweizer-Unternehmen-sind-diesbezueglich-glaubwuerdig-1_Organisator-250x250.jpg 250w\" sizes=\"auto, (max-width: 680px) 100vw, 680px\" \/><figcaption id=\"caption-attachment-19517\" class=\"wp-caption-text\">Current ranking of the Purpose Readiness Index. (Graphic: Globeone)<\/figcaption><\/figure>\n<p>\"Retailers, technology brands, cooperatively organized retail companies and traditional consumer brands in particular are proving to be particularly credible in terms of purpose-centric positioning in the public perception,\" says Carina Hauswald, Managing Partner at Globeone. \"Many PRI winners certainly also benefit greatly from their everyday proximity to customers.\"<\/p>\n<h3><strong>Consumers take a critical view of companies<\/strong><\/h3>\n<p>Compared with the first Purpose Readiness Study for Switzerland in 2020, however, it is noticeable that the top performers in the Purpose Readiness Index (PRI) no longer score quite as highly: Second-placed Migros, for example, lost 6.5 index points, PRI winner Victorinox 5.1 index points. Mobiliar lost 6.2 index points and slipped from fifth to 15th place. \"The decline in ratings is probably also a sign that Swiss consumers are generally becoming more critical of companies in terms of their purpose promises - a trend that is also increasingly evident in other industrialized countries,\" says Hauswald. \"There is also an increased demand on particularly credible brands to constantly improve their socially relevant contribution, to provide concrete evidence of it and to communicate it transparently.\" Even brands that score fully on future viability, sustainability, authenticity and social relevance would have to live their purpose around the clock and make it clear in order to maintain or enhance their reputation.<\/p>\n<figure id=\"attachment_19516\" aria-describedby=\"caption-attachment-19516\" style=\"width: 680px\" class=\"wp-caption alignnone\"><img loading=\"lazy\" decoding=\"async\" class=\"size-full wp-image-19516\" src=\"https:\/\/www.organisator.ch\/wp-content\/uploads\/2023\/04\/Purpose-Wie-viele-Schweizer-Unternehmen-sind-diesbezueglich-glaubwuerdig-2_Organisator.jpg\" alt=\"\" width=\"680\" height=\"680\" srcset=\"https:\/\/www.organisator.ch\/wp-content\/uploads\/2023\/04\/Purpose-Wie-viele-Schweizer-Unternehmen-sind-diesbezueglich-glaubwuerdig-2_Organisator.jpg 680w, https:\/\/www.organisator.ch\/wp-content\/uploads\/2023\/04\/Purpose-Wie-viele-Schweizer-Unternehmen-sind-diesbezueglich-glaubwuerdig-2_Organisator-150x150.jpg 150w, https:\/\/www.organisator.ch\/wp-content\/uploads\/2023\/04\/Purpose-Wie-viele-Schweizer-Unternehmen-sind-diesbezueglich-glaubwuerdig-2_Organisator-12x12.jpg 12w, https:\/\/www.organisator.ch\/wp-content\/uploads\/2023\/04\/Purpose-Wie-viele-Schweizer-Unternehmen-sind-diesbezueglich-glaubwuerdig-2_Organisator-300x300.jpg 300w, https:\/\/www.organisator.ch\/wp-content\/uploads\/2023\/04\/Purpose-Wie-viele-Schweizer-Unternehmen-sind-diesbezueglich-glaubwuerdig-2_Organisator-350x350.jpg 350w, https:\/\/www.organisator.ch\/wp-content\/uploads\/2023\/04\/Purpose-Wie-viele-Schweizer-Unternehmen-sind-diesbezueglich-glaubwuerdig-2_Organisator-250x250.jpg 250w\" sizes=\"auto, (max-width: 680px) 100vw, 680px\" \/><figcaption id=\"caption-attachment-19516\" class=\"wp-caption-text\">(Graphic: Globeone)<\/figcaption><\/figure>\n<h3><strong>Pharmaceutical and financial sectors suffer from negative image<\/strong><\/h3>\n<p>As the backbone of the Swiss economy, financial and pharmaceutical companies are not very convincing in the public perception, especially in the image dimensions of sustainability, honesty and profit orientation. Companies from these sectors, such as Novartis (58.1), Vontobel (56.7), Roche (56.7), Julius Baer (56.2) and UBS (53.0), suffer from the risks posed by the tarnished image of their industries in a purpose-centric positioning. In the case of Credit Suisse (48.6), the data shows that a significant credibility crisis was already evident before the recent turmoil that culminated in a takeover by UBS.<\/p>\n<h3><strong>Construction and raw materials bring up the rear in the sector rankings<\/strong><\/h3>\n<p>The transformation of the construction and raw materials industry to greater sustainability is only slowly reaching the public. Implenia (PRI 59.2), Holcim (58.1) and Glencore (41.0) all have critical Purpose gaps in public perception. With an average PRI of 52.8 points, the industry is thus at the lower end of the ranking. Consumer brands such as Nestl\u00e9 (49.8) or Philip Morris (48.3) have frequently been criticized in recent years and also rank far behind in the 2023 PRI.<\/p>\n<p><em>Source and further information: <a href=\"https:\/\/globe-one.com\/german\/\">Globeone<\/a><\/em><\/p>","protected":false},"excerpt":{"rendered":"<p>Eine k\u00fcrzlich ver\u00f6ffentlichte Studie zeigt, wie glaubw\u00fcrdig sich Schweizer Unternehmen positionieren k\u00f6nnen. Der f\u00fcr die repr\u00e4sentative Studie der Managementberatung Globeone eigens entwickelte \u00abPurpose Readiness Index\u00bb (PRI) setzt sich aus 15 Purpose-relevanten Imageattributen in f\u00fcnf Imagedimensionen zusammen. Der auf Basis der Befragungsergebnisse erstellte PRI zeigt demnach auf einer Skala von eins bis hundert sowie in vier [&hellip;]<\/p>\n","protected":false},"author":4,"featured_media":19515,"comment_status":"closed","ping_status":"closed","sticky":false,"template":"","format":"standard","meta":{"_acf_changed":false,"_yoast_wpseo_focuskw":"Purpose","_yoast_wpseo_metadesc":"Viele Schweizer Unternehmen k\u00f6nnen sich glaubw\u00fcrdig \u00fcber einen gesellschaftlich relevanten Purpose positionieren, wie eine Studie zeigt.","articlekey":"","footnotes":""},"categories":[28],"tags":[335,339,3710,404,459],"class_list":["post-19514","post","type-post","status-publish","format-standard","has-post-thumbnail","hentry","category-management","tag-management-und-unternehmensfuehrung","tag-marketing","tag-positionierung","tag-ranking","tag-studie"],"acf":[],"yoast_head":"<!-- This site is optimized with the Yoast SEO plugin v27.5 - https:\/\/yoast.com\/product\/yoast-seo-wordpress\/ -->\n<title>Purpose: Wie viele Schweizer Unternehmen sind diesbez\u00fcglich glaubw\u00fcrdig? - Organisator<\/title>\n<meta name=\"description\" content=\"Viele Schweizer Unternehmen k\u00f6nnen sich glaubw\u00fcrdig \u00fcber einen gesellschaftlich relevanten Purpose positionieren, wie eine Studie zeigt.\" \/>\n<meta name=\"robots\" content=\"index, follow, max-snippet:-1, max-image-preview:large, max-video-preview:-1\" \/>\n<link rel=\"canonical\" href=\"https:\/\/www.organisator.ch\/en\/management\/2023-04-03\/purpose-wie-viele-schweizer-unternehmen-sind-diesbezueglich-glaubwuerdig\/\" \/>\n<meta property=\"og:locale\" content=\"en_US\" \/>\n<meta property=\"og:type\" content=\"article\" \/>\n<meta property=\"og:title\" content=\"Purpose: Wie viele Schweizer Unternehmen sind diesbez\u00fcglich glaubw\u00fcrdig?\" \/>\n<meta property=\"og:description\" content=\"Viele Schweizer Unternehmen k\u00f6nnen sich glaubw\u00fcrdig \u00fcber einen gesellschaftlich relevanten Purpose positionieren, wie eine Studie zeigt.\" \/>\n<meta property=\"og:url\" content=\"https:\/\/www.organisator.ch\/en\/management\/2023-04-03\/purpose-wie-viele-schweizer-unternehmen-sind-diesbezueglich-glaubwuerdig\/\" \/>\n<meta property=\"og:site_name\" content=\"Organisator\" \/>\n<meta property=\"article:publisher\" content=\"https:\/\/www.facebook.com\/OrganisatorFachmagazin\" \/>\n<meta property=\"article:published_time\" content=\"2023-04-03T11:48:55+00:00\" \/>\n<meta property=\"article:modified_time\" content=\"2023-04-05T07:29:05+00:00\" \/>\n<meta property=\"og:image\" content=\"https:\/\/www.organisator.ch\/wp-content\/uploads\/2023\/04\/Purpose-Wie-viele-Schweizer-Unternehmen-sind-diesbezueglich-glaubwuerdig_Organisator.jpg\" \/>\n\t<meta property=\"og:image:width\" content=\"680\" \/>\n\t<meta property=\"og:image:height\" content=\"462\" \/>\n\t<meta property=\"og:image:type\" content=\"image\/jpeg\" \/>\n<meta name=\"author\" content=\"thomas.berner\" \/>\n<meta name=\"twitter:card\" content=\"summary_large_image\" \/>\n<meta name=\"twitter:title\" content=\"#Purpose: Wie viele Schweizer #Unternehmen sind diesbez\u00fcglich glaubw\u00fcrdig?\" \/>\n<meta name=\"twitter:description\" content=\"Viele Schweizer #Unternehmen k\u00f6nnen sich #glaubw\u00fcrdig \u00fcber einen gesellschaftlich relevanten #Purpose positionieren, wie eine Studie zeigt.\" \/>\n<meta name=\"twitter:image\" content=\"https:\/\/www.organisator.ch\/wp-content\/uploads\/2023\/04\/Purpose-Wie-viele-Schweizer-Unternehmen-sind-diesbezueglich-glaubwuerdig_Organisator.jpg\" \/>\n<script type=\"application\/ld+json\" class=\"yoast-schema-graph\">{\"@context\":\"https:\\\/\\\/schema.org\",\"@graph\":[{\"@type\":\"Article\",\"@id\":\"https:\\\/\\\/www.organisator.ch\\\/management\\\/2023-04-03\\\/purpose-wie-viele-schweizer-unternehmen-sind-diesbezueglich-glaubwuerdig\\\/#article\",\"isPartOf\":{\"@id\":\"https:\\\/\\\/www.organisator.ch\\\/management\\\/2023-04-03\\\/purpose-wie-viele-schweizer-unternehmen-sind-diesbezueglich-glaubwuerdig\\\/\"},\"author\":{\"name\":\"thomas.berner\",\"@id\":\"https:\\\/\\\/www.organisator.ch\\\/#\\\/schema\\\/person\\\/6f650f90b2842cd4c0cc334b4e36f67e\"},\"headline\":\"Purpose: Wie viele Schweizer Unternehmen sind diesbez\u00fcglich glaubw\u00fcrdig?\",\"datePublished\":\"2023-04-03T11:48:55+00:00\",\"dateModified\":\"2023-04-05T07:29:05+00:00\",\"mainEntityOfPage\":{\"@id\":\"https:\\\/\\\/www.organisator.ch\\\/management\\\/2023-04-03\\\/purpose-wie-viele-schweizer-unternehmen-sind-diesbezueglich-glaubwuerdig\\\/\"},\"wordCount\":681,\"publisher\":{\"@id\":\"https:\\\/\\\/www.organisator.ch\\\/#organization\"},\"image\":{\"@id\":\"https:\\\/\\\/www.organisator.ch\\\/management\\\/2023-04-03\\\/purpose-wie-viele-schweizer-unternehmen-sind-diesbezueglich-glaubwuerdig\\\/#primaryimage\"},\"thumbnailUrl\":\"https:\\\/\\\/www.organisator.ch\\\/wp-content\\\/uploads\\\/2023\\\/04\\\/Purpose-Wie-viele-Schweizer-Unternehmen-sind-diesbezueglich-glaubwuerdig_Organisator.jpg\",\"keywords\":[\"Management und Unternehmensf\u00fchrung\",\"Marketing\",\"Positionierung\",\"Ranking\",\"Studie\"],\"articleSection\":[\"MANAGEMENT\"],\"inLanguage\":\"en-US\"},{\"@type\":\"WebPage\",\"@id\":\"https:\\\/\\\/www.organisator.ch\\\/management\\\/2023-04-03\\\/purpose-wie-viele-schweizer-unternehmen-sind-diesbezueglich-glaubwuerdig\\\/\",\"url\":\"https:\\\/\\\/www.organisator.ch\\\/management\\\/2023-04-03\\\/purpose-wie-viele-schweizer-unternehmen-sind-diesbezueglich-glaubwuerdig\\\/\",\"name\":\"Purpose: Wie viele Schweizer Unternehmen sind diesbez\u00fcglich glaubw\u00fcrdig? - Organisator\",\"isPartOf\":{\"@id\":\"https:\\\/\\\/www.organisator.ch\\\/#website\"},\"primaryImageOfPage\":{\"@id\":\"https:\\\/\\\/www.organisator.ch\\\/management\\\/2023-04-03\\\/purpose-wie-viele-schweizer-unternehmen-sind-diesbezueglich-glaubwuerdig\\\/#primaryimage\"},\"image\":{\"@id\":\"https:\\\/\\\/www.organisator.ch\\\/management\\\/2023-04-03\\\/purpose-wie-viele-schweizer-unternehmen-sind-diesbezueglich-glaubwuerdig\\\/#primaryimage\"},\"thumbnailUrl\":\"https:\\\/\\\/www.organisator.ch\\\/wp-content\\\/uploads\\\/2023\\\/04\\\/Purpose-Wie-viele-Schweizer-Unternehmen-sind-diesbezueglich-glaubwuerdig_Organisator.jpg\",\"datePublished\":\"2023-04-03T11:48:55+00:00\",\"dateModified\":\"2023-04-05T07:29:05+00:00\",\"description\":\"Viele Schweizer Unternehmen k\u00f6nnen sich glaubw\u00fcrdig \u00fcber einen gesellschaftlich relevanten Purpose positionieren, wie eine Studie zeigt.\",\"breadcrumb\":{\"@id\":\"https:\\\/\\\/www.organisator.ch\\\/management\\\/2023-04-03\\\/purpose-wie-viele-schweizer-unternehmen-sind-diesbezueglich-glaubwuerdig\\\/#breadcrumb\"},\"inLanguage\":\"en-US\",\"potentialAction\":[{\"@type\":\"ReadAction\",\"target\":[\"https:\\\/\\\/www.organisator.ch\\\/management\\\/2023-04-03\\\/purpose-wie-viele-schweizer-unternehmen-sind-diesbezueglich-glaubwuerdig\\\/\"]}]},{\"@type\":\"ImageObject\",\"inLanguage\":\"en-US\",\"@id\":\"https:\\\/\\\/www.organisator.ch\\\/management\\\/2023-04-03\\\/purpose-wie-viele-schweizer-unternehmen-sind-diesbezueglich-glaubwuerdig\\\/#primaryimage\",\"url\":\"https:\\\/\\\/www.organisator.ch\\\/wp-content\\\/uploads\\\/2023\\\/04\\\/Purpose-Wie-viele-Schweizer-Unternehmen-sind-diesbezueglich-glaubwuerdig_Organisator.jpg\",\"contentUrl\":\"https:\\\/\\\/www.organisator.ch\\\/wp-content\\\/uploads\\\/2023\\\/04\\\/Purpose-Wie-viele-Schweizer-Unternehmen-sind-diesbezueglich-glaubwuerdig_Organisator.jpg\",\"width\":680,\"height\":462,\"caption\":\"Wie glaubw\u00fcrdig kommunizieren f\u00fchrende Schweizer Unternehmen ihren gesellschaftlich relevanten Unternehmenszweck? Eine Studie diesbez\u00fcglich einen \\\"Purpose Readiness Index\\\" entwickelt. (Bild: Unsplash.com)\"},{\"@type\":\"BreadcrumbList\",\"@id\":\"https:\\\/\\\/www.organisator.ch\\\/management\\\/2023-04-03\\\/purpose-wie-viele-schweizer-unternehmen-sind-diesbezueglich-glaubwuerdig\\\/#breadcrumb\",\"itemListElement\":[{\"@type\":\"ListItem\",\"position\":1,\"name\":\"Home\",\"item\":\"https:\\\/\\\/www.organisator.ch\\\/\"},{\"@type\":\"ListItem\",\"position\":2,\"name\":\"Purpose: Wie viele Schweizer Unternehmen sind diesbez\u00fcglich glaubw\u00fcrdig?\"}]},{\"@type\":\"WebSite\",\"@id\":\"https:\\\/\\\/www.organisator.ch\\\/#website\",\"url\":\"https:\\\/\\\/www.organisator.ch\\\/\",\"name\":\"Organisator\",\"description\":\"Kompetent. Praxisnah. Der ORGANISATOR bereitet in 10 Ausgaben pro Jahr die wesentlichen Themen f\u00fcr F\u00fchrungskr\u00e4fte von KMU auf.\",\"publisher\":{\"@id\":\"https:\\\/\\\/www.organisator.ch\\\/#organization\"},\"potentialAction\":[{\"@type\":\"SearchAction\",\"target\":{\"@type\":\"EntryPoint\",\"urlTemplate\":\"https:\\\/\\\/www.organisator.ch\\\/?s={search_term_string}\"},\"query-input\":{\"@type\":\"PropertyValueSpecification\",\"valueRequired\":true,\"valueName\":\"search_term_string\"}}],\"inLanguage\":\"en-US\"},{\"@type\":\"Organization\",\"@id\":\"https:\\\/\\\/www.organisator.ch\\\/#organization\",\"name\":\"Organisator\",\"url\":\"https:\\\/\\\/www.organisator.ch\\\/\",\"logo\":{\"@type\":\"ImageObject\",\"inLanguage\":\"en-US\",\"@id\":\"https:\\\/\\\/www.organisator.ch\\\/#\\\/schema\\\/logo\\\/image\\\/\",\"url\":\"https:\\\/\\\/www.organisator.ch\\\/wp-content\\\/uploads\\\/2022\\\/01\\\/Logo_Organisator_Website.png\",\"contentUrl\":\"https:\\\/\\\/www.organisator.ch\\\/wp-content\\\/uploads\\\/2022\\\/01\\\/Logo_Organisator_Website.png\",\"width\":800,\"height\":77,\"caption\":\"Organisator\"},\"image\":{\"@id\":\"https:\\\/\\\/www.organisator.ch\\\/#\\\/schema\\\/logo\\\/image\\\/\"},\"sameAs\":[\"https:\\\/\\\/www.facebook.com\\\/OrganisatorFachmagazin\",\"https:\\\/\\\/www.linkedin.com\\\/showcase\\\/organisator-das-magazin-fr-kmu\",\"https:\\\/\\\/www.xing.com\\\/news\\\/pages\\\/organisator-ch-695\",\"https:\\\/\\\/www.youtube.com\\\/channel\\\/UCGP2Sq0iWaZwT3BdIAQFYpw\"]},{\"@type\":\"Person\",\"@id\":\"https:\\\/\\\/www.organisator.ch\\\/#\\\/schema\\\/person\\\/6f650f90b2842cd4c0cc334b4e36f67e\",\"name\":\"thomas.berner\",\"image\":{\"@type\":\"ImageObject\",\"inLanguage\":\"en-US\",\"@id\":\"https:\\\/\\\/secure.gravatar.com\\\/avatar\\\/ac5001d2a36cb6c6cd3e50789007ffca834b477b74a2144564522e944eabff61?s=96&d=mm&r=g\",\"url\":\"https:\\\/\\\/secure.gravatar.com\\\/avatar\\\/ac5001d2a36cb6c6cd3e50789007ffca834b477b74a2144564522e944eabff61?s=96&d=mm&r=g\",\"contentUrl\":\"https:\\\/\\\/secure.gravatar.com\\\/avatar\\\/ac5001d2a36cb6c6cd3e50789007ffca834b477b74a2144564522e944eabff61?s=96&d=mm&r=g\",\"caption\":\"thomas.berner\"},\"url\":\"https:\\\/\\\/www.organisator.ch\\\/en\\\/author\\\/thomas-berner\\\/\"}]}<\/script>\n<!-- \/ Yoast SEO plugin. -->","yoast_head_json":{"title":"Purpose: How many Swiss companies are credible in this regard? - Organizer","description":"Many Swiss companies can position themselves credibly through a socially relevant purpose, as a study shows.","robots":{"index":"index","follow":"follow","max-snippet":"max-snippet:-1","max-image-preview":"max-image-preview:large","max-video-preview":"max-video-preview:-1"},"canonical":"https:\/\/www.organisator.ch\/en\/management\/2023-04-03\/purpose-wie-viele-schweizer-unternehmen-sind-diesbezueglich-glaubwuerdig\/","og_locale":"en_US","og_type":"article","og_title":"Purpose: Wie viele Schweizer Unternehmen sind diesbez\u00fcglich glaubw\u00fcrdig?","og_description":"Viele Schweizer Unternehmen k\u00f6nnen sich glaubw\u00fcrdig \u00fcber einen gesellschaftlich relevanten Purpose positionieren, wie eine Studie zeigt.","og_url":"https:\/\/www.organisator.ch\/en\/management\/2023-04-03\/purpose-wie-viele-schweizer-unternehmen-sind-diesbezueglich-glaubwuerdig\/","og_site_name":"Organisator","article_publisher":"https:\/\/www.facebook.com\/OrganisatorFachmagazin","article_published_time":"2023-04-03T11:48:55+00:00","article_modified_time":"2023-04-05T07:29:05+00:00","og_image":[{"width":680,"height":462,"url":"https:\/\/www.organisator.ch\/wp-content\/uploads\/2023\/04\/Purpose-Wie-viele-Schweizer-Unternehmen-sind-diesbezueglich-glaubwuerdig_Organisator.jpg","type":"image\/jpeg"}],"author":"thomas.berner","twitter_card":"summary_large_image","twitter_title":"#Purpose: Wie viele Schweizer #Unternehmen sind diesbez\u00fcglich glaubw\u00fcrdig?","twitter_description":"Viele Schweizer #Unternehmen k\u00f6nnen sich #glaubw\u00fcrdig \u00fcber einen gesellschaftlich relevanten #Purpose positionieren, wie eine Studie zeigt.","twitter_image":"https:\/\/www.organisator.ch\/wp-content\/uploads\/2023\/04\/Purpose-Wie-viele-Schweizer-Unternehmen-sind-diesbezueglich-glaubwuerdig_Organisator.jpg","schema":{"@context":"https:\/\/schema.org","@graph":[{"@type":"Article","@id":"https:\/\/www.organisator.ch\/management\/2023-04-03\/purpose-wie-viele-schweizer-unternehmen-sind-diesbezueglich-glaubwuerdig\/#article","isPartOf":{"@id":"https:\/\/www.organisator.ch\/management\/2023-04-03\/purpose-wie-viele-schweizer-unternehmen-sind-diesbezueglich-glaubwuerdig\/"},"author":{"name":"thomas.berner","@id":"https:\/\/www.organisator.ch\/#\/schema\/person\/6f650f90b2842cd4c0cc334b4e36f67e"},"headline":"Purpose: Wie viele Schweizer Unternehmen sind diesbez\u00fcglich glaubw\u00fcrdig?","datePublished":"2023-04-03T11:48:55+00:00","dateModified":"2023-04-05T07:29:05+00:00","mainEntityOfPage":{"@id":"https:\/\/www.organisator.ch\/management\/2023-04-03\/purpose-wie-viele-schweizer-unternehmen-sind-diesbezueglich-glaubwuerdig\/"},"wordCount":681,"publisher":{"@id":"https:\/\/www.organisator.ch\/#organization"},"image":{"@id":"https:\/\/www.organisator.ch\/management\/2023-04-03\/purpose-wie-viele-schweizer-unternehmen-sind-diesbezueglich-glaubwuerdig\/#primaryimage"},"thumbnailUrl":"https:\/\/www.organisator.ch\/wp-content\/uploads\/2023\/04\/Purpose-Wie-viele-Schweizer-Unternehmen-sind-diesbezueglich-glaubwuerdig_Organisator.jpg","keywords":["Management und Unternehmensf\u00fchrung","Marketing","Positionierung","Ranking","Studie"],"articleSection":["MANAGEMENT"],"inLanguage":"en-US"},{"@type":"WebPage","@id":"https:\/\/www.organisator.ch\/management\/2023-04-03\/purpose-wie-viele-schweizer-unternehmen-sind-diesbezueglich-glaubwuerdig\/","url":"https:\/\/www.organisator.ch\/management\/2023-04-03\/purpose-wie-viele-schweizer-unternehmen-sind-diesbezueglich-glaubwuerdig\/","name":"Purpose: How many Swiss companies are credible in this regard? - Organizer","isPartOf":{"@id":"https:\/\/www.organisator.ch\/#website"},"primaryImageOfPage":{"@id":"https:\/\/www.organisator.ch\/management\/2023-04-03\/purpose-wie-viele-schweizer-unternehmen-sind-diesbezueglich-glaubwuerdig\/#primaryimage"},"image":{"@id":"https:\/\/www.organisator.ch\/management\/2023-04-03\/purpose-wie-viele-schweizer-unternehmen-sind-diesbezueglich-glaubwuerdig\/#primaryimage"},"thumbnailUrl":"https:\/\/www.organisator.ch\/wp-content\/uploads\/2023\/04\/Purpose-Wie-viele-Schweizer-Unternehmen-sind-diesbezueglich-glaubwuerdig_Organisator.jpg","datePublished":"2023-04-03T11:48:55+00:00","dateModified":"2023-04-05T07:29:05+00:00","description":"Many Swiss companies can position themselves credibly through a socially relevant purpose, as a study shows.","breadcrumb":{"@id":"https:\/\/www.organisator.ch\/management\/2023-04-03\/purpose-wie-viele-schweizer-unternehmen-sind-diesbezueglich-glaubwuerdig\/#breadcrumb"},"inLanguage":"en-US","potentialAction":[{"@type":"ReadAction","target":["https:\/\/www.organisator.ch\/management\/2023-04-03\/purpose-wie-viele-schweizer-unternehmen-sind-diesbezueglich-glaubwuerdig\/"]}]},{"@type":"ImageObject","inLanguage":"en-US","@id":"https:\/\/www.organisator.ch\/management\/2023-04-03\/purpose-wie-viele-schweizer-unternehmen-sind-diesbezueglich-glaubwuerdig\/#primaryimage","url":"https:\/\/www.organisator.ch\/wp-content\/uploads\/2023\/04\/Purpose-Wie-viele-Schweizer-Unternehmen-sind-diesbezueglich-glaubwuerdig_Organisator.jpg","contentUrl":"https:\/\/www.organisator.ch\/wp-content\/uploads\/2023\/04\/Purpose-Wie-viele-Schweizer-Unternehmen-sind-diesbezueglich-glaubwuerdig_Organisator.jpg","width":680,"height":462,"caption":"Wie glaubw\u00fcrdig kommunizieren f\u00fchrende Schweizer Unternehmen ihren gesellschaftlich relevanten Unternehmenszweck? Eine Studie diesbez\u00fcglich einen \"Purpose Readiness Index\" entwickelt. (Bild: Unsplash.com)"},{"@type":"BreadcrumbList","@id":"https:\/\/www.organisator.ch\/management\/2023-04-03\/purpose-wie-viele-schweizer-unternehmen-sind-diesbezueglich-glaubwuerdig\/#breadcrumb","itemListElement":[{"@type":"ListItem","position":1,"name":"Home","item":"https:\/\/www.organisator.ch\/"},{"@type":"ListItem","position":2,"name":"Purpose: Wie viele Schweizer Unternehmen sind diesbez\u00fcglich glaubw\u00fcrdig?"}]},{"@type":"WebSite","@id":"https:\/\/www.organisator.ch\/#website","url":"https:\/\/www.organisator.ch\/","name":"Organizer","description":"Competent. Practical. In 10 issues per year, ORGANISATOR presents the essential topics for managers of SMEs.","publisher":{"@id":"https:\/\/www.organisator.ch\/#organization"},"potentialAction":[{"@type":"SearchAction","target":{"@type":"EntryPoint","urlTemplate":"https:\/\/www.organisator.ch\/?s={search_term_string}"},"query-input":{"@type":"PropertyValueSpecification","valueRequired":true,"valueName":"search_term_string"}}],"inLanguage":"en-US"},{"@type":"Organization","@id":"https:\/\/www.organisator.ch\/#organization","name":"Organizer","url":"https:\/\/www.organisator.ch\/","logo":{"@type":"ImageObject","inLanguage":"en-US","@id":"https:\/\/www.organisator.ch\/#\/schema\/logo\/image\/","url":"https:\/\/www.organisator.ch\/wp-content\/uploads\/2022\/01\/Logo_Organisator_Website.png","contentUrl":"https:\/\/www.organisator.ch\/wp-content\/uploads\/2022\/01\/Logo_Organisator_Website.png","width":800,"height":77,"caption":"Organisator"},"image":{"@id":"https:\/\/www.organisator.ch\/#\/schema\/logo\/image\/"},"sameAs":["https:\/\/www.facebook.com\/OrganisatorFachmagazin","https:\/\/www.linkedin.com\/showcase\/organisator-das-magazin-fr-kmu","https:\/\/www.xing.com\/news\/pages\/organisator-ch-695","https:\/\/www.youtube.com\/channel\/UCGP2Sq0iWaZwT3BdIAQFYpw"]},{"@type":"Person","@id":"https:\/\/www.organisator.ch\/#\/schema\/person\/6f650f90b2842cd4c0cc334b4e36f67e","name":"thomas.berner","image":{"@type":"ImageObject","inLanguage":"en-US","@id":"https:\/\/secure.gravatar.com\/avatar\/ac5001d2a36cb6c6cd3e50789007ffca834b477b74a2144564522e944eabff61?s=96&d=mm&r=g","url":"https:\/\/secure.gravatar.com\/avatar\/ac5001d2a36cb6c6cd3e50789007ffca834b477b74a2144564522e944eabff61?s=96&d=mm&r=g","contentUrl":"https:\/\/secure.gravatar.com\/avatar\/ac5001d2a36cb6c6cd3e50789007ffca834b477b74a2144564522e944eabff61?s=96&d=mm&r=g","caption":"thomas.berner"},"url":"https:\/\/www.organisator.ch\/en\/author\/thomas-berner\/"}]}},"_links":{"self":[{"href":"https:\/\/www.organisator.ch\/en\/wp-json\/wp\/v2\/posts\/19514","targetHints":{"allow":["GET"]}}],"collection":[{"href":"https:\/\/www.organisator.ch\/en\/wp-json\/wp\/v2\/posts"}],"about":[{"href":"https:\/\/www.organisator.ch\/en\/wp-json\/wp\/v2\/types\/post"}],"author":[{"embeddable":true,"href":"https:\/\/www.organisator.ch\/en\/wp-json\/wp\/v2\/users\/4"}],"replies":[{"embeddable":true,"href":"https:\/\/www.organisator.ch\/en\/wp-json\/wp\/v2\/comments?post=19514"}],"version-history":[{"count":1,"href":"https:\/\/www.organisator.ch\/en\/wp-json\/wp\/v2\/posts\/19514\/revisions"}],"predecessor-version":[{"id":19518,"href":"https:\/\/www.organisator.ch\/en\/wp-json\/wp\/v2\/posts\/19514\/revisions\/19518"}],"wp:featuredmedia":[{"embeddable":true,"href":"https:\/\/www.organisator.ch\/en\/wp-json\/wp\/v2\/media\/19515"}],"wp:attachment":[{"href":"https:\/\/www.organisator.ch\/en\/wp-json\/wp\/v2\/media?parent=19514"}],"wp:term":[{"taxonomy":"category","embeddable":true,"href":"https:\/\/www.organisator.ch\/en\/wp-json\/wp\/v2\/categories?post=19514"},{"taxonomy":"post_tag","embeddable":true,"href":"https:\/\/www.organisator.ch\/en\/wp-json\/wp\/v2\/tags?post=19514"}],"curies":[{"name":"wp","href":"https:\/\/api.w.org\/{rel}","templated":true}]}}