{"id":19521,"date":"2023-04-04T08:41:01","date_gmt":"2023-04-04T06:41:01","guid":{"rendered":"https:\/\/www.organisator.ch\/?p=19521"},"modified":"2023-04-04T08:41:01","modified_gmt":"2023-04-04T06:41:01","slug":"umfrage-unter-kv-lehrabgaengerinnen-ueberstunden-und-digitalisierung-im-fokus","status":"publish","type":"post","link":"https:\/\/www.organisator.ch\/en\/weiterbildung\/2023-04-04\/umfrage-unter-kv-lehrabgaengerinnen-ueberstunden-und-digitalisierung-im-fokus\/","title":{"rendered":"Survey among commercial apprentices: Focus on overtime and digitization"},"content":{"rendered":"<figure id=\"attachment_19522\" aria-describedby=\"caption-attachment-19522\" style=\"width: 680px\" class=\"wp-caption alignnone\"><img loading=\"lazy\" decoding=\"async\" class=\"size-full wp-image-19522\" src=\"https:\/\/www.organisator.ch\/wp-content\/uploads\/2023\/04\/Umfrage-unter-KV-Lehrabgaengerinnen-Ueberstunden-und-Digitalisierung-im-Fokus_Organisator.jpg\" alt=\"\" width=\"680\" height=\"424\" srcset=\"https:\/\/www.organisator.ch\/wp-content\/uploads\/2023\/04\/Umfrage-unter-KV-Lehrabgaengerinnen-Ueberstunden-und-Digitalisierung-im-Fokus_Organisator.jpg 680w, https:\/\/www.organisator.ch\/wp-content\/uploads\/2023\/04\/Umfrage-unter-KV-Lehrabgaengerinnen-Ueberstunden-und-Digitalisierung-im-Fokus_Organisator-18x12.jpg 18w, https:\/\/www.organisator.ch\/wp-content\/uploads\/2023\/04\/Umfrage-unter-KV-Lehrabgaengerinnen-Ueberstunden-und-Digitalisierung-im-Fokus_Organisator-375x234.jpg 375w, https:\/\/www.organisator.ch\/wp-content\/uploads\/2023\/04\/Umfrage-unter-KV-Lehrabgaengerinnen-Ueberstunden-und-Digitalisierung-im-Fokus_Organisator-561x350.jpg 561w\" sizes=\"auto, (max-width: 680px) 100vw, 680px\" \/><figcaption id=\"caption-attachment-19522\" class=\"wp-caption-text\">No fear of digitization, but lots of overtime: This is what KV apprentices say in a recent survey. (Image: Unsplash.com)<\/figcaption><\/figure>\n<p>With over 12,000 graduates per year, the commercial apprenticeship is the most popular basic education in Switzerland. In order to monitor the situation during and after the apprenticeship as well as the future plans of young professionals, the Swiss Commercial Association has conducted an annual survey of commercial apprentices in Switzerland since 2006. In the first survey wave of this year's apprenticeship leavers survey in July 2022, around 4,000 people took part, i.e. just under a third of all commercial apprentices in Switzerland; in the second survey wave in November 2022, around 1,600 people took part. In view of the KV reform, which will start in the summer of 2023, the Swiss Commercial Association, in cooperation with the Institute of Political Science at the University of Zurich, has placed the focus on digitalization.<\/p>\n<h3>Stable job situation and many further training plans<\/h3>\n<p>The majority of graduates (65.9%) are employed at the time of the second survey wave in November 2022 (see chart 1). Although the proportion of employed persons is slightly lower than in the previous year, it remains in line with the average of the last five years. Around 25.5% are in a non-employment situation after apprenticeship, such as further education, language study or military service. Only 5.5% are looking for a job in November 2022.<\/p>\n<figure id=\"attachment_19523\" aria-describedby=\"caption-attachment-19523\" style=\"width: 680px\" class=\"wp-caption alignnone\"><img loading=\"lazy\" decoding=\"async\" class=\"size-full wp-image-19523\" src=\"https:\/\/www.organisator.ch\/wp-content\/uploads\/2023\/04\/Umfrage-unter-KV-Lehrabgaengerinnen-Ueberstunden-und-Digitalisierung-im-Fokus-1_Organisator.jpg\" alt=\"\" width=\"680\" height=\"412\" srcset=\"https:\/\/www.organisator.ch\/wp-content\/uploads\/2023\/04\/Umfrage-unter-KV-Lehrabgaengerinnen-Ueberstunden-und-Digitalisierung-im-Fokus-1_Organisator.jpg 680w, https:\/\/www.organisator.ch\/wp-content\/uploads\/2023\/04\/Umfrage-unter-KV-Lehrabgaengerinnen-Ueberstunden-und-Digitalisierung-im-Fokus-1_Organisator-18x12.jpg 18w, https:\/\/www.organisator.ch\/wp-content\/uploads\/2023\/04\/Umfrage-unter-KV-Lehrabgaengerinnen-Ueberstunden-und-Digitalisierung-im-Fokus-1_Organisator-375x227.jpg 375w, https:\/\/www.organisator.ch\/wp-content\/uploads\/2023\/04\/Umfrage-unter-KV-Lehrabgaengerinnen-Ueberstunden-und-Digitalisierung-im-Fokus-1_Organisator-578x350.jpg 578w\" sizes=\"auto, (max-width: 680px) 100vw, 680px\" \/><figcaption id=\"caption-attachment-19523\" class=\"wp-caption-text\">Chart 1: Employment four months after completion of apprenticeship (in percent). (Graphic: KV Switzerland)<\/figcaption><\/figure>\n<h3>Overtime and compensation during apprenticeship<\/h3>\n<p>One focus of the 2022 survey is on overtime during apprenticeship: Almost two thirds of all participants (63%) stated that they had to work overtime during their basic training. Of these, 40% of the cases are voluntary overtime as part of flexitime and flexible working hours. Also 40% worked involuntary overtime to complete work assignments. \"The proportion of people who had to work involuntary overtime on a weekly basis is worrying,\" emphasizes Kathrin Ziltener, specialist in charge of vocational training at the Swiss Commercial Association. That is around 7% of all participants. Another 12% had to work involuntary overtime several times a month. \"Especially during apprenticeships, where work and school already represent a double burden, frequent and long overtime hours can have a negative impact on the mental health of learners.\"<\/p>\n<h3>Majority positive perception of digitization<\/h3>\n<p>Digitization is changing the world of work in many industries and is also having a significant impact on everyday working life in the commercial sector. Routine activities are increasingly being eliminated, while analytical, coordinative and interpersonal activities are becoming more central. This is why the Swiss Commercial Association, in collaboration with the Institute of Political Science at the University of Zurich, investigated how apprentices perceive digitalization. The majority of participants see digitization as an opportunity (72%) rather than a risk (21%) - 7% did not comment on this question. The most common reason given by apprentices for their positive view is that digitization makes work easier. Prof. Dr. Thomas Kurer, Assistant Professor at the Institute of Political Science at the University of Zurich, adds: \"The participants confirmed that they feel well prepared for the working world as a result of their training. Nevertheless, Kurer points out, \"However, digitization is not seen by everyone only as a positive force. Around one-fifth are worried about their professional future.\" The main reason for this, he says, is the fear that computers or software will replace human labor.<\/p>\n<figure id=\"attachment_19524\" aria-describedby=\"caption-attachment-19524\" style=\"width: 680px\" class=\"wp-caption alignnone\"><img loading=\"lazy\" decoding=\"async\" class=\"size-full wp-image-19524\" src=\"https:\/\/www.organisator.ch\/wp-content\/uploads\/2023\/04\/Umfrage-unter-KV-Lehrabgaengerinnen-Ueberstunden-und-Digitalisierung-im-Fokus-2_Organisator.jpg\" alt=\"\" width=\"680\" height=\"432\" srcset=\"https:\/\/www.organisator.ch\/wp-content\/uploads\/2023\/04\/Umfrage-unter-KV-Lehrabgaengerinnen-Ueberstunden-und-Digitalisierung-im-Fokus-2_Organisator.jpg 680w, https:\/\/www.organisator.ch\/wp-content\/uploads\/2023\/04\/Umfrage-unter-KV-Lehrabgaengerinnen-Ueberstunden-und-Digitalisierung-im-Fokus-2_Organisator-18x12.jpg 18w, https:\/\/www.organisator.ch\/wp-content\/uploads\/2023\/04\/Umfrage-unter-KV-Lehrabgaengerinnen-Ueberstunden-und-Digitalisierung-im-Fokus-2_Organisator-375x238.jpg 375w, https:\/\/www.organisator.ch\/wp-content\/uploads\/2023\/04\/Umfrage-unter-KV-Lehrabgaengerinnen-Ueberstunden-und-Digitalisierung-im-Fokus-2_Organisator-551x350.jpg 551w\" sizes=\"auto, (max-width: 680px) 100vw, 680px\" \/><figcaption id=\"caption-attachment-19524\" class=\"wp-caption-text\">Figure 2: Digitalization: Perception of apprenticeship graduates. (Graphic: KV Switzerland)<\/figcaption><\/figure>\n<p>At the same time, the apprenticeship graduates realistically note that automation and digitization will fundamentally change many areas of daily work. The participants estimate that, theoretically, an average of 48% of their work could be digitized (see Figure 2). This roughly corresponds to an empirical study by the OECD, which estimates the proportion of automatable activities in the commercial sector at 57%.<\/p>\n<h3>Commercial apprentices feel well prepared<\/h3>\n<p>In summary, most participants see changes brought about by digitization as an opportunity and have a positive view of the digital transformation. \"Basic commercial training is seen as a valuable foundation and good preparation for the modern job market,\" adds Ziltener. \"At the same time, there is a high awareness of the importance and necessity of ongoing training.\"<\/p>\n<p><em>Source: <a href=\"http:\/\/www.kfmv.ch\">KV Switzerland<\/a><\/em><\/p>","protected":false},"excerpt":{"rendered":"<p>Mit \u00fcber 12 000 Absolvierenden pro Jahr ist die KV-Lehre die beliebteste Grundbildung der Schweiz. Um die Situation w\u00e4hrend und nach der Lehre sowie die Zukunftspl\u00e4ne der jungen Berufsleute zu observieren, f\u00fchrt der Kaufm\u00e4nnische Verband seit 2006 j\u00e4hrlich eine Umfrage bei KV-Lehrabg\u00e4nger:innen in der Schweiz durch. An der ersten Erhebungswelle der diesj\u00e4hrigen Lehrabg\u00e4nger:innen-Umfrage im Juli [&hellip;]<\/p>\n","protected":false},"author":4,"featured_media":19522,"comment_status":"closed","ping_status":"closed","sticky":false,"template":"","format":"standard","meta":{"_acf_changed":false,"_yoast_wpseo_focuskw":"KV-Lehrabg\u00e4nger:innen","_yoast_wpseo_metadesc":"Die Umfrage 2022 unter KV-Lehrabg\u00e4nger:innen zeigt, dass ein Grossteil der Befragten optimistisch auf die digitalen Ver\u00e4nderungen blickt.","articlekey":"","footnotes":""},"categories":[30],"tags":[62,3351,487],"class_list":["post-19521","post","type-post","status-publish","format-standard","has-post-thumbnail","hentry","category-weiterbildung","tag-aus-weiterbildung","tag-kaufmaennische-berufsbildung","tag-umfrage"],"acf":[],"yoast_head":"<!-- This site is optimized with the Yoast SEO plugin v27.5 - https:\/\/yoast.com\/product\/yoast-seo-wordpress\/ -->\n<title>Umfrage unter KV-Lehrabg\u00e4nger:innen: \u00dcberstunden und Digitalisierung im Fokus - Organisator<\/title>\n<meta name=\"description\" content=\"Die Umfrage 2022 unter KV-Lehrabg\u00e4nger:innen zeigt, dass ein Grossteil der Befragten optimistisch auf die digitalen Ver\u00e4nderungen blickt.\" \/>\n<meta name=\"robots\" content=\"index, follow, max-snippet:-1, max-image-preview:large, max-video-preview:-1\" \/>\n<link rel=\"canonical\" href=\"https:\/\/www.organisator.ch\/en\/further-education\/2023-04-04\/umfrage-unter-kv-lehrabgaengerinnen-ueberstunden-und-digitalisierung-im-fokus\/\" \/>\n<meta property=\"og:locale\" content=\"en_US\" \/>\n<meta property=\"og:type\" content=\"article\" \/>\n<meta property=\"og:title\" content=\"Umfrage unter KV-Lehrabg\u00e4nger:innen: \u00dcberstunden und Digitalisierung im Fokus\" \/>\n<meta property=\"og:description\" content=\"Die Umfrage 2022 unter KV-Lehrabg\u00e4nger:innen zeigt, dass ein Grossteil der Befragten optimistisch auf die digitalen Ver\u00e4nderungen blickt.\" \/>\n<meta property=\"og:url\" content=\"https:\/\/www.organisator.ch\/en\/further-education\/2023-04-04\/umfrage-unter-kv-lehrabgaengerinnen-ueberstunden-und-digitalisierung-im-fokus\/\" \/>\n<meta property=\"og:site_name\" content=\"Organisator\" \/>\n<meta property=\"article:publisher\" content=\"https:\/\/www.facebook.com\/OrganisatorFachmagazin\" \/>\n<meta property=\"article:published_time\" content=\"2023-04-04T06:41:01+00:00\" \/>\n<meta property=\"og:image\" content=\"https:\/\/www.organisator.ch\/wp-content\/uploads\/2023\/04\/Umfrage-unter-KV-Lehrabgaengerinnen-Ueberstunden-und-Digitalisierung-im-Fokus_Organisator.jpg\" \/>\n\t<meta property=\"og:image:width\" content=\"680\" \/>\n\t<meta property=\"og:image:height\" content=\"424\" \/>\n\t<meta property=\"og:image:type\" content=\"image\/jpeg\" \/>\n<meta name=\"author\" content=\"thomas.berner\" \/>\n<meta name=\"twitter:card\" content=\"summary_large_image\" \/>\n<meta name=\"twitter:title\" content=\"Umfrage unter #KV-Lehrabg\u00e4nger:innen: #\u00dcberstunden und #Digitalisierung im Fokus\" \/>\n<meta name=\"twitter:description\" content=\"Die Umfrage 2022 unter #KV-Lehrabg\u00e4nger:innen zeigt, dass ein Grossteil der Befragten optimistisch auf die digitalen Ver\u00e4nderungen blickt.\" \/>\n<meta name=\"twitter:image\" content=\"https:\/\/www.organisator.ch\/wp-content\/uploads\/2023\/04\/Umfrage-unter-KV-Lehrabgaengerinnen-Ueberstunden-und-Digitalisierung-im-Fokus_Organisator.jpg\" \/>\n<script type=\"application\/ld+json\" class=\"yoast-schema-graph\">{\"@context\":\"https:\\\/\\\/schema.org\",\"@graph\":[{\"@type\":\"Article\",\"@id\":\"https:\\\/\\\/www.organisator.ch\\\/weiterbildung\\\/2023-04-04\\\/umfrage-unter-kv-lehrabgaengerinnen-ueberstunden-und-digitalisierung-im-fokus\\\/#article\",\"isPartOf\":{\"@id\":\"https:\\\/\\\/www.organisator.ch\\\/weiterbildung\\\/2023-04-04\\\/umfrage-unter-kv-lehrabgaengerinnen-ueberstunden-und-digitalisierung-im-fokus\\\/\"},\"author\":{\"name\":\"thomas.berner\",\"@id\":\"https:\\\/\\\/www.organisator.ch\\\/#\\\/schema\\\/person\\\/6f650f90b2842cd4c0cc334b4e36f67e\"},\"headline\":\"Umfrage unter KV-Lehrabg\u00e4nger:innen: \u00dcberstunden und Digitalisierung im Fokus\",\"datePublished\":\"2023-04-04T06:41:01+00:00\",\"mainEntityOfPage\":{\"@id\":\"https:\\\/\\\/www.organisator.ch\\\/weiterbildung\\\/2023-04-04\\\/umfrage-unter-kv-lehrabgaengerinnen-ueberstunden-und-digitalisierung-im-fokus\\\/\"},\"wordCount\":710,\"publisher\":{\"@id\":\"https:\\\/\\\/www.organisator.ch\\\/#organization\"},\"image\":{\"@id\":\"https:\\\/\\\/www.organisator.ch\\\/weiterbildung\\\/2023-04-04\\\/umfrage-unter-kv-lehrabgaengerinnen-ueberstunden-und-digitalisierung-im-fokus\\\/#primaryimage\"},\"thumbnailUrl\":\"https:\\\/\\\/www.organisator.ch\\\/wp-content\\\/uploads\\\/2023\\\/04\\\/Umfrage-unter-KV-Lehrabgaengerinnen-Ueberstunden-und-Digitalisierung-im-Fokus_Organisator.jpg\",\"keywords\":[\"Aus-\\\/Weiterbildung\",\"Kaufm\u00e4nnische Berufsbildung\",\"Umfrage\"],\"articleSection\":[\"WEITERBILDUNG\"],\"inLanguage\":\"en-US\"},{\"@type\":\"WebPage\",\"@id\":\"https:\\\/\\\/www.organisator.ch\\\/weiterbildung\\\/2023-04-04\\\/umfrage-unter-kv-lehrabgaengerinnen-ueberstunden-und-digitalisierung-im-fokus\\\/\",\"url\":\"https:\\\/\\\/www.organisator.ch\\\/weiterbildung\\\/2023-04-04\\\/umfrage-unter-kv-lehrabgaengerinnen-ueberstunden-und-digitalisierung-im-fokus\\\/\",\"name\":\"Umfrage unter KV-Lehrabg\u00e4nger:innen: \u00dcberstunden und Digitalisierung im Fokus - Organisator\",\"isPartOf\":{\"@id\":\"https:\\\/\\\/www.organisator.ch\\\/#website\"},\"primaryImageOfPage\":{\"@id\":\"https:\\\/\\\/www.organisator.ch\\\/weiterbildung\\\/2023-04-04\\\/umfrage-unter-kv-lehrabgaengerinnen-ueberstunden-und-digitalisierung-im-fokus\\\/#primaryimage\"},\"image\":{\"@id\":\"https:\\\/\\\/www.organisator.ch\\\/weiterbildung\\\/2023-04-04\\\/umfrage-unter-kv-lehrabgaengerinnen-ueberstunden-und-digitalisierung-im-fokus\\\/#primaryimage\"},\"thumbnailUrl\":\"https:\\\/\\\/www.organisator.ch\\\/wp-content\\\/uploads\\\/2023\\\/04\\\/Umfrage-unter-KV-Lehrabgaengerinnen-Ueberstunden-und-Digitalisierung-im-Fokus_Organisator.jpg\",\"datePublished\":\"2023-04-04T06:41:01+00:00\",\"description\":\"Die Umfrage 2022 unter KV-Lehrabg\u00e4nger:innen zeigt, dass ein Grossteil der Befragten optimistisch auf die digitalen Ver\u00e4nderungen blickt.\",\"breadcrumb\":{\"@id\":\"https:\\\/\\\/www.organisator.ch\\\/weiterbildung\\\/2023-04-04\\\/umfrage-unter-kv-lehrabgaengerinnen-ueberstunden-und-digitalisierung-im-fokus\\\/#breadcrumb\"},\"inLanguage\":\"en-US\",\"potentialAction\":[{\"@type\":\"ReadAction\",\"target\":[\"https:\\\/\\\/www.organisator.ch\\\/weiterbildung\\\/2023-04-04\\\/umfrage-unter-kv-lehrabgaengerinnen-ueberstunden-und-digitalisierung-im-fokus\\\/\"]}]},{\"@type\":\"ImageObject\",\"inLanguage\":\"en-US\",\"@id\":\"https:\\\/\\\/www.organisator.ch\\\/weiterbildung\\\/2023-04-04\\\/umfrage-unter-kv-lehrabgaengerinnen-ueberstunden-und-digitalisierung-im-fokus\\\/#primaryimage\",\"url\":\"https:\\\/\\\/www.organisator.ch\\\/wp-content\\\/uploads\\\/2023\\\/04\\\/Umfrage-unter-KV-Lehrabgaengerinnen-Ueberstunden-und-Digitalisierung-im-Fokus_Organisator.jpg\",\"contentUrl\":\"https:\\\/\\\/www.organisator.ch\\\/wp-content\\\/uploads\\\/2023\\\/04\\\/Umfrage-unter-KV-Lehrabgaengerinnen-Ueberstunden-und-Digitalisierung-im-Fokus_Organisator.jpg\",\"width\":680,\"height\":424,\"caption\":\"Keine Angst vor Digitalisierung, aber viele \u00dcberstunden: Dies sagen KV-Lehrabg\u00e4nger:innen in einer aktuellen Umfrage. (Bild: Unsplash.com)\"},{\"@type\":\"BreadcrumbList\",\"@id\":\"https:\\\/\\\/www.organisator.ch\\\/weiterbildung\\\/2023-04-04\\\/umfrage-unter-kv-lehrabgaengerinnen-ueberstunden-und-digitalisierung-im-fokus\\\/#breadcrumb\",\"itemListElement\":[{\"@type\":\"ListItem\",\"position\":1,\"name\":\"Home\",\"item\":\"https:\\\/\\\/www.organisator.ch\\\/\"},{\"@type\":\"ListItem\",\"position\":2,\"name\":\"Umfrage unter KV-Lehrabg\u00e4nger:innen: \u00dcberstunden und Digitalisierung im Fokus\"}]},{\"@type\":\"WebSite\",\"@id\":\"https:\\\/\\\/www.organisator.ch\\\/#website\",\"url\":\"https:\\\/\\\/www.organisator.ch\\\/\",\"name\":\"Organisator\",\"description\":\"Kompetent. Praxisnah. Der ORGANISATOR bereitet in 10 Ausgaben pro Jahr die wesentlichen Themen f\u00fcr F\u00fchrungskr\u00e4fte von KMU auf.\",\"publisher\":{\"@id\":\"https:\\\/\\\/www.organisator.ch\\\/#organization\"},\"potentialAction\":[{\"@type\":\"SearchAction\",\"target\":{\"@type\":\"EntryPoint\",\"urlTemplate\":\"https:\\\/\\\/www.organisator.ch\\\/?s={search_term_string}\"},\"query-input\":{\"@type\":\"PropertyValueSpecification\",\"valueRequired\":true,\"valueName\":\"search_term_string\"}}],\"inLanguage\":\"en-US\"},{\"@type\":\"Organization\",\"@id\":\"https:\\\/\\\/www.organisator.ch\\\/#organization\",\"name\":\"Organisator\",\"url\":\"https:\\\/\\\/www.organisator.ch\\\/\",\"logo\":{\"@type\":\"ImageObject\",\"inLanguage\":\"en-US\",\"@id\":\"https:\\\/\\\/www.organisator.ch\\\/#\\\/schema\\\/logo\\\/image\\\/\",\"url\":\"https:\\\/\\\/www.organisator.ch\\\/wp-content\\\/uploads\\\/2022\\\/01\\\/Logo_Organisator_Website.png\",\"contentUrl\":\"https:\\\/\\\/www.organisator.ch\\\/wp-content\\\/uploads\\\/2022\\\/01\\\/Logo_Organisator_Website.png\",\"width\":800,\"height\":77,\"caption\":\"Organisator\"},\"image\":{\"@id\":\"https:\\\/\\\/www.organisator.ch\\\/#\\\/schema\\\/logo\\\/image\\\/\"},\"sameAs\":[\"https:\\\/\\\/www.facebook.com\\\/OrganisatorFachmagazin\",\"https:\\\/\\\/www.linkedin.com\\\/showcase\\\/organisator-das-magazin-fr-kmu\",\"https:\\\/\\\/www.xing.com\\\/news\\\/pages\\\/organisator-ch-695\",\"https:\\\/\\\/www.youtube.com\\\/channel\\\/UCGP2Sq0iWaZwT3BdIAQFYpw\"]},{\"@type\":\"Person\",\"@id\":\"https:\\\/\\\/www.organisator.ch\\\/#\\\/schema\\\/person\\\/6f650f90b2842cd4c0cc334b4e36f67e\",\"name\":\"thomas.berner\",\"image\":{\"@type\":\"ImageObject\",\"inLanguage\":\"en-US\",\"@id\":\"https:\\\/\\\/secure.gravatar.com\\\/avatar\\\/ac5001d2a36cb6c6cd3e50789007ffca834b477b74a2144564522e944eabff61?s=96&d=mm&r=g\",\"url\":\"https:\\\/\\\/secure.gravatar.com\\\/avatar\\\/ac5001d2a36cb6c6cd3e50789007ffca834b477b74a2144564522e944eabff61?s=96&d=mm&r=g\",\"contentUrl\":\"https:\\\/\\\/secure.gravatar.com\\\/avatar\\\/ac5001d2a36cb6c6cd3e50789007ffca834b477b74a2144564522e944eabff61?s=96&d=mm&r=g\",\"caption\":\"thomas.berner\"},\"url\":\"https:\\\/\\\/www.organisator.ch\\\/en\\\/author\\\/thomas-berner\\\/\"}]}<\/script>\n<!-- \/ Yoast SEO plugin. -->","yoast_head_json":{"title":"Survey among KV apprentices: Focus on overtime and digitalization - Organizer","description":"The 2022 survey of commercial apprentices shows that the majority of respondents are optimistic about the digital changes.","robots":{"index":"index","follow":"follow","max-snippet":"max-snippet:-1","max-image-preview":"max-image-preview:large","max-video-preview":"max-video-preview:-1"},"canonical":"https:\/\/www.organisator.ch\/en\/further-education\/2023-04-04\/umfrage-unter-kv-lehrabgaengerinnen-ueberstunden-und-digitalisierung-im-fokus\/","og_locale":"en_US","og_type":"article","og_title":"Umfrage unter KV-Lehrabg\u00e4nger:innen: \u00dcberstunden und Digitalisierung im Fokus","og_description":"Die Umfrage 2022 unter KV-Lehrabg\u00e4nger:innen zeigt, dass ein Grossteil der Befragten optimistisch auf die digitalen Ver\u00e4nderungen blickt.","og_url":"https:\/\/www.organisator.ch\/en\/further-education\/2023-04-04\/umfrage-unter-kv-lehrabgaengerinnen-ueberstunden-und-digitalisierung-im-fokus\/","og_site_name":"Organisator","article_publisher":"https:\/\/www.facebook.com\/OrganisatorFachmagazin","article_published_time":"2023-04-04T06:41:01+00:00","og_image":[{"width":680,"height":424,"url":"https:\/\/www.organisator.ch\/wp-content\/uploads\/2023\/04\/Umfrage-unter-KV-Lehrabgaengerinnen-Ueberstunden-und-Digitalisierung-im-Fokus_Organisator.jpg","type":"image\/jpeg"}],"author":"thomas.berner","twitter_card":"summary_large_image","twitter_title":"Umfrage unter #KV-Lehrabg\u00e4nger:innen: #\u00dcberstunden und #Digitalisierung im Fokus","twitter_description":"Die Umfrage 2022 unter #KV-Lehrabg\u00e4nger:innen zeigt, dass ein Grossteil der Befragten optimistisch auf die digitalen Ver\u00e4nderungen blickt.","twitter_image":"https:\/\/www.organisator.ch\/wp-content\/uploads\/2023\/04\/Umfrage-unter-KV-Lehrabgaengerinnen-Ueberstunden-und-Digitalisierung-im-Fokus_Organisator.jpg","schema":{"@context":"https:\/\/schema.org","@graph":[{"@type":"Article","@id":"https:\/\/www.organisator.ch\/weiterbildung\/2023-04-04\/umfrage-unter-kv-lehrabgaengerinnen-ueberstunden-und-digitalisierung-im-fokus\/#article","isPartOf":{"@id":"https:\/\/www.organisator.ch\/weiterbildung\/2023-04-04\/umfrage-unter-kv-lehrabgaengerinnen-ueberstunden-und-digitalisierung-im-fokus\/"},"author":{"name":"thomas.berner","@id":"https:\/\/www.organisator.ch\/#\/schema\/person\/6f650f90b2842cd4c0cc334b4e36f67e"},"headline":"Umfrage unter KV-Lehrabg\u00e4nger:innen: \u00dcberstunden und Digitalisierung im Fokus","datePublished":"2023-04-04T06:41:01+00:00","mainEntityOfPage":{"@id":"https:\/\/www.organisator.ch\/weiterbildung\/2023-04-04\/umfrage-unter-kv-lehrabgaengerinnen-ueberstunden-und-digitalisierung-im-fokus\/"},"wordCount":710,"publisher":{"@id":"https:\/\/www.organisator.ch\/#organization"},"image":{"@id":"https:\/\/www.organisator.ch\/weiterbildung\/2023-04-04\/umfrage-unter-kv-lehrabgaengerinnen-ueberstunden-und-digitalisierung-im-fokus\/#primaryimage"},"thumbnailUrl":"https:\/\/www.organisator.ch\/wp-content\/uploads\/2023\/04\/Umfrage-unter-KV-Lehrabgaengerinnen-Ueberstunden-und-Digitalisierung-im-Fokus_Organisator.jpg","keywords":["Aus-\/Weiterbildung","Kaufm\u00e4nnische Berufsbildung","Umfrage"],"articleSection":["WEITERBILDUNG"],"inLanguage":"en-US"},{"@type":"WebPage","@id":"https:\/\/www.organisator.ch\/weiterbildung\/2023-04-04\/umfrage-unter-kv-lehrabgaengerinnen-ueberstunden-und-digitalisierung-im-fokus\/","url":"https:\/\/www.organisator.ch\/weiterbildung\/2023-04-04\/umfrage-unter-kv-lehrabgaengerinnen-ueberstunden-und-digitalisierung-im-fokus\/","name":"Survey among KV apprentices: Focus on overtime and digitalization - Organizer","isPartOf":{"@id":"https:\/\/www.organisator.ch\/#website"},"primaryImageOfPage":{"@id":"https:\/\/www.organisator.ch\/weiterbildung\/2023-04-04\/umfrage-unter-kv-lehrabgaengerinnen-ueberstunden-und-digitalisierung-im-fokus\/#primaryimage"},"image":{"@id":"https:\/\/www.organisator.ch\/weiterbildung\/2023-04-04\/umfrage-unter-kv-lehrabgaengerinnen-ueberstunden-und-digitalisierung-im-fokus\/#primaryimage"},"thumbnailUrl":"https:\/\/www.organisator.ch\/wp-content\/uploads\/2023\/04\/Umfrage-unter-KV-Lehrabgaengerinnen-Ueberstunden-und-Digitalisierung-im-Fokus_Organisator.jpg","datePublished":"2023-04-04T06:41:01+00:00","description":"The 2022 survey of commercial apprentices shows that the majority of respondents are optimistic about the digital changes.","breadcrumb":{"@id":"https:\/\/www.organisator.ch\/weiterbildung\/2023-04-04\/umfrage-unter-kv-lehrabgaengerinnen-ueberstunden-und-digitalisierung-im-fokus\/#breadcrumb"},"inLanguage":"en-US","potentialAction":[{"@type":"ReadAction","target":["https:\/\/www.organisator.ch\/weiterbildung\/2023-04-04\/umfrage-unter-kv-lehrabgaengerinnen-ueberstunden-und-digitalisierung-im-fokus\/"]}]},{"@type":"ImageObject","inLanguage":"en-US","@id":"https:\/\/www.organisator.ch\/weiterbildung\/2023-04-04\/umfrage-unter-kv-lehrabgaengerinnen-ueberstunden-und-digitalisierung-im-fokus\/#primaryimage","url":"https:\/\/www.organisator.ch\/wp-content\/uploads\/2023\/04\/Umfrage-unter-KV-Lehrabgaengerinnen-Ueberstunden-und-Digitalisierung-im-Fokus_Organisator.jpg","contentUrl":"https:\/\/www.organisator.ch\/wp-content\/uploads\/2023\/04\/Umfrage-unter-KV-Lehrabgaengerinnen-Ueberstunden-und-Digitalisierung-im-Fokus_Organisator.jpg","width":680,"height":424,"caption":"Keine Angst vor Digitalisierung, aber viele \u00dcberstunden: Dies sagen KV-Lehrabg\u00e4nger:innen in einer aktuellen Umfrage. (Bild: Unsplash.com)"},{"@type":"BreadcrumbList","@id":"https:\/\/www.organisator.ch\/weiterbildung\/2023-04-04\/umfrage-unter-kv-lehrabgaengerinnen-ueberstunden-und-digitalisierung-im-fokus\/#breadcrumb","itemListElement":[{"@type":"ListItem","position":1,"name":"Home","item":"https:\/\/www.organisator.ch\/"},{"@type":"ListItem","position":2,"name":"Umfrage unter KV-Lehrabg\u00e4nger:innen: \u00dcberstunden und Digitalisierung im Fokus"}]},{"@type":"WebSite","@id":"https:\/\/www.organisator.ch\/#website","url":"https:\/\/www.organisator.ch\/","name":"Organizer","description":"Competent. Practical. In 10 issues per year, ORGANISATOR presents the essential topics for managers of SMEs.","publisher":{"@id":"https:\/\/www.organisator.ch\/#organization"},"potentialAction":[{"@type":"SearchAction","target":{"@type":"EntryPoint","urlTemplate":"https:\/\/www.organisator.ch\/?s={search_term_string}"},"query-input":{"@type":"PropertyValueSpecification","valueRequired":true,"valueName":"search_term_string"}}],"inLanguage":"en-US"},{"@type":"Organization","@id":"https:\/\/www.organisator.ch\/#organization","name":"Organizer","url":"https:\/\/www.organisator.ch\/","logo":{"@type":"ImageObject","inLanguage":"en-US","@id":"https:\/\/www.organisator.ch\/#\/schema\/logo\/image\/","url":"https:\/\/www.organisator.ch\/wp-content\/uploads\/2022\/01\/Logo_Organisator_Website.png","contentUrl":"https:\/\/www.organisator.ch\/wp-content\/uploads\/2022\/01\/Logo_Organisator_Website.png","width":800,"height":77,"caption":"Organisator"},"image":{"@id":"https:\/\/www.organisator.ch\/#\/schema\/logo\/image\/"},"sameAs":["https:\/\/www.facebook.com\/OrganisatorFachmagazin","https:\/\/www.linkedin.com\/showcase\/organisator-das-magazin-fr-kmu","https:\/\/www.xing.com\/news\/pages\/organisator-ch-695","https:\/\/www.youtube.com\/channel\/UCGP2Sq0iWaZwT3BdIAQFYpw"]},{"@type":"Person","@id":"https:\/\/www.organisator.ch\/#\/schema\/person\/6f650f90b2842cd4c0cc334b4e36f67e","name":"thomas.berner","image":{"@type":"ImageObject","inLanguage":"en-US","@id":"https:\/\/secure.gravatar.com\/avatar\/ac5001d2a36cb6c6cd3e50789007ffca834b477b74a2144564522e944eabff61?s=96&d=mm&r=g","url":"https:\/\/secure.gravatar.com\/avatar\/ac5001d2a36cb6c6cd3e50789007ffca834b477b74a2144564522e944eabff61?s=96&d=mm&r=g","contentUrl":"https:\/\/secure.gravatar.com\/avatar\/ac5001d2a36cb6c6cd3e50789007ffca834b477b74a2144564522e944eabff61?s=96&d=mm&r=g","caption":"thomas.berner"},"url":"https:\/\/www.organisator.ch\/en\/author\/thomas-berner\/"}]}},"_links":{"self":[{"href":"https:\/\/www.organisator.ch\/en\/wp-json\/wp\/v2\/posts\/19521","targetHints":{"allow":["GET"]}}],"collection":[{"href":"https:\/\/www.organisator.ch\/en\/wp-json\/wp\/v2\/posts"}],"about":[{"href":"https:\/\/www.organisator.ch\/en\/wp-json\/wp\/v2\/types\/post"}],"author":[{"embeddable":true,"href":"https:\/\/www.organisator.ch\/en\/wp-json\/wp\/v2\/users\/4"}],"replies":[{"embeddable":true,"href":"https:\/\/www.organisator.ch\/en\/wp-json\/wp\/v2\/comments?post=19521"}],"version-history":[{"count":4,"href":"https:\/\/www.organisator.ch\/en\/wp-json\/wp\/v2\/posts\/19521\/revisions"}],"predecessor-version":[{"id":19528,"href":"https:\/\/www.organisator.ch\/en\/wp-json\/wp\/v2\/posts\/19521\/revisions\/19528"}],"wp:featuredmedia":[{"embeddable":true,"href":"https:\/\/www.organisator.ch\/en\/wp-json\/wp\/v2\/media\/19522"}],"wp:attachment":[{"href":"https:\/\/www.organisator.ch\/en\/wp-json\/wp\/v2\/media?parent=19521"}],"wp:term":[{"taxonomy":"category","embeddable":true,"href":"https:\/\/www.organisator.ch\/en\/wp-json\/wp\/v2\/categories?post=19521"},{"taxonomy":"post_tag","embeddable":true,"href":"https:\/\/www.organisator.ch\/en\/wp-json\/wp\/v2\/tags?post=19521"}],"curies":[{"name":"wp","href":"https:\/\/api.w.org\/{rel}","templated":true}]}}