{"id":19598,"date":"2023-04-14T01:33:35","date_gmt":"2023-04-13T23:33:35","guid":{"rendered":"https:\/\/www.organisator.ch\/de\/?p=19598"},"modified":"2023-04-13T13:41:30","modified_gmt":"2023-04-13T11:41:30","slug":"organisationale-resilienz-resiliente-organisationen","status":"publish","type":"post","link":"https:\/\/www.organisator.ch\/en\/abo\/2023-04-14\/organisationale-resilienz-resiliente-organisationen\/","title":{"rendered":"Organizational resilience - resilient organizations"},"content":{"rendered":"<div class=\"swpm-post-not-logged-in-msg\">You need to be logged in to view this content. Please <a class=\"swpm-login-link\" href=\"https:\/\/www.organisator.ch\/login\/\">Log In<\/a>. Not a Member? <a href=\"https:\/\/www.organisator.ch\/shop\/\">Join Us<\/a><\/div>","protected":false},"excerpt":{"rendered":"<p>All companies feel pressure in some form or another: one difficult situation follows the next. It seems that this \"hamster wheel\" is turning faster and faster. How do you find your way around it better as an organization? Findings from a workshop on \"organizational resilience\".<\/p>","protected":false},"author":1,"featured_media":19596,"comment_status":"closed","ping_status":"closed","sticky":false,"template":"","format":"standard","meta":{"_acf_changed":false,"_yoast_wpseo_focuskw":"Organisationale Resilienz","_yoast_wpseo_metadesc":"Wie findet man sich da als Organisation besser zurecht? Erkenntnisse aus einem Workshop \u00fcber die sog. Organisationale Resilienz.","articlekey":"33653","footnotes":""},"categories":[578,28],"tags":[335,416,493],"class_list":["post-19598","post","type-post","status-publish","format-standard","has-post-thumbnail","hentry","category-abo","category-management","tag-management-und-unternehmensfuehrung","tag-resilienz","tag-unternehmenorganisation"],"acf":[],"yoast_head":"<!-- This site is optimized with the Yoast SEO plugin v27.5 - https:\/\/yoast.com\/product\/yoast-seo-wordpress\/ -->\n<title>Organisationale Resilienz \u2013 resiliente Organisationen - Organisator<\/title>\n<meta name=\"description\" content=\"Wie findet man sich da als Organisation besser zurecht? Erkenntnisse aus einem Workshop \u00fcber die sog. Organisationale Resilienz.\" \/>\n<meta name=\"robots\" content=\"index, follow, max-snippet:-1, max-image-preview:large, max-video-preview:-1\" \/>\n<link rel=\"canonical\" href=\"https:\/\/www.organisator.ch\/en\/management\/2023-04-14\/organisationale-resilienz-resiliente-organisationen\/\" \/>\n<meta property=\"og:locale\" content=\"en_US\" \/>\n<meta property=\"og:type\" content=\"article\" \/>\n<meta property=\"og:title\" content=\"Organisationale Resilienz \u2013 resiliente Organisationen - Organisator\" \/>\n<meta property=\"og:description\" content=\"Wie findet man sich da als Organisation besser zurecht? Erkenntnisse aus einem Workshop \u00fcber die sog. Organisationale Resilienz.\" \/>\n<meta property=\"og:url\" content=\"https:\/\/www.organisator.ch\/en\/management\/2023-04-14\/organisationale-resilienz-resiliente-organisationen\/\" \/>\n<meta property=\"og:site_name\" content=\"Organisator\" \/>\n<meta property=\"article:publisher\" content=\"https:\/\/www.facebook.com\/OrganisatorFachmagazin\" \/>\n<meta property=\"article:published_time\" content=\"2023-04-13T23:33:35+00:00\" \/>\n<meta property=\"og:image\" content=\"https:\/\/www.organisator.ch\/wp-content\/uploads\/2023\/04\/Management_Organisationale-Resilienz_Bild1_organisator_33718-scaled.jpg\" \/>\n\t<meta property=\"og:image:width\" content=\"1251\" \/>\n\t<meta property=\"og:image:height\" content=\"1400\" \/>\n\t<meta property=\"og:image:type\" content=\"image\/jpeg\" \/>\n<meta name=\"author\" content=\"admin\" \/>\n<meta name=\"twitter:card\" content=\"summary_large_image\" \/>\n<script type=\"application\/ld+json\" class=\"yoast-schema-graph\">{\"@context\":\"https:\\\/\\\/schema.org\",\"@graph\":[{\"@type\":\"Article\",\"@id\":\"https:\\\/\\\/www.organisator.ch\\\/management\\\/2023-04-14\\\/organisationale-resilienz-resiliente-organisationen\\\/#article\",\"isPartOf\":{\"@id\":\"https:\\\/\\\/www.organisator.ch\\\/management\\\/2023-04-14\\\/organisationale-resilienz-resiliente-organisationen\\\/\"},\"author\":{\"name\":\"admin\",\"@id\":\"https:\\\/\\\/www.organisator.ch\\\/#\\\/schema\\\/person\\\/aa2bace6c5c5aad60102004a50c4eb1c\"},\"headline\":\"Organisationale Resilienz \u2013 resiliente Organisationen\",\"datePublished\":\"2023-04-13T23:33:35+00:00\",\"mainEntityOfPage\":{\"@id\":\"https:\\\/\\\/www.organisator.ch\\\/management\\\/2023-04-14\\\/organisationale-resilienz-resiliente-organisationen\\\/\"},\"wordCount\":1466,\"publisher\":{\"@id\":\"https:\\\/\\\/www.organisator.ch\\\/#organization\"},\"image\":{\"@id\":\"https:\\\/\\\/www.organisator.ch\\\/management\\\/2023-04-14\\\/organisationale-resilienz-resiliente-organisationen\\\/#primaryimage\"},\"thumbnailUrl\":\"https:\\\/\\\/www.organisator.ch\\\/wp-content\\\/uploads\\\/2023\\\/04\\\/Management_Organisationale-Resilienz_Bild1_organisator_33718-scaled.jpg\",\"keywords\":[\"Management und Unternehmensf\u00fchrung\",\"Resilienz\",\"Unternehmenorganisation\"],\"articleSection\":[\"ABO+\",\"MANAGEMENT\"],\"inLanguage\":\"en-US\"},{\"@type\":\"WebPage\",\"@id\":\"https:\\\/\\\/www.organisator.ch\\\/management\\\/2023-04-14\\\/organisationale-resilienz-resiliente-organisationen\\\/\",\"url\":\"https:\\\/\\\/www.organisator.ch\\\/management\\\/2023-04-14\\\/organisationale-resilienz-resiliente-organisationen\\\/\",\"name\":\"Organisationale Resilienz \u2013 resiliente Organisationen - Organisator\",\"isPartOf\":{\"@id\":\"https:\\\/\\\/www.organisator.ch\\\/#website\"},\"primaryImageOfPage\":{\"@id\":\"https:\\\/\\\/www.organisator.ch\\\/management\\\/2023-04-14\\\/organisationale-resilienz-resiliente-organisationen\\\/#primaryimage\"},\"image\":{\"@id\":\"https:\\\/\\\/www.organisator.ch\\\/management\\\/2023-04-14\\\/organisationale-resilienz-resiliente-organisationen\\\/#primaryimage\"},\"thumbnailUrl\":\"https:\\\/\\\/www.organisator.ch\\\/wp-content\\\/uploads\\\/2023\\\/04\\\/Management_Organisationale-Resilienz_Bild1_organisator_33718-scaled.jpg\",\"datePublished\":\"2023-04-13T23:33:35+00:00\",\"description\":\"Wie findet man sich da als Organisation besser zurecht? Erkenntnisse aus einem Workshop \u00fcber die sog. Organisationale Resilienz.\",\"breadcrumb\":{\"@id\":\"https:\\\/\\\/www.organisator.ch\\\/management\\\/2023-04-14\\\/organisationale-resilienz-resiliente-organisationen\\\/#breadcrumb\"},\"inLanguage\":\"en-US\",\"potentialAction\":[{\"@type\":\"ReadAction\",\"target\":[\"https:\\\/\\\/www.organisator.ch\\\/management\\\/2023-04-14\\\/organisationale-resilienz-resiliente-organisationen\\\/\"]}]},{\"@type\":\"ImageObject\",\"inLanguage\":\"en-US\",\"@id\":\"https:\\\/\\\/www.organisator.ch\\\/management\\\/2023-04-14\\\/organisationale-resilienz-resiliente-organisationen\\\/#primaryimage\",\"url\":\"https:\\\/\\\/www.organisator.ch\\\/wp-content\\\/uploads\\\/2023\\\/04\\\/Management_Organisationale-Resilienz_Bild1_organisator_33718-scaled.jpg\",\"contentUrl\":\"https:\\\/\\\/www.organisator.ch\\\/wp-content\\\/uploads\\\/2023\\\/04\\\/Management_Organisationale-Resilienz_Bild1_organisator_33718-scaled.jpg\",\"width\":1251,\"height\":1400,\"caption\":\"Prof. Dr. Jutta Heller erl\u00e4utert in einem Workshop Werkzeuge f\u00fcr organisationale Resilienz. \u00a9 Thomas Berner\"},{\"@type\":\"BreadcrumbList\",\"@id\":\"https:\\\/\\\/www.organisator.ch\\\/management\\\/2023-04-14\\\/organisationale-resilienz-resiliente-organisationen\\\/#breadcrumb\",\"itemListElement\":[{\"@type\":\"ListItem\",\"position\":1,\"name\":\"Home\",\"item\":\"https:\\\/\\\/www.organisator.ch\\\/\"},{\"@type\":\"ListItem\",\"position\":2,\"name\":\"Organisationale Resilienz \u2013 resiliente Organisationen\"}]},{\"@type\":\"WebSite\",\"@id\":\"https:\\\/\\\/www.organisator.ch\\\/#website\",\"url\":\"https:\\\/\\\/www.organisator.ch\\\/\",\"name\":\"Organisator\",\"description\":\"Kompetent. Praxisnah. Der ORGANISATOR bereitet in 10 Ausgaben pro Jahr die wesentlichen Themen f\u00fcr F\u00fchrungskr\u00e4fte von KMU auf.\",\"publisher\":{\"@id\":\"https:\\\/\\\/www.organisator.ch\\\/#organization\"},\"potentialAction\":[{\"@type\":\"SearchAction\",\"target\":{\"@type\":\"EntryPoint\",\"urlTemplate\":\"https:\\\/\\\/www.organisator.ch\\\/?s={search_term_string}\"},\"query-input\":{\"@type\":\"PropertyValueSpecification\",\"valueRequired\":true,\"valueName\":\"search_term_string\"}}],\"inLanguage\":\"en-US\"},{\"@type\":\"Organization\",\"@id\":\"https:\\\/\\\/www.organisator.ch\\\/#organization\",\"name\":\"Organisator\",\"url\":\"https:\\\/\\\/www.organisator.ch\\\/\",\"logo\":{\"@type\":\"ImageObject\",\"inLanguage\":\"en-US\",\"@id\":\"https:\\\/\\\/www.organisator.ch\\\/#\\\/schema\\\/logo\\\/image\\\/\",\"url\":\"https:\\\/\\\/www.organisator.ch\\\/wp-content\\\/uploads\\\/2022\\\/01\\\/Logo_Organisator_Website.png\",\"contentUrl\":\"https:\\\/\\\/www.organisator.ch\\\/wp-content\\\/uploads\\\/2022\\\/01\\\/Logo_Organisator_Website.png\",\"width\":800,\"height\":77,\"caption\":\"Organisator\"},\"image\":{\"@id\":\"https:\\\/\\\/www.organisator.ch\\\/#\\\/schema\\\/logo\\\/image\\\/\"},\"sameAs\":[\"https:\\\/\\\/www.facebook.com\\\/OrganisatorFachmagazin\",\"https:\\\/\\\/www.linkedin.com\\\/showcase\\\/organisator-das-magazin-fr-kmu\",\"https:\\\/\\\/www.xing.com\\\/news\\\/pages\\\/organisator-ch-695\",\"https:\\\/\\\/www.youtube.com\\\/channel\\\/UCGP2Sq0iWaZwT3BdIAQFYpw\"]},{\"@type\":\"Person\",\"@id\":\"https:\\\/\\\/www.organisator.ch\\\/#\\\/schema\\\/person\\\/aa2bace6c5c5aad60102004a50c4eb1c\",\"name\":\"admin\",\"image\":{\"@type\":\"ImageObject\",\"inLanguage\":\"en-US\",\"@id\":\"https:\\\/\\\/secure.gravatar.com\\\/avatar\\\/ae2f4d718e6c49043e314ce431e7e645d646302a24a5ef5a8bc8e3f5a032e319?s=96&d=mm&r=g\",\"url\":\"https:\\\/\\\/secure.gravatar.com\\\/avatar\\\/ae2f4d718e6c49043e314ce431e7e645d646302a24a5ef5a8bc8e3f5a032e319?s=96&d=mm&r=g\",\"contentUrl\":\"https:\\\/\\\/secure.gravatar.com\\\/avatar\\\/ae2f4d718e6c49043e314ce431e7e645d646302a24a5ef5a8bc8e3f5a032e319?s=96&d=mm&r=g\",\"caption\":\"admin\"},\"sameAs\":[\"https:\\\/\\\/www.organisator.ch\"],\"url\":\"https:\\\/\\\/www.organisator.ch\\\/en\\\/author\\\/admin\\\/\"}]}<\/script>\n<!-- \/ Yoast SEO plugin. -->","yoast_head_json":{"title":"Organizational resilience - resilient organizations - organizer","description":"How do you find your way around this better as an organization? Insights from a workshop on organizational resilience.","robots":{"index":"index","follow":"follow","max-snippet":"max-snippet:-1","max-image-preview":"max-image-preview:large","max-video-preview":"max-video-preview:-1"},"canonical":"https:\/\/www.organisator.ch\/en\/management\/2023-04-14\/organisationale-resilienz-resiliente-organisationen\/","og_locale":"en_US","og_type":"article","og_title":"Organisationale Resilienz \u2013 resiliente Organisationen - Organisator","og_description":"Wie findet man sich da als Organisation besser zurecht? Erkenntnisse aus einem Workshop \u00fcber die sog. Organisationale Resilienz.","og_url":"https:\/\/www.organisator.ch\/en\/management\/2023-04-14\/organisationale-resilienz-resiliente-organisationen\/","og_site_name":"Organisator","article_publisher":"https:\/\/www.facebook.com\/OrganisatorFachmagazin","article_published_time":"2023-04-13T23:33:35+00:00","og_image":[{"width":1251,"height":1400,"url":"https:\/\/www.organisator.ch\/wp-content\/uploads\/2023\/04\/Management_Organisationale-Resilienz_Bild1_organisator_33718-scaled.jpg","type":"image\/jpeg"}],"author":"admin","twitter_card":"summary_large_image","schema":{"@context":"https:\/\/schema.org","@graph":[{"@type":"Article","@id":"https:\/\/www.organisator.ch\/management\/2023-04-14\/organisationale-resilienz-resiliente-organisationen\/#article","isPartOf":{"@id":"https:\/\/www.organisator.ch\/management\/2023-04-14\/organisationale-resilienz-resiliente-organisationen\/"},"author":{"name":"admin","@id":"https:\/\/www.organisator.ch\/#\/schema\/person\/aa2bace6c5c5aad60102004a50c4eb1c"},"headline":"Organisationale Resilienz \u2013 resiliente Organisationen","datePublished":"2023-04-13T23:33:35+00:00","mainEntityOfPage":{"@id":"https:\/\/www.organisator.ch\/management\/2023-04-14\/organisationale-resilienz-resiliente-organisationen\/"},"wordCount":1466,"publisher":{"@id":"https:\/\/www.organisator.ch\/#organization"},"image":{"@id":"https:\/\/www.organisator.ch\/management\/2023-04-14\/organisationale-resilienz-resiliente-organisationen\/#primaryimage"},"thumbnailUrl":"https:\/\/www.organisator.ch\/wp-content\/uploads\/2023\/04\/Management_Organisationale-Resilienz_Bild1_organisator_33718-scaled.jpg","keywords":["Management und Unternehmensf\u00fchrung","Resilienz","Unternehmenorganisation"],"articleSection":["ABO+","MANAGEMENT"],"inLanguage":"en-US"},{"@type":"WebPage","@id":"https:\/\/www.organisator.ch\/management\/2023-04-14\/organisationale-resilienz-resiliente-organisationen\/","url":"https:\/\/www.organisator.ch\/management\/2023-04-14\/organisationale-resilienz-resiliente-organisationen\/","name":"Organizational resilience - resilient organizations - organizer","isPartOf":{"@id":"https:\/\/www.organisator.ch\/#website"},"primaryImageOfPage":{"@id":"https:\/\/www.organisator.ch\/management\/2023-04-14\/organisationale-resilienz-resiliente-organisationen\/#primaryimage"},"image":{"@id":"https:\/\/www.organisator.ch\/management\/2023-04-14\/organisationale-resilienz-resiliente-organisationen\/#primaryimage"},"thumbnailUrl":"https:\/\/www.organisator.ch\/wp-content\/uploads\/2023\/04\/Management_Organisationale-Resilienz_Bild1_organisator_33718-scaled.jpg","datePublished":"2023-04-13T23:33:35+00:00","description":"How do you find your way around this better as an organization? Insights from a workshop on organizational resilience.","breadcrumb":{"@id":"https:\/\/www.organisator.ch\/management\/2023-04-14\/organisationale-resilienz-resiliente-organisationen\/#breadcrumb"},"inLanguage":"en-US","potentialAction":[{"@type":"ReadAction","target":["https:\/\/www.organisator.ch\/management\/2023-04-14\/organisationale-resilienz-resiliente-organisationen\/"]}]},{"@type":"ImageObject","inLanguage":"en-US","@id":"https:\/\/www.organisator.ch\/management\/2023-04-14\/organisationale-resilienz-resiliente-organisationen\/#primaryimage","url":"https:\/\/www.organisator.ch\/wp-content\/uploads\/2023\/04\/Management_Organisationale-Resilienz_Bild1_organisator_33718-scaled.jpg","contentUrl":"https:\/\/www.organisator.ch\/wp-content\/uploads\/2023\/04\/Management_Organisationale-Resilienz_Bild1_organisator_33718-scaled.jpg","width":1251,"height":1400,"caption":"Prof. Dr. Jutta Heller erl\u00e4utert in einem Workshop Werkzeuge f\u00fcr organisationale Resilienz. \u00a9 Thomas Berner"},{"@type":"BreadcrumbList","@id":"https:\/\/www.organisator.ch\/management\/2023-04-14\/organisationale-resilienz-resiliente-organisationen\/#breadcrumb","itemListElement":[{"@type":"ListItem","position":1,"name":"Home","item":"https:\/\/www.organisator.ch\/"},{"@type":"ListItem","position":2,"name":"Organisationale Resilienz \u2013 resiliente Organisationen"}]},{"@type":"WebSite","@id":"https:\/\/www.organisator.ch\/#website","url":"https:\/\/www.organisator.ch\/","name":"Organizer","description":"Competent. Practical. In 10 issues per year, ORGANISATOR presents the essential topics for managers of SMEs.","publisher":{"@id":"https:\/\/www.organisator.ch\/#organization"},"potentialAction":[{"@type":"SearchAction","target":{"@type":"EntryPoint","urlTemplate":"https:\/\/www.organisator.ch\/?s={search_term_string}"},"query-input":{"@type":"PropertyValueSpecification","valueRequired":true,"valueName":"search_term_string"}}],"inLanguage":"en-US"},{"@type":"Organization","@id":"https:\/\/www.organisator.ch\/#organization","name":"Organizer","url":"https:\/\/www.organisator.ch\/","logo":{"@type":"ImageObject","inLanguage":"en-US","@id":"https:\/\/www.organisator.ch\/#\/schema\/logo\/image\/","url":"https:\/\/www.organisator.ch\/wp-content\/uploads\/2022\/01\/Logo_Organisator_Website.png","contentUrl":"https:\/\/www.organisator.ch\/wp-content\/uploads\/2022\/01\/Logo_Organisator_Website.png","width":800,"height":77,"caption":"Organisator"},"image":{"@id":"https:\/\/www.organisator.ch\/#\/schema\/logo\/image\/"},"sameAs":["https:\/\/www.facebook.com\/OrganisatorFachmagazin","https:\/\/www.linkedin.com\/showcase\/organisator-das-magazin-fr-kmu","https:\/\/www.xing.com\/news\/pages\/organisator-ch-695","https:\/\/www.youtube.com\/channel\/UCGP2Sq0iWaZwT3BdIAQFYpw"]},{"@type":"Person","@id":"https:\/\/www.organisator.ch\/#\/schema\/person\/aa2bace6c5c5aad60102004a50c4eb1c","name":"admin","image":{"@type":"ImageObject","inLanguage":"en-US","@id":"https:\/\/secure.gravatar.com\/avatar\/ae2f4d718e6c49043e314ce431e7e645d646302a24a5ef5a8bc8e3f5a032e319?s=96&d=mm&r=g","url":"https:\/\/secure.gravatar.com\/avatar\/ae2f4d718e6c49043e314ce431e7e645d646302a24a5ef5a8bc8e3f5a032e319?s=96&d=mm&r=g","contentUrl":"https:\/\/secure.gravatar.com\/avatar\/ae2f4d718e6c49043e314ce431e7e645d646302a24a5ef5a8bc8e3f5a032e319?s=96&d=mm&r=g","caption":"admin"},"sameAs":["https:\/\/www.organisator.ch"],"url":"https:\/\/www.organisator.ch\/en\/author\/admin\/"}]}},"_links":{"self":[{"href":"https:\/\/www.organisator.ch\/en\/wp-json\/wp\/v2\/posts\/19598","targetHints":{"allow":["GET"]}}],"collection":[{"href":"https:\/\/www.organisator.ch\/en\/wp-json\/wp\/v2\/posts"}],"about":[{"href":"https:\/\/www.organisator.ch\/en\/wp-json\/wp\/v2\/types\/post"}],"author":[{"embeddable":true,"href":"https:\/\/www.organisator.ch\/en\/wp-json\/wp\/v2\/users\/1"}],"replies":[{"embeddable":true,"href":"https:\/\/www.organisator.ch\/en\/wp-json\/wp\/v2\/comments?post=19598"}],"version-history":[{"count":4,"href":"https:\/\/www.organisator.ch\/en\/wp-json\/wp\/v2\/posts\/19598\/revisions"}],"predecessor-version":[{"id":19811,"href":"https:\/\/www.organisator.ch\/en\/wp-json\/wp\/v2\/posts\/19598\/revisions\/19811"}],"wp:featuredmedia":[{"embeddable":true,"href":"https:\/\/www.organisator.ch\/en\/wp-json\/wp\/v2\/media\/19596"}],"wp:attachment":[{"href":"https:\/\/www.organisator.ch\/en\/wp-json\/wp\/v2\/media?parent=19598"}],"wp:term":[{"taxonomy":"category","embeddable":true,"href":"https:\/\/www.organisator.ch\/en\/wp-json\/wp\/v2\/categories?post=19598"},{"taxonomy":"post_tag","embeddable":true,"href":"https:\/\/www.organisator.ch\/en\/wp-json\/wp\/v2\/tags?post=19598"}],"curies":[{"name":"wp","href":"https:\/\/api.w.org\/{rel}","templated":true}]}}