{"id":1961,"date":"2017-05-30T17:00:03","date_gmt":"2017-05-30T15:00:03","guid":{"rendered":"https:\/\/www.organisator.ch\/?p=1961"},"modified":"2017-05-30T17:00:03","modified_gmt":"2017-05-30T15:00:03","slug":"berufliche-vorsorge-markantes-praemienwachstum-bei-pax","status":"publish","type":"post","link":"https:\/\/www.organisator.ch\/en\/management\/finanzen_recht\/2017-05-30\/berufliche-vorsorge-markantes-praemienwachstum-bei-pax\/","title":{"rendered":"Occupational pension plans: Marked premium growth at Pax"},"content":{"rendered":"<figure id=\"attachment_1963\" aria-describedby=\"caption-attachment-1963\" style=\"width: 640px\" class=\"wp-caption alignnone\"><img loading=\"lazy\" decoding=\"async\" class=\"size-full wp-image-1963\" src=\"https:\/\/www.organisator.ch\/wp-content\/uploads\/2017\/05\/Berufliche-Vorsorge-Markantes-Praemienwachstum-bei-Pax_Organisator.jpg\" alt=\"\" width=\"640\" height=\"460\" srcset=\"https:\/\/www.organisator.ch\/wp-content\/uploads\/2017\/05\/Berufliche-Vorsorge-Markantes-Praemienwachstum-bei-Pax_Organisator.jpg 640w, https:\/\/www.organisator.ch\/wp-content\/uploads\/2017\/05\/Berufliche-Vorsorge-Markantes-Praemienwachstum-bei-Pax_Organisator-16x12.jpg 16w, https:\/\/www.organisator.ch\/wp-content\/uploads\/2017\/05\/Berufliche-Vorsorge-Markantes-Praemienwachstum-bei-Pax_Organisator-243x175.jpg 243w, https:\/\/www.organisator.ch\/wp-content\/uploads\/2017\/05\/Berufliche-Vorsorge-Markantes-Praemienwachstum-bei-Pax_Organisator-487x350.jpg 487w, https:\/\/www.organisator.ch\/wp-content\/uploads\/2017\/05\/Berufliche-Vorsorge-Markantes-Praemienwachstum-bei-Pax_Organisator-300x216.jpg 300w\" sizes=\"auto, (max-width: 640px) 100vw, 640px\" \/><figcaption id=\"caption-attachment-1963\" class=\"wp-caption-text\">Pax achieves striking premium growth in occupational pension plans and continues stable surplus participation for its customers. (Image: Fotolia.com)<\/figcaption><\/figure>\n<p>In 2016, Pax reported an \"excellent operating performance\" in the occupational pension business. Compared to 2015, new business almost doubled and reached a volume of CHF 14.6 million, the insurer reports. Pax was also up in terms of periodic policyholder premiums. Premium volume grew by 1.9 percent to CHF 229.7 million. With this result, Pax outperformed the market, which contracted by 6.2 percent. The company thus successfully held its ground and gained market share. According to Pax, this result is due to the high flexibility of its pension solutions, further optimization of its services and intensive dialog with its distribution partners. These measures ensure that production is also sustainable. After all, Pax does not focus on quantity when it comes to growth, but rather on quality, according to the media release.<\/p>\n<p><strong>Solidly financed<\/strong><\/p>\n<p>The operating expenses in the occupational pension plan increased slightly compared to the previous year and reached CHF 23.9 million (2015: CHF 23.3 million). At the same time, the number of pension plans affiliated to Pax increased from 8,533 to 8,741 contracts. Thanks to this increase in the portfolio, average administrative expenses fell slightly to CHF 449 per person. Financially, Pax Insurance is in a solid position. The equity capital in the area of occupational pension plans increased by 7.6 percent and reached CHF 40.6 million. In addition, the Swiss Solvency Test (SST) ratio is well above the 100 percent mark as of the end of 2016.<\/p>\n<p><strong>Policyholders benefit from sustainable business policy<\/strong><\/p>\n<p>As a cooperative, Pax is committed solely to the interests of its customers, who are also cooperative members. The profits remain in the company, from which the insured persons benefit in the form of a stable surplus participation. In 2016, CHF 4.4 million was paid out from the surplus fund to insured persons in the occupational pension plan. In addition, CHF 1 million was allocated to the surplus fund. This allocation, together with the remaining measures in favor of the insured, means that customers participate in the earnings at 97.8 percent via the \"legal quota\". This puts Pax well above the 90 percent required by law.<\/p>\n<p><strong>High security thanks to full insurance<\/strong><\/p>\n<p>In occupational pension provision, Pax builds on solutions in the full insurance model. For the affiliated companies, this means security and stability, because Pax bears the investment risk as well as the insurance risks for old age, death and disability. Flexible pension packages provide suitable protection during the various phases that a company may go through - from start-up to small business to large enterprise.<\/p>\n<p><a href=\"https:\/\/www.pax.ch\/Ueber-uns\/Pax-Sammelstiftungen\"><em>More information<\/em><\/a><\/p>\n<p>&nbsp;<\/p>","protected":false},"excerpt":{"rendered":"<p>Im Jahr 2016 konnte Pax in der Beruflichen Vorsorge mit einer nach eigener Darstellung &#8222;ausgezeichneten operativen Leistung&#8220; aufwarten. Gegen\u00fcber 2015 habe sich das Neugesch\u00e4ft nahezu verdoppelt und erreichte ein Volumen von CHF 14.6 Millionen, teilt der Versicherer mit. Auch bei den periodischen Bestandespr\u00e4mien lag Pax im Plus. Das Pr\u00e4mienvolumen wuchs um 1.9 Prozent auf CHF [&hellip;]<\/p>\n","protected":false},"author":4,"featured_media":1963,"comment_status":"open","ping_status":"open","sticky":false,"template":"","format":"standard","meta":{"_acf_changed":false,"_yoast_wpseo_focuskw":"Vorsorge","_yoast_wpseo_metadesc":"Im Jahr 2016 konnte Pax in der Beruflichen Vorsorge mit einer nach eigener Darstellung \"ausgezeichneten operativen Leistung\" aufwarten.","articlekey":"","footnotes":""},"categories":[24],"tags":[203,340,377,492,508],"class_list":["post-1961","post","type-post","status-publish","format-standard","has-post-thumbnail","hentry","category-finanzen_recht","tag-finanzierung","tag-maerkte","tag-pensionskassen","tag-unternehmen","tag-vermischtes"],"acf":[],"yoast_head":"<!-- This site is optimized with the Yoast SEO plugin v27.5 - https:\/\/yoast.com\/product\/yoast-seo-wordpress\/ -->\n<title>Berufliche Vorsorge: Markantes Pr\u00e4mienwachstum bei Pax - Organisator<\/title>\n<meta name=\"description\" content=\"Im Jahr 2016 konnte Pax in der Beruflichen Vorsorge mit einer nach eigener Darstellung &quot;ausgezeichneten operativen Leistung&quot; aufwarten.\" \/>\n<meta name=\"robots\" content=\"index, follow, max-snippet:-1, max-image-preview:large, max-video-preview:-1\" \/>\n<link rel=\"canonical\" href=\"https:\/\/www.organisator.ch\/en\/management\/finanzen_recht\/2017-05-30\/berufliche-vorsorge-markantes-praemienwachstum-bei-pax\/\" \/>\n<meta property=\"og:locale\" content=\"en_US\" \/>\n<meta property=\"og:type\" content=\"article\" \/>\n<meta property=\"og:title\" content=\"Berufliche Vorsorge: Markantes Pr\u00e4mienwachstum bei Pax\" \/>\n<meta property=\"og:description\" content=\"#Pax erzielt bei der Beruflichen Vorsorge ein markantes #Pr\u00e4mienwachstum und setzt die stabile #\u00dcberschussbeteiligung f\u00fcr ihre Kunden fort.\" \/>\n<meta property=\"og:url\" content=\"https:\/\/www.organisator.ch\/en\/management\/finanzen_recht\/2017-05-30\/berufliche-vorsorge-markantes-praemienwachstum-bei-pax\/\" \/>\n<meta property=\"og:site_name\" content=\"Organisator\" \/>\n<meta property=\"article:publisher\" content=\"https:\/\/www.facebook.com\/OrganisatorFachmagazin\" \/>\n<meta property=\"article:published_time\" content=\"2017-05-30T15:00:03+00:00\" \/>\n<meta property=\"og:image\" content=\"https:\/\/www.organisator.ch\/wp-content\/uploads\/2017\/05\/Berufliche-Vorsorge-Markantes-Praemienwachstum-bei-Pax_Organisator.jpg\" \/>\n\t<meta property=\"og:image:width\" content=\"640\" \/>\n\t<meta property=\"og:image:height\" content=\"460\" \/>\n\t<meta property=\"og:image:type\" content=\"image\/jpeg\" \/>\n<meta name=\"author\" content=\"thomas.berner\" \/>\n<meta name=\"twitter:card\" content=\"summary_large_image\" \/>\n<meta name=\"twitter:title\" content=\"Berufliche Vorsorge: Markantes #Pr\u00e4mienwachstum bei #Pax\" \/>\n<meta name=\"twitter:description\" content=\"#Pax erzielt bei der Beruflichen Vorsorge ein markantes #Pr\u00e4mienwachstum und setzt die stabile #\u00dcberschussbeteiligung f\u00fcr ihre Kunden fort.\" \/>\n<meta name=\"twitter:image\" content=\"https:\/\/www.organisator.ch\/wp-content\/uploads\/2017\/05\/Berufliche-Vorsorge-Markantes-Pr\u00e4mienwachstum-bei-Pax_Organisator.jpg\" \/>\n<script type=\"application\/ld+json\" class=\"yoast-schema-graph\">{\"@context\":\"https:\\\/\\\/schema.org\",\"@graph\":[{\"@type\":\"Article\",\"@id\":\"https:\\\/\\\/www.organisator.ch\\\/management\\\/finanzen_recht\\\/2017-05-30\\\/berufliche-vorsorge-markantes-praemienwachstum-bei-pax\\\/#article\",\"isPartOf\":{\"@id\":\"https:\\\/\\\/www.organisator.ch\\\/management\\\/finanzen_recht\\\/2017-05-30\\\/berufliche-vorsorge-markantes-praemienwachstum-bei-pax\\\/\"},\"author\":{\"name\":\"thomas.berner\",\"@id\":\"https:\\\/\\\/www.organisator.ch\\\/#\\\/schema\\\/person\\\/6f650f90b2842cd4c0cc334b4e36f67e\"},\"headline\":\"Berufliche Vorsorge: Markantes Pr\u00e4mienwachstum bei Pax\",\"datePublished\":\"2017-05-30T15:00:03+00:00\",\"mainEntityOfPage\":{\"@id\":\"https:\\\/\\\/www.organisator.ch\\\/management\\\/finanzen_recht\\\/2017-05-30\\\/berufliche-vorsorge-markantes-praemienwachstum-bei-pax\\\/\"},\"wordCount\":437,\"commentCount\":0,\"publisher\":{\"@id\":\"https:\\\/\\\/www.organisator.ch\\\/#organization\"},\"image\":{\"@id\":\"https:\\\/\\\/www.organisator.ch\\\/management\\\/finanzen_recht\\\/2017-05-30\\\/berufliche-vorsorge-markantes-praemienwachstum-bei-pax\\\/#primaryimage\"},\"thumbnailUrl\":\"https:\\\/\\\/www.organisator.ch\\\/wp-content\\\/uploads\\\/2017\\\/05\\\/Berufliche-Vorsorge-Markantes-Praemienwachstum-bei-Pax_Organisator.jpg\",\"keywords\":[\"Finanzierung\",\"M\u00e4rkte\",\"Pensionskassen\",\"Unternehmen\",\"Vermischtes\"],\"articleSection\":[\"FINANZEN\\\/RECHT\"],\"inLanguage\":\"en-US\"},{\"@type\":\"WebPage\",\"@id\":\"https:\\\/\\\/www.organisator.ch\\\/management\\\/finanzen_recht\\\/2017-05-30\\\/berufliche-vorsorge-markantes-praemienwachstum-bei-pax\\\/\",\"url\":\"https:\\\/\\\/www.organisator.ch\\\/management\\\/finanzen_recht\\\/2017-05-30\\\/berufliche-vorsorge-markantes-praemienwachstum-bei-pax\\\/\",\"name\":\"Berufliche Vorsorge: Markantes Pr\u00e4mienwachstum bei Pax - Organisator\",\"isPartOf\":{\"@id\":\"https:\\\/\\\/www.organisator.ch\\\/#website\"},\"primaryImageOfPage\":{\"@id\":\"https:\\\/\\\/www.organisator.ch\\\/management\\\/finanzen_recht\\\/2017-05-30\\\/berufliche-vorsorge-markantes-praemienwachstum-bei-pax\\\/#primaryimage\"},\"image\":{\"@id\":\"https:\\\/\\\/www.organisator.ch\\\/management\\\/finanzen_recht\\\/2017-05-30\\\/berufliche-vorsorge-markantes-praemienwachstum-bei-pax\\\/#primaryimage\"},\"thumbnailUrl\":\"https:\\\/\\\/www.organisator.ch\\\/wp-content\\\/uploads\\\/2017\\\/05\\\/Berufliche-Vorsorge-Markantes-Praemienwachstum-bei-Pax_Organisator.jpg\",\"datePublished\":\"2017-05-30T15:00:03+00:00\",\"description\":\"Im Jahr 2016 konnte Pax in der Beruflichen Vorsorge mit einer nach eigener Darstellung \\\"ausgezeichneten operativen Leistung\\\" aufwarten.\",\"breadcrumb\":{\"@id\":\"https:\\\/\\\/www.organisator.ch\\\/management\\\/finanzen_recht\\\/2017-05-30\\\/berufliche-vorsorge-markantes-praemienwachstum-bei-pax\\\/#breadcrumb\"},\"inLanguage\":\"en-US\",\"potentialAction\":[{\"@type\":\"ReadAction\",\"target\":[\"https:\\\/\\\/www.organisator.ch\\\/management\\\/finanzen_recht\\\/2017-05-30\\\/berufliche-vorsorge-markantes-praemienwachstum-bei-pax\\\/\"]}]},{\"@type\":\"ImageObject\",\"inLanguage\":\"en-US\",\"@id\":\"https:\\\/\\\/www.organisator.ch\\\/management\\\/finanzen_recht\\\/2017-05-30\\\/berufliche-vorsorge-markantes-praemienwachstum-bei-pax\\\/#primaryimage\",\"url\":\"https:\\\/\\\/www.organisator.ch\\\/wp-content\\\/uploads\\\/2017\\\/05\\\/Berufliche-Vorsorge-Markantes-Praemienwachstum-bei-Pax_Organisator.jpg\",\"contentUrl\":\"https:\\\/\\\/www.organisator.ch\\\/wp-content\\\/uploads\\\/2017\\\/05\\\/Berufliche-Vorsorge-Markantes-Praemienwachstum-bei-Pax_Organisator.jpg\",\"width\":640,\"height\":460,\"caption\":\"Pax erzielt bei der Beruflichen Vorsorge ein markantes Pr\u00e4mienwachstum und setzt die stabile \u00dcberschussbeteiligung f\u00fcr ihre Kunden fort. (Bild: Fotolia.com)\"},{\"@type\":\"BreadcrumbList\",\"@id\":\"https:\\\/\\\/www.organisator.ch\\\/management\\\/finanzen_recht\\\/2017-05-30\\\/berufliche-vorsorge-markantes-praemienwachstum-bei-pax\\\/#breadcrumb\",\"itemListElement\":[{\"@type\":\"ListItem\",\"position\":1,\"name\":\"Home\",\"item\":\"https:\\\/\\\/www.organisator.ch\\\/\"},{\"@type\":\"ListItem\",\"position\":2,\"name\":\"Berufliche Vorsorge: Markantes Pr\u00e4mienwachstum bei Pax\"}]},{\"@type\":\"WebSite\",\"@id\":\"https:\\\/\\\/www.organisator.ch\\\/#website\",\"url\":\"https:\\\/\\\/www.organisator.ch\\\/\",\"name\":\"Organisator\",\"description\":\"Kompetent. Praxisnah. Der ORGANISATOR bereitet in 10 Ausgaben pro Jahr die wesentlichen Themen f\u00fcr F\u00fchrungskr\u00e4fte von KMU auf.\",\"publisher\":{\"@id\":\"https:\\\/\\\/www.organisator.ch\\\/#organization\"},\"potentialAction\":[{\"@type\":\"SearchAction\",\"target\":{\"@type\":\"EntryPoint\",\"urlTemplate\":\"https:\\\/\\\/www.organisator.ch\\\/?s={search_term_string}\"},\"query-input\":{\"@type\":\"PropertyValueSpecification\",\"valueRequired\":true,\"valueName\":\"search_term_string\"}}],\"inLanguage\":\"en-US\"},{\"@type\":\"Organization\",\"@id\":\"https:\\\/\\\/www.organisator.ch\\\/#organization\",\"name\":\"Organisator\",\"url\":\"https:\\\/\\\/www.organisator.ch\\\/\",\"logo\":{\"@type\":\"ImageObject\",\"inLanguage\":\"en-US\",\"@id\":\"https:\\\/\\\/www.organisator.ch\\\/#\\\/schema\\\/logo\\\/image\\\/\",\"url\":\"https:\\\/\\\/www.organisator.ch\\\/wp-content\\\/uploads\\\/2022\\\/01\\\/Logo_Organisator_Website.png\",\"contentUrl\":\"https:\\\/\\\/www.organisator.ch\\\/wp-content\\\/uploads\\\/2022\\\/01\\\/Logo_Organisator_Website.png\",\"width\":800,\"height\":77,\"caption\":\"Organisator\"},\"image\":{\"@id\":\"https:\\\/\\\/www.organisator.ch\\\/#\\\/schema\\\/logo\\\/image\\\/\"},\"sameAs\":[\"https:\\\/\\\/www.facebook.com\\\/OrganisatorFachmagazin\",\"https:\\\/\\\/www.linkedin.com\\\/showcase\\\/organisator-das-magazin-fr-kmu\",\"https:\\\/\\\/www.xing.com\\\/news\\\/pages\\\/organisator-ch-695\",\"https:\\\/\\\/www.youtube.com\\\/channel\\\/UCGP2Sq0iWaZwT3BdIAQFYpw\"]},{\"@type\":\"Person\",\"@id\":\"https:\\\/\\\/www.organisator.ch\\\/#\\\/schema\\\/person\\\/6f650f90b2842cd4c0cc334b4e36f67e\",\"name\":\"thomas.berner\",\"image\":{\"@type\":\"ImageObject\",\"inLanguage\":\"en-US\",\"@id\":\"https:\\\/\\\/secure.gravatar.com\\\/avatar\\\/ac5001d2a36cb6c6cd3e50789007ffca834b477b74a2144564522e944eabff61?s=96&d=mm&r=g\",\"url\":\"https:\\\/\\\/secure.gravatar.com\\\/avatar\\\/ac5001d2a36cb6c6cd3e50789007ffca834b477b74a2144564522e944eabff61?s=96&d=mm&r=g\",\"contentUrl\":\"https:\\\/\\\/secure.gravatar.com\\\/avatar\\\/ac5001d2a36cb6c6cd3e50789007ffca834b477b74a2144564522e944eabff61?s=96&d=mm&r=g\",\"caption\":\"thomas.berner\"},\"url\":\"https:\\\/\\\/www.organisator.ch\\\/en\\\/author\\\/thomas-berner\\\/\"}]}<\/script>\n<!-- \/ Yoast SEO plugin. -->","yoast_head_json":{"title":"Occupational pensions: Marked premium growth at Pax - Organizer","description":"In 2016, Pax posted what it described as an \"excellent operating performance\" in its occupational pension business.","robots":{"index":"index","follow":"follow","max-snippet":"max-snippet:-1","max-image-preview":"max-image-preview:large","max-video-preview":"max-video-preview:-1"},"canonical":"https:\/\/www.organisator.ch\/en\/management\/finanzen_recht\/2017-05-30\/berufliche-vorsorge-markantes-praemienwachstum-bei-pax\/","og_locale":"en_US","og_type":"article","og_title":"Berufliche Vorsorge: Markantes Pr\u00e4mienwachstum bei Pax","og_description":"#Pax erzielt bei der Beruflichen Vorsorge ein markantes #Pr\u00e4mienwachstum und setzt die stabile #\u00dcberschussbeteiligung f\u00fcr ihre Kunden fort.","og_url":"https:\/\/www.organisator.ch\/en\/management\/finanzen_recht\/2017-05-30\/berufliche-vorsorge-markantes-praemienwachstum-bei-pax\/","og_site_name":"Organisator","article_publisher":"https:\/\/www.facebook.com\/OrganisatorFachmagazin","article_published_time":"2017-05-30T15:00:03+00:00","og_image":[{"width":640,"height":460,"url":"https:\/\/www.organisator.ch\/wp-content\/uploads\/2017\/05\/Berufliche-Vorsorge-Markantes-Praemienwachstum-bei-Pax_Organisator.jpg","type":"image\/jpeg"}],"author":"thomas.berner","twitter_card":"summary_large_image","twitter_title":"Berufliche Vorsorge: Markantes #Pr\u00e4mienwachstum bei #Pax","twitter_description":"#Pax erzielt bei der Beruflichen Vorsorge ein markantes #Pr\u00e4mienwachstum und setzt die stabile #\u00dcberschussbeteiligung f\u00fcr ihre Kunden fort.","twitter_image":"https:\/\/www.organisator.ch\/wp-content\/uploads\/2017\/05\/Berufliche-Vorsorge-Markantes-Pr\u00e4mienwachstum-bei-Pax_Organisator.jpg","schema":{"@context":"https:\/\/schema.org","@graph":[{"@type":"Article","@id":"https:\/\/www.organisator.ch\/management\/finanzen_recht\/2017-05-30\/berufliche-vorsorge-markantes-praemienwachstum-bei-pax\/#article","isPartOf":{"@id":"https:\/\/www.organisator.ch\/management\/finanzen_recht\/2017-05-30\/berufliche-vorsorge-markantes-praemienwachstum-bei-pax\/"},"author":{"name":"thomas.berner","@id":"https:\/\/www.organisator.ch\/#\/schema\/person\/6f650f90b2842cd4c0cc334b4e36f67e"},"headline":"Berufliche Vorsorge: Markantes Pr\u00e4mienwachstum bei Pax","datePublished":"2017-05-30T15:00:03+00:00","mainEntityOfPage":{"@id":"https:\/\/www.organisator.ch\/management\/finanzen_recht\/2017-05-30\/berufliche-vorsorge-markantes-praemienwachstum-bei-pax\/"},"wordCount":437,"commentCount":0,"publisher":{"@id":"https:\/\/www.organisator.ch\/#organization"},"image":{"@id":"https:\/\/www.organisator.ch\/management\/finanzen_recht\/2017-05-30\/berufliche-vorsorge-markantes-praemienwachstum-bei-pax\/#primaryimage"},"thumbnailUrl":"https:\/\/www.organisator.ch\/wp-content\/uploads\/2017\/05\/Berufliche-Vorsorge-Markantes-Praemienwachstum-bei-Pax_Organisator.jpg","keywords":["Finanzierung","M\u00e4rkte","Pensionskassen","Unternehmen","Vermischtes"],"articleSection":["FINANZEN\/RECHT"],"inLanguage":"en-US"},{"@type":"WebPage","@id":"https:\/\/www.organisator.ch\/management\/finanzen_recht\/2017-05-30\/berufliche-vorsorge-markantes-praemienwachstum-bei-pax\/","url":"https:\/\/www.organisator.ch\/management\/finanzen_recht\/2017-05-30\/berufliche-vorsorge-markantes-praemienwachstum-bei-pax\/","name":"Occupational pensions: Marked premium growth at Pax - Organizer","isPartOf":{"@id":"https:\/\/www.organisator.ch\/#website"},"primaryImageOfPage":{"@id":"https:\/\/www.organisator.ch\/management\/finanzen_recht\/2017-05-30\/berufliche-vorsorge-markantes-praemienwachstum-bei-pax\/#primaryimage"},"image":{"@id":"https:\/\/www.organisator.ch\/management\/finanzen_recht\/2017-05-30\/berufliche-vorsorge-markantes-praemienwachstum-bei-pax\/#primaryimage"},"thumbnailUrl":"https:\/\/www.organisator.ch\/wp-content\/uploads\/2017\/05\/Berufliche-Vorsorge-Markantes-Praemienwachstum-bei-Pax_Organisator.jpg","datePublished":"2017-05-30T15:00:03+00:00","description":"In 2016, Pax posted what it described as an \"excellent operating performance\" in its occupational pension business.","breadcrumb":{"@id":"https:\/\/www.organisator.ch\/management\/finanzen_recht\/2017-05-30\/berufliche-vorsorge-markantes-praemienwachstum-bei-pax\/#breadcrumb"},"inLanguage":"en-US","potentialAction":[{"@type":"ReadAction","target":["https:\/\/www.organisator.ch\/management\/finanzen_recht\/2017-05-30\/berufliche-vorsorge-markantes-praemienwachstum-bei-pax\/"]}]},{"@type":"ImageObject","inLanguage":"en-US","@id":"https:\/\/www.organisator.ch\/management\/finanzen_recht\/2017-05-30\/berufliche-vorsorge-markantes-praemienwachstum-bei-pax\/#primaryimage","url":"https:\/\/www.organisator.ch\/wp-content\/uploads\/2017\/05\/Berufliche-Vorsorge-Markantes-Praemienwachstum-bei-Pax_Organisator.jpg","contentUrl":"https:\/\/www.organisator.ch\/wp-content\/uploads\/2017\/05\/Berufliche-Vorsorge-Markantes-Praemienwachstum-bei-Pax_Organisator.jpg","width":640,"height":460,"caption":"Pax erzielt bei der Beruflichen Vorsorge ein markantes Pr\u00e4mienwachstum und setzt die stabile \u00dcberschussbeteiligung f\u00fcr ihre Kunden fort. (Bild: Fotolia.com)"},{"@type":"BreadcrumbList","@id":"https:\/\/www.organisator.ch\/management\/finanzen_recht\/2017-05-30\/berufliche-vorsorge-markantes-praemienwachstum-bei-pax\/#breadcrumb","itemListElement":[{"@type":"ListItem","position":1,"name":"Home","item":"https:\/\/www.organisator.ch\/"},{"@type":"ListItem","position":2,"name":"Berufliche Vorsorge: Markantes Pr\u00e4mienwachstum bei Pax"}]},{"@type":"WebSite","@id":"https:\/\/www.organisator.ch\/#website","url":"https:\/\/www.organisator.ch\/","name":"Organizer","description":"Competent. Practical. In 10 issues per year, ORGANISATOR presents the essential topics for managers of SMEs.","publisher":{"@id":"https:\/\/www.organisator.ch\/#organization"},"potentialAction":[{"@type":"SearchAction","target":{"@type":"EntryPoint","urlTemplate":"https:\/\/www.organisator.ch\/?s={search_term_string}"},"query-input":{"@type":"PropertyValueSpecification","valueRequired":true,"valueName":"search_term_string"}}],"inLanguage":"en-US"},{"@type":"Organization","@id":"https:\/\/www.organisator.ch\/#organization","name":"Organizer","url":"https:\/\/www.organisator.ch\/","logo":{"@type":"ImageObject","inLanguage":"en-US","@id":"https:\/\/www.organisator.ch\/#\/schema\/logo\/image\/","url":"https:\/\/www.organisator.ch\/wp-content\/uploads\/2022\/01\/Logo_Organisator_Website.png","contentUrl":"https:\/\/www.organisator.ch\/wp-content\/uploads\/2022\/01\/Logo_Organisator_Website.png","width":800,"height":77,"caption":"Organisator"},"image":{"@id":"https:\/\/www.organisator.ch\/#\/schema\/logo\/image\/"},"sameAs":["https:\/\/www.facebook.com\/OrganisatorFachmagazin","https:\/\/www.linkedin.com\/showcase\/organisator-das-magazin-fr-kmu","https:\/\/www.xing.com\/news\/pages\/organisator-ch-695","https:\/\/www.youtube.com\/channel\/UCGP2Sq0iWaZwT3BdIAQFYpw"]},{"@type":"Person","@id":"https:\/\/www.organisator.ch\/#\/schema\/person\/6f650f90b2842cd4c0cc334b4e36f67e","name":"thomas.berner","image":{"@type":"ImageObject","inLanguage":"en-US","@id":"https:\/\/secure.gravatar.com\/avatar\/ac5001d2a36cb6c6cd3e50789007ffca834b477b74a2144564522e944eabff61?s=96&d=mm&r=g","url":"https:\/\/secure.gravatar.com\/avatar\/ac5001d2a36cb6c6cd3e50789007ffca834b477b74a2144564522e944eabff61?s=96&d=mm&r=g","contentUrl":"https:\/\/secure.gravatar.com\/avatar\/ac5001d2a36cb6c6cd3e50789007ffca834b477b74a2144564522e944eabff61?s=96&d=mm&r=g","caption":"thomas.berner"},"url":"https:\/\/www.organisator.ch\/en\/author\/thomas-berner\/"}]}},"_links":{"self":[{"href":"https:\/\/www.organisator.ch\/en\/wp-json\/wp\/v2\/posts\/1961","targetHints":{"allow":["GET"]}}],"collection":[{"href":"https:\/\/www.organisator.ch\/en\/wp-json\/wp\/v2\/posts"}],"about":[{"href":"https:\/\/www.organisator.ch\/en\/wp-json\/wp\/v2\/types\/post"}],"author":[{"embeddable":true,"href":"https:\/\/www.organisator.ch\/en\/wp-json\/wp\/v2\/users\/4"}],"replies":[{"embeddable":true,"href":"https:\/\/www.organisator.ch\/en\/wp-json\/wp\/v2\/comments?post=1961"}],"version-history":[{"count":0,"href":"https:\/\/www.organisator.ch\/en\/wp-json\/wp\/v2\/posts\/1961\/revisions"}],"wp:featuredmedia":[{"embeddable":true,"href":"https:\/\/www.organisator.ch\/en\/wp-json\/wp\/v2\/media\/1963"}],"wp:attachment":[{"href":"https:\/\/www.organisator.ch\/en\/wp-json\/wp\/v2\/media?parent=1961"}],"wp:term":[{"taxonomy":"category","embeddable":true,"href":"https:\/\/www.organisator.ch\/en\/wp-json\/wp\/v2\/categories?post=1961"},{"taxonomy":"post_tag","embeddable":true,"href":"https:\/\/www.organisator.ch\/en\/wp-json\/wp\/v2\/tags?post=1961"}],"curies":[{"name":"wp","href":"https:\/\/api.w.org\/{rel}","templated":true}]}}