{"id":1965,"date":"2017-05-31T08:56:53","date_gmt":"2017-05-31T06:56:53","guid":{"rendered":"https:\/\/www.organisator.ch\/?p=1965"},"modified":"2017-05-31T08:56:53","modified_gmt":"2017-05-31T06:56:53","slug":"bauhauptgewerbe-verzeichnet-gute-umsaetze-im-ersten-quartal","status":"publish","type":"post","link":"https:\/\/www.organisator.ch\/en\/allgemein\/2017-05-31\/bauhauptgewerbe-verzeichnet-gute-umsaetze-im-ersten-quartal\/","title":{"rendered":"Construction industry records good sales in first quarter"},"content":{"rendered":"<figure id=\"attachment_1966\" aria-describedby=\"caption-attachment-1966\" style=\"width: 640px\" class=\"wp-caption alignnone\"><img loading=\"lazy\" decoding=\"async\" class=\"size-full wp-image-1966\" src=\"https:\/\/www.organisator.ch\/wp-content\/uploads\/2017\/05\/Bauhauptgewerbe-verzeichnet-gute-Umsaetze-im-ersten-Quartal_Organisator.jpg\" alt=\"\" width=\"640\" height=\"425\" srcset=\"https:\/\/www.organisator.ch\/wp-content\/uploads\/2017\/05\/Bauhauptgewerbe-verzeichnet-gute-Umsaetze-im-ersten-Quartal_Organisator.jpg 640w, https:\/\/www.organisator.ch\/wp-content\/uploads\/2017\/05\/Bauhauptgewerbe-verzeichnet-gute-Umsaetze-im-ersten-Quartal_Organisator-16x12.jpg 16w, https:\/\/www.organisator.ch\/wp-content\/uploads\/2017\/05\/Bauhauptgewerbe-verzeichnet-gute-Umsaetze-im-ersten-Quartal_Organisator-264x175.jpg 264w, https:\/\/www.organisator.ch\/wp-content\/uploads\/2017\/05\/Bauhauptgewerbe-verzeichnet-gute-Umsaetze-im-ersten-Quartal_Organisator-527x350.jpg 527w, https:\/\/www.organisator.ch\/wp-content\/uploads\/2017\/05\/Bauhauptgewerbe-verzeichnet-gute-Umsaetze-im-ersten-Quartal_Organisator-300x199.jpg 300w\" sizes=\"auto, (max-width: 640px) 100vw, 640px\" \/><figcaption id=\"caption-attachment-1966\" class=\"wp-caption-text\">The main construction industry records higher sales in the first quarter of 2017. (Petra Bork \/ pixelio.de)<\/figcaption><\/figure>\n<p>After the good construction year 2016, many things point to a consolidation at a high level in the current year. Sales in the main construction sector in the first quarter did rise by 7.2% to just under CHF 4 billion, with building construction (+10.2%) performing better than civil engineering (+4.1%). However, weather effects always play a major role in the first quarter, so the increase should not be overestimated. In the midlands, January was very cold, but there is little construction in January anyway. In the more decisive months of February and March, however, the weather was kind to construction companies, which probably more than compensated for the cold January.<\/p>\n<p><strong>Consolidation expected at a high level<\/strong><\/p>\n<p>Order intake decreased by 8.1% year-on-year. Order backlogs are also down. This indicates that the increase in sales in the first quarter was of a temporary nature and that consolidation at a high level is to be expected in the course of the year. Overall, the Swiss Association of Master Builders expects construction volumes in the current year to be similar to 2016.<\/p>\n<p><strong>Higher risks in the housing market in the long term<\/strong><\/p>\n<p>The fundamental factors for the construction industry, above all the low level of interest rates and the still respectable population growth despite the decline in net immigration, remain intact. However, the fact that for some years now more apartments have been built than the market can absorb is a cause for concern. The vacancy rate is rising accordingly. Although it is not yet at a critical level, the risks in the housing market are increasing in the medium to long term.<\/p>\n<p><em>More information: <a href=\"http:\/\/www.baumeister.ch\">Swiss Association of Master Builders<\/a><\/em><\/p>","protected":false},"excerpt":{"rendered":"<p>Nach dem guten Baujahr 2016 deutet vieles im aktuellen Jahr auf eine Konsolidierung auf hohem Niveau hin. Die Ums\u00e4tze im Bauhauptgewerbe\u00a0im ersten Quartal steigen zwar um 7.2% auf knapp 4 Milliarden Franken, wobei der Hochbau (+10.2%) besser abschneidet als der Tiefbau (+4.1%). Im ersten Quartal spielen jedoch Witterungseffekte immer eine grosse Rolle, weshalb der Anstieg [&hellip;]<\/p>\n","protected":false},"author":4,"featured_media":1966,"comment_status":"open","ping_status":"open","sticky":false,"template":"","format":"standard","meta":{"_acf_changed":false,"_yoast_wpseo_focuskw":"Bauhauptgewerbe","_yoast_wpseo_metadesc":"Die Ums\u00e4tze im Schweizer Bauhauptgewerbe sind im ersten Quartal 2017 gegen\u00fcber dem Vorjahresquartal um sieben Prozent gestiegen.","articlekey":"","footnotes":""},"categories":[1],"tags":[71,492,503,531],"class_list":["post-1965","post","type-post","status-publish","format-standard","has-post-thumbnail","hentry","category-allgemein","tag-baubranche","tag-unternehmen","tag-verbaende","tag-wirtschaftspolitik"],"acf":[],"yoast_head":"<!-- This site is optimized with the Yoast SEO plugin v27.5 - https:\/\/yoast.com\/product\/yoast-seo-wordpress\/ -->\n<title>Bauhauptgewerbe verzeichnet gute Ums\u00e4tze im ersten Quartal - Organisator<\/title>\n<meta name=\"description\" content=\"Die Ums\u00e4tze im Schweizer Bauhauptgewerbe sind im ersten Quartal 2017 gegen\u00fcber dem Vorjahresquartal um sieben Prozent gestiegen.\" \/>\n<meta name=\"robots\" content=\"index, follow, max-snippet:-1, max-image-preview:large, max-video-preview:-1\" \/>\n<link rel=\"canonical\" href=\"https:\/\/www.organisator.ch\/en\/general\/2017-05-31\/bauhauptgewerbe-verzeichnet-gute-umsaetze-im-ersten-quartal\/\" \/>\n<meta property=\"og:locale\" content=\"en_US\" \/>\n<meta property=\"og:type\" content=\"article\" \/>\n<meta property=\"og:title\" content=\"Bauhauptgewerbe verzeichnet gute Ums\u00e4tze im ersten Quartal\" \/>\n<meta property=\"og:description\" content=\"Die Ums\u00e4tze im Schweizer #Bauhauptgewerbe sind im ersten Quartal 2017 gegen\u00fcber dem Vorjahresquartal um sieben Prozent gestiegen.\" \/>\n<meta property=\"og:url\" content=\"https:\/\/www.organisator.ch\/en\/general\/2017-05-31\/bauhauptgewerbe-verzeichnet-gute-umsaetze-im-ersten-quartal\/\" \/>\n<meta property=\"og:site_name\" content=\"Organisator\" \/>\n<meta property=\"article:publisher\" content=\"https:\/\/www.facebook.com\/OrganisatorFachmagazin\" \/>\n<meta property=\"article:published_time\" content=\"2017-05-31T06:56:53+00:00\" \/>\n<meta property=\"og:image\" content=\"https:\/\/www.organisator.ch\/wp-content\/uploads\/2017\/05\/Bauhauptgewerbe-verzeichnet-gute-Umsaetze-im-ersten-Quartal_Organisator.jpg\" \/>\n\t<meta property=\"og:image:width\" content=\"640\" \/>\n\t<meta property=\"og:image:height\" content=\"425\" \/>\n\t<meta property=\"og:image:type\" content=\"image\/jpeg\" \/>\n<meta name=\"author\" content=\"thomas.berner\" \/>\n<meta name=\"twitter:card\" content=\"summary_large_image\" \/>\n<meta name=\"twitter:title\" content=\"#Bauhauptgewerbe verzeichnet gute Ums\u00e4tze im ersten Quartal, sagt #Baumeisterverband\" \/>\n<meta name=\"twitter:description\" content=\"Die Ums\u00e4tze im Schweizer #Bauhauptgewerbe sind im ersten Quartal 2017 gegen\u00fcber dem Vorjahresquartal um sieben Prozent gestiegen.\" \/>\n<meta name=\"twitter:image\" content=\"https:\/\/www.organisator.ch\/wp-content\/uploads\/2017\/05\/Bauhauptgewerbe-verzeichnet-gute-Ums\u00e4tze-im-ersten-Quartal_Organisator.jpg\" \/>\n<script type=\"application\/ld+json\" class=\"yoast-schema-graph\">{\"@context\":\"https:\\\/\\\/schema.org\",\"@graph\":[{\"@type\":\"Article\",\"@id\":\"https:\\\/\\\/www.organisator.ch\\\/fr\\\/general\\\/2017-05-31\\\/bauhauptgewerbe-verzeichnet-gute-umsaetze-im-ersten-quartal\\\/#article\",\"isPartOf\":{\"@id\":\"https:\\\/\\\/www.organisator.ch\\\/fr\\\/general\\\/2017-05-31\\\/bauhauptgewerbe-verzeichnet-gute-umsaetze-im-ersten-quartal\\\/\"},\"author\":{\"name\":\"thomas.berner\",\"@id\":\"https:\\\/\\\/www.organisator.ch\\\/#\\\/schema\\\/person\\\/6f650f90b2842cd4c0cc334b4e36f67e\"},\"headline\":\"Bauhauptgewerbe verzeichnet gute Ums\u00e4tze im ersten Quartal\",\"datePublished\":\"2017-05-31T06:56:53+00:00\",\"mainEntityOfPage\":{\"@id\":\"https:\\\/\\\/www.organisator.ch\\\/fr\\\/general\\\/2017-05-31\\\/bauhauptgewerbe-verzeichnet-gute-umsaetze-im-ersten-quartal\\\/\"},\"wordCount\":271,\"commentCount\":0,\"publisher\":{\"@id\":\"https:\\\/\\\/www.organisator.ch\\\/#organization\"},\"image\":{\"@id\":\"https:\\\/\\\/www.organisator.ch\\\/fr\\\/general\\\/2017-05-31\\\/bauhauptgewerbe-verzeichnet-gute-umsaetze-im-ersten-quartal\\\/#primaryimage\"},\"thumbnailUrl\":\"https:\\\/\\\/www.organisator.ch\\\/wp-content\\\/uploads\\\/2017\\\/05\\\/Bauhauptgewerbe-verzeichnet-gute-Umsaetze-im-ersten-Quartal_Organisator.jpg\",\"keywords\":[\"Baubranche\",\"Unternehmen\",\"Verb\u00e4nde\",\"Wirtschaftspolitik\"],\"articleSection\":[\"Allgemein\"],\"inLanguage\":\"en-US\"},{\"@type\":\"WebPage\",\"@id\":\"https:\\\/\\\/www.organisator.ch\\\/fr\\\/general\\\/2017-05-31\\\/bauhauptgewerbe-verzeichnet-gute-umsaetze-im-ersten-quartal\\\/\",\"url\":\"https:\\\/\\\/www.organisator.ch\\\/fr\\\/general\\\/2017-05-31\\\/bauhauptgewerbe-verzeichnet-gute-umsaetze-im-ersten-quartal\\\/\",\"name\":\"Bauhauptgewerbe verzeichnet gute Ums\u00e4tze im ersten Quartal - Organisator\",\"isPartOf\":{\"@id\":\"https:\\\/\\\/www.organisator.ch\\\/#website\"},\"primaryImageOfPage\":{\"@id\":\"https:\\\/\\\/www.organisator.ch\\\/fr\\\/general\\\/2017-05-31\\\/bauhauptgewerbe-verzeichnet-gute-umsaetze-im-ersten-quartal\\\/#primaryimage\"},\"image\":{\"@id\":\"https:\\\/\\\/www.organisator.ch\\\/fr\\\/general\\\/2017-05-31\\\/bauhauptgewerbe-verzeichnet-gute-umsaetze-im-ersten-quartal\\\/#primaryimage\"},\"thumbnailUrl\":\"https:\\\/\\\/www.organisator.ch\\\/wp-content\\\/uploads\\\/2017\\\/05\\\/Bauhauptgewerbe-verzeichnet-gute-Umsaetze-im-ersten-Quartal_Organisator.jpg\",\"datePublished\":\"2017-05-31T06:56:53+00:00\",\"description\":\"Die Ums\u00e4tze im Schweizer Bauhauptgewerbe sind im ersten Quartal 2017 gegen\u00fcber dem Vorjahresquartal um sieben Prozent gestiegen.\",\"breadcrumb\":{\"@id\":\"https:\\\/\\\/www.organisator.ch\\\/fr\\\/general\\\/2017-05-31\\\/bauhauptgewerbe-verzeichnet-gute-umsaetze-im-ersten-quartal\\\/#breadcrumb\"},\"inLanguage\":\"en-US\",\"potentialAction\":[{\"@type\":\"ReadAction\",\"target\":[\"https:\\\/\\\/www.organisator.ch\\\/fr\\\/general\\\/2017-05-31\\\/bauhauptgewerbe-verzeichnet-gute-umsaetze-im-ersten-quartal\\\/\"]}]},{\"@type\":\"ImageObject\",\"inLanguage\":\"en-US\",\"@id\":\"https:\\\/\\\/www.organisator.ch\\\/fr\\\/general\\\/2017-05-31\\\/bauhauptgewerbe-verzeichnet-gute-umsaetze-im-ersten-quartal\\\/#primaryimage\",\"url\":\"https:\\\/\\\/www.organisator.ch\\\/wp-content\\\/uploads\\\/2017\\\/05\\\/Bauhauptgewerbe-verzeichnet-gute-Umsaetze-im-ersten-Quartal_Organisator.jpg\",\"contentUrl\":\"https:\\\/\\\/www.organisator.ch\\\/wp-content\\\/uploads\\\/2017\\\/05\\\/Bauhauptgewerbe-verzeichnet-gute-Umsaetze-im-ersten-Quartal_Organisator.jpg\",\"width\":640,\"height\":425,\"caption\":\"Das Bauhauptgewerbe verzeichnet im ersten Quartal 2017 h\u00f6here Ums\u00e4tze. (Petra Bork \\\/ pixelio.de)\"},{\"@type\":\"BreadcrumbList\",\"@id\":\"https:\\\/\\\/www.organisator.ch\\\/fr\\\/general\\\/2017-05-31\\\/bauhauptgewerbe-verzeichnet-gute-umsaetze-im-ersten-quartal\\\/#breadcrumb\",\"itemListElement\":[{\"@type\":\"ListItem\",\"position\":1,\"name\":\"Home\",\"item\":\"https:\\\/\\\/www.organisator.ch\\\/\"},{\"@type\":\"ListItem\",\"position\":2,\"name\":\"Bauhauptgewerbe verzeichnet gute Ums\u00e4tze im ersten Quartal\"}]},{\"@type\":\"WebSite\",\"@id\":\"https:\\\/\\\/www.organisator.ch\\\/#website\",\"url\":\"https:\\\/\\\/www.organisator.ch\\\/\",\"name\":\"Organisator\",\"description\":\"Kompetent. Praxisnah. Der ORGANISATOR bereitet in 10 Ausgaben pro Jahr die wesentlichen Themen f\u00fcr F\u00fchrungskr\u00e4fte von KMU auf.\",\"publisher\":{\"@id\":\"https:\\\/\\\/www.organisator.ch\\\/#organization\"},\"potentialAction\":[{\"@type\":\"SearchAction\",\"target\":{\"@type\":\"EntryPoint\",\"urlTemplate\":\"https:\\\/\\\/www.organisator.ch\\\/?s={search_term_string}\"},\"query-input\":{\"@type\":\"PropertyValueSpecification\",\"valueRequired\":true,\"valueName\":\"search_term_string\"}}],\"inLanguage\":\"en-US\"},{\"@type\":\"Organization\",\"@id\":\"https:\\\/\\\/www.organisator.ch\\\/#organization\",\"name\":\"Organisator\",\"url\":\"https:\\\/\\\/www.organisator.ch\\\/\",\"logo\":{\"@type\":\"ImageObject\",\"inLanguage\":\"en-US\",\"@id\":\"https:\\\/\\\/www.organisator.ch\\\/#\\\/schema\\\/logo\\\/image\\\/\",\"url\":\"https:\\\/\\\/www.organisator.ch\\\/wp-content\\\/uploads\\\/2022\\\/01\\\/Logo_Organisator_Website.png\",\"contentUrl\":\"https:\\\/\\\/www.organisator.ch\\\/wp-content\\\/uploads\\\/2022\\\/01\\\/Logo_Organisator_Website.png\",\"width\":800,\"height\":77,\"caption\":\"Organisator\"},\"image\":{\"@id\":\"https:\\\/\\\/www.organisator.ch\\\/#\\\/schema\\\/logo\\\/image\\\/\"},\"sameAs\":[\"https:\\\/\\\/www.facebook.com\\\/OrganisatorFachmagazin\",\"https:\\\/\\\/www.linkedin.com\\\/showcase\\\/organisator-das-magazin-fr-kmu\",\"https:\\\/\\\/www.xing.com\\\/news\\\/pages\\\/organisator-ch-695\",\"https:\\\/\\\/www.youtube.com\\\/channel\\\/UCGP2Sq0iWaZwT3BdIAQFYpw\"]},{\"@type\":\"Person\",\"@id\":\"https:\\\/\\\/www.organisator.ch\\\/#\\\/schema\\\/person\\\/6f650f90b2842cd4c0cc334b4e36f67e\",\"name\":\"thomas.berner\",\"image\":{\"@type\":\"ImageObject\",\"inLanguage\":\"en-US\",\"@id\":\"https:\\\/\\\/secure.gravatar.com\\\/avatar\\\/ac5001d2a36cb6c6cd3e50789007ffca834b477b74a2144564522e944eabff61?s=96&d=mm&r=g\",\"url\":\"https:\\\/\\\/secure.gravatar.com\\\/avatar\\\/ac5001d2a36cb6c6cd3e50789007ffca834b477b74a2144564522e944eabff61?s=96&d=mm&r=g\",\"contentUrl\":\"https:\\\/\\\/secure.gravatar.com\\\/avatar\\\/ac5001d2a36cb6c6cd3e50789007ffca834b477b74a2144564522e944eabff61?s=96&d=mm&r=g\",\"caption\":\"thomas.berner\"},\"url\":\"https:\\\/\\\/www.organisator.ch\\\/en\\\/author\\\/thomas-berner\\\/\"}]}<\/script>\n<!-- \/ Yoast SEO plugin. -->","yoast_head_json":{"title":"Main construction industry records good sales in first quarter - Organizer","description":"Sales in the Swiss main construction sector increased by seven percent year-on-year in the first quarter of 2017.","robots":{"index":"index","follow":"follow","max-snippet":"max-snippet:-1","max-image-preview":"max-image-preview:large","max-video-preview":"max-video-preview:-1"},"canonical":"https:\/\/www.organisator.ch\/en\/general\/2017-05-31\/bauhauptgewerbe-verzeichnet-gute-umsaetze-im-ersten-quartal\/","og_locale":"en_US","og_type":"article","og_title":"Bauhauptgewerbe verzeichnet gute Ums\u00e4tze im ersten Quartal","og_description":"Die Ums\u00e4tze im Schweizer #Bauhauptgewerbe sind im ersten Quartal 2017 gegen\u00fcber dem Vorjahresquartal um sieben Prozent gestiegen.","og_url":"https:\/\/www.organisator.ch\/en\/general\/2017-05-31\/bauhauptgewerbe-verzeichnet-gute-umsaetze-im-ersten-quartal\/","og_site_name":"Organisator","article_publisher":"https:\/\/www.facebook.com\/OrganisatorFachmagazin","article_published_time":"2017-05-31T06:56:53+00:00","og_image":[{"width":640,"height":425,"url":"https:\/\/www.organisator.ch\/wp-content\/uploads\/2017\/05\/Bauhauptgewerbe-verzeichnet-gute-Umsaetze-im-ersten-Quartal_Organisator.jpg","type":"image\/jpeg"}],"author":"thomas.berner","twitter_card":"summary_large_image","twitter_title":"#Bauhauptgewerbe verzeichnet gute Ums\u00e4tze im ersten Quartal, sagt #Baumeisterverband","twitter_description":"Die Ums\u00e4tze im Schweizer #Bauhauptgewerbe sind im ersten Quartal 2017 gegen\u00fcber dem Vorjahresquartal um sieben Prozent gestiegen.","twitter_image":"https:\/\/www.organisator.ch\/wp-content\/uploads\/2017\/05\/Bauhauptgewerbe-verzeichnet-gute-Ums\u00e4tze-im-ersten-Quartal_Organisator.jpg","schema":{"@context":"https:\/\/schema.org","@graph":[{"@type":"Article","@id":"https:\/\/www.organisator.ch\/fr\/general\/2017-05-31\/bauhauptgewerbe-verzeichnet-gute-umsaetze-im-ersten-quartal\/#article","isPartOf":{"@id":"https:\/\/www.organisator.ch\/fr\/general\/2017-05-31\/bauhauptgewerbe-verzeichnet-gute-umsaetze-im-ersten-quartal\/"},"author":{"name":"thomas.berner","@id":"https:\/\/www.organisator.ch\/#\/schema\/person\/6f650f90b2842cd4c0cc334b4e36f67e"},"headline":"Bauhauptgewerbe verzeichnet gute Ums\u00e4tze im ersten Quartal","datePublished":"2017-05-31T06:56:53+00:00","mainEntityOfPage":{"@id":"https:\/\/www.organisator.ch\/fr\/general\/2017-05-31\/bauhauptgewerbe-verzeichnet-gute-umsaetze-im-ersten-quartal\/"},"wordCount":271,"commentCount":0,"publisher":{"@id":"https:\/\/www.organisator.ch\/#organization"},"image":{"@id":"https:\/\/www.organisator.ch\/fr\/general\/2017-05-31\/bauhauptgewerbe-verzeichnet-gute-umsaetze-im-ersten-quartal\/#primaryimage"},"thumbnailUrl":"https:\/\/www.organisator.ch\/wp-content\/uploads\/2017\/05\/Bauhauptgewerbe-verzeichnet-gute-Umsaetze-im-ersten-Quartal_Organisator.jpg","keywords":["Baubranche","Unternehmen","Verb\u00e4nde","Wirtschaftspolitik"],"articleSection":["Allgemein"],"inLanguage":"en-US"},{"@type":"WebPage","@id":"https:\/\/www.organisator.ch\/fr\/general\/2017-05-31\/bauhauptgewerbe-verzeichnet-gute-umsaetze-im-ersten-quartal\/","url":"https:\/\/www.organisator.ch\/fr\/general\/2017-05-31\/bauhauptgewerbe-verzeichnet-gute-umsaetze-im-ersten-quartal\/","name":"Main construction industry records good sales in first quarter - Organizer","isPartOf":{"@id":"https:\/\/www.organisator.ch\/#website"},"primaryImageOfPage":{"@id":"https:\/\/www.organisator.ch\/fr\/general\/2017-05-31\/bauhauptgewerbe-verzeichnet-gute-umsaetze-im-ersten-quartal\/#primaryimage"},"image":{"@id":"https:\/\/www.organisator.ch\/fr\/general\/2017-05-31\/bauhauptgewerbe-verzeichnet-gute-umsaetze-im-ersten-quartal\/#primaryimage"},"thumbnailUrl":"https:\/\/www.organisator.ch\/wp-content\/uploads\/2017\/05\/Bauhauptgewerbe-verzeichnet-gute-Umsaetze-im-ersten-Quartal_Organisator.jpg","datePublished":"2017-05-31T06:56:53+00:00","description":"Sales in the Swiss main construction sector increased by seven percent year-on-year in the first quarter of 2017.","breadcrumb":{"@id":"https:\/\/www.organisator.ch\/fr\/general\/2017-05-31\/bauhauptgewerbe-verzeichnet-gute-umsaetze-im-ersten-quartal\/#breadcrumb"},"inLanguage":"en-US","potentialAction":[{"@type":"ReadAction","target":["https:\/\/www.organisator.ch\/fr\/general\/2017-05-31\/bauhauptgewerbe-verzeichnet-gute-umsaetze-im-ersten-quartal\/"]}]},{"@type":"ImageObject","inLanguage":"en-US","@id":"https:\/\/www.organisator.ch\/fr\/general\/2017-05-31\/bauhauptgewerbe-verzeichnet-gute-umsaetze-im-ersten-quartal\/#primaryimage","url":"https:\/\/www.organisator.ch\/wp-content\/uploads\/2017\/05\/Bauhauptgewerbe-verzeichnet-gute-Umsaetze-im-ersten-Quartal_Organisator.jpg","contentUrl":"https:\/\/www.organisator.ch\/wp-content\/uploads\/2017\/05\/Bauhauptgewerbe-verzeichnet-gute-Umsaetze-im-ersten-Quartal_Organisator.jpg","width":640,"height":425,"caption":"Das Bauhauptgewerbe verzeichnet im ersten Quartal 2017 h\u00f6here Ums\u00e4tze. (Petra Bork \/ pixelio.de)"},{"@type":"BreadcrumbList","@id":"https:\/\/www.organisator.ch\/fr\/general\/2017-05-31\/bauhauptgewerbe-verzeichnet-gute-umsaetze-im-ersten-quartal\/#breadcrumb","itemListElement":[{"@type":"ListItem","position":1,"name":"Home","item":"https:\/\/www.organisator.ch\/"},{"@type":"ListItem","position":2,"name":"Bauhauptgewerbe verzeichnet gute Ums\u00e4tze im ersten Quartal"}]},{"@type":"WebSite","@id":"https:\/\/www.organisator.ch\/#website","url":"https:\/\/www.organisator.ch\/","name":"Organizer","description":"Competent. Practical. In 10 issues per year, ORGANISATOR presents the essential topics for managers of SMEs.","publisher":{"@id":"https:\/\/www.organisator.ch\/#organization"},"potentialAction":[{"@type":"SearchAction","target":{"@type":"EntryPoint","urlTemplate":"https:\/\/www.organisator.ch\/?s={search_term_string}"},"query-input":{"@type":"PropertyValueSpecification","valueRequired":true,"valueName":"search_term_string"}}],"inLanguage":"en-US"},{"@type":"Organization","@id":"https:\/\/www.organisator.ch\/#organization","name":"Organizer","url":"https:\/\/www.organisator.ch\/","logo":{"@type":"ImageObject","inLanguage":"en-US","@id":"https:\/\/www.organisator.ch\/#\/schema\/logo\/image\/","url":"https:\/\/www.organisator.ch\/wp-content\/uploads\/2022\/01\/Logo_Organisator_Website.png","contentUrl":"https:\/\/www.organisator.ch\/wp-content\/uploads\/2022\/01\/Logo_Organisator_Website.png","width":800,"height":77,"caption":"Organisator"},"image":{"@id":"https:\/\/www.organisator.ch\/#\/schema\/logo\/image\/"},"sameAs":["https:\/\/www.facebook.com\/OrganisatorFachmagazin","https:\/\/www.linkedin.com\/showcase\/organisator-das-magazin-fr-kmu","https:\/\/www.xing.com\/news\/pages\/organisator-ch-695","https:\/\/www.youtube.com\/channel\/UCGP2Sq0iWaZwT3BdIAQFYpw"]},{"@type":"Person","@id":"https:\/\/www.organisator.ch\/#\/schema\/person\/6f650f90b2842cd4c0cc334b4e36f67e","name":"thomas.berner","image":{"@type":"ImageObject","inLanguage":"en-US","@id":"https:\/\/secure.gravatar.com\/avatar\/ac5001d2a36cb6c6cd3e50789007ffca834b477b74a2144564522e944eabff61?s=96&d=mm&r=g","url":"https:\/\/secure.gravatar.com\/avatar\/ac5001d2a36cb6c6cd3e50789007ffca834b477b74a2144564522e944eabff61?s=96&d=mm&r=g","contentUrl":"https:\/\/secure.gravatar.com\/avatar\/ac5001d2a36cb6c6cd3e50789007ffca834b477b74a2144564522e944eabff61?s=96&d=mm&r=g","caption":"thomas.berner"},"url":"https:\/\/www.organisator.ch\/en\/author\/thomas-berner\/"}]}},"_links":{"self":[{"href":"https:\/\/www.organisator.ch\/en\/wp-json\/wp\/v2\/posts\/1965","targetHints":{"allow":["GET"]}}],"collection":[{"href":"https:\/\/www.organisator.ch\/en\/wp-json\/wp\/v2\/posts"}],"about":[{"href":"https:\/\/www.organisator.ch\/en\/wp-json\/wp\/v2\/types\/post"}],"author":[{"embeddable":true,"href":"https:\/\/www.organisator.ch\/en\/wp-json\/wp\/v2\/users\/4"}],"replies":[{"embeddable":true,"href":"https:\/\/www.organisator.ch\/en\/wp-json\/wp\/v2\/comments?post=1965"}],"version-history":[{"count":0,"href":"https:\/\/www.organisator.ch\/en\/wp-json\/wp\/v2\/posts\/1965\/revisions"}],"wp:featuredmedia":[{"embeddable":true,"href":"https:\/\/www.organisator.ch\/en\/wp-json\/wp\/v2\/media\/1966"}],"wp:attachment":[{"href":"https:\/\/www.organisator.ch\/en\/wp-json\/wp\/v2\/media?parent=1965"}],"wp:term":[{"taxonomy":"category","embeddable":true,"href":"https:\/\/www.organisator.ch\/en\/wp-json\/wp\/v2\/categories?post=1965"},{"taxonomy":"post_tag","embeddable":true,"href":"https:\/\/www.organisator.ch\/en\/wp-json\/wp\/v2\/tags?post=1965"}],"curies":[{"name":"wp","href":"https:\/\/api.w.org\/{rel}","templated":true}]}}