{"id":19710,"date":"2023-04-11T18:09:40","date_gmt":"2023-04-11T16:09:40","guid":{"rendered":"https:\/\/www.organisator.ch\/de\/?p=19710"},"modified":"2023-04-11T09:33:06","modified_gmt":"2023-04-11T07:33:06","slug":"beatrice-staeheli-mit-beiden-fuessen-hineingesprungen","status":"publish","type":"post","link":"https:\/\/www.organisator.ch\/en\/abo\/2023-04-11\/beatrice-staeheli-mit-beiden-fuessen-hineingesprungen\/","title":{"rendered":"Beatrice St\u00e4heli: \"Jumped in with both feet\"."},"content":{"rendered":"<div class=\"swpm-post-not-logged-in-msg\">You need to be logged in to view this content. Please <a class=\"swpm-login-link\" href=\"https:\/\/www.organisator.ch\/login\/\">Log In<\/a>. Not a Member? <a href=\"https:\/\/www.organisator.ch\/shop\/\">Join Us<\/a><\/div>","protected":false},"excerpt":{"rendered":"<p>For many years, women in technology or finance professions were rather exceptional. Fortunately, this has changed. What can experienced businesswomen tell the younger generation? We talked about this with Beatrice St\u00e4heli. She looks back on a long career in the world of finance and technology.<\/p>","protected":false},"author":1,"featured_media":19709,"comment_status":"closed","ping_status":"closed","sticky":false,"template":"","format":"standard","meta":{"_acf_changed":false,"_yoast_wpseo_focuskw":"Beatrice St\u00e4heli","_yoast_wpseo_metadesc":"Frauen in Technologie- oder Finanzberufen waren lange Jahre eher Ausnahmeerscheinungen. Dies hat sich ge\u00e4ndert, wie Beatrice St\u00e4heli zeigt.","articlekey":"32696","footnotes":""},"categories":[578,30],"tags":[62,283,294],"class_list":["post-19710","post","type-post","status-publish","format-standard","has-post-thumbnail","hentry","category-abo","category-weiterbildung","tag-aus-weiterbildung","tag-interview","tag-karriere"],"acf":[],"yoast_head":"<!-- This site is optimized with the Yoast SEO plugin v27.5 - https:\/\/yoast.com\/product\/yoast-seo-wordpress\/ -->\n<title>Beatrice St\u00e4heli: \u00abMit beiden F\u00fcssen hineingesprungen\u00bb - Organisator<\/title>\n<meta name=\"description\" content=\"Frauen in Technologie- oder Finanzberufen waren lange Jahre eher Ausnahmeerscheinungen. Dies hat sich ge\u00e4ndert, wie Beatrice St\u00e4heli zeigt.\" \/>\n<meta name=\"robots\" content=\"index, follow, max-snippet:-1, max-image-preview:large, max-video-preview:-1\" \/>\n<link rel=\"canonical\" href=\"https:\/\/www.organisator.ch\/en\/further-education\/2023-04-11\/beatrice-staeheli-mit-beiden-fuessen-hineingesprungen\/\" \/>\n<meta property=\"og:locale\" content=\"en_US\" \/>\n<meta property=\"og:type\" content=\"article\" \/>\n<meta property=\"og:title\" content=\"Beatrice St\u00e4heli: \u00abMit beiden F\u00fcssen hineingesprungen\u00bb - Organisator\" \/>\n<meta property=\"og:description\" content=\"Frauen in Technologie- oder Finanzberufen waren lange Jahre eher Ausnahmeerscheinungen. Dies hat sich ge\u00e4ndert, wie Beatrice St\u00e4heli zeigt.\" \/>\n<meta property=\"og:url\" content=\"https:\/\/www.organisator.ch\/en\/further-education\/2023-04-11\/beatrice-staeheli-mit-beiden-fuessen-hineingesprungen\/\" \/>\n<meta property=\"og:site_name\" content=\"Organisator\" \/>\n<meta property=\"article:publisher\" content=\"https:\/\/www.facebook.com\/OrganisatorFachmagazin\" \/>\n<meta property=\"article:published_time\" content=\"2023-04-11T16:09:40+00:00\" \/>\n<meta property=\"og:image\" content=\"https:\/\/www.organisator.ch\/wp-content\/uploads\/2023\/04\/Weiterbildung_Staeheli_Bild_organisator_32702-scaled.jpg\" \/>\n\t<meta property=\"og:image:width\" content=\"1400\" \/>\n\t<meta property=\"og:image:height\" content=\"1356\" \/>\n\t<meta property=\"og:image:type\" content=\"image\/jpeg\" \/>\n<meta name=\"author\" content=\"admin\" \/>\n<meta name=\"twitter:card\" content=\"summary_large_image\" \/>\n<script type=\"application\/ld+json\" class=\"yoast-schema-graph\">{\"@context\":\"https:\\\/\\\/schema.org\",\"@graph\":[{\"@type\":\"Article\",\"@id\":\"https:\\\/\\\/www.organisator.ch\\\/weiterbildung\\\/2023-04-11\\\/beatrice-staeheli-mit-beiden-fuessen-hineingesprungen\\\/#article\",\"isPartOf\":{\"@id\":\"https:\\\/\\\/www.organisator.ch\\\/weiterbildung\\\/2023-04-11\\\/beatrice-staeheli-mit-beiden-fuessen-hineingesprungen\\\/\"},\"author\":{\"name\":\"admin\",\"@id\":\"https:\\\/\\\/www.organisator.ch\\\/#\\\/schema\\\/person\\\/aa2bace6c5c5aad60102004a50c4eb1c\"},\"headline\":\"Beatrice St\u00e4heli: \u00abMit beiden F\u00fcssen hineingesprungen\u00bb\",\"datePublished\":\"2023-04-11T16:09:40+00:00\",\"mainEntityOfPage\":{\"@id\":\"https:\\\/\\\/www.organisator.ch\\\/weiterbildung\\\/2023-04-11\\\/beatrice-staeheli-mit-beiden-fuessen-hineingesprungen\\\/\"},\"wordCount\":2083,\"publisher\":{\"@id\":\"https:\\\/\\\/www.organisator.ch\\\/#organization\"},\"image\":{\"@id\":\"https:\\\/\\\/www.organisator.ch\\\/weiterbildung\\\/2023-04-11\\\/beatrice-staeheli-mit-beiden-fuessen-hineingesprungen\\\/#primaryimage\"},\"thumbnailUrl\":\"https:\\\/\\\/www.organisator.ch\\\/wp-content\\\/uploads\\\/2023\\\/04\\\/Weiterbildung_Staeheli_Bild_organisator_32702-scaled.jpg\",\"keywords\":[\"Aus-\\\/Weiterbildung\",\"Interview\",\"Karriere\"],\"articleSection\":[\"ABO+\",\"WEITERBILDUNG\"],\"inLanguage\":\"en-US\"},{\"@type\":\"WebPage\",\"@id\":\"https:\\\/\\\/www.organisator.ch\\\/weiterbildung\\\/2023-04-11\\\/beatrice-staeheli-mit-beiden-fuessen-hineingesprungen\\\/\",\"url\":\"https:\\\/\\\/www.organisator.ch\\\/weiterbildung\\\/2023-04-11\\\/beatrice-staeheli-mit-beiden-fuessen-hineingesprungen\\\/\",\"name\":\"Beatrice St\u00e4heli: \u00abMit beiden F\u00fcssen hineingesprungen\u00bb - Organisator\",\"isPartOf\":{\"@id\":\"https:\\\/\\\/www.organisator.ch\\\/#website\"},\"primaryImageOfPage\":{\"@id\":\"https:\\\/\\\/www.organisator.ch\\\/weiterbildung\\\/2023-04-11\\\/beatrice-staeheli-mit-beiden-fuessen-hineingesprungen\\\/#primaryimage\"},\"image\":{\"@id\":\"https:\\\/\\\/www.organisator.ch\\\/weiterbildung\\\/2023-04-11\\\/beatrice-staeheli-mit-beiden-fuessen-hineingesprungen\\\/#primaryimage\"},\"thumbnailUrl\":\"https:\\\/\\\/www.organisator.ch\\\/wp-content\\\/uploads\\\/2023\\\/04\\\/Weiterbildung_Staeheli_Bild_organisator_32702-scaled.jpg\",\"datePublished\":\"2023-04-11T16:09:40+00:00\",\"description\":\"Frauen in Technologie- oder Finanzberufen waren lange Jahre eher Ausnahmeerscheinungen. Dies hat sich ge\u00e4ndert, wie Beatrice St\u00e4heli zeigt.\",\"breadcrumb\":{\"@id\":\"https:\\\/\\\/www.organisator.ch\\\/weiterbildung\\\/2023-04-11\\\/beatrice-staeheli-mit-beiden-fuessen-hineingesprungen\\\/#breadcrumb\"},\"inLanguage\":\"en-US\",\"potentialAction\":[{\"@type\":\"ReadAction\",\"target\":[\"https:\\\/\\\/www.organisator.ch\\\/weiterbildung\\\/2023-04-11\\\/beatrice-staeheli-mit-beiden-fuessen-hineingesprungen\\\/\"]}]},{\"@type\":\"ImageObject\",\"inLanguage\":\"en-US\",\"@id\":\"https:\\\/\\\/www.organisator.ch\\\/weiterbildung\\\/2023-04-11\\\/beatrice-staeheli-mit-beiden-fuessen-hineingesprungen\\\/#primaryimage\",\"url\":\"https:\\\/\\\/www.organisator.ch\\\/wp-content\\\/uploads\\\/2023\\\/04\\\/Weiterbildung_Staeheli_Bild_organisator_32702-scaled.jpg\",\"contentUrl\":\"https:\\\/\\\/www.organisator.ch\\\/wp-content\\\/uploads\\\/2023\\\/04\\\/Weiterbildung_Staeheli_Bild_organisator_32702-scaled.jpg\",\"width\":1400,\"height\":1356,\"caption\":\"Beatrice St\u00e4heli von Cognizant Schweiz: \u00abIn der Business-Welt kann man nicht nur nett sein. Und da gilt es, sich hie und da ein dickes Fell zuzulegen.\u00bb \u00a9 Cognizant\"},{\"@type\":\"BreadcrumbList\",\"@id\":\"https:\\\/\\\/www.organisator.ch\\\/weiterbildung\\\/2023-04-11\\\/beatrice-staeheli-mit-beiden-fuessen-hineingesprungen\\\/#breadcrumb\",\"itemListElement\":[{\"@type\":\"ListItem\",\"position\":1,\"name\":\"Home\",\"item\":\"https:\\\/\\\/www.organisator.ch\\\/\"},{\"@type\":\"ListItem\",\"position\":2,\"name\":\"Beatrice St\u00e4heli: \u00abMit beiden F\u00fcssen hineingesprungen\u00bb\"}]},{\"@type\":\"WebSite\",\"@id\":\"https:\\\/\\\/www.organisator.ch\\\/#website\",\"url\":\"https:\\\/\\\/www.organisator.ch\\\/\",\"name\":\"Organisator\",\"description\":\"Kompetent. Praxisnah. Der ORGANISATOR bereitet in 10 Ausgaben pro Jahr die wesentlichen Themen f\u00fcr F\u00fchrungskr\u00e4fte von KMU auf.\",\"publisher\":{\"@id\":\"https:\\\/\\\/www.organisator.ch\\\/#organization\"},\"potentialAction\":[{\"@type\":\"SearchAction\",\"target\":{\"@type\":\"EntryPoint\",\"urlTemplate\":\"https:\\\/\\\/www.organisator.ch\\\/?s={search_term_string}\"},\"query-input\":{\"@type\":\"PropertyValueSpecification\",\"valueRequired\":true,\"valueName\":\"search_term_string\"}}],\"inLanguage\":\"en-US\"},{\"@type\":\"Organization\",\"@id\":\"https:\\\/\\\/www.organisator.ch\\\/#organization\",\"name\":\"Organisator\",\"url\":\"https:\\\/\\\/www.organisator.ch\\\/\",\"logo\":{\"@type\":\"ImageObject\",\"inLanguage\":\"en-US\",\"@id\":\"https:\\\/\\\/www.organisator.ch\\\/#\\\/schema\\\/logo\\\/image\\\/\",\"url\":\"https:\\\/\\\/www.organisator.ch\\\/wp-content\\\/uploads\\\/2022\\\/01\\\/Logo_Organisator_Website.png\",\"contentUrl\":\"https:\\\/\\\/www.organisator.ch\\\/wp-content\\\/uploads\\\/2022\\\/01\\\/Logo_Organisator_Website.png\",\"width\":800,\"height\":77,\"caption\":\"Organisator\"},\"image\":{\"@id\":\"https:\\\/\\\/www.organisator.ch\\\/#\\\/schema\\\/logo\\\/image\\\/\"},\"sameAs\":[\"https:\\\/\\\/www.facebook.com\\\/OrganisatorFachmagazin\",\"https:\\\/\\\/www.linkedin.com\\\/showcase\\\/organisator-das-magazin-fr-kmu\",\"https:\\\/\\\/www.xing.com\\\/news\\\/pages\\\/organisator-ch-695\",\"https:\\\/\\\/www.youtube.com\\\/channel\\\/UCGP2Sq0iWaZwT3BdIAQFYpw\"]},{\"@type\":\"Person\",\"@id\":\"https:\\\/\\\/www.organisator.ch\\\/#\\\/schema\\\/person\\\/aa2bace6c5c5aad60102004a50c4eb1c\",\"name\":\"admin\",\"image\":{\"@type\":\"ImageObject\",\"inLanguage\":\"en-US\",\"@id\":\"https:\\\/\\\/secure.gravatar.com\\\/avatar\\\/ae2f4d718e6c49043e314ce431e7e645d646302a24a5ef5a8bc8e3f5a032e319?s=96&d=mm&r=g\",\"url\":\"https:\\\/\\\/secure.gravatar.com\\\/avatar\\\/ae2f4d718e6c49043e314ce431e7e645d646302a24a5ef5a8bc8e3f5a032e319?s=96&d=mm&r=g\",\"contentUrl\":\"https:\\\/\\\/secure.gravatar.com\\\/avatar\\\/ae2f4d718e6c49043e314ce431e7e645d646302a24a5ef5a8bc8e3f5a032e319?s=96&d=mm&r=g\",\"caption\":\"admin\"},\"sameAs\":[\"https:\\\/\\\/www.organisator.ch\"],\"url\":\"https:\\\/\\\/www.organisator.ch\\\/en\\\/author\\\/admin\\\/\"}]}<\/script>\n<!-- \/ Yoast SEO plugin. -->","yoast_head_json":{"title":"Beatrice St\u00e4heli: \"Jumped in with both feet\" - Organizer","description":"For many years, women in technology or finance professions were rather exceptional. This has changed, as Beatrice St\u00e4heli shows.","robots":{"index":"index","follow":"follow","max-snippet":"max-snippet:-1","max-image-preview":"max-image-preview:large","max-video-preview":"max-video-preview:-1"},"canonical":"https:\/\/www.organisator.ch\/en\/further-education\/2023-04-11\/beatrice-staeheli-mit-beiden-fuessen-hineingesprungen\/","og_locale":"en_US","og_type":"article","og_title":"Beatrice St\u00e4heli: \u00abMit beiden F\u00fcssen hineingesprungen\u00bb - Organisator","og_description":"Frauen in Technologie- oder Finanzberufen waren lange Jahre eher Ausnahmeerscheinungen. Dies hat sich ge\u00e4ndert, wie Beatrice St\u00e4heli zeigt.","og_url":"https:\/\/www.organisator.ch\/en\/further-education\/2023-04-11\/beatrice-staeheli-mit-beiden-fuessen-hineingesprungen\/","og_site_name":"Organisator","article_publisher":"https:\/\/www.facebook.com\/OrganisatorFachmagazin","article_published_time":"2023-04-11T16:09:40+00:00","og_image":[{"width":1400,"height":1356,"url":"https:\/\/www.organisator.ch\/wp-content\/uploads\/2023\/04\/Weiterbildung_Staeheli_Bild_organisator_32702-scaled.jpg","type":"image\/jpeg"}],"author":"admin","twitter_card":"summary_large_image","schema":{"@context":"https:\/\/schema.org","@graph":[{"@type":"Article","@id":"https:\/\/www.organisator.ch\/weiterbildung\/2023-04-11\/beatrice-staeheli-mit-beiden-fuessen-hineingesprungen\/#article","isPartOf":{"@id":"https:\/\/www.organisator.ch\/weiterbildung\/2023-04-11\/beatrice-staeheli-mit-beiden-fuessen-hineingesprungen\/"},"author":{"name":"admin","@id":"https:\/\/www.organisator.ch\/#\/schema\/person\/aa2bace6c5c5aad60102004a50c4eb1c"},"headline":"Beatrice St\u00e4heli: \u00abMit beiden F\u00fcssen hineingesprungen\u00bb","datePublished":"2023-04-11T16:09:40+00:00","mainEntityOfPage":{"@id":"https:\/\/www.organisator.ch\/weiterbildung\/2023-04-11\/beatrice-staeheli-mit-beiden-fuessen-hineingesprungen\/"},"wordCount":2083,"publisher":{"@id":"https:\/\/www.organisator.ch\/#organization"},"image":{"@id":"https:\/\/www.organisator.ch\/weiterbildung\/2023-04-11\/beatrice-staeheli-mit-beiden-fuessen-hineingesprungen\/#primaryimage"},"thumbnailUrl":"https:\/\/www.organisator.ch\/wp-content\/uploads\/2023\/04\/Weiterbildung_Staeheli_Bild_organisator_32702-scaled.jpg","keywords":["Aus-\/Weiterbildung","Interview","Karriere"],"articleSection":["ABO+","WEITERBILDUNG"],"inLanguage":"en-US"},{"@type":"WebPage","@id":"https:\/\/www.organisator.ch\/weiterbildung\/2023-04-11\/beatrice-staeheli-mit-beiden-fuessen-hineingesprungen\/","url":"https:\/\/www.organisator.ch\/weiterbildung\/2023-04-11\/beatrice-staeheli-mit-beiden-fuessen-hineingesprungen\/","name":"Beatrice St\u00e4heli: \"Jumped in with both feet\" - Organizer","isPartOf":{"@id":"https:\/\/www.organisator.ch\/#website"},"primaryImageOfPage":{"@id":"https:\/\/www.organisator.ch\/weiterbildung\/2023-04-11\/beatrice-staeheli-mit-beiden-fuessen-hineingesprungen\/#primaryimage"},"image":{"@id":"https:\/\/www.organisator.ch\/weiterbildung\/2023-04-11\/beatrice-staeheli-mit-beiden-fuessen-hineingesprungen\/#primaryimage"},"thumbnailUrl":"https:\/\/www.organisator.ch\/wp-content\/uploads\/2023\/04\/Weiterbildung_Staeheli_Bild_organisator_32702-scaled.jpg","datePublished":"2023-04-11T16:09:40+00:00","description":"For many years, women in technology or finance professions were rather exceptional. This has changed, as Beatrice St\u00e4heli shows.","breadcrumb":{"@id":"https:\/\/www.organisator.ch\/weiterbildung\/2023-04-11\/beatrice-staeheli-mit-beiden-fuessen-hineingesprungen\/#breadcrumb"},"inLanguage":"en-US","potentialAction":[{"@type":"ReadAction","target":["https:\/\/www.organisator.ch\/weiterbildung\/2023-04-11\/beatrice-staeheli-mit-beiden-fuessen-hineingesprungen\/"]}]},{"@type":"ImageObject","inLanguage":"en-US","@id":"https:\/\/www.organisator.ch\/weiterbildung\/2023-04-11\/beatrice-staeheli-mit-beiden-fuessen-hineingesprungen\/#primaryimage","url":"https:\/\/www.organisator.ch\/wp-content\/uploads\/2023\/04\/Weiterbildung_Staeheli_Bild_organisator_32702-scaled.jpg","contentUrl":"https:\/\/www.organisator.ch\/wp-content\/uploads\/2023\/04\/Weiterbildung_Staeheli_Bild_organisator_32702-scaled.jpg","width":1400,"height":1356,"caption":"Beatrice St\u00e4heli von Cognizant Schweiz: \u00abIn der Business-Welt kann man nicht nur nett sein. Und da gilt es, sich hie und da ein dickes Fell zuzulegen.\u00bb \u00a9 Cognizant"},{"@type":"BreadcrumbList","@id":"https:\/\/www.organisator.ch\/weiterbildung\/2023-04-11\/beatrice-staeheli-mit-beiden-fuessen-hineingesprungen\/#breadcrumb","itemListElement":[{"@type":"ListItem","position":1,"name":"Home","item":"https:\/\/www.organisator.ch\/"},{"@type":"ListItem","position":2,"name":"Beatrice St\u00e4heli: \u00abMit beiden F\u00fcssen hineingesprungen\u00bb"}]},{"@type":"WebSite","@id":"https:\/\/www.organisator.ch\/#website","url":"https:\/\/www.organisator.ch\/","name":"Organizer","description":"Competent. Practical. In 10 issues per year, ORGANISATOR presents the essential topics for managers of SMEs.","publisher":{"@id":"https:\/\/www.organisator.ch\/#organization"},"potentialAction":[{"@type":"SearchAction","target":{"@type":"EntryPoint","urlTemplate":"https:\/\/www.organisator.ch\/?s={search_term_string}"},"query-input":{"@type":"PropertyValueSpecification","valueRequired":true,"valueName":"search_term_string"}}],"inLanguage":"en-US"},{"@type":"Organization","@id":"https:\/\/www.organisator.ch\/#organization","name":"Organizer","url":"https:\/\/www.organisator.ch\/","logo":{"@type":"ImageObject","inLanguage":"en-US","@id":"https:\/\/www.organisator.ch\/#\/schema\/logo\/image\/","url":"https:\/\/www.organisator.ch\/wp-content\/uploads\/2022\/01\/Logo_Organisator_Website.png","contentUrl":"https:\/\/www.organisator.ch\/wp-content\/uploads\/2022\/01\/Logo_Organisator_Website.png","width":800,"height":77,"caption":"Organisator"},"image":{"@id":"https:\/\/www.organisator.ch\/#\/schema\/logo\/image\/"},"sameAs":["https:\/\/www.facebook.com\/OrganisatorFachmagazin","https:\/\/www.linkedin.com\/showcase\/organisator-das-magazin-fr-kmu","https:\/\/www.xing.com\/news\/pages\/organisator-ch-695","https:\/\/www.youtube.com\/channel\/UCGP2Sq0iWaZwT3BdIAQFYpw"]},{"@type":"Person","@id":"https:\/\/www.organisator.ch\/#\/schema\/person\/aa2bace6c5c5aad60102004a50c4eb1c","name":"admin","image":{"@type":"ImageObject","inLanguage":"en-US","@id":"https:\/\/secure.gravatar.com\/avatar\/ae2f4d718e6c49043e314ce431e7e645d646302a24a5ef5a8bc8e3f5a032e319?s=96&d=mm&r=g","url":"https:\/\/secure.gravatar.com\/avatar\/ae2f4d718e6c49043e314ce431e7e645d646302a24a5ef5a8bc8e3f5a032e319?s=96&d=mm&r=g","contentUrl":"https:\/\/secure.gravatar.com\/avatar\/ae2f4d718e6c49043e314ce431e7e645d646302a24a5ef5a8bc8e3f5a032e319?s=96&d=mm&r=g","caption":"admin"},"sameAs":["https:\/\/www.organisator.ch"],"url":"https:\/\/www.organisator.ch\/en\/author\/admin\/"}]}},"_links":{"self":[{"href":"https:\/\/www.organisator.ch\/en\/wp-json\/wp\/v2\/posts\/19710","targetHints":{"allow":["GET"]}}],"collection":[{"href":"https:\/\/www.organisator.ch\/en\/wp-json\/wp\/v2\/posts"}],"about":[{"href":"https:\/\/www.organisator.ch\/en\/wp-json\/wp\/v2\/types\/post"}],"author":[{"embeddable":true,"href":"https:\/\/www.organisator.ch\/en\/wp-json\/wp\/v2\/users\/1"}],"replies":[{"embeddable":true,"href":"https:\/\/www.organisator.ch\/en\/wp-json\/wp\/v2\/comments?post=19710"}],"version-history":[{"count":3,"href":"https:\/\/www.organisator.ch\/en\/wp-json\/wp\/v2\/posts\/19710\/revisions"}],"predecessor-version":[{"id":19716,"href":"https:\/\/www.organisator.ch\/en\/wp-json\/wp\/v2\/posts\/19710\/revisions\/19716"}],"wp:featuredmedia":[{"embeddable":true,"href":"https:\/\/www.organisator.ch\/en\/wp-json\/wp\/v2\/media\/19709"}],"wp:attachment":[{"href":"https:\/\/www.organisator.ch\/en\/wp-json\/wp\/v2\/media?parent=19710"}],"wp:term":[{"taxonomy":"category","embeddable":true,"href":"https:\/\/www.organisator.ch\/en\/wp-json\/wp\/v2\/categories?post=19710"},{"taxonomy":"post_tag","embeddable":true,"href":"https:\/\/www.organisator.ch\/en\/wp-json\/wp\/v2\/tags?post=19710"}],"curies":[{"name":"wp","href":"https:\/\/api.w.org\/{rel}","templated":true}]}}