{"id":19775,"date":"2023-04-12T08:25:20","date_gmt":"2023-04-12T06:25:20","guid":{"rendered":"https:\/\/www.organisator.ch\/?p=19775"},"modified":"2023-04-12T08:25:20","modified_gmt":"2023-04-12T06:25:20","slug":"woodman-asset-management-ag-veraenderungen-in-management-und-vr","status":"publish","type":"post","link":"https:\/\/www.organisator.ch\/en\/management\/2023-04-12\/woodman-asset-management-ag-veraenderungen-in-management-und-vr\/","title":{"rendered":"Woodman Asset Management AG: Changes in Management and BoD"},"content":{"rendered":"<figure id=\"attachment_19776\" aria-describedby=\"caption-attachment-19776\" style=\"width: 680px\" class=\"wp-caption alignnone\"><img loading=\"lazy\" decoding=\"async\" class=\"size-full wp-image-19776\" src=\"https:\/\/www.organisator.ch\/wp-content\/uploads\/2023\/04\/Woodman-Asset-Management-AG-Veraenderungen-in-Management-und-VR_Organisator.jpg\" alt=\"\" width=\"680\" height=\"412\" srcset=\"https:\/\/www.organisator.ch\/wp-content\/uploads\/2023\/04\/Woodman-Asset-Management-AG-Veraenderungen-in-Management-und-VR_Organisator.jpg 680w, https:\/\/www.organisator.ch\/wp-content\/uploads\/2023\/04\/Woodman-Asset-Management-AG-Veraenderungen-in-Management-und-VR_Organisator-18x12.jpg 18w, https:\/\/www.organisator.ch\/wp-content\/uploads\/2023\/04\/Woodman-Asset-Management-AG-Veraenderungen-in-Management-und-VR_Organisator-375x227.jpg 375w, https:\/\/www.organisator.ch\/wp-content\/uploads\/2023\/04\/Woodman-Asset-Management-AG-Veraenderungen-in-Management-und-VR_Organisator-578x350.jpg 578w\" sizes=\"auto, (max-width: 680px) 100vw, 680px\" \/><figcaption id=\"caption-attachment-19776\" class=\"wp-caption-text\">Istarel Brucker (left) and Stefano Veri hold new leadership positions at Woodman Asset Management. (Pictures: zVg)<\/figcaption><\/figure>\n<p>Stefano Veri joins the Board of Directors of Woodman Asset Management AG, based in Zug, and Istarel Brucker (General Counsel) becomes a member of the Executive Committee. Woodman Asset Management AG is an independent investment boutique that provides family offices and qualified private investors with access to core, niche and sustainable investment strategies in public and private markets. Woodman's investment capabilities are said to be based on the extensive expertise of its in-house investment professionals and a hand-picked network of partners in which Woodman holds strategic investments.<\/p>\n<p>New Board member Stefano Veri comes from UBS, where he recently retired. Stefano Veri was one of the Group's top executives there for 40 years. He was appointed Group Managing Director in 2014 and has actively led and shaped the transformation of UBS Wealth Management in Switzerland and abroad as a member of several key executive committees. He has an extensive knowledge and understanding of international capital markets and the global wealth management industry. Patrick Ferrari, CEO of Woodman Asset Management AG, commented, \"We are delighted to welcome Stefano to our Board of Directors. Stefano will help lead our company's inorganic growth strategy in the next phase of its development. His extensive experience in senior positions at a major international financial institution, most recently as Global Head of External Asset Managers at UBS, will allow Woodman to benefit from his unique expertise and experience.\"<\/p>\n<p>Istarel Brucker, in turn, was promoted to member of the Executive Committee, where she holds the position of General Counsel. She joined Woodman in 2020 as legal counsel and assumed responsibility for all legal and compliance matters in March 2021. Prior to joining Woodman, Istarel Brucker worked as an attorney in the Legal, Compliance and Regulatory practice at EY, where she advised finance and insurance companies on banking and financial markets law. Prior to that, she gained experience at a Zurich law firm and as a lawyer in the legal department of Julius Baer. \"We are confident that Istarel's tireless dedication will enhance Woodman's development and ensure our continued success. Istarel's deep understanding of the legal and compliance function will ensure that she continues to be a strategic partner and resource for our various businesses,\" CEO Patrick Ferarri said of the hire.<\/p>\n<p><em>Source and further information: <a href=\"https:\/\/woodman.ch\/\">Woodman Asset Management Ltd.<\/a><\/em><\/p>","protected":false},"excerpt":{"rendered":"<p>Woodman Asset Management AG (Woodman) has announced the appointment of Stefano Veri as a member of the Board of Directors and Istarel Brucker as a member of the Executive Committee. <\/p>","protected":false},"author":4,"featured_media":19776,"comment_status":"closed","ping_status":"closed","sticky":false,"template":"","format":"standard","meta":{"_acf_changed":false,"_yoast_wpseo_focuskw":"Woodman","_yoast_wpseo_metadesc":"Woodman hat die die Ernennung von Stefano Veri zum Mitglied des VR und von Istarel Brucker zum GL-Mitglied bekannt gegeben.","articlekey":"","footnotes":""},"categories":[28],"tags":[200,335,492,513],"class_list":["post-19775","post","type-post","status-publish","format-standard","has-post-thumbnail","hentry","category-management","tag-finanzbranche","tag-management-und-unternehmensfuehrung","tag-unternehmen","tag-verwaltungsraete"],"acf":[],"yoast_head":"<!-- This site is optimized with the Yoast SEO plugin v27.5 - https:\/\/yoast.com\/product\/yoast-seo-wordpress\/ -->\n<title>Woodman Asset Management AG: Ver\u00e4nderungen in Management und VR - Organisator<\/title>\n<meta name=\"description\" content=\"Woodman hat die die Ernennung von Stefano Veri zum Mitglied des VR und von Istarel Brucker zum GL-Mitglied bekannt gegeben.\" \/>\n<meta name=\"robots\" content=\"index, follow, max-snippet:-1, max-image-preview:large, max-video-preview:-1\" \/>\n<link rel=\"canonical\" href=\"https:\/\/www.organisator.ch\/en\/management\/2023-04-12\/woodman-asset-management-ag-veraenderungen-in-management-und-vr\/\" \/>\n<meta property=\"og:locale\" content=\"en_US\" \/>\n<meta property=\"og:type\" content=\"article\" \/>\n<meta property=\"og:title\" content=\"Woodman Asset Management AG: Ver\u00e4nderungen in Management und VR\" \/>\n<meta property=\"og:description\" content=\"Woodman hat die die Ernennung von Stefano Veri zum Mitglied des VR und von Istarel Brucker zum GL-Mitglied bekannt gegeben.\" \/>\n<meta property=\"og:url\" content=\"https:\/\/www.organisator.ch\/en\/management\/2023-04-12\/woodman-asset-management-ag-veraenderungen-in-management-und-vr\/\" \/>\n<meta property=\"og:site_name\" content=\"Organisator\" \/>\n<meta property=\"article:publisher\" content=\"https:\/\/www.facebook.com\/OrganisatorFachmagazin\" \/>\n<meta property=\"article:published_time\" content=\"2023-04-12T06:25:20+00:00\" \/>\n<meta property=\"og:image\" content=\"https:\/\/www.organisator.ch\/wp-content\/uploads\/2023\/04\/Woodman-Asset-Management-AG-Veraenderungen-in-Management-und-VR_Organisator.jpg\" \/>\n\t<meta property=\"og:image:width\" content=\"680\" \/>\n\t<meta property=\"og:image:height\" content=\"412\" \/>\n\t<meta property=\"og:image:type\" content=\"image\/jpeg\" \/>\n<meta name=\"author\" content=\"thomas.berner\" \/>\n<meta name=\"twitter:card\" content=\"summary_large_image\" \/>\n<meta name=\"twitter:title\" content=\"#Woodman Asset Management AG: Ver\u00e4nderungen in #Management und #VR\" \/>\n<meta name=\"twitter:description\" content=\"#Woodman hat die die Ernennung von Stefano Veri zum Mitglied des #VR und von Istarel Brucker zum #GL-Mitglied bekannt gegeben.\" \/>\n<meta name=\"twitter:image\" content=\"https:\/\/www.organisator.ch\/wp-content\/uploads\/2023\/04\/Woodman-Asset-Management-AG-Veraenderungen-in-Management-und-VR_Organisator.jpg\" \/>\n<script type=\"application\/ld+json\" class=\"yoast-schema-graph\">{\"@context\":\"https:\\\/\\\/schema.org\",\"@graph\":[{\"@type\":\"Article\",\"@id\":\"https:\\\/\\\/www.organisator.ch\\\/management\\\/2023-04-12\\\/woodman-asset-management-ag-veraenderungen-in-management-und-vr\\\/#article\",\"isPartOf\":{\"@id\":\"https:\\\/\\\/www.organisator.ch\\\/management\\\/2023-04-12\\\/woodman-asset-management-ag-veraenderungen-in-management-und-vr\\\/\"},\"author\":{\"name\":\"thomas.berner\",\"@id\":\"https:\\\/\\\/www.organisator.ch\\\/#\\\/schema\\\/person\\\/6f650f90b2842cd4c0cc334b4e36f67e\"},\"headline\":\"Woodman Asset Management AG: Ver\u00e4nderungen in Management und VR\",\"datePublished\":\"2023-04-12T06:25:20+00:00\",\"mainEntityOfPage\":{\"@id\":\"https:\\\/\\\/www.organisator.ch\\\/management\\\/2023-04-12\\\/woodman-asset-management-ag-veraenderungen-in-management-und-vr\\\/\"},\"wordCount\":427,\"publisher\":{\"@id\":\"https:\\\/\\\/www.organisator.ch\\\/#organization\"},\"image\":{\"@id\":\"https:\\\/\\\/www.organisator.ch\\\/management\\\/2023-04-12\\\/woodman-asset-management-ag-veraenderungen-in-management-und-vr\\\/#primaryimage\"},\"thumbnailUrl\":\"https:\\\/\\\/www.organisator.ch\\\/wp-content\\\/uploads\\\/2023\\\/04\\\/Woodman-Asset-Management-AG-Veraenderungen-in-Management-und-VR_Organisator.jpg\",\"keywords\":[\"Finanzbranche\",\"Management und Unternehmensf\u00fchrung\",\"Unternehmen\",\"Verwaltungsr\u00e4te\"],\"articleSection\":[\"MANAGEMENT\"],\"inLanguage\":\"en-US\"},{\"@type\":\"WebPage\",\"@id\":\"https:\\\/\\\/www.organisator.ch\\\/management\\\/2023-04-12\\\/woodman-asset-management-ag-veraenderungen-in-management-und-vr\\\/\",\"url\":\"https:\\\/\\\/www.organisator.ch\\\/management\\\/2023-04-12\\\/woodman-asset-management-ag-veraenderungen-in-management-und-vr\\\/\",\"name\":\"Woodman Asset Management AG: Ver\u00e4nderungen in Management und VR - Organisator\",\"isPartOf\":{\"@id\":\"https:\\\/\\\/www.organisator.ch\\\/#website\"},\"primaryImageOfPage\":{\"@id\":\"https:\\\/\\\/www.organisator.ch\\\/management\\\/2023-04-12\\\/woodman-asset-management-ag-veraenderungen-in-management-und-vr\\\/#primaryimage\"},\"image\":{\"@id\":\"https:\\\/\\\/www.organisator.ch\\\/management\\\/2023-04-12\\\/woodman-asset-management-ag-veraenderungen-in-management-und-vr\\\/#primaryimage\"},\"thumbnailUrl\":\"https:\\\/\\\/www.organisator.ch\\\/wp-content\\\/uploads\\\/2023\\\/04\\\/Woodman-Asset-Management-AG-Veraenderungen-in-Management-und-VR_Organisator.jpg\",\"datePublished\":\"2023-04-12T06:25:20+00:00\",\"description\":\"Woodman hat die die Ernennung von Stefano Veri zum Mitglied des VR und von Istarel Brucker zum GL-Mitglied bekannt gegeben.\",\"breadcrumb\":{\"@id\":\"https:\\\/\\\/www.organisator.ch\\\/management\\\/2023-04-12\\\/woodman-asset-management-ag-veraenderungen-in-management-und-vr\\\/#breadcrumb\"},\"inLanguage\":\"en-US\",\"potentialAction\":[{\"@type\":\"ReadAction\",\"target\":[\"https:\\\/\\\/www.organisator.ch\\\/management\\\/2023-04-12\\\/woodman-asset-management-ag-veraenderungen-in-management-und-vr\\\/\"]}]},{\"@type\":\"ImageObject\",\"inLanguage\":\"en-US\",\"@id\":\"https:\\\/\\\/www.organisator.ch\\\/management\\\/2023-04-12\\\/woodman-asset-management-ag-veraenderungen-in-management-und-vr\\\/#primaryimage\",\"url\":\"https:\\\/\\\/www.organisator.ch\\\/wp-content\\\/uploads\\\/2023\\\/04\\\/Woodman-Asset-Management-AG-Veraenderungen-in-Management-und-VR_Organisator.jpg\",\"contentUrl\":\"https:\\\/\\\/www.organisator.ch\\\/wp-content\\\/uploads\\\/2023\\\/04\\\/Woodman-Asset-Management-AG-Veraenderungen-in-Management-und-VR_Organisator.jpg\",\"width\":680,\"height\":412,\"caption\":\"Istarel Brucker (links) und Stefano Veri bekleiden neue F\u00fchrungspositionen bei Woodman Asset Management. (Bilder: zVg)\"},{\"@type\":\"BreadcrumbList\",\"@id\":\"https:\\\/\\\/www.organisator.ch\\\/management\\\/2023-04-12\\\/woodman-asset-management-ag-veraenderungen-in-management-und-vr\\\/#breadcrumb\",\"itemListElement\":[{\"@type\":\"ListItem\",\"position\":1,\"name\":\"Home\",\"item\":\"https:\\\/\\\/www.organisator.ch\\\/\"},{\"@type\":\"ListItem\",\"position\":2,\"name\":\"Woodman Asset Management AG: Ver\u00e4nderungen in Management und VR\"}]},{\"@type\":\"WebSite\",\"@id\":\"https:\\\/\\\/www.organisator.ch\\\/#website\",\"url\":\"https:\\\/\\\/www.organisator.ch\\\/\",\"name\":\"Organisator\",\"description\":\"Kompetent. Praxisnah. Der ORGANISATOR bereitet in 10 Ausgaben pro Jahr die wesentlichen Themen f\u00fcr F\u00fchrungskr\u00e4fte von KMU auf.\",\"publisher\":{\"@id\":\"https:\\\/\\\/www.organisator.ch\\\/#organization\"},\"potentialAction\":[{\"@type\":\"SearchAction\",\"target\":{\"@type\":\"EntryPoint\",\"urlTemplate\":\"https:\\\/\\\/www.organisator.ch\\\/?s={search_term_string}\"},\"query-input\":{\"@type\":\"PropertyValueSpecification\",\"valueRequired\":true,\"valueName\":\"search_term_string\"}}],\"inLanguage\":\"en-US\"},{\"@type\":\"Organization\",\"@id\":\"https:\\\/\\\/www.organisator.ch\\\/#organization\",\"name\":\"Organisator\",\"url\":\"https:\\\/\\\/www.organisator.ch\\\/\",\"logo\":{\"@type\":\"ImageObject\",\"inLanguage\":\"en-US\",\"@id\":\"https:\\\/\\\/www.organisator.ch\\\/#\\\/schema\\\/logo\\\/image\\\/\",\"url\":\"https:\\\/\\\/www.organisator.ch\\\/wp-content\\\/uploads\\\/2022\\\/01\\\/Logo_Organisator_Website.png\",\"contentUrl\":\"https:\\\/\\\/www.organisator.ch\\\/wp-content\\\/uploads\\\/2022\\\/01\\\/Logo_Organisator_Website.png\",\"width\":800,\"height\":77,\"caption\":\"Organisator\"},\"image\":{\"@id\":\"https:\\\/\\\/www.organisator.ch\\\/#\\\/schema\\\/logo\\\/image\\\/\"},\"sameAs\":[\"https:\\\/\\\/www.facebook.com\\\/OrganisatorFachmagazin\",\"https:\\\/\\\/www.linkedin.com\\\/showcase\\\/organisator-das-magazin-fr-kmu\",\"https:\\\/\\\/www.xing.com\\\/news\\\/pages\\\/organisator-ch-695\",\"https:\\\/\\\/www.youtube.com\\\/channel\\\/UCGP2Sq0iWaZwT3BdIAQFYpw\"]},{\"@type\":\"Person\",\"@id\":\"https:\\\/\\\/www.organisator.ch\\\/#\\\/schema\\\/person\\\/6f650f90b2842cd4c0cc334b4e36f67e\",\"name\":\"thomas.berner\",\"image\":{\"@type\":\"ImageObject\",\"inLanguage\":\"en-US\",\"@id\":\"https:\\\/\\\/secure.gravatar.com\\\/avatar\\\/ac5001d2a36cb6c6cd3e50789007ffca834b477b74a2144564522e944eabff61?s=96&d=mm&r=g\",\"url\":\"https:\\\/\\\/secure.gravatar.com\\\/avatar\\\/ac5001d2a36cb6c6cd3e50789007ffca834b477b74a2144564522e944eabff61?s=96&d=mm&r=g\",\"contentUrl\":\"https:\\\/\\\/secure.gravatar.com\\\/avatar\\\/ac5001d2a36cb6c6cd3e50789007ffca834b477b74a2144564522e944eabff61?s=96&d=mm&r=g\",\"caption\":\"thomas.berner\"},\"url\":\"https:\\\/\\\/www.organisator.ch\\\/en\\\/author\\\/thomas-berner\\\/\"}]}<\/script>\n<!-- \/ Yoast SEO plugin. -->","yoast_head_json":{"title":"Woodman Asset Management AG: Changes in Management and BoD - Organizer","description":"Woodman announced the appointment of Stefano Veri to the BoD and Istarel Brucker to the GL.","robots":{"index":"index","follow":"follow","max-snippet":"max-snippet:-1","max-image-preview":"max-image-preview:large","max-video-preview":"max-video-preview:-1"},"canonical":"https:\/\/www.organisator.ch\/en\/management\/2023-04-12\/woodman-asset-management-ag-veraenderungen-in-management-und-vr\/","og_locale":"en_US","og_type":"article","og_title":"Woodman Asset Management AG: Ver\u00e4nderungen in Management und VR","og_description":"Woodman hat die die Ernennung von Stefano Veri zum Mitglied des VR und von Istarel Brucker zum GL-Mitglied bekannt gegeben.","og_url":"https:\/\/www.organisator.ch\/en\/management\/2023-04-12\/woodman-asset-management-ag-veraenderungen-in-management-und-vr\/","og_site_name":"Organisator","article_publisher":"https:\/\/www.facebook.com\/OrganisatorFachmagazin","article_published_time":"2023-04-12T06:25:20+00:00","og_image":[{"width":680,"height":412,"url":"https:\/\/www.organisator.ch\/wp-content\/uploads\/2023\/04\/Woodman-Asset-Management-AG-Veraenderungen-in-Management-und-VR_Organisator.jpg","type":"image\/jpeg"}],"author":"thomas.berner","twitter_card":"summary_large_image","twitter_title":"#Woodman Asset Management AG: Ver\u00e4nderungen in #Management und #VR","twitter_description":"#Woodman hat die die Ernennung von Stefano Veri zum Mitglied des #VR und von Istarel Brucker zum #GL-Mitglied bekannt gegeben.","twitter_image":"https:\/\/www.organisator.ch\/wp-content\/uploads\/2023\/04\/Woodman-Asset-Management-AG-Veraenderungen-in-Management-und-VR_Organisator.jpg","schema":{"@context":"https:\/\/schema.org","@graph":[{"@type":"Article","@id":"https:\/\/www.organisator.ch\/management\/2023-04-12\/woodman-asset-management-ag-veraenderungen-in-management-und-vr\/#article","isPartOf":{"@id":"https:\/\/www.organisator.ch\/management\/2023-04-12\/woodman-asset-management-ag-veraenderungen-in-management-und-vr\/"},"author":{"name":"thomas.berner","@id":"https:\/\/www.organisator.ch\/#\/schema\/person\/6f650f90b2842cd4c0cc334b4e36f67e"},"headline":"Woodman Asset Management AG: Ver\u00e4nderungen in Management und VR","datePublished":"2023-04-12T06:25:20+00:00","mainEntityOfPage":{"@id":"https:\/\/www.organisator.ch\/management\/2023-04-12\/woodman-asset-management-ag-veraenderungen-in-management-und-vr\/"},"wordCount":427,"publisher":{"@id":"https:\/\/www.organisator.ch\/#organization"},"image":{"@id":"https:\/\/www.organisator.ch\/management\/2023-04-12\/woodman-asset-management-ag-veraenderungen-in-management-und-vr\/#primaryimage"},"thumbnailUrl":"https:\/\/www.organisator.ch\/wp-content\/uploads\/2023\/04\/Woodman-Asset-Management-AG-Veraenderungen-in-Management-und-VR_Organisator.jpg","keywords":["Finanzbranche","Management und Unternehmensf\u00fchrung","Unternehmen","Verwaltungsr\u00e4te"],"articleSection":["MANAGEMENT"],"inLanguage":"en-US"},{"@type":"WebPage","@id":"https:\/\/www.organisator.ch\/management\/2023-04-12\/woodman-asset-management-ag-veraenderungen-in-management-und-vr\/","url":"https:\/\/www.organisator.ch\/management\/2023-04-12\/woodman-asset-management-ag-veraenderungen-in-management-und-vr\/","name":"Woodman Asset Management AG: Changes in Management and BoD - Organizer","isPartOf":{"@id":"https:\/\/www.organisator.ch\/#website"},"primaryImageOfPage":{"@id":"https:\/\/www.organisator.ch\/management\/2023-04-12\/woodman-asset-management-ag-veraenderungen-in-management-und-vr\/#primaryimage"},"image":{"@id":"https:\/\/www.organisator.ch\/management\/2023-04-12\/woodman-asset-management-ag-veraenderungen-in-management-und-vr\/#primaryimage"},"thumbnailUrl":"https:\/\/www.organisator.ch\/wp-content\/uploads\/2023\/04\/Woodman-Asset-Management-AG-Veraenderungen-in-Management-und-VR_Organisator.jpg","datePublished":"2023-04-12T06:25:20+00:00","description":"Woodman announced the appointment of Stefano Veri to the BoD and Istarel Brucker to the GL.","breadcrumb":{"@id":"https:\/\/www.organisator.ch\/management\/2023-04-12\/woodman-asset-management-ag-veraenderungen-in-management-und-vr\/#breadcrumb"},"inLanguage":"en-US","potentialAction":[{"@type":"ReadAction","target":["https:\/\/www.organisator.ch\/management\/2023-04-12\/woodman-asset-management-ag-veraenderungen-in-management-und-vr\/"]}]},{"@type":"ImageObject","inLanguage":"en-US","@id":"https:\/\/www.organisator.ch\/management\/2023-04-12\/woodman-asset-management-ag-veraenderungen-in-management-und-vr\/#primaryimage","url":"https:\/\/www.organisator.ch\/wp-content\/uploads\/2023\/04\/Woodman-Asset-Management-AG-Veraenderungen-in-Management-und-VR_Organisator.jpg","contentUrl":"https:\/\/www.organisator.ch\/wp-content\/uploads\/2023\/04\/Woodman-Asset-Management-AG-Veraenderungen-in-Management-und-VR_Organisator.jpg","width":680,"height":412,"caption":"Istarel Brucker (links) und Stefano Veri bekleiden neue F\u00fchrungspositionen bei Woodman Asset Management. (Bilder: zVg)"},{"@type":"BreadcrumbList","@id":"https:\/\/www.organisator.ch\/management\/2023-04-12\/woodman-asset-management-ag-veraenderungen-in-management-und-vr\/#breadcrumb","itemListElement":[{"@type":"ListItem","position":1,"name":"Home","item":"https:\/\/www.organisator.ch\/"},{"@type":"ListItem","position":2,"name":"Woodman Asset Management AG: Ver\u00e4nderungen in Management und VR"}]},{"@type":"WebSite","@id":"https:\/\/www.organisator.ch\/#website","url":"https:\/\/www.organisator.ch\/","name":"Organizer","description":"Competent. Practical. In 10 issues per year, ORGANISATOR presents the essential topics for managers of SMEs.","publisher":{"@id":"https:\/\/www.organisator.ch\/#organization"},"potentialAction":[{"@type":"SearchAction","target":{"@type":"EntryPoint","urlTemplate":"https:\/\/www.organisator.ch\/?s={search_term_string}"},"query-input":{"@type":"PropertyValueSpecification","valueRequired":true,"valueName":"search_term_string"}}],"inLanguage":"en-US"},{"@type":"Organization","@id":"https:\/\/www.organisator.ch\/#organization","name":"Organizer","url":"https:\/\/www.organisator.ch\/","logo":{"@type":"ImageObject","inLanguage":"en-US","@id":"https:\/\/www.organisator.ch\/#\/schema\/logo\/image\/","url":"https:\/\/www.organisator.ch\/wp-content\/uploads\/2022\/01\/Logo_Organisator_Website.png","contentUrl":"https:\/\/www.organisator.ch\/wp-content\/uploads\/2022\/01\/Logo_Organisator_Website.png","width":800,"height":77,"caption":"Organisator"},"image":{"@id":"https:\/\/www.organisator.ch\/#\/schema\/logo\/image\/"},"sameAs":["https:\/\/www.facebook.com\/OrganisatorFachmagazin","https:\/\/www.linkedin.com\/showcase\/organisator-das-magazin-fr-kmu","https:\/\/www.xing.com\/news\/pages\/organisator-ch-695","https:\/\/www.youtube.com\/channel\/UCGP2Sq0iWaZwT3BdIAQFYpw"]},{"@type":"Person","@id":"https:\/\/www.organisator.ch\/#\/schema\/person\/6f650f90b2842cd4c0cc334b4e36f67e","name":"thomas.berner","image":{"@type":"ImageObject","inLanguage":"en-US","@id":"https:\/\/secure.gravatar.com\/avatar\/ac5001d2a36cb6c6cd3e50789007ffca834b477b74a2144564522e944eabff61?s=96&d=mm&r=g","url":"https:\/\/secure.gravatar.com\/avatar\/ac5001d2a36cb6c6cd3e50789007ffca834b477b74a2144564522e944eabff61?s=96&d=mm&r=g","contentUrl":"https:\/\/secure.gravatar.com\/avatar\/ac5001d2a36cb6c6cd3e50789007ffca834b477b74a2144564522e944eabff61?s=96&d=mm&r=g","caption":"thomas.berner"},"url":"https:\/\/www.organisator.ch\/en\/author\/thomas-berner\/"}]}},"_links":{"self":[{"href":"https:\/\/www.organisator.ch\/en\/wp-json\/wp\/v2\/posts\/19775","targetHints":{"allow":["GET"]}}],"collection":[{"href":"https:\/\/www.organisator.ch\/en\/wp-json\/wp\/v2\/posts"}],"about":[{"href":"https:\/\/www.organisator.ch\/en\/wp-json\/wp\/v2\/types\/post"}],"author":[{"embeddable":true,"href":"https:\/\/www.organisator.ch\/en\/wp-json\/wp\/v2\/users\/4"}],"replies":[{"embeddable":true,"href":"https:\/\/www.organisator.ch\/en\/wp-json\/wp\/v2\/comments?post=19775"}],"version-history":[{"count":1,"href":"https:\/\/www.organisator.ch\/en\/wp-json\/wp\/v2\/posts\/19775\/revisions"}],"predecessor-version":[{"id":19777,"href":"https:\/\/www.organisator.ch\/en\/wp-json\/wp\/v2\/posts\/19775\/revisions\/19777"}],"wp:featuredmedia":[{"embeddable":true,"href":"https:\/\/www.organisator.ch\/en\/wp-json\/wp\/v2\/media\/19776"}],"wp:attachment":[{"href":"https:\/\/www.organisator.ch\/en\/wp-json\/wp\/v2\/media?parent=19775"}],"wp:term":[{"taxonomy":"category","embeddable":true,"href":"https:\/\/www.organisator.ch\/en\/wp-json\/wp\/v2\/categories?post=19775"},{"taxonomy":"post_tag","embeddable":true,"href":"https:\/\/www.organisator.ch\/en\/wp-json\/wp\/v2\/tags?post=19775"}],"curies":[{"name":"wp","href":"https:\/\/api.w.org\/{rel}","templated":true}]}}