{"id":19783,"date":"2023-04-20T05:07:01","date_gmt":"2023-04-20T03:07:01","guid":{"rendered":"https:\/\/www.organisator.ch\/?p=19783"},"modified":"2023-04-12T15:34:09","modified_gmt":"2023-04-12T13:34:09","slug":"vorschau-tag-der-schweizer-qualitaet-2023","status":"publish","type":"post","link":"https:\/\/www.organisator.ch\/en\/management\/2023-04-20\/vorschau-tag-der-schweizer-qualitaet-2023\/","title":{"rendered":"Preview Swiss Quality Day 2023"},"content":{"rendered":"<figure id=\"attachment_19787\" aria-describedby=\"caption-attachment-19787\" style=\"width: 680px\" class=\"wp-caption alignnone\"><img loading=\"lazy\" decoding=\"async\" class=\"size-full wp-image-19787\" src=\"https:\/\/www.organisator.ch\/wp-content\/uploads\/2023\/04\/Vorschau-Tag-der-Schweizer-Qualitaet-2023_Organisator.jpg\" alt=\"\" width=\"680\" height=\"351\" srcset=\"https:\/\/www.organisator.ch\/wp-content\/uploads\/2023\/04\/Vorschau-Tag-der-Schweizer-Qualitaet-2023_Organisator.jpg 680w, https:\/\/www.organisator.ch\/wp-content\/uploads\/2023\/04\/Vorschau-Tag-der-Schweizer-Qualitaet-2023_Organisator-18x9.jpg 18w, https:\/\/www.organisator.ch\/wp-content\/uploads\/2023\/04\/Vorschau-Tag-der-Schweizer-Qualitaet-2023_Organisator-375x194.jpg 375w, https:\/\/www.organisator.ch\/wp-content\/uploads\/2023\/04\/Vorschau-Tag-der-Schweizer-Qualitaet-2023_Organisator-678x350.jpg 678w\" sizes=\"auto, (max-width: 680px) 100vw, 680px\" \/><figcaption id=\"caption-attachment-19787\" class=\"wp-caption-text\">Focus on people: This is the theme of the Swiss Quality Day 2023 on May 11 in Bern. (Image: zVg \/ SAQ)<\/figcaption><\/figure>\n<p>It is well known: The digital and ecological transformation as well as demographic change pose major challenges for companies. Organizations must adapt and develop new structures in order to remain competitive in this constantly changing environment. For the area of quality, this means that companies must also adapt their processes, products and services to the new requirements. But how can this be done? Which organizational forms, methods and strategies help? Can human capital be kept in focus, or should companies adapt to new leadership approaches and management concepts? And how can companies position themselves as responsible players in order to remain attractive as employers in the competitive market for skilled workers? These questions will be addressed by various speakers at the Swiss Quality Day 2023. The event is the main annual event of the Swiss Association for Quality SAQ.<\/p>\n<h3>\"New Leadership\": From an Economic and Sporting Perspective<\/h3>\n<p>Prof. Dr. Lukas Scherer, Professor for Organization and Leadership at the Institute for Organization and Leadership (IOL) of the University of Applied Sciences Eastern Switzerland, will start the discussion. He focuses on strategic corporate and organizational development. His presentation will focus on change within organizations. Agile and thinking employees are in demand. But this also brings with it a new expectation of leadership. \"New leadership\" is in demand, and the speaker will provide various impulses in this regard.<\/p>\n<p>The presentation by Ana Campos, Managing Director of the consulting firm Accenture, is entitled \"New Work Needs New Learning. It will address the question of what skills are needed for the new forms of work and how ready companies are in this regard.<\/p>\n<p>Kathrin Lehmann, SRF's soccer expert, then takes up the proverbial ball from the sporting side: \"Resilience in business and sport, or: The dance around the corner flag,\" is the title of her presentation. What elements can business learn from top-level sport? And where do both sectors reach their limits? The speaker will pit business and sport against each other in a playful comparison.<\/p>\n<h3>Diversity, error culture and health promotion<\/h3>\n<p>The second part of the conference will start with a panel discussion on \"Switzerland's best employers: What do they do differently?\" This will be followed by three parallel workshops in Open Sessions. In one of these workshops, event partner Shift Switzerland will present examples from the business world of how diversity can be shaped in sustainable project cooperation. The focus will be on both opportunities and risks, as well as on what leadership qualities are required. A second workshop - conducted by Size Consens AG - is dedicated to dealing with mistakes and developing a culture of mistakes in companies. And the third parallel workshop under the aegis of Health Promotion Switzerland will focus on opportunities and challenges in occupational health management in the context of the new world of work.<\/p>\n<p>The authors Mikael Krogerus and Roman Tsch\u00e4ppeler, known for their bestsellers \"Small Books for Big Questions\" and their columns in \"Das Magazin\", will close the event. They will humorously present some figures of thought and patterns of action around the topic of \"Work Life Skills\".<\/p>\n<h3>Swiss Quality Day 2023 again with Seghezzi Prize<\/h3>\n<p>Another program item on Swiss Quality Day 2023 will be the awarding of the Seghezzi Prize. This award will once again be presented to a person whose thesis deals in an innovative and practically relevant way with questions and approaches that address the topic of \"Integrated Quality Management and Sustainability\" in a discipline-specific or cross-disciplinary manner.<\/p>\n<p><a href=\"https:\/\/saq.ch\/de\/veranstaltungen\/tag_der_schweizer_qualitaet\/tsq-2023\/\"><em>More information and registration<\/em><\/a><\/p>","protected":false},"excerpt":{"rendered":"<p>On Thursday, May 11, 2023, the next Swiss Quality Day will take place in the Kursaal in Bern. For once, it will not be about \"technical\" topics around quality, management systems and continuous improvement processes, but about people.<\/p>","protected":false},"author":4,"featured_media":19787,"comment_status":"closed","ping_status":"closed","sticky":false,"template":"","format":"standard","meta":{"_acf_changed":false,"_yoast_wpseo_focuskw":"Tag der Schweizer Qualit\u00e4t 2023","_yoast_wpseo_metadesc":"Am Donnerstag, 11. Mai, findet im Berner Kursaal der Tag der Schweizer Qualit\u00e4t 2023 statt. Das Thema: \"Der Mensch im Fokus\".","articlekey":"","footnotes":""},"categories":[28],"tags":[636,193,2486],"class_list":["post-19783","post","type-post","status-publish","format-standard","has-post-thumbnail","hentry","category-management","tag-tag-der-schweizer-qualitaet","tag-fachkongressfachmesse","tag-vorschau"],"acf":[],"yoast_head":"<!-- This site is optimized with the Yoast SEO plugin v27.5 - https:\/\/yoast.com\/product\/yoast-seo-wordpress\/ -->\n<title>Vorschau Tag der Schweizer Qualit\u00e4t 2023 - Organisator<\/title>\n<meta name=\"description\" content=\"Am Donnerstag, 11. Mai, findet im Berner Kursaal der Tag der Schweizer Qualit\u00e4t 2023 statt. Das Thema: &quot;Der Mensch im Fokus&quot;.\" \/>\n<meta name=\"robots\" content=\"index, follow, max-snippet:-1, max-image-preview:large, max-video-preview:-1\" \/>\n<link rel=\"canonical\" href=\"https:\/\/www.organisator.ch\/en\/management\/2023-04-20\/vorschau-tag-der-schweizer-qualitaet-2023\/\" \/>\n<meta property=\"og:locale\" content=\"en_US\" \/>\n<meta property=\"og:type\" content=\"article\" \/>\n<meta property=\"og:title\" content=\"Vorschau Tag der Schweizer Qualit\u00e4t 2023\" \/>\n<meta property=\"og:description\" content=\"Am Donnerstag, 11. Mai, findet im Berner Kursaal der Tag der Schweizer Qualit\u00e4t 2023 statt. Das Thema: &quot;Der Mensch im Fokus&quot;.\" \/>\n<meta property=\"og:url\" content=\"https:\/\/www.organisator.ch\/en\/management\/2023-04-20\/vorschau-tag-der-schweizer-qualitaet-2023\/\" \/>\n<meta property=\"og:site_name\" content=\"Organisator\" \/>\n<meta property=\"article:publisher\" content=\"https:\/\/www.facebook.com\/OrganisatorFachmagazin\" \/>\n<meta property=\"article:published_time\" content=\"2023-04-20T03:07:01+00:00\" \/>\n<meta property=\"og:image\" content=\"https:\/\/www.organisator.ch\/wp-content\/uploads\/2023\/04\/Vorschau-Tag-der-Schweizer-Qualitaet-2023_Organisator.jpg\" \/>\n\t<meta property=\"og:image:width\" content=\"680\" \/>\n\t<meta property=\"og:image:height\" content=\"351\" \/>\n\t<meta property=\"og:image:type\" content=\"image\/jpeg\" \/>\n<meta name=\"author\" content=\"thomas.berner\" \/>\n<meta name=\"twitter:card\" content=\"summary_large_image\" \/>\n<meta name=\"twitter:title\" content=\"Vorschau Tag der Schweizer #Qualit\u00e4t 2023\" \/>\n<meta name=\"twitter:description\" content=\"Am Donnerstag, 11. Mai, findet im Berner #Kursaal der Tag der Schweizer #Qualit\u00e4t 2023 statt. Das Thema: &quot;Der Mensch im Fokus&quot;.\" \/>\n<meta name=\"twitter:image\" content=\"https:\/\/www.organisator.ch\/wp-content\/uploads\/2023\/04\/Vorschau-Tag-der-Schweizer-Qualitaet-2023_Organisator.jpg\" \/>\n<script type=\"application\/ld+json\" class=\"yoast-schema-graph\">{\"@context\":\"https:\\\/\\\/schema.org\",\"@graph\":[{\"@type\":\"Article\",\"@id\":\"https:\\\/\\\/www.organisator.ch\\\/management\\\/2023-04-20\\\/vorschau-tag-der-schweizer-qualitaet-2023\\\/#article\",\"isPartOf\":{\"@id\":\"https:\\\/\\\/www.organisator.ch\\\/management\\\/2023-04-20\\\/vorschau-tag-der-schweizer-qualitaet-2023\\\/\"},\"author\":{\"name\":\"thomas.berner\",\"@id\":\"https:\\\/\\\/www.organisator.ch\\\/#\\\/schema\\\/person\\\/6f650f90b2842cd4c0cc334b4e36f67e\"},\"headline\":\"Vorschau Tag der Schweizer Qualit\u00e4t 2023\",\"datePublished\":\"2023-04-20T03:07:01+00:00\",\"mainEntityOfPage\":{\"@id\":\"https:\\\/\\\/www.organisator.ch\\\/management\\\/2023-04-20\\\/vorschau-tag-der-schweizer-qualitaet-2023\\\/\"},\"wordCount\":621,\"publisher\":{\"@id\":\"https:\\\/\\\/www.organisator.ch\\\/#organization\"},\"image\":{\"@id\":\"https:\\\/\\\/www.organisator.ch\\\/management\\\/2023-04-20\\\/vorschau-tag-der-schweizer-qualitaet-2023\\\/#primaryimage\"},\"thumbnailUrl\":\"https:\\\/\\\/www.organisator.ch\\\/wp-content\\\/uploads\\\/2023\\\/04\\\/Vorschau-Tag-der-Schweizer-Qualitaet-2023_Organisator.jpg\",\"keywords\":[\"\u00abTag der Schweizer Qualit\u00e4t\u00bb\",\"Fachkongress\\\/Fachmesse\",\"Vorschau\"],\"articleSection\":[\"MANAGEMENT\"],\"inLanguage\":\"en-US\"},{\"@type\":\"WebPage\",\"@id\":\"https:\\\/\\\/www.organisator.ch\\\/management\\\/2023-04-20\\\/vorschau-tag-der-schweizer-qualitaet-2023\\\/\",\"url\":\"https:\\\/\\\/www.organisator.ch\\\/management\\\/2023-04-20\\\/vorschau-tag-der-schweizer-qualitaet-2023\\\/\",\"name\":\"Vorschau Tag der Schweizer Qualit\u00e4t 2023 - Organisator\",\"isPartOf\":{\"@id\":\"https:\\\/\\\/www.organisator.ch\\\/#website\"},\"primaryImageOfPage\":{\"@id\":\"https:\\\/\\\/www.organisator.ch\\\/management\\\/2023-04-20\\\/vorschau-tag-der-schweizer-qualitaet-2023\\\/#primaryimage\"},\"image\":{\"@id\":\"https:\\\/\\\/www.organisator.ch\\\/management\\\/2023-04-20\\\/vorschau-tag-der-schweizer-qualitaet-2023\\\/#primaryimage\"},\"thumbnailUrl\":\"https:\\\/\\\/www.organisator.ch\\\/wp-content\\\/uploads\\\/2023\\\/04\\\/Vorschau-Tag-der-Schweizer-Qualitaet-2023_Organisator.jpg\",\"datePublished\":\"2023-04-20T03:07:01+00:00\",\"description\":\"Am Donnerstag, 11. Mai, findet im Berner Kursaal der Tag der Schweizer Qualit\u00e4t 2023 statt. Das Thema: \\\"Der Mensch im Fokus\\\".\",\"breadcrumb\":{\"@id\":\"https:\\\/\\\/www.organisator.ch\\\/management\\\/2023-04-20\\\/vorschau-tag-der-schweizer-qualitaet-2023\\\/#breadcrumb\"},\"inLanguage\":\"en-US\",\"potentialAction\":[{\"@type\":\"ReadAction\",\"target\":[\"https:\\\/\\\/www.organisator.ch\\\/management\\\/2023-04-20\\\/vorschau-tag-der-schweizer-qualitaet-2023\\\/\"]}]},{\"@type\":\"ImageObject\",\"inLanguage\":\"en-US\",\"@id\":\"https:\\\/\\\/www.organisator.ch\\\/management\\\/2023-04-20\\\/vorschau-tag-der-schweizer-qualitaet-2023\\\/#primaryimage\",\"url\":\"https:\\\/\\\/www.organisator.ch\\\/wp-content\\\/uploads\\\/2023\\\/04\\\/Vorschau-Tag-der-Schweizer-Qualitaet-2023_Organisator.jpg\",\"contentUrl\":\"https:\\\/\\\/www.organisator.ch\\\/wp-content\\\/uploads\\\/2023\\\/04\\\/Vorschau-Tag-der-Schweizer-Qualitaet-2023_Organisator.jpg\",\"width\":680,\"height\":351,\"caption\":\"Der Mensch im Fokus: So lautet das Thema am Tag der Schweizer Qualit\u00e4t 2023 vom 11. Mai in Bern. (Bild: zVg \\\/ SAQ)\"},{\"@type\":\"BreadcrumbList\",\"@id\":\"https:\\\/\\\/www.organisator.ch\\\/management\\\/2023-04-20\\\/vorschau-tag-der-schweizer-qualitaet-2023\\\/#breadcrumb\",\"itemListElement\":[{\"@type\":\"ListItem\",\"position\":1,\"name\":\"Home\",\"item\":\"https:\\\/\\\/www.organisator.ch\\\/\"},{\"@type\":\"ListItem\",\"position\":2,\"name\":\"Vorschau Tag der Schweizer Qualit\u00e4t 2023\"}]},{\"@type\":\"WebSite\",\"@id\":\"https:\\\/\\\/www.organisator.ch\\\/#website\",\"url\":\"https:\\\/\\\/www.organisator.ch\\\/\",\"name\":\"Organisator\",\"description\":\"Kompetent. Praxisnah. Der ORGANISATOR bereitet in 10 Ausgaben pro Jahr die wesentlichen Themen f\u00fcr F\u00fchrungskr\u00e4fte von KMU auf.\",\"publisher\":{\"@id\":\"https:\\\/\\\/www.organisator.ch\\\/#organization\"},\"potentialAction\":[{\"@type\":\"SearchAction\",\"target\":{\"@type\":\"EntryPoint\",\"urlTemplate\":\"https:\\\/\\\/www.organisator.ch\\\/?s={search_term_string}\"},\"query-input\":{\"@type\":\"PropertyValueSpecification\",\"valueRequired\":true,\"valueName\":\"search_term_string\"}}],\"inLanguage\":\"en-US\"},{\"@type\":\"Organization\",\"@id\":\"https:\\\/\\\/www.organisator.ch\\\/#organization\",\"name\":\"Organisator\",\"url\":\"https:\\\/\\\/www.organisator.ch\\\/\",\"logo\":{\"@type\":\"ImageObject\",\"inLanguage\":\"en-US\",\"@id\":\"https:\\\/\\\/www.organisator.ch\\\/#\\\/schema\\\/logo\\\/image\\\/\",\"url\":\"https:\\\/\\\/www.organisator.ch\\\/wp-content\\\/uploads\\\/2022\\\/01\\\/Logo_Organisator_Website.png\",\"contentUrl\":\"https:\\\/\\\/www.organisator.ch\\\/wp-content\\\/uploads\\\/2022\\\/01\\\/Logo_Organisator_Website.png\",\"width\":800,\"height\":77,\"caption\":\"Organisator\"},\"image\":{\"@id\":\"https:\\\/\\\/www.organisator.ch\\\/#\\\/schema\\\/logo\\\/image\\\/\"},\"sameAs\":[\"https:\\\/\\\/www.facebook.com\\\/OrganisatorFachmagazin\",\"https:\\\/\\\/www.linkedin.com\\\/showcase\\\/organisator-das-magazin-fr-kmu\",\"https:\\\/\\\/www.xing.com\\\/news\\\/pages\\\/organisator-ch-695\",\"https:\\\/\\\/www.youtube.com\\\/channel\\\/UCGP2Sq0iWaZwT3BdIAQFYpw\"]},{\"@type\":\"Person\",\"@id\":\"https:\\\/\\\/www.organisator.ch\\\/#\\\/schema\\\/person\\\/6f650f90b2842cd4c0cc334b4e36f67e\",\"name\":\"thomas.berner\",\"image\":{\"@type\":\"ImageObject\",\"inLanguage\":\"en-US\",\"@id\":\"https:\\\/\\\/secure.gravatar.com\\\/avatar\\\/ac5001d2a36cb6c6cd3e50789007ffca834b477b74a2144564522e944eabff61?s=96&d=mm&r=g\",\"url\":\"https:\\\/\\\/secure.gravatar.com\\\/avatar\\\/ac5001d2a36cb6c6cd3e50789007ffca834b477b74a2144564522e944eabff61?s=96&d=mm&r=g\",\"contentUrl\":\"https:\\\/\\\/secure.gravatar.com\\\/avatar\\\/ac5001d2a36cb6c6cd3e50789007ffca834b477b74a2144564522e944eabff61?s=96&d=mm&r=g\",\"caption\":\"thomas.berner\"},\"url\":\"https:\\\/\\\/www.organisator.ch\\\/en\\\/author\\\/thomas-berner\\\/\"}]}<\/script>\n<!-- \/ Yoast SEO plugin. -->","yoast_head_json":{"title":"Preview Swiss Quality Day 2023 - Organizer","description":"On Thursday, May 11, the Swiss Quality Day 2023 will take place in the Kursaal in Bern. The theme: \"Focus on people\".","robots":{"index":"index","follow":"follow","max-snippet":"max-snippet:-1","max-image-preview":"max-image-preview:large","max-video-preview":"max-video-preview:-1"},"canonical":"https:\/\/www.organisator.ch\/en\/management\/2023-04-20\/vorschau-tag-der-schweizer-qualitaet-2023\/","og_locale":"en_US","og_type":"article","og_title":"Vorschau Tag der Schweizer Qualit\u00e4t 2023","og_description":"Am Donnerstag, 11. Mai, findet im Berner Kursaal der Tag der Schweizer Qualit\u00e4t 2023 statt. Das Thema: \"Der Mensch im Fokus\".","og_url":"https:\/\/www.organisator.ch\/en\/management\/2023-04-20\/vorschau-tag-der-schweizer-qualitaet-2023\/","og_site_name":"Organisator","article_publisher":"https:\/\/www.facebook.com\/OrganisatorFachmagazin","article_published_time":"2023-04-20T03:07:01+00:00","og_image":[{"width":680,"height":351,"url":"https:\/\/www.organisator.ch\/wp-content\/uploads\/2023\/04\/Vorschau-Tag-der-Schweizer-Qualitaet-2023_Organisator.jpg","type":"image\/jpeg"}],"author":"thomas.berner","twitter_card":"summary_large_image","twitter_title":"Vorschau Tag der Schweizer #Qualit\u00e4t 2023","twitter_description":"Am Donnerstag, 11. Mai, findet im Berner #Kursaal der Tag der Schweizer #Qualit\u00e4t 2023 statt. Das Thema: \"Der Mensch im Fokus\".","twitter_image":"https:\/\/www.organisator.ch\/wp-content\/uploads\/2023\/04\/Vorschau-Tag-der-Schweizer-Qualitaet-2023_Organisator.jpg","schema":{"@context":"https:\/\/schema.org","@graph":[{"@type":"Article","@id":"https:\/\/www.organisator.ch\/management\/2023-04-20\/vorschau-tag-der-schweizer-qualitaet-2023\/#article","isPartOf":{"@id":"https:\/\/www.organisator.ch\/management\/2023-04-20\/vorschau-tag-der-schweizer-qualitaet-2023\/"},"author":{"name":"thomas.berner","@id":"https:\/\/www.organisator.ch\/#\/schema\/person\/6f650f90b2842cd4c0cc334b4e36f67e"},"headline":"Vorschau Tag der Schweizer Qualit\u00e4t 2023","datePublished":"2023-04-20T03:07:01+00:00","mainEntityOfPage":{"@id":"https:\/\/www.organisator.ch\/management\/2023-04-20\/vorschau-tag-der-schweizer-qualitaet-2023\/"},"wordCount":621,"publisher":{"@id":"https:\/\/www.organisator.ch\/#organization"},"image":{"@id":"https:\/\/www.organisator.ch\/management\/2023-04-20\/vorschau-tag-der-schweizer-qualitaet-2023\/#primaryimage"},"thumbnailUrl":"https:\/\/www.organisator.ch\/wp-content\/uploads\/2023\/04\/Vorschau-Tag-der-Schweizer-Qualitaet-2023_Organisator.jpg","keywords":["\u00abTag der Schweizer Qualit\u00e4t\u00bb","Fachkongress\/Fachmesse","Vorschau"],"articleSection":["MANAGEMENT"],"inLanguage":"en-US"},{"@type":"WebPage","@id":"https:\/\/www.organisator.ch\/management\/2023-04-20\/vorschau-tag-der-schweizer-qualitaet-2023\/","url":"https:\/\/www.organisator.ch\/management\/2023-04-20\/vorschau-tag-der-schweizer-qualitaet-2023\/","name":"Preview Swiss Quality Day 2023 - Organizer","isPartOf":{"@id":"https:\/\/www.organisator.ch\/#website"},"primaryImageOfPage":{"@id":"https:\/\/www.organisator.ch\/management\/2023-04-20\/vorschau-tag-der-schweizer-qualitaet-2023\/#primaryimage"},"image":{"@id":"https:\/\/www.organisator.ch\/management\/2023-04-20\/vorschau-tag-der-schweizer-qualitaet-2023\/#primaryimage"},"thumbnailUrl":"https:\/\/www.organisator.ch\/wp-content\/uploads\/2023\/04\/Vorschau-Tag-der-Schweizer-Qualitaet-2023_Organisator.jpg","datePublished":"2023-04-20T03:07:01+00:00","description":"On Thursday, May 11, the Swiss Quality Day 2023 will take place in the Kursaal in Bern. The theme: \"Focus on people\".","breadcrumb":{"@id":"https:\/\/www.organisator.ch\/management\/2023-04-20\/vorschau-tag-der-schweizer-qualitaet-2023\/#breadcrumb"},"inLanguage":"en-US","potentialAction":[{"@type":"ReadAction","target":["https:\/\/www.organisator.ch\/management\/2023-04-20\/vorschau-tag-der-schweizer-qualitaet-2023\/"]}]},{"@type":"ImageObject","inLanguage":"en-US","@id":"https:\/\/www.organisator.ch\/management\/2023-04-20\/vorschau-tag-der-schweizer-qualitaet-2023\/#primaryimage","url":"https:\/\/www.organisator.ch\/wp-content\/uploads\/2023\/04\/Vorschau-Tag-der-Schweizer-Qualitaet-2023_Organisator.jpg","contentUrl":"https:\/\/www.organisator.ch\/wp-content\/uploads\/2023\/04\/Vorschau-Tag-der-Schweizer-Qualitaet-2023_Organisator.jpg","width":680,"height":351,"caption":"Der Mensch im Fokus: So lautet das Thema am Tag der Schweizer Qualit\u00e4t 2023 vom 11. Mai in Bern. (Bild: zVg \/ SAQ)"},{"@type":"BreadcrumbList","@id":"https:\/\/www.organisator.ch\/management\/2023-04-20\/vorschau-tag-der-schweizer-qualitaet-2023\/#breadcrumb","itemListElement":[{"@type":"ListItem","position":1,"name":"Home","item":"https:\/\/www.organisator.ch\/"},{"@type":"ListItem","position":2,"name":"Vorschau Tag der Schweizer Qualit\u00e4t 2023"}]},{"@type":"WebSite","@id":"https:\/\/www.organisator.ch\/#website","url":"https:\/\/www.organisator.ch\/","name":"Organizer","description":"Competent. Practical. In 10 issues per year, ORGANISATOR presents the essential topics for managers of SMEs.","publisher":{"@id":"https:\/\/www.organisator.ch\/#organization"},"potentialAction":[{"@type":"SearchAction","target":{"@type":"EntryPoint","urlTemplate":"https:\/\/www.organisator.ch\/?s={search_term_string}"},"query-input":{"@type":"PropertyValueSpecification","valueRequired":true,"valueName":"search_term_string"}}],"inLanguage":"en-US"},{"@type":"Organization","@id":"https:\/\/www.organisator.ch\/#organization","name":"Organizer","url":"https:\/\/www.organisator.ch\/","logo":{"@type":"ImageObject","inLanguage":"en-US","@id":"https:\/\/www.organisator.ch\/#\/schema\/logo\/image\/","url":"https:\/\/www.organisator.ch\/wp-content\/uploads\/2022\/01\/Logo_Organisator_Website.png","contentUrl":"https:\/\/www.organisator.ch\/wp-content\/uploads\/2022\/01\/Logo_Organisator_Website.png","width":800,"height":77,"caption":"Organisator"},"image":{"@id":"https:\/\/www.organisator.ch\/#\/schema\/logo\/image\/"},"sameAs":["https:\/\/www.facebook.com\/OrganisatorFachmagazin","https:\/\/www.linkedin.com\/showcase\/organisator-das-magazin-fr-kmu","https:\/\/www.xing.com\/news\/pages\/organisator-ch-695","https:\/\/www.youtube.com\/channel\/UCGP2Sq0iWaZwT3BdIAQFYpw"]},{"@type":"Person","@id":"https:\/\/www.organisator.ch\/#\/schema\/person\/6f650f90b2842cd4c0cc334b4e36f67e","name":"thomas.berner","image":{"@type":"ImageObject","inLanguage":"en-US","@id":"https:\/\/secure.gravatar.com\/avatar\/ac5001d2a36cb6c6cd3e50789007ffca834b477b74a2144564522e944eabff61?s=96&d=mm&r=g","url":"https:\/\/secure.gravatar.com\/avatar\/ac5001d2a36cb6c6cd3e50789007ffca834b477b74a2144564522e944eabff61?s=96&d=mm&r=g","contentUrl":"https:\/\/secure.gravatar.com\/avatar\/ac5001d2a36cb6c6cd3e50789007ffca834b477b74a2144564522e944eabff61?s=96&d=mm&r=g","caption":"thomas.berner"},"url":"https:\/\/www.organisator.ch\/en\/author\/thomas-berner\/"}]}},"_links":{"self":[{"href":"https:\/\/www.organisator.ch\/en\/wp-json\/wp\/v2\/posts\/19783","targetHints":{"allow":["GET"]}}],"collection":[{"href":"https:\/\/www.organisator.ch\/en\/wp-json\/wp\/v2\/posts"}],"about":[{"href":"https:\/\/www.organisator.ch\/en\/wp-json\/wp\/v2\/types\/post"}],"author":[{"embeddable":true,"href":"https:\/\/www.organisator.ch\/en\/wp-json\/wp\/v2\/users\/4"}],"replies":[{"embeddable":true,"href":"https:\/\/www.organisator.ch\/en\/wp-json\/wp\/v2\/comments?post=19783"}],"version-history":[{"count":2,"href":"https:\/\/www.organisator.ch\/en\/wp-json\/wp\/v2\/posts\/19783\/revisions"}],"predecessor-version":[{"id":19825,"href":"https:\/\/www.organisator.ch\/en\/wp-json\/wp\/v2\/posts\/19783\/revisions\/19825"}],"wp:featuredmedia":[{"embeddable":true,"href":"https:\/\/www.organisator.ch\/en\/wp-json\/wp\/v2\/media\/19787"}],"wp:attachment":[{"href":"https:\/\/www.organisator.ch\/en\/wp-json\/wp\/v2\/media?parent=19783"}],"wp:term":[{"taxonomy":"category","embeddable":true,"href":"https:\/\/www.organisator.ch\/en\/wp-json\/wp\/v2\/categories?post=19783"},{"taxonomy":"post_tag","embeddable":true,"href":"https:\/\/www.organisator.ch\/en\/wp-json\/wp\/v2\/tags?post=19783"}],"curies":[{"name":"wp","href":"https:\/\/api.w.org\/{rel}","templated":true}]}}