{"id":19902,"date":"2023-04-26T06:08:38","date_gmt":"2023-04-26T04:08:38","guid":{"rendered":"https:\/\/www.organisator.ch\/?p=19902"},"modified":"2023-04-24T16:21:19","modified_gmt":"2023-04-24T14:21:19","slug":"interim-manager-schreiben-fachbuch-hr-personalwesen-in-krisenzeiten","status":"publish","type":"post","link":"https:\/\/www.organisator.ch\/en\/human-resources\/2023-04-26\/interim-manager-schreiben-fachbuch-hr-personalwesen-in-krisenzeiten\/","title":{"rendered":"Interim managers write reference book \"HR - Human Resources in Times of Crisis"},"content":{"rendered":"<figure id=\"attachment_19903\" aria-describedby=\"caption-attachment-19903\" style=\"width: 680px\" class=\"wp-caption alignnone\"><img loading=\"lazy\" decoding=\"async\" class=\"size-full wp-image-19903\" src=\"https:\/\/www.organisator.ch\/wp-content\/uploads\/2023\/04\/Interim-Manager-schreiben-Fachbuch-HR---Personalwesen-in-Krisenzeiten_Organisator.jpg\" alt=\"\" width=\"680\" height=\"483\" srcset=\"\" sizes=\"auto, (max-width: 680px) 100vw, 680px\" data-srcset=\"\" \/><figcaption id=\"caption-attachment-19903\" class=\"wp-caption-text\">Twelve interim managers announce a new reference book titled \"HR - Human Resources in Times of Crisis\" (Image: Unsplash.com)<\/figcaption><\/figure>\n<p>\"HR - Human Resources in Times of Crisis: Interim Managers report from the field\": This is the title of a new book. In it, the authors Urs Affolter, Ulvi Aydin, Ulf Camehn, Udo Fichtner, Detlef Georg, Michael Gutowski, Hans Rolf Niehues, Dr. Frank Orthmann, Dr. Harald Sch\u00f6nfeld, Paul Stricker, Dr. Detlef Weber and Karlheinz Zuerl, with their joint initiative, want to give tips and tricks to the medium-sized economy in particular that have grown out of operational practice, on how to counteract the shortage of specialists and managers. \"There are no other executives than interim managers, who get to know so many companies and so many different business challenges in the course of their professional lives,\" says publisher Dr. Harald Sch\u00f6nfeld, explaining why the authors are particularly suited to the topic.<\/p>\n<h3>Six authors are members of the UN Diplomatic Council think tank<\/h3>\n<p>The new reference book will be published in the series \"Learning from Interim Managers\", which the UN think tank Diplomatic Council is publishing together with United Interim, the leading community for interim managers in German-speaking countries. The series has already published multi-author volumes on specialist topics such as business transformation and industries such as automotive or mechanical and plant engineering. In addition to the extensive compendiums, which have featured numerous authors, the series has published individual books on the topics of \"Resilient Digital Supply Chains,\" \"Sales and Marketing Intelligence,\" \"Technical Purchasing,\" \"Management in China,\" and \"Brand Risk Management.\" Six of the authors of the new work on human resources are members of the Diplomatic Council and have already made a name for themselves through several book publications: Udo Fichtner, Michael Gutowski, Hans Rolf Niehues, Dr. Detlef Weber and Karlheinz Zuerl.<\/p>\n<h3><strong>Most successful book series for interim managers\u00a0<\/strong><\/h3>\n<p>According to the publisher, the reference book series \"Learning from Interim Managers\" is the most successful book series for interim managers with over three million \"eyeballs\" - the currency for attention in the digital economy. This includes both those who read the books and those who <em>via<\/em> who read books, especially in the press and social media. After all, it's not just about the books that appear in hardcover, paperback and e-book form, but far beyond that a holistic ecosystem around the authors of these works. This includes professional marketing by the renowned PR agency euromarcom public relations. All the works in the reference book series are available from more than 5,600 booksellers in Germany, Austria and Switzerland, as well as all the usual online book mail order companies.<\/p>\n<h3><strong>Book authors: Interim managers and their topics<\/strong><\/h3>\n<p>Within the framework of the book series, the following interim managers have so far distinguished themselves with their topics: \"Learning from Interim Managers\" (Dr. Harald Sch\u00f6nfeld, J\u00fcrgen Becker), \"Marketing and Sales Intelligence in Mechanical Engineering\" (Eckhart Hilgenstock), \"The Importance of Leadership and Management\" (Peter L\u00fcthi), \"Intelligent Supply Chain Management\" (Jane Enny van Lambalgen), \"Improving Profitability and Liquidity\" (Hans Rolf Niehues), \"Technical Purchasing\" (Manfred Richter), \"Trend Surfing with KPIs\" (Michael Weimar), \"The Role of the CIO in Digitalization in Mechanical Engineering\" (Falk Janotta), \"Building Innovation Power in Mechanical Engineering\" (Dr. Uwe Seidel), \"Lean management in production\" (G\u00f6tz Stapelfeldt), \"New opportunities for value creation\" (Andreas K\u00e4lber), \"From the crisis to the top\" (Hanno Goffin), \"Successful process design\" (Dr. Gerhard M\u00fcller-Spanka), \"Digitalization in the Automotive Aftermarket\" (Ralf-Peter Hanrieder), \"Automotive Trade in Transition\" (Ulf Camehn), \"One-way Cost Reduction\" (Frank P. Neuhaus), \"Operational Task Force Management\" (Ludek Cermak), \"Learning from Critical Projects as a Project Manager\" (Christian Ritzer), \"Sanare pro Automotive: Ways out of the Crisis\" (Dr. Dr. Stefan Hohberger). With this concentrated expertise from practice, the books are considered standard works in their respective fields.<\/p>\n<p><em>\"HR - Human Resources in Times of Crisis: Interim Managers Report from the Field,\" Urs Affolter, Ulvi Aydin, Ulf Camehn, Udo Fichtner, Detlef Georg, Michael Gutowski, Hans Rolf Niehues, Dr. Frank Orthmann, Dr. Harald Sch\u00f6nfeld, Paul Stricker, Dr. Detlef Weber, Karlheinz Zuerl. ISBN 978-3-98674-054-2<\/em><\/p>\n<p><em>More information: <a href=\"http:\/\/www.diplomatic-council.org\/de\">www.diplomatic-council.org\/de<\/a>, <a href=\"http:\/\/www.unitedinterim.com\">www.unitedinterim.com<\/a>\u00a0<\/em><\/p>","protected":false},"excerpt":{"rendered":"<p>Twelve interim managers have announced a joint reference book on the subject of \"Human Resources - Human Resources in Times of Crisis\".<\/p>","protected":false},"author":4,"featured_media":19903,"comment_status":"closed","ping_status":"closed","sticky":false,"template":"","format":"standard","meta":{"_acf_changed":false,"_yoast_wpseo_focuskw":"Interim Manager","_yoast_wpseo_metadesc":"Zw\u00f6lf Interim Manager haben ein gemeinsames Fachbuch zum Thema \u201eHuman Resources \u2013 Personalwesen in Krisenzeiten\u201c angek\u00fcndigt.","articlekey":"","footnotes":""},"categories":[579],"tags":[95,254,277],"class_list":["post-19902","post","type-post","status-publish","format-standard","has-post-thumbnail","hentry","category-human-resources","tag-buchtipps","tag-hrm","tag-interimmanagement"],"acf":[],"yoast_head":"<!-- This site is optimized with the Yoast SEO plugin v27.5 - https:\/\/yoast.com\/product\/yoast-seo-wordpress\/ -->\n<title>Interim Manager schreiben Fachbuch \u201eHR \u2013 Personalwesen in Krisenzeiten\u201c - Organisator<\/title>\n<meta name=\"description\" content=\"Zw\u00f6lf Interim Manager haben ein gemeinsames Fachbuch zum Thema \u201eHuman Resources \u2013 Personalwesen in Krisenzeiten\u201c angek\u00fcndigt.\" \/>\n<meta name=\"robots\" content=\"index, follow, max-snippet:-1, max-image-preview:large, max-video-preview:-1\" \/>\n<link rel=\"canonical\" href=\"https:\/\/www.organisator.ch\/en\/human-resources\/2023-04-26\/interim-manager-schreiben-fachbuch-hr-personalwesen-in-krisenzeiten\/\" \/>\n<meta property=\"og:locale\" content=\"en_US\" \/>\n<meta property=\"og:type\" content=\"article\" \/>\n<meta property=\"og:title\" content=\"Interim Manager schreiben Fachbuch \u201eHR \u2013 Personalwesen in Krisenzeiten\u201c - Organisator\" \/>\n<meta property=\"og:description\" content=\"Zw\u00f6lf Interim Manager haben ein gemeinsames Fachbuch zum Thema \u201eHuman Resources \u2013 Personalwesen in Krisenzeiten\u201c angek\u00fcndigt.\" \/>\n<meta property=\"og:url\" content=\"https:\/\/www.organisator.ch\/en\/human-resources\/2023-04-26\/interim-manager-schreiben-fachbuch-hr-personalwesen-in-krisenzeiten\/\" \/>\n<meta property=\"og:site_name\" content=\"Organisator\" \/>\n<meta property=\"article:publisher\" content=\"https:\/\/www.facebook.com\/OrganisatorFachmagazin\" \/>\n<meta property=\"article:published_time\" content=\"2023-04-26T04:08:38+00:00\" \/>\n<meta property=\"og:image\" content=\"https:\/\/www.organisator.ch\/wp-content\/uploads\/2023\/04\/Interim-Manager-schreiben-Fachbuch-HR-\u2013-Personalwesen-in-Krisenzeiten_Organisator.jpg\" \/>\n\t<meta property=\"og:image:width\" content=\"680\" \/>\n\t<meta property=\"og:image:height\" content=\"483\" \/>\n\t<meta property=\"og:image:type\" content=\"image\/jpeg\" \/>\n<meta name=\"author\" content=\"thomas.berner\" \/>\n<meta name=\"twitter:card\" content=\"summary_large_image\" \/>\n<script type=\"application\/ld+json\" class=\"yoast-schema-graph\">{\"@context\":\"https:\\\/\\\/schema.org\",\"@graph\":[{\"@type\":\"Article\",\"@id\":\"https:\\\/\\\/www.organisator.ch\\\/human-resources\\\/2023-04-26\\\/interim-manager-schreiben-fachbuch-hr-personalwesen-in-krisenzeiten\\\/#article\",\"isPartOf\":{\"@id\":\"https:\\\/\\\/www.organisator.ch\\\/human-resources\\\/2023-04-26\\\/interim-manager-schreiben-fachbuch-hr-personalwesen-in-krisenzeiten\\\/\"},\"author\":{\"name\":\"thomas.berner\",\"@id\":\"https:\\\/\\\/www.organisator.ch\\\/#\\\/schema\\\/person\\\/6f650f90b2842cd4c0cc334b4e36f67e\"},\"headline\":\"Interim Manager schreiben Fachbuch \u201eHR \u2013 Personalwesen in Krisenzeiten\u201c\",\"datePublished\":\"2023-04-26T04:08:38+00:00\",\"mainEntityOfPage\":{\"@id\":\"https:\\\/\\\/www.organisator.ch\\\/human-resources\\\/2023-04-26\\\/interim-manager-schreiben-fachbuch-hr-personalwesen-in-krisenzeiten\\\/\"},\"wordCount\":664,\"publisher\":{\"@id\":\"https:\\\/\\\/www.organisator.ch\\\/#organization\"},\"image\":{\"@id\":\"https:\\\/\\\/www.organisator.ch\\\/human-resources\\\/2023-04-26\\\/interim-manager-schreiben-fachbuch-hr-personalwesen-in-krisenzeiten\\\/#primaryimage\"},\"thumbnailUrl\":\"https:\\\/\\\/www.organisator.ch\\\/wp-content\\\/uploads\\\/2023\\\/04\\\/Interim-Manager-schreiben-Fachbuch-HR-\u2013-Personalwesen-in-Krisenzeiten_Organisator.jpg\",\"keywords\":[\"Buchtipps\",\"HRM\",\"Interimmanagement\"],\"articleSection\":[\"HUMAN RESOURCES\"],\"inLanguage\":\"en-US\"},{\"@type\":\"WebPage\",\"@id\":\"https:\\\/\\\/www.organisator.ch\\\/human-resources\\\/2023-04-26\\\/interim-manager-schreiben-fachbuch-hr-personalwesen-in-krisenzeiten\\\/\",\"url\":\"https:\\\/\\\/www.organisator.ch\\\/human-resources\\\/2023-04-26\\\/interim-manager-schreiben-fachbuch-hr-personalwesen-in-krisenzeiten\\\/\",\"name\":\"Interim Manager schreiben Fachbuch \u201eHR \u2013 Personalwesen in Krisenzeiten\u201c - Organisator\",\"isPartOf\":{\"@id\":\"https:\\\/\\\/www.organisator.ch\\\/#website\"},\"primaryImageOfPage\":{\"@id\":\"https:\\\/\\\/www.organisator.ch\\\/human-resources\\\/2023-04-26\\\/interim-manager-schreiben-fachbuch-hr-personalwesen-in-krisenzeiten\\\/#primaryimage\"},\"image\":{\"@id\":\"https:\\\/\\\/www.organisator.ch\\\/human-resources\\\/2023-04-26\\\/interim-manager-schreiben-fachbuch-hr-personalwesen-in-krisenzeiten\\\/#primaryimage\"},\"thumbnailUrl\":\"https:\\\/\\\/www.organisator.ch\\\/wp-content\\\/uploads\\\/2023\\\/04\\\/Interim-Manager-schreiben-Fachbuch-HR-\u2013-Personalwesen-in-Krisenzeiten_Organisator.jpg\",\"datePublished\":\"2023-04-26T04:08:38+00:00\",\"description\":\"Zw\u00f6lf Interim Manager haben ein gemeinsames Fachbuch zum Thema \u201eHuman Resources \u2013 Personalwesen in Krisenzeiten\u201c angek\u00fcndigt.\",\"breadcrumb\":{\"@id\":\"https:\\\/\\\/www.organisator.ch\\\/human-resources\\\/2023-04-26\\\/interim-manager-schreiben-fachbuch-hr-personalwesen-in-krisenzeiten\\\/#breadcrumb\"},\"inLanguage\":\"en-US\",\"potentialAction\":[{\"@type\":\"ReadAction\",\"target\":[\"https:\\\/\\\/www.organisator.ch\\\/human-resources\\\/2023-04-26\\\/interim-manager-schreiben-fachbuch-hr-personalwesen-in-krisenzeiten\\\/\"]}]},{\"@type\":\"ImageObject\",\"inLanguage\":\"en-US\",\"@id\":\"https:\\\/\\\/www.organisator.ch\\\/human-resources\\\/2023-04-26\\\/interim-manager-schreiben-fachbuch-hr-personalwesen-in-krisenzeiten\\\/#primaryimage\",\"url\":\"https:\\\/\\\/www.organisator.ch\\\/wp-content\\\/uploads\\\/2023\\\/04\\\/Interim-Manager-schreiben-Fachbuch-HR-\u2013-Personalwesen-in-Krisenzeiten_Organisator.jpg\",\"contentUrl\":\"https:\\\/\\\/www.organisator.ch\\\/wp-content\\\/uploads\\\/2023\\\/04\\\/Interim-Manager-schreiben-Fachbuch-HR-\u2013-Personalwesen-in-Krisenzeiten_Organisator.jpg\",\"width\":680,\"height\":483,\"caption\":\"Zw\u00f6lf Interim Manager k\u00fcndigen ein neues Fachbuch an mit dem Titel \u201eHR \u2013 Personalwesen in Krisenzeiten\u201c (Bild: Unsplash.com)\"},{\"@type\":\"BreadcrumbList\",\"@id\":\"https:\\\/\\\/www.organisator.ch\\\/human-resources\\\/2023-04-26\\\/interim-manager-schreiben-fachbuch-hr-personalwesen-in-krisenzeiten\\\/#breadcrumb\",\"itemListElement\":[{\"@type\":\"ListItem\",\"position\":1,\"name\":\"Home\",\"item\":\"https:\\\/\\\/www.organisator.ch\\\/\"},{\"@type\":\"ListItem\",\"position\":2,\"name\":\"Interim Manager schreiben Fachbuch \u201eHR \u2013 Personalwesen in Krisenzeiten\u201c\"}]},{\"@type\":\"WebSite\",\"@id\":\"https:\\\/\\\/www.organisator.ch\\\/#website\",\"url\":\"https:\\\/\\\/www.organisator.ch\\\/\",\"name\":\"Organisator\",\"description\":\"Kompetent. Praxisnah. Der ORGANISATOR bereitet in 10 Ausgaben pro Jahr die wesentlichen Themen f\u00fcr F\u00fchrungskr\u00e4fte von KMU auf.\",\"publisher\":{\"@id\":\"https:\\\/\\\/www.organisator.ch\\\/#organization\"},\"potentialAction\":[{\"@type\":\"SearchAction\",\"target\":{\"@type\":\"EntryPoint\",\"urlTemplate\":\"https:\\\/\\\/www.organisator.ch\\\/?s={search_term_string}\"},\"query-input\":{\"@type\":\"PropertyValueSpecification\",\"valueRequired\":true,\"valueName\":\"search_term_string\"}}],\"inLanguage\":\"en-US\"},{\"@type\":\"Organization\",\"@id\":\"https:\\\/\\\/www.organisator.ch\\\/#organization\",\"name\":\"Organisator\",\"url\":\"https:\\\/\\\/www.organisator.ch\\\/\",\"logo\":{\"@type\":\"ImageObject\",\"inLanguage\":\"en-US\",\"@id\":\"https:\\\/\\\/www.organisator.ch\\\/#\\\/schema\\\/logo\\\/image\\\/\",\"url\":\"https:\\\/\\\/www.organisator.ch\\\/wp-content\\\/uploads\\\/2022\\\/01\\\/Logo_Organisator_Website.png\",\"contentUrl\":\"https:\\\/\\\/www.organisator.ch\\\/wp-content\\\/uploads\\\/2022\\\/01\\\/Logo_Organisator_Website.png\",\"width\":800,\"height\":77,\"caption\":\"Organisator\"},\"image\":{\"@id\":\"https:\\\/\\\/www.organisator.ch\\\/#\\\/schema\\\/logo\\\/image\\\/\"},\"sameAs\":[\"https:\\\/\\\/www.facebook.com\\\/OrganisatorFachmagazin\",\"https:\\\/\\\/www.linkedin.com\\\/showcase\\\/organisator-das-magazin-fr-kmu\",\"https:\\\/\\\/www.xing.com\\\/news\\\/pages\\\/organisator-ch-695\",\"https:\\\/\\\/www.youtube.com\\\/channel\\\/UCGP2Sq0iWaZwT3BdIAQFYpw\"]},{\"@type\":\"Person\",\"@id\":\"https:\\\/\\\/www.organisator.ch\\\/#\\\/schema\\\/person\\\/6f650f90b2842cd4c0cc334b4e36f67e\",\"name\":\"thomas.berner\",\"image\":{\"@type\":\"ImageObject\",\"inLanguage\":\"en-US\",\"@id\":\"https:\\\/\\\/secure.gravatar.com\\\/avatar\\\/ac5001d2a36cb6c6cd3e50789007ffca834b477b74a2144564522e944eabff61?s=96&d=mm&r=g\",\"url\":\"https:\\\/\\\/secure.gravatar.com\\\/avatar\\\/ac5001d2a36cb6c6cd3e50789007ffca834b477b74a2144564522e944eabff61?s=96&d=mm&r=g\",\"contentUrl\":\"https:\\\/\\\/secure.gravatar.com\\\/avatar\\\/ac5001d2a36cb6c6cd3e50789007ffca834b477b74a2144564522e944eabff61?s=96&d=mm&r=g\",\"caption\":\"thomas.berner\"},\"url\":\"https:\\\/\\\/www.organisator.ch\\\/en\\\/author\\\/thomas-berner\\\/\"}]}<\/script>\n<!-- \/ Yoast SEO plugin. -->","yoast_head_json":{"title":"Interim managers write reference book \"HR - human resources in times of crisis\" - Organizer","description":"Twelve interim managers have announced a joint reference book on the subject of \"Human Resources - Human Resources in Times of Crisis\".","robots":{"index":"index","follow":"follow","max-snippet":"max-snippet:-1","max-image-preview":"max-image-preview:large","max-video-preview":"max-video-preview:-1"},"canonical":"https:\/\/www.organisator.ch\/en\/human-resources\/2023-04-26\/interim-manager-schreiben-fachbuch-hr-personalwesen-in-krisenzeiten\/","og_locale":"en_US","og_type":"article","og_title":"Interim Manager schreiben Fachbuch \u201eHR \u2013 Personalwesen in Krisenzeiten\u201c - Organisator","og_description":"Zw\u00f6lf Interim Manager haben ein gemeinsames Fachbuch zum Thema \u201eHuman Resources \u2013 Personalwesen in Krisenzeiten\u201c angek\u00fcndigt.","og_url":"https:\/\/www.organisator.ch\/en\/human-resources\/2023-04-26\/interim-manager-schreiben-fachbuch-hr-personalwesen-in-krisenzeiten\/","og_site_name":"Organisator","article_publisher":"https:\/\/www.facebook.com\/OrganisatorFachmagazin","article_published_time":"2023-04-26T04:08:38+00:00","og_image":[{"width":680,"height":483,"url":"https:\/\/www.organisator.ch\/wp-content\/uploads\/2023\/04\/Interim-Manager-schreiben-Fachbuch-HR-\u2013-Personalwesen-in-Krisenzeiten_Organisator.jpg","type":"image\/jpeg"}],"author":"thomas.berner","twitter_card":"summary_large_image","schema":{"@context":"https:\/\/schema.org","@graph":[{"@type":"Article","@id":"https:\/\/www.organisator.ch\/human-resources\/2023-04-26\/interim-manager-schreiben-fachbuch-hr-personalwesen-in-krisenzeiten\/#article","isPartOf":{"@id":"https:\/\/www.organisator.ch\/human-resources\/2023-04-26\/interim-manager-schreiben-fachbuch-hr-personalwesen-in-krisenzeiten\/"},"author":{"name":"thomas.berner","@id":"https:\/\/www.organisator.ch\/#\/schema\/person\/6f650f90b2842cd4c0cc334b4e36f67e"},"headline":"Interim Manager schreiben Fachbuch \u201eHR \u2013 Personalwesen in Krisenzeiten\u201c","datePublished":"2023-04-26T04:08:38+00:00","mainEntityOfPage":{"@id":"https:\/\/www.organisator.ch\/human-resources\/2023-04-26\/interim-manager-schreiben-fachbuch-hr-personalwesen-in-krisenzeiten\/"},"wordCount":664,"publisher":{"@id":"https:\/\/www.organisator.ch\/#organization"},"image":{"@id":"https:\/\/www.organisator.ch\/human-resources\/2023-04-26\/interim-manager-schreiben-fachbuch-hr-personalwesen-in-krisenzeiten\/#primaryimage"},"thumbnailUrl":"https:\/\/www.organisator.ch\/wp-content\/uploads\/2023\/04\/Interim-Manager-schreiben-Fachbuch-HR-\u2013-Personalwesen-in-Krisenzeiten_Organisator.jpg","keywords":["Buchtipps","HRM","Interimmanagement"],"articleSection":["HUMAN RESOURCES"],"inLanguage":"en-US"},{"@type":"WebPage","@id":"https:\/\/www.organisator.ch\/human-resources\/2023-04-26\/interim-manager-schreiben-fachbuch-hr-personalwesen-in-krisenzeiten\/","url":"https:\/\/www.organisator.ch\/human-resources\/2023-04-26\/interim-manager-schreiben-fachbuch-hr-personalwesen-in-krisenzeiten\/","name":"Interim managers write reference book \"HR - human resources in times of crisis\" - Organizer","isPartOf":{"@id":"https:\/\/www.organisator.ch\/#website"},"primaryImageOfPage":{"@id":"https:\/\/www.organisator.ch\/human-resources\/2023-04-26\/interim-manager-schreiben-fachbuch-hr-personalwesen-in-krisenzeiten\/#primaryimage"},"image":{"@id":"https:\/\/www.organisator.ch\/human-resources\/2023-04-26\/interim-manager-schreiben-fachbuch-hr-personalwesen-in-krisenzeiten\/#primaryimage"},"thumbnailUrl":"https:\/\/www.organisator.ch\/wp-content\/uploads\/2023\/04\/Interim-Manager-schreiben-Fachbuch-HR-\u2013-Personalwesen-in-Krisenzeiten_Organisator.jpg","datePublished":"2023-04-26T04:08:38+00:00","description":"Twelve interim managers have announced a joint reference book on the subject of \"Human Resources - Human Resources in Times of Crisis\".","breadcrumb":{"@id":"https:\/\/www.organisator.ch\/human-resources\/2023-04-26\/interim-manager-schreiben-fachbuch-hr-personalwesen-in-krisenzeiten\/#breadcrumb"},"inLanguage":"en-US","potentialAction":[{"@type":"ReadAction","target":["https:\/\/www.organisator.ch\/human-resources\/2023-04-26\/interim-manager-schreiben-fachbuch-hr-personalwesen-in-krisenzeiten\/"]}]},{"@type":"ImageObject","inLanguage":"en-US","@id":"https:\/\/www.organisator.ch\/human-resources\/2023-04-26\/interim-manager-schreiben-fachbuch-hr-personalwesen-in-krisenzeiten\/#primaryimage","url":"https:\/\/www.organisator.ch\/wp-content\/uploads\/2023\/04\/Interim-Manager-schreiben-Fachbuch-HR-\u2013-Personalwesen-in-Krisenzeiten_Organisator.jpg","contentUrl":"https:\/\/www.organisator.ch\/wp-content\/uploads\/2023\/04\/Interim-Manager-schreiben-Fachbuch-HR-\u2013-Personalwesen-in-Krisenzeiten_Organisator.jpg","width":680,"height":483,"caption":"Zw\u00f6lf Interim Manager k\u00fcndigen ein neues Fachbuch an mit dem Titel \u201eHR \u2013 Personalwesen in Krisenzeiten\u201c (Bild: Unsplash.com)"},{"@type":"BreadcrumbList","@id":"https:\/\/www.organisator.ch\/human-resources\/2023-04-26\/interim-manager-schreiben-fachbuch-hr-personalwesen-in-krisenzeiten\/#breadcrumb","itemListElement":[{"@type":"ListItem","position":1,"name":"Home","item":"https:\/\/www.organisator.ch\/"},{"@type":"ListItem","position":2,"name":"Interim Manager schreiben Fachbuch \u201eHR \u2013 Personalwesen in Krisenzeiten\u201c"}]},{"@type":"WebSite","@id":"https:\/\/www.organisator.ch\/#website","url":"https:\/\/www.organisator.ch\/","name":"Organizer","description":"Competent. Practical. In 10 issues per year, ORGANISATOR presents the essential topics for managers of SMEs.","publisher":{"@id":"https:\/\/www.organisator.ch\/#organization"},"potentialAction":[{"@type":"SearchAction","target":{"@type":"EntryPoint","urlTemplate":"https:\/\/www.organisator.ch\/?s={search_term_string}"},"query-input":{"@type":"PropertyValueSpecification","valueRequired":true,"valueName":"search_term_string"}}],"inLanguage":"en-US"},{"@type":"Organization","@id":"https:\/\/www.organisator.ch\/#organization","name":"Organizer","url":"https:\/\/www.organisator.ch\/","logo":{"@type":"ImageObject","inLanguage":"en-US","@id":"https:\/\/www.organisator.ch\/#\/schema\/logo\/image\/","url":"https:\/\/www.organisator.ch\/wp-content\/uploads\/2022\/01\/Logo_Organisator_Website.png","contentUrl":"https:\/\/www.organisator.ch\/wp-content\/uploads\/2022\/01\/Logo_Organisator_Website.png","width":800,"height":77,"caption":"Organisator"},"image":{"@id":"https:\/\/www.organisator.ch\/#\/schema\/logo\/image\/"},"sameAs":["https:\/\/www.facebook.com\/OrganisatorFachmagazin","https:\/\/www.linkedin.com\/showcase\/organisator-das-magazin-fr-kmu","https:\/\/www.xing.com\/news\/pages\/organisator-ch-695","https:\/\/www.youtube.com\/channel\/UCGP2Sq0iWaZwT3BdIAQFYpw"]},{"@type":"Person","@id":"https:\/\/www.organisator.ch\/#\/schema\/person\/6f650f90b2842cd4c0cc334b4e36f67e","name":"thomas.berner","image":{"@type":"ImageObject","inLanguage":"en-US","@id":"https:\/\/secure.gravatar.com\/avatar\/ac5001d2a36cb6c6cd3e50789007ffca834b477b74a2144564522e944eabff61?s=96&d=mm&r=g","url":"https:\/\/secure.gravatar.com\/avatar\/ac5001d2a36cb6c6cd3e50789007ffca834b477b74a2144564522e944eabff61?s=96&d=mm&r=g","contentUrl":"https:\/\/secure.gravatar.com\/avatar\/ac5001d2a36cb6c6cd3e50789007ffca834b477b74a2144564522e944eabff61?s=96&d=mm&r=g","caption":"thomas.berner"},"url":"https:\/\/www.organisator.ch\/en\/author\/thomas-berner\/"}]}},"_links":{"self":[{"href":"https:\/\/www.organisator.ch\/en\/wp-json\/wp\/v2\/posts\/19902","targetHints":{"allow":["GET"]}}],"collection":[{"href":"https:\/\/www.organisator.ch\/en\/wp-json\/wp\/v2\/posts"}],"about":[{"href":"https:\/\/www.organisator.ch\/en\/wp-json\/wp\/v2\/types\/post"}],"author":[{"embeddable":true,"href":"https:\/\/www.organisator.ch\/en\/wp-json\/wp\/v2\/users\/4"}],"replies":[{"embeddable":true,"href":"https:\/\/www.organisator.ch\/en\/wp-json\/wp\/v2\/comments?post=19902"}],"version-history":[{"count":1,"href":"https:\/\/www.organisator.ch\/en\/wp-json\/wp\/v2\/posts\/19902\/revisions"}],"predecessor-version":[{"id":19904,"href":"https:\/\/www.organisator.ch\/en\/wp-json\/wp\/v2\/posts\/19902\/revisions\/19904"}],"wp:featuredmedia":[{"embeddable":true,"href":"https:\/\/www.organisator.ch\/en\/wp-json\/wp\/v2\/media\/19903"}],"wp:attachment":[{"href":"https:\/\/www.organisator.ch\/en\/wp-json\/wp\/v2\/media?parent=19902"}],"wp:term":[{"taxonomy":"category","embeddable":true,"href":"https:\/\/www.organisator.ch\/en\/wp-json\/wp\/v2\/categories?post=19902"},{"taxonomy":"post_tag","embeddable":true,"href":"https:\/\/www.organisator.ch\/en\/wp-json\/wp\/v2\/tags?post=19902"}],"curies":[{"name":"wp","href":"https:\/\/api.w.org\/{rel}","templated":true}]}}