{"id":19917,"date":"2023-04-25T09:32:09","date_gmt":"2023-04-25T07:32:09","guid":{"rendered":"https:\/\/www.m-q.ch\/?p=17894"},"modified":"2024-11-16T14:58:28","modified_gmt":"2024-11-16T13:58:28","slug":"die-energiewende-fordert-den-brandschutz-zum-umdenken","status":"publish","type":"post","link":"https:\/\/www.organisator.ch\/en\/operational-excellence\/2023-04-25\/die-energiewende-fordert-den-brandschutz-zum-umdenken\/","title":{"rendered":"\"The energy transition requires fire protection to rethink\"."},"content":{"rendered":"<figure id=\"attachment_17895\" class=\"wp-caption alignnone\" style=\"width: 680px\" aria-describedby=\"caption-attachment-17895\"><img class=\"alignnone wp-image-17895 size-full\" src=\"https:\/\/www.m-q.ch\/wp-content\/uploads\/2023\/04\/Die-Energiewende-fordert-den-Brandschutz-zum-Umdenken_MQ.jpg\" alt=\"Energy turnaround\" width=\"680\" height=\"383\" \/>\r\n<figcaption id=\"caption-attachment-17895\" class=\"wp-caption-text\">The speakers at the GVZ conference on June 14, 2023. (Image: Save AG)<\/figcaption>\r\n<\/figure>\r\n<p>Smart buildings and sustainable buildings that can generate and store alternative energies themselves or that are cooled naturally by greening their facades significantly reduce CO2 emissions. Modern heat pump technology and photovoltaic (PV) systems contribute significantly to this reduction. And what does fire protection do in this environment?<\/p>\r\n<p>Many innovative solutions are already available. However, there is a lack of recognized state-of-the-art technology for building sustainable construction projects in a fire-safe manner. The experts in fire protection, whether planners or authorities, are currently strongly challenged and are looking together for solutions with current know-how in order to design building projects with sustainably used energy sources safely also from the point of view of fire protection. In the context of \"energy transition and fire protection\", a specialist conference of the Building Insurance of the Canton of Zurich (GVZ) will provide insights and clarification and show new approaches to solutions. The conference will take place on June 14, 2023 at the Zurich Marriott Hotel (Neum\u00fchlequai 42, 8006 Zurich) and can also be followed online via Zoom. The event is titled \"The energy transition challenges fire protection to rethink\" and will also be held bilingually. The conference is recognized as continuing education by important professional organizations such as SGAS or VKF.<\/p>\r\n<p><strong>Briefly and concisely the individual presentation topics:<\/strong><\/p>\r\n<ul>\r\n\t<li>Building for tomorrow - safely, sustainably.<\/li>\r\n\t<li>Higher, smarter, more energy-efficient, more sustainable - can fire protection keep up?<\/li>\r\n\t<li>From the fire investigation: lithium-ion, battery storage systems, PV systems.<\/li>\r\n\t<li>Fire protection of battery storage systems in building construction.<\/li>\r\n\t<li>Green buildings - a challenge for fire protection?<\/li>\r\n\t<li>What influence do energy trends have on fire protection planning?<\/li>\r\n\t<li>State of the art paper \"Curtain wall ventilated facades\" - PV workshop report (Swissolar\/GHCH\/SFHF).<\/li>\r\n\t<li>Fire protection on green buildings.<\/li>\r\n<\/ul>\r\n<p><a href=\"https:\/\/save.ch\/event\/gvz-tagung-brandschutz-2023\/\"><em>More information and registration<\/em><\/a><\/p>\n<p class=\"syndicated-attribution\">This article originally appeared on m-q.ch - <a href=\"https:\/\/www.m-q.ch\/de\/die-energiewende-fordert-den-brandschutz-zum-umdenken\/\" target=\"_blank\">https:\/\/www.m-q.ch\/de\/die-energiewende-fordert-den-brandschutz-zum-umdenken\/<\/a><\/p>","protected":false},"excerpt":{"rendered":"<p>The transition from fossil fuels to renewable energies is not only challenging, but also has a major impact on our real estate. Fire protection - especially in smart buildings - is also subject to these changes. This will be the subject of a symposium on June 14, 2023.<\/p>","protected":false},"author":8,"featured_media":0,"comment_status":"closed","ping_status":"closed","sticky":false,"template":"","format":"standard","meta":{"_acf_changed":false,"_yoast_wpseo_focuskw":"Energiewende","_yoast_wpseo_metadesc":"Fachtagung zur Energiewende und Brandschutz: Innovative L\u00f6sungen und Herausforderungen. Am 14. Juni in Z\u00fcrich.","articlekey":"","footnotes":""},"categories":[582],"tags":[],"class_list":["post-19917","post","type-post","status-publish","format-standard","hentry","category-operational-excellence"],"acf":[],"yoast_head":"<!-- This site is optimized with the Yoast SEO plugin v27.5 - https:\/\/yoast.com\/product\/yoast-seo-wordpress\/ -->\n<title>\u00abDie Energiewende fordert den Brandschutz zum Umdenken\u00bb - Organisator<\/title>\n<meta name=\"description\" content=\"Fachtagung zur Energiewende und Brandschutz: Innovative L\u00f6sungen und Herausforderungen. Am 14. Juni in Z\u00fcrich.\" \/>\n<meta name=\"robots\" content=\"index, follow, max-snippet:-1, max-image-preview:large, max-video-preview:-1\" \/>\n<link rel=\"canonical\" href=\"https:\/\/www.organisator.ch\/en\/operational-excellence\/2023-04-25\/die-energiewende-fordert-den-brandschutz-zum-umdenken\/\" \/>\n<meta property=\"og:locale\" content=\"en_US\" \/>\n<meta property=\"og:type\" content=\"article\" \/>\n<meta property=\"og:title\" content=\"\u00abDie Energiewende fordert den Brandschutz zum Umdenken\u00bb - Organisator\" \/>\n<meta property=\"og:description\" content=\"Fachtagung zur Energiewende und Brandschutz: Innovative L\u00f6sungen und Herausforderungen. Am 14. Juni in Z\u00fcrich.\" \/>\n<meta property=\"og:url\" content=\"https:\/\/www.organisator.ch\/en\/operational-excellence\/2023-04-25\/die-energiewende-fordert-den-brandschutz-zum-umdenken\/\" \/>\n<meta property=\"og:site_name\" content=\"Organisator\" \/>\n<meta property=\"article:publisher\" content=\"https:\/\/www.facebook.com\/OrganisatorFachmagazin\" \/>\n<meta property=\"article:published_time\" content=\"2023-04-25T07:32:09+00:00\" \/>\n<meta property=\"article:modified_time\" content=\"2024-11-16T13:58:28+00:00\" \/>\n<meta name=\"author\" content=\"galledia\" \/>\n<meta name=\"twitter:card\" content=\"summary_large_image\" \/>\n<meta name=\"twitter:creator\" content=\"@admin\" \/>\n<script type=\"application\/ld+json\" class=\"yoast-schema-graph\">{\"@context\":\"https:\\\/\\\/schema.org\",\"@graph\":[{\"@type\":\"Article\",\"@id\":\"https:\\\/\\\/www.organisator.ch\\\/operational-excellence\\\/2023-04-25\\\/die-energiewende-fordert-den-brandschutz-zum-umdenken\\\/#article\",\"isPartOf\":{\"@id\":\"https:\\\/\\\/www.organisator.ch\\\/operational-excellence\\\/2023-04-25\\\/die-energiewende-fordert-den-brandschutz-zum-umdenken\\\/\"},\"author\":{\"name\":\"galledia\",\"@id\":\"https:\\\/\\\/www.organisator.ch\\\/#\\\/schema\\\/person\\\/4e51799071cd2dd1232ac003643ef5f0\"},\"headline\":\"\u00abDie Energiewende fordert den Brandschutz zum Umdenken\u00bb\",\"datePublished\":\"2023-04-25T07:32:09+00:00\",\"dateModified\":\"2024-11-16T13:58:28+00:00\",\"mainEntityOfPage\":{\"@id\":\"https:\\\/\\\/www.organisator.ch\\\/operational-excellence\\\/2023-04-25\\\/die-energiewende-fordert-den-brandschutz-zum-umdenken\\\/\"},\"wordCount\":289,\"publisher\":{\"@id\":\"https:\\\/\\\/www.organisator.ch\\\/#organization\"},\"image\":{\"@id\":\"https:\\\/\\\/www.organisator.ch\\\/operational-excellence\\\/2023-04-25\\\/die-energiewende-fordert-den-brandschutz-zum-umdenken\\\/#primaryimage\"},\"thumbnailUrl\":\"https:\\\/\\\/www.m-q.ch\\\/wp-content\\\/uploads\\\/2023\\\/04\\\/Die-Energiewende-fordert-den-Brandschutz-zum-Umdenken_MQ.jpg\",\"articleSection\":[\"OPERATIONAL EXCELLENCE\"],\"inLanguage\":\"en-US\"},{\"@type\":\"WebPage\",\"@id\":\"https:\\\/\\\/www.organisator.ch\\\/operational-excellence\\\/2023-04-25\\\/die-energiewende-fordert-den-brandschutz-zum-umdenken\\\/\",\"url\":\"https:\\\/\\\/www.organisator.ch\\\/operational-excellence\\\/2023-04-25\\\/die-energiewende-fordert-den-brandschutz-zum-umdenken\\\/\",\"name\":\"\u00abDie Energiewende fordert den Brandschutz zum Umdenken\u00bb - Organisator\",\"isPartOf\":{\"@id\":\"https:\\\/\\\/www.organisator.ch\\\/#website\"},\"primaryImageOfPage\":{\"@id\":\"https:\\\/\\\/www.organisator.ch\\\/operational-excellence\\\/2023-04-25\\\/die-energiewende-fordert-den-brandschutz-zum-umdenken\\\/#primaryimage\"},\"image\":{\"@id\":\"https:\\\/\\\/www.organisator.ch\\\/operational-excellence\\\/2023-04-25\\\/die-energiewende-fordert-den-brandschutz-zum-umdenken\\\/#primaryimage\"},\"thumbnailUrl\":\"https:\\\/\\\/www.m-q.ch\\\/wp-content\\\/uploads\\\/2023\\\/04\\\/Die-Energiewende-fordert-den-Brandschutz-zum-Umdenken_MQ.jpg\",\"datePublished\":\"2023-04-25T07:32:09+00:00\",\"dateModified\":\"2024-11-16T13:58:28+00:00\",\"description\":\"Fachtagung zur Energiewende und Brandschutz: Innovative L\u00f6sungen und Herausforderungen. Am 14. Juni in Z\u00fcrich.\",\"breadcrumb\":{\"@id\":\"https:\\\/\\\/www.organisator.ch\\\/operational-excellence\\\/2023-04-25\\\/die-energiewende-fordert-den-brandschutz-zum-umdenken\\\/#breadcrumb\"},\"inLanguage\":\"en-US\",\"potentialAction\":[{\"@type\":\"ReadAction\",\"target\":[\"https:\\\/\\\/www.organisator.ch\\\/operational-excellence\\\/2023-04-25\\\/die-energiewende-fordert-den-brandschutz-zum-umdenken\\\/\"]}]},{\"@type\":\"ImageObject\",\"inLanguage\":\"en-US\",\"@id\":\"https:\\\/\\\/www.organisator.ch\\\/operational-excellence\\\/2023-04-25\\\/die-energiewende-fordert-den-brandschutz-zum-umdenken\\\/#primaryimage\",\"url\":\"https:\\\/\\\/www.m-q.ch\\\/wp-content\\\/uploads\\\/2023\\\/04\\\/Die-Energiewende-fordert-den-Brandschutz-zum-Umdenken_MQ.jpg\",\"contentUrl\":\"https:\\\/\\\/www.m-q.ch\\\/wp-content\\\/uploads\\\/2023\\\/04\\\/Die-Energiewende-fordert-den-Brandschutz-zum-Umdenken_MQ.jpg\"},{\"@type\":\"BreadcrumbList\",\"@id\":\"https:\\\/\\\/www.organisator.ch\\\/operational-excellence\\\/2023-04-25\\\/die-energiewende-fordert-den-brandschutz-zum-umdenken\\\/#breadcrumb\",\"itemListElement\":[{\"@type\":\"ListItem\",\"position\":1,\"name\":\"Home\",\"item\":\"https:\\\/\\\/www.organisator.ch\\\/\"},{\"@type\":\"ListItem\",\"position\":2,\"name\":\"\u00abDie Energiewende fordert den Brandschutz zum Umdenken\u00bb\"}]},{\"@type\":\"WebSite\",\"@id\":\"https:\\\/\\\/www.organisator.ch\\\/#website\",\"url\":\"https:\\\/\\\/www.organisator.ch\\\/\",\"name\":\"Organisator\",\"description\":\"Kompetent. Praxisnah. Der ORGANISATOR bereitet in 10 Ausgaben pro Jahr die wesentlichen Themen f\u00fcr F\u00fchrungskr\u00e4fte von KMU auf.\",\"publisher\":{\"@id\":\"https:\\\/\\\/www.organisator.ch\\\/#organization\"},\"potentialAction\":[{\"@type\":\"SearchAction\",\"target\":{\"@type\":\"EntryPoint\",\"urlTemplate\":\"https:\\\/\\\/www.organisator.ch\\\/?s={search_term_string}\"},\"query-input\":{\"@type\":\"PropertyValueSpecification\",\"valueRequired\":true,\"valueName\":\"search_term_string\"}}],\"inLanguage\":\"en-US\"},{\"@type\":\"Organization\",\"@id\":\"https:\\\/\\\/www.organisator.ch\\\/#organization\",\"name\":\"Organisator\",\"url\":\"https:\\\/\\\/www.organisator.ch\\\/\",\"logo\":{\"@type\":\"ImageObject\",\"inLanguage\":\"en-US\",\"@id\":\"https:\\\/\\\/www.organisator.ch\\\/#\\\/schema\\\/logo\\\/image\\\/\",\"url\":\"https:\\\/\\\/www.organisator.ch\\\/wp-content\\\/uploads\\\/2022\\\/01\\\/Logo_Organisator_Website.png\",\"contentUrl\":\"https:\\\/\\\/www.organisator.ch\\\/wp-content\\\/uploads\\\/2022\\\/01\\\/Logo_Organisator_Website.png\",\"width\":800,\"height\":77,\"caption\":\"Organisator\"},\"image\":{\"@id\":\"https:\\\/\\\/www.organisator.ch\\\/#\\\/schema\\\/logo\\\/image\\\/\"},\"sameAs\":[\"https:\\\/\\\/www.facebook.com\\\/OrganisatorFachmagazin\",\"https:\\\/\\\/www.linkedin.com\\\/showcase\\\/organisator-das-magazin-fr-kmu\",\"https:\\\/\\\/www.xing.com\\\/news\\\/pages\\\/organisator-ch-695\",\"https:\\\/\\\/www.youtube.com\\\/channel\\\/UCGP2Sq0iWaZwT3BdIAQFYpw\"]},{\"@type\":\"Person\",\"@id\":\"https:\\\/\\\/www.organisator.ch\\\/#\\\/schema\\\/person\\\/4e51799071cd2dd1232ac003643ef5f0\",\"name\":\"galledia\",\"image\":{\"@type\":\"ImageObject\",\"inLanguage\":\"en-US\",\"@id\":\"https:\\\/\\\/secure.gravatar.com\\\/avatar\\\/78a7f90c01fc2bfc875782a0d4922b37cde2cf184ce347b91316d23cd7f69a36?s=96&d=mm&r=g\",\"url\":\"https:\\\/\\\/secure.gravatar.com\\\/avatar\\\/78a7f90c01fc2bfc875782a0d4922b37cde2cf184ce347b91316d23cd7f69a36?s=96&d=mm&r=g\",\"contentUrl\":\"https:\\\/\\\/secure.gravatar.com\\\/avatar\\\/78a7f90c01fc2bfc875782a0d4922b37cde2cf184ce347b91316d23cd7f69a36?s=96&d=mm&r=g\",\"caption\":\"galledia\"},\"sameAs\":[\"https:\\\/\\\/x.com\\\/admin\"],\"url\":\"https:\\\/\\\/www.organisator.ch\\\/en\\\/author\\\/galledia\\\/\"}]}<\/script>\n<!-- \/ Yoast SEO plugin. -->","yoast_head_json":{"title":"\"The energy transition requires fire protection to rethink\" - Organizer.","description":"Symposium on the energy transition and fire protection: innovative solutions and challenges. On June 14 in Zurich.","robots":{"index":"index","follow":"follow","max-snippet":"max-snippet:-1","max-image-preview":"max-image-preview:large","max-video-preview":"max-video-preview:-1"},"canonical":"https:\/\/www.organisator.ch\/en\/operational-excellence\/2023-04-25\/die-energiewende-fordert-den-brandschutz-zum-umdenken\/","og_locale":"en_US","og_type":"article","og_title":"\u00abDie Energiewende fordert den Brandschutz zum Umdenken\u00bb - Organisator","og_description":"Fachtagung zur Energiewende und Brandschutz: Innovative L\u00f6sungen und Herausforderungen. Am 14. Juni in Z\u00fcrich.","og_url":"https:\/\/www.organisator.ch\/en\/operational-excellence\/2023-04-25\/die-energiewende-fordert-den-brandschutz-zum-umdenken\/","og_site_name":"Organisator","article_publisher":"https:\/\/www.facebook.com\/OrganisatorFachmagazin","article_published_time":"2023-04-25T07:32:09+00:00","article_modified_time":"2024-11-16T13:58:28+00:00","author":"galledia","twitter_card":"summary_large_image","twitter_creator":"@admin","schema":{"@context":"https:\/\/schema.org","@graph":[{"@type":"Article","@id":"https:\/\/www.organisator.ch\/operational-excellence\/2023-04-25\/die-energiewende-fordert-den-brandschutz-zum-umdenken\/#article","isPartOf":{"@id":"https:\/\/www.organisator.ch\/operational-excellence\/2023-04-25\/die-energiewende-fordert-den-brandschutz-zum-umdenken\/"},"author":{"name":"galledia","@id":"https:\/\/www.organisator.ch\/#\/schema\/person\/4e51799071cd2dd1232ac003643ef5f0"},"headline":"\u00abDie Energiewende fordert den Brandschutz zum Umdenken\u00bb","datePublished":"2023-04-25T07:32:09+00:00","dateModified":"2024-11-16T13:58:28+00:00","mainEntityOfPage":{"@id":"https:\/\/www.organisator.ch\/operational-excellence\/2023-04-25\/die-energiewende-fordert-den-brandschutz-zum-umdenken\/"},"wordCount":289,"publisher":{"@id":"https:\/\/www.organisator.ch\/#organization"},"image":{"@id":"https:\/\/www.organisator.ch\/operational-excellence\/2023-04-25\/die-energiewende-fordert-den-brandschutz-zum-umdenken\/#primaryimage"},"thumbnailUrl":"https:\/\/www.m-q.ch\/wp-content\/uploads\/2023\/04\/Die-Energiewende-fordert-den-Brandschutz-zum-Umdenken_MQ.jpg","articleSection":["OPERATIONAL EXCELLENCE"],"inLanguage":"en-US"},{"@type":"WebPage","@id":"https:\/\/www.organisator.ch\/operational-excellence\/2023-04-25\/die-energiewende-fordert-den-brandschutz-zum-umdenken\/","url":"https:\/\/www.organisator.ch\/operational-excellence\/2023-04-25\/die-energiewende-fordert-den-brandschutz-zum-umdenken\/","name":"\"The energy transition requires fire protection to rethink\" - Organizer.","isPartOf":{"@id":"https:\/\/www.organisator.ch\/#website"},"primaryImageOfPage":{"@id":"https:\/\/www.organisator.ch\/operational-excellence\/2023-04-25\/die-energiewende-fordert-den-brandschutz-zum-umdenken\/#primaryimage"},"image":{"@id":"https:\/\/www.organisator.ch\/operational-excellence\/2023-04-25\/die-energiewende-fordert-den-brandschutz-zum-umdenken\/#primaryimage"},"thumbnailUrl":"https:\/\/www.m-q.ch\/wp-content\/uploads\/2023\/04\/Die-Energiewende-fordert-den-Brandschutz-zum-Umdenken_MQ.jpg","datePublished":"2023-04-25T07:32:09+00:00","dateModified":"2024-11-16T13:58:28+00:00","description":"Symposium on the energy transition and fire protection: innovative solutions and challenges. On June 14 in Zurich.","breadcrumb":{"@id":"https:\/\/www.organisator.ch\/operational-excellence\/2023-04-25\/die-energiewende-fordert-den-brandschutz-zum-umdenken\/#breadcrumb"},"inLanguage":"en-US","potentialAction":[{"@type":"ReadAction","target":["https:\/\/www.organisator.ch\/operational-excellence\/2023-04-25\/die-energiewende-fordert-den-brandschutz-zum-umdenken\/"]}]},{"@type":"ImageObject","inLanguage":"en-US","@id":"https:\/\/www.organisator.ch\/operational-excellence\/2023-04-25\/die-energiewende-fordert-den-brandschutz-zum-umdenken\/#primaryimage","url":"https:\/\/www.m-q.ch\/wp-content\/uploads\/2023\/04\/Die-Energiewende-fordert-den-Brandschutz-zum-Umdenken_MQ.jpg","contentUrl":"https:\/\/www.m-q.ch\/wp-content\/uploads\/2023\/04\/Die-Energiewende-fordert-den-Brandschutz-zum-Umdenken_MQ.jpg"},{"@type":"BreadcrumbList","@id":"https:\/\/www.organisator.ch\/operational-excellence\/2023-04-25\/die-energiewende-fordert-den-brandschutz-zum-umdenken\/#breadcrumb","itemListElement":[{"@type":"ListItem","position":1,"name":"Home","item":"https:\/\/www.organisator.ch\/"},{"@type":"ListItem","position":2,"name":"\u00abDie Energiewende fordert den Brandschutz zum Umdenken\u00bb"}]},{"@type":"WebSite","@id":"https:\/\/www.organisator.ch\/#website","url":"https:\/\/www.organisator.ch\/","name":"Organizer","description":"Competent. Practical. In 10 issues per year, ORGANISATOR presents the essential topics for managers of SMEs.","publisher":{"@id":"https:\/\/www.organisator.ch\/#organization"},"potentialAction":[{"@type":"SearchAction","target":{"@type":"EntryPoint","urlTemplate":"https:\/\/www.organisator.ch\/?s={search_term_string}"},"query-input":{"@type":"PropertyValueSpecification","valueRequired":true,"valueName":"search_term_string"}}],"inLanguage":"en-US"},{"@type":"Organization","@id":"https:\/\/www.organisator.ch\/#organization","name":"Organizer","url":"https:\/\/www.organisator.ch\/","logo":{"@type":"ImageObject","inLanguage":"en-US","@id":"https:\/\/www.organisator.ch\/#\/schema\/logo\/image\/","url":"https:\/\/www.organisator.ch\/wp-content\/uploads\/2022\/01\/Logo_Organisator_Website.png","contentUrl":"https:\/\/www.organisator.ch\/wp-content\/uploads\/2022\/01\/Logo_Organisator_Website.png","width":800,"height":77,"caption":"Organisator"},"image":{"@id":"https:\/\/www.organisator.ch\/#\/schema\/logo\/image\/"},"sameAs":["https:\/\/www.facebook.com\/OrganisatorFachmagazin","https:\/\/www.linkedin.com\/showcase\/organisator-das-magazin-fr-kmu","https:\/\/www.xing.com\/news\/pages\/organisator-ch-695","https:\/\/www.youtube.com\/channel\/UCGP2Sq0iWaZwT3BdIAQFYpw"]},{"@type":"Person","@id":"https:\/\/www.organisator.ch\/#\/schema\/person\/4e51799071cd2dd1232ac003643ef5f0","name":"galledia","image":{"@type":"ImageObject","inLanguage":"en-US","@id":"https:\/\/secure.gravatar.com\/avatar\/78a7f90c01fc2bfc875782a0d4922b37cde2cf184ce347b91316d23cd7f69a36?s=96&d=mm&r=g","url":"https:\/\/secure.gravatar.com\/avatar\/78a7f90c01fc2bfc875782a0d4922b37cde2cf184ce347b91316d23cd7f69a36?s=96&d=mm&r=g","contentUrl":"https:\/\/secure.gravatar.com\/avatar\/78a7f90c01fc2bfc875782a0d4922b37cde2cf184ce347b91316d23cd7f69a36?s=96&d=mm&r=g","caption":"galledia"},"sameAs":["https:\/\/x.com\/admin"],"url":"https:\/\/www.organisator.ch\/en\/author\/galledia\/"}]}},"_links":{"self":[{"href":"https:\/\/www.organisator.ch\/en\/wp-json\/wp\/v2\/posts\/19917","targetHints":{"allow":["GET"]}}],"collection":[{"href":"https:\/\/www.organisator.ch\/en\/wp-json\/wp\/v2\/posts"}],"about":[{"href":"https:\/\/www.organisator.ch\/en\/wp-json\/wp\/v2\/types\/post"}],"author":[{"embeddable":true,"href":"https:\/\/www.organisator.ch\/en\/wp-json\/wp\/v2\/users\/8"}],"replies":[{"embeddable":true,"href":"https:\/\/www.organisator.ch\/en\/wp-json\/wp\/v2\/comments?post=19917"}],"version-history":[{"count":4,"href":"https:\/\/www.organisator.ch\/en\/wp-json\/wp\/v2\/posts\/19917\/revisions"}],"predecessor-version":[{"id":33212,"href":"https:\/\/www.organisator.ch\/en\/wp-json\/wp\/v2\/posts\/19917\/revisions\/33212"}],"wp:attachment":[{"href":"https:\/\/www.organisator.ch\/en\/wp-json\/wp\/v2\/media?parent=19917"}],"wp:term":[{"taxonomy":"category","embeddable":true,"href":"https:\/\/www.organisator.ch\/en\/wp-json\/wp\/v2\/categories?post=19917"},{"taxonomy":"post_tag","embeddable":true,"href":"https:\/\/www.organisator.ch\/en\/wp-json\/wp\/v2\/tags?post=19917"}],"curies":[{"name":"wp","href":"https:\/\/api.w.org\/{rel}","templated":true}]}}