{"id":19943,"date":"2023-04-26T08:49:02","date_gmt":"2023-04-26T06:49:02","guid":{"rendered":"https:\/\/www.organisator.ch\/?p=19943"},"modified":"2023-04-26T08:49:02","modified_gmt":"2023-04-26T06:49:02","slug":"insolvenzen-in-der-schweiz-stabilisieren-sich-nach-rekordjahr-2022","status":"publish","type":"post","link":"https:\/\/www.organisator.ch\/en\/management\/finanzen_recht\/2023-04-26\/insolvenzen-in-der-schweiz-stabilisieren-sich-nach-rekordjahr-2022\/","title":{"rendered":"Insolvencies in Switzerland stabilize after record year in 2022"},"content":{"rendered":"<figure id=\"attachment_19944\" aria-describedby=\"caption-attachment-19944\" style=\"width: 680px\" class=\"wp-caption alignnone\"><img loading=\"lazy\" decoding=\"async\" class=\"size-full wp-image-19944\" src=\"https:\/\/www.organisator.ch\/wp-content\/uploads\/2023\/04\/Insolvenzen-in-der-Schweiz-stabilisieren-sich-nach-Rekordjahr-2022_Organisator.jpg\" alt=\"\" width=\"680\" height=\"417\" srcset=\"https:\/\/www.organisator.ch\/wp-content\/uploads\/2023\/04\/Insolvenzen-in-der-Schweiz-stabilisieren-sich-nach-Rekordjahr-2022_Organisator.jpg 680w, https:\/\/www.organisator.ch\/wp-content\/uploads\/2023\/04\/Insolvenzen-in-der-Schweiz-stabilisieren-sich-nach-Rekordjahr-2022_Organisator-18x12.jpg 18w, https:\/\/www.organisator.ch\/wp-content\/uploads\/2023\/04\/Insolvenzen-in-der-Schweiz-stabilisieren-sich-nach-Rekordjahr-2022_Organisator-375x230.jpg 375w, https:\/\/www.organisator.ch\/wp-content\/uploads\/2023\/04\/Insolvenzen-in-der-Schweiz-stabilisieren-sich-nach-Rekordjahr-2022_Organisator-571x350.jpg 571w\" sizes=\"auto, (max-width: 680px) 100vw, 680px\" \/><figcaption id=\"caption-attachment-19944\" class=\"wp-caption-text\">Insolvencies will increase globally by +21 % in 2023. In Switzerland, an increase of 4 % is expected. (Image: Unsplash.com)<\/figcaption><\/figure>\n<p>Following the end of federal support measures, the number of insolvencies in Switzerland rose to a record 6796 cases last year. The previous record was 6225 cases in 2018. This meant that Switzerland, along with the UK and Spain, was already well above pre-pandemic levels (+13 %). Fortunately, they have now recovered and should not exceed +4 % in 2023 - despite the continuing challenging economic and financial environment due to tighter bank credit conditions, increased energy prices and high wages.<\/p>\n<h3><strong>Development in Switzerland and Europe not parallel<\/strong><\/h3>\n<p>In Europe, the insolvency dynamic is more pronounced than the global average (+21 %), with an expected increase in bankruptcies of around 24 %. This is mainly due to strong increases in insolvencies in the Netherlands (+52 %), France (+41 %), Ireland (+30 %) and Italy (+25 %). Many European countries already significantly exceed pre-crisis levels in 2023, led by Spain (+75 % in 2023 vs. 2019) and the UK (+29 % vs. 2019). Most European countries will suffer larger corporate insolvencies this year than Switzerland with its +4 %. It should be noted here that last year, when Switzerland had to cope with a record +33 %, Europe only saw an increase of +7 % on average. In Switzerland, the \"normalization\" of corporate insolvencies after the pandemic has already taken place.<\/p>\n<h3><strong>A look at insolvencies worldwide<\/strong><\/h3>\n<p>After a slight increase in 2022 (+2 %), global insolvencies will rise by +21 % in the current year and by +4 % in 2024 (Europe -1 %, Switzerland -4 %). This global trend masks significant local differences. Allianz Trade forecasts that in half of the countries surveyed, insolvencies will exceed pre-pandemic levels in 2023, and in three out of five countries in 2024. In short, in most countries the number of insolvencies will exceed 2019 levels by the end of 2024. \"In Europe, we expect the number of insolvencies to reach 59,000 (+41 %) in France, 28,500 (+16 %) in the UK, 17,800 (+22 %) in Germany and 8900 (+24 %) in Italy by 2023. In the US, we expect a rise of +49 % by 2023, driven by tighter credit conditions and the expected sharp economic slowdown, which would imply a return to more than 20,000 insolvencies per year. In Asia, China is likely to see a moderate increase (+4 %) as the reopening has not removed all risks, especially in the real estate sector,\" explains Maxime Lemerle, senior insolvency research analyst at Allianz Trade. These figures are not a reason to panic, according to Allianz Trade analysts, but they are a reason to be cautious and to manage debtors and liquidity even more carefully.<\/p>\n<p><em>Source: <a href=\"https:\/\/www.allianz-trade.com\/de_CH.html\">Alliance Trade<\/a><\/em><\/p>","protected":false},"excerpt":{"rendered":"<p>After an absolute record last year of +33 % insolvencies in Switzerland, these will only increase by +4 % in 2023. Across Europe, the insolvency rate is expected to reach +24 %, according to forecasts by Allianz Trade, the world's leading credit insurer.<\/p>","protected":false},"author":4,"featured_media":19944,"comment_status":"closed","ping_status":"closed","sticky":false,"template":"","format":"standard","meta":{"_acf_changed":false,"_yoast_wpseo_focuskw":"Insolvenzen","_yoast_wpseo_metadesc":"Nach einem absoluten Rekord im vergangenen Jahr von +33 % Insolvenzen in der Schweiz, werden diese 2023 nur noch um +4 % steigen.","articlekey":"","footnotes":""},"categories":[24],"tags":[202,3741,335],"class_list":["post-19943","post","type-post","status-publish","format-standard","has-post-thumbnail","hentry","category-finanzen_recht","tag-finanzenrecht","tag-insolvenzen","tag-management-und-unternehmensfuehrung"],"acf":[],"yoast_head":"<!-- This site is optimized with the Yoast SEO plugin v27.4 - https:\/\/yoast.com\/product\/yoast-seo-wordpress\/ -->\n<title>Insolvenzen in der Schweiz stabilisieren sich nach Rekordjahr 2022 - Organisator<\/title>\n<meta name=\"description\" content=\"Nach einem absoluten Rekord im vergangenen Jahr von +33 % Insolvenzen in der Schweiz, werden diese 2023 nur noch um +4 % steigen.\" \/>\n<meta name=\"robots\" content=\"index, follow, max-snippet:-1, max-image-preview:large, max-video-preview:-1\" \/>\n<link rel=\"canonical\" href=\"https:\/\/www.organisator.ch\/en\/management\/finanzen_recht\/2023-04-26\/insolvenzen-in-der-schweiz-stabilisieren-sich-nach-rekordjahr-2022\/\" \/>\n<meta property=\"og:locale\" content=\"en_US\" \/>\n<meta property=\"og:type\" content=\"article\" \/>\n<meta property=\"og:title\" content=\"Insolvenzen in der Schweiz stabilisieren sich nach Rekordjahr 2022\" \/>\n<meta property=\"og:description\" content=\"Nach einem absoluten Rekord im vergangenen Jahr von +33 % Insolvenzen in der Schweiz, werden diese 2023 nur noch um +4 % steigen.\" \/>\n<meta property=\"og:url\" content=\"https:\/\/www.organisator.ch\/en\/management\/finanzen_recht\/2023-04-26\/insolvenzen-in-der-schweiz-stabilisieren-sich-nach-rekordjahr-2022\/\" \/>\n<meta property=\"og:site_name\" content=\"Organisator\" \/>\n<meta property=\"article:publisher\" content=\"https:\/\/www.facebook.com\/OrganisatorFachmagazin\" \/>\n<meta property=\"article:published_time\" content=\"2023-04-26T06:49:02+00:00\" \/>\n<meta property=\"og:image\" content=\"https:\/\/www.organisator.ch\/wp-content\/uploads\/2023\/04\/Insolvenzen-in-der-Schweiz-stabilisieren-sich-nach-Rekordjahr-2022_Organisator.jpg\" \/>\n\t<meta property=\"og:image:width\" content=\"680\" \/>\n\t<meta property=\"og:image:height\" content=\"417\" \/>\n\t<meta property=\"og:image:type\" content=\"image\/jpeg\" \/>\n<meta name=\"author\" content=\"thomas.berner\" \/>\n<meta name=\"twitter:card\" content=\"summary_large_image\" \/>\n<meta name=\"twitter:title\" content=\"#Insolvenzen in der Schweiz stabilisieren sich nach #Rekordjahr 2022\" \/>\n<meta name=\"twitter:description\" content=\"Nach einem absoluten #Rekord im vergangenen Jahr von +33 % #Insolvenzen in der Schweiz, werden diese 2023 nur noch um +4 % steigen.\" \/>\n<meta name=\"twitter:image\" content=\"https:\/\/www.organisator.ch\/wp-content\/uploads\/2023\/04\/Insolvenzen-in-der-Schweiz-stabilisieren-sich-nach-Rekordjahr-2022_Organisator.jpg\" \/>\n<script type=\"application\/ld+json\" class=\"yoast-schema-graph\">{\"@context\":\"https:\\\/\\\/schema.org\",\"@graph\":[{\"@type\":\"Article\",\"@id\":\"https:\\\/\\\/www.organisator.ch\\\/management\\\/finanzen_recht\\\/2023-04-26\\\/insolvenzen-in-der-schweiz-stabilisieren-sich-nach-rekordjahr-2022\\\/#article\",\"isPartOf\":{\"@id\":\"https:\\\/\\\/www.organisator.ch\\\/management\\\/finanzen_recht\\\/2023-04-26\\\/insolvenzen-in-der-schweiz-stabilisieren-sich-nach-rekordjahr-2022\\\/\"},\"author\":{\"name\":\"thomas.berner\",\"@id\":\"https:\\\/\\\/www.organisator.ch\\\/#\\\/schema\\\/person\\\/6f650f90b2842cd4c0cc334b4e36f67e\"},\"headline\":\"Insolvenzen in der Schweiz stabilisieren sich nach Rekordjahr 2022\",\"datePublished\":\"2023-04-26T06:49:02+00:00\",\"mainEntityOfPage\":{\"@id\":\"https:\\\/\\\/www.organisator.ch\\\/management\\\/finanzen_recht\\\/2023-04-26\\\/insolvenzen-in-der-schweiz-stabilisieren-sich-nach-rekordjahr-2022\\\/\"},\"wordCount\":460,\"publisher\":{\"@id\":\"https:\\\/\\\/www.organisator.ch\\\/#organization\"},\"image\":{\"@id\":\"https:\\\/\\\/www.organisator.ch\\\/management\\\/finanzen_recht\\\/2023-04-26\\\/insolvenzen-in-der-schweiz-stabilisieren-sich-nach-rekordjahr-2022\\\/#primaryimage\"},\"thumbnailUrl\":\"https:\\\/\\\/www.organisator.ch\\\/wp-content\\\/uploads\\\/2023\\\/04\\\/Insolvenzen-in-der-Schweiz-stabilisieren-sich-nach-Rekordjahr-2022_Organisator.jpg\",\"keywords\":[\"Finanzen\\\/Recht\",\"Insolvenzen\",\"Management und Unternehmensf\u00fchrung\"],\"articleSection\":[\"FINANZEN\\\/RECHT\"],\"inLanguage\":\"en-US\"},{\"@type\":\"WebPage\",\"@id\":\"https:\\\/\\\/www.organisator.ch\\\/management\\\/finanzen_recht\\\/2023-04-26\\\/insolvenzen-in-der-schweiz-stabilisieren-sich-nach-rekordjahr-2022\\\/\",\"url\":\"https:\\\/\\\/www.organisator.ch\\\/management\\\/finanzen_recht\\\/2023-04-26\\\/insolvenzen-in-der-schweiz-stabilisieren-sich-nach-rekordjahr-2022\\\/\",\"name\":\"Insolvenzen in der Schweiz stabilisieren sich nach Rekordjahr 2022 - Organisator\",\"isPartOf\":{\"@id\":\"https:\\\/\\\/www.organisator.ch\\\/#website\"},\"primaryImageOfPage\":{\"@id\":\"https:\\\/\\\/www.organisator.ch\\\/management\\\/finanzen_recht\\\/2023-04-26\\\/insolvenzen-in-der-schweiz-stabilisieren-sich-nach-rekordjahr-2022\\\/#primaryimage\"},\"image\":{\"@id\":\"https:\\\/\\\/www.organisator.ch\\\/management\\\/finanzen_recht\\\/2023-04-26\\\/insolvenzen-in-der-schweiz-stabilisieren-sich-nach-rekordjahr-2022\\\/#primaryimage\"},\"thumbnailUrl\":\"https:\\\/\\\/www.organisator.ch\\\/wp-content\\\/uploads\\\/2023\\\/04\\\/Insolvenzen-in-der-Schweiz-stabilisieren-sich-nach-Rekordjahr-2022_Organisator.jpg\",\"datePublished\":\"2023-04-26T06:49:02+00:00\",\"description\":\"Nach einem absoluten Rekord im vergangenen Jahr von +33 % Insolvenzen in der Schweiz, werden diese 2023 nur noch um +4 % steigen.\",\"breadcrumb\":{\"@id\":\"https:\\\/\\\/www.organisator.ch\\\/management\\\/finanzen_recht\\\/2023-04-26\\\/insolvenzen-in-der-schweiz-stabilisieren-sich-nach-rekordjahr-2022\\\/#breadcrumb\"},\"inLanguage\":\"en-US\",\"potentialAction\":[{\"@type\":\"ReadAction\",\"target\":[\"https:\\\/\\\/www.organisator.ch\\\/management\\\/finanzen_recht\\\/2023-04-26\\\/insolvenzen-in-der-schweiz-stabilisieren-sich-nach-rekordjahr-2022\\\/\"]}]},{\"@type\":\"ImageObject\",\"inLanguage\":\"en-US\",\"@id\":\"https:\\\/\\\/www.organisator.ch\\\/management\\\/finanzen_recht\\\/2023-04-26\\\/insolvenzen-in-der-schweiz-stabilisieren-sich-nach-rekordjahr-2022\\\/#primaryimage\",\"url\":\"https:\\\/\\\/www.organisator.ch\\\/wp-content\\\/uploads\\\/2023\\\/04\\\/Insolvenzen-in-der-Schweiz-stabilisieren-sich-nach-Rekordjahr-2022_Organisator.jpg\",\"contentUrl\":\"https:\\\/\\\/www.organisator.ch\\\/wp-content\\\/uploads\\\/2023\\\/04\\\/Insolvenzen-in-der-Schweiz-stabilisieren-sich-nach-Rekordjahr-2022_Organisator.jpg\",\"width\":680,\"height\":417,\"caption\":\"Die Insolvenzen werden 2023 weltweit um +21 % ansteigen. In der Schweiz wird mit einer Zunahme von 4 % gerechnet. (Bild: Unsplash.com)\"},{\"@type\":\"BreadcrumbList\",\"@id\":\"https:\\\/\\\/www.organisator.ch\\\/management\\\/finanzen_recht\\\/2023-04-26\\\/insolvenzen-in-der-schweiz-stabilisieren-sich-nach-rekordjahr-2022\\\/#breadcrumb\",\"itemListElement\":[{\"@type\":\"ListItem\",\"position\":1,\"name\":\"Home\",\"item\":\"https:\\\/\\\/www.organisator.ch\\\/\"},{\"@type\":\"ListItem\",\"position\":2,\"name\":\"Insolvenzen in der Schweiz stabilisieren sich nach Rekordjahr 2022\"}]},{\"@type\":\"WebSite\",\"@id\":\"https:\\\/\\\/www.organisator.ch\\\/#website\",\"url\":\"https:\\\/\\\/www.organisator.ch\\\/\",\"name\":\"Organisator\",\"description\":\"Kompetent. Praxisnah. Der ORGANISATOR bereitet in 10 Ausgaben pro Jahr die wesentlichen Themen f\u00fcr F\u00fchrungskr\u00e4fte von KMU auf.\",\"publisher\":{\"@id\":\"https:\\\/\\\/www.organisator.ch\\\/#organization\"},\"potentialAction\":[{\"@type\":\"SearchAction\",\"target\":{\"@type\":\"EntryPoint\",\"urlTemplate\":\"https:\\\/\\\/www.organisator.ch\\\/?s={search_term_string}\"},\"query-input\":{\"@type\":\"PropertyValueSpecification\",\"valueRequired\":true,\"valueName\":\"search_term_string\"}}],\"inLanguage\":\"en-US\"},{\"@type\":\"Organization\",\"@id\":\"https:\\\/\\\/www.organisator.ch\\\/#organization\",\"name\":\"Organisator\",\"url\":\"https:\\\/\\\/www.organisator.ch\\\/\",\"logo\":{\"@type\":\"ImageObject\",\"inLanguage\":\"en-US\",\"@id\":\"https:\\\/\\\/www.organisator.ch\\\/#\\\/schema\\\/logo\\\/image\\\/\",\"url\":\"https:\\\/\\\/www.organisator.ch\\\/wp-content\\\/uploads\\\/2022\\\/01\\\/Logo_Organisator_Website.png\",\"contentUrl\":\"https:\\\/\\\/www.organisator.ch\\\/wp-content\\\/uploads\\\/2022\\\/01\\\/Logo_Organisator_Website.png\",\"width\":800,\"height\":77,\"caption\":\"Organisator\"},\"image\":{\"@id\":\"https:\\\/\\\/www.organisator.ch\\\/#\\\/schema\\\/logo\\\/image\\\/\"},\"sameAs\":[\"https:\\\/\\\/www.facebook.com\\\/OrganisatorFachmagazin\",\"https:\\\/\\\/www.linkedin.com\\\/showcase\\\/organisator-das-magazin-fr-kmu\",\"https:\\\/\\\/www.xing.com\\\/news\\\/pages\\\/organisator-ch-695\",\"https:\\\/\\\/www.youtube.com\\\/channel\\\/UCGP2Sq0iWaZwT3BdIAQFYpw\"]},{\"@type\":\"Person\",\"@id\":\"https:\\\/\\\/www.organisator.ch\\\/#\\\/schema\\\/person\\\/6f650f90b2842cd4c0cc334b4e36f67e\",\"name\":\"thomas.berner\",\"image\":{\"@type\":\"ImageObject\",\"inLanguage\":\"en-US\",\"@id\":\"https:\\\/\\\/secure.gravatar.com\\\/avatar\\\/ac5001d2a36cb6c6cd3e50789007ffca834b477b74a2144564522e944eabff61?s=96&d=mm&r=g\",\"url\":\"https:\\\/\\\/secure.gravatar.com\\\/avatar\\\/ac5001d2a36cb6c6cd3e50789007ffca834b477b74a2144564522e944eabff61?s=96&d=mm&r=g\",\"contentUrl\":\"https:\\\/\\\/secure.gravatar.com\\\/avatar\\\/ac5001d2a36cb6c6cd3e50789007ffca834b477b74a2144564522e944eabff61?s=96&d=mm&r=g\",\"caption\":\"thomas.berner\"},\"url\":\"https:\\\/\\\/www.organisator.ch\\\/en\\\/author\\\/thomas-berner\\\/\"}]}<\/script>\n<!-- \/ Yoast SEO plugin. -->","yoast_head_json":{"title":"Insolvencies in Switzerland stabilize after record year in 2022 - Organizer","description":"After an absolute record last year of +33 % insolvencies in Switzerland, these will only increase by +4 % in 2023.","robots":{"index":"index","follow":"follow","max-snippet":"max-snippet:-1","max-image-preview":"max-image-preview:large","max-video-preview":"max-video-preview:-1"},"canonical":"https:\/\/www.organisator.ch\/en\/management\/finanzen_recht\/2023-04-26\/insolvenzen-in-der-schweiz-stabilisieren-sich-nach-rekordjahr-2022\/","og_locale":"en_US","og_type":"article","og_title":"Insolvenzen in der Schweiz stabilisieren sich nach Rekordjahr 2022","og_description":"Nach einem absoluten Rekord im vergangenen Jahr von +33 % Insolvenzen in der Schweiz, werden diese 2023 nur noch um +4 % steigen.","og_url":"https:\/\/www.organisator.ch\/en\/management\/finanzen_recht\/2023-04-26\/insolvenzen-in-der-schweiz-stabilisieren-sich-nach-rekordjahr-2022\/","og_site_name":"Organisator","article_publisher":"https:\/\/www.facebook.com\/OrganisatorFachmagazin","article_published_time":"2023-04-26T06:49:02+00:00","og_image":[{"width":680,"height":417,"url":"https:\/\/www.organisator.ch\/wp-content\/uploads\/2023\/04\/Insolvenzen-in-der-Schweiz-stabilisieren-sich-nach-Rekordjahr-2022_Organisator.jpg","type":"image\/jpeg"}],"author":"thomas.berner","twitter_card":"summary_large_image","twitter_title":"#Insolvenzen in der Schweiz stabilisieren sich nach #Rekordjahr 2022","twitter_description":"Nach einem absoluten #Rekord im vergangenen Jahr von +33 % #Insolvenzen in der Schweiz, werden diese 2023 nur noch um +4 % steigen.","twitter_image":"https:\/\/www.organisator.ch\/wp-content\/uploads\/2023\/04\/Insolvenzen-in-der-Schweiz-stabilisieren-sich-nach-Rekordjahr-2022_Organisator.jpg","schema":{"@context":"https:\/\/schema.org","@graph":[{"@type":"Article","@id":"https:\/\/www.organisator.ch\/management\/finanzen_recht\/2023-04-26\/insolvenzen-in-der-schweiz-stabilisieren-sich-nach-rekordjahr-2022\/#article","isPartOf":{"@id":"https:\/\/www.organisator.ch\/management\/finanzen_recht\/2023-04-26\/insolvenzen-in-der-schweiz-stabilisieren-sich-nach-rekordjahr-2022\/"},"author":{"name":"thomas.berner","@id":"https:\/\/www.organisator.ch\/#\/schema\/person\/6f650f90b2842cd4c0cc334b4e36f67e"},"headline":"Insolvenzen in der Schweiz stabilisieren sich nach Rekordjahr 2022","datePublished":"2023-04-26T06:49:02+00:00","mainEntityOfPage":{"@id":"https:\/\/www.organisator.ch\/management\/finanzen_recht\/2023-04-26\/insolvenzen-in-der-schweiz-stabilisieren-sich-nach-rekordjahr-2022\/"},"wordCount":460,"publisher":{"@id":"https:\/\/www.organisator.ch\/#organization"},"image":{"@id":"https:\/\/www.organisator.ch\/management\/finanzen_recht\/2023-04-26\/insolvenzen-in-der-schweiz-stabilisieren-sich-nach-rekordjahr-2022\/#primaryimage"},"thumbnailUrl":"https:\/\/www.organisator.ch\/wp-content\/uploads\/2023\/04\/Insolvenzen-in-der-Schweiz-stabilisieren-sich-nach-Rekordjahr-2022_Organisator.jpg","keywords":["Finanzen\/Recht","Insolvenzen","Management und Unternehmensf\u00fchrung"],"articleSection":["FINANZEN\/RECHT"],"inLanguage":"en-US"},{"@type":"WebPage","@id":"https:\/\/www.organisator.ch\/management\/finanzen_recht\/2023-04-26\/insolvenzen-in-der-schweiz-stabilisieren-sich-nach-rekordjahr-2022\/","url":"https:\/\/www.organisator.ch\/management\/finanzen_recht\/2023-04-26\/insolvenzen-in-der-schweiz-stabilisieren-sich-nach-rekordjahr-2022\/","name":"Insolvencies in Switzerland stabilize after record year in 2022 - Organizer","isPartOf":{"@id":"https:\/\/www.organisator.ch\/#website"},"primaryImageOfPage":{"@id":"https:\/\/www.organisator.ch\/management\/finanzen_recht\/2023-04-26\/insolvenzen-in-der-schweiz-stabilisieren-sich-nach-rekordjahr-2022\/#primaryimage"},"image":{"@id":"https:\/\/www.organisator.ch\/management\/finanzen_recht\/2023-04-26\/insolvenzen-in-der-schweiz-stabilisieren-sich-nach-rekordjahr-2022\/#primaryimage"},"thumbnailUrl":"https:\/\/www.organisator.ch\/wp-content\/uploads\/2023\/04\/Insolvenzen-in-der-Schweiz-stabilisieren-sich-nach-Rekordjahr-2022_Organisator.jpg","datePublished":"2023-04-26T06:49:02+00:00","description":"After an absolute record last year of +33 % insolvencies in Switzerland, these will only increase by +4 % in 2023.","breadcrumb":{"@id":"https:\/\/www.organisator.ch\/management\/finanzen_recht\/2023-04-26\/insolvenzen-in-der-schweiz-stabilisieren-sich-nach-rekordjahr-2022\/#breadcrumb"},"inLanguage":"en-US","potentialAction":[{"@type":"ReadAction","target":["https:\/\/www.organisator.ch\/management\/finanzen_recht\/2023-04-26\/insolvenzen-in-der-schweiz-stabilisieren-sich-nach-rekordjahr-2022\/"]}]},{"@type":"ImageObject","inLanguage":"en-US","@id":"https:\/\/www.organisator.ch\/management\/finanzen_recht\/2023-04-26\/insolvenzen-in-der-schweiz-stabilisieren-sich-nach-rekordjahr-2022\/#primaryimage","url":"https:\/\/www.organisator.ch\/wp-content\/uploads\/2023\/04\/Insolvenzen-in-der-Schweiz-stabilisieren-sich-nach-Rekordjahr-2022_Organisator.jpg","contentUrl":"https:\/\/www.organisator.ch\/wp-content\/uploads\/2023\/04\/Insolvenzen-in-der-Schweiz-stabilisieren-sich-nach-Rekordjahr-2022_Organisator.jpg","width":680,"height":417,"caption":"Die Insolvenzen werden 2023 weltweit um +21 % ansteigen. In der Schweiz wird mit einer Zunahme von 4 % gerechnet. (Bild: Unsplash.com)"},{"@type":"BreadcrumbList","@id":"https:\/\/www.organisator.ch\/management\/finanzen_recht\/2023-04-26\/insolvenzen-in-der-schweiz-stabilisieren-sich-nach-rekordjahr-2022\/#breadcrumb","itemListElement":[{"@type":"ListItem","position":1,"name":"Home","item":"https:\/\/www.organisator.ch\/"},{"@type":"ListItem","position":2,"name":"Insolvenzen in der Schweiz stabilisieren sich nach Rekordjahr 2022"}]},{"@type":"WebSite","@id":"https:\/\/www.organisator.ch\/#website","url":"https:\/\/www.organisator.ch\/","name":"Organizer","description":"Competent. Practical. In 10 issues per year, ORGANISATOR presents the essential topics for managers of SMEs.","publisher":{"@id":"https:\/\/www.organisator.ch\/#organization"},"potentialAction":[{"@type":"SearchAction","target":{"@type":"EntryPoint","urlTemplate":"https:\/\/www.organisator.ch\/?s={search_term_string}"},"query-input":{"@type":"PropertyValueSpecification","valueRequired":true,"valueName":"search_term_string"}}],"inLanguage":"en-US"},{"@type":"Organization","@id":"https:\/\/www.organisator.ch\/#organization","name":"Organizer","url":"https:\/\/www.organisator.ch\/","logo":{"@type":"ImageObject","inLanguage":"en-US","@id":"https:\/\/www.organisator.ch\/#\/schema\/logo\/image\/","url":"https:\/\/www.organisator.ch\/wp-content\/uploads\/2022\/01\/Logo_Organisator_Website.png","contentUrl":"https:\/\/www.organisator.ch\/wp-content\/uploads\/2022\/01\/Logo_Organisator_Website.png","width":800,"height":77,"caption":"Organisator"},"image":{"@id":"https:\/\/www.organisator.ch\/#\/schema\/logo\/image\/"},"sameAs":["https:\/\/www.facebook.com\/OrganisatorFachmagazin","https:\/\/www.linkedin.com\/showcase\/organisator-das-magazin-fr-kmu","https:\/\/www.xing.com\/news\/pages\/organisator-ch-695","https:\/\/www.youtube.com\/channel\/UCGP2Sq0iWaZwT3BdIAQFYpw"]},{"@type":"Person","@id":"https:\/\/www.organisator.ch\/#\/schema\/person\/6f650f90b2842cd4c0cc334b4e36f67e","name":"thomas.berner","image":{"@type":"ImageObject","inLanguage":"en-US","@id":"https:\/\/secure.gravatar.com\/avatar\/ac5001d2a36cb6c6cd3e50789007ffca834b477b74a2144564522e944eabff61?s=96&d=mm&r=g","url":"https:\/\/secure.gravatar.com\/avatar\/ac5001d2a36cb6c6cd3e50789007ffca834b477b74a2144564522e944eabff61?s=96&d=mm&r=g","contentUrl":"https:\/\/secure.gravatar.com\/avatar\/ac5001d2a36cb6c6cd3e50789007ffca834b477b74a2144564522e944eabff61?s=96&d=mm&r=g","caption":"thomas.berner"},"url":"https:\/\/www.organisator.ch\/en\/author\/thomas-berner\/"}]}},"_links":{"self":[{"href":"https:\/\/www.organisator.ch\/en\/wp-json\/wp\/v2\/posts\/19943","targetHints":{"allow":["GET"]}}],"collection":[{"href":"https:\/\/www.organisator.ch\/en\/wp-json\/wp\/v2\/posts"}],"about":[{"href":"https:\/\/www.organisator.ch\/en\/wp-json\/wp\/v2\/types\/post"}],"author":[{"embeddable":true,"href":"https:\/\/www.organisator.ch\/en\/wp-json\/wp\/v2\/users\/4"}],"replies":[{"embeddable":true,"href":"https:\/\/www.organisator.ch\/en\/wp-json\/wp\/v2\/comments?post=19943"}],"version-history":[{"count":1,"href":"https:\/\/www.organisator.ch\/en\/wp-json\/wp\/v2\/posts\/19943\/revisions"}],"predecessor-version":[{"id":19945,"href":"https:\/\/www.organisator.ch\/en\/wp-json\/wp\/v2\/posts\/19943\/revisions\/19945"}],"wp:featuredmedia":[{"embeddable":true,"href":"https:\/\/www.organisator.ch\/en\/wp-json\/wp\/v2\/media\/19944"}],"wp:attachment":[{"href":"https:\/\/www.organisator.ch\/en\/wp-json\/wp\/v2\/media?parent=19943"}],"wp:term":[{"taxonomy":"category","embeddable":true,"href":"https:\/\/www.organisator.ch\/en\/wp-json\/wp\/v2\/categories?post=19943"},{"taxonomy":"post_tag","embeddable":true,"href":"https:\/\/www.organisator.ch\/en\/wp-json\/wp\/v2\/tags?post=19943"}],"curies":[{"name":"wp","href":"https:\/\/api.w.org\/{rel}","templated":true}]}}