{"id":19953,"date":"2023-04-26T14:55:06","date_gmt":"2023-04-26T12:55:06","guid":{"rendered":"https:\/\/www.werbewoche.ch\/?p=196745"},"modified":"2024-11-16T14:35:44","modified_gmt":"2024-11-16T13:35:44","slug":"planted-jetzt-kommt-die-vegane-bratwurst","status":"publish","type":"post","link":"https:\/\/www.organisator.ch\/en\/marketing\/2023-04-26\/planted-jetzt-kommt-die-vegane-bratwurst\/","title":{"rendered":"Planted: Now comes the vegan bratwurst"},"content":{"rendered":"<p><img class=\"alignnone wp-image-196749 size-full\" src=\"https:\/\/www.werbewoche.ch\/wp-content\/uploads\/2023\/04\/PLanted.jpg\" alt=\"Planted bratwurst\" width=\"1024\" height=\"768\" \/>Planted is expanding its barbecue range with Planted Bratwurst, its first plant-based sausage. It is designed to be a more sustainable and healthier alternative to traditional grilling, the company says. With six natural ingredients, it is the cleanest sausage on the market, it says, and contains 76 percent less saturated fat and 18 percent less salt, but 36 percent more protein than an animal-based bratwurst.<\/p>\r\n<p>An additional fermentation step in the manufacturing process developed by Planted gives the product its flavor. In this way, the start-up is keeping up with the times, as more and more people want to eat more sustainably and reduce their consumption of animal meat.<br \/>\r\nreduce. The wishes of consumers are an important driver for Planted in the development of new products. The sausage is available exclusively at Coop and in the Planted webshop in two flavors for 5.95 Swiss francs RRP (two 90-gram sausages).<\/p>","protected":false},"excerpt":{"rendered":"<p>Just in time for the start of barbecue season, Swiss foodtech startup Planted is launching its first plant-based sausage. It consists of six natural ingredients and saves 71 percent CO2 and 79 percent water, according to Planted.<\/p>","protected":false},"author":8,"featured_media":0,"comment_status":"closed","ping_status":"closed","sticky":false,"template":"","format":"standard","meta":{"_acf_changed":false,"_yoast_wpseo_focuskw":"Planted Bratwurst","_yoast_wpseo_metadesc":"Planted Bratwurst: Pflanzliche Alternative mit weniger Fett und Salz, aber mehr Proteinen. Jetzt exklusiv bei Coop erh\u00e4ltlich.","articlekey":"","footnotes":""},"categories":[29],"tags":[3742,3743],"class_list":["post-19953","post","type-post","status-publish","format-standard","hentry","category-marketing","tag-grill","tag-planted"],"acf":[],"yoast_head":"<!-- This site is optimized with the Yoast SEO plugin v27.5 - https:\/\/yoast.com\/product\/yoast-seo-wordpress\/ -->\n<title>Planted: Jetzt kommt die vegane Bratwurst - Organisator<\/title>\n<meta name=\"description\" content=\"Planted Bratwurst: Pflanzliche Alternative mit weniger Fett und Salz, aber mehr Proteinen. Jetzt exklusiv bei Coop erh\u00e4ltlich.\" \/>\n<meta name=\"robots\" content=\"index, follow, max-snippet:-1, max-image-preview:large, max-video-preview:-1\" \/>\n<link rel=\"canonical\" href=\"https:\/\/www.organisator.ch\/en\/marketing\/2023-04-26\/planted-jetzt-kommt-die-vegane-bratwurst\/\" \/>\n<meta property=\"og:locale\" content=\"en_US\" \/>\n<meta property=\"og:type\" content=\"article\" \/>\n<meta property=\"og:title\" content=\"Planted: Jetzt kommt die vegane Bratwurst - Organisator\" \/>\n<meta property=\"og:description\" content=\"Planted Bratwurst: Pflanzliche Alternative mit weniger Fett und Salz, aber mehr Proteinen. Jetzt exklusiv bei Coop erh\u00e4ltlich.\" \/>\n<meta property=\"og:url\" content=\"https:\/\/www.organisator.ch\/en\/marketing\/2023-04-26\/planted-jetzt-kommt-die-vegane-bratwurst\/\" \/>\n<meta property=\"og:site_name\" content=\"Organisator\" \/>\n<meta property=\"article:publisher\" content=\"https:\/\/www.facebook.com\/OrganisatorFachmagazin\" \/>\n<meta property=\"article:published_time\" content=\"2023-04-26T12:55:06+00:00\" \/>\n<meta property=\"article:modified_time\" content=\"2024-11-16T13:35:44+00:00\" \/>\n<meta name=\"author\" content=\"galledia\" \/>\n<meta name=\"twitter:card\" content=\"summary_large_image\" \/>\n<meta name=\"twitter:creator\" content=\"@admin\" \/>\n<script type=\"application\/ld+json\" class=\"yoast-schema-graph\">{\"@context\":\"https:\\\/\\\/schema.org\",\"@graph\":[{\"@type\":\"Article\",\"@id\":\"https:\\\/\\\/www.organisator.ch\\\/marketing\\\/2023-04-26\\\/planted-jetzt-kommt-die-vegane-bratwurst\\\/#article\",\"isPartOf\":{\"@id\":\"https:\\\/\\\/www.organisator.ch\\\/marketing\\\/2023-04-26\\\/planted-jetzt-kommt-die-vegane-bratwurst\\\/\"},\"author\":{\"name\":\"galledia\",\"@id\":\"https:\\\/\\\/www.organisator.ch\\\/#\\\/schema\\\/person\\\/4e51799071cd2dd1232ac003643ef5f0\"},\"headline\":\"Planted: Jetzt kommt die vegane Bratwurst\",\"datePublished\":\"2023-04-26T12:55:06+00:00\",\"dateModified\":\"2024-11-16T13:35:44+00:00\",\"mainEntityOfPage\":{\"@id\":\"https:\\\/\\\/www.organisator.ch\\\/marketing\\\/2023-04-26\\\/planted-jetzt-kommt-die-vegane-bratwurst\\\/\"},\"wordCount\":150,\"publisher\":{\"@id\":\"https:\\\/\\\/www.organisator.ch\\\/#organization\"},\"image\":{\"@id\":\"https:\\\/\\\/www.organisator.ch\\\/marketing\\\/2023-04-26\\\/planted-jetzt-kommt-die-vegane-bratwurst\\\/#primaryimage\"},\"thumbnailUrl\":\"https:\\\/\\\/www.werbewoche.ch\\\/wp-content\\\/uploads\\\/2023\\\/04\\\/PLanted.jpg\",\"keywords\":[\"Grill\",\"Planted\"],\"articleSection\":[\"MARKETING\"],\"inLanguage\":\"en-US\"},{\"@type\":\"WebPage\",\"@id\":\"https:\\\/\\\/www.organisator.ch\\\/marketing\\\/2023-04-26\\\/planted-jetzt-kommt-die-vegane-bratwurst\\\/\",\"url\":\"https:\\\/\\\/www.organisator.ch\\\/marketing\\\/2023-04-26\\\/planted-jetzt-kommt-die-vegane-bratwurst\\\/\",\"name\":\"Planted: Jetzt kommt die vegane Bratwurst - Organisator\",\"isPartOf\":{\"@id\":\"https:\\\/\\\/www.organisator.ch\\\/#website\"},\"primaryImageOfPage\":{\"@id\":\"https:\\\/\\\/www.organisator.ch\\\/marketing\\\/2023-04-26\\\/planted-jetzt-kommt-die-vegane-bratwurst\\\/#primaryimage\"},\"image\":{\"@id\":\"https:\\\/\\\/www.organisator.ch\\\/marketing\\\/2023-04-26\\\/planted-jetzt-kommt-die-vegane-bratwurst\\\/#primaryimage\"},\"thumbnailUrl\":\"https:\\\/\\\/www.werbewoche.ch\\\/wp-content\\\/uploads\\\/2023\\\/04\\\/PLanted.jpg\",\"datePublished\":\"2023-04-26T12:55:06+00:00\",\"dateModified\":\"2024-11-16T13:35:44+00:00\",\"description\":\"Planted Bratwurst: Pflanzliche Alternative mit weniger Fett und Salz, aber mehr Proteinen. Jetzt exklusiv bei Coop erh\u00e4ltlich.\",\"breadcrumb\":{\"@id\":\"https:\\\/\\\/www.organisator.ch\\\/marketing\\\/2023-04-26\\\/planted-jetzt-kommt-die-vegane-bratwurst\\\/#breadcrumb\"},\"inLanguage\":\"en-US\",\"potentialAction\":[{\"@type\":\"ReadAction\",\"target\":[\"https:\\\/\\\/www.organisator.ch\\\/marketing\\\/2023-04-26\\\/planted-jetzt-kommt-die-vegane-bratwurst\\\/\"]}]},{\"@type\":\"ImageObject\",\"inLanguage\":\"en-US\",\"@id\":\"https:\\\/\\\/www.organisator.ch\\\/marketing\\\/2023-04-26\\\/planted-jetzt-kommt-die-vegane-bratwurst\\\/#primaryimage\",\"url\":\"https:\\\/\\\/www.werbewoche.ch\\\/wp-content\\\/uploads\\\/2023\\\/04\\\/PLanted.jpg\",\"contentUrl\":\"https:\\\/\\\/www.werbewoche.ch\\\/wp-content\\\/uploads\\\/2023\\\/04\\\/PLanted.jpg\"},{\"@type\":\"BreadcrumbList\",\"@id\":\"https:\\\/\\\/www.organisator.ch\\\/marketing\\\/2023-04-26\\\/planted-jetzt-kommt-die-vegane-bratwurst\\\/#breadcrumb\",\"itemListElement\":[{\"@type\":\"ListItem\",\"position\":1,\"name\":\"Home\",\"item\":\"https:\\\/\\\/www.organisator.ch\\\/\"},{\"@type\":\"ListItem\",\"position\":2,\"name\":\"Planted: Jetzt kommt die vegane Bratwurst\"}]},{\"@type\":\"WebSite\",\"@id\":\"https:\\\/\\\/www.organisator.ch\\\/#website\",\"url\":\"https:\\\/\\\/www.organisator.ch\\\/\",\"name\":\"Organisator\",\"description\":\"Kompetent. Praxisnah. Der ORGANISATOR bereitet in 10 Ausgaben pro Jahr die wesentlichen Themen f\u00fcr F\u00fchrungskr\u00e4fte von KMU auf.\",\"publisher\":{\"@id\":\"https:\\\/\\\/www.organisator.ch\\\/#organization\"},\"potentialAction\":[{\"@type\":\"SearchAction\",\"target\":{\"@type\":\"EntryPoint\",\"urlTemplate\":\"https:\\\/\\\/www.organisator.ch\\\/?s={search_term_string}\"},\"query-input\":{\"@type\":\"PropertyValueSpecification\",\"valueRequired\":true,\"valueName\":\"search_term_string\"}}],\"inLanguage\":\"en-US\"},{\"@type\":\"Organization\",\"@id\":\"https:\\\/\\\/www.organisator.ch\\\/#organization\",\"name\":\"Organisator\",\"url\":\"https:\\\/\\\/www.organisator.ch\\\/\",\"logo\":{\"@type\":\"ImageObject\",\"inLanguage\":\"en-US\",\"@id\":\"https:\\\/\\\/www.organisator.ch\\\/#\\\/schema\\\/logo\\\/image\\\/\",\"url\":\"https:\\\/\\\/www.organisator.ch\\\/wp-content\\\/uploads\\\/2022\\\/01\\\/Logo_Organisator_Website.png\",\"contentUrl\":\"https:\\\/\\\/www.organisator.ch\\\/wp-content\\\/uploads\\\/2022\\\/01\\\/Logo_Organisator_Website.png\",\"width\":800,\"height\":77,\"caption\":\"Organisator\"},\"image\":{\"@id\":\"https:\\\/\\\/www.organisator.ch\\\/#\\\/schema\\\/logo\\\/image\\\/\"},\"sameAs\":[\"https:\\\/\\\/www.facebook.com\\\/OrganisatorFachmagazin\",\"https:\\\/\\\/www.linkedin.com\\\/showcase\\\/organisator-das-magazin-fr-kmu\",\"https:\\\/\\\/www.xing.com\\\/news\\\/pages\\\/organisator-ch-695\",\"https:\\\/\\\/www.youtube.com\\\/channel\\\/UCGP2Sq0iWaZwT3BdIAQFYpw\"]},{\"@type\":\"Person\",\"@id\":\"https:\\\/\\\/www.organisator.ch\\\/#\\\/schema\\\/person\\\/4e51799071cd2dd1232ac003643ef5f0\",\"name\":\"galledia\",\"image\":{\"@type\":\"ImageObject\",\"inLanguage\":\"en-US\",\"@id\":\"https:\\\/\\\/secure.gravatar.com\\\/avatar\\\/78a7f90c01fc2bfc875782a0d4922b37cde2cf184ce347b91316d23cd7f69a36?s=96&d=mm&r=g\",\"url\":\"https:\\\/\\\/secure.gravatar.com\\\/avatar\\\/78a7f90c01fc2bfc875782a0d4922b37cde2cf184ce347b91316d23cd7f69a36?s=96&d=mm&r=g\",\"contentUrl\":\"https:\\\/\\\/secure.gravatar.com\\\/avatar\\\/78a7f90c01fc2bfc875782a0d4922b37cde2cf184ce347b91316d23cd7f69a36?s=96&d=mm&r=g\",\"caption\":\"galledia\"},\"sameAs\":[\"https:\\\/\\\/x.com\\\/admin\"],\"url\":\"https:\\\/\\\/www.organisator.ch\\\/en\\\/author\\\/galledia\\\/\"}]}<\/script>\n<!-- \/ Yoast SEO plugin. -->","yoast_head_json":{"title":"Planted: Now comes the vegan bratwurst - organizer","description":"Planted Bratwurst: plant-based alternative with less fat and salt, but more protein. Now available exclusively from Coop.","robots":{"index":"index","follow":"follow","max-snippet":"max-snippet:-1","max-image-preview":"max-image-preview:large","max-video-preview":"max-video-preview:-1"},"canonical":"https:\/\/www.organisator.ch\/en\/marketing\/2023-04-26\/planted-jetzt-kommt-die-vegane-bratwurst\/","og_locale":"en_US","og_type":"article","og_title":"Planted: Jetzt kommt die vegane Bratwurst - Organisator","og_description":"Planted Bratwurst: Pflanzliche Alternative mit weniger Fett und Salz, aber mehr Proteinen. Jetzt exklusiv bei Coop erh\u00e4ltlich.","og_url":"https:\/\/www.organisator.ch\/en\/marketing\/2023-04-26\/planted-jetzt-kommt-die-vegane-bratwurst\/","og_site_name":"Organisator","article_publisher":"https:\/\/www.facebook.com\/OrganisatorFachmagazin","article_published_time":"2023-04-26T12:55:06+00:00","article_modified_time":"2024-11-16T13:35:44+00:00","author":"galledia","twitter_card":"summary_large_image","twitter_creator":"@admin","schema":{"@context":"https:\/\/schema.org","@graph":[{"@type":"Article","@id":"https:\/\/www.organisator.ch\/marketing\/2023-04-26\/planted-jetzt-kommt-die-vegane-bratwurst\/#article","isPartOf":{"@id":"https:\/\/www.organisator.ch\/marketing\/2023-04-26\/planted-jetzt-kommt-die-vegane-bratwurst\/"},"author":{"name":"galledia","@id":"https:\/\/www.organisator.ch\/#\/schema\/person\/4e51799071cd2dd1232ac003643ef5f0"},"headline":"Planted: Jetzt kommt die vegane Bratwurst","datePublished":"2023-04-26T12:55:06+00:00","dateModified":"2024-11-16T13:35:44+00:00","mainEntityOfPage":{"@id":"https:\/\/www.organisator.ch\/marketing\/2023-04-26\/planted-jetzt-kommt-die-vegane-bratwurst\/"},"wordCount":150,"publisher":{"@id":"https:\/\/www.organisator.ch\/#organization"},"image":{"@id":"https:\/\/www.organisator.ch\/marketing\/2023-04-26\/planted-jetzt-kommt-die-vegane-bratwurst\/#primaryimage"},"thumbnailUrl":"https:\/\/www.werbewoche.ch\/wp-content\/uploads\/2023\/04\/PLanted.jpg","keywords":["Grill","Planted"],"articleSection":["MARKETING"],"inLanguage":"en-US"},{"@type":"WebPage","@id":"https:\/\/www.organisator.ch\/marketing\/2023-04-26\/planted-jetzt-kommt-die-vegane-bratwurst\/","url":"https:\/\/www.organisator.ch\/marketing\/2023-04-26\/planted-jetzt-kommt-die-vegane-bratwurst\/","name":"Planted: Now comes the vegan bratwurst - organizer","isPartOf":{"@id":"https:\/\/www.organisator.ch\/#website"},"primaryImageOfPage":{"@id":"https:\/\/www.organisator.ch\/marketing\/2023-04-26\/planted-jetzt-kommt-die-vegane-bratwurst\/#primaryimage"},"image":{"@id":"https:\/\/www.organisator.ch\/marketing\/2023-04-26\/planted-jetzt-kommt-die-vegane-bratwurst\/#primaryimage"},"thumbnailUrl":"https:\/\/www.werbewoche.ch\/wp-content\/uploads\/2023\/04\/PLanted.jpg","datePublished":"2023-04-26T12:55:06+00:00","dateModified":"2024-11-16T13:35:44+00:00","description":"Planted Bratwurst: plant-based alternative with less fat and salt, but more protein. Now available exclusively from Coop.","breadcrumb":{"@id":"https:\/\/www.organisator.ch\/marketing\/2023-04-26\/planted-jetzt-kommt-die-vegane-bratwurst\/#breadcrumb"},"inLanguage":"en-US","potentialAction":[{"@type":"ReadAction","target":["https:\/\/www.organisator.ch\/marketing\/2023-04-26\/planted-jetzt-kommt-die-vegane-bratwurst\/"]}]},{"@type":"ImageObject","inLanguage":"en-US","@id":"https:\/\/www.organisator.ch\/marketing\/2023-04-26\/planted-jetzt-kommt-die-vegane-bratwurst\/#primaryimage","url":"https:\/\/www.werbewoche.ch\/wp-content\/uploads\/2023\/04\/PLanted.jpg","contentUrl":"https:\/\/www.werbewoche.ch\/wp-content\/uploads\/2023\/04\/PLanted.jpg"},{"@type":"BreadcrumbList","@id":"https:\/\/www.organisator.ch\/marketing\/2023-04-26\/planted-jetzt-kommt-die-vegane-bratwurst\/#breadcrumb","itemListElement":[{"@type":"ListItem","position":1,"name":"Home","item":"https:\/\/www.organisator.ch\/"},{"@type":"ListItem","position":2,"name":"Planted: Jetzt kommt die vegane Bratwurst"}]},{"@type":"WebSite","@id":"https:\/\/www.organisator.ch\/#website","url":"https:\/\/www.organisator.ch\/","name":"Organizer","description":"Competent. Practical. In 10 issues per year, ORGANISATOR presents the essential topics for managers of SMEs.","publisher":{"@id":"https:\/\/www.organisator.ch\/#organization"},"potentialAction":[{"@type":"SearchAction","target":{"@type":"EntryPoint","urlTemplate":"https:\/\/www.organisator.ch\/?s={search_term_string}"},"query-input":{"@type":"PropertyValueSpecification","valueRequired":true,"valueName":"search_term_string"}}],"inLanguage":"en-US"},{"@type":"Organization","@id":"https:\/\/www.organisator.ch\/#organization","name":"Organizer","url":"https:\/\/www.organisator.ch\/","logo":{"@type":"ImageObject","inLanguage":"en-US","@id":"https:\/\/www.organisator.ch\/#\/schema\/logo\/image\/","url":"https:\/\/www.organisator.ch\/wp-content\/uploads\/2022\/01\/Logo_Organisator_Website.png","contentUrl":"https:\/\/www.organisator.ch\/wp-content\/uploads\/2022\/01\/Logo_Organisator_Website.png","width":800,"height":77,"caption":"Organisator"},"image":{"@id":"https:\/\/www.organisator.ch\/#\/schema\/logo\/image\/"},"sameAs":["https:\/\/www.facebook.com\/OrganisatorFachmagazin","https:\/\/www.linkedin.com\/showcase\/organisator-das-magazin-fr-kmu","https:\/\/www.xing.com\/news\/pages\/organisator-ch-695","https:\/\/www.youtube.com\/channel\/UCGP2Sq0iWaZwT3BdIAQFYpw"]},{"@type":"Person","@id":"https:\/\/www.organisator.ch\/#\/schema\/person\/4e51799071cd2dd1232ac003643ef5f0","name":"galledia","image":{"@type":"ImageObject","inLanguage":"en-US","@id":"https:\/\/secure.gravatar.com\/avatar\/78a7f90c01fc2bfc875782a0d4922b37cde2cf184ce347b91316d23cd7f69a36?s=96&d=mm&r=g","url":"https:\/\/secure.gravatar.com\/avatar\/78a7f90c01fc2bfc875782a0d4922b37cde2cf184ce347b91316d23cd7f69a36?s=96&d=mm&r=g","contentUrl":"https:\/\/secure.gravatar.com\/avatar\/78a7f90c01fc2bfc875782a0d4922b37cde2cf184ce347b91316d23cd7f69a36?s=96&d=mm&r=g","caption":"galledia"},"sameAs":["https:\/\/x.com\/admin"],"url":"https:\/\/www.organisator.ch\/en\/author\/galledia\/"}]}},"_links":{"self":[{"href":"https:\/\/www.organisator.ch\/en\/wp-json\/wp\/v2\/posts\/19953","targetHints":{"allow":["GET"]}}],"collection":[{"href":"https:\/\/www.organisator.ch\/en\/wp-json\/wp\/v2\/posts"}],"about":[{"href":"https:\/\/www.organisator.ch\/en\/wp-json\/wp\/v2\/types\/post"}],"author":[{"embeddable":true,"href":"https:\/\/www.organisator.ch\/en\/wp-json\/wp\/v2\/users\/8"}],"replies":[{"embeddable":true,"href":"https:\/\/www.organisator.ch\/en\/wp-json\/wp\/v2\/comments?post=19953"}],"version-history":[{"count":6,"href":"https:\/\/www.organisator.ch\/en\/wp-json\/wp\/v2\/posts\/19953\/revisions"}],"predecessor-version":[{"id":33201,"href":"https:\/\/www.organisator.ch\/en\/wp-json\/wp\/v2\/posts\/19953\/revisions\/33201"}],"wp:attachment":[{"href":"https:\/\/www.organisator.ch\/en\/wp-json\/wp\/v2\/media?parent=19953"}],"wp:term":[{"taxonomy":"category","embeddable":true,"href":"https:\/\/www.organisator.ch\/en\/wp-json\/wp\/v2\/categories?post=19953"},{"taxonomy":"post_tag","embeddable":true,"href":"https:\/\/www.organisator.ch\/en\/wp-json\/wp\/v2\/tags?post=19953"}],"curies":[{"name":"wp","href":"https:\/\/api.w.org\/{rel}","templated":true}]}}