{"id":2001,"date":"2017-06-06T15:10:19","date_gmt":"2017-06-06T13:10:19","guid":{"rendered":"https:\/\/www.organisator.ch\/?p=2001"},"modified":"2017-06-06T15:10:19","modified_gmt":"2017-06-06T13:10:19","slug":"neuer-praesident-des-verwaltungsrats-bei-funk-insurance-brokers-ag","status":"publish","type":"post","link":"https:\/\/www.organisator.ch\/en\/allgemein\/2017-06-06\/neuer-praesident-des-verwaltungsrats-bei-funk-insurance-brokers-ag\/","title":{"rendered":"New Chairman of the Board of Directors at Funk Insurance Brokers AG"},"content":{"rendered":"<figure id=\"attachment_2002\" aria-describedby=\"caption-attachment-2002\" style=\"width: 640px\" class=\"wp-caption alignnone\"><img loading=\"lazy\" decoding=\"async\" class=\"size-full wp-image-2002\" src=\"https:\/\/www.organisator.ch\/wp-content\/uploads\/2017\/06\/Neuer-Praesident-des-Verwaltungsrats-bei-Funk-Insurance-Brokers-AG_Organisator.jpg\" alt=\"\" width=\"640\" height=\"354\" srcset=\"https:\/\/www.organisator.ch\/wp-content\/uploads\/2017\/06\/Neuer-Praesident-des-Verwaltungsrats-bei-Funk-Insurance-Brokers-AG_Organisator.jpg 640w, https:\/\/www.organisator.ch\/wp-content\/uploads\/2017\/06\/Neuer-Praesident-des-Verwaltungsrats-bei-Funk-Insurance-Brokers-AG_Organisator-16x9.jpg 16w, https:\/\/www.organisator.ch\/wp-content\/uploads\/2017\/06\/Neuer-Praesident-des-Verwaltungsrats-bei-Funk-Insurance-Brokers-AG_Organisator-316x175.jpg 316w, https:\/\/www.organisator.ch\/wp-content\/uploads\/2017\/06\/Neuer-Praesident-des-Verwaltungsrats-bei-Funk-Insurance-Brokers-AG_Organisator-633x350.jpg 633w, https:\/\/www.organisator.ch\/wp-content\/uploads\/2017\/06\/Neuer-Praesident-des-Verwaltungsrats-bei-Funk-Insurance-Brokers-AG_Organisator-300x166.jpg 300w\" sizes=\"auto, (max-width: 640px) 100vw, 640px\" \/><figcaption id=\"caption-attachment-2002\" class=\"wp-caption-text\">Urs A. Bleisch (right) replaces Christoph Meier as Chairman of the Board of Funk Insurance Brokers AG. (Image: zVg \/ red.)<\/figcaption><\/figure>\n<p align=\"LEFT\">The Board of Directors of the Funk Group has appointed Urs A. Bleisch as its new Chairman. He replaces Christoph Meier, who successfully led this body for around seven years. Urs A. Bleisch has been a member of the Board of Directors since 2008 and will continue to manage the operational business as CEO. In 1990, Christoph Meier laid the foundation for a leading company in the areas of risk management, pension and insurance consulting with the former Meier und Partner. With great passion on the client front, he quickly succeeded in winning well-known national and international clients. Funk can still count numerous clients from the founding years among its business partners. Christoph Meier will remain associated with the company as Honorary President. In the future, however, he will devote himself even more intensively to his charitable projects.<\/p>\n<p><a href=\"http:\/\/www.funk-gruppe.ch\"><em>www.funk-gruppe.ch<\/em><\/a><\/p>\n<p>&nbsp;<\/p>","protected":false},"excerpt":{"rendered":"<p>Der Verwaltungsrat der Funk Gruppe hat Urs A. Bleisch zu seinem\u00a0neuen Pr\u00e4sidenten ernannt. Er l\u00f6st damit Christoph Meier ab, welcher dieses Gremium w\u00e4hrend rund sieben Jahren erfolgreich geleitet hat. Urs A. Bleisch geh\u00f6rt dem Verwaltungsrat seit 2008 an und wird weiterhin als CEO auch das operative Gesch\u00e4ft leiten. Christoph Meier legte im Jahre 1990 mit [&hellip;]<\/p>\n","protected":false},"author":4,"featured_media":2002,"comment_status":"open","ping_status":"open","sticky":false,"template":"","format":"standard","meta":{"_acf_changed":false,"_yoast_wpseo_focuskw":"Funk Insurance Brokers","_yoast_wpseo_metadesc":"Wechsel im Verwaltungsrats-Pr\u00e4sidium der Funk Insurance Brokers AG: Urs A. Bleisch folgt auf Christoph Meier, der nach sieben Jahren zur\u00fccktritt.","articlekey":"","footnotes":""},"categories":[1],"tags":[381,492,508],"class_list":["post-2001","post","type-post","status-publish","format-standard","has-post-thumbnail","hentry","category-allgemein","tag-personalia","tag-unternehmen","tag-vermischtes"],"acf":[],"yoast_head":"<!-- This site is optimized with the Yoast SEO plugin v27.5 - https:\/\/yoast.com\/product\/yoast-seo-wordpress\/ -->\n<title>Neuer Pr\u00e4sident des Verwaltungsrats bei Funk Insurance Brokers AG - Organisator<\/title>\n<meta name=\"description\" content=\"Wechsel im Verwaltungsrats-Pr\u00e4sidium der Funk Insurance Brokers AG: Urs A. Bleisch folgt auf Christoph Meier, der nach sieben Jahren zur\u00fccktritt.\" \/>\n<meta name=\"robots\" content=\"index, follow, max-snippet:-1, max-image-preview:large, max-video-preview:-1\" \/>\n<link rel=\"canonical\" href=\"https:\/\/www.organisator.ch\/en\/general\/2017-06-06\/neuer-praesident-des-verwaltungsrats-bei-funk-insurance-brokers-ag\/\" \/>\n<meta property=\"og:locale\" content=\"en_US\" \/>\n<meta property=\"og:type\" content=\"article\" \/>\n<meta property=\"og:title\" content=\"Neuer Pr\u00e4sident des Verwaltungsrats bei Funk Insurance Brokers AG\" \/>\n<meta property=\"og:description\" content=\"Wechsel im Verwaltungsrats-Pr\u00e4sidium der #Funk Insurance Brokers AG: Urs A. Bleisch folgt auf Christoph Meier, der nach sieben erfolgreichen Jahren zur\u00fccktritt.\" \/>\n<meta property=\"og:url\" content=\"https:\/\/www.organisator.ch\/en\/general\/2017-06-06\/neuer-praesident-des-verwaltungsrats-bei-funk-insurance-brokers-ag\/\" \/>\n<meta property=\"og:site_name\" content=\"Organisator\" \/>\n<meta property=\"article:publisher\" content=\"https:\/\/www.facebook.com\/OrganisatorFachmagazin\" \/>\n<meta property=\"article:published_time\" content=\"2017-06-06T13:10:19+00:00\" \/>\n<meta property=\"og:image\" content=\"https:\/\/www.organisator.ch\/wp-content\/uploads\/2017\/06\/Neuer-Praesident-des-Verwaltungsrats-bei-Funk-Insurance-Brokers-AG_Organisator.jpg\" \/>\n\t<meta property=\"og:image:width\" content=\"640\" \/>\n\t<meta property=\"og:image:height\" content=\"354\" \/>\n\t<meta property=\"og:image:type\" content=\"image\/jpeg\" \/>\n<meta name=\"author\" content=\"thomas.berner\" \/>\n<meta name=\"twitter:card\" content=\"summary_large_image\" \/>\n<meta name=\"twitter:title\" content=\"Neuer #Pr\u00e4sident des Verwaltungsrats bei #FunkInsuranceBrokers AG\" \/>\n<meta name=\"twitter:description\" content=\"Wechsel im #Verwaltungsrats-Pr\u00e4sidium der #Funk Insurance Brokers AG: Urs A. Bleisch folgt auf Christoph Meier, der nach sieben erfolgreichen Jahren zur\u00fccktritt.\" \/>\n<meta name=\"twitter:image\" content=\"https:\/\/www.organisator.ch\/wp-content\/uploads\/2017\/06\/Neuer-Praesident-des-Verwaltungsrats-bei-Funk-Insurance-Brokers-AG_Organisator.jpg\" \/>\n<script type=\"application\/ld+json\" class=\"yoast-schema-graph\">{\"@context\":\"https:\\\/\\\/schema.org\",\"@graph\":[{\"@type\":\"Article\",\"@id\":\"https:\\\/\\\/www.organisator.ch\\\/de\\\/allgemein\\\/2017-06-06\\\/neuer-praesident-des-verwaltungsrats-bei-funk-insurance-brokers-ag\\\/#article\",\"isPartOf\":{\"@id\":\"https:\\\/\\\/www.organisator.ch\\\/de\\\/allgemein\\\/2017-06-06\\\/neuer-praesident-des-verwaltungsrats-bei-funk-insurance-brokers-ag\\\/\"},\"author\":{\"name\":\"thomas.berner\",\"@id\":\"https:\\\/\\\/www.organisator.ch\\\/#\\\/schema\\\/person\\\/6f650f90b2842cd4c0cc334b4e36f67e\"},\"headline\":\"Neuer Pr\u00e4sident des Verwaltungsrats bei Funk Insurance Brokers AG\",\"datePublished\":\"2017-06-06T13:10:19+00:00\",\"mainEntityOfPage\":{\"@id\":\"https:\\\/\\\/www.organisator.ch\\\/de\\\/allgemein\\\/2017-06-06\\\/neuer-praesident-des-verwaltungsrats-bei-funk-insurance-brokers-ag\\\/\"},\"wordCount\":177,\"commentCount\":0,\"publisher\":{\"@id\":\"https:\\\/\\\/www.organisator.ch\\\/#organization\"},\"image\":{\"@id\":\"https:\\\/\\\/www.organisator.ch\\\/de\\\/allgemein\\\/2017-06-06\\\/neuer-praesident-des-verwaltungsrats-bei-funk-insurance-brokers-ag\\\/#primaryimage\"},\"thumbnailUrl\":\"https:\\\/\\\/www.organisator.ch\\\/wp-content\\\/uploads\\\/2017\\\/06\\\/Neuer-Praesident-des-Verwaltungsrats-bei-Funk-Insurance-Brokers-AG_Organisator.jpg\",\"keywords\":[\"Personalia\",\"Unternehmen\",\"Vermischtes\"],\"articleSection\":[\"Allgemein\"],\"inLanguage\":\"en-US\"},{\"@type\":\"WebPage\",\"@id\":\"https:\\\/\\\/www.organisator.ch\\\/de\\\/allgemein\\\/2017-06-06\\\/neuer-praesident-des-verwaltungsrats-bei-funk-insurance-brokers-ag\\\/\",\"url\":\"https:\\\/\\\/www.organisator.ch\\\/de\\\/allgemein\\\/2017-06-06\\\/neuer-praesident-des-verwaltungsrats-bei-funk-insurance-brokers-ag\\\/\",\"name\":\"Neuer Pr\u00e4sident des Verwaltungsrats bei Funk Insurance Brokers AG - Organisator\",\"isPartOf\":{\"@id\":\"https:\\\/\\\/www.organisator.ch\\\/#website\"},\"primaryImageOfPage\":{\"@id\":\"https:\\\/\\\/www.organisator.ch\\\/de\\\/allgemein\\\/2017-06-06\\\/neuer-praesident-des-verwaltungsrats-bei-funk-insurance-brokers-ag\\\/#primaryimage\"},\"image\":{\"@id\":\"https:\\\/\\\/www.organisator.ch\\\/de\\\/allgemein\\\/2017-06-06\\\/neuer-praesident-des-verwaltungsrats-bei-funk-insurance-brokers-ag\\\/#primaryimage\"},\"thumbnailUrl\":\"https:\\\/\\\/www.organisator.ch\\\/wp-content\\\/uploads\\\/2017\\\/06\\\/Neuer-Praesident-des-Verwaltungsrats-bei-Funk-Insurance-Brokers-AG_Organisator.jpg\",\"datePublished\":\"2017-06-06T13:10:19+00:00\",\"description\":\"Wechsel im Verwaltungsrats-Pr\u00e4sidium der Funk Insurance Brokers AG: Urs A. Bleisch folgt auf Christoph Meier, der nach sieben Jahren zur\u00fccktritt.\",\"breadcrumb\":{\"@id\":\"https:\\\/\\\/www.organisator.ch\\\/de\\\/allgemein\\\/2017-06-06\\\/neuer-praesident-des-verwaltungsrats-bei-funk-insurance-brokers-ag\\\/#breadcrumb\"},\"inLanguage\":\"en-US\",\"potentialAction\":[{\"@type\":\"ReadAction\",\"target\":[\"https:\\\/\\\/www.organisator.ch\\\/de\\\/allgemein\\\/2017-06-06\\\/neuer-praesident-des-verwaltungsrats-bei-funk-insurance-brokers-ag\\\/\"]}]},{\"@type\":\"ImageObject\",\"inLanguage\":\"en-US\",\"@id\":\"https:\\\/\\\/www.organisator.ch\\\/de\\\/allgemein\\\/2017-06-06\\\/neuer-praesident-des-verwaltungsrats-bei-funk-insurance-brokers-ag\\\/#primaryimage\",\"url\":\"https:\\\/\\\/www.organisator.ch\\\/wp-content\\\/uploads\\\/2017\\\/06\\\/Neuer-Praesident-des-Verwaltungsrats-bei-Funk-Insurance-Brokers-AG_Organisator.jpg\",\"contentUrl\":\"https:\\\/\\\/www.organisator.ch\\\/wp-content\\\/uploads\\\/2017\\\/06\\\/Neuer-Praesident-des-Verwaltungsrats-bei-Funk-Insurance-Brokers-AG_Organisator.jpg\",\"width\":640,\"height\":354,\"caption\":\"Urs A. Bleisch (rechts) l\u00f6st Christoph Meier als Verwaltungsratspr\u00e4sident der Funk Insurance Brokers AG ab. (Bild: zVg \\\/ red.)\"},{\"@type\":\"BreadcrumbList\",\"@id\":\"https:\\\/\\\/www.organisator.ch\\\/de\\\/allgemein\\\/2017-06-06\\\/neuer-praesident-des-verwaltungsrats-bei-funk-insurance-brokers-ag\\\/#breadcrumb\",\"itemListElement\":[{\"@type\":\"ListItem\",\"position\":1,\"name\":\"Home\",\"item\":\"https:\\\/\\\/www.organisator.ch\\\/\"},{\"@type\":\"ListItem\",\"position\":2,\"name\":\"Neuer Pr\u00e4sident des Verwaltungsrats bei Funk Insurance Brokers AG\"}]},{\"@type\":\"WebSite\",\"@id\":\"https:\\\/\\\/www.organisator.ch\\\/#website\",\"url\":\"https:\\\/\\\/www.organisator.ch\\\/\",\"name\":\"Organisator\",\"description\":\"Kompetent. Praxisnah. Der ORGANISATOR bereitet in 10 Ausgaben pro Jahr die wesentlichen Themen f\u00fcr F\u00fchrungskr\u00e4fte von KMU auf.\",\"publisher\":{\"@id\":\"https:\\\/\\\/www.organisator.ch\\\/#organization\"},\"potentialAction\":[{\"@type\":\"SearchAction\",\"target\":{\"@type\":\"EntryPoint\",\"urlTemplate\":\"https:\\\/\\\/www.organisator.ch\\\/?s={search_term_string}\"},\"query-input\":{\"@type\":\"PropertyValueSpecification\",\"valueRequired\":true,\"valueName\":\"search_term_string\"}}],\"inLanguage\":\"en-US\"},{\"@type\":\"Organization\",\"@id\":\"https:\\\/\\\/www.organisator.ch\\\/#organization\",\"name\":\"Organisator\",\"url\":\"https:\\\/\\\/www.organisator.ch\\\/\",\"logo\":{\"@type\":\"ImageObject\",\"inLanguage\":\"en-US\",\"@id\":\"https:\\\/\\\/www.organisator.ch\\\/#\\\/schema\\\/logo\\\/image\\\/\",\"url\":\"https:\\\/\\\/www.organisator.ch\\\/wp-content\\\/uploads\\\/2022\\\/01\\\/Logo_Organisator_Website.png\",\"contentUrl\":\"https:\\\/\\\/www.organisator.ch\\\/wp-content\\\/uploads\\\/2022\\\/01\\\/Logo_Organisator_Website.png\",\"width\":800,\"height\":77,\"caption\":\"Organisator\"},\"image\":{\"@id\":\"https:\\\/\\\/www.organisator.ch\\\/#\\\/schema\\\/logo\\\/image\\\/\"},\"sameAs\":[\"https:\\\/\\\/www.facebook.com\\\/OrganisatorFachmagazin\",\"https:\\\/\\\/www.linkedin.com\\\/showcase\\\/organisator-das-magazin-fr-kmu\",\"https:\\\/\\\/www.xing.com\\\/news\\\/pages\\\/organisator-ch-695\",\"https:\\\/\\\/www.youtube.com\\\/channel\\\/UCGP2Sq0iWaZwT3BdIAQFYpw\"]},{\"@type\":\"Person\",\"@id\":\"https:\\\/\\\/www.organisator.ch\\\/#\\\/schema\\\/person\\\/6f650f90b2842cd4c0cc334b4e36f67e\",\"name\":\"thomas.berner\",\"image\":{\"@type\":\"ImageObject\",\"inLanguage\":\"en-US\",\"@id\":\"https:\\\/\\\/secure.gravatar.com\\\/avatar\\\/ac5001d2a36cb6c6cd3e50789007ffca834b477b74a2144564522e944eabff61?s=96&d=mm&r=g\",\"url\":\"https:\\\/\\\/secure.gravatar.com\\\/avatar\\\/ac5001d2a36cb6c6cd3e50789007ffca834b477b74a2144564522e944eabff61?s=96&d=mm&r=g\",\"contentUrl\":\"https:\\\/\\\/secure.gravatar.com\\\/avatar\\\/ac5001d2a36cb6c6cd3e50789007ffca834b477b74a2144564522e944eabff61?s=96&d=mm&r=g\",\"caption\":\"thomas.berner\"},\"url\":\"https:\\\/\\\/www.organisator.ch\\\/en\\\/author\\\/thomas-berner\\\/\"}]}<\/script>\n<!-- \/ Yoast SEO plugin. -->","yoast_head_json":{"title":"New President of the Board of Directors at Funk Insurance Brokers AG - Organizer","description":"Change in the Board of Directors of Funk Insurance Brokers AG: Urs A. Bleisch succeeds Christoph Meier, who is stepping down after seven years.","robots":{"index":"index","follow":"follow","max-snippet":"max-snippet:-1","max-image-preview":"max-image-preview:large","max-video-preview":"max-video-preview:-1"},"canonical":"https:\/\/www.organisator.ch\/en\/general\/2017-06-06\/neuer-praesident-des-verwaltungsrats-bei-funk-insurance-brokers-ag\/","og_locale":"en_US","og_type":"article","og_title":"Neuer Pr\u00e4sident des Verwaltungsrats bei Funk Insurance Brokers AG","og_description":"Wechsel im Verwaltungsrats-Pr\u00e4sidium der #Funk Insurance Brokers AG: Urs A. Bleisch folgt auf Christoph Meier, der nach sieben erfolgreichen Jahren zur\u00fccktritt.","og_url":"https:\/\/www.organisator.ch\/en\/general\/2017-06-06\/neuer-praesident-des-verwaltungsrats-bei-funk-insurance-brokers-ag\/","og_site_name":"Organisator","article_publisher":"https:\/\/www.facebook.com\/OrganisatorFachmagazin","article_published_time":"2017-06-06T13:10:19+00:00","og_image":[{"width":640,"height":354,"url":"https:\/\/www.organisator.ch\/wp-content\/uploads\/2017\/06\/Neuer-Praesident-des-Verwaltungsrats-bei-Funk-Insurance-Brokers-AG_Organisator.jpg","type":"image\/jpeg"}],"author":"thomas.berner","twitter_card":"summary_large_image","twitter_title":"Neuer #Pr\u00e4sident des Verwaltungsrats bei #FunkInsuranceBrokers AG","twitter_description":"Wechsel im #Verwaltungsrats-Pr\u00e4sidium der #Funk Insurance Brokers AG: Urs A. Bleisch folgt auf Christoph Meier, der nach sieben erfolgreichen Jahren zur\u00fccktritt.","twitter_image":"https:\/\/www.organisator.ch\/wp-content\/uploads\/2017\/06\/Neuer-Praesident-des-Verwaltungsrats-bei-Funk-Insurance-Brokers-AG_Organisator.jpg","schema":{"@context":"https:\/\/schema.org","@graph":[{"@type":"Article","@id":"https:\/\/www.organisator.ch\/de\/allgemein\/2017-06-06\/neuer-praesident-des-verwaltungsrats-bei-funk-insurance-brokers-ag\/#article","isPartOf":{"@id":"https:\/\/www.organisator.ch\/de\/allgemein\/2017-06-06\/neuer-praesident-des-verwaltungsrats-bei-funk-insurance-brokers-ag\/"},"author":{"name":"thomas.berner","@id":"https:\/\/www.organisator.ch\/#\/schema\/person\/6f650f90b2842cd4c0cc334b4e36f67e"},"headline":"Neuer Pr\u00e4sident des Verwaltungsrats bei Funk Insurance Brokers AG","datePublished":"2017-06-06T13:10:19+00:00","mainEntityOfPage":{"@id":"https:\/\/www.organisator.ch\/de\/allgemein\/2017-06-06\/neuer-praesident-des-verwaltungsrats-bei-funk-insurance-brokers-ag\/"},"wordCount":177,"commentCount":0,"publisher":{"@id":"https:\/\/www.organisator.ch\/#organization"},"image":{"@id":"https:\/\/www.organisator.ch\/de\/allgemein\/2017-06-06\/neuer-praesident-des-verwaltungsrats-bei-funk-insurance-brokers-ag\/#primaryimage"},"thumbnailUrl":"https:\/\/www.organisator.ch\/wp-content\/uploads\/2017\/06\/Neuer-Praesident-des-Verwaltungsrats-bei-Funk-Insurance-Brokers-AG_Organisator.jpg","keywords":["Personalia","Unternehmen","Vermischtes"],"articleSection":["Allgemein"],"inLanguage":"en-US"},{"@type":"WebPage","@id":"https:\/\/www.organisator.ch\/de\/allgemein\/2017-06-06\/neuer-praesident-des-verwaltungsrats-bei-funk-insurance-brokers-ag\/","url":"https:\/\/www.organisator.ch\/de\/allgemein\/2017-06-06\/neuer-praesident-des-verwaltungsrats-bei-funk-insurance-brokers-ag\/","name":"New President of the Board of Directors at Funk Insurance Brokers AG - Organizer","isPartOf":{"@id":"https:\/\/www.organisator.ch\/#website"},"primaryImageOfPage":{"@id":"https:\/\/www.organisator.ch\/de\/allgemein\/2017-06-06\/neuer-praesident-des-verwaltungsrats-bei-funk-insurance-brokers-ag\/#primaryimage"},"image":{"@id":"https:\/\/www.organisator.ch\/de\/allgemein\/2017-06-06\/neuer-praesident-des-verwaltungsrats-bei-funk-insurance-brokers-ag\/#primaryimage"},"thumbnailUrl":"https:\/\/www.organisator.ch\/wp-content\/uploads\/2017\/06\/Neuer-Praesident-des-Verwaltungsrats-bei-Funk-Insurance-Brokers-AG_Organisator.jpg","datePublished":"2017-06-06T13:10:19+00:00","description":"Change in the Board of Directors of Funk Insurance Brokers AG: Urs A. Bleisch succeeds Christoph Meier, who is stepping down after seven years.","breadcrumb":{"@id":"https:\/\/www.organisator.ch\/de\/allgemein\/2017-06-06\/neuer-praesident-des-verwaltungsrats-bei-funk-insurance-brokers-ag\/#breadcrumb"},"inLanguage":"en-US","potentialAction":[{"@type":"ReadAction","target":["https:\/\/www.organisator.ch\/de\/allgemein\/2017-06-06\/neuer-praesident-des-verwaltungsrats-bei-funk-insurance-brokers-ag\/"]}]},{"@type":"ImageObject","inLanguage":"en-US","@id":"https:\/\/www.organisator.ch\/de\/allgemein\/2017-06-06\/neuer-praesident-des-verwaltungsrats-bei-funk-insurance-brokers-ag\/#primaryimage","url":"https:\/\/www.organisator.ch\/wp-content\/uploads\/2017\/06\/Neuer-Praesident-des-Verwaltungsrats-bei-Funk-Insurance-Brokers-AG_Organisator.jpg","contentUrl":"https:\/\/www.organisator.ch\/wp-content\/uploads\/2017\/06\/Neuer-Praesident-des-Verwaltungsrats-bei-Funk-Insurance-Brokers-AG_Organisator.jpg","width":640,"height":354,"caption":"Urs A. Bleisch (rechts) l\u00f6st Christoph Meier als Verwaltungsratspr\u00e4sident der Funk Insurance Brokers AG ab. (Bild: zVg \/ red.)"},{"@type":"BreadcrumbList","@id":"https:\/\/www.organisator.ch\/de\/allgemein\/2017-06-06\/neuer-praesident-des-verwaltungsrats-bei-funk-insurance-brokers-ag\/#breadcrumb","itemListElement":[{"@type":"ListItem","position":1,"name":"Home","item":"https:\/\/www.organisator.ch\/"},{"@type":"ListItem","position":2,"name":"Neuer Pr\u00e4sident des Verwaltungsrats bei Funk Insurance Brokers AG"}]},{"@type":"WebSite","@id":"https:\/\/www.organisator.ch\/#website","url":"https:\/\/www.organisator.ch\/","name":"Organizer","description":"Competent. Practical. In 10 issues per year, ORGANISATOR presents the essential topics for managers of SMEs.","publisher":{"@id":"https:\/\/www.organisator.ch\/#organization"},"potentialAction":[{"@type":"SearchAction","target":{"@type":"EntryPoint","urlTemplate":"https:\/\/www.organisator.ch\/?s={search_term_string}"},"query-input":{"@type":"PropertyValueSpecification","valueRequired":true,"valueName":"search_term_string"}}],"inLanguage":"en-US"},{"@type":"Organization","@id":"https:\/\/www.organisator.ch\/#organization","name":"Organizer","url":"https:\/\/www.organisator.ch\/","logo":{"@type":"ImageObject","inLanguage":"en-US","@id":"https:\/\/www.organisator.ch\/#\/schema\/logo\/image\/","url":"https:\/\/www.organisator.ch\/wp-content\/uploads\/2022\/01\/Logo_Organisator_Website.png","contentUrl":"https:\/\/www.organisator.ch\/wp-content\/uploads\/2022\/01\/Logo_Organisator_Website.png","width":800,"height":77,"caption":"Organisator"},"image":{"@id":"https:\/\/www.organisator.ch\/#\/schema\/logo\/image\/"},"sameAs":["https:\/\/www.facebook.com\/OrganisatorFachmagazin","https:\/\/www.linkedin.com\/showcase\/organisator-das-magazin-fr-kmu","https:\/\/www.xing.com\/news\/pages\/organisator-ch-695","https:\/\/www.youtube.com\/channel\/UCGP2Sq0iWaZwT3BdIAQFYpw"]},{"@type":"Person","@id":"https:\/\/www.organisator.ch\/#\/schema\/person\/6f650f90b2842cd4c0cc334b4e36f67e","name":"thomas.berner","image":{"@type":"ImageObject","inLanguage":"en-US","@id":"https:\/\/secure.gravatar.com\/avatar\/ac5001d2a36cb6c6cd3e50789007ffca834b477b74a2144564522e944eabff61?s=96&d=mm&r=g","url":"https:\/\/secure.gravatar.com\/avatar\/ac5001d2a36cb6c6cd3e50789007ffca834b477b74a2144564522e944eabff61?s=96&d=mm&r=g","contentUrl":"https:\/\/secure.gravatar.com\/avatar\/ac5001d2a36cb6c6cd3e50789007ffca834b477b74a2144564522e944eabff61?s=96&d=mm&r=g","caption":"thomas.berner"},"url":"https:\/\/www.organisator.ch\/en\/author\/thomas-berner\/"}]}},"_links":{"self":[{"href":"https:\/\/www.organisator.ch\/en\/wp-json\/wp\/v2\/posts\/2001","targetHints":{"allow":["GET"]}}],"collection":[{"href":"https:\/\/www.organisator.ch\/en\/wp-json\/wp\/v2\/posts"}],"about":[{"href":"https:\/\/www.organisator.ch\/en\/wp-json\/wp\/v2\/types\/post"}],"author":[{"embeddable":true,"href":"https:\/\/www.organisator.ch\/en\/wp-json\/wp\/v2\/users\/4"}],"replies":[{"embeddable":true,"href":"https:\/\/www.organisator.ch\/en\/wp-json\/wp\/v2\/comments?post=2001"}],"version-history":[{"count":0,"href":"https:\/\/www.organisator.ch\/en\/wp-json\/wp\/v2\/posts\/2001\/revisions"}],"wp:featuredmedia":[{"embeddable":true,"href":"https:\/\/www.organisator.ch\/en\/wp-json\/wp\/v2\/media\/2002"}],"wp:attachment":[{"href":"https:\/\/www.organisator.ch\/en\/wp-json\/wp\/v2\/media?parent=2001"}],"wp:term":[{"taxonomy":"category","embeddable":true,"href":"https:\/\/www.organisator.ch\/en\/wp-json\/wp\/v2\/categories?post=2001"},{"taxonomy":"post_tag","embeddable":true,"href":"https:\/\/www.organisator.ch\/en\/wp-json\/wp\/v2\/tags?post=2001"}],"curies":[{"name":"wp","href":"https:\/\/api.w.org\/{rel}","templated":true}]}}