{"id":20029,"date":"2023-05-03T10:44:03","date_gmt":"2023-05-03T08:44:03","guid":{"rendered":"https:\/\/www.m-q.ch\/?p=17935"},"modified":"2024-11-16T13:24:41","modified_gmt":"2024-11-16T12:24:41","slug":"mehr-sicherheit-fuer-kmu-dank-cyberseal-geprueften-it-dienstleistern","status":"publish","type":"post","link":"https:\/\/www.organisator.ch\/en\/operational-excellence\/2023-05-03\/mehr-sicherheit-fuer-kmu-dank-cyberseal-geprueften-it-dienstleistern\/","title":{"rendered":"More security for SMEs thanks to CyberSeal-approved IT service providers"},"content":{"rendered":"<figure id=\"attachment_17936\" class=\"wp-caption alignnone\" style=\"width: 680px\" aria-describedby=\"caption-attachment-17936\"><img class=\"alignnone wp-image-17936 size-full\" src=\"https:\/\/www.m-q.ch\/wp-content\/uploads\/2023\/05\/Mehr-Sicherheit-fuer-KMU-dank-CyberSeal-geprueften-IT-Dienstleistern_MQ.png\" alt=\"CyberSeal\" width=\"680\" height=\"680\" \/>\r\n<figcaption id=\"caption-attachment-17936\" class=\"wp-caption-text\">The CyberSeal is a seal of approval for IT service providers that support their SME customers in matters of cyber security. (Image: Alliance Digital Security Switzerland)<\/figcaption>\r\n<\/figure>\r\n<p>The CyberSeal is a result of the implementation plan of the National Strategy for the Protection of Switzerland against Cyber Risks (NCS) 2018 to 2022. So far, more than 30 IT service providers have received the CyberSeal.<\/p>\r\n<h3>CyberSeal as a seal of quality<\/h3>\r\n<p>A cyber attack on an SME can cause considerable material damage. The company's image can also be severely damaged. The majority of SMEs rely on external<br \/>\r\nIT service providers to be able to concentrate on their core business. But how does an SME recognize which IT service provider has the right competencies? When it comes to IT security, the differences between the individual service providers are very large and the risk of choosing the wrong one is correspondingly high. The National Cyber Security Center (NCSC) recognized this problem some time ago and supported the development of the \"CyberSeal\" seal of approval by private players.<\/p>\r\n<h3>30 audited IT service providers to date<\/h3>\r\n<p>The CyberSeal certifies an IT service provider's competence in implementing measures to adequately protect its SME customers from cyber risks. The CyberSeal serves as a guide for SMEs when choosing the right IT service provider. To date, over 30 IT service providers have received the CyberSeal, and 10 more are about to complete the CyberSeal audit. However, in order to make the digital space more secure for Swiss SMEs, the ADSS association would like to see significantly more participants. After all, IT service providers have a significant influence on the cyber resilience of the Swiss economy.<\/p>\r\n<p>The list of service providers certified to date can be <a href=\"https:\/\/www.digitalsecurityswitzerland.ch\/de\/auditierte-it-dienstleister\">here<\/a> can be viewed.<\/p>\n<p class=\"syndicated-attribution\">This article originally appeared on m-q.ch - <a href=\"https:\/\/www.m-q.ch\/de\/mehr-sicherheit-fuer-kmu-dank-cyberseal-geprueften-it-dienstleistern\/\" target=\"_blank\">https:\/\/www.m-q.ch\/de\/mehr-sicherheit-fuer-kmu-dank-cyberseal-geprueften-it-dienstleistern\/<\/a><\/p>","protected":false},"excerpt":{"rendered":"<p>Just over a year ago, the Alliance for Digital Security Switzerland (ADSS) launched the CyberSeal seal of approval. The CyberSeal certifies an IT service provider's competence in implementing measures to adequately protect its SME customers against cyber risks.<\/p>","protected":false},"author":8,"featured_media":0,"comment_status":"closed","ping_status":"closed","sticky":false,"template":"","format":"standard","meta":{"_acf_changed":false,"_yoast_wpseo_focuskw":"CyberSeal","_yoast_wpseo_metadesc":"CyberSeal: G\u00fctesiegel f\u00fcr IT-Dienstleister zum Schutz von KMUs vor Cyber-Risiken. Mehr Teilnehmer erw\u00fcnscht.","articlekey":"","footnotes":""},"categories":[582],"tags":[],"class_list":["post-20029","post","type-post","status-publish","format-standard","hentry","category-operational-excellence"],"acf":[],"yoast_head":"<!-- This site is optimized with the Yoast SEO plugin v27.5 - https:\/\/yoast.com\/product\/yoast-seo-wordpress\/ -->\n<title>Mehr Sicherheit f\u00fcr KMU dank CyberSeal-gepr\u00fcften IT-Dienstleistern - Organisator<\/title>\n<meta name=\"description\" content=\"CyberSeal: G\u00fctesiegel f\u00fcr IT-Dienstleister zum Schutz von KMUs vor Cyber-Risiken. Mehr Teilnehmer erw\u00fcnscht.\" \/>\n<meta name=\"robots\" content=\"index, follow, max-snippet:-1, max-image-preview:large, max-video-preview:-1\" \/>\n<link rel=\"canonical\" href=\"https:\/\/www.organisator.ch\/en\/operational-excellence\/2023-05-03\/mehr-sicherheit-fuer-kmu-dank-cyberseal-geprueften-it-dienstleistern\/\" \/>\n<meta property=\"og:locale\" content=\"en_US\" \/>\n<meta property=\"og:type\" content=\"article\" \/>\n<meta property=\"og:title\" content=\"Mehr Sicherheit f\u00fcr KMU dank CyberSeal-gepr\u00fcften IT-Dienstleistern - Organisator\" \/>\n<meta property=\"og:description\" content=\"CyberSeal: G\u00fctesiegel f\u00fcr IT-Dienstleister zum Schutz von KMUs vor Cyber-Risiken. Mehr Teilnehmer erw\u00fcnscht.\" \/>\n<meta property=\"og:url\" content=\"https:\/\/www.organisator.ch\/en\/operational-excellence\/2023-05-03\/mehr-sicherheit-fuer-kmu-dank-cyberseal-geprueften-it-dienstleistern\/\" \/>\n<meta property=\"og:site_name\" content=\"Organisator\" \/>\n<meta property=\"article:publisher\" content=\"https:\/\/www.facebook.com\/OrganisatorFachmagazin\" \/>\n<meta property=\"article:published_time\" content=\"2023-05-03T08:44:03+00:00\" \/>\n<meta property=\"article:modified_time\" content=\"2024-11-16T12:24:41+00:00\" \/>\n<meta property=\"og:image\" content=\"https:\/\/www.organisator.ch\/wp-content\/uploads\/2022\/11\/Valentin-Vogt-tritt-als-Arbeitgeber-Praesident-zurueck-2_Organisator.jpg\" \/>\n\t<meta property=\"og:image:width\" content=\"680\" \/>\n\t<meta property=\"og:image:height\" content=\"453\" \/>\n\t<meta property=\"og:image:type\" content=\"image\/jpeg\" \/>\n<meta name=\"author\" content=\"galledia\" \/>\n<meta name=\"twitter:card\" content=\"summary_large_image\" \/>\n<meta name=\"twitter:creator\" content=\"@admin\" \/>\n<script type=\"application\/ld+json\" class=\"yoast-schema-graph\">{\"@context\":\"https:\\\/\\\/schema.org\",\"@graph\":[{\"@type\":\"Article\",\"@id\":\"https:\\\/\\\/www.organisator.ch\\\/operational-excellence\\\/2023-05-03\\\/mehr-sicherheit-fuer-kmu-dank-cyberseal-geprueften-it-dienstleistern\\\/#article\",\"isPartOf\":{\"@id\":\"https:\\\/\\\/www.organisator.ch\\\/operational-excellence\\\/2023-05-03\\\/mehr-sicherheit-fuer-kmu-dank-cyberseal-geprueften-it-dienstleistern\\\/\"},\"author\":{\"name\":\"galledia\",\"@id\":\"https:\\\/\\\/www.organisator.ch\\\/#\\\/schema\\\/person\\\/4e51799071cd2dd1232ac003643ef5f0\"},\"headline\":\"Mehr Sicherheit f\u00fcr KMU dank CyberSeal-gepr\u00fcften IT-Dienstleistern\",\"datePublished\":\"2023-05-03T08:44:03+00:00\",\"dateModified\":\"2024-11-16T12:24:41+00:00\",\"mainEntityOfPage\":{\"@id\":\"https:\\\/\\\/www.organisator.ch\\\/operational-excellence\\\/2023-05-03\\\/mehr-sicherheit-fuer-kmu-dank-cyberseal-geprueften-it-dienstleistern\\\/\"},\"wordCount\":255,\"publisher\":{\"@id\":\"https:\\\/\\\/www.organisator.ch\\\/#organization\"},\"image\":{\"@id\":\"https:\\\/\\\/www.organisator.ch\\\/operational-excellence\\\/2023-05-03\\\/mehr-sicherheit-fuer-kmu-dank-cyberseal-geprueften-it-dienstleistern\\\/#primaryimage\"},\"thumbnailUrl\":\"https:\\\/\\\/www.m-q.ch\\\/wp-content\\\/uploads\\\/2023\\\/05\\\/Mehr-Sicherheit-fuer-KMU-dank-CyberSeal-geprueften-IT-Dienstleistern_MQ.png\",\"articleSection\":[\"OPERATIONAL EXCELLENCE\"],\"inLanguage\":\"en-US\"},{\"@type\":\"WebPage\",\"@id\":\"https:\\\/\\\/www.organisator.ch\\\/operational-excellence\\\/2023-05-03\\\/mehr-sicherheit-fuer-kmu-dank-cyberseal-geprueften-it-dienstleistern\\\/\",\"url\":\"https:\\\/\\\/www.organisator.ch\\\/operational-excellence\\\/2023-05-03\\\/mehr-sicherheit-fuer-kmu-dank-cyberseal-geprueften-it-dienstleistern\\\/\",\"name\":\"Mehr Sicherheit f\u00fcr KMU dank CyberSeal-gepr\u00fcften IT-Dienstleistern - Organisator\",\"isPartOf\":{\"@id\":\"https:\\\/\\\/www.organisator.ch\\\/#website\"},\"primaryImageOfPage\":{\"@id\":\"https:\\\/\\\/www.organisator.ch\\\/operational-excellence\\\/2023-05-03\\\/mehr-sicherheit-fuer-kmu-dank-cyberseal-geprueften-it-dienstleistern\\\/#primaryimage\"},\"image\":{\"@id\":\"https:\\\/\\\/www.organisator.ch\\\/operational-excellence\\\/2023-05-03\\\/mehr-sicherheit-fuer-kmu-dank-cyberseal-geprueften-it-dienstleistern\\\/#primaryimage\"},\"thumbnailUrl\":\"https:\\\/\\\/www.m-q.ch\\\/wp-content\\\/uploads\\\/2023\\\/05\\\/Mehr-Sicherheit-fuer-KMU-dank-CyberSeal-geprueften-IT-Dienstleistern_MQ.png\",\"datePublished\":\"2023-05-03T08:44:03+00:00\",\"dateModified\":\"2024-11-16T12:24:41+00:00\",\"description\":\"CyberSeal: G\u00fctesiegel f\u00fcr IT-Dienstleister zum Schutz von KMUs vor Cyber-Risiken. Mehr Teilnehmer erw\u00fcnscht.\",\"breadcrumb\":{\"@id\":\"https:\\\/\\\/www.organisator.ch\\\/operational-excellence\\\/2023-05-03\\\/mehr-sicherheit-fuer-kmu-dank-cyberseal-geprueften-it-dienstleistern\\\/#breadcrumb\"},\"inLanguage\":\"en-US\",\"potentialAction\":[{\"@type\":\"ReadAction\",\"target\":[\"https:\\\/\\\/www.organisator.ch\\\/operational-excellence\\\/2023-05-03\\\/mehr-sicherheit-fuer-kmu-dank-cyberseal-geprueften-it-dienstleistern\\\/\"]}]},{\"@type\":\"ImageObject\",\"inLanguage\":\"en-US\",\"@id\":\"https:\\\/\\\/www.organisator.ch\\\/operational-excellence\\\/2023-05-03\\\/mehr-sicherheit-fuer-kmu-dank-cyberseal-geprueften-it-dienstleistern\\\/#primaryimage\",\"url\":\"https:\\\/\\\/www.m-q.ch\\\/wp-content\\\/uploads\\\/2023\\\/05\\\/Mehr-Sicherheit-fuer-KMU-dank-CyberSeal-geprueften-IT-Dienstleistern_MQ.png\",\"contentUrl\":\"https:\\\/\\\/www.m-q.ch\\\/wp-content\\\/uploads\\\/2023\\\/05\\\/Mehr-Sicherheit-fuer-KMU-dank-CyberSeal-geprueften-IT-Dienstleistern_MQ.png\"},{\"@type\":\"BreadcrumbList\",\"@id\":\"https:\\\/\\\/www.organisator.ch\\\/operational-excellence\\\/2023-05-03\\\/mehr-sicherheit-fuer-kmu-dank-cyberseal-geprueften-it-dienstleistern\\\/#breadcrumb\",\"itemListElement\":[{\"@type\":\"ListItem\",\"position\":1,\"name\":\"Home\",\"item\":\"https:\\\/\\\/www.organisator.ch\\\/\"},{\"@type\":\"ListItem\",\"position\":2,\"name\":\"Mehr Sicherheit f\u00fcr KMU dank CyberSeal-gepr\u00fcften IT-Dienstleistern\"}]},{\"@type\":\"WebSite\",\"@id\":\"https:\\\/\\\/www.organisator.ch\\\/#website\",\"url\":\"https:\\\/\\\/www.organisator.ch\\\/\",\"name\":\"Organisator\",\"description\":\"Kompetent. Praxisnah. Der ORGANISATOR bereitet in 10 Ausgaben pro Jahr die wesentlichen Themen f\u00fcr F\u00fchrungskr\u00e4fte von KMU auf.\",\"publisher\":{\"@id\":\"https:\\\/\\\/www.organisator.ch\\\/#organization\"},\"potentialAction\":[{\"@type\":\"SearchAction\",\"target\":{\"@type\":\"EntryPoint\",\"urlTemplate\":\"https:\\\/\\\/www.organisator.ch\\\/?s={search_term_string}\"},\"query-input\":{\"@type\":\"PropertyValueSpecification\",\"valueRequired\":true,\"valueName\":\"search_term_string\"}}],\"inLanguage\":\"en-US\"},{\"@type\":\"Organization\",\"@id\":\"https:\\\/\\\/www.organisator.ch\\\/#organization\",\"name\":\"Organisator\",\"url\":\"https:\\\/\\\/www.organisator.ch\\\/\",\"logo\":{\"@type\":\"ImageObject\",\"inLanguage\":\"en-US\",\"@id\":\"https:\\\/\\\/www.organisator.ch\\\/#\\\/schema\\\/logo\\\/image\\\/\",\"url\":\"https:\\\/\\\/www.organisator.ch\\\/wp-content\\\/uploads\\\/2022\\\/01\\\/Logo_Organisator_Website.png\",\"contentUrl\":\"https:\\\/\\\/www.organisator.ch\\\/wp-content\\\/uploads\\\/2022\\\/01\\\/Logo_Organisator_Website.png\",\"width\":800,\"height\":77,\"caption\":\"Organisator\"},\"image\":{\"@id\":\"https:\\\/\\\/www.organisator.ch\\\/#\\\/schema\\\/logo\\\/image\\\/\"},\"sameAs\":[\"https:\\\/\\\/www.facebook.com\\\/OrganisatorFachmagazin\",\"https:\\\/\\\/www.linkedin.com\\\/showcase\\\/organisator-das-magazin-fr-kmu\",\"https:\\\/\\\/www.xing.com\\\/news\\\/pages\\\/organisator-ch-695\",\"https:\\\/\\\/www.youtube.com\\\/channel\\\/UCGP2Sq0iWaZwT3BdIAQFYpw\"]},{\"@type\":\"Person\",\"@id\":\"https:\\\/\\\/www.organisator.ch\\\/#\\\/schema\\\/person\\\/4e51799071cd2dd1232ac003643ef5f0\",\"name\":\"galledia\",\"image\":{\"@type\":\"ImageObject\",\"inLanguage\":\"en-US\",\"@id\":\"https:\\\/\\\/secure.gravatar.com\\\/avatar\\\/78a7f90c01fc2bfc875782a0d4922b37cde2cf184ce347b91316d23cd7f69a36?s=96&d=mm&r=g\",\"url\":\"https:\\\/\\\/secure.gravatar.com\\\/avatar\\\/78a7f90c01fc2bfc875782a0d4922b37cde2cf184ce347b91316d23cd7f69a36?s=96&d=mm&r=g\",\"contentUrl\":\"https:\\\/\\\/secure.gravatar.com\\\/avatar\\\/78a7f90c01fc2bfc875782a0d4922b37cde2cf184ce347b91316d23cd7f69a36?s=96&d=mm&r=g\",\"caption\":\"galledia\"},\"sameAs\":[\"https:\\\/\\\/x.com\\\/admin\"],\"url\":\"https:\\\/\\\/www.organisator.ch\\\/en\\\/author\\\/galledia\\\/\"}]}<\/script>\n<!-- \/ Yoast SEO plugin. -->","yoast_head_json":{"title":"More security for SMEs thanks to CyberSeal-approved IT service providers - Organizer","description":"CyberSeal: Seal of approval for IT service providers to protect SMEs from cyber risks. More participants wanted.","robots":{"index":"index","follow":"follow","max-snippet":"max-snippet:-1","max-image-preview":"max-image-preview:large","max-video-preview":"max-video-preview:-1"},"canonical":"https:\/\/www.organisator.ch\/en\/operational-excellence\/2023-05-03\/mehr-sicherheit-fuer-kmu-dank-cyberseal-geprueften-it-dienstleistern\/","og_locale":"en_US","og_type":"article","og_title":"Mehr Sicherheit f\u00fcr KMU dank CyberSeal-gepr\u00fcften IT-Dienstleistern - Organisator","og_description":"CyberSeal: G\u00fctesiegel f\u00fcr IT-Dienstleister zum Schutz von KMUs vor Cyber-Risiken. Mehr Teilnehmer erw\u00fcnscht.","og_url":"https:\/\/www.organisator.ch\/en\/operational-excellence\/2023-05-03\/mehr-sicherheit-fuer-kmu-dank-cyberseal-geprueften-it-dienstleistern\/","og_site_name":"Organisator","article_publisher":"https:\/\/www.facebook.com\/OrganisatorFachmagazin","article_published_time":"2023-05-03T08:44:03+00:00","article_modified_time":"2024-11-16T12:24:41+00:00","og_image":[{"width":680,"height":453,"url":"https:\/\/www.organisator.ch\/wp-content\/uploads\/2022\/11\/Valentin-Vogt-tritt-als-Arbeitgeber-Praesident-zurueck-2_Organisator.jpg","type":"image\/jpeg"}],"author":"galledia","twitter_card":"summary_large_image","twitter_creator":"@admin","schema":{"@context":"https:\/\/schema.org","@graph":[{"@type":"Article","@id":"https:\/\/www.organisator.ch\/operational-excellence\/2023-05-03\/mehr-sicherheit-fuer-kmu-dank-cyberseal-geprueften-it-dienstleistern\/#article","isPartOf":{"@id":"https:\/\/www.organisator.ch\/operational-excellence\/2023-05-03\/mehr-sicherheit-fuer-kmu-dank-cyberseal-geprueften-it-dienstleistern\/"},"author":{"name":"galledia","@id":"https:\/\/www.organisator.ch\/#\/schema\/person\/4e51799071cd2dd1232ac003643ef5f0"},"headline":"Mehr Sicherheit f\u00fcr KMU dank CyberSeal-gepr\u00fcften IT-Dienstleistern","datePublished":"2023-05-03T08:44:03+00:00","dateModified":"2024-11-16T12:24:41+00:00","mainEntityOfPage":{"@id":"https:\/\/www.organisator.ch\/operational-excellence\/2023-05-03\/mehr-sicherheit-fuer-kmu-dank-cyberseal-geprueften-it-dienstleistern\/"},"wordCount":255,"publisher":{"@id":"https:\/\/www.organisator.ch\/#organization"},"image":{"@id":"https:\/\/www.organisator.ch\/operational-excellence\/2023-05-03\/mehr-sicherheit-fuer-kmu-dank-cyberseal-geprueften-it-dienstleistern\/#primaryimage"},"thumbnailUrl":"https:\/\/www.m-q.ch\/wp-content\/uploads\/2023\/05\/Mehr-Sicherheit-fuer-KMU-dank-CyberSeal-geprueften-IT-Dienstleistern_MQ.png","articleSection":["OPERATIONAL EXCELLENCE"],"inLanguage":"en-US"},{"@type":"WebPage","@id":"https:\/\/www.organisator.ch\/operational-excellence\/2023-05-03\/mehr-sicherheit-fuer-kmu-dank-cyberseal-geprueften-it-dienstleistern\/","url":"https:\/\/www.organisator.ch\/operational-excellence\/2023-05-03\/mehr-sicherheit-fuer-kmu-dank-cyberseal-geprueften-it-dienstleistern\/","name":"More security for SMEs thanks to CyberSeal-approved IT service providers - Organizer","isPartOf":{"@id":"https:\/\/www.organisator.ch\/#website"},"primaryImageOfPage":{"@id":"https:\/\/www.organisator.ch\/operational-excellence\/2023-05-03\/mehr-sicherheit-fuer-kmu-dank-cyberseal-geprueften-it-dienstleistern\/#primaryimage"},"image":{"@id":"https:\/\/www.organisator.ch\/operational-excellence\/2023-05-03\/mehr-sicherheit-fuer-kmu-dank-cyberseal-geprueften-it-dienstleistern\/#primaryimage"},"thumbnailUrl":"https:\/\/www.m-q.ch\/wp-content\/uploads\/2023\/05\/Mehr-Sicherheit-fuer-KMU-dank-CyberSeal-geprueften-IT-Dienstleistern_MQ.png","datePublished":"2023-05-03T08:44:03+00:00","dateModified":"2024-11-16T12:24:41+00:00","description":"CyberSeal: Seal of approval for IT service providers to protect SMEs from cyber risks. More participants wanted.","breadcrumb":{"@id":"https:\/\/www.organisator.ch\/operational-excellence\/2023-05-03\/mehr-sicherheit-fuer-kmu-dank-cyberseal-geprueften-it-dienstleistern\/#breadcrumb"},"inLanguage":"en-US","potentialAction":[{"@type":"ReadAction","target":["https:\/\/www.organisator.ch\/operational-excellence\/2023-05-03\/mehr-sicherheit-fuer-kmu-dank-cyberseal-geprueften-it-dienstleistern\/"]}]},{"@type":"ImageObject","inLanguage":"en-US","@id":"https:\/\/www.organisator.ch\/operational-excellence\/2023-05-03\/mehr-sicherheit-fuer-kmu-dank-cyberseal-geprueften-it-dienstleistern\/#primaryimage","url":"https:\/\/www.m-q.ch\/wp-content\/uploads\/2023\/05\/Mehr-Sicherheit-fuer-KMU-dank-CyberSeal-geprueften-IT-Dienstleistern_MQ.png","contentUrl":"https:\/\/www.m-q.ch\/wp-content\/uploads\/2023\/05\/Mehr-Sicherheit-fuer-KMU-dank-CyberSeal-geprueften-IT-Dienstleistern_MQ.png"},{"@type":"BreadcrumbList","@id":"https:\/\/www.organisator.ch\/operational-excellence\/2023-05-03\/mehr-sicherheit-fuer-kmu-dank-cyberseal-geprueften-it-dienstleistern\/#breadcrumb","itemListElement":[{"@type":"ListItem","position":1,"name":"Home","item":"https:\/\/www.organisator.ch\/"},{"@type":"ListItem","position":2,"name":"Mehr Sicherheit f\u00fcr KMU dank CyberSeal-gepr\u00fcften IT-Dienstleistern"}]},{"@type":"WebSite","@id":"https:\/\/www.organisator.ch\/#website","url":"https:\/\/www.organisator.ch\/","name":"Organizer","description":"Competent. Practical. In 10 issues per year, ORGANISATOR presents the essential topics for managers of SMEs.","publisher":{"@id":"https:\/\/www.organisator.ch\/#organization"},"potentialAction":[{"@type":"SearchAction","target":{"@type":"EntryPoint","urlTemplate":"https:\/\/www.organisator.ch\/?s={search_term_string}"},"query-input":{"@type":"PropertyValueSpecification","valueRequired":true,"valueName":"search_term_string"}}],"inLanguage":"en-US"},{"@type":"Organization","@id":"https:\/\/www.organisator.ch\/#organization","name":"Organizer","url":"https:\/\/www.organisator.ch\/","logo":{"@type":"ImageObject","inLanguage":"en-US","@id":"https:\/\/www.organisator.ch\/#\/schema\/logo\/image\/","url":"https:\/\/www.organisator.ch\/wp-content\/uploads\/2022\/01\/Logo_Organisator_Website.png","contentUrl":"https:\/\/www.organisator.ch\/wp-content\/uploads\/2022\/01\/Logo_Organisator_Website.png","width":800,"height":77,"caption":"Organisator"},"image":{"@id":"https:\/\/www.organisator.ch\/#\/schema\/logo\/image\/"},"sameAs":["https:\/\/www.facebook.com\/OrganisatorFachmagazin","https:\/\/www.linkedin.com\/showcase\/organisator-das-magazin-fr-kmu","https:\/\/www.xing.com\/news\/pages\/organisator-ch-695","https:\/\/www.youtube.com\/channel\/UCGP2Sq0iWaZwT3BdIAQFYpw"]},{"@type":"Person","@id":"https:\/\/www.organisator.ch\/#\/schema\/person\/4e51799071cd2dd1232ac003643ef5f0","name":"galledia","image":{"@type":"ImageObject","inLanguage":"en-US","@id":"https:\/\/secure.gravatar.com\/avatar\/78a7f90c01fc2bfc875782a0d4922b37cde2cf184ce347b91316d23cd7f69a36?s=96&d=mm&r=g","url":"https:\/\/secure.gravatar.com\/avatar\/78a7f90c01fc2bfc875782a0d4922b37cde2cf184ce347b91316d23cd7f69a36?s=96&d=mm&r=g","contentUrl":"https:\/\/secure.gravatar.com\/avatar\/78a7f90c01fc2bfc875782a0d4922b37cde2cf184ce347b91316d23cd7f69a36?s=96&d=mm&r=g","caption":"galledia"},"sameAs":["https:\/\/x.com\/admin"],"url":"https:\/\/www.organisator.ch\/en\/author\/galledia\/"}]}},"_links":{"self":[{"href":"https:\/\/www.organisator.ch\/en\/wp-json\/wp\/v2\/posts\/20029","targetHints":{"allow":["GET"]}}],"collection":[{"href":"https:\/\/www.organisator.ch\/en\/wp-json\/wp\/v2\/posts"}],"about":[{"href":"https:\/\/www.organisator.ch\/en\/wp-json\/wp\/v2\/types\/post"}],"author":[{"embeddable":true,"href":"https:\/\/www.organisator.ch\/en\/wp-json\/wp\/v2\/users\/8"}],"replies":[{"embeddable":true,"href":"https:\/\/www.organisator.ch\/en\/wp-json\/wp\/v2\/comments?post=20029"}],"version-history":[{"count":3,"href":"https:\/\/www.organisator.ch\/en\/wp-json\/wp\/v2\/posts\/20029\/revisions"}],"predecessor-version":[{"id":33181,"href":"https:\/\/www.organisator.ch\/en\/wp-json\/wp\/v2\/posts\/20029\/revisions\/33181"}],"wp:attachment":[{"href":"https:\/\/www.organisator.ch\/en\/wp-json\/wp\/v2\/media?parent=20029"}],"wp:term":[{"taxonomy":"category","embeddable":true,"href":"https:\/\/www.organisator.ch\/en\/wp-json\/wp\/v2\/categories?post=20029"},{"taxonomy":"post_tag","embeddable":true,"href":"https:\/\/www.organisator.ch\/en\/wp-json\/wp\/v2\/tags?post=20029"}],"curies":[{"name":"wp","href":"https:\/\/api.w.org\/{rel}","templated":true}]}}