{"id":20038,"date":"2023-05-04T08:59:28","date_gmt":"2023-05-04T06:59:28","guid":{"rendered":"https:\/\/www.werbewoche.ch\/?p=196999"},"modified":"2024-11-16T13:21:25","modified_gmt":"2024-11-16T12:21:25","slug":"ochsner-shoes-und-nikin-machen-gemeinsame-sache","status":"publish","type":"post","link":"https:\/\/www.organisator.ch\/en\/marketing\/2023-05-04\/ochsner-shoes-und-nikin-machen-gemeinsame-sache\/","title":{"rendered":"Ochsner Shoes and Nikin make common cause"},"content":{"rendered":"<p><img class=\"alignnone wp-image-197008 size-full\" src=\"https:\/\/www.werbewoche.ch\/wp-content\/uploads\/2023\/05\/nikin.jpg\" alt=\"Nikin Ochsner Shoes\" width=\"1024\" height=\"768\" \/>The traditional Swiss company Ochsner Shoes is launching a new cooperation with the fashion label Nikin and is including the sustainable brand in its range. Both brands bring their strengths to the first joint spring and summer collection, which will be available from May 1.<br \/>\r\n2023 will be on sale in 61 stores and in the online store. A second collection is to follow in the fall. Nikin is known for planting a tree for every product sold,<\/p>\r\n<p>In a first step, Ochsner Shoes expands the range with espadrilles, mules, flip flops and caps, which are made of sustainable and recycled materials and produced in Spain. In the fall, the collection will be complemented by a selection of different Nikin sneakers. To celebrate the campaign, an event will take place on Saturday at the Ochsner Shoes store in Aarau, with founder Nicholas H\u00e4nny in attendance.<\/p>","protected":false},"excerpt":{"rendered":"<p>The traditional company is adding espadrilles, flip flops and more from Nikin, the brand that plants a tree for every product sold. More products are to follow.<\/p>","protected":false},"author":8,"featured_media":0,"comment_status":"closed","ping_status":"closed","sticky":false,"template":"","format":"standard","meta":{"_acf_changed":false,"_yoast_wpseo_focuskw":"Nikin Ochsner Shoes","_yoast_wpseo_metadesc":"Ochsner Shoes und Nikin starten nachhaltige Kollektion: Espadrilles, Flip Flops und Caps ab 1. Mai erh\u00e4ltlich.","articlekey":"","footnotes":""},"categories":[29],"tags":[3757,3758],"class_list":["post-20038","post","type-post","status-publish","format-standard","hentry","category-marketing","tag-nikin","tag-ochsner-shoes"],"acf":[],"yoast_head":"<!-- This site is optimized with the Yoast SEO plugin v27.5 - https:\/\/yoast.com\/product\/yoast-seo-wordpress\/ -->\n<title>Ochsner Shoes und Nikin machen gemeinsame Sache - Organisator<\/title>\n<meta name=\"description\" content=\"Ochsner Shoes und Nikin starten nachhaltige Kollektion: Espadrilles, Flip Flops und Caps ab 1. Mai erh\u00e4ltlich.\" \/>\n<meta name=\"robots\" content=\"index, follow, max-snippet:-1, max-image-preview:large, max-video-preview:-1\" \/>\n<link rel=\"canonical\" href=\"https:\/\/www.organisator.ch\/en\/marketing\/2023-05-04\/ochsner-shoes-und-nikin-machen-gemeinsame-sache\/\" \/>\n<meta property=\"og:locale\" content=\"en_US\" \/>\n<meta property=\"og:type\" content=\"article\" \/>\n<meta property=\"og:title\" content=\"Ochsner Shoes und Nikin machen gemeinsame Sache - Organisator\" \/>\n<meta property=\"og:description\" content=\"Ochsner Shoes und Nikin starten nachhaltige Kollektion: Espadrilles, Flip Flops und Caps ab 1. Mai erh\u00e4ltlich.\" \/>\n<meta property=\"og:url\" content=\"https:\/\/www.organisator.ch\/en\/marketing\/2023-05-04\/ochsner-shoes-und-nikin-machen-gemeinsame-sache\/\" \/>\n<meta property=\"og:site_name\" content=\"Organisator\" \/>\n<meta property=\"article:publisher\" content=\"https:\/\/www.facebook.com\/OrganisatorFachmagazin\" \/>\n<meta property=\"article:published_time\" content=\"2023-05-04T06:59:28+00:00\" \/>\n<meta property=\"article:modified_time\" content=\"2024-11-16T12:21:25+00:00\" \/>\n<meta name=\"author\" content=\"galledia\" \/>\n<meta name=\"twitter:card\" content=\"summary_large_image\" \/>\n<meta name=\"twitter:creator\" content=\"@admin\" \/>\n<script type=\"application\/ld+json\" class=\"yoast-schema-graph\">{\"@context\":\"https:\\\/\\\/schema.org\",\"@graph\":[{\"@type\":\"Article\",\"@id\":\"https:\\\/\\\/www.organisator.ch\\\/marketing\\\/2023-05-04\\\/ochsner-shoes-und-nikin-machen-gemeinsame-sache\\\/#article\",\"isPartOf\":{\"@id\":\"https:\\\/\\\/www.organisator.ch\\\/marketing\\\/2023-05-04\\\/ochsner-shoes-und-nikin-machen-gemeinsame-sache\\\/\"},\"author\":{\"name\":\"galledia\",\"@id\":\"https:\\\/\\\/www.organisator.ch\\\/#\\\/schema\\\/person\\\/4e51799071cd2dd1232ac003643ef5f0\"},\"headline\":\"Ochsner Shoes und Nikin machen gemeinsame Sache\",\"datePublished\":\"2023-05-04T06:59:28+00:00\",\"dateModified\":\"2024-11-16T12:21:25+00:00\",\"mainEntityOfPage\":{\"@id\":\"https:\\\/\\\/www.organisator.ch\\\/marketing\\\/2023-05-04\\\/ochsner-shoes-und-nikin-machen-gemeinsame-sache\\\/\"},\"wordCount\":148,\"publisher\":{\"@id\":\"https:\\\/\\\/www.organisator.ch\\\/#organization\"},\"image\":{\"@id\":\"https:\\\/\\\/www.organisator.ch\\\/marketing\\\/2023-05-04\\\/ochsner-shoes-und-nikin-machen-gemeinsame-sache\\\/#primaryimage\"},\"thumbnailUrl\":\"https:\\\/\\\/www.werbewoche.ch\\\/wp-content\\\/uploads\\\/2023\\\/05\\\/nikin.jpg\",\"keywords\":[\"Nikin\",\"Ochsner Shoes\"],\"articleSection\":[\"MARKETING\"],\"inLanguage\":\"en-US\"},{\"@type\":\"WebPage\",\"@id\":\"https:\\\/\\\/www.organisator.ch\\\/marketing\\\/2023-05-04\\\/ochsner-shoes-und-nikin-machen-gemeinsame-sache\\\/\",\"url\":\"https:\\\/\\\/www.organisator.ch\\\/marketing\\\/2023-05-04\\\/ochsner-shoes-und-nikin-machen-gemeinsame-sache\\\/\",\"name\":\"Ochsner Shoes und Nikin machen gemeinsame Sache - Organisator\",\"isPartOf\":{\"@id\":\"https:\\\/\\\/www.organisator.ch\\\/#website\"},\"primaryImageOfPage\":{\"@id\":\"https:\\\/\\\/www.organisator.ch\\\/marketing\\\/2023-05-04\\\/ochsner-shoes-und-nikin-machen-gemeinsame-sache\\\/#primaryimage\"},\"image\":{\"@id\":\"https:\\\/\\\/www.organisator.ch\\\/marketing\\\/2023-05-04\\\/ochsner-shoes-und-nikin-machen-gemeinsame-sache\\\/#primaryimage\"},\"thumbnailUrl\":\"https:\\\/\\\/www.werbewoche.ch\\\/wp-content\\\/uploads\\\/2023\\\/05\\\/nikin.jpg\",\"datePublished\":\"2023-05-04T06:59:28+00:00\",\"dateModified\":\"2024-11-16T12:21:25+00:00\",\"description\":\"Ochsner Shoes und Nikin starten nachhaltige Kollektion: Espadrilles, Flip Flops und Caps ab 1. Mai erh\u00e4ltlich.\",\"breadcrumb\":{\"@id\":\"https:\\\/\\\/www.organisator.ch\\\/marketing\\\/2023-05-04\\\/ochsner-shoes-und-nikin-machen-gemeinsame-sache\\\/#breadcrumb\"},\"inLanguage\":\"en-US\",\"potentialAction\":[{\"@type\":\"ReadAction\",\"target\":[\"https:\\\/\\\/www.organisator.ch\\\/marketing\\\/2023-05-04\\\/ochsner-shoes-und-nikin-machen-gemeinsame-sache\\\/\"]}]},{\"@type\":\"ImageObject\",\"inLanguage\":\"en-US\",\"@id\":\"https:\\\/\\\/www.organisator.ch\\\/marketing\\\/2023-05-04\\\/ochsner-shoes-und-nikin-machen-gemeinsame-sache\\\/#primaryimage\",\"url\":\"https:\\\/\\\/www.werbewoche.ch\\\/wp-content\\\/uploads\\\/2023\\\/05\\\/nikin.jpg\",\"contentUrl\":\"https:\\\/\\\/www.werbewoche.ch\\\/wp-content\\\/uploads\\\/2023\\\/05\\\/nikin.jpg\"},{\"@type\":\"BreadcrumbList\",\"@id\":\"https:\\\/\\\/www.organisator.ch\\\/marketing\\\/2023-05-04\\\/ochsner-shoes-und-nikin-machen-gemeinsame-sache\\\/#breadcrumb\",\"itemListElement\":[{\"@type\":\"ListItem\",\"position\":1,\"name\":\"Home\",\"item\":\"https:\\\/\\\/www.organisator.ch\\\/\"},{\"@type\":\"ListItem\",\"position\":2,\"name\":\"Ochsner Shoes und Nikin machen gemeinsame Sache\"}]},{\"@type\":\"WebSite\",\"@id\":\"https:\\\/\\\/www.organisator.ch\\\/#website\",\"url\":\"https:\\\/\\\/www.organisator.ch\\\/\",\"name\":\"Organisator\",\"description\":\"Kompetent. Praxisnah. Der ORGANISATOR bereitet in 10 Ausgaben pro Jahr die wesentlichen Themen f\u00fcr F\u00fchrungskr\u00e4fte von KMU auf.\",\"publisher\":{\"@id\":\"https:\\\/\\\/www.organisator.ch\\\/#organization\"},\"potentialAction\":[{\"@type\":\"SearchAction\",\"target\":{\"@type\":\"EntryPoint\",\"urlTemplate\":\"https:\\\/\\\/www.organisator.ch\\\/?s={search_term_string}\"},\"query-input\":{\"@type\":\"PropertyValueSpecification\",\"valueRequired\":true,\"valueName\":\"search_term_string\"}}],\"inLanguage\":\"en-US\"},{\"@type\":\"Organization\",\"@id\":\"https:\\\/\\\/www.organisator.ch\\\/#organization\",\"name\":\"Organisator\",\"url\":\"https:\\\/\\\/www.organisator.ch\\\/\",\"logo\":{\"@type\":\"ImageObject\",\"inLanguage\":\"en-US\",\"@id\":\"https:\\\/\\\/www.organisator.ch\\\/#\\\/schema\\\/logo\\\/image\\\/\",\"url\":\"https:\\\/\\\/www.organisator.ch\\\/wp-content\\\/uploads\\\/2022\\\/01\\\/Logo_Organisator_Website.png\",\"contentUrl\":\"https:\\\/\\\/www.organisator.ch\\\/wp-content\\\/uploads\\\/2022\\\/01\\\/Logo_Organisator_Website.png\",\"width\":800,\"height\":77,\"caption\":\"Organisator\"},\"image\":{\"@id\":\"https:\\\/\\\/www.organisator.ch\\\/#\\\/schema\\\/logo\\\/image\\\/\"},\"sameAs\":[\"https:\\\/\\\/www.facebook.com\\\/OrganisatorFachmagazin\",\"https:\\\/\\\/www.linkedin.com\\\/showcase\\\/organisator-das-magazin-fr-kmu\",\"https:\\\/\\\/www.xing.com\\\/news\\\/pages\\\/organisator-ch-695\",\"https:\\\/\\\/www.youtube.com\\\/channel\\\/UCGP2Sq0iWaZwT3BdIAQFYpw\"]},{\"@type\":\"Person\",\"@id\":\"https:\\\/\\\/www.organisator.ch\\\/#\\\/schema\\\/person\\\/4e51799071cd2dd1232ac003643ef5f0\",\"name\":\"galledia\",\"image\":{\"@type\":\"ImageObject\",\"inLanguage\":\"en-US\",\"@id\":\"https:\\\/\\\/secure.gravatar.com\\\/avatar\\\/78a7f90c01fc2bfc875782a0d4922b37cde2cf184ce347b91316d23cd7f69a36?s=96&d=mm&r=g\",\"url\":\"https:\\\/\\\/secure.gravatar.com\\\/avatar\\\/78a7f90c01fc2bfc875782a0d4922b37cde2cf184ce347b91316d23cd7f69a36?s=96&d=mm&r=g\",\"contentUrl\":\"https:\\\/\\\/secure.gravatar.com\\\/avatar\\\/78a7f90c01fc2bfc875782a0d4922b37cde2cf184ce347b91316d23cd7f69a36?s=96&d=mm&r=g\",\"caption\":\"galledia\"},\"sameAs\":[\"https:\\\/\\\/x.com\\\/admin\"],\"url\":\"https:\\\/\\\/www.organisator.ch\\\/en\\\/author\\\/galledia\\\/\"}]}<\/script>\n<!-- \/ Yoast SEO plugin. -->","yoast_head_json":{"title":"Ochsner Shoes and Nikin make common cause - organizer","description":"Ochsner Shoes and Nikin launch sustainable collection: espadrilles, flip flops and caps available from May 1.","robots":{"index":"index","follow":"follow","max-snippet":"max-snippet:-1","max-image-preview":"max-image-preview:large","max-video-preview":"max-video-preview:-1"},"canonical":"https:\/\/www.organisator.ch\/en\/marketing\/2023-05-04\/ochsner-shoes-und-nikin-machen-gemeinsame-sache\/","og_locale":"en_US","og_type":"article","og_title":"Ochsner Shoes und Nikin machen gemeinsame Sache - Organisator","og_description":"Ochsner Shoes und Nikin starten nachhaltige Kollektion: Espadrilles, Flip Flops und Caps ab 1. Mai erh\u00e4ltlich.","og_url":"https:\/\/www.organisator.ch\/en\/marketing\/2023-05-04\/ochsner-shoes-und-nikin-machen-gemeinsame-sache\/","og_site_name":"Organisator","article_publisher":"https:\/\/www.facebook.com\/OrganisatorFachmagazin","article_published_time":"2023-05-04T06:59:28+00:00","article_modified_time":"2024-11-16T12:21:25+00:00","author":"galledia","twitter_card":"summary_large_image","twitter_creator":"@admin","schema":{"@context":"https:\/\/schema.org","@graph":[{"@type":"Article","@id":"https:\/\/www.organisator.ch\/marketing\/2023-05-04\/ochsner-shoes-und-nikin-machen-gemeinsame-sache\/#article","isPartOf":{"@id":"https:\/\/www.organisator.ch\/marketing\/2023-05-04\/ochsner-shoes-und-nikin-machen-gemeinsame-sache\/"},"author":{"name":"galledia","@id":"https:\/\/www.organisator.ch\/#\/schema\/person\/4e51799071cd2dd1232ac003643ef5f0"},"headline":"Ochsner Shoes und Nikin machen gemeinsame Sache","datePublished":"2023-05-04T06:59:28+00:00","dateModified":"2024-11-16T12:21:25+00:00","mainEntityOfPage":{"@id":"https:\/\/www.organisator.ch\/marketing\/2023-05-04\/ochsner-shoes-und-nikin-machen-gemeinsame-sache\/"},"wordCount":148,"publisher":{"@id":"https:\/\/www.organisator.ch\/#organization"},"image":{"@id":"https:\/\/www.organisator.ch\/marketing\/2023-05-04\/ochsner-shoes-und-nikin-machen-gemeinsame-sache\/#primaryimage"},"thumbnailUrl":"https:\/\/www.werbewoche.ch\/wp-content\/uploads\/2023\/05\/nikin.jpg","keywords":["Nikin","Ochsner Shoes"],"articleSection":["MARKETING"],"inLanguage":"en-US"},{"@type":"WebPage","@id":"https:\/\/www.organisator.ch\/marketing\/2023-05-04\/ochsner-shoes-und-nikin-machen-gemeinsame-sache\/","url":"https:\/\/www.organisator.ch\/marketing\/2023-05-04\/ochsner-shoes-und-nikin-machen-gemeinsame-sache\/","name":"Ochsner Shoes and Nikin make common cause - organizer","isPartOf":{"@id":"https:\/\/www.organisator.ch\/#website"},"primaryImageOfPage":{"@id":"https:\/\/www.organisator.ch\/marketing\/2023-05-04\/ochsner-shoes-und-nikin-machen-gemeinsame-sache\/#primaryimage"},"image":{"@id":"https:\/\/www.organisator.ch\/marketing\/2023-05-04\/ochsner-shoes-und-nikin-machen-gemeinsame-sache\/#primaryimage"},"thumbnailUrl":"https:\/\/www.werbewoche.ch\/wp-content\/uploads\/2023\/05\/nikin.jpg","datePublished":"2023-05-04T06:59:28+00:00","dateModified":"2024-11-16T12:21:25+00:00","description":"Ochsner Shoes and Nikin launch sustainable collection: espadrilles, flip flops and caps available from May 1.","breadcrumb":{"@id":"https:\/\/www.organisator.ch\/marketing\/2023-05-04\/ochsner-shoes-und-nikin-machen-gemeinsame-sache\/#breadcrumb"},"inLanguage":"en-US","potentialAction":[{"@type":"ReadAction","target":["https:\/\/www.organisator.ch\/marketing\/2023-05-04\/ochsner-shoes-und-nikin-machen-gemeinsame-sache\/"]}]},{"@type":"ImageObject","inLanguage":"en-US","@id":"https:\/\/www.organisator.ch\/marketing\/2023-05-04\/ochsner-shoes-und-nikin-machen-gemeinsame-sache\/#primaryimage","url":"https:\/\/www.werbewoche.ch\/wp-content\/uploads\/2023\/05\/nikin.jpg","contentUrl":"https:\/\/www.werbewoche.ch\/wp-content\/uploads\/2023\/05\/nikin.jpg"},{"@type":"BreadcrumbList","@id":"https:\/\/www.organisator.ch\/marketing\/2023-05-04\/ochsner-shoes-und-nikin-machen-gemeinsame-sache\/#breadcrumb","itemListElement":[{"@type":"ListItem","position":1,"name":"Home","item":"https:\/\/www.organisator.ch\/"},{"@type":"ListItem","position":2,"name":"Ochsner Shoes und Nikin machen gemeinsame Sache"}]},{"@type":"WebSite","@id":"https:\/\/www.organisator.ch\/#website","url":"https:\/\/www.organisator.ch\/","name":"Organizer","description":"Competent. Practical. In 10 issues per year, ORGANISATOR presents the essential topics for managers of SMEs.","publisher":{"@id":"https:\/\/www.organisator.ch\/#organization"},"potentialAction":[{"@type":"SearchAction","target":{"@type":"EntryPoint","urlTemplate":"https:\/\/www.organisator.ch\/?s={search_term_string}"},"query-input":{"@type":"PropertyValueSpecification","valueRequired":true,"valueName":"search_term_string"}}],"inLanguage":"en-US"},{"@type":"Organization","@id":"https:\/\/www.organisator.ch\/#organization","name":"Organizer","url":"https:\/\/www.organisator.ch\/","logo":{"@type":"ImageObject","inLanguage":"en-US","@id":"https:\/\/www.organisator.ch\/#\/schema\/logo\/image\/","url":"https:\/\/www.organisator.ch\/wp-content\/uploads\/2022\/01\/Logo_Organisator_Website.png","contentUrl":"https:\/\/www.organisator.ch\/wp-content\/uploads\/2022\/01\/Logo_Organisator_Website.png","width":800,"height":77,"caption":"Organisator"},"image":{"@id":"https:\/\/www.organisator.ch\/#\/schema\/logo\/image\/"},"sameAs":["https:\/\/www.facebook.com\/OrganisatorFachmagazin","https:\/\/www.linkedin.com\/showcase\/organisator-das-magazin-fr-kmu","https:\/\/www.xing.com\/news\/pages\/organisator-ch-695","https:\/\/www.youtube.com\/channel\/UCGP2Sq0iWaZwT3BdIAQFYpw"]},{"@type":"Person","@id":"https:\/\/www.organisator.ch\/#\/schema\/person\/4e51799071cd2dd1232ac003643ef5f0","name":"galledia","image":{"@type":"ImageObject","inLanguage":"en-US","@id":"https:\/\/secure.gravatar.com\/avatar\/78a7f90c01fc2bfc875782a0d4922b37cde2cf184ce347b91316d23cd7f69a36?s=96&d=mm&r=g","url":"https:\/\/secure.gravatar.com\/avatar\/78a7f90c01fc2bfc875782a0d4922b37cde2cf184ce347b91316d23cd7f69a36?s=96&d=mm&r=g","contentUrl":"https:\/\/secure.gravatar.com\/avatar\/78a7f90c01fc2bfc875782a0d4922b37cde2cf184ce347b91316d23cd7f69a36?s=96&d=mm&r=g","caption":"galledia"},"sameAs":["https:\/\/x.com\/admin"],"url":"https:\/\/www.organisator.ch\/en\/author\/galledia\/"}]}},"_links":{"self":[{"href":"https:\/\/www.organisator.ch\/en\/wp-json\/wp\/v2\/posts\/20038","targetHints":{"allow":["GET"]}}],"collection":[{"href":"https:\/\/www.organisator.ch\/en\/wp-json\/wp\/v2\/posts"}],"about":[{"href":"https:\/\/www.organisator.ch\/en\/wp-json\/wp\/v2\/types\/post"}],"author":[{"embeddable":true,"href":"https:\/\/www.organisator.ch\/en\/wp-json\/wp\/v2\/users\/8"}],"replies":[{"embeddable":true,"href":"https:\/\/www.organisator.ch\/en\/wp-json\/wp\/v2\/comments?post=20038"}],"version-history":[{"count":4,"href":"https:\/\/www.organisator.ch\/en\/wp-json\/wp\/v2\/posts\/20038\/revisions"}],"predecessor-version":[{"id":33179,"href":"https:\/\/www.organisator.ch\/en\/wp-json\/wp\/v2\/posts\/20038\/revisions\/33179"}],"wp:attachment":[{"href":"https:\/\/www.organisator.ch\/en\/wp-json\/wp\/v2\/media?parent=20038"}],"wp:term":[{"taxonomy":"category","embeddable":true,"href":"https:\/\/www.organisator.ch\/en\/wp-json\/wp\/v2\/categories?post=20038"},{"taxonomy":"post_tag","embeddable":true,"href":"https:\/\/www.organisator.ch\/en\/wp-json\/wp\/v2\/tags?post=20038"}],"curies":[{"name":"wp","href":"https:\/\/api.w.org\/{rel}","templated":true}]}}