{"id":2005,"date":"2017-06-06T15:25:22","date_gmt":"2017-06-06T13:25:22","guid":{"rendered":"https:\/\/www.organisator.ch\/?p=2005"},"modified":"2017-06-06T15:25:22","modified_gmt":"2017-06-06T13:25:22","slug":"burnout-station-fuer-allgemeinversicherte","status":"publish","type":"post","link":"https:\/\/www.organisator.ch\/en\/human-resources\/fit_im_job\/2017-06-06\/burnout-station-fuer-allgemeinversicherte\/","title":{"rendered":"Burnout ward for the generally insured"},"content":{"rendered":"<figure id=\"attachment_2006\" aria-describedby=\"caption-attachment-2006\" style=\"width: 640px\" class=\"wp-caption alignnone\"><img loading=\"lazy\" decoding=\"async\" class=\"size-full wp-image-2006\" src=\"https:\/\/www.organisator.ch\/wp-content\/uploads\/2017\/06\/Burnout-Station-fuer-Allgemeinversicherte_Organisator.jpg\" alt=\"\" width=\"640\" height=\"427\" srcset=\"https:\/\/www.organisator.ch\/wp-content\/uploads\/2017\/06\/Burnout-Station-fuer-Allgemeinversicherte_Organisator.jpg 640w, https:\/\/www.organisator.ch\/wp-content\/uploads\/2017\/06\/Burnout-Station-fuer-Allgemeinversicherte_Organisator-16x12.jpg 16w, https:\/\/www.organisator.ch\/wp-content\/uploads\/2017\/06\/Burnout-Station-fuer-Allgemeinversicherte_Organisator-262x175.jpg 262w, https:\/\/www.organisator.ch\/wp-content\/uploads\/2017\/06\/Burnout-Station-fuer-Allgemeinversicherte_Organisator-525x350.jpg 525w, https:\/\/www.organisator.ch\/wp-content\/uploads\/2017\/06\/Burnout-Station-fuer-Allgemeinversicherte_Organisator-300x200.jpg 300w\" sizes=\"auto, (max-width: 640px) 100vw, 640px\" \/><figcaption id=\"caption-attachment-2006\" class=\"wp-caption-text\">Kilchberg Sanatorium now also offers a burnout ward for patients with general insurance. (Image: PD)<\/figcaption><\/figure>\n<p align=\"LEFT\">Burnout is a phenomenon of our modern performance-oriented society. More and more people are suffering from stress-related illnesses. Exhaustion depression, anxiety, sleep disorders or psychosomatic complaints are often the result. With SymBalance, a team of experts at the Kilchberg Sanatorium has developed a special therapy concept for the treatment of stress-related illnesses. The concept has been successfully tested as part of a scientific study.<\/p>\n<p align=\"LEFT\">The inpatient treatment program includes individual medical care, intensive individual psychotherapy and stress management training in groups, physiotherapy and exercise therapy, as well as sports and creative activities. In addition to psychological and physical regeneration, the goal of treatment is improved stress management, increased self-confidence, optimal development of individual resources, and return to work.<\/p>\n<p align=\"LEFT\">The offer has been available to patients with supplementary insurance on the Belvedere private ward since 2013. Now the clinic management has responded to the increasing demand for treatment for patients with general insurance and opened a new ward with a beautiful view of the lake on June 6. The special ward has single and double rooms. Thanks to extensive remodeling measures, the premises optimally meet the patients' need for rest and regeneration.<\/p>\n<p align=\"LEFT\"><em>More information: <a href=\"http:\/\/www.sanatorium-kilchberg.ch\">www.sanatorium-kilchberg.ch<\/a><\/em><\/p>\n<p>&nbsp;<\/p>","protected":false},"excerpt":{"rendered":"<p>Burnout ist ein Ph\u00e4nomen unserer modernen Leistungsgesellschaft. Immer mehr Menschen leiden an stressbedingten Erkrankungen. H\u00e4ufig sind Ersch\u00f6pfungsdepressionen, Angstzust\u00e4nde, Schlafst\u00f6rungen oder psychosomatische Beschwerden die Folge. Mit SymBalance hat ein Expertenteam am Sanatorium Kilchberg ein spezielles Therapiekonzept zur Behandlung von stressbedingten Erkrankungen entwickelt. Das Konzept wurde im Rahmen einer wissenschaftlichen Studie erfolgreich getestet. Das station\u00e4re Behandlungsprogramm umfasst [&hellip;]<\/p>\n","protected":false},"author":4,"featured_media":2006,"comment_status":"open","ping_status":"open","sticky":false,"template":"","format":"standard","meta":{"_acf_changed":false,"_yoast_wpseo_focuskw":"Burnout","_yoast_wpseo_metadesc":"Neu steht im Sanatorium Kilchberg zur Behandlung von Burnout auch f\u00fcr allgemeinversicherte Patientinnen und Patienten eine eigene Station zur Verf\u00fcgung.","articlekey":"","footnotes":""},"categories":[25],"tags":[77,208,400,492],"class_list":["post-2005","post","type-post","status-publish","format-standard","has-post-thumbnail","hentry","category-fit_im_job","tag-betriebliches-gesundheitsmanagement","tag-fit-im-job","tag-psychische-gesundheit","tag-unternehmen"],"acf":[],"yoast_head":"<!-- This site is optimized with the Yoast SEO plugin v27.5 - https:\/\/yoast.com\/product\/yoast-seo-wordpress\/ -->\n<title>Burnout-Station f\u00fcr Allgemeinversicherte - Organisator<\/title>\n<meta name=\"description\" content=\"Neu steht im Sanatorium Kilchberg zur Behandlung von Burnout auch f\u00fcr allgemeinversicherte Patientinnen und Patienten eine eigene Station zur Verf\u00fcgung.\" \/>\n<meta name=\"robots\" content=\"index, follow, max-snippet:-1, max-image-preview:large, max-video-preview:-1\" \/>\n<link rel=\"canonical\" href=\"https:\/\/www.organisator.ch\/en\/human-resources\/fit_im_job\/2017-06-06\/burnout-station-fuer-allgemeinversicherte\/\" \/>\n<meta property=\"og:locale\" content=\"en_US\" \/>\n<meta property=\"og:type\" content=\"article\" \/>\n<meta property=\"og:title\" content=\"Burnout-Station f\u00fcr Allgemeinversicherte\" \/>\n<meta property=\"og:description\" content=\"Neu steht im #Sanatorium #Kilchberg zur Behandlung von stressbedingten Erkrankungen auch f\u00fcr #allgemeinversicherte Patientinnen und Patienten eine eigene Station zur Verf\u00fcgung.\" \/>\n<meta property=\"og:url\" content=\"https:\/\/www.organisator.ch\/en\/human-resources\/fit_im_job\/2017-06-06\/burnout-station-fuer-allgemeinversicherte\/\" \/>\n<meta property=\"og:site_name\" content=\"Organisator\" \/>\n<meta property=\"article:publisher\" content=\"https:\/\/www.facebook.com\/OrganisatorFachmagazin\" \/>\n<meta property=\"article:published_time\" content=\"2017-06-06T13:25:22+00:00\" \/>\n<meta property=\"og:image\" content=\"https:\/\/www.organisator.ch\/wp-content\/uploads\/2017\/06\/Burnout-Station-fuer-Allgemeinversicherte_Organisator.jpg\" \/>\n\t<meta property=\"og:image:width\" content=\"640\" \/>\n\t<meta property=\"og:image:height\" content=\"427\" \/>\n\t<meta property=\"og:image:type\" content=\"image\/jpeg\" \/>\n<meta name=\"author\" content=\"thomas.berner\" \/>\n<meta name=\"twitter:card\" content=\"summary_large_image\" \/>\n<meta name=\"twitter:title\" content=\"#Burnout-Station f\u00fcr #Allgemeinversicherte\" \/>\n<meta name=\"twitter:description\" content=\"Neu steht im #Sanatorium #Kilchberg zur Behandlung von #stressbedingten Erkrankungen auch f\u00fcr #allgemeinversicherte Patientinnen und #Patienten eine eigene Station zur Verf\u00fcgung.\" \/>\n<meta name=\"twitter:image\" content=\"https:\/\/www.organisator.ch\/wp-content\/uploads\/2017\/06\/Burnout-Station-f\u00fcr-Allgemeinversicherte_Organisator.jpg\" \/>\n<script type=\"application\/ld+json\" class=\"yoast-schema-graph\">{\"@context\":\"https:\\\/\\\/schema.org\",\"@graph\":[{\"@type\":\"Article\",\"@id\":\"https:\\\/\\\/www.organisator.ch\\\/human-resources\\\/fit_im_job\\\/2017-06-06\\\/burnout-station-fuer-allgemeinversicherte\\\/#article\",\"isPartOf\":{\"@id\":\"https:\\\/\\\/www.organisator.ch\\\/human-resources\\\/fit_im_job\\\/2017-06-06\\\/burnout-station-fuer-allgemeinversicherte\\\/\"},\"author\":{\"name\":\"thomas.berner\",\"@id\":\"https:\\\/\\\/www.organisator.ch\\\/#\\\/schema\\\/person\\\/6f650f90b2842cd4c0cc334b4e36f67e\"},\"headline\":\"Burnout-Station f\u00fcr Allgemeinversicherte\",\"datePublished\":\"2017-06-06T13:25:22+00:00\",\"mainEntityOfPage\":{\"@id\":\"https:\\\/\\\/www.organisator.ch\\\/human-resources\\\/fit_im_job\\\/2017-06-06\\\/burnout-station-fuer-allgemeinversicherte\\\/\"},\"wordCount\":210,\"commentCount\":0,\"publisher\":{\"@id\":\"https:\\\/\\\/www.organisator.ch\\\/#organization\"},\"image\":{\"@id\":\"https:\\\/\\\/www.organisator.ch\\\/human-resources\\\/fit_im_job\\\/2017-06-06\\\/burnout-station-fuer-allgemeinversicherte\\\/#primaryimage\"},\"thumbnailUrl\":\"https:\\\/\\\/www.organisator.ch\\\/wp-content\\\/uploads\\\/2017\\\/06\\\/Burnout-Station-fuer-Allgemeinversicherte_Organisator.jpg\",\"keywords\":[\"Betriebliches Gesundheitsmanagement\",\"Fit im Job\",\"Psychische Gesundheit\",\"Unternehmen\"],\"articleSection\":[\"FIT IM JOB\"],\"inLanguage\":\"en-US\"},{\"@type\":\"WebPage\",\"@id\":\"https:\\\/\\\/www.organisator.ch\\\/human-resources\\\/fit_im_job\\\/2017-06-06\\\/burnout-station-fuer-allgemeinversicherte\\\/\",\"url\":\"https:\\\/\\\/www.organisator.ch\\\/human-resources\\\/fit_im_job\\\/2017-06-06\\\/burnout-station-fuer-allgemeinversicherte\\\/\",\"name\":\"Burnout-Station f\u00fcr Allgemeinversicherte - Organisator\",\"isPartOf\":{\"@id\":\"https:\\\/\\\/www.organisator.ch\\\/#website\"},\"primaryImageOfPage\":{\"@id\":\"https:\\\/\\\/www.organisator.ch\\\/human-resources\\\/fit_im_job\\\/2017-06-06\\\/burnout-station-fuer-allgemeinversicherte\\\/#primaryimage\"},\"image\":{\"@id\":\"https:\\\/\\\/www.organisator.ch\\\/human-resources\\\/fit_im_job\\\/2017-06-06\\\/burnout-station-fuer-allgemeinversicherte\\\/#primaryimage\"},\"thumbnailUrl\":\"https:\\\/\\\/www.organisator.ch\\\/wp-content\\\/uploads\\\/2017\\\/06\\\/Burnout-Station-fuer-Allgemeinversicherte_Organisator.jpg\",\"datePublished\":\"2017-06-06T13:25:22+00:00\",\"description\":\"Neu steht im Sanatorium Kilchberg zur Behandlung von Burnout auch f\u00fcr allgemeinversicherte Patientinnen und Patienten eine eigene Station zur Verf\u00fcgung.\",\"breadcrumb\":{\"@id\":\"https:\\\/\\\/www.organisator.ch\\\/human-resources\\\/fit_im_job\\\/2017-06-06\\\/burnout-station-fuer-allgemeinversicherte\\\/#breadcrumb\"},\"inLanguage\":\"en-US\",\"potentialAction\":[{\"@type\":\"ReadAction\",\"target\":[\"https:\\\/\\\/www.organisator.ch\\\/human-resources\\\/fit_im_job\\\/2017-06-06\\\/burnout-station-fuer-allgemeinversicherte\\\/\"]}]},{\"@type\":\"ImageObject\",\"inLanguage\":\"en-US\",\"@id\":\"https:\\\/\\\/www.organisator.ch\\\/human-resources\\\/fit_im_job\\\/2017-06-06\\\/burnout-station-fuer-allgemeinversicherte\\\/#primaryimage\",\"url\":\"https:\\\/\\\/www.organisator.ch\\\/wp-content\\\/uploads\\\/2017\\\/06\\\/Burnout-Station-fuer-Allgemeinversicherte_Organisator.jpg\",\"contentUrl\":\"https:\\\/\\\/www.organisator.ch\\\/wp-content\\\/uploads\\\/2017\\\/06\\\/Burnout-Station-fuer-Allgemeinversicherte_Organisator.jpg\",\"width\":640,\"height\":427,\"caption\":\"Das Sanatorium Kilchberg bietet nun auch eine Burnout-Station f\u00fcr Allgemeinversicherte. (Bild: PD)\"},{\"@type\":\"BreadcrumbList\",\"@id\":\"https:\\\/\\\/www.organisator.ch\\\/human-resources\\\/fit_im_job\\\/2017-06-06\\\/burnout-station-fuer-allgemeinversicherte\\\/#breadcrumb\",\"itemListElement\":[{\"@type\":\"ListItem\",\"position\":1,\"name\":\"Home\",\"item\":\"https:\\\/\\\/www.organisator.ch\\\/\"},{\"@type\":\"ListItem\",\"position\":2,\"name\":\"Burnout-Station f\u00fcr Allgemeinversicherte\"}]},{\"@type\":\"WebSite\",\"@id\":\"https:\\\/\\\/www.organisator.ch\\\/#website\",\"url\":\"https:\\\/\\\/www.organisator.ch\\\/\",\"name\":\"Organisator\",\"description\":\"Kompetent. Praxisnah. Der ORGANISATOR bereitet in 10 Ausgaben pro Jahr die wesentlichen Themen f\u00fcr F\u00fchrungskr\u00e4fte von KMU auf.\",\"publisher\":{\"@id\":\"https:\\\/\\\/www.organisator.ch\\\/#organization\"},\"potentialAction\":[{\"@type\":\"SearchAction\",\"target\":{\"@type\":\"EntryPoint\",\"urlTemplate\":\"https:\\\/\\\/www.organisator.ch\\\/?s={search_term_string}\"},\"query-input\":{\"@type\":\"PropertyValueSpecification\",\"valueRequired\":true,\"valueName\":\"search_term_string\"}}],\"inLanguage\":\"en-US\"},{\"@type\":\"Organization\",\"@id\":\"https:\\\/\\\/www.organisator.ch\\\/#organization\",\"name\":\"Organisator\",\"url\":\"https:\\\/\\\/www.organisator.ch\\\/\",\"logo\":{\"@type\":\"ImageObject\",\"inLanguage\":\"en-US\",\"@id\":\"https:\\\/\\\/www.organisator.ch\\\/#\\\/schema\\\/logo\\\/image\\\/\",\"url\":\"https:\\\/\\\/www.organisator.ch\\\/wp-content\\\/uploads\\\/2022\\\/01\\\/Logo_Organisator_Website.png\",\"contentUrl\":\"https:\\\/\\\/www.organisator.ch\\\/wp-content\\\/uploads\\\/2022\\\/01\\\/Logo_Organisator_Website.png\",\"width\":800,\"height\":77,\"caption\":\"Organisator\"},\"image\":{\"@id\":\"https:\\\/\\\/www.organisator.ch\\\/#\\\/schema\\\/logo\\\/image\\\/\"},\"sameAs\":[\"https:\\\/\\\/www.facebook.com\\\/OrganisatorFachmagazin\",\"https:\\\/\\\/www.linkedin.com\\\/showcase\\\/organisator-das-magazin-fr-kmu\",\"https:\\\/\\\/www.xing.com\\\/news\\\/pages\\\/organisator-ch-695\",\"https:\\\/\\\/www.youtube.com\\\/channel\\\/UCGP2Sq0iWaZwT3BdIAQFYpw\"]},{\"@type\":\"Person\",\"@id\":\"https:\\\/\\\/www.organisator.ch\\\/#\\\/schema\\\/person\\\/6f650f90b2842cd4c0cc334b4e36f67e\",\"name\":\"thomas.berner\",\"image\":{\"@type\":\"ImageObject\",\"inLanguage\":\"en-US\",\"@id\":\"https:\\\/\\\/secure.gravatar.com\\\/avatar\\\/ac5001d2a36cb6c6cd3e50789007ffca834b477b74a2144564522e944eabff61?s=96&d=mm&r=g\",\"url\":\"https:\\\/\\\/secure.gravatar.com\\\/avatar\\\/ac5001d2a36cb6c6cd3e50789007ffca834b477b74a2144564522e944eabff61?s=96&d=mm&r=g\",\"contentUrl\":\"https:\\\/\\\/secure.gravatar.com\\\/avatar\\\/ac5001d2a36cb6c6cd3e50789007ffca834b477b74a2144564522e944eabff61?s=96&d=mm&r=g\",\"caption\":\"thomas.berner\"},\"url\":\"https:\\\/\\\/www.organisator.ch\\\/en\\\/author\\\/thomas-berner\\\/\"}]}<\/script>\n<!-- \/ Yoast SEO plugin. -->","yoast_head_json":{"title":"Burnout station for general insured - organizer","description":"The Kilchberg Sanatorium now also has a separate ward for the treatment of burnout for patients with general insurance.","robots":{"index":"index","follow":"follow","max-snippet":"max-snippet:-1","max-image-preview":"max-image-preview:large","max-video-preview":"max-video-preview:-1"},"canonical":"https:\/\/www.organisator.ch\/en\/human-resources\/fit_im_job\/2017-06-06\/burnout-station-fuer-allgemeinversicherte\/","og_locale":"en_US","og_type":"article","og_title":"Burnout-Station f\u00fcr Allgemeinversicherte","og_description":"Neu steht im #Sanatorium #Kilchberg zur Behandlung von stressbedingten Erkrankungen auch f\u00fcr #allgemeinversicherte Patientinnen und Patienten eine eigene Station zur Verf\u00fcgung.","og_url":"https:\/\/www.organisator.ch\/en\/human-resources\/fit_im_job\/2017-06-06\/burnout-station-fuer-allgemeinversicherte\/","og_site_name":"Organisator","article_publisher":"https:\/\/www.facebook.com\/OrganisatorFachmagazin","article_published_time":"2017-06-06T13:25:22+00:00","og_image":[{"width":640,"height":427,"url":"https:\/\/www.organisator.ch\/wp-content\/uploads\/2017\/06\/Burnout-Station-fuer-Allgemeinversicherte_Organisator.jpg","type":"image\/jpeg"}],"author":"thomas.berner","twitter_card":"summary_large_image","twitter_title":"#Burnout-Station f\u00fcr #Allgemeinversicherte","twitter_description":"Neu steht im #Sanatorium #Kilchberg zur Behandlung von #stressbedingten Erkrankungen auch f\u00fcr #allgemeinversicherte Patientinnen und #Patienten eine eigene Station zur Verf\u00fcgung.","twitter_image":"https:\/\/www.organisator.ch\/wp-content\/uploads\/2017\/06\/Burnout-Station-f\u00fcr-Allgemeinversicherte_Organisator.jpg","schema":{"@context":"https:\/\/schema.org","@graph":[{"@type":"Article","@id":"https:\/\/www.organisator.ch\/human-resources\/fit_im_job\/2017-06-06\/burnout-station-fuer-allgemeinversicherte\/#article","isPartOf":{"@id":"https:\/\/www.organisator.ch\/human-resources\/fit_im_job\/2017-06-06\/burnout-station-fuer-allgemeinversicherte\/"},"author":{"name":"thomas.berner","@id":"https:\/\/www.organisator.ch\/#\/schema\/person\/6f650f90b2842cd4c0cc334b4e36f67e"},"headline":"Burnout-Station f\u00fcr Allgemeinversicherte","datePublished":"2017-06-06T13:25:22+00:00","mainEntityOfPage":{"@id":"https:\/\/www.organisator.ch\/human-resources\/fit_im_job\/2017-06-06\/burnout-station-fuer-allgemeinversicherte\/"},"wordCount":210,"commentCount":0,"publisher":{"@id":"https:\/\/www.organisator.ch\/#organization"},"image":{"@id":"https:\/\/www.organisator.ch\/human-resources\/fit_im_job\/2017-06-06\/burnout-station-fuer-allgemeinversicherte\/#primaryimage"},"thumbnailUrl":"https:\/\/www.organisator.ch\/wp-content\/uploads\/2017\/06\/Burnout-Station-fuer-Allgemeinversicherte_Organisator.jpg","keywords":["Betriebliches Gesundheitsmanagement","Fit im Job","Psychische Gesundheit","Unternehmen"],"articleSection":["FIT IM JOB"],"inLanguage":"en-US"},{"@type":"WebPage","@id":"https:\/\/www.organisator.ch\/human-resources\/fit_im_job\/2017-06-06\/burnout-station-fuer-allgemeinversicherte\/","url":"https:\/\/www.organisator.ch\/human-resources\/fit_im_job\/2017-06-06\/burnout-station-fuer-allgemeinversicherte\/","name":"Burnout station for general insured - organizer","isPartOf":{"@id":"https:\/\/www.organisator.ch\/#website"},"primaryImageOfPage":{"@id":"https:\/\/www.organisator.ch\/human-resources\/fit_im_job\/2017-06-06\/burnout-station-fuer-allgemeinversicherte\/#primaryimage"},"image":{"@id":"https:\/\/www.organisator.ch\/human-resources\/fit_im_job\/2017-06-06\/burnout-station-fuer-allgemeinversicherte\/#primaryimage"},"thumbnailUrl":"https:\/\/www.organisator.ch\/wp-content\/uploads\/2017\/06\/Burnout-Station-fuer-Allgemeinversicherte_Organisator.jpg","datePublished":"2017-06-06T13:25:22+00:00","description":"The Kilchberg Sanatorium now also has a separate ward for the treatment of burnout for patients with general insurance.","breadcrumb":{"@id":"https:\/\/www.organisator.ch\/human-resources\/fit_im_job\/2017-06-06\/burnout-station-fuer-allgemeinversicherte\/#breadcrumb"},"inLanguage":"en-US","potentialAction":[{"@type":"ReadAction","target":["https:\/\/www.organisator.ch\/human-resources\/fit_im_job\/2017-06-06\/burnout-station-fuer-allgemeinversicherte\/"]}]},{"@type":"ImageObject","inLanguage":"en-US","@id":"https:\/\/www.organisator.ch\/human-resources\/fit_im_job\/2017-06-06\/burnout-station-fuer-allgemeinversicherte\/#primaryimage","url":"https:\/\/www.organisator.ch\/wp-content\/uploads\/2017\/06\/Burnout-Station-fuer-Allgemeinversicherte_Organisator.jpg","contentUrl":"https:\/\/www.organisator.ch\/wp-content\/uploads\/2017\/06\/Burnout-Station-fuer-Allgemeinversicherte_Organisator.jpg","width":640,"height":427,"caption":"Das Sanatorium Kilchberg bietet nun auch eine Burnout-Station f\u00fcr Allgemeinversicherte. (Bild: PD)"},{"@type":"BreadcrumbList","@id":"https:\/\/www.organisator.ch\/human-resources\/fit_im_job\/2017-06-06\/burnout-station-fuer-allgemeinversicherte\/#breadcrumb","itemListElement":[{"@type":"ListItem","position":1,"name":"Home","item":"https:\/\/www.organisator.ch\/"},{"@type":"ListItem","position":2,"name":"Burnout-Station f\u00fcr Allgemeinversicherte"}]},{"@type":"WebSite","@id":"https:\/\/www.organisator.ch\/#website","url":"https:\/\/www.organisator.ch\/","name":"Organizer","description":"Competent. Practical. In 10 issues per year, ORGANISATOR presents the essential topics for managers of SMEs.","publisher":{"@id":"https:\/\/www.organisator.ch\/#organization"},"potentialAction":[{"@type":"SearchAction","target":{"@type":"EntryPoint","urlTemplate":"https:\/\/www.organisator.ch\/?s={search_term_string}"},"query-input":{"@type":"PropertyValueSpecification","valueRequired":true,"valueName":"search_term_string"}}],"inLanguage":"en-US"},{"@type":"Organization","@id":"https:\/\/www.organisator.ch\/#organization","name":"Organizer","url":"https:\/\/www.organisator.ch\/","logo":{"@type":"ImageObject","inLanguage":"en-US","@id":"https:\/\/www.organisator.ch\/#\/schema\/logo\/image\/","url":"https:\/\/www.organisator.ch\/wp-content\/uploads\/2022\/01\/Logo_Organisator_Website.png","contentUrl":"https:\/\/www.organisator.ch\/wp-content\/uploads\/2022\/01\/Logo_Organisator_Website.png","width":800,"height":77,"caption":"Organisator"},"image":{"@id":"https:\/\/www.organisator.ch\/#\/schema\/logo\/image\/"},"sameAs":["https:\/\/www.facebook.com\/OrganisatorFachmagazin","https:\/\/www.linkedin.com\/showcase\/organisator-das-magazin-fr-kmu","https:\/\/www.xing.com\/news\/pages\/organisator-ch-695","https:\/\/www.youtube.com\/channel\/UCGP2Sq0iWaZwT3BdIAQFYpw"]},{"@type":"Person","@id":"https:\/\/www.organisator.ch\/#\/schema\/person\/6f650f90b2842cd4c0cc334b4e36f67e","name":"thomas.berner","image":{"@type":"ImageObject","inLanguage":"en-US","@id":"https:\/\/secure.gravatar.com\/avatar\/ac5001d2a36cb6c6cd3e50789007ffca834b477b74a2144564522e944eabff61?s=96&d=mm&r=g","url":"https:\/\/secure.gravatar.com\/avatar\/ac5001d2a36cb6c6cd3e50789007ffca834b477b74a2144564522e944eabff61?s=96&d=mm&r=g","contentUrl":"https:\/\/secure.gravatar.com\/avatar\/ac5001d2a36cb6c6cd3e50789007ffca834b477b74a2144564522e944eabff61?s=96&d=mm&r=g","caption":"thomas.berner"},"url":"https:\/\/www.organisator.ch\/en\/author\/thomas-berner\/"}]}},"_links":{"self":[{"href":"https:\/\/www.organisator.ch\/en\/wp-json\/wp\/v2\/posts\/2005","targetHints":{"allow":["GET"]}}],"collection":[{"href":"https:\/\/www.organisator.ch\/en\/wp-json\/wp\/v2\/posts"}],"about":[{"href":"https:\/\/www.organisator.ch\/en\/wp-json\/wp\/v2\/types\/post"}],"author":[{"embeddable":true,"href":"https:\/\/www.organisator.ch\/en\/wp-json\/wp\/v2\/users\/4"}],"replies":[{"embeddable":true,"href":"https:\/\/www.organisator.ch\/en\/wp-json\/wp\/v2\/comments?post=2005"}],"version-history":[{"count":0,"href":"https:\/\/www.organisator.ch\/en\/wp-json\/wp\/v2\/posts\/2005\/revisions"}],"wp:featuredmedia":[{"embeddable":true,"href":"https:\/\/www.organisator.ch\/en\/wp-json\/wp\/v2\/media\/2006"}],"wp:attachment":[{"href":"https:\/\/www.organisator.ch\/en\/wp-json\/wp\/v2\/media?parent=2005"}],"wp:term":[{"taxonomy":"category","embeddable":true,"href":"https:\/\/www.organisator.ch\/en\/wp-json\/wp\/v2\/categories?post=2005"},{"taxonomy":"post_tag","embeddable":true,"href":"https:\/\/www.organisator.ch\/en\/wp-json\/wp\/v2\/tags?post=2005"}],"curies":[{"name":"wp","href":"https:\/\/api.w.org\/{rel}","templated":true}]}}